{"id":192943,"date":"2025-08-27T15:23:37","date_gmt":"2025-08-27T18:23:37","guid":{"rendered":"https:\/\/folhapopular.info\/?p=192943"},"modified":"2025-08-27T15:23:42","modified_gmt":"2025-08-27T18:23:42","slug":"pedro-capeluppi-destaca-investimentos-do-plano-rio-grande-na-regiao","status":"publish","type":"post","link":"https:\/\/folhapopular.info\/index.php\/2025\/08\/27\/pedro-capeluppi-destaca-investimentos-do-plano-rio-grande-na-regiao\/","title":{"rendered":"Pedro Capeluppi destaca investimentos do Plano Rio Grande na regi\u00e3o"},"content":{"rendered":"\n<p>O secret\u00e1rio da Reconstru\u00e7\u00e3o Ga\u00facha, Pedro Capeluppi, apresentou hoje, em Lajeado, os principais eixos do Plano Rio Grande, estrat\u00e9gia do governo estadual para a recupera\u00e7\u00e3o ap\u00f3s a maior trag\u00e9dia clim\u00e1tica da hist\u00f3ria do Rio Grande do Sul. O encontro ocorreu durante a reuni\u00e3o-almo\u00e7o (RA) da <a href=\"http:\/\/acilajeado.org.br\">Associa\u00e7\u00e3o Comercial e Industrial de Lajeado (Acil)<\/a>, realizada em parceria com a C\u00e2mara de Ind\u00fastria, Com\u00e9rcio e Servi\u00e7os do Vale do Taquari (CIC-VT), com a presen\u00e7a de empres\u00e1rios, lideran\u00e7as regionais e autoridades.<\/p>\n\n\n\n<p>Conforme o secret\u00e1rio, o plano nasceu ainda durante a fase emergencial, quando for\u00e7as de seguran\u00e7a e Defesa Civil ainda atuavam no resgate das comunidades atingidas. Segundo ele, a inten\u00e7\u00e3o foi criar uma proposta que apenas refizesse os locais danificados, mas capaz de criar condi\u00e7\u00f5es para que um desastre semelhante n\u00e3o traga os mesmos impactos.<\/p>\n\n\n\n<p>Hoje, o Plano Rio Grande re\u00fane mais de 150 projetos divididos nos eixos recupera\u00e7\u00e3o, diagn\u00f3stico, prepara\u00e7\u00e3o e resili\u00eancia. Entre as a\u00e7\u00f5es j\u00e1 em andamento, o secret\u00e1rio destacou a aquisi\u00e7\u00e3o de quatro radares meteorol\u00f3gicos, um j\u00e1 em opera\u00e7\u00e3o, a instala\u00e7\u00e3o de 130 novas esta\u00e7\u00f5es hidrometeorol\u00f3gicas e mapeamento 3D de todo o territ\u00f3rio ga\u00facho.&nbsp;<\/p>\n\n\n\n<p>Tamb\u00e9m destacou a cria\u00e7\u00e3o de um Centro de Gest\u00e3o de Riscos e Desastres, com unidades regionais, sendo uma em Lajeado, e investimento de R$ 1 bilh\u00e3o em equipamentos para for\u00e7as de seguran\u00e7a, incluindo helic\u00f3pteros com capacidade de voo noturno. Ressaltou ainda a constru\u00e7\u00e3o de gin\u00e1sios multiuso que possam funcionar como abrigos emergenciais.<\/p>\n\n\n\n<p>Segundo o secret\u00e1rio, o foco principal est\u00e1 na preven\u00e7\u00e3o. \u201cPara cada real investido em preven\u00e7\u00e3o, economiza-se muito mais na hora da reconstru\u00e7\u00e3o. \u00c9 com essa l\u00f3gica que estruturamos o Plano Rio Grande\u201d, disse. Al\u00e9m das medidas de prepara\u00e7\u00e3o, Capeluppi afirmou estar em execu\u00e7\u00e3o um conjunto robusto de obras<\/p>\n\n\n\n<p>\u201cO Daer j\u00e1 contratou R$ 3 bilh\u00f5es para recuperar 700 km de rodovias estaduais, utilizando t\u00e9cnicas modernas de drenagem e conten\u00e7\u00e3o\u201d, garantiu. No Vale do Taquari, est\u00e3o previstas obras em rotas alternativas, como a ERS-129 entre Colinas e Roca Sales, consideradas estrat\u00e9gicas para garantir mobilidade em futuras emerg\u00eancias.<\/p>\n\n\n\n<p>Capeluppi tamb\u00e9m destacou o apoio \u00e0s prefeituras na revis\u00e3o dos planos diretores,\u00a0 programas de desassoreamento de rios, o fornecimento de horas-m\u00e1quina aos munic\u00edpios e investimentos habitacionais para fam\u00edlias desabrigadas. Ap\u00f3s a palestra, ele tamb\u00e9m respondeu perguntas sobre o<a href=\"https:\/\/folhapopular.info\/index.php\/2025\/01\/27\/microrregiao-discute-o-plano-de-concessoes-com-capeluppi\/\"> Bloco 2 de concess\u00e3o de rodovias, que afeta diretamente o Vale do Taquari.<\/a> A not\u00edcia completa voc\u00ea confere na Folha Popular desse s\u00e1bado (30\/08).\u00a0<\/p>\n","protected":false},"excerpt":{"rendered":"<p>O secret\u00e1rio da Reconstru\u00e7\u00e3o Ga\u00facha, Pedro Capeluppi, apresentou hoje, em Lajeado, os principais eixos do Plano Rio Grande, estrat\u00e9gia do governo estadual para a recupera\u00e7\u00e3o ap\u00f3s a maior trag\u00e9dia clim\u00e1tica da hist\u00f3ria do Rio Grande do Sul. O encontro ocorreu durante a reuni\u00e3o-almo\u00e7o (RA) da Associa\u00e7\u00e3o Comercial e Industrial de Lajeado (Acil), realizada em parceria [&hellip;]<\/p>\n","protected":false},"author":771,"featured_media":192944,"comment_status":"open","ping_status":"open","sticky":false,"template":"","format":"standard","meta":{"pmpro_default_level":"","_jetpack_memberships_contains_paid_content":false,"footnotes":""},"categories":[2,3],"tags":[214,18229,10092,19289,1253,2811],"class_list":{"0":"post-192943","1":"post","2":"type-post","3":"status-publish","4":"format-standard","5":"has-post-thumbnail","7":"category-featured","8":"category-geral","9":"tag-acil","10":"tag-capeluppi","11":"tag-cic-vt-2","12":"tag-reconstrucao-gaucha","13":"tag-reuniao-almoco","14":"tag-rodovias","15":"pmpro-has-access"},"yoast_head":"<!-- This site is optimized with the Yoast SEO plugin v27.4 - https:\/\/yoast.com\/product\/yoast-seo-wordpress\/ -->\n<title>Pedro Capeluppi destaca investimentos do Plano Rio Grande<\/title>\n<meta name=\"description\" content=\"Pedro Capeluppi destaca investimentos do Plano Rio Grande no Vale do Taquari durante reuni\u00e3o almo\u00e7o promovida pela Acil e CIC-VT.\" \/>\n<meta name=\"robots\" content=\"index, follow, max-snippet:-1, max-image-preview:large, max-video-preview:-1\" \/>\n<link rel=\"canonical\" href=\"https:\/\/folhapopular.info\/index.php\/2025\/08\/27\/pedro-capeluppi-destaca-investimentos-do-plano-rio-grande-na-regiao\/\" \/>\n<meta property=\"og:locale\" content=\"pt_BR\" \/>\n<meta property=\"og:type\" content=\"article\" \/>\n<meta property=\"og:title\" content=\"Pedro Capeluppi destaca investimentos do Plano Rio Grande\" \/>\n<meta property=\"og:description\" content=\"Pedro Capeluppi destaca investimentos do Plano Rio Grande no Vale do Taquari durante reuni\u00e3o almo\u00e7o promovida pela Acil e CIC-VT.\" \/>\n<meta property=\"og:url\" content=\"https:\/\/folhapopular.info\/index.php\/2025\/08\/27\/pedro-capeluppi-destaca-investimentos-do-plano-rio-grande-na-regiao\/\" \/>\n<meta property=\"og:site_name\" content=\"Folha Popular\" \/>\n<meta property=\"article:published_time\" content=\"2025-08-27T18:23:37+00:00\" \/>\n<meta property=\"article:modified_time\" content=\"2025-08-27T18:23:42+00:00\" \/>\n<meta property=\"og:image\" content=\"http:\/\/folhapopular.info\/wp-content\/uploads\/2025\/08\/WhatsApp-Image-2025-08-27-at-15.18.05.jpeg\" \/>\n\t<meta property=\"og:image:width\" content=\"1280\" \/>\n\t<meta property=\"og:image:height\" content=\"960\" \/>\n\t<meta property=\"og:image:type\" content=\"image\/jpeg\" \/>\n<meta name=\"author\" content=\"Thiago Maurique\" \/>\n<meta name=\"twitter:card\" content=\"summary_large_image\" \/>\n<meta name=\"twitter:label1\" content=\"Escrito por\" \/>\n\t<meta name=\"twitter:data1\" content=\"Thiago Maurique\" \/>\n\t<meta name=\"twitter:label2\" content=\"Est. tempo de leitura\" \/>\n\t<meta name=\"twitter:data2\" content=\"3 minutos\" \/>\n<script type=\"application\/ld+json\" class=\"yoast-schema-graph\">{\"@context\":\"https:\\\/\\\/schema.org\",\"@graph\":[{\"@type\":\"Article\",\"@id\":\"https:\\\/\\\/folhapopular.info\\\/index.php\\\/2025\\\/08\\\/27\\\/pedro-capeluppi-destaca-investimentos-do-plano-rio-grande-na-regiao\\\/#article\",\"isPartOf\":{\"@id\":\"https:\\\/\\\/folhapopular.info\\\/index.php\\\/2025\\\/08\\\/27\\\/pedro-capeluppi-destaca-investimentos-do-plano-rio-grande-na-regiao\\\/\"},\"author\":{\"name\":\"Thiago Maurique\",\"@id\":\"https:\\\/\\\/folhapopular.info\\\/#\\\/schema\\\/person\\\/da0b2794f793376cb5dd908e88ca6911\"},\"headline\":\"Pedro Capeluppi destaca investimentos do Plano Rio Grande na regi\u00e3o\",\"datePublished\":\"2025-08-27T18:23:37+00:00\",\"dateModified\":\"2025-08-27T18:23:42+00:00\",\"mainEntityOfPage\":{\"@id\":\"https:\\\/\\\/folhapopular.info\\\/index.php\\\/2025\\\/08\\\/27\\\/pedro-capeluppi-destaca-investimentos-do-plano-rio-grande-na-regiao\\\/\"},\"wordCount\":470,\"commentCount\":0,\"image\":{\"@id\":\"https:\\\/\\\/folhapopular.info\\\/index.php\\\/2025\\\/08\\\/27\\\/pedro-capeluppi-destaca-investimentos-do-plano-rio-grande-na-regiao\\\/#primaryimage\"},\"thumbnailUrl\":\"https:\\\/\\\/folhapopular.info\\\/wp-content\\\/uploads\\\/2025\\\/08\\\/WhatsApp-Image-2025-08-27-at-15.18.05.jpeg\",\"keywords\":[\"Acil\",\"Capeluppi\",\"cic-vt\",\"Reconstru\u00e7\u00e3o Ga\u00facha\",\"Reuni\u00e3o Almo\u00e7o\",\"rodovias\"],\"articleSection\":[\"Destaques\",\"Geral\"],\"inLanguage\":\"pt-BR\",\"potentialAction\":[{\"@type\":\"CommentAction\",\"name\":\"Comment\",\"target\":[\"https:\\\/\\\/folhapopular.info\\\/index.php\\\/2025\\\/08\\\/27\\\/pedro-capeluppi-destaca-investimentos-do-plano-rio-grande-na-regiao\\\/#respond\"]}]},{\"@type\":\"WebPage\",\"@id\":\"https:\\\/\\\/folhapopular.info\\\/index.php\\\/2025\\\/08\\\/27\\\/pedro-capeluppi-destaca-investimentos-do-plano-rio-grande-na-regiao\\\/\",\"url\":\"https:\\\/\\\/folhapopular.info\\\/index.php\\\/2025\\\/08\\\/27\\\/pedro-capeluppi-destaca-investimentos-do-plano-rio-grande-na-regiao\\\/\",\"name\":\"Pedro Capeluppi destaca investimentos do Plano Rio Grande\",\"isPartOf\":{\"@id\":\"https:\\\/\\\/folhapopular.info\\\/#website\"},\"primaryImageOfPage\":{\"@id\":\"https:\\\/\\\/folhapopular.info\\\/index.php\\\/2025\\\/08\\\/27\\\/pedro-capeluppi-destaca-investimentos-do-plano-rio-grande-na-regiao\\\/#primaryimage\"},\"image\":{\"@id\":\"https:\\\/\\\/folhapopular.info\\\/index.php\\\/2025\\\/08\\\/27\\\/pedro-capeluppi-destaca-investimentos-do-plano-rio-grande-na-regiao\\\/#primaryimage\"},\"thumbnailUrl\":\"https:\\\/\\\/folhapopular.info\\\/wp-content\\\/uploads\\\/2025\\\/08\\\/WhatsApp-Image-2025-08-27-at-15.18.05.jpeg\",\"datePublished\":\"2025-08-27T18:23:37+00:00\",\"dateModified\":\"2025-08-27T18:23:42+00:00\",\"author\":{\"@id\":\"https:\\\/\\\/folhapopular.info\\\/#\\\/schema\\\/person\\\/da0b2794f793376cb5dd908e88ca6911\"},\"description\":\"Pedro Capeluppi destaca investimentos do Plano Rio Grande no Vale do Taquari durante reuni\u00e3o almo\u00e7o promovida pela Acil e CIC-VT.\",\"breadcrumb\":{\"@id\":\"https:\\\/\\\/folhapopular.info\\\/index.php\\\/2025\\\/08\\\/27\\\/pedro-capeluppi-destaca-investimentos-do-plano-rio-grande-na-regiao\\\/#breadcrumb\"},\"inLanguage\":\"pt-BR\",\"potentialAction\":[{\"@type\":\"ReadAction\",\"target\":[\"https:\\\/\\\/folhapopular.info\\\/index.php\\\/2025\\\/08\\\/27\\\/pedro-capeluppi-destaca-investimentos-do-plano-rio-grande-na-regiao\\\/\"]}]},{\"@type\":\"ImageObject\",\"inLanguage\":\"pt-BR\",\"@id\":\"https:\\\/\\\/folhapopular.info\\\/index.php\\\/2025\\\/08\\\/27\\\/pedro-capeluppi-destaca-investimentos-do-plano-rio-grande-na-regiao\\\/#primaryimage\",\"url\":\"https:\\\/\\\/folhapopular.info\\\/wp-content\\\/uploads\\\/2025\\\/08\\\/WhatsApp-Image-2025-08-27-at-15.18.05.jpeg\",\"contentUrl\":\"https:\\\/\\\/folhapopular.info\\\/wp-content\\\/uploads\\\/2025\\\/08\\\/WhatsApp-Image-2025-08-27-at-15.18.05.jpeg\",\"width\":1280,\"height\":960,\"caption\":\"Pedro Capeluppi destaca investimentos do Plano Rio Grande na regi\u00e3o\"},{\"@type\":\"BreadcrumbList\",\"@id\":\"https:\\\/\\\/folhapopular.info\\\/index.php\\\/2025\\\/08\\\/27\\\/pedro-capeluppi-destaca-investimentos-do-plano-rio-grande-na-regiao\\\/#breadcrumb\",\"itemListElement\":[{\"@type\":\"ListItem\",\"position\":1,\"name\":\"In\u00edcio\",\"item\":\"https:\\\/\\\/folhapopular.info\\\/\"},{\"@type\":\"ListItem\",\"position\":2,\"name\":\"Pedro Capeluppi destaca investimentos do Plano Rio Grande na regi\u00e3o\"}]},{\"@type\":\"WebSite\",\"@id\":\"https:\\\/\\\/folhapopular.info\\\/#website\",\"url\":\"https:\\\/\\\/folhapopular.info\\\/\",\"name\":\"Folha Popular\",\"description\":\"Onde voc\u00ea tem vez e voz\",\"potentialAction\":[{\"@type\":\"SearchAction\",\"target\":{\"@type\":\"EntryPoint\",\"urlTemplate\":\"https:\\\/\\\/folhapopular.info\\\/?s={search_term_string}\"},\"query-input\":{\"@type\":\"PropertyValueSpecification\",\"valueRequired\":true,\"valueName\":\"search_term_string\"}}],\"inLanguage\":\"pt-BR\"},{\"@type\":\"Person\",\"@id\":\"https:\\\/\\\/folhapopular.info\\\/#\\\/schema\\\/person\\\/da0b2794f793376cb5dd908e88ca6911\",\"name\":\"Thiago Maurique\",\"image\":{\"@type\":\"ImageObject\",\"inLanguage\":\"pt-BR\",\"@id\":\"https:\\\/\\\/folhapopular.info\\\/wp-content\\\/uploads\\\/2026\\\/04\\\/THIAGO-MAURIQUE-1-1.webp\",\"url\":\"https:\\\/\\\/folhapopular.info\\\/wp-content\\\/uploads\\\/2026\\\/04\\\/THIAGO-MAURIQUE-1-1.webp\",\"contentUrl\":\"https:\\\/\\\/folhapopular.info\\\/wp-content\\\/uploads\\\/2026\\\/04\\\/THIAGO-MAURIQUE-1-1.webp\",\"caption\":\"Thiago Maurique\"},\"url\":\"https:\\\/\\\/folhapopular.info\\\/index.php\\\/author\\\/thiago-maurique\\\/\"}]}<\/script>\n<!-- \/ Yoast SEO plugin. -->","yoast_head_json":{"title":"Pedro Capeluppi destaca investimentos do Plano Rio Grande","description":"Pedro Capeluppi destaca investimentos do Plano Rio Grande no Vale do Taquari durante reuni\u00e3o almo\u00e7o promovida pela Acil e CIC-VT.","robots":{"index":"index","follow":"follow","max-snippet":"max-snippet:-1","max-image-preview":"max-image-preview:large","max-video-preview":"max-video-preview:-1"},"canonical":"https:\/\/folhapopular.info\/index.php\/2025\/08\/27\/pedro-capeluppi-destaca-investimentos-do-plano-rio-grande-na-regiao\/","og_locale":"pt_BR","og_type":"article","og_title":"Pedro Capeluppi destaca investimentos do Plano Rio Grande","og_description":"Pedro Capeluppi destaca investimentos do Plano Rio Grande no Vale do Taquari durante reuni\u00e3o almo\u00e7o promovida pela Acil e CIC-VT.","og_url":"https:\/\/folhapopular.info\/index.php\/2025\/08\/27\/pedro-capeluppi-destaca-investimentos-do-plano-rio-grande-na-regiao\/","og_site_name":"Folha Popular","article_published_time":"2025-08-27T18:23:37+00:00","article_modified_time":"2025-08-27T18:23:42+00:00","og_image":[{"width":1280,"height":960,"url":"http:\/\/folhapopular.info\/wp-content\/uploads\/2025\/08\/WhatsApp-Image-2025-08-27-at-15.18.05.jpeg","type":"image\/jpeg"}],"author":"Thiago Maurique","twitter_card":"summary_large_image","twitter_misc":{"Escrito por":"Thiago Maurique","Est. tempo de leitura":"3 minutos"},"schema":{"@context":"https:\/\/schema.org","@graph":[{"@type":"Article","@id":"https:\/\/folhapopular.info\/index.php\/2025\/08\/27\/pedro-capeluppi-destaca-investimentos-do-plano-rio-grande-na-regiao\/#article","isPartOf":{"@id":"https:\/\/folhapopular.info\/index.php\/2025\/08\/27\/pedro-capeluppi-destaca-investimentos-do-plano-rio-grande-na-regiao\/"},"author":{"name":"Thiago Maurique","@id":"https:\/\/folhapopular.info\/#\/schema\/person\/da0b2794f793376cb5dd908e88ca6911"},"headline":"Pedro Capeluppi destaca investimentos do Plano Rio Grande na regi\u00e3o","datePublished":"2025-08-27T18:23:37+00:00","dateModified":"2025-08-27T18:23:42+00:00","mainEntityOfPage":{"@id":"https:\/\/folhapopular.info\/index.php\/2025\/08\/27\/pedro-capeluppi-destaca-investimentos-do-plano-rio-grande-na-regiao\/"},"wordCount":470,"commentCount":0,"image":{"@id":"https:\/\/folhapopular.info\/index.php\/2025\/08\/27\/pedro-capeluppi-destaca-investimentos-do-plano-rio-grande-na-regiao\/#primaryimage"},"thumbnailUrl":"https:\/\/folhapopular.info\/wp-content\/uploads\/2025\/08\/WhatsApp-Image-2025-08-27-at-15.18.05.jpeg","keywords":["Acil","Capeluppi","cic-vt","Reconstru\u00e7\u00e3o Ga\u00facha","Reuni\u00e3o Almo\u00e7o","rodovias"],"articleSection":["Destaques","Geral"],"inLanguage":"pt-BR","potentialAction":[{"@type":"CommentAction","name":"Comment","target":["https:\/\/folhapopular.info\/index.php\/2025\/08\/27\/pedro-capeluppi-destaca-investimentos-do-plano-rio-grande-na-regiao\/#respond"]}]},{"@type":"WebPage","@id":"https:\/\/folhapopular.info\/index.php\/2025\/08\/27\/pedro-capeluppi-destaca-investimentos-do-plano-rio-grande-na-regiao\/","url":"https:\/\/folhapopular.info\/index.php\/2025\/08\/27\/pedro-capeluppi-destaca-investimentos-do-plano-rio-grande-na-regiao\/","name":"Pedro Capeluppi destaca investimentos do Plano Rio Grande","isPartOf":{"@id":"https:\/\/folhapopular.info\/#website"},"primaryImageOfPage":{"@id":"https:\/\/folhapopular.info\/index.php\/2025\/08\/27\/pedro-capeluppi-destaca-investimentos-do-plano-rio-grande-na-regiao\/#primaryimage"},"image":{"@id":"https:\/\/folhapopular.info\/index.php\/2025\/08\/27\/pedro-capeluppi-destaca-investimentos-do-plano-rio-grande-na-regiao\/#primaryimage"},"thumbnailUrl":"https:\/\/folhapopular.info\/wp-content\/uploads\/2025\/08\/WhatsApp-Image-2025-08-27-at-15.18.05.jpeg","datePublished":"2025-08-27T18:23:37+00:00","dateModified":"2025-08-27T18:23:42+00:00","author":{"@id":"https:\/\/folhapopular.info\/#\/schema\/person\/da0b2794f793376cb5dd908e88ca6911"},"description":"Pedro Capeluppi destaca investimentos do Plano Rio Grande no Vale do Taquari durante reuni\u00e3o almo\u00e7o promovida pela Acil e CIC-VT.","breadcrumb":{"@id":"https:\/\/folhapopular.info\/index.php\/2025\/08\/27\/pedro-capeluppi-destaca-investimentos-do-plano-rio-grande-na-regiao\/#breadcrumb"},"inLanguage":"pt-BR","potentialAction":[{"@type":"ReadAction","target":["https:\/\/folhapopular.info\/index.php\/2025\/08\/27\/pedro-capeluppi-destaca-investimentos-do-plano-rio-grande-na-regiao\/"]}]},{"@type":"ImageObject","inLanguage":"pt-BR","@id":"https:\/\/folhapopular.info\/index.php\/2025\/08\/27\/pedro-capeluppi-destaca-investimentos-do-plano-rio-grande-na-regiao\/#primaryimage","url":"https:\/\/folhapopular.info\/wp-content\/uploads\/2025\/08\/WhatsApp-Image-2025-08-27-at-15.18.05.jpeg","contentUrl":"https:\/\/folhapopular.info\/wp-content\/uploads\/2025\/08\/WhatsApp-Image-2025-08-27-at-15.18.05.jpeg","width":1280,"height":960,"caption":"Pedro Capeluppi destaca investimentos do Plano Rio Grande na regi\u00e3o"},{"@type":"BreadcrumbList","@id":"https:\/\/folhapopular.info\/index.php\/2025\/08\/27\/pedro-capeluppi-destaca-investimentos-do-plano-rio-grande-na-regiao\/#breadcrumb","itemListElement":[{"@type":"ListItem","position":1,"name":"In\u00edcio","item":"https:\/\/folhapopular.info\/"},{"@type":"ListItem","position":2,"name":"Pedro Capeluppi destaca investimentos do Plano Rio Grande na regi\u00e3o"}]},{"@type":"WebSite","@id":"https:\/\/folhapopular.info\/#website","url":"https:\/\/folhapopular.info\/","name":"Folha Popular","description":"Onde voc\u00ea tem vez e voz","potentialAction":[{"@type":"SearchAction","target":{"@type":"EntryPoint","urlTemplate":"https:\/\/folhapopular.info\/?s={search_term_string}"},"query-input":{"@type":"PropertyValueSpecification","valueRequired":true,"valueName":"search_term_string"}}],"inLanguage":"pt-BR"},{"@type":"Person","@id":"https:\/\/folhapopular.info\/#\/schema\/person\/da0b2794f793376cb5dd908e88ca6911","name":"Thiago Maurique","image":{"@type":"ImageObject","inLanguage":"pt-BR","@id":"https:\/\/folhapopular.info\/wp-content\/uploads\/2026\/04\/THIAGO-MAURIQUE-1-1.webp","url":"https:\/\/folhapopular.info\/wp-content\/uploads\/2026\/04\/THIAGO-MAURIQUE-1-1.webp","contentUrl":"https:\/\/folhapopular.info\/wp-content\/uploads\/2026\/04\/THIAGO-MAURIQUE-1-1.webp","caption":"Thiago Maurique"},"url":"https:\/\/folhapopular.info\/index.php\/author\/thiago-maurique\/"}]}},"jetpack_featured_media_url":"https:\/\/folhapopular.info\/wp-content\/uploads\/2025\/08\/WhatsApp-Image-2025-08-27-at-15.18.05.jpeg","jetpack_sharing_enabled":true,"amp_enabled":true,"_links":{"self":[{"href":"https:\/\/folhapopular.info\/index.php\/wp-json\/wp\/v2\/posts\/192943","targetHints":{"allow":["GET"]}}],"collection":[{"href":"https:\/\/folhapopular.info\/index.php\/wp-json\/wp\/v2\/posts"}],"about":[{"href":"https:\/\/folhapopular.info\/index.php\/wp-json\/wp\/v2\/types\/post"}],"author":[{"embeddable":true,"href":"https:\/\/folhapopular.info\/index.php\/wp-json\/wp\/v2\/users\/771"}],"replies":[{"embeddable":true,"href":"https:\/\/folhapopular.info\/index.php\/wp-json\/wp\/v2\/comments?post=192943"}],"version-history":[{"count":0,"href":"https:\/\/folhapopular.info\/index.php\/wp-json\/wp\/v2\/posts\/192943\/revisions"}],"wp:featuredmedia":[{"embeddable":true,"href":"https:\/\/folhapopular.info\/index.php\/wp-json\/wp\/v2\/media\/192944"}],"wp:attachment":[{"href":"https:\/\/folhapopular.info\/index.php\/wp-json\/wp\/v2\/media?parent=192943"}],"wp:term":[{"taxonomy":"category","embeddable":true,"href":"https:\/\/folhapopular.info\/index.php\/wp-json\/wp\/v2\/categories?post=192943"},{"taxonomy":"post_tag","embeddable":true,"href":"https:\/\/folhapopular.info\/index.php\/wp-json\/wp\/v2\/tags?post=192943"}],"curies":[{"name":"wp","href":"https:\/\/api.w.org\/{rel}","templated":true}]}}