{"id":192983,"date":"2025-08-28T11:17:25","date_gmt":"2025-08-28T14:17:25","guid":{"rendered":"https:\/\/folhapopular.info\/?p=192983"},"modified":"2025-08-28T14:53:48","modified_gmt":"2025-08-28T17:53:48","slug":"homem-e-preso-apos-furtar-oficina-mecanica-no-centro-de-estrela","status":"publish","type":"post","link":"https:\/\/folhapopular.info\/index.php\/2025\/08\/28\/homem-e-preso-apos-furtar-oficina-mecanica-no-centro-de-estrela\/","title":{"rendered":"Homem \u00e9 preso ap\u00f3s furtar oficina mec\u00e2nica no Centro de Estrela"},"content":{"rendered":"\n<p>Na noite desta quarta-feira (27\/8), um homem de 30 anos foi preso ap\u00f3s furtar uma lixadeira de uma oficina mec\u00e2nica localizada no Centro de Estrela.<\/p>\n\n\n\n<p>A pris\u00e3o ocorreu por volta das 22h50, durante patrulhamento da Brigada Militar na regi\u00e3o do pr\u00e9dio novo da Feira do Produtor, \u00e1rea com hist\u00f3rico de furtos, especialmente de fios de cobre. Os policiais desconfiaram de uma bicicleta escondida pr\u00f3ximo \u00e0 antiga parada de \u00f4nibus inteligente e, com apoio do videomonitoramento, visualizaram o suspeito carregando o equipamento.<\/p>\n\n\n\n<p>Abordado na esquina das ruas Bruno Schwerter e Coronel M\u00fcssnich, o indiv\u00edduo confessou ter invadido a mec\u00e2nica escalando e acessando o local pelo telhado. Morador de Lajeado, ele foi encaminhado ao Hospital de Estrela para exames de rotina e, posteriormente, \u00e0 Delegacia de Pol\u00edcia de Pronto Atendimento (DPPA), onde o caso foi registrado.<\/p>\n","protected":false},"excerpt":{"rendered":"<p>Na noite desta quarta-feira (27\/8), um homem de 30 anos foi preso ap\u00f3s furtar uma lixadeira de uma oficina mec\u00e2nica localizada no Centro de Estrela. A pris\u00e3o ocorreu por volta das 22h50, durante patrulhamento da Brigada Militar na regi\u00e3o do pr\u00e9dio novo da Feira do Produtor, \u00e1rea com hist\u00f3rico de furtos, especialmente de fios de [&hellip;]<\/p>\n","protected":false},"author":8,"featured_media":192996,"comment_status":"open","ping_status":"open","sticky":false,"template":"","format":"standard","meta":{"pmpro_default_level":"","_jetpack_memberships_contains_paid_content":false,"footnotes":""},"categories":[10982,7],"tags":[8,71],"class_list":{"0":"post-192983","1":"post","2":"type-post","3":"status-publish","4":"format-standard","5":"has-post-thumbnail","7":"category-policia","8":"category-seguranca","9":"tag-estrela","10":"tag-furto","11":"pmpro-has-access"},"yoast_head":"<!-- This site is optimized with the Yoast SEO plugin v27.5 - https:\/\/yoast.com\/product\/yoast-seo-wordpress\/ -->\n<title>Homem \u00e9 preso ap\u00f3s furtar oficina mec\u00e2nica no Centro de Estrela - Folha Popular<\/title>\n<meta name=\"robots\" content=\"index, follow, max-snippet:-1, max-image-preview:large, max-video-preview:-1\" \/>\n<link rel=\"canonical\" href=\"https:\/\/folhapopular.info\/index.php\/2025\/08\/28\/homem-e-preso-apos-furtar-oficina-mecanica-no-centro-de-estrela\/\" \/>\n<meta property=\"og:locale\" content=\"pt_BR\" \/>\n<meta property=\"og:type\" content=\"article\" \/>\n<meta property=\"og:title\" content=\"Homem \u00e9 preso ap\u00f3s furtar oficina mec\u00e2nica no Centro de Estrela - Folha Popular\" \/>\n<meta property=\"og:description\" content=\"Na noite desta quarta-feira (27\/8), um homem de 30 anos foi preso ap\u00f3s furtar uma lixadeira de uma oficina mec\u00e2nica localizada no Centro de Estrela. A pris\u00e3o ocorreu por volta das 22h50, durante patrulhamento da Brigada Militar na regi\u00e3o do pr\u00e9dio novo da Feira do Produtor, \u00e1rea com hist\u00f3rico de furtos, especialmente de fios de [&hellip;]\" \/>\n<meta property=\"og:url\" content=\"https:\/\/folhapopular.info\/index.php\/2025\/08\/28\/homem-e-preso-apos-furtar-oficina-mecanica-no-centro-de-estrela\/\" \/>\n<meta property=\"og:site_name\" content=\"Folha Popular\" \/>\n<meta property=\"article:published_time\" content=\"2025-08-28T14:17:25+00:00\" \/>\n<meta property=\"article:modified_time\" content=\"2025-08-28T17:53:48+00:00\" \/>\n<meta property=\"og:image\" content=\"http:\/\/folhapopular.info\/wp-content\/uploads\/2025\/08\/8dbcb1e5-07d2-44c3-9e5c-156a9d824869.jpeg\" \/>\n\t<meta property=\"og:image:width\" content=\"1280\" \/>\n\t<meta property=\"og:image:height\" content=\"832\" \/>\n\t<meta property=\"og:image:type\" content=\"image\/jpeg\" \/>\n<meta name=\"author\" content=\"Reda\u00e7\u00e3o Folha Popular\" \/>\n<meta name=\"twitter:card\" content=\"summary_large_image\" \/>\n<meta name=\"twitter:label1\" content=\"Escrito por\" \/>\n\t<meta name=\"twitter:data1\" content=\"Reda\u00e7\u00e3o Folha Popular\" \/>\n\t<meta name=\"twitter:label2\" content=\"Est. tempo de leitura\" \/>\n\t<meta name=\"twitter:data2\" content=\"1 minuto\" \/>\n<script type=\"application\/ld+json\" class=\"yoast-schema-graph\">{\"@context\":\"https:\\\/\\\/schema.org\",\"@graph\":[{\"@type\":\"Article\",\"@id\":\"https:\\\/\\\/folhapopular.info\\\/index.php\\\/2025\\\/08\\\/28\\\/homem-e-preso-apos-furtar-oficina-mecanica-no-centro-de-estrela\\\/#article\",\"isPartOf\":{\"@id\":\"https:\\\/\\\/folhapopular.info\\\/index.php\\\/2025\\\/08\\\/28\\\/homem-e-preso-apos-furtar-oficina-mecanica-no-centro-de-estrela\\\/\"},\"author\":{\"name\":\"Reda\u00e7\u00e3o Folha Popular\",\"@id\":\"https:\\\/\\\/folhapopular.info\\\/#\\\/schema\\\/person\\\/2814e8a0df7643585a9ca38bc6eb9d4b\"},\"headline\":\"Homem \u00e9 preso ap\u00f3s furtar oficina mec\u00e2nica no Centro de Estrela\",\"datePublished\":\"2025-08-28T14:17:25+00:00\",\"dateModified\":\"2025-08-28T17:53:48+00:00\",\"mainEntityOfPage\":{\"@id\":\"https:\\\/\\\/folhapopular.info\\\/index.php\\\/2025\\\/08\\\/28\\\/homem-e-preso-apos-furtar-oficina-mecanica-no-centro-de-estrela\\\/\"},\"wordCount\":153,\"commentCount\":0,\"image\":{\"@id\":\"https:\\\/\\\/folhapopular.info\\\/index.php\\\/2025\\\/08\\\/28\\\/homem-e-preso-apos-furtar-oficina-mecanica-no-centro-de-estrela\\\/#primaryimage\"},\"thumbnailUrl\":\"https:\\\/\\\/folhapopular.info\\\/wp-content\\\/uploads\\\/2025\\\/08\\\/8dbcb1e5-07d2-44c3-9e5c-156a9d824869.jpeg\",\"keywords\":[\"Estrela\",\"furto\"],\"articleSection\":[\"Pol\u00edcia\",\"Seguran\u00e7a\"],\"inLanguage\":\"pt-BR\",\"potentialAction\":[{\"@type\":\"CommentAction\",\"name\":\"Comment\",\"target\":[\"https:\\\/\\\/folhapopular.info\\\/index.php\\\/2025\\\/08\\\/28\\\/homem-e-preso-apos-furtar-oficina-mecanica-no-centro-de-estrela\\\/#respond\"]}]},{\"@type\":\"WebPage\",\"@id\":\"https:\\\/\\\/folhapopular.info\\\/index.php\\\/2025\\\/08\\\/28\\\/homem-e-preso-apos-furtar-oficina-mecanica-no-centro-de-estrela\\\/\",\"url\":\"https:\\\/\\\/folhapopular.info\\\/index.php\\\/2025\\\/08\\\/28\\\/homem-e-preso-apos-furtar-oficina-mecanica-no-centro-de-estrela\\\/\",\"name\":\"Homem \u00e9 preso ap\u00f3s furtar oficina mec\u00e2nica no Centro de Estrela - Folha Popular\",\"isPartOf\":{\"@id\":\"https:\\\/\\\/folhapopular.info\\\/#website\"},\"primaryImageOfPage\":{\"@id\":\"https:\\\/\\\/folhapopular.info\\\/index.php\\\/2025\\\/08\\\/28\\\/homem-e-preso-apos-furtar-oficina-mecanica-no-centro-de-estrela\\\/#primaryimage\"},\"image\":{\"@id\":\"https:\\\/\\\/folhapopular.info\\\/index.php\\\/2025\\\/08\\\/28\\\/homem-e-preso-apos-furtar-oficina-mecanica-no-centro-de-estrela\\\/#primaryimage\"},\"thumbnailUrl\":\"https:\\\/\\\/folhapopular.info\\\/wp-content\\\/uploads\\\/2025\\\/08\\\/8dbcb1e5-07d2-44c3-9e5c-156a9d824869.jpeg\",\"datePublished\":\"2025-08-28T14:17:25+00:00\",\"dateModified\":\"2025-08-28T17:53:48+00:00\",\"author\":{\"@id\":\"https:\\\/\\\/folhapopular.info\\\/#\\\/schema\\\/person\\\/2814e8a0df7643585a9ca38bc6eb9d4b\"},\"breadcrumb\":{\"@id\":\"https:\\\/\\\/folhapopular.info\\\/index.php\\\/2025\\\/08\\\/28\\\/homem-e-preso-apos-furtar-oficina-mecanica-no-centro-de-estrela\\\/#breadcrumb\"},\"inLanguage\":\"pt-BR\",\"potentialAction\":[{\"@type\":\"ReadAction\",\"target\":[\"https:\\\/\\\/folhapopular.info\\\/index.php\\\/2025\\\/08\\\/28\\\/homem-e-preso-apos-furtar-oficina-mecanica-no-centro-de-estrela\\\/\"]}]},{\"@type\":\"ImageObject\",\"inLanguage\":\"pt-BR\",\"@id\":\"https:\\\/\\\/folhapopular.info\\\/index.php\\\/2025\\\/08\\\/28\\\/homem-e-preso-apos-furtar-oficina-mecanica-no-centro-de-estrela\\\/#primaryimage\",\"url\":\"https:\\\/\\\/folhapopular.info\\\/wp-content\\\/uploads\\\/2025\\\/08\\\/8dbcb1e5-07d2-44c3-9e5c-156a9d824869.jpeg\",\"contentUrl\":\"https:\\\/\\\/folhapopular.info\\\/wp-content\\\/uploads\\\/2025\\\/08\\\/8dbcb1e5-07d2-44c3-9e5c-156a9d824869.jpeg\",\"width\":1280,\"height\":832},{\"@type\":\"BreadcrumbList\",\"@id\":\"https:\\\/\\\/folhapopular.info\\\/index.php\\\/2025\\\/08\\\/28\\\/homem-e-preso-apos-furtar-oficina-mecanica-no-centro-de-estrela\\\/#breadcrumb\",\"itemListElement\":[{\"@type\":\"ListItem\",\"position\":1,\"name\":\"In\u00edcio\",\"item\":\"https:\\\/\\\/folhapopular.info\\\/\"},{\"@type\":\"ListItem\",\"position\":2,\"name\":\"Homem \u00e9 preso ap\u00f3s furtar oficina mec\u00e2nica no Centro de Estrela\"}]},{\"@type\":\"WebSite\",\"@id\":\"https:\\\/\\\/folhapopular.info\\\/#website\",\"url\":\"https:\\\/\\\/folhapopular.info\\\/\",\"name\":\"Folha Popular\",\"description\":\"Onde voc\u00ea tem vez e voz\",\"potentialAction\":[{\"@type\":\"SearchAction\",\"target\":{\"@type\":\"EntryPoint\",\"urlTemplate\":\"https:\\\/\\\/folhapopular.info\\\/?s={search_term_string}\"},\"query-input\":{\"@type\":\"PropertyValueSpecification\",\"valueRequired\":true,\"valueName\":\"search_term_string\"}}],\"inLanguage\":\"pt-BR\"},{\"@type\":\"Person\",\"@id\":\"https:\\\/\\\/folhapopular.info\\\/#\\\/schema\\\/person\\\/2814e8a0df7643585a9ca38bc6eb9d4b\",\"name\":\"Reda\u00e7\u00e3o Folha Popular\",\"image\":{\"@type\":\"ImageObject\",\"inLanguage\":\"pt-BR\",\"@id\":\"https:\\\/\\\/folhapopular.info\\\/wp-content\\\/uploads\\\/2026\\\/04\\\/Folha-1.webp\",\"url\":\"https:\\\/\\\/folhapopular.info\\\/wp-content\\\/uploads\\\/2026\\\/04\\\/Folha-1.webp\",\"contentUrl\":\"https:\\\/\\\/folhapopular.info\\\/wp-content\\\/uploads\\\/2026\\\/04\\\/Folha-1.webp\",\"caption\":\"Reda\u00e7\u00e3o Folha Popular\"},\"url\":\"https:\\\/\\\/folhapopular.info\\\/index.php\\\/author\\\/redacao\\\/\"}]}<\/script>\n<!-- \/ Yoast SEO plugin. -->","yoast_head_json":{"title":"Homem \u00e9 preso ap\u00f3s furtar oficina mec\u00e2nica no Centro de Estrela - Folha Popular","robots":{"index":"index","follow":"follow","max-snippet":"max-snippet:-1","max-image-preview":"max-image-preview:large","max-video-preview":"max-video-preview:-1"},"canonical":"https:\/\/folhapopular.info\/index.php\/2025\/08\/28\/homem-e-preso-apos-furtar-oficina-mecanica-no-centro-de-estrela\/","og_locale":"pt_BR","og_type":"article","og_title":"Homem \u00e9 preso ap\u00f3s furtar oficina mec\u00e2nica no Centro de Estrela - Folha Popular","og_description":"Na noite desta quarta-feira (27\/8), um homem de 30 anos foi preso ap\u00f3s furtar uma lixadeira de uma oficina mec\u00e2nica localizada no Centro de Estrela. A pris\u00e3o ocorreu por volta das 22h50, durante patrulhamento da Brigada Militar na regi\u00e3o do pr\u00e9dio novo da Feira do Produtor, \u00e1rea com hist\u00f3rico de furtos, especialmente de fios de [&hellip;]","og_url":"https:\/\/folhapopular.info\/index.php\/2025\/08\/28\/homem-e-preso-apos-furtar-oficina-mecanica-no-centro-de-estrela\/","og_site_name":"Folha Popular","article_published_time":"2025-08-28T14:17:25+00:00","article_modified_time":"2025-08-28T17:53:48+00:00","og_image":[{"width":1280,"height":832,"url":"http:\/\/folhapopular.info\/wp-content\/uploads\/2025\/08\/8dbcb1e5-07d2-44c3-9e5c-156a9d824869.jpeg","type":"image\/jpeg"}],"author":"Reda\u00e7\u00e3o Folha Popular","twitter_card":"summary_large_image","twitter_misc":{"Escrito por":"Reda\u00e7\u00e3o Folha Popular","Est. tempo de leitura":"1 minuto"},"schema":{"@context":"https:\/\/schema.org","@graph":[{"@type":"Article","@id":"https:\/\/folhapopular.info\/index.php\/2025\/08\/28\/homem-e-preso-apos-furtar-oficina-mecanica-no-centro-de-estrela\/#article","isPartOf":{"@id":"https:\/\/folhapopular.info\/index.php\/2025\/08\/28\/homem-e-preso-apos-furtar-oficina-mecanica-no-centro-de-estrela\/"},"author":{"name":"Reda\u00e7\u00e3o Folha Popular","@id":"https:\/\/folhapopular.info\/#\/schema\/person\/2814e8a0df7643585a9ca38bc6eb9d4b"},"headline":"Homem \u00e9 preso ap\u00f3s furtar oficina mec\u00e2nica no Centro de Estrela","datePublished":"2025-08-28T14:17:25+00:00","dateModified":"2025-08-28T17:53:48+00:00","mainEntityOfPage":{"@id":"https:\/\/folhapopular.info\/index.php\/2025\/08\/28\/homem-e-preso-apos-furtar-oficina-mecanica-no-centro-de-estrela\/"},"wordCount":153,"commentCount":0,"image":{"@id":"https:\/\/folhapopular.info\/index.php\/2025\/08\/28\/homem-e-preso-apos-furtar-oficina-mecanica-no-centro-de-estrela\/#primaryimage"},"thumbnailUrl":"https:\/\/folhapopular.info\/wp-content\/uploads\/2025\/08\/8dbcb1e5-07d2-44c3-9e5c-156a9d824869.jpeg","keywords":["Estrela","furto"],"articleSection":["Pol\u00edcia","Seguran\u00e7a"],"inLanguage":"pt-BR","potentialAction":[{"@type":"CommentAction","name":"Comment","target":["https:\/\/folhapopular.info\/index.php\/2025\/08\/28\/homem-e-preso-apos-furtar-oficina-mecanica-no-centro-de-estrela\/#respond"]}]},{"@type":"WebPage","@id":"https:\/\/folhapopular.info\/index.php\/2025\/08\/28\/homem-e-preso-apos-furtar-oficina-mecanica-no-centro-de-estrela\/","url":"https:\/\/folhapopular.info\/index.php\/2025\/08\/28\/homem-e-preso-apos-furtar-oficina-mecanica-no-centro-de-estrela\/","name":"Homem \u00e9 preso ap\u00f3s furtar oficina mec\u00e2nica no Centro de Estrela - Folha Popular","isPartOf":{"@id":"https:\/\/folhapopular.info\/#website"},"primaryImageOfPage":{"@id":"https:\/\/folhapopular.info\/index.php\/2025\/08\/28\/homem-e-preso-apos-furtar-oficina-mecanica-no-centro-de-estrela\/#primaryimage"},"image":{"@id":"https:\/\/folhapopular.info\/index.php\/2025\/08\/28\/homem-e-preso-apos-furtar-oficina-mecanica-no-centro-de-estrela\/#primaryimage"},"thumbnailUrl":"https:\/\/folhapopular.info\/wp-content\/uploads\/2025\/08\/8dbcb1e5-07d2-44c3-9e5c-156a9d824869.jpeg","datePublished":"2025-08-28T14:17:25+00:00","dateModified":"2025-08-28T17:53:48+00:00","author":{"@id":"https:\/\/folhapopular.info\/#\/schema\/person\/2814e8a0df7643585a9ca38bc6eb9d4b"},"breadcrumb":{"@id":"https:\/\/folhapopular.info\/index.php\/2025\/08\/28\/homem-e-preso-apos-furtar-oficina-mecanica-no-centro-de-estrela\/#breadcrumb"},"inLanguage":"pt-BR","potentialAction":[{"@type":"ReadAction","target":["https:\/\/folhapopular.info\/index.php\/2025\/08\/28\/homem-e-preso-apos-furtar-oficina-mecanica-no-centro-de-estrela\/"]}]},{"@type":"ImageObject","inLanguage":"pt-BR","@id":"https:\/\/folhapopular.info\/index.php\/2025\/08\/28\/homem-e-preso-apos-furtar-oficina-mecanica-no-centro-de-estrela\/#primaryimage","url":"https:\/\/folhapopular.info\/wp-content\/uploads\/2025\/08\/8dbcb1e5-07d2-44c3-9e5c-156a9d824869.jpeg","contentUrl":"https:\/\/folhapopular.info\/wp-content\/uploads\/2025\/08\/8dbcb1e5-07d2-44c3-9e5c-156a9d824869.jpeg","width":1280,"height":832},{"@type":"BreadcrumbList","@id":"https:\/\/folhapopular.info\/index.php\/2025\/08\/28\/homem-e-preso-apos-furtar-oficina-mecanica-no-centro-de-estrela\/#breadcrumb","itemListElement":[{"@type":"ListItem","position":1,"name":"In\u00edcio","item":"https:\/\/folhapopular.info\/"},{"@type":"ListItem","position":2,"name":"Homem \u00e9 preso ap\u00f3s furtar oficina mec\u00e2nica no Centro de Estrela"}]},{"@type":"WebSite","@id":"https:\/\/folhapopular.info\/#website","url":"https:\/\/folhapopular.info\/","name":"Folha Popular","description":"Onde voc\u00ea tem vez e voz","potentialAction":[{"@type":"SearchAction","target":{"@type":"EntryPoint","urlTemplate":"https:\/\/folhapopular.info\/?s={search_term_string}"},"query-input":{"@type":"PropertyValueSpecification","valueRequired":true,"valueName":"search_term_string"}}],"inLanguage":"pt-BR"},{"@type":"Person","@id":"https:\/\/folhapopular.info\/#\/schema\/person\/2814e8a0df7643585a9ca38bc6eb9d4b","name":"Reda\u00e7\u00e3o Folha Popular","image":{"@type":"ImageObject","inLanguage":"pt-BR","@id":"https:\/\/folhapopular.info\/wp-content\/uploads\/2026\/04\/Folha-1.webp","url":"https:\/\/folhapopular.info\/wp-content\/uploads\/2026\/04\/Folha-1.webp","contentUrl":"https:\/\/folhapopular.info\/wp-content\/uploads\/2026\/04\/Folha-1.webp","caption":"Reda\u00e7\u00e3o Folha Popular"},"url":"https:\/\/folhapopular.info\/index.php\/author\/redacao\/"}]}},"jetpack_featured_media_url":"https:\/\/folhapopular.info\/wp-content\/uploads\/2025\/08\/8dbcb1e5-07d2-44c3-9e5c-156a9d824869.jpeg","jetpack_sharing_enabled":true,"amp_enabled":true,"_links":{"self":[{"href":"https:\/\/folhapopular.info\/index.php\/wp-json\/wp\/v2\/posts\/192983","targetHints":{"allow":["GET"]}}],"collection":[{"href":"https:\/\/folhapopular.info\/index.php\/wp-json\/wp\/v2\/posts"}],"about":[{"href":"https:\/\/folhapopular.info\/index.php\/wp-json\/wp\/v2\/types\/post"}],"author":[{"embeddable":true,"href":"https:\/\/folhapopular.info\/index.php\/wp-json\/wp\/v2\/users\/8"}],"replies":[{"embeddable":true,"href":"https:\/\/folhapopular.info\/index.php\/wp-json\/wp\/v2\/comments?post=192983"}],"version-history":[{"count":0,"href":"https:\/\/folhapopular.info\/index.php\/wp-json\/wp\/v2\/posts\/192983\/revisions"}],"wp:featuredmedia":[{"embeddable":true,"href":"https:\/\/folhapopular.info\/index.php\/wp-json\/wp\/v2\/media\/192996"}],"wp:attachment":[{"href":"https:\/\/folhapopular.info\/index.php\/wp-json\/wp\/v2\/media?parent=192983"}],"wp:term":[{"taxonomy":"category","embeddable":true,"href":"https:\/\/folhapopular.info\/index.php\/wp-json\/wp\/v2\/categories?post=192983"},{"taxonomy":"post_tag","embeddable":true,"href":"https:\/\/folhapopular.info\/index.php\/wp-json\/wp\/v2\/tags?post=192983"}],"curies":[{"name":"wp","href":"https:\/\/api.w.org\/{rel}","templated":true}]}}