{"id":192993,"date":"2025-08-28T14:49:16","date_gmt":"2025-08-28T17:49:16","guid":{"rendered":"https:\/\/folhapopular.info\/?p=192993"},"modified":"2025-08-28T14:49:21","modified_gmt":"2025-08-28T17:49:21","slug":"escola-de-samba-inhandava-homenageara-a-sociedade-uniao-bom-retirense-no-carnaval-deste-ano","status":"publish","type":"post","link":"https:\/\/folhapopular.info\/index.php\/2025\/08\/28\/escola-de-samba-inhandava-homenageara-a-sociedade-uniao-bom-retirense-no-carnaval-deste-ano\/","title":{"rendered":"Escola de Samba Inhandava homenagear\u00e1 a Sociedade Uni\u00e3o Bom Retirense no Carnaval deste ano"},"content":{"rendered":"<p>A Escola de Samba Inhandava iniciou a prepara\u00e7\u00e3o para o Carnaval de 2026 em Bom Retiro do Sul. A antecipa\u00e7\u00e3o n\u00e3o \u00e9 por acaso, pois o pr\u00f3ximo desfile ter\u00e1 a Sociedade Uni\u00e3o Bom Retirense como tema central. Entidade que se aproxima de seu centen\u00e1rio e representa parte importante da hist\u00f3ria cultural do munic\u00edpio. Al\u00e9m de&#8230; <\/p>\n<div class=\"pmpro\">\n<div class=\"pmpro_card pmpro_content_message\">\n<div class=\"pmpro_card_content\">Este conte\u00fado \u00e9 apenas para associados Grupo Popular &#8211; Conte\u00fado Total Anual e Grupo Popular &#8211; Conte\u00fado Total Mensal. <br \/><a href=\"https:\/\/folhapopular.info\/wp-login.php?action=register\">Cadastre-se<\/a><\/div>\n<div class=\"pmpro_card_actions pmpro_font-medium\">J\u00e1 se associou? <a href=\"https:\/\/folhapopular.info\/wp-login.php?redirect_to=https%3A%2F%2Ffolhapopular.info%2Findex.php%2F2025%2F08%2F28%2Fescola-de-samba-inhandava-homenageara-a-sociedade-uniao-bom-retirense-no-carnaval-deste-ano%2F\">Acesse aqui<\/a><\/div>\n<\/div>\n<\/div>\n","protected":false},"excerpt":{"rendered":"<p>A Escola de Samba Inhandava iniciou a prepara\u00e7\u00e3o para o Carnaval de 2026 em Bom Retiro do Sul. A antecipa\u00e7\u00e3o n\u00e3o \u00e9 por acaso, pois o pr\u00f3ximo desfile ter\u00e1 a Sociedade Uni\u00e3o Bom Retirense como tema central. Entidade que se aproxima de seu centen\u00e1rio e representa parte importante da hist\u00f3ria cultural do munic\u00edpio. Al\u00e9m de... <\/p>\n<div class=\"pmpro\"><div class=\"pmpro_card pmpro_content_message\"><div class=\"pmpro_card_content\">Este conte\u00fado \u00e9 apenas para associados Grupo Popular - Conte\u00fado Total Anual e Grupo Popular - Conte\u00fado Total Mensal. <br \/><a href=\"https:\/\/folhapopular.info\/wp-login.php?action=register\">Cadastre-se<\/a><\/div><div class=\"pmpro_card_actions pmpro_font-medium\">J\u00e1 se associou? <a href=\"https:\/\/folhapopular.info\/wp-login.php?redirect_to=https%3A%2F%2Ffolhapopular.info%2Findex.php%2F2025%2F08%2F28%2Fescola-de-samba-inhandava-homenageara-a-sociedade-uniao-bom-retirense-no-carnaval-deste-ano%2F\">Acesse aqui<\/a><\/div><\/div><\/div>","protected":false},"author":773,"featured_media":192994,"comment_status":"open","ping_status":"open","sticky":false,"template":"","format":"standard","meta":{"pmpro_default_level":"","_jetpack_memberships_contains_paid_content":false,"footnotes":""},"categories":[11078,5990,10996,6],"tags":[146,2152,6403,17548,19304],"class_list":{"0":"post-192993","1":"post","2":"type-post","3":"status-publish","4":"format-standard","5":"has-post-thumbnail","7":"category-assinantes","8":"category-conteudo-exclusivo","9":"category-cultura","10":"category-inclusive","11":"tag-bom-retiro-do-sul","12":"tag-carnaval","13":"tag-escola-de-samba","14":"tag-inhandava","15":"tag-sociedade-uniao-bom-retirense","16":"pmpro-level-required","17":"pmpro-level-2","18":"pmpro-level-4","19":"pmpro-level-5","20":"pmpro-no-access"},"yoast_head":"<!-- This site is optimized with the Yoast SEO plugin v27.5 - https:\/\/yoast.com\/product\/yoast-seo-wordpress\/ -->\n<title>Escola de Samba Inhandava homenagear\u00e1 a Sociedade Uni\u00e3o Bom Retirense no Carnaval deste ano - Folha Popular<\/title>\n<meta name=\"robots\" content=\"index, follow, max-snippet:-1, max-image-preview:large, max-video-preview:-1\" \/>\n<link rel=\"canonical\" href=\"https:\/\/folhapopular.info\/index.php\/2025\/08\/28\/escola-de-samba-inhandava-homenageara-a-sociedade-uniao-bom-retirense-no-carnaval-deste-ano\/\" \/>\n<meta property=\"og:locale\" content=\"pt_BR\" \/>\n<meta property=\"og:type\" content=\"article\" \/>\n<meta property=\"og:title\" content=\"Escola de Samba Inhandava homenagear\u00e1 a Sociedade Uni\u00e3o Bom Retirense no Carnaval deste ano - Folha Popular\" \/>\n<meta property=\"og:description\" content=\"A Escola de Samba Inhandava iniciou a prepara\u00e7\u00e3o para o Carnaval de 2026 em Bom Retiro do Sul. A antecipa\u00e7\u00e3o n\u00e3o \u00e9 por acaso, pois o pr\u00f3ximo desfile ter\u00e1 a Sociedade Uni\u00e3o Bom Retirense como tema central. Entidade que se aproxima de seu centen\u00e1rio e representa parte importante da hist\u00f3ria cultural do munic\u00edpio. Al\u00e9m de [&hellip;]\" \/>\n<meta property=\"og:url\" content=\"https:\/\/folhapopular.info\/index.php\/2025\/08\/28\/escola-de-samba-inhandava-homenageara-a-sociedade-uniao-bom-retirense-no-carnaval-deste-ano\/\" \/>\n<meta property=\"og:site_name\" content=\"Folha Popular\" \/>\n<meta property=\"article:published_time\" content=\"2025-08-28T17:49:16+00:00\" \/>\n<meta property=\"article:modified_time\" content=\"2025-08-28T17:49:21+00:00\" \/>\n<meta property=\"og:image\" content=\"http:\/\/folhapopular.info\/wp-content\/uploads\/2025\/08\/481667365_966625795647590_8868938202947402431_n.jpg\" \/>\n\t<meta property=\"og:image:width\" content=\"960\" \/>\n\t<meta property=\"og:image:height\" content=\"679\" \/>\n\t<meta property=\"og:image:type\" content=\"image\/jpeg\" \/>\n<meta name=\"author\" content=\"Gabriely Hartmann Mallmann\" \/>\n<meta name=\"twitter:card\" content=\"summary_large_image\" \/>\n<meta name=\"twitter:label1\" content=\"Escrito por\" \/>\n\t<meta name=\"twitter:data1\" content=\"Gabriely Hartmann Mallmann\" \/>\n\t<meta name=\"twitter:label2\" content=\"Est. tempo de leitura\" \/>\n\t<meta name=\"twitter:data2\" content=\"2 minutos\" \/>\n<script type=\"application\/ld+json\" class=\"yoast-schema-graph\">{\"@context\":\"https:\\\/\\\/schema.org\",\"@graph\":[{\"@type\":\"Article\",\"@id\":\"https:\\\/\\\/folhapopular.info\\\/index.php\\\/2025\\\/08\\\/28\\\/escola-de-samba-inhandava-homenageara-a-sociedade-uniao-bom-retirense-no-carnaval-deste-ano\\\/#article\",\"isPartOf\":{\"@id\":\"https:\\\/\\\/folhapopular.info\\\/index.php\\\/2025\\\/08\\\/28\\\/escola-de-samba-inhandava-homenageara-a-sociedade-uniao-bom-retirense-no-carnaval-deste-ano\\\/\"},\"author\":{\"name\":\"Gabriely Hartmann Mallmann\",\"@id\":\"https:\\\/\\\/folhapopular.info\\\/#\\\/schema\\\/person\\\/41b3bb1ecf6e33e81cbab2c29b178754\"},\"headline\":\"Escola de Samba Inhandava homenagear\u00e1 a Sociedade Uni\u00e3o Bom Retirense no Carnaval deste ano\",\"datePublished\":\"2025-08-28T17:49:16+00:00\",\"dateModified\":\"2025-08-28T17:49:21+00:00\",\"mainEntityOfPage\":{\"@id\":\"https:\\\/\\\/folhapopular.info\\\/index.php\\\/2025\\\/08\\\/28\\\/escola-de-samba-inhandava-homenageara-a-sociedade-uniao-bom-retirense-no-carnaval-deste-ano\\\/\"},\"wordCount\":385,\"commentCount\":0,\"image\":{\"@id\":\"https:\\\/\\\/folhapopular.info\\\/index.php\\\/2025\\\/08\\\/28\\\/escola-de-samba-inhandava-homenageara-a-sociedade-uniao-bom-retirense-no-carnaval-deste-ano\\\/#primaryimage\"},\"thumbnailUrl\":\"https:\\\/\\\/folhapopular.info\\\/wp-content\\\/uploads\\\/2025\\\/08\\\/481667365_966625795647590_8868938202947402431_n.jpg\",\"keywords\":[\"Bom Retiro do Sul\",\"Carnaval\",\"Escola de Samba\",\"Inhandava\",\"SOciedade Uni\u00e3o Bom Retirense\"],\"articleSection\":[\"Assinantes\",\"Conte\u00fado Exclusivo\",\"Cultura\",\"Inclusive\"],\"inLanguage\":\"pt-BR\",\"potentialAction\":[{\"@type\":\"CommentAction\",\"name\":\"Comment\",\"target\":[\"https:\\\/\\\/folhapopular.info\\\/index.php\\\/2025\\\/08\\\/28\\\/escola-de-samba-inhandava-homenageara-a-sociedade-uniao-bom-retirense-no-carnaval-deste-ano\\\/#respond\"]}]},{\"@type\":\"WebPage\",\"@id\":\"https:\\\/\\\/folhapopular.info\\\/index.php\\\/2025\\\/08\\\/28\\\/escola-de-samba-inhandava-homenageara-a-sociedade-uniao-bom-retirense-no-carnaval-deste-ano\\\/\",\"url\":\"https:\\\/\\\/folhapopular.info\\\/index.php\\\/2025\\\/08\\\/28\\\/escola-de-samba-inhandava-homenageara-a-sociedade-uniao-bom-retirense-no-carnaval-deste-ano\\\/\",\"name\":\"Escola de Samba Inhandava homenagear\u00e1 a Sociedade Uni\u00e3o Bom Retirense no Carnaval deste ano - Folha Popular\",\"isPartOf\":{\"@id\":\"https:\\\/\\\/folhapopular.info\\\/#website\"},\"primaryImageOfPage\":{\"@id\":\"https:\\\/\\\/folhapopular.info\\\/index.php\\\/2025\\\/08\\\/28\\\/escola-de-samba-inhandava-homenageara-a-sociedade-uniao-bom-retirense-no-carnaval-deste-ano\\\/#primaryimage\"},\"image\":{\"@id\":\"https:\\\/\\\/folhapopular.info\\\/index.php\\\/2025\\\/08\\\/28\\\/escola-de-samba-inhandava-homenageara-a-sociedade-uniao-bom-retirense-no-carnaval-deste-ano\\\/#primaryimage\"},\"thumbnailUrl\":\"https:\\\/\\\/folhapopular.info\\\/wp-content\\\/uploads\\\/2025\\\/08\\\/481667365_966625795647590_8868938202947402431_n.jpg\",\"datePublished\":\"2025-08-28T17:49:16+00:00\",\"dateModified\":\"2025-08-28T17:49:21+00:00\",\"author\":{\"@id\":\"https:\\\/\\\/folhapopular.info\\\/#\\\/schema\\\/person\\\/41b3bb1ecf6e33e81cbab2c29b178754\"},\"breadcrumb\":{\"@id\":\"https:\\\/\\\/folhapopular.info\\\/index.php\\\/2025\\\/08\\\/28\\\/escola-de-samba-inhandava-homenageara-a-sociedade-uniao-bom-retirense-no-carnaval-deste-ano\\\/#breadcrumb\"},\"inLanguage\":\"pt-BR\",\"potentialAction\":[{\"@type\":\"ReadAction\",\"target\":[\"https:\\\/\\\/folhapopular.info\\\/index.php\\\/2025\\\/08\\\/28\\\/escola-de-samba-inhandava-homenageara-a-sociedade-uniao-bom-retirense-no-carnaval-deste-ano\\\/\"]}]},{\"@type\":\"ImageObject\",\"inLanguage\":\"pt-BR\",\"@id\":\"https:\\\/\\\/folhapopular.info\\\/index.php\\\/2025\\\/08\\\/28\\\/escola-de-samba-inhandava-homenageara-a-sociedade-uniao-bom-retirense-no-carnaval-deste-ano\\\/#primaryimage\",\"url\":\"https:\\\/\\\/folhapopular.info\\\/wp-content\\\/uploads\\\/2025\\\/08\\\/481667365_966625795647590_8868938202947402431_n.jpg\",\"contentUrl\":\"https:\\\/\\\/folhapopular.info\\\/wp-content\\\/uploads\\\/2025\\\/08\\\/481667365_966625795647590_8868938202947402431_n.jpg\",\"width\":960,\"height\":679,\"caption\":\"Carnaval do ano de 2023, onde Inhandava desfilou Cr\u00e9dito: Divulga\u00e7\u00e3o\"},{\"@type\":\"BreadcrumbList\",\"@id\":\"https:\\\/\\\/folhapopular.info\\\/index.php\\\/2025\\\/08\\\/28\\\/escola-de-samba-inhandava-homenageara-a-sociedade-uniao-bom-retirense-no-carnaval-deste-ano\\\/#breadcrumb\",\"itemListElement\":[{\"@type\":\"ListItem\",\"position\":1,\"name\":\"In\u00edcio\",\"item\":\"https:\\\/\\\/folhapopular.info\\\/\"},{\"@type\":\"ListItem\",\"position\":2,\"name\":\"Escola de Samba Inhandava homenagear\u00e1 a Sociedade Uni\u00e3o Bom Retirense no Carnaval deste ano\"}]},{\"@type\":\"WebSite\",\"@id\":\"https:\\\/\\\/folhapopular.info\\\/#website\",\"url\":\"https:\\\/\\\/folhapopular.info\\\/\",\"name\":\"Folha Popular\",\"description\":\"Onde voc\u00ea tem vez e voz\",\"potentialAction\":[{\"@type\":\"SearchAction\",\"target\":{\"@type\":\"EntryPoint\",\"urlTemplate\":\"https:\\\/\\\/folhapopular.info\\\/?s={search_term_string}\"},\"query-input\":{\"@type\":\"PropertyValueSpecification\",\"valueRequired\":true,\"valueName\":\"search_term_string\"}}],\"inLanguage\":\"pt-BR\"},{\"@type\":\"Person\",\"@id\":\"https:\\\/\\\/folhapopular.info\\\/#\\\/schema\\\/person\\\/41b3bb1ecf6e33e81cbab2c29b178754\",\"name\":\"Gabriely Hartmann Mallmann\",\"image\":{\"@type\":\"ImageObject\",\"inLanguage\":\"pt-BR\",\"@id\":\"https:\\\/\\\/secure.gravatar.com\\\/avatar\\\/92999d30b0cc9bf49e6aa3c07c592bb06855a37dcfbdc7bbe6567a4637e999ce?s=96&d=mm&r=g\",\"url\":\"https:\\\/\\\/secure.gravatar.com\\\/avatar\\\/92999d30b0cc9bf49e6aa3c07c592bb06855a37dcfbdc7bbe6567a4637e999ce?s=96&d=mm&r=g\",\"contentUrl\":\"https:\\\/\\\/secure.gravatar.com\\\/avatar\\\/92999d30b0cc9bf49e6aa3c07c592bb06855a37dcfbdc7bbe6567a4637e999ce?s=96&d=mm&r=g\",\"caption\":\"Gabriely Hartmann Mallmann\"},\"url\":\"https:\\\/\\\/folhapopular.info\\\/index.php\\\/author\\\/gabriely-hartmann-mallmann\\\/\"}]}<\/script>\n<!-- \/ Yoast SEO plugin. -->","yoast_head_json":{"title":"Escola de Samba Inhandava homenagear\u00e1 a Sociedade Uni\u00e3o Bom Retirense no Carnaval deste ano - Folha Popular","robots":{"index":"index","follow":"follow","max-snippet":"max-snippet:-1","max-image-preview":"max-image-preview:large","max-video-preview":"max-video-preview:-1"},"canonical":"https:\/\/folhapopular.info\/index.php\/2025\/08\/28\/escola-de-samba-inhandava-homenageara-a-sociedade-uniao-bom-retirense-no-carnaval-deste-ano\/","og_locale":"pt_BR","og_type":"article","og_title":"Escola de Samba Inhandava homenagear\u00e1 a Sociedade Uni\u00e3o Bom Retirense no Carnaval deste ano - Folha Popular","og_description":"A Escola de Samba Inhandava iniciou a prepara\u00e7\u00e3o para o Carnaval de 2026 em Bom Retiro do Sul. A antecipa\u00e7\u00e3o n\u00e3o \u00e9 por acaso, pois o pr\u00f3ximo desfile ter\u00e1 a Sociedade Uni\u00e3o Bom Retirense como tema central. Entidade que se aproxima de seu centen\u00e1rio e representa parte importante da hist\u00f3ria cultural do munic\u00edpio. Al\u00e9m de [&hellip;]","og_url":"https:\/\/folhapopular.info\/index.php\/2025\/08\/28\/escola-de-samba-inhandava-homenageara-a-sociedade-uniao-bom-retirense-no-carnaval-deste-ano\/","og_site_name":"Folha Popular","article_published_time":"2025-08-28T17:49:16+00:00","article_modified_time":"2025-08-28T17:49:21+00:00","og_image":[{"width":960,"height":679,"url":"http:\/\/folhapopular.info\/wp-content\/uploads\/2025\/08\/481667365_966625795647590_8868938202947402431_n.jpg","type":"image\/jpeg"}],"author":"Gabriely Hartmann Mallmann","twitter_card":"summary_large_image","twitter_misc":{"Escrito por":"Gabriely Hartmann Mallmann","Est. tempo de leitura":"2 minutos"},"schema":{"@context":"https:\/\/schema.org","@graph":[{"@type":"Article","@id":"https:\/\/folhapopular.info\/index.php\/2025\/08\/28\/escola-de-samba-inhandava-homenageara-a-sociedade-uniao-bom-retirense-no-carnaval-deste-ano\/#article","isPartOf":{"@id":"https:\/\/folhapopular.info\/index.php\/2025\/08\/28\/escola-de-samba-inhandava-homenageara-a-sociedade-uniao-bom-retirense-no-carnaval-deste-ano\/"},"author":{"name":"Gabriely Hartmann Mallmann","@id":"https:\/\/folhapopular.info\/#\/schema\/person\/41b3bb1ecf6e33e81cbab2c29b178754"},"headline":"Escola de Samba Inhandava homenagear\u00e1 a Sociedade Uni\u00e3o Bom Retirense no Carnaval deste ano","datePublished":"2025-08-28T17:49:16+00:00","dateModified":"2025-08-28T17:49:21+00:00","mainEntityOfPage":{"@id":"https:\/\/folhapopular.info\/index.php\/2025\/08\/28\/escola-de-samba-inhandava-homenageara-a-sociedade-uniao-bom-retirense-no-carnaval-deste-ano\/"},"wordCount":385,"commentCount":0,"image":{"@id":"https:\/\/folhapopular.info\/index.php\/2025\/08\/28\/escola-de-samba-inhandava-homenageara-a-sociedade-uniao-bom-retirense-no-carnaval-deste-ano\/#primaryimage"},"thumbnailUrl":"https:\/\/folhapopular.info\/wp-content\/uploads\/2025\/08\/481667365_966625795647590_8868938202947402431_n.jpg","keywords":["Bom Retiro do Sul","Carnaval","Escola de Samba","Inhandava","SOciedade Uni\u00e3o Bom Retirense"],"articleSection":["Assinantes","Conte\u00fado Exclusivo","Cultura","Inclusive"],"inLanguage":"pt-BR","potentialAction":[{"@type":"CommentAction","name":"Comment","target":["https:\/\/folhapopular.info\/index.php\/2025\/08\/28\/escola-de-samba-inhandava-homenageara-a-sociedade-uniao-bom-retirense-no-carnaval-deste-ano\/#respond"]}]},{"@type":"WebPage","@id":"https:\/\/folhapopular.info\/index.php\/2025\/08\/28\/escola-de-samba-inhandava-homenageara-a-sociedade-uniao-bom-retirense-no-carnaval-deste-ano\/","url":"https:\/\/folhapopular.info\/index.php\/2025\/08\/28\/escola-de-samba-inhandava-homenageara-a-sociedade-uniao-bom-retirense-no-carnaval-deste-ano\/","name":"Escola de Samba Inhandava homenagear\u00e1 a Sociedade Uni\u00e3o Bom Retirense no Carnaval deste ano - Folha Popular","isPartOf":{"@id":"https:\/\/folhapopular.info\/#website"},"primaryImageOfPage":{"@id":"https:\/\/folhapopular.info\/index.php\/2025\/08\/28\/escola-de-samba-inhandava-homenageara-a-sociedade-uniao-bom-retirense-no-carnaval-deste-ano\/#primaryimage"},"image":{"@id":"https:\/\/folhapopular.info\/index.php\/2025\/08\/28\/escola-de-samba-inhandava-homenageara-a-sociedade-uniao-bom-retirense-no-carnaval-deste-ano\/#primaryimage"},"thumbnailUrl":"https:\/\/folhapopular.info\/wp-content\/uploads\/2025\/08\/481667365_966625795647590_8868938202947402431_n.jpg","datePublished":"2025-08-28T17:49:16+00:00","dateModified":"2025-08-28T17:49:21+00:00","author":{"@id":"https:\/\/folhapopular.info\/#\/schema\/person\/41b3bb1ecf6e33e81cbab2c29b178754"},"breadcrumb":{"@id":"https:\/\/folhapopular.info\/index.php\/2025\/08\/28\/escola-de-samba-inhandava-homenageara-a-sociedade-uniao-bom-retirense-no-carnaval-deste-ano\/#breadcrumb"},"inLanguage":"pt-BR","potentialAction":[{"@type":"ReadAction","target":["https:\/\/folhapopular.info\/index.php\/2025\/08\/28\/escola-de-samba-inhandava-homenageara-a-sociedade-uniao-bom-retirense-no-carnaval-deste-ano\/"]}]},{"@type":"ImageObject","inLanguage":"pt-BR","@id":"https:\/\/folhapopular.info\/index.php\/2025\/08\/28\/escola-de-samba-inhandava-homenageara-a-sociedade-uniao-bom-retirense-no-carnaval-deste-ano\/#primaryimage","url":"https:\/\/folhapopular.info\/wp-content\/uploads\/2025\/08\/481667365_966625795647590_8868938202947402431_n.jpg","contentUrl":"https:\/\/folhapopular.info\/wp-content\/uploads\/2025\/08\/481667365_966625795647590_8868938202947402431_n.jpg","width":960,"height":679,"caption":"Carnaval do ano de 2023, onde Inhandava desfilou Cr\u00e9dito: Divulga\u00e7\u00e3o"},{"@type":"BreadcrumbList","@id":"https:\/\/folhapopular.info\/index.php\/2025\/08\/28\/escola-de-samba-inhandava-homenageara-a-sociedade-uniao-bom-retirense-no-carnaval-deste-ano\/#breadcrumb","itemListElement":[{"@type":"ListItem","position":1,"name":"In\u00edcio","item":"https:\/\/folhapopular.info\/"},{"@type":"ListItem","position":2,"name":"Escola de Samba Inhandava homenagear\u00e1 a Sociedade Uni\u00e3o Bom Retirense no Carnaval deste ano"}]},{"@type":"WebSite","@id":"https:\/\/folhapopular.info\/#website","url":"https:\/\/folhapopular.info\/","name":"Folha Popular","description":"Onde voc\u00ea tem vez e voz","potentialAction":[{"@type":"SearchAction","target":{"@type":"EntryPoint","urlTemplate":"https:\/\/folhapopular.info\/?s={search_term_string}"},"query-input":{"@type":"PropertyValueSpecification","valueRequired":true,"valueName":"search_term_string"}}],"inLanguage":"pt-BR"},{"@type":"Person","@id":"https:\/\/folhapopular.info\/#\/schema\/person\/41b3bb1ecf6e33e81cbab2c29b178754","name":"Gabriely Hartmann Mallmann","image":{"@type":"ImageObject","inLanguage":"pt-BR","@id":"https:\/\/secure.gravatar.com\/avatar\/92999d30b0cc9bf49e6aa3c07c592bb06855a37dcfbdc7bbe6567a4637e999ce?s=96&d=mm&r=g","url":"https:\/\/secure.gravatar.com\/avatar\/92999d30b0cc9bf49e6aa3c07c592bb06855a37dcfbdc7bbe6567a4637e999ce?s=96&d=mm&r=g","contentUrl":"https:\/\/secure.gravatar.com\/avatar\/92999d30b0cc9bf49e6aa3c07c592bb06855a37dcfbdc7bbe6567a4637e999ce?s=96&d=mm&r=g","caption":"Gabriely Hartmann Mallmann"},"url":"https:\/\/folhapopular.info\/index.php\/author\/gabriely-hartmann-mallmann\/"}]}},"jetpack_featured_media_url":"https:\/\/folhapopular.info\/wp-content\/uploads\/2025\/08\/481667365_966625795647590_8868938202947402431_n.jpg","jetpack_sharing_enabled":true,"amp_enabled":true,"_links":{"self":[{"href":"https:\/\/folhapopular.info\/index.php\/wp-json\/wp\/v2\/posts\/192993","targetHints":{"allow":["GET"]}}],"collection":[{"href":"https:\/\/folhapopular.info\/index.php\/wp-json\/wp\/v2\/posts"}],"about":[{"href":"https:\/\/folhapopular.info\/index.php\/wp-json\/wp\/v2\/types\/post"}],"author":[{"embeddable":true,"href":"https:\/\/folhapopular.info\/index.php\/wp-json\/wp\/v2\/users\/773"}],"replies":[{"embeddable":true,"href":"https:\/\/folhapopular.info\/index.php\/wp-json\/wp\/v2\/comments?post=192993"}],"version-history":[{"count":0,"href":"https:\/\/folhapopular.info\/index.php\/wp-json\/wp\/v2\/posts\/192993\/revisions"}],"wp:featuredmedia":[{"embeddable":true,"href":"https:\/\/folhapopular.info\/index.php\/wp-json\/wp\/v2\/media\/192994"}],"wp:attachment":[{"href":"https:\/\/folhapopular.info\/index.php\/wp-json\/wp\/v2\/media?parent=192993"}],"wp:term":[{"taxonomy":"category","embeddable":true,"href":"https:\/\/folhapopular.info\/index.php\/wp-json\/wp\/v2\/categories?post=192993"},{"taxonomy":"post_tag","embeddable":true,"href":"https:\/\/folhapopular.info\/index.php\/wp-json\/wp\/v2\/tags?post=192993"}],"curies":[{"name":"wp","href":"https:\/\/api.w.org\/{rel}","templated":true}]}}