{"id":193001,"date":"2025-08-28T16:22:49","date_gmt":"2025-08-28T19:22:49","guid":{"rendered":"https:\/\/folhapopular.info\/?p=193001"},"modified":"2025-08-28T16:25:03","modified_gmt":"2025-08-28T19:25:03","slug":"cooperativa-languiru-realiza-evento-beneficente-ao-dia-c-dia-de-cooperar","status":"publish","type":"post","link":"https:\/\/folhapopular.info\/index.php\/2025\/08\/28\/cooperativa-languiru-realiza-evento-beneficente-ao-dia-c-dia-de-cooperar\/","title":{"rendered":"Cooperativa Languiru realiza evento beneficente ao DIA C &#8211; Dia de Cooperar"},"content":{"rendered":"\n<p>A Cooperativa Languiru realiza evento beneficente em prol de atos cooperativistas, com abertura est\u00e1 prevista para as 9h da manh\u00e3 deste s\u00e1bado (30\/8), na Associa\u00e7\u00e3o de Funcion\u00e1rios da Cooperativa Languiru (MIMI).<\/p>\n\n\n\n<p>A programa\u00e7\u00e3o ter\u00e1 m\u00fasica ao vivo, <em>stands<\/em> ao ar livre, ado\u00e7\u00e3o de c\u00e3es e gatos com apoio da APANTE, brinquedos infl\u00e1veis, chimarr\u00f3dromo, degusta\u00e7\u00e3o e venda de lanches ao meio dia. Al\u00e9m das palestras de Cintia Agostini, sobre o ano internacional do Cooperativismo, e a Brigada Militar, que orientar\u00e1 as crian\u00e7as a respeito do tr\u00e2nsito.<\/p>\n\n\n\n<p>Conforme algumas das organizadoras, Maiara Driemeyer, Charline Dhein e Janete Dahmer, o encontro \u00e9 destinado para toda a fam\u00edlia. De forma solid\u00e1ria, cada integrante \u00e9 convidado a fazer doa\u00e7\u00e3o de forma espont\u00e2nea, roupas, cobertores, ra\u00e7\u00f5es para c\u00e3es e gato, livros, brinquedos e alimento n\u00e3o perec\u00edvel. <\/p>\n\n\n\n<p> &#8220;Que possamos mostrar a for\u00e7a da nossa comunidade neste lindo evento&#8221;, afirma Janete Dahmer.<\/p>\n\n\n\n<p>Saiba mais em <a href=\"https:\/\/youtube.com\/live\/26dWjSdVAT0?feature=share\">https:\/\/youtube.com\/live\/26dWjSdVAT0?feature=share<\/a><\/p>\n","protected":false},"excerpt":{"rendered":"<p>A Cooperativa Languiru realiza evento beneficente em prol de atos cooperativistas, com abertura est\u00e1 prevista para as 9h da manh\u00e3 deste s\u00e1bado (30\/8), na Associa\u00e7\u00e3o de Funcion\u00e1rios da Cooperativa Languiru (MIMI). A programa\u00e7\u00e3o ter\u00e1 m\u00fasica ao vivo, stands ao ar livre, ado\u00e7\u00e3o de c\u00e3es e gatos com apoio da APANTE, brinquedos infl\u00e1veis, chimarr\u00f3dromo, degusta\u00e7\u00e3o e [&hellip;]<\/p>\n","protected":false},"author":773,"featured_media":193003,"comment_status":"open","ping_status":"open","sticky":false,"template":"","format":"standard","meta":{"pmpro_default_level":"","_jetpack_memberships_contains_paid_content":false,"footnotes":""},"categories":[10992,10991],"tags":[],"class_list":{"0":"post-193001","1":"post","2":"type-post","3":"status-publish","4":"format-standard","5":"has-post-thumbnail","7":"category-coopop","8":"category-economia","9":"pmpro-has-access"},"yoast_head":"<!-- This site is optimized with the Yoast SEO plugin v27.5 - https:\/\/yoast.com\/product\/yoast-seo-wordpress\/ -->\n<title>Cooperativa Languiru realiza evento beneficente ao DIA C - Dia de Cooperar - Folha Popular<\/title>\n<meta name=\"robots\" content=\"index, follow, max-snippet:-1, max-image-preview:large, max-video-preview:-1\" \/>\n<link rel=\"canonical\" href=\"https:\/\/folhapopular.info\/index.php\/2025\/08\/28\/cooperativa-languiru-realiza-evento-beneficente-ao-dia-c-dia-de-cooperar\/\" \/>\n<meta property=\"og:locale\" content=\"pt_BR\" \/>\n<meta property=\"og:type\" content=\"article\" \/>\n<meta property=\"og:title\" content=\"Cooperativa Languiru realiza evento beneficente ao DIA C - Dia de Cooperar - Folha Popular\" \/>\n<meta property=\"og:description\" content=\"A Cooperativa Languiru realiza evento beneficente em prol de atos cooperativistas, com abertura est\u00e1 prevista para as 9h da manh\u00e3 deste s\u00e1bado (30\/8), na Associa\u00e7\u00e3o de Funcion\u00e1rios da Cooperativa Languiru (MIMI). A programa\u00e7\u00e3o ter\u00e1 m\u00fasica ao vivo, stands ao ar livre, ado\u00e7\u00e3o de c\u00e3es e gatos com apoio da APANTE, brinquedos infl\u00e1veis, chimarr\u00f3dromo, degusta\u00e7\u00e3o e [&hellip;]\" \/>\n<meta property=\"og:url\" content=\"https:\/\/folhapopular.info\/index.php\/2025\/08\/28\/cooperativa-languiru-realiza-evento-beneficente-ao-dia-c-dia-de-cooperar\/\" \/>\n<meta property=\"og:site_name\" content=\"Folha Popular\" \/>\n<meta property=\"article:published_time\" content=\"2025-08-28T19:22:49+00:00\" \/>\n<meta property=\"article:modified_time\" content=\"2025-08-28T19:25:03+00:00\" \/>\n<meta property=\"og:image\" content=\"http:\/\/folhapopular.info\/wp-content\/uploads\/2025\/08\/71b0769e-1fdb-4a00-b5de-f36e82b5c6c9-scaled.jpg\" \/>\n\t<meta property=\"og:image:width\" content=\"2560\" \/>\n\t<meta property=\"og:image:height\" content=\"1920\" \/>\n\t<meta property=\"og:image:type\" content=\"image\/jpeg\" \/>\n<meta name=\"author\" content=\"Gabriely Hartmann Mallmann\" \/>\n<meta name=\"twitter:card\" content=\"summary_large_image\" \/>\n<meta name=\"twitter:label1\" content=\"Escrito por\" \/>\n\t<meta name=\"twitter:data1\" content=\"Gabriely Hartmann Mallmann\" \/>\n\t<meta name=\"twitter:label2\" content=\"Est. tempo de leitura\" \/>\n\t<meta name=\"twitter:data2\" content=\"2 minutos\" \/>\n<script type=\"application\/ld+json\" class=\"yoast-schema-graph\">{\"@context\":\"https:\\\/\\\/schema.org\",\"@graph\":[{\"@type\":\"Article\",\"@id\":\"https:\\\/\\\/folhapopular.info\\\/index.php\\\/2025\\\/08\\\/28\\\/cooperativa-languiru-realiza-evento-beneficente-ao-dia-c-dia-de-cooperar\\\/#article\",\"isPartOf\":{\"@id\":\"https:\\\/\\\/folhapopular.info\\\/index.php\\\/2025\\\/08\\\/28\\\/cooperativa-languiru-realiza-evento-beneficente-ao-dia-c-dia-de-cooperar\\\/\"},\"author\":{\"name\":\"Gabriely Hartmann Mallmann\",\"@id\":\"https:\\\/\\\/folhapopular.info\\\/#\\\/schema\\\/person\\\/41b3bb1ecf6e33e81cbab2c29b178754\"},\"headline\":\"Cooperativa Languiru realiza evento beneficente ao DIA C &#8211; Dia de Cooperar\",\"datePublished\":\"2025-08-28T19:22:49+00:00\",\"dateModified\":\"2025-08-28T19:25:03+00:00\",\"mainEntityOfPage\":{\"@id\":\"https:\\\/\\\/folhapopular.info\\\/index.php\\\/2025\\\/08\\\/28\\\/cooperativa-languiru-realiza-evento-beneficente-ao-dia-c-dia-de-cooperar\\\/\"},\"wordCount\":185,\"commentCount\":0,\"image\":{\"@id\":\"https:\\\/\\\/folhapopular.info\\\/index.php\\\/2025\\\/08\\\/28\\\/cooperativa-languiru-realiza-evento-beneficente-ao-dia-c-dia-de-cooperar\\\/#primaryimage\"},\"thumbnailUrl\":\"https:\\\/\\\/folhapopular.info\\\/wp-content\\\/uploads\\\/2025\\\/08\\\/71b0769e-1fdb-4a00-b5de-f36e82b5c6c9-scaled.jpg\",\"articleSection\":[\"Coopop\",\"Economia\"],\"inLanguage\":\"pt-BR\",\"potentialAction\":[{\"@type\":\"CommentAction\",\"name\":\"Comment\",\"target\":[\"https:\\\/\\\/folhapopular.info\\\/index.php\\\/2025\\\/08\\\/28\\\/cooperativa-languiru-realiza-evento-beneficente-ao-dia-c-dia-de-cooperar\\\/#respond\"]}]},{\"@type\":\"WebPage\",\"@id\":\"https:\\\/\\\/folhapopular.info\\\/index.php\\\/2025\\\/08\\\/28\\\/cooperativa-languiru-realiza-evento-beneficente-ao-dia-c-dia-de-cooperar\\\/\",\"url\":\"https:\\\/\\\/folhapopular.info\\\/index.php\\\/2025\\\/08\\\/28\\\/cooperativa-languiru-realiza-evento-beneficente-ao-dia-c-dia-de-cooperar\\\/\",\"name\":\"Cooperativa Languiru realiza evento beneficente ao DIA C - Dia de Cooperar - Folha Popular\",\"isPartOf\":{\"@id\":\"https:\\\/\\\/folhapopular.info\\\/#website\"},\"primaryImageOfPage\":{\"@id\":\"https:\\\/\\\/folhapopular.info\\\/index.php\\\/2025\\\/08\\\/28\\\/cooperativa-languiru-realiza-evento-beneficente-ao-dia-c-dia-de-cooperar\\\/#primaryimage\"},\"image\":{\"@id\":\"https:\\\/\\\/folhapopular.info\\\/index.php\\\/2025\\\/08\\\/28\\\/cooperativa-languiru-realiza-evento-beneficente-ao-dia-c-dia-de-cooperar\\\/#primaryimage\"},\"thumbnailUrl\":\"https:\\\/\\\/folhapopular.info\\\/wp-content\\\/uploads\\\/2025\\\/08\\\/71b0769e-1fdb-4a00-b5de-f36e82b5c6c9-scaled.jpg\",\"datePublished\":\"2025-08-28T19:22:49+00:00\",\"dateModified\":\"2025-08-28T19:25:03+00:00\",\"author\":{\"@id\":\"https:\\\/\\\/folhapopular.info\\\/#\\\/schema\\\/person\\\/41b3bb1ecf6e33e81cbab2c29b178754\"},\"breadcrumb\":{\"@id\":\"https:\\\/\\\/folhapopular.info\\\/index.php\\\/2025\\\/08\\\/28\\\/cooperativa-languiru-realiza-evento-beneficente-ao-dia-c-dia-de-cooperar\\\/#breadcrumb\"},\"inLanguage\":\"pt-BR\",\"potentialAction\":[{\"@type\":\"ReadAction\",\"target\":[\"https:\\\/\\\/folhapopular.info\\\/index.php\\\/2025\\\/08\\\/28\\\/cooperativa-languiru-realiza-evento-beneficente-ao-dia-c-dia-de-cooperar\\\/\"]}]},{\"@type\":\"ImageObject\",\"inLanguage\":\"pt-BR\",\"@id\":\"https:\\\/\\\/folhapopular.info\\\/index.php\\\/2025\\\/08\\\/28\\\/cooperativa-languiru-realiza-evento-beneficente-ao-dia-c-dia-de-cooperar\\\/#primaryimage\",\"url\":\"https:\\\/\\\/folhapopular.info\\\/wp-content\\\/uploads\\\/2025\\\/08\\\/71b0769e-1fdb-4a00-b5de-f36e82b5c6c9-scaled.jpg\",\"contentUrl\":\"https:\\\/\\\/folhapopular.info\\\/wp-content\\\/uploads\\\/2025\\\/08\\\/71b0769e-1fdb-4a00-b5de-f36e82b5c6c9-scaled.jpg\",\"width\":2560,\"height\":1920,\"caption\":\"Organizadoras fazem convite a comunidade, no Espa\u00e7o Aberto Cr\u00e9dito: Luciana Brune\"},{\"@type\":\"BreadcrumbList\",\"@id\":\"https:\\\/\\\/folhapopular.info\\\/index.php\\\/2025\\\/08\\\/28\\\/cooperativa-languiru-realiza-evento-beneficente-ao-dia-c-dia-de-cooperar\\\/#breadcrumb\",\"itemListElement\":[{\"@type\":\"ListItem\",\"position\":1,\"name\":\"In\u00edcio\",\"item\":\"https:\\\/\\\/folhapopular.info\\\/\"},{\"@type\":\"ListItem\",\"position\":2,\"name\":\"Cooperativa Languiru realiza evento beneficente ao DIA C &#8211; Dia de Cooperar\"}]},{\"@type\":\"WebSite\",\"@id\":\"https:\\\/\\\/folhapopular.info\\\/#website\",\"url\":\"https:\\\/\\\/folhapopular.info\\\/\",\"name\":\"Folha Popular\",\"description\":\"Onde voc\u00ea tem vez e voz\",\"potentialAction\":[{\"@type\":\"SearchAction\",\"target\":{\"@type\":\"EntryPoint\",\"urlTemplate\":\"https:\\\/\\\/folhapopular.info\\\/?s={search_term_string}\"},\"query-input\":{\"@type\":\"PropertyValueSpecification\",\"valueRequired\":true,\"valueName\":\"search_term_string\"}}],\"inLanguage\":\"pt-BR\"},{\"@type\":\"Person\",\"@id\":\"https:\\\/\\\/folhapopular.info\\\/#\\\/schema\\\/person\\\/41b3bb1ecf6e33e81cbab2c29b178754\",\"name\":\"Gabriely Hartmann Mallmann\",\"image\":{\"@type\":\"ImageObject\",\"inLanguage\":\"pt-BR\",\"@id\":\"https:\\\/\\\/secure.gravatar.com\\\/avatar\\\/92999d30b0cc9bf49e6aa3c07c592bb06855a37dcfbdc7bbe6567a4637e999ce?s=96&d=mm&r=g\",\"url\":\"https:\\\/\\\/secure.gravatar.com\\\/avatar\\\/92999d30b0cc9bf49e6aa3c07c592bb06855a37dcfbdc7bbe6567a4637e999ce?s=96&d=mm&r=g\",\"contentUrl\":\"https:\\\/\\\/secure.gravatar.com\\\/avatar\\\/92999d30b0cc9bf49e6aa3c07c592bb06855a37dcfbdc7bbe6567a4637e999ce?s=96&d=mm&r=g\",\"caption\":\"Gabriely Hartmann Mallmann\"},\"url\":\"https:\\\/\\\/folhapopular.info\\\/index.php\\\/author\\\/gabriely-hartmann-mallmann\\\/\"}]}<\/script>\n<!-- \/ Yoast SEO plugin. -->","yoast_head_json":{"title":"Cooperativa Languiru realiza evento beneficente ao DIA C - Dia de Cooperar - Folha Popular","robots":{"index":"index","follow":"follow","max-snippet":"max-snippet:-1","max-image-preview":"max-image-preview:large","max-video-preview":"max-video-preview:-1"},"canonical":"https:\/\/folhapopular.info\/index.php\/2025\/08\/28\/cooperativa-languiru-realiza-evento-beneficente-ao-dia-c-dia-de-cooperar\/","og_locale":"pt_BR","og_type":"article","og_title":"Cooperativa Languiru realiza evento beneficente ao DIA C - Dia de Cooperar - Folha Popular","og_description":"A Cooperativa Languiru realiza evento beneficente em prol de atos cooperativistas, com abertura est\u00e1 prevista para as 9h da manh\u00e3 deste s\u00e1bado (30\/8), na Associa\u00e7\u00e3o de Funcion\u00e1rios da Cooperativa Languiru (MIMI). A programa\u00e7\u00e3o ter\u00e1 m\u00fasica ao vivo, stands ao ar livre, ado\u00e7\u00e3o de c\u00e3es e gatos com apoio da APANTE, brinquedos infl\u00e1veis, chimarr\u00f3dromo, degusta\u00e7\u00e3o e [&hellip;]","og_url":"https:\/\/folhapopular.info\/index.php\/2025\/08\/28\/cooperativa-languiru-realiza-evento-beneficente-ao-dia-c-dia-de-cooperar\/","og_site_name":"Folha Popular","article_published_time":"2025-08-28T19:22:49+00:00","article_modified_time":"2025-08-28T19:25:03+00:00","og_image":[{"width":2560,"height":1920,"url":"http:\/\/folhapopular.info\/wp-content\/uploads\/2025\/08\/71b0769e-1fdb-4a00-b5de-f36e82b5c6c9-scaled.jpg","type":"image\/jpeg"}],"author":"Gabriely Hartmann Mallmann","twitter_card":"summary_large_image","twitter_misc":{"Escrito por":"Gabriely Hartmann Mallmann","Est. tempo de leitura":"2 minutos"},"schema":{"@context":"https:\/\/schema.org","@graph":[{"@type":"Article","@id":"https:\/\/folhapopular.info\/index.php\/2025\/08\/28\/cooperativa-languiru-realiza-evento-beneficente-ao-dia-c-dia-de-cooperar\/#article","isPartOf":{"@id":"https:\/\/folhapopular.info\/index.php\/2025\/08\/28\/cooperativa-languiru-realiza-evento-beneficente-ao-dia-c-dia-de-cooperar\/"},"author":{"name":"Gabriely Hartmann Mallmann","@id":"https:\/\/folhapopular.info\/#\/schema\/person\/41b3bb1ecf6e33e81cbab2c29b178754"},"headline":"Cooperativa Languiru realiza evento beneficente ao DIA C &#8211; Dia de Cooperar","datePublished":"2025-08-28T19:22:49+00:00","dateModified":"2025-08-28T19:25:03+00:00","mainEntityOfPage":{"@id":"https:\/\/folhapopular.info\/index.php\/2025\/08\/28\/cooperativa-languiru-realiza-evento-beneficente-ao-dia-c-dia-de-cooperar\/"},"wordCount":185,"commentCount":0,"image":{"@id":"https:\/\/folhapopular.info\/index.php\/2025\/08\/28\/cooperativa-languiru-realiza-evento-beneficente-ao-dia-c-dia-de-cooperar\/#primaryimage"},"thumbnailUrl":"https:\/\/folhapopular.info\/wp-content\/uploads\/2025\/08\/71b0769e-1fdb-4a00-b5de-f36e82b5c6c9-scaled.jpg","articleSection":["Coopop","Economia"],"inLanguage":"pt-BR","potentialAction":[{"@type":"CommentAction","name":"Comment","target":["https:\/\/folhapopular.info\/index.php\/2025\/08\/28\/cooperativa-languiru-realiza-evento-beneficente-ao-dia-c-dia-de-cooperar\/#respond"]}]},{"@type":"WebPage","@id":"https:\/\/folhapopular.info\/index.php\/2025\/08\/28\/cooperativa-languiru-realiza-evento-beneficente-ao-dia-c-dia-de-cooperar\/","url":"https:\/\/folhapopular.info\/index.php\/2025\/08\/28\/cooperativa-languiru-realiza-evento-beneficente-ao-dia-c-dia-de-cooperar\/","name":"Cooperativa Languiru realiza evento beneficente ao DIA C - Dia de Cooperar - Folha Popular","isPartOf":{"@id":"https:\/\/folhapopular.info\/#website"},"primaryImageOfPage":{"@id":"https:\/\/folhapopular.info\/index.php\/2025\/08\/28\/cooperativa-languiru-realiza-evento-beneficente-ao-dia-c-dia-de-cooperar\/#primaryimage"},"image":{"@id":"https:\/\/folhapopular.info\/index.php\/2025\/08\/28\/cooperativa-languiru-realiza-evento-beneficente-ao-dia-c-dia-de-cooperar\/#primaryimage"},"thumbnailUrl":"https:\/\/folhapopular.info\/wp-content\/uploads\/2025\/08\/71b0769e-1fdb-4a00-b5de-f36e82b5c6c9-scaled.jpg","datePublished":"2025-08-28T19:22:49+00:00","dateModified":"2025-08-28T19:25:03+00:00","author":{"@id":"https:\/\/folhapopular.info\/#\/schema\/person\/41b3bb1ecf6e33e81cbab2c29b178754"},"breadcrumb":{"@id":"https:\/\/folhapopular.info\/index.php\/2025\/08\/28\/cooperativa-languiru-realiza-evento-beneficente-ao-dia-c-dia-de-cooperar\/#breadcrumb"},"inLanguage":"pt-BR","potentialAction":[{"@type":"ReadAction","target":["https:\/\/folhapopular.info\/index.php\/2025\/08\/28\/cooperativa-languiru-realiza-evento-beneficente-ao-dia-c-dia-de-cooperar\/"]}]},{"@type":"ImageObject","inLanguage":"pt-BR","@id":"https:\/\/folhapopular.info\/index.php\/2025\/08\/28\/cooperativa-languiru-realiza-evento-beneficente-ao-dia-c-dia-de-cooperar\/#primaryimage","url":"https:\/\/folhapopular.info\/wp-content\/uploads\/2025\/08\/71b0769e-1fdb-4a00-b5de-f36e82b5c6c9-scaled.jpg","contentUrl":"https:\/\/folhapopular.info\/wp-content\/uploads\/2025\/08\/71b0769e-1fdb-4a00-b5de-f36e82b5c6c9-scaled.jpg","width":2560,"height":1920,"caption":"Organizadoras fazem convite a comunidade, no Espa\u00e7o Aberto Cr\u00e9dito: Luciana Brune"},{"@type":"BreadcrumbList","@id":"https:\/\/folhapopular.info\/index.php\/2025\/08\/28\/cooperativa-languiru-realiza-evento-beneficente-ao-dia-c-dia-de-cooperar\/#breadcrumb","itemListElement":[{"@type":"ListItem","position":1,"name":"In\u00edcio","item":"https:\/\/folhapopular.info\/"},{"@type":"ListItem","position":2,"name":"Cooperativa Languiru realiza evento beneficente ao DIA C &#8211; Dia de Cooperar"}]},{"@type":"WebSite","@id":"https:\/\/folhapopular.info\/#website","url":"https:\/\/folhapopular.info\/","name":"Folha Popular","description":"Onde voc\u00ea tem vez e voz","potentialAction":[{"@type":"SearchAction","target":{"@type":"EntryPoint","urlTemplate":"https:\/\/folhapopular.info\/?s={search_term_string}"},"query-input":{"@type":"PropertyValueSpecification","valueRequired":true,"valueName":"search_term_string"}}],"inLanguage":"pt-BR"},{"@type":"Person","@id":"https:\/\/folhapopular.info\/#\/schema\/person\/41b3bb1ecf6e33e81cbab2c29b178754","name":"Gabriely Hartmann Mallmann","image":{"@type":"ImageObject","inLanguage":"pt-BR","@id":"https:\/\/secure.gravatar.com\/avatar\/92999d30b0cc9bf49e6aa3c07c592bb06855a37dcfbdc7bbe6567a4637e999ce?s=96&d=mm&r=g","url":"https:\/\/secure.gravatar.com\/avatar\/92999d30b0cc9bf49e6aa3c07c592bb06855a37dcfbdc7bbe6567a4637e999ce?s=96&d=mm&r=g","contentUrl":"https:\/\/secure.gravatar.com\/avatar\/92999d30b0cc9bf49e6aa3c07c592bb06855a37dcfbdc7bbe6567a4637e999ce?s=96&d=mm&r=g","caption":"Gabriely Hartmann Mallmann"},"url":"https:\/\/folhapopular.info\/index.php\/author\/gabriely-hartmann-mallmann\/"}]}},"jetpack_featured_media_url":"https:\/\/folhapopular.info\/wp-content\/uploads\/2025\/08\/71b0769e-1fdb-4a00-b5de-f36e82b5c6c9-scaled.jpg","jetpack_sharing_enabled":true,"amp_enabled":true,"_links":{"self":[{"href":"https:\/\/folhapopular.info\/index.php\/wp-json\/wp\/v2\/posts\/193001","targetHints":{"allow":["GET"]}}],"collection":[{"href":"https:\/\/folhapopular.info\/index.php\/wp-json\/wp\/v2\/posts"}],"about":[{"href":"https:\/\/folhapopular.info\/index.php\/wp-json\/wp\/v2\/types\/post"}],"author":[{"embeddable":true,"href":"https:\/\/folhapopular.info\/index.php\/wp-json\/wp\/v2\/users\/773"}],"replies":[{"embeddable":true,"href":"https:\/\/folhapopular.info\/index.php\/wp-json\/wp\/v2\/comments?post=193001"}],"version-history":[{"count":0,"href":"https:\/\/folhapopular.info\/index.php\/wp-json\/wp\/v2\/posts\/193001\/revisions"}],"wp:featuredmedia":[{"embeddable":true,"href":"https:\/\/folhapopular.info\/index.php\/wp-json\/wp\/v2\/media\/193003"}],"wp:attachment":[{"href":"https:\/\/folhapopular.info\/index.php\/wp-json\/wp\/v2\/media?parent=193001"}],"wp:term":[{"taxonomy":"category","embeddable":true,"href":"https:\/\/folhapopular.info\/index.php\/wp-json\/wp\/v2\/categories?post=193001"},{"taxonomy":"post_tag","embeddable":true,"href":"https:\/\/folhapopular.info\/index.php\/wp-json\/wp\/v2\/tags?post=193001"}],"curies":[{"name":"wp","href":"https:\/\/api.w.org\/{rel}","templated":true}]}}