{"id":193016,"date":"2025-08-29T10:41:45","date_gmt":"2025-08-29T13:41:45","guid":{"rendered":"https:\/\/folhapopular.info\/?p=193016"},"modified":"2025-08-29T10:41:53","modified_gmt":"2025-08-29T13:41:53","slug":"tarde-de-campo-em-encantado-destaca-boas-praticas-na-bovinocultura-de-leite-e-manejo-sustentavel-do-solo","status":"publish","type":"post","link":"https:\/\/folhapopular.info\/index.php\/2025\/08\/29\/tarde-de-campo-em-encantado-destaca-boas-praticas-na-bovinocultura-de-leite-e-manejo-sustentavel-do-solo\/","title":{"rendered":"Tarde de Campo em Encantado destaca boas pr\u00e1ticas na bovinocultura de leite e manejo sustent\u00e1vel do solo"},"content":{"rendered":"\n<p>Encantado sediou na quarta-feira (27\/8) uma Tarde de Campo voltada \u00e0 atualiza\u00e7\u00e3o t\u00e9cnica de produtores e profissionais da \u00e1rea rural. Realizado na propriedade do casal Maicon Fraporti e Su\u00e9len Toldo, na localidade de Linha Barra do Coqueiro, o evento reuniu cerca de 50 participantes, entre produtores, lideran\u00e7as locais e representantes de entidades parceiras.<\/p>\n\n\n\n<p>A atividade teve como foco principal a bovinocultura de leite, o manejo de pastagens de inverno, a gest\u00e3o sustent\u00e1vel do solo e temas relacionados \u00e0 sanidade e nutri\u00e7\u00e3o animal. Promovido pela Emater\/RS-Ascar, com apoio da Secretaria de Desenvolvimento Rural (SDR) do Governo do Estado, da Embrapa Trigo e demais parceiros, o encontro buscou estimular a troca de experi\u00eancias e a ado\u00e7\u00e3o de tecnologias voltadas ao aumento da produtividade e \u00e0 sustentabilidade das propriedades rurais.<\/p>\n\n\n\n<p>Durante o percurso pelas esta\u00e7\u00f5es t\u00e9cnicas instaladas na propriedade, os participantes receberam orienta\u00e7\u00f5es sobre o uso do triticale como alternativa de cereal de inverno com alto valor para silagem, especialmente em fun\u00e7\u00e3o de sua rusticidade e elevado desempenho produtivo. Tamb\u00e9m foram abordadas pr\u00e1ticas de corre\u00e7\u00e3o do solo, sistemas de plantio direto, alimenta\u00e7\u00e3o balanceada do rebanho e cuidados com doen\u00e7as como tuberculose, brucelose e raiva bovina.<\/p>\n\n\n\n<p>O evento contou ainda com a presen\u00e7a de representantes da SDR, como Douglas Velho, da Divis\u00e3o de Sistemas Produtivos, e Alano Tonin, assistente t\u00e9cnico regional da Emater\/RS-Ascar. Tamb\u00e9m apoiaram a iniciativa a Apassul (Associa\u00e7\u00e3o de Produtores de Sementes e Mudas do RS), o Sindicato dos Trabalhadores Rurais, a Cooperativa Sicredi, a Secretaria Municipal de Agricultura de Encantado e a Duagro.<\/p>\n","protected":false},"excerpt":{"rendered":"<p>Encantado sediou na quarta-feira (27\/8) uma Tarde de Campo voltada \u00e0 atualiza\u00e7\u00e3o t\u00e9cnica de produtores e profissionais da \u00e1rea rural. Realizado na propriedade do casal Maicon Fraporti e Su\u00e9len Toldo, na localidade de Linha Barra do Coqueiro, o evento reuniu cerca de 50 participantes, entre produtores, lideran\u00e7as locais e representantes de entidades parceiras. A atividade [&hellip;]<\/p>\n","protected":false},"author":8,"featured_media":193017,"comment_status":"open","ping_status":"open","sticky":false,"template":"","format":"standard","meta":{"pmpro_default_level":"","_jetpack_memberships_contains_paid_content":false,"footnotes":""},"categories":[2,10991,10994],"tags":[7403,466,19305,10194],"class_list":{"0":"post-193016","1":"post","2":"type-post","3":"status-publish","4":"format-standard","5":"has-post-thumbnail","7":"category-featured","8":"category-economia","9":"category-rural","10":"tag-bovinocultura-de-leite","11":"tag-encantado","12":"tag-manejo-do-solo","13":"tag-tarde-de-campo","14":"pmpro-has-access"},"yoast_head":"<!-- This site is optimized with the Yoast SEO plugin v27.5 - https:\/\/yoast.com\/product\/yoast-seo-wordpress\/ -->\n<title>Tarde de Campo em Encantado destaca boas pr\u00e1ticas na bovinocultura de leite e manejo sustent\u00e1vel do solo - Folha Popular<\/title>\n<meta name=\"robots\" content=\"index, follow, max-snippet:-1, max-image-preview:large, max-video-preview:-1\" \/>\n<link rel=\"canonical\" href=\"https:\/\/folhapopular.info\/index.php\/2025\/08\/29\/tarde-de-campo-em-encantado-destaca-boas-praticas-na-bovinocultura-de-leite-e-manejo-sustentavel-do-solo\/\" \/>\n<meta property=\"og:locale\" content=\"pt_BR\" \/>\n<meta property=\"og:type\" content=\"article\" \/>\n<meta property=\"og:title\" content=\"Tarde de Campo em Encantado destaca boas pr\u00e1ticas na bovinocultura de leite e manejo sustent\u00e1vel do solo - Folha Popular\" \/>\n<meta property=\"og:description\" content=\"Encantado sediou na quarta-feira (27\/8) uma Tarde de Campo voltada \u00e0 atualiza\u00e7\u00e3o t\u00e9cnica de produtores e profissionais da \u00e1rea rural. Realizado na propriedade do casal Maicon Fraporti e Su\u00e9len Toldo, na localidade de Linha Barra do Coqueiro, o evento reuniu cerca de 50 participantes, entre produtores, lideran\u00e7as locais e representantes de entidades parceiras. A atividade [&hellip;]\" \/>\n<meta property=\"og:url\" content=\"https:\/\/folhapopular.info\/index.php\/2025\/08\/29\/tarde-de-campo-em-encantado-destaca-boas-praticas-na-bovinocultura-de-leite-e-manejo-sustentavel-do-solo\/\" \/>\n<meta property=\"og:site_name\" content=\"Folha Popular\" \/>\n<meta property=\"article:published_time\" content=\"2025-08-29T13:41:45+00:00\" \/>\n<meta property=\"article:modified_time\" content=\"2025-08-29T13:41:53+00:00\" \/>\n<meta property=\"og:image\" content=\"http:\/\/folhapopular.info\/wp-content\/uploads\/2025\/08\/dia_campo_encantado-4-scaled.jpg\" \/>\n\t<meta property=\"og:image:width\" content=\"2560\" \/>\n\t<meta property=\"og:image:height\" content=\"1706\" \/>\n\t<meta property=\"og:image:type\" content=\"image\/jpeg\" \/>\n<meta name=\"author\" content=\"Reda\u00e7\u00e3o Folha Popular\" \/>\n<meta name=\"twitter:card\" content=\"summary_large_image\" \/>\n<meta name=\"twitter:label1\" content=\"Escrito por\" \/>\n\t<meta name=\"twitter:data1\" content=\"Reda\u00e7\u00e3o Folha Popular\" \/>\n\t<meta name=\"twitter:label2\" content=\"Est. tempo de leitura\" \/>\n\t<meta name=\"twitter:data2\" content=\"2 minutos\" \/>\n<script type=\"application\/ld+json\" class=\"yoast-schema-graph\">{\"@context\":\"https:\\\/\\\/schema.org\",\"@graph\":[{\"@type\":\"Article\",\"@id\":\"https:\\\/\\\/folhapopular.info\\\/index.php\\\/2025\\\/08\\\/29\\\/tarde-de-campo-em-encantado-destaca-boas-praticas-na-bovinocultura-de-leite-e-manejo-sustentavel-do-solo\\\/#article\",\"isPartOf\":{\"@id\":\"https:\\\/\\\/folhapopular.info\\\/index.php\\\/2025\\\/08\\\/29\\\/tarde-de-campo-em-encantado-destaca-boas-praticas-na-bovinocultura-de-leite-e-manejo-sustentavel-do-solo\\\/\"},\"author\":{\"name\":\"Reda\u00e7\u00e3o Folha Popular\",\"@id\":\"https:\\\/\\\/folhapopular.info\\\/#\\\/schema\\\/person\\\/2814e8a0df7643585a9ca38bc6eb9d4b\"},\"headline\":\"Tarde de Campo em Encantado destaca boas pr\u00e1ticas na bovinocultura de leite e manejo sustent\u00e1vel do solo\",\"datePublished\":\"2025-08-29T13:41:45+00:00\",\"dateModified\":\"2025-08-29T13:41:53+00:00\",\"mainEntityOfPage\":{\"@id\":\"https:\\\/\\\/folhapopular.info\\\/index.php\\\/2025\\\/08\\\/29\\\/tarde-de-campo-em-encantado-destaca-boas-praticas-na-bovinocultura-de-leite-e-manejo-sustentavel-do-solo\\\/\"},\"wordCount\":291,\"commentCount\":0,\"image\":{\"@id\":\"https:\\\/\\\/folhapopular.info\\\/index.php\\\/2025\\\/08\\\/29\\\/tarde-de-campo-em-encantado-destaca-boas-praticas-na-bovinocultura-de-leite-e-manejo-sustentavel-do-solo\\\/#primaryimage\"},\"thumbnailUrl\":\"https:\\\/\\\/folhapopular.info\\\/wp-content\\\/uploads\\\/2025\\\/08\\\/dia_campo_encantado-4-scaled.jpg\",\"keywords\":[\"Bovinocultura de leite\",\"Encantado\",\"Manejo do solo\",\"Tarde de Campo\"],\"articleSection\":[\"Destaques\",\"Economia\",\"Rural\"],\"inLanguage\":\"pt-BR\",\"potentialAction\":[{\"@type\":\"CommentAction\",\"name\":\"Comment\",\"target\":[\"https:\\\/\\\/folhapopular.info\\\/index.php\\\/2025\\\/08\\\/29\\\/tarde-de-campo-em-encantado-destaca-boas-praticas-na-bovinocultura-de-leite-e-manejo-sustentavel-do-solo\\\/#respond\"]}]},{\"@type\":\"WebPage\",\"@id\":\"https:\\\/\\\/folhapopular.info\\\/index.php\\\/2025\\\/08\\\/29\\\/tarde-de-campo-em-encantado-destaca-boas-praticas-na-bovinocultura-de-leite-e-manejo-sustentavel-do-solo\\\/\",\"url\":\"https:\\\/\\\/folhapopular.info\\\/index.php\\\/2025\\\/08\\\/29\\\/tarde-de-campo-em-encantado-destaca-boas-praticas-na-bovinocultura-de-leite-e-manejo-sustentavel-do-solo\\\/\",\"name\":\"Tarde de Campo em Encantado destaca boas pr\u00e1ticas na bovinocultura de leite e manejo sustent\u00e1vel do solo - Folha Popular\",\"isPartOf\":{\"@id\":\"https:\\\/\\\/folhapopular.info\\\/#website\"},\"primaryImageOfPage\":{\"@id\":\"https:\\\/\\\/folhapopular.info\\\/index.php\\\/2025\\\/08\\\/29\\\/tarde-de-campo-em-encantado-destaca-boas-praticas-na-bovinocultura-de-leite-e-manejo-sustentavel-do-solo\\\/#primaryimage\"},\"image\":{\"@id\":\"https:\\\/\\\/folhapopular.info\\\/index.php\\\/2025\\\/08\\\/29\\\/tarde-de-campo-em-encantado-destaca-boas-praticas-na-bovinocultura-de-leite-e-manejo-sustentavel-do-solo\\\/#primaryimage\"},\"thumbnailUrl\":\"https:\\\/\\\/folhapopular.info\\\/wp-content\\\/uploads\\\/2025\\\/08\\\/dia_campo_encantado-4-scaled.jpg\",\"datePublished\":\"2025-08-29T13:41:45+00:00\",\"dateModified\":\"2025-08-29T13:41:53+00:00\",\"author\":{\"@id\":\"https:\\\/\\\/folhapopular.info\\\/#\\\/schema\\\/person\\\/2814e8a0df7643585a9ca38bc6eb9d4b\"},\"breadcrumb\":{\"@id\":\"https:\\\/\\\/folhapopular.info\\\/index.php\\\/2025\\\/08\\\/29\\\/tarde-de-campo-em-encantado-destaca-boas-praticas-na-bovinocultura-de-leite-e-manejo-sustentavel-do-solo\\\/#breadcrumb\"},\"inLanguage\":\"pt-BR\",\"potentialAction\":[{\"@type\":\"ReadAction\",\"target\":[\"https:\\\/\\\/folhapopular.info\\\/index.php\\\/2025\\\/08\\\/29\\\/tarde-de-campo-em-encantado-destaca-boas-praticas-na-bovinocultura-de-leite-e-manejo-sustentavel-do-solo\\\/\"]}]},{\"@type\":\"ImageObject\",\"inLanguage\":\"pt-BR\",\"@id\":\"https:\\\/\\\/folhapopular.info\\\/index.php\\\/2025\\\/08\\\/29\\\/tarde-de-campo-em-encantado-destaca-boas-praticas-na-bovinocultura-de-leite-e-manejo-sustentavel-do-solo\\\/#primaryimage\",\"url\":\"https:\\\/\\\/folhapopular.info\\\/wp-content\\\/uploads\\\/2025\\\/08\\\/dia_campo_encantado-4-scaled.jpg\",\"contentUrl\":\"https:\\\/\\\/folhapopular.info\\\/wp-content\\\/uploads\\\/2025\\\/08\\\/dia_campo_encantado-4-scaled.jpg\",\"width\":2560,\"height\":1706,\"caption\":\"Cr\u00e9dito: Assessoria de Imprensa da Emater\\\/RS\"},{\"@type\":\"BreadcrumbList\",\"@id\":\"https:\\\/\\\/folhapopular.info\\\/index.php\\\/2025\\\/08\\\/29\\\/tarde-de-campo-em-encantado-destaca-boas-praticas-na-bovinocultura-de-leite-e-manejo-sustentavel-do-solo\\\/#breadcrumb\",\"itemListElement\":[{\"@type\":\"ListItem\",\"position\":1,\"name\":\"In\u00edcio\",\"item\":\"https:\\\/\\\/folhapopular.info\\\/\"},{\"@type\":\"ListItem\",\"position\":2,\"name\":\"Tarde de Campo em Encantado destaca boas pr\u00e1ticas na bovinocultura de leite e manejo sustent\u00e1vel do solo\"}]},{\"@type\":\"WebSite\",\"@id\":\"https:\\\/\\\/folhapopular.info\\\/#website\",\"url\":\"https:\\\/\\\/folhapopular.info\\\/\",\"name\":\"Folha Popular\",\"description\":\"Onde voc\u00ea tem vez e voz\",\"potentialAction\":[{\"@type\":\"SearchAction\",\"target\":{\"@type\":\"EntryPoint\",\"urlTemplate\":\"https:\\\/\\\/folhapopular.info\\\/?s={search_term_string}\"},\"query-input\":{\"@type\":\"PropertyValueSpecification\",\"valueRequired\":true,\"valueName\":\"search_term_string\"}}],\"inLanguage\":\"pt-BR\"},{\"@type\":\"Person\",\"@id\":\"https:\\\/\\\/folhapopular.info\\\/#\\\/schema\\\/person\\\/2814e8a0df7643585a9ca38bc6eb9d4b\",\"name\":\"Reda\u00e7\u00e3o Folha Popular\",\"image\":{\"@type\":\"ImageObject\",\"inLanguage\":\"pt-BR\",\"@id\":\"https:\\\/\\\/folhapopular.info\\\/wp-content\\\/uploads\\\/2026\\\/04\\\/Folha-1.webp\",\"url\":\"https:\\\/\\\/folhapopular.info\\\/wp-content\\\/uploads\\\/2026\\\/04\\\/Folha-1.webp\",\"contentUrl\":\"https:\\\/\\\/folhapopular.info\\\/wp-content\\\/uploads\\\/2026\\\/04\\\/Folha-1.webp\",\"caption\":\"Reda\u00e7\u00e3o Folha Popular\"},\"url\":\"https:\\\/\\\/folhapopular.info\\\/index.php\\\/author\\\/redacao\\\/\"}]}<\/script>\n<!-- \/ Yoast SEO plugin. -->","yoast_head_json":{"title":"Tarde de Campo em Encantado destaca boas pr\u00e1ticas na bovinocultura de leite e manejo sustent\u00e1vel do solo - Folha Popular","robots":{"index":"index","follow":"follow","max-snippet":"max-snippet:-1","max-image-preview":"max-image-preview:large","max-video-preview":"max-video-preview:-1"},"canonical":"https:\/\/folhapopular.info\/index.php\/2025\/08\/29\/tarde-de-campo-em-encantado-destaca-boas-praticas-na-bovinocultura-de-leite-e-manejo-sustentavel-do-solo\/","og_locale":"pt_BR","og_type":"article","og_title":"Tarde de Campo em Encantado destaca boas pr\u00e1ticas na bovinocultura de leite e manejo sustent\u00e1vel do solo - Folha Popular","og_description":"Encantado sediou na quarta-feira (27\/8) uma Tarde de Campo voltada \u00e0 atualiza\u00e7\u00e3o t\u00e9cnica de produtores e profissionais da \u00e1rea rural. Realizado na propriedade do casal Maicon Fraporti e Su\u00e9len Toldo, na localidade de Linha Barra do Coqueiro, o evento reuniu cerca de 50 participantes, entre produtores, lideran\u00e7as locais e representantes de entidades parceiras. A atividade [&hellip;]","og_url":"https:\/\/folhapopular.info\/index.php\/2025\/08\/29\/tarde-de-campo-em-encantado-destaca-boas-praticas-na-bovinocultura-de-leite-e-manejo-sustentavel-do-solo\/","og_site_name":"Folha Popular","article_published_time":"2025-08-29T13:41:45+00:00","article_modified_time":"2025-08-29T13:41:53+00:00","og_image":[{"width":2560,"height":1706,"url":"http:\/\/folhapopular.info\/wp-content\/uploads\/2025\/08\/dia_campo_encantado-4-scaled.jpg","type":"image\/jpeg"}],"author":"Reda\u00e7\u00e3o Folha Popular","twitter_card":"summary_large_image","twitter_misc":{"Escrito por":"Reda\u00e7\u00e3o Folha Popular","Est. tempo de leitura":"2 minutos"},"schema":{"@context":"https:\/\/schema.org","@graph":[{"@type":"Article","@id":"https:\/\/folhapopular.info\/index.php\/2025\/08\/29\/tarde-de-campo-em-encantado-destaca-boas-praticas-na-bovinocultura-de-leite-e-manejo-sustentavel-do-solo\/#article","isPartOf":{"@id":"https:\/\/folhapopular.info\/index.php\/2025\/08\/29\/tarde-de-campo-em-encantado-destaca-boas-praticas-na-bovinocultura-de-leite-e-manejo-sustentavel-do-solo\/"},"author":{"name":"Reda\u00e7\u00e3o Folha Popular","@id":"https:\/\/folhapopular.info\/#\/schema\/person\/2814e8a0df7643585a9ca38bc6eb9d4b"},"headline":"Tarde de Campo em Encantado destaca boas pr\u00e1ticas na bovinocultura de leite e manejo sustent\u00e1vel do solo","datePublished":"2025-08-29T13:41:45+00:00","dateModified":"2025-08-29T13:41:53+00:00","mainEntityOfPage":{"@id":"https:\/\/folhapopular.info\/index.php\/2025\/08\/29\/tarde-de-campo-em-encantado-destaca-boas-praticas-na-bovinocultura-de-leite-e-manejo-sustentavel-do-solo\/"},"wordCount":291,"commentCount":0,"image":{"@id":"https:\/\/folhapopular.info\/index.php\/2025\/08\/29\/tarde-de-campo-em-encantado-destaca-boas-praticas-na-bovinocultura-de-leite-e-manejo-sustentavel-do-solo\/#primaryimage"},"thumbnailUrl":"https:\/\/folhapopular.info\/wp-content\/uploads\/2025\/08\/dia_campo_encantado-4-scaled.jpg","keywords":["Bovinocultura de leite","Encantado","Manejo do solo","Tarde de Campo"],"articleSection":["Destaques","Economia","Rural"],"inLanguage":"pt-BR","potentialAction":[{"@type":"CommentAction","name":"Comment","target":["https:\/\/folhapopular.info\/index.php\/2025\/08\/29\/tarde-de-campo-em-encantado-destaca-boas-praticas-na-bovinocultura-de-leite-e-manejo-sustentavel-do-solo\/#respond"]}]},{"@type":"WebPage","@id":"https:\/\/folhapopular.info\/index.php\/2025\/08\/29\/tarde-de-campo-em-encantado-destaca-boas-praticas-na-bovinocultura-de-leite-e-manejo-sustentavel-do-solo\/","url":"https:\/\/folhapopular.info\/index.php\/2025\/08\/29\/tarde-de-campo-em-encantado-destaca-boas-praticas-na-bovinocultura-de-leite-e-manejo-sustentavel-do-solo\/","name":"Tarde de Campo em Encantado destaca boas pr\u00e1ticas na bovinocultura de leite e manejo sustent\u00e1vel do solo - Folha Popular","isPartOf":{"@id":"https:\/\/folhapopular.info\/#website"},"primaryImageOfPage":{"@id":"https:\/\/folhapopular.info\/index.php\/2025\/08\/29\/tarde-de-campo-em-encantado-destaca-boas-praticas-na-bovinocultura-de-leite-e-manejo-sustentavel-do-solo\/#primaryimage"},"image":{"@id":"https:\/\/folhapopular.info\/index.php\/2025\/08\/29\/tarde-de-campo-em-encantado-destaca-boas-praticas-na-bovinocultura-de-leite-e-manejo-sustentavel-do-solo\/#primaryimage"},"thumbnailUrl":"https:\/\/folhapopular.info\/wp-content\/uploads\/2025\/08\/dia_campo_encantado-4-scaled.jpg","datePublished":"2025-08-29T13:41:45+00:00","dateModified":"2025-08-29T13:41:53+00:00","author":{"@id":"https:\/\/folhapopular.info\/#\/schema\/person\/2814e8a0df7643585a9ca38bc6eb9d4b"},"breadcrumb":{"@id":"https:\/\/folhapopular.info\/index.php\/2025\/08\/29\/tarde-de-campo-em-encantado-destaca-boas-praticas-na-bovinocultura-de-leite-e-manejo-sustentavel-do-solo\/#breadcrumb"},"inLanguage":"pt-BR","potentialAction":[{"@type":"ReadAction","target":["https:\/\/folhapopular.info\/index.php\/2025\/08\/29\/tarde-de-campo-em-encantado-destaca-boas-praticas-na-bovinocultura-de-leite-e-manejo-sustentavel-do-solo\/"]}]},{"@type":"ImageObject","inLanguage":"pt-BR","@id":"https:\/\/folhapopular.info\/index.php\/2025\/08\/29\/tarde-de-campo-em-encantado-destaca-boas-praticas-na-bovinocultura-de-leite-e-manejo-sustentavel-do-solo\/#primaryimage","url":"https:\/\/folhapopular.info\/wp-content\/uploads\/2025\/08\/dia_campo_encantado-4-scaled.jpg","contentUrl":"https:\/\/folhapopular.info\/wp-content\/uploads\/2025\/08\/dia_campo_encantado-4-scaled.jpg","width":2560,"height":1706,"caption":"Cr\u00e9dito: Assessoria de Imprensa da Emater\/RS"},{"@type":"BreadcrumbList","@id":"https:\/\/folhapopular.info\/index.php\/2025\/08\/29\/tarde-de-campo-em-encantado-destaca-boas-praticas-na-bovinocultura-de-leite-e-manejo-sustentavel-do-solo\/#breadcrumb","itemListElement":[{"@type":"ListItem","position":1,"name":"In\u00edcio","item":"https:\/\/folhapopular.info\/"},{"@type":"ListItem","position":2,"name":"Tarde de Campo em Encantado destaca boas pr\u00e1ticas na bovinocultura de leite e manejo sustent\u00e1vel do solo"}]},{"@type":"WebSite","@id":"https:\/\/folhapopular.info\/#website","url":"https:\/\/folhapopular.info\/","name":"Folha Popular","description":"Onde voc\u00ea tem vez e voz","potentialAction":[{"@type":"SearchAction","target":{"@type":"EntryPoint","urlTemplate":"https:\/\/folhapopular.info\/?s={search_term_string}"},"query-input":{"@type":"PropertyValueSpecification","valueRequired":true,"valueName":"search_term_string"}}],"inLanguage":"pt-BR"},{"@type":"Person","@id":"https:\/\/folhapopular.info\/#\/schema\/person\/2814e8a0df7643585a9ca38bc6eb9d4b","name":"Reda\u00e7\u00e3o Folha Popular","image":{"@type":"ImageObject","inLanguage":"pt-BR","@id":"https:\/\/folhapopular.info\/wp-content\/uploads\/2026\/04\/Folha-1.webp","url":"https:\/\/folhapopular.info\/wp-content\/uploads\/2026\/04\/Folha-1.webp","contentUrl":"https:\/\/folhapopular.info\/wp-content\/uploads\/2026\/04\/Folha-1.webp","caption":"Reda\u00e7\u00e3o Folha Popular"},"url":"https:\/\/folhapopular.info\/index.php\/author\/redacao\/"}]}},"jetpack_featured_media_url":"https:\/\/folhapopular.info\/wp-content\/uploads\/2025\/08\/dia_campo_encantado-4-scaled.jpg","jetpack_sharing_enabled":true,"amp_enabled":true,"_links":{"self":[{"href":"https:\/\/folhapopular.info\/index.php\/wp-json\/wp\/v2\/posts\/193016","targetHints":{"allow":["GET"]}}],"collection":[{"href":"https:\/\/folhapopular.info\/index.php\/wp-json\/wp\/v2\/posts"}],"about":[{"href":"https:\/\/folhapopular.info\/index.php\/wp-json\/wp\/v2\/types\/post"}],"author":[{"embeddable":true,"href":"https:\/\/folhapopular.info\/index.php\/wp-json\/wp\/v2\/users\/8"}],"replies":[{"embeddable":true,"href":"https:\/\/folhapopular.info\/index.php\/wp-json\/wp\/v2\/comments?post=193016"}],"version-history":[{"count":0,"href":"https:\/\/folhapopular.info\/index.php\/wp-json\/wp\/v2\/posts\/193016\/revisions"}],"wp:featuredmedia":[{"embeddable":true,"href":"https:\/\/folhapopular.info\/index.php\/wp-json\/wp\/v2\/media\/193017"}],"wp:attachment":[{"href":"https:\/\/folhapopular.info\/index.php\/wp-json\/wp\/v2\/media?parent=193016"}],"wp:term":[{"taxonomy":"category","embeddable":true,"href":"https:\/\/folhapopular.info\/index.php\/wp-json\/wp\/v2\/categories?post=193016"},{"taxonomy":"post_tag","embeddable":true,"href":"https:\/\/folhapopular.info\/index.php\/wp-json\/wp\/v2\/tags?post=193016"}],"curies":[{"name":"wp","href":"https:\/\/api.w.org\/{rel}","templated":true}]}}