{"id":193062,"date":"2025-08-30T10:30:00","date_gmt":"2025-08-30T13:30:00","guid":{"rendered":"https:\/\/folhapopular.info\/?p=193062"},"modified":"2025-08-30T10:24:17","modified_gmt":"2025-08-30T13:24:17","slug":"bola-deve-rolar-em-todas-as-divisoes-do-regional","status":"publish","type":"post","link":"https:\/\/folhapopular.info\/index.php\/2025\/08\/30\/bola-deve-rolar-em-todas-as-divisoes-do-regional\/","title":{"rendered":"Bola deve rolar em todas as divis\u00f5es do Regional"},"content":{"rendered":"\n<p>Ap\u00f3s o adiamento das rodadas das S\u00e9ries A, B e Veteranos do Campeonato Regional Certel Sicredi 2025 da Aslivata no domingo passado (24\/8), as partidas voltam a ocorrer amanh\u00e3 (31\/8). Apenas condi\u00e7\u00f5es clim\u00e1ticas adversas podem causar transtornos e adiar os confrontos mais uma vez. Caso confirmada, a S\u00e9rie A ter\u00e1 duelos em oito munic\u00edpios: Progresso, Canudos do Vale, Bom Retiro do Sul, Boa Vista do Sul, Imigrante, Lajeado, Encantado, Teut\u00f4nia e Nova Br\u00e9scia.<\/p>\n\n\n\n<p>Em Progresso, ocorre a estreia do Ga\u00facho, que esteve de folga nas primeiras rodadas e teve dois adiamentos para se preparar. A equipe enfrenta o Sete de Setembro de Arroio do Meio. O foco dos dois times \u00e9 conquistar a primeira vit\u00f3ria na competi\u00e7\u00e3o. Ainda zerado, o Ga\u00facho \u00e9 19\u00ba colocado, enquanto o Sete ocupa a 14\u00aa posi\u00e7\u00e3o com apenas 1 ponto &#8211; empate na rodada passada em 2 a 2 com o Imigrante, em casa.<\/p>\n\n\n\n<p>Embalado pela vit\u00f3ria fora de casa, o Minuano recebe o Juventude de Westf\u00e1lia, em Canudos do Vale. Os donos da casa bateram o Canabarrense no Bairro Alesgut pelo placar de 2 a 0 e querem engrenar de vez no campeonato. A situa\u00e7\u00e3o \u00e9 parecida com o Ju; os westfalianos venceram o Navegantes em casa por 3 a 2, a primeira na competi\u00e7\u00e3o. O Minuano est\u00e1 na 11\u00aa posi\u00e7\u00e3o com os mesmos 3 pontos da Berlim, no 10\u00ba lugar.<\/p>\n\n\n\n<p>Rudibar e Canabarrense buscam recupera\u00e7\u00e3o em Bom Retiro do Sul. O Rudi ainda n\u00e3o venceu e precisa pontuar para n\u00e3o ligar o \u201csinal de alerta\u201d. Os bom-retirenses conquistaram apenas 1 ponto em dois jogos, em empate el\u00e9trico com Po\u00e7o das Antas por 3 a 3. J\u00e1 o tricolor de Canabarro necessita da vit\u00f3ria fora de casa para \u201ccompensar\u201d a derrota para o Minuano. S\u00e9timo colocado, o atual tricampe\u00e3o do Intermunicipal ainda tem uma \u201cgordurinha\u201d, por\u00e9m, pode perder posi\u00e7\u00f5es ao fim da rodada. O Rudi, por sua vez, \u00e9 16\u00ba.<\/p>\n\n\n\n<p><strong>Com transmiss\u00e3o do Grupo Popular de Comunica\u00e7\u00e3o<\/strong>, Boavistense e Po\u00e7o das Antas jogam em Boa Vista do Sul. Os mandantes ocupam o 8\u00ba lugar e chegam com uma vit\u00f3ria, uma derrota e a 8\u00aa posi\u00e7\u00e3o, com 3 pontos em duas rodadas. Por outro lado, o Po\u00e7o das Antas \u00e9 o 5\u00ba colocado com 4 pontos e pode assumir a lideran\u00e7a da S\u00e9rie A com uma vit\u00f3ria e combina\u00e7\u00f5es de resultados.<\/p>\n\n\n\n<p>O l\u00edder Nacional joga fora de casa com o Ecas, em Imigrante. Com 6 pontos, o representante de Forquetinha no Regional \u00e9 uma grata surpresa e tem desempenho acima da m\u00e9dia com as vit\u00f3rias contra o Rudibar e Boavistense nas primeiras partidas.<\/p>\n\n\n\n<p>Por outro lado, o Ecas tamb\u00e9m surpreendeu: na estreia, segurou o atual campe\u00e3o, Juventude de Guapor\u00e9, em Imigrante, por\u00e9m, foi derrotado pelo Brasil de Marques de Souza por 3 a 0 na rodada passada. Os imigrantenses ocupam a 13\u00aa coloca\u00e7\u00e3o.<\/p>\n\n\n\n<p><strong>Na <\/strong><strong>transmiss\u00e3o da Jornada Esportiva da R\u00e1dio Popular FM 96,9 e <\/strong><strong>tamb\u00e9m <\/strong><strong>pelo <\/strong><em><strong>YouTube<\/strong><\/em><strong> do Grupo Popular<\/strong>, Ga\u00facho de Teut\u00f4nia e Tiradentes se encontram no Est\u00e1dio do Pav\u00e3o Vermelho &#8211; Bairro Teut\u00f4nia. O Ga\u00facho venceu seu \u00fanico jogo no campeonato e \u00e9 6\u00ba. J\u00e1 o Tiradentes bateu o Estudiantes fora de casa, ficou no empate em 1 a 1 com o Serrano, em casa, e est\u00e1 na 4\u00aa posi\u00e7\u00e3o.<\/p>\n\n\n\n<p>Em Lajeado, no Bairro Conventos, o Estudiantes recebe o Brasil de Marques para duelo de tradi\u00e7\u00f5es. O tricampe\u00e3o \u00e9 9\u00ba colocado, com 3 pontos em dois jogos. J\u00e1 os donos da casa est\u00e3o em 15\u00ba, com apenas 1.<\/p>\n\n\n\n<p>Atual campe\u00e3o, o Juventude de Guapor\u00e9 vai a Encantado medir for\u00e7as com o Serrano. Sem engrenar, os guaporenses empataram dois jogos e est\u00e3o na 12\u00aa posi\u00e7\u00e3o. Em contrapartida, o Serrano \u00e9 vice-l\u00edder com uma vit\u00f3ria e um empate.<\/p>\n\n\n\n<p>Para fechar a rodada, o Imigrante, de Nova Br\u00e9scia, recebe o Taquariense em Tigrinho Alto. Os donos da casa ocupam o 3\u00ba lugar com 4 pontos. J\u00e1 o Taquariense ainda n\u00e3o venceu e amarga uma derrota \u00e1rdua para o Serrano &#8211; ainda na rodada inaugural.<\/p>\n\n\n\n<p>Nesta rodada, o Navegantes de Encantado estar\u00e1 de folga.<\/p>\n\n\n\n<figure class=\"wp-block-table is-style-stripes\"><table class=\"has-light-green-cyan-to-vivid-green-cyan-gradient-background has-background\"><tbody><tr><td><strong>5\u00aa rodada<\/strong><\/td><td><\/td><td><\/td><td><\/td><td><\/td><td><\/td><td><\/td><\/tr><tr><td><strong>Data<\/strong><\/td><td><strong>Local<\/strong><\/td><td><\/td><td colspan=\"3\"><strong>Partidas<\/strong><\/td><td><\/td><\/tr><tr><td>31\/8<\/td><td>Progresso<\/td><td>Ga\u00facho-Prog<\/td><td><\/td><td>x<\/td><td><\/td><td>Sete de Setembro<\/td><\/tr><tr><td>31\/8<\/td><td>Canudos do Vale<\/td><td>Minuano<\/td><td><\/td><td>x<\/td><td><\/td><td>Juventude-We<\/td><\/tr><tr><td>31\/8<\/td><td>Bom Retiro do Sul<\/td><td>Rudibar<\/td><td><\/td><td>x<\/td><td><\/td><td>Canabarrense<\/td><\/tr><tr><td>31\/8<\/td><td>Boa Vista do Sul<\/td><td>Boavistense<\/td><td><\/td><td>x<\/td><td><\/td><td>Po\u00e7o das Antas<\/td><\/tr><tr><td>31\/8<\/td><td>Imigrante<\/td><td>Ecas<\/td><td><\/td><td>x<\/td><td><\/td><td>Nacional<\/td><\/tr><tr><td>31\/8<\/td><td>Lajeado<\/td><td>Estudiantes<\/td><td><\/td><td>x<\/td><td><\/td><td>Brasil<\/td><\/tr><tr><td>31\/8<\/td><td>Encantado<\/td><td>Serrano<\/td><td><\/td><td>x<\/td><td><\/td><td>Juventude-Guap<\/td><\/tr><tr><td>31\/8<\/td><td>Teut\u00f4nia<\/td><td>SER Ga\u00facho<\/td><td><\/td><td>x<\/td><td><\/td><td>Tiradentes<\/td><\/tr><tr><td>31\/8<\/td><td>Nova Br\u00e9scia<\/td><td>Imigrante<\/td><td><\/td><td>x<\/td><td><\/td><td>Taquariense<\/td><\/tr><tr><td>Folga: Navegantes<\/td><td><\/td><td><\/td><td><\/td><td><\/td><td><\/td><td><\/td><\/tr><\/tbody><\/table><\/figure>\n\n\n\n<figure class=\"wp-block-table is-style-stripes\"><table class=\"has-light-green-cyan-to-vivid-green-cyan-gradient-background has-background\"><tbody><tr><td colspan=\"11\"><strong>Classifica\u00e7\u00e3o TITULARES<\/strong><\/td><td><\/td><\/tr><tr><td><strong>Pos.<\/strong><\/td><td><strong>Equipes<\/strong><\/td><td><strong>PG<\/strong><\/td><td><strong>J<\/strong><\/td><td><strong>V<\/strong><\/td><td><strong>E<\/strong><\/td><td><strong>D<\/strong><\/td><td><strong>GP<\/strong><\/td><td><strong>GC<\/strong><\/td><td><strong>SG<\/strong><\/td><td><strong>%<\/strong><\/td><td><strong><strong>Dis<\/strong><\/strong><\/td><\/tr><tr><td>1\u00ba<\/td><td>Nacional<\/td><td>6<\/td><td>2<\/td><td>2<\/td><td>0<\/td><td>0<\/td><td>3<\/td><td>0<\/td><td>3<\/td><td>100<\/td><td>150<\/td><\/tr><tr><td>2\u00ba<\/td><td>Serrano<\/td><td>4<\/td><td>2<\/td><td>1<\/td><td>1<\/td><td>0<\/td><td>2<\/td><td>1<\/td><td>1<\/td><td>67<\/td><td>30<\/td><\/tr><tr><td>3\u00ba<\/td><td>Imigrante<\/td><td>4<\/td><td>2<\/td><td>1<\/td><td>1<\/td><td>0<\/td><td>4<\/td><td>2<\/td><td>2<\/td><td>67<\/td><td>40<\/td><\/tr><tr><td>4\u00ba<\/td><td>Tiradentes<\/td><td>4<\/td><td>2<\/td><td>1<\/td><td>1<\/td><td>0<\/td><td>3<\/td><td>2<\/td><td>1<\/td><td>67<\/td><td>40<\/td><\/tr><tr><td>5\u00ba<\/td><td>Po\u00e7o das Antas<\/td><td>4<\/td><td>2<\/td><td>1<\/td><td>1<\/td><td>0<\/td><td>5<\/td><td>4<\/td><td>1<\/td><td>67<\/td><td>50<\/td><\/tr><tr><td>6\u00ba<\/td><td>SER Ga\u00facho<\/td><td>3<\/td><td>1<\/td><td>1<\/td><td>0<\/td><td>0<\/td><td>2<\/td><td>0<\/td><td>2<\/td><td>100<\/td><td>20<\/td><\/tr><tr><td>7\u00ba<\/td><td>Canabarrense<\/td><td>3<\/td><td>2<\/td><td>1<\/td><td>0<\/td><td>1<\/td><td>2<\/td><td>2<\/td><td>0<\/td><td>50<\/td><td>30<\/td><\/tr><tr><td>8\u00ba<\/td><td>Boavistense<\/td><td>3<\/td><td>2<\/td><td>1<\/td><td>0<\/td><td>1<\/td><td>1<\/td><td>1<\/td><td>0<\/td><td>50<\/td><td>60<\/td><\/tr><tr><td>9\u00ba<\/td><td>Brasil<\/td><td>3<\/td><td>2<\/td><td>1<\/td><td>0<\/td><td>1<\/td><td>3<\/td><td>1<\/td><td>2<\/td><td>50<\/td><td>70<\/td><\/tr><tr><td>10\u00ba<\/td><td>Juventude-We<\/td><td>3<\/td><td>2<\/td><td>1<\/td><td>0<\/td><td>1<\/td><td>3<\/td><td>4<\/td><td>-1<\/td><td>50<\/td><td>80<\/td><\/tr><tr><td>11\u00ba<\/td><td>Minuano<\/td><td>3<\/td><td>2<\/td><td>1<\/td><td>0<\/td><td>1<\/td><td>3<\/td><td>2<\/td><td>1<\/td><td>50<\/td><td>20<\/td><\/tr><tr><td>12\u00ba<\/td><td>Juventude-Guap<\/td><td>2<\/td><td>2<\/td><td>0<\/td><td>2<\/td><td>0<\/td><td>4<\/td><td>4<\/td><td>0<\/td><td>33<\/td><td>40<\/td><\/tr><tr><td>13\u00ba<\/td><td>Ecas<\/td><td>1<\/td><td>2<\/td><td>0<\/td><td>1<\/td><td>1<\/td><td>1<\/td><td>4<\/td><td>-3<\/td><td>17<\/td><td>40<\/td><\/tr><tr><td>14\u00ba<\/td><td>Sete de Setembro<\/td><td>1<\/td><td>2<\/td><td>0<\/td><td>1<\/td><td>1<\/td><td>2<\/td><td>4<\/td><td>-2<\/td><td>17<\/td><td>50<\/td><\/tr><tr><td>15\u00ba<\/td><td>Estudiantes<\/td><td>1<\/td><td>2<\/td><td>0<\/td><td>1<\/td><td>1<\/td><td>4<\/td><td>5<\/td><td>-1<\/td><td>17<\/td><td>60<\/td><\/tr><tr><td>16\u00ba<\/td><td>Rudibar<\/td><td>1<\/td><td>2<\/td><td>0<\/td><td>1<\/td><td>1<\/td><td>3<\/td><td>5<\/td><td>-2<\/td><td>17<\/td><td>80<\/td><\/tr><tr><td>17\u00ba<\/td><td>Taquariense<\/td><td>0<\/td><td>1<\/td><td>0<\/td><td>0<\/td><td>1<\/td><td>0<\/td><td>1<\/td><td>-1<\/td><td>0<\/td><td>10<\/td><\/tr><tr><td>18\u00ba<\/td><td>Navegantes<\/td><td>0<\/td><td>2<\/td><td>0<\/td><td>0<\/td><td>2<\/td><td>2<\/td><td>5<\/td><td>-3<\/td><td>0<\/td><td>30<\/td><\/tr><tr><td>19\u00ba<\/td><td>Ga\u00facho-Prog<\/td><td>0<\/td><td>0<\/td><td>0<\/td><td>0<\/td><td>0<\/td><td>0<\/td><td>0<\/td><td>0<\/td><td>0<\/td><td>0<\/td><\/tr><\/tbody><\/table><\/figure>\n\n\n\n<h2 class=\"wp-block-heading\"><strong>Aspirantes<\/strong><\/h2>\n\n\n\n<p>No segundo quadro, sete clubes podem assumir a lideran\u00e7a da competi\u00e7\u00e3o \u2013 a depender de combina\u00e7\u00f5es de resultados. O l\u00edder, Serrano, enfrenta o 7\u00ba colocado, Imigrante. Se vencer, a equipe de Encantado se mant\u00e9m na ponta; uma derrota pode fazer com que os brescienses os ultrapassem na tabela.<\/p>\n\n\n\n<p>Na torcida pela derrocada do Serrano, o Estudiantes enfrenta o Brasil de Marques de Souza. Vit\u00f3ria dos lajeadenses e trope\u00e7o do Serrano d\u00e3o a 1\u00aa posi\u00e7\u00e3o para o time do Bairro Conventos. O Brasil precisa vencer e torcer por resultados paralelos para ir \u00e0 lideran\u00e7a.<\/p>\n\n\n\n<p>O Rudibar vive situa\u00e7\u00e3o parecida, pois tamb\u00e9m \u00e9 um dos sete times embolados com 4 pontos. A equipe de Bom Retiro do Sul joga contra o 9\u00ba colocado, Canabarrense, e quer a vit\u00f3ria para encostar nas primeiras posi\u00e7\u00f5es ou, at\u00e9 mesmo, assumir a lideran\u00e7a. O Canabarrense, por sua vez, precisa da vit\u00f3ria para chegar mais pr\u00f3ximo dos primeiros lugares.<\/p>\n\n\n\n<p>Em casa, o Minuano recebe o Juventude de Westf\u00e1lia. O mandante tamb\u00e9m pode se tornar l\u00edder em caso de vit\u00f3ria. A Berlim quer somar seus primeiros 3 pontos e sair das \u00faltimas posi\u00e7\u00f5es.<\/p>\n\n\n\n<p>Para fechar os postulantes ao primeiro lugar, o Sete de Setembro vai a Progresso encarar o estreante Ga\u00facho. Os arroio-meenses ocupam o 5\u00ba lugar, enquanto o Ga\u00facho \u00e9 lanterna.<\/p>\n\n\n\n<p>Ainda, o Boavistense joga contra o Po\u00e7o das Antas &#8211; as duas equipes est\u00e3o empatadas e com 1 ponto. Semelhante a esse jogo, o Ecas encara o Nacional na mesma situa\u00e7\u00e3o: dois times com apenas 1 ponto e igualados na tabela.<\/p>\n\n\n\n<p>Para encerrar a rodada, o 17\u00ba colocado, Ga\u00facho de Teut\u00f4nia, recebe o Tiradentes (18\u00ba), e um dos dois times sair\u00e1 do marasmo de n\u00e3o ter pontuado.<\/p>\n\n\n\n<figure class=\"wp-block-table is-style-stripes\"><table class=\"has-light-green-cyan-to-vivid-green-cyan-gradient-background has-background\"><tbody><tr><td colspan=\"11\"><strong>Classifica\u00e7\u00e3o ASPIRANTES<\/strong><\/td><td><\/td><\/tr><tr><td><strong>Pos.<\/strong><\/td><td><strong>Equipes<\/strong><\/td><td><strong>PG<\/strong><\/td><td><strong>J<\/strong><\/td><td><strong>V<\/strong><\/td><td><strong>E<\/strong><\/td><td><strong>D<\/strong><\/td><td><strong>GP<\/strong><\/td><td><strong>GC<\/strong><\/td><td><strong>SG<\/strong><\/td><td><strong>%<\/strong><\/td><td><strong>Dis<\/strong><\/td><\/tr><tr><td>1\u00ba<\/td><td>Serrano<\/td><td>6<\/td><td>2<\/td><td>2<\/td><td>0<\/td><td>0<\/td><td>6<\/td><td>2<\/td><td>4<\/td><td>100<\/td><td>70<\/td><\/tr><tr><td>2\u00ba<\/td><td>Estudiantes<\/td><td>6<\/td><td>2<\/td><td>2<\/td><td>0<\/td><td>0<\/td><td>7<\/td><td>2<\/td><td>5<\/td><td>100<\/td><td>90<\/td><\/tr><tr><td>3\u00ba<\/td><td>Rudibar<\/td><td>4<\/td><td>2<\/td><td>1<\/td><td>1<\/td><td>0<\/td><td>1<\/td><td>0<\/td><td>1<\/td><td>67<\/td><td>40<\/td><\/tr><tr><td>4\u00ba<\/td><td>Minuano<\/td><td>4<\/td><td>2<\/td><td>1<\/td><td>1<\/td><td>0<\/td><td>6<\/td><td>2<\/td><td>4<\/td><td>67<\/td><td>40<\/td><\/tr><tr><td>5\u00ba<\/td><td>Sete de Setembro<\/td><td>4<\/td><td>2<\/td><td>1<\/td><td>1<\/td><td>0<\/td><td>3<\/td><td>1<\/td><td>2<\/td><td>67<\/td><td>50<\/td><\/tr><tr><td>6\u00ba<\/td><td>Brasil<\/td><td>4<\/td><td>2<\/td><td>1<\/td><td>1<\/td><td>0<\/td><td>6<\/td><td>4<\/td><td>2<\/td><td>67<\/td><td>80<\/td><\/tr><tr><td>7\u00ba<\/td><td>Imigrante<\/td><td>4<\/td><td>2<\/td><td>1<\/td><td>1<\/td><td>0<\/td><td>3<\/td><td>2<\/td><td>1<\/td><td>67<\/td><td>110<\/td><\/tr><tr><td>8\u00ba<\/td><td>Navegantes<\/td><td>2<\/td><td>2<\/td><td>0<\/td><td>2<\/td><td>0<\/td><td>2<\/td><td>2<\/td><td>0<\/td><td>33<\/td><td>80<\/td><\/tr><tr><td>9\u00ba<\/td><td>Canabarrense<\/td><td>2<\/td><td>2<\/td><td>0<\/td><td>2<\/td><td>0<\/td><td>2<\/td><td>2<\/td><td>0<\/td><td>33<\/td><td>90<\/td><\/tr><tr><td>10\u00ba<\/td><td>Boavistense<\/td><td>1<\/td><td>2<\/td><td>0<\/td><td>1<\/td><td>1<\/td><td>4<\/td><td>4<\/td><td>0<\/td><td>17<\/td><td>100<\/td><\/tr><tr><td>11\u00ba<\/td><td>Juventude-Guap<\/td><td>1<\/td><td>2<\/td><td>0<\/td><td>1<\/td><td>1<\/td><td>0<\/td><td>1<\/td><td>-1<\/td><td>17<\/td><td>50<\/td><\/tr><tr><td>12\u00ba<\/td><td>Nacional<\/td><td>1<\/td><td>2<\/td><td>0<\/td><td>1<\/td><td>1<\/td><td>2<\/td><td>3<\/td><td>-1<\/td><td>17<\/td><td>60<\/td><\/tr><tr><td>13\u00ba<\/td><td>Ecas<\/td><td>1<\/td><td>2<\/td><td>0<\/td><td>1<\/td><td>1<\/td><td>2<\/td><td>4<\/td><td>-2<\/td><td>17<\/td><td>80<\/td><\/tr><tr><td>14\u00ba<\/td><td>Po\u00e7o das Antas<\/td><td>1<\/td><td>2<\/td><td>0<\/td><td>1<\/td><td>1<\/td><td>0<\/td><td>4<\/td><td>-4<\/td><td>17<\/td><td>150<\/td><\/tr><tr><td>15\u00ba<\/td><td>Juventude-We<\/td><td>1<\/td><td>2<\/td><td>0<\/td><td>1<\/td><td>1<\/td><td>3<\/td><td>4<\/td><td>-1<\/td><td>17<\/td><td>290<\/td><\/tr><tr><td>16\u00ba<\/td><td>SER Ga\u00facho<\/td><td>0<\/td><td>1<\/td><td>0<\/td><td>0<\/td><td>1<\/td><td>0<\/td><td>2<\/td><td>-2<\/td><td>0<\/td><td>40<\/td><\/tr><tr><td>17\u00ba<\/td><td>Taquariense<\/td><td>0<\/td><td>1<\/td><td>0<\/td><td>0<\/td><td>1<\/td><td>1<\/td><td>4<\/td><td>-3<\/td><td>0<\/td><td>50<\/td><\/tr><tr><td>18\u00ba<\/td><td>Tiradentes<\/td><td>0<\/td><td>2<\/td><td>0<\/td><td>0<\/td><td>2<\/td><td>3<\/td><td>8<\/td><td>-5<\/td><td>0<\/td><td>100<\/td><\/tr><tr><td>19\u00ba<\/td><td>Ga\u00facho-Prog<\/td><td>0<\/td><td>0<\/td><td>0<\/td><td>0<\/td><td>0<\/td><td>0<\/td><td>0<\/td><td>0<\/td><td>0<\/td><td>0<\/td><\/tr><\/tbody><\/table><\/figure>\n\n\n\n<h2 class=\"wp-block-heading\"><strong>S\u00e9rie B<\/strong><\/h2>\n\n\n\n<p>Lanternas das categorias Titulares e Aspirantes, Guarani e 11 Amigos se encontram em Lajeado. As equipes ainda n\u00e3o pontuaram e querem as vit\u00f3rias.<\/p>\n\n\n\n<p>No outro enfrentamento, o Nova Berlim recebe o CMD Mu\u00e7um, em Canudos do Vale. Os confrontos marcam duelos entre os dois primeiros colocados de cada categoria. Pelo primeiro quadro, os donos da casa est\u00e3o na lideran\u00e7a com 3 pontos e a equipe de Mu\u00e7um \u00e9 vice, com 1. J\u00e1 nos Aspirantes, o CMD Mu\u00e7um est\u00e1 na ponta com 3 pontos, mesma quantia do Nova Berlim, vice-l\u00edder.<\/p>\n\n\n\n<p>Nesta rodada, Delfinense est\u00e1 de folga. O clube de Estrela e 3\u00ba colocado nos dois quadros.<\/p>\n\n\n\n<figure class=\"wp-block-table is-style-stripes\"><table class=\"has-light-green-cyan-to-vivid-green-cyan-gradient-background has-background\"><tbody><tr><td><strong>3\u00aa rodada &#8211; 31\/8<\/strong><\/td><td><\/td><td><\/td><td><\/td><td><\/td><td><\/td><\/tr><tr><td><strong>Local<\/strong><\/td><td><\/td><td colspan=\"3\"><strong>Partidas<\/strong><\/td><td><\/td><\/tr><tr><td>Lajeado<\/td><td>Guarani<\/td><td><\/td><td>x<\/td><td><\/td><td>11 Amgos<\/td><\/tr><tr><td>Canudos do Vale<\/td><td>Nova Berlim<\/td><td><\/td><td>x<\/td><td><\/td><td>CMD Mu\u00e7um<\/td><\/tr><tr><td>Folga: Delfinense (Estrela)<\/td><td><\/td><td><\/td><td><\/td><td><\/td><td><\/td><\/tr><\/tbody><\/table><\/figure>\n\n\n\n<figure class=\"wp-block-table is-style-stripes\"><table class=\"has-light-green-cyan-to-vivid-green-cyan-gradient-background has-background\"><tbody><tr><td colspan=\"12\"><strong>Classifica\u00e7\u00e3o TITULARES<\/strong><\/td><td><\/td><\/tr><tr><td><strong>Pos.<\/strong><\/td><td><strong>Equipes<\/strong><\/td><td><\/td><td><strong>PG<\/strong><\/td><td><strong>J<\/strong><\/td><td><strong>V<\/strong><\/td><td><strong>E<\/strong><\/td><td><strong>D<\/strong><\/td><td><strong>GP<\/strong><\/td><td><strong>GS<\/strong><\/td><td><strong>SG<\/strong><\/td><td><strong>%<\/strong><\/td><td><strong>Dis<\/strong><\/td><\/tr><tr><td>1\u00ba<\/td><td>Nova Berlim<\/td><td><\/td><td>3<\/td><td>1<\/td><td>1<\/td><td>0<\/td><td>0<\/td><td>1<\/td><td>0<\/td><td>1<\/td><td>100<\/td><td>20<\/td><\/tr><tr><td>2\u00ba<\/td><td>CMD Mu\u00e7um<\/td><td><\/td><td>1<\/td><td>1<\/td><td>0<\/td><td>1<\/td><td>0<\/td><td>3<\/td><td>3<\/td><td>0<\/td><td>33<\/td><td>20<\/td><\/tr><tr><td>3\u00ba<\/td><td>Delfinense<\/td><td><\/td><td>1<\/td><td>1<\/td><td>0<\/td><td>1<\/td><td>0<\/td><td>3<\/td><td>3<\/td><td>0<\/td><td>33<\/td><td>20<\/td><\/tr><tr><td>4\u00ba<\/td><td>Guarani<\/td><td><\/td><td>0<\/td><td>1<\/td><td>0<\/td><td>0<\/td><td>1<\/td><td>0<\/td><td>1<\/td><td>-1<\/td><td>0<\/td><td>10<\/td><\/tr><tr><td>5\u00ba<\/td><td>11 Amigos<\/td><td><\/td><td>0<\/td><td>0<\/td><td>0<\/td><td>0<\/td><td>0<\/td><td>0<\/td><td>0<\/td><td>0<\/td><td>0<\/td><td>0<\/td><\/tr><\/tbody><\/table><\/figure>\n\n\n\n<figure class=\"wp-block-table is-style-stripes\"><table class=\"has-light-green-cyan-to-vivid-green-cyan-gradient-background has-background\"><tbody><tr><td colspan=\"12\"><strong>Classifica\u00e7\u00e3o ASPIRANTES<\/strong><\/td><td><\/td><\/tr><tr><td><strong>Pos.<\/strong><\/td><td><strong>Equipes<\/strong><\/td><td><\/td><td><strong>PG<\/strong><\/td><td><strong>J<\/strong><\/td><td><strong>V<\/strong><\/td><td><strong>E<\/strong><\/td><td><strong>D<\/strong><\/td><td><strong>GP<\/strong><\/td><td><strong>GS<\/strong><\/td><td><strong>SG<\/strong><\/td><td><strong>%<\/strong><\/td><td><strong>Dis<\/strong><\/td><\/tr><tr><td>1\u00ba<\/td><td>CMD Mu\u00e7um<\/td><td><\/td><td>3<\/td><td>1<\/td><td>1<\/td><td>0<\/td><td>0<\/td><td>2<\/td><td>0<\/td><td>2<\/td><td>100<\/td><td>10<\/td><\/tr><tr><td>2\u00ba<\/td><td>Nova Berlim<\/td><td><\/td><td>3<\/td><td>1<\/td><td>1<\/td><td>0<\/td><td>0<\/td><td>2<\/td><td>1<\/td><td>1<\/td><td>100<\/td><td>10<\/td><\/tr><tr><td>3\u00ba<\/td><td>Delfinense<\/td><td><\/td><td>0<\/td><td>1<\/td><td>0<\/td><td>0<\/td><td>1<\/td><td>0<\/td><td>2<\/td><td>-2<\/td><td>0<\/td><td>0<\/td><\/tr><tr><td>4\u00ba<\/td><td>Guarani<\/td><td><\/td><td>0<\/td><td>1<\/td><td>0<\/td><td>0<\/td><td>1<\/td><td>1<\/td><td>2<\/td><td>-1<\/td><td>0<\/td><td>0<\/td><\/tr><tr><td>5\u00ba<\/td><td>11 Amigos<\/td><td><\/td><td>0<\/td><td>0<\/td><td>0<\/td><td>0<\/td><td>0<\/td><td>0<\/td><td>0<\/td><td>0<\/td><td>0<\/td><td>0<\/td><\/tr><\/tbody><\/table><\/figure>\n\n\n\n<h2 class=\"wp-block-heading\"><strong>Veteranos<\/strong><\/h2>\n\n\n\n<p>Nos primeiros jogos do domingo, a categoria Veteranos ter\u00e1 tr\u00eas partidas. Em Ven\u00e2ncio Aires, o S\u00e3o Luiz estreia contra a Assespe. Os donos da casa perderam na estreia para o Conc\u00f3rdia e precisam vencer para se recuperar.<\/p>\n\n\n\n<p>Serrano e Floriano estreiam no campeonato em Encantado. Os times estavam de folga na rodada inaugural. Quem tamb\u00e9m joga pela primeira vez \u00e9 o Rudibar, que folgou na primeira rodada e enfrenta o l\u00edder, Sete de Setembro, em Bom Retiro do Sul.<\/p>\n\n\n\n<p>As folgas da rodada ficam por conta de Penharol, Conc\u00f3rdia e Flamengo de Santa Cruz do Sul.<\/p>\n\n\n\n<figure class=\"wp-block-table is-style-stripes\"><table class=\"has-light-green-cyan-to-vivid-green-cyan-gradient-background has-background\"><tbody><tr><td colspan=\"6\"><strong>3\u00aa rodada &#8211; 31\/8<\/strong><\/td><\/tr><tr><td><strong>Local<\/strong><\/td><td><\/td><td colspan=\"3\"><strong>Confronto<\/strong><\/td><td><\/td><\/tr><tr><td>Ven\u00e2ncio Aires<\/td><td>Assespe<\/td><td><\/td><td>X<\/td><td><\/td><td>S\u00e3o Luiz<\/td><\/tr><tr><td>Encantado<\/td><td>Serrano<\/td><td><\/td><td>X<\/td><td><\/td><td>Floriano<\/td><\/tr><tr><td>Bom Retiro do Sul<\/td><td>Rudibar<\/td><td><\/td><td>X<\/td><td><\/td><td>Sete de Setembro<\/td><\/tr><tr><td><\/td><td><\/td><td><\/td><td>X<\/td><td><\/td><td><\/td><\/tr><tr><td>Folga: Penharol, Conc\u00f3rdia e Flamengo<\/td><td><\/td><td><\/td><td><\/td><td><\/td><td><\/td><\/tr><\/tbody><\/table><\/figure>\n\n\n\n<figure class=\"wp-block-table is-style-stripes\"><table class=\"has-light-green-cyan-to-vivid-green-cyan-gradient-background has-background\"><tbody><tr><td colspan=\"11\"><strong>Classifica\u00e7\u00e3o VETERANOS<\/strong><\/td><td><\/td><\/tr><tr><td><strong>Pos.<\/strong><\/td><td><strong>Equipes<\/strong><\/td><td><strong>PG<\/strong><\/td><td><strong>J<\/strong><\/td><td><strong>V<\/strong><\/td><td><strong>E<\/strong><\/td><td><strong>D<\/strong><\/td><td><strong>GP<\/strong><\/td><td><strong>GS<\/strong><\/td><td><strong>SG<\/strong><\/td><td><strong>%<\/strong><\/td><td><strong>Dis<\/strong><\/td><\/tr><tr><td>1\u00ba<\/td><td>Sete de Setembro<\/td><td>3<\/td><td>1<\/td><td>1<\/td><td>0<\/td><td>0<\/td><td>2<\/td><td>0<\/td><td>2<\/td><td>100<\/td><td>10<\/td><\/tr><tr><td>2\u00ba<\/td><td>Conc\u00f3rdia<\/td><td>3<\/td><td>1<\/td><td>1<\/td><td>0<\/td><td>0<\/td><td>2<\/td><td>1<\/td><td>1<\/td><td>100<\/td><td>10<\/td><\/tr><tr><td>3\u00ba<\/td><td>Flamengo<\/td><td>0<\/td><td>1<\/td><td>0<\/td><td>0<\/td><td>1<\/td><td>1<\/td><td>2<\/td><td>-1<\/td><td>0<\/td><td>30<\/td><\/tr><tr><td>4\u00ba<\/td><td>Assespe<\/td><td>0<\/td><td>1<\/td><td>0<\/td><td>0<\/td><td>1<\/td><td>0<\/td><td>2<\/td><td>-2<\/td><td>0<\/td><td>50<\/td><\/tr><tr><td>5\u00ba<\/td><td>S\u00e3o Luiz<\/td><td>0<\/td><td>0<\/td><td>0<\/td><td>0<\/td><td>0<\/td><td>0<\/td><td>0<\/td><td>0<\/td><td>0<\/td><td>0<\/td><\/tr><tr><td>6\u00ba<\/td><td>Penharol<\/td><td>0<\/td><td>0<\/td><td>0<\/td><td>0<\/td><td>0<\/td><td>0<\/td><td>0<\/td><td>0<\/td><td>0<\/td><td>0<\/td><\/tr><tr><td>7\u00ba<\/td><td>Rudibar<\/td><td>0<\/td><td>0<\/td><td>0<\/td><td>0<\/td><td>0<\/td><td>0<\/td><td>0<\/td><td>0<\/td><td>0<\/td><td>0<\/td><\/tr><tr><td>8\u00ba<\/td><td>Floriano<\/td><td>0<\/td><td>0<\/td><td>0<\/td><td>0<\/td><td>0<\/td><td>0<\/td><td>0<\/td><td>0<\/td><td>0<\/td><td>0<\/td><\/tr><tr><td>9\u00ba<\/td><td>Serrano<\/td><td>0<\/td><td>0<\/td><td>0<\/td><td>0<\/td><td>0<\/td><td>0<\/td><td>0<\/td><td>0<\/td><td>0<\/td><td>0<\/td><\/tr><\/tbody><\/table><\/figure>\n\n\n\n<h2 class=\"wp-block-heading\"><strong>TRANSMISS\u00d5ES DA POPULAR<\/strong><\/h2>\n\n\n\n<figure class=\"wp-block-embed is-type-video is-provider-youtube wp-block-embed-youtube wp-embed-aspect-4-3 wp-has-aspect-ratio\"><div class=\"wp-block-embed__wrapper\">\n<div class=\"youtube-embed\" data-video_id=\"\"><iframe loading=\"lazy\" title=\"REGIONAL CERTEL \/ SICREDI 2025 - 5\u00aa RODADA | JORNADA ESPORTIVA\" width=\"696\" height=\"522\" src=\"https:\/\/www.youtube.com\/embed\/DEPLzPWFxaQ?feature=oembed&#038;enablejsapi=1\" frameborder=\"0\" allow=\"accelerometer; autoplay; clipboard-write; encrypted-media; gyroscope; picture-in-picture; web-share\" referrerpolicy=\"strict-origin-when-cross-origin\" allowfullscreen><\/iframe><\/div>\n<\/div><\/figure>\n\n\n\n<figure class=\"wp-block-embed is-type-video is-provider-youtube wp-block-embed-youtube wp-embed-aspect-4-3 wp-has-aspect-ratio\"><div class=\"wp-block-embed__wrapper\">\n<div class=\"youtube-embed\" data-video_id=\"\"><iframe loading=\"lazy\" title=\"REGIONAL CERTEL \/ SICREDI 2025 - 5\u00aa RODADA | JORNADA ESPORTIVA\" width=\"696\" height=\"522\" src=\"https:\/\/www.youtube.com\/embed\/NulMXg2O5ns?feature=oembed&#038;enablejsapi=1\" frameborder=\"0\" allow=\"accelerometer; autoplay; clipboard-write; encrypted-media; gyroscope; picture-in-picture; web-share\" referrerpolicy=\"strict-origin-when-cross-origin\" allowfullscreen><\/iframe><\/div>\n<\/div><\/figure>\n","protected":false},"excerpt":{"rendered":"<p>Ap\u00f3s o adiamento das rodadas das S\u00e9ries A, B e Veteranos do Campeonato Regional Certel Sicredi 2025 da Aslivata no domingo passado (24\/8), as partidas voltam a ocorrer amanh\u00e3 (31\/8). Apenas condi\u00e7\u00f5es clim\u00e1ticas adversas podem causar transtornos e adiar os confrontos mais uma vez. Caso confirmada, a S\u00e9rie A ter\u00e1 duelos em oito munic\u00edpios: Progresso, [&hellip;]<\/p>\n","protected":false},"author":732,"featured_media":193120,"comment_status":"open","ping_status":"open","sticky":false,"template":"","format":"standard","meta":{"pmpro_default_level":"","_jetpack_memberships_contains_paid_content":false,"footnotes":""},"categories":[18696,2,5,240,288],"tags":[290,19320,147,317,4884,4882,864],"class_list":{"0":"post-193062","1":"post","2":"type-post","3":"status-publish","4":"format-standard","5":"has-post-thumbnail","7":"category-campeonato-regional-2025","8":"category-featured","9":"category-esportes","10":"category-futebol-amador","11":"category-regional-da-aslivata","12":"tag-aslivata","13":"tag-campeonato-regional-certel-sicredi","14":"tag-futebol-amador","15":"tag-regional","16":"tag-serie-a","17":"tag-serie-b","18":"tag-veteranos","19":"pmpro-has-access"},"yoast_head":"<!-- This site is optimized with the Yoast SEO plugin v27.5 - https:\/\/yoast.com\/product\/yoast-seo-wordpress\/ -->\n<title>Bola deve rolar em todas as divis\u00f5es do Regional - Folha Popular<\/title>\n<meta name=\"robots\" content=\"index, follow, max-snippet:-1, max-image-preview:large, max-video-preview:-1\" \/>\n<link rel=\"canonical\" href=\"https:\/\/folhapopular.info\/index.php\/2025\/08\/30\/bola-deve-rolar-em-todas-as-divisoes-do-regional\/\" \/>\n<meta property=\"og:locale\" content=\"pt_BR\" \/>\n<meta property=\"og:type\" content=\"article\" \/>\n<meta property=\"og:title\" content=\"Bola deve rolar em todas as divis\u00f5es do Regional - Folha Popular\" \/>\n<meta property=\"og:description\" content=\"Ap\u00f3s o adiamento das rodadas das S\u00e9ries A, B e Veteranos do Campeonato Regional Certel Sicredi 2025 da Aslivata no domingo passado (24\/8), as partidas voltam a ocorrer amanh\u00e3 (31\/8). Apenas condi\u00e7\u00f5es clim\u00e1ticas adversas podem causar transtornos e adiar os confrontos mais uma vez. Caso confirmada, a S\u00e9rie A ter\u00e1 duelos em oito munic\u00edpios: Progresso, [&hellip;]\" \/>\n<meta property=\"og:url\" content=\"https:\/\/folhapopular.info\/index.php\/2025\/08\/30\/bola-deve-rolar-em-todas-as-divisoes-do-regional\/\" \/>\n<meta property=\"og:site_name\" content=\"Folha Popular\" \/>\n<meta property=\"article:author\" content=\"https:\/\/www.facebook.com\/luis.huppes\/\" \/>\n<meta property=\"article:published_time\" content=\"2025-08-30T13:30:00+00:00\" \/>\n<meta property=\"og:image\" content=\"https:\/\/folhapopular.info\/wp-content\/uploads\/2025\/08\/WhatsApp-Image-2025-08-29-at-18.44.50.jpeg\" \/>\n\t<meta property=\"og:image:width\" content=\"1600\" \/>\n\t<meta property=\"og:image:height\" content=\"1066\" \/>\n\t<meta property=\"og:image:type\" content=\"image\/jpeg\" \/>\n<meta name=\"author\" content=\"Luis Augusto Huppes\" \/>\n<meta name=\"twitter:card\" content=\"summary_large_image\" \/>\n<meta name=\"twitter:label1\" content=\"Escrito por\" \/>\n\t<meta name=\"twitter:data1\" content=\"Luis Augusto Huppes\" \/>\n\t<meta name=\"twitter:label2\" content=\"Est. tempo de leitura\" \/>\n\t<meta name=\"twitter:data2\" content=\"12 minutos\" \/>\n<script type=\"application\/ld+json\" class=\"yoast-schema-graph\">{\"@context\":\"https:\\\/\\\/schema.org\",\"@graph\":[{\"@type\":\"Article\",\"@id\":\"https:\\\/\\\/folhapopular.info\\\/index.php\\\/2025\\\/08\\\/30\\\/bola-deve-rolar-em-todas-as-divisoes-do-regional\\\/#article\",\"isPartOf\":{\"@id\":\"https:\\\/\\\/folhapopular.info\\\/index.php\\\/2025\\\/08\\\/30\\\/bola-deve-rolar-em-todas-as-divisoes-do-regional\\\/\"},\"author\":{\"name\":\"Luis Augusto Huppes\",\"@id\":\"https:\\\/\\\/folhapopular.info\\\/#\\\/schema\\\/person\\\/e852c327371714676d02e58cf917fd9f\"},\"headline\":\"Bola deve rolar em todas as divis\u00f5es do Regional\",\"datePublished\":\"2025-08-30T13:30:00+00:00\",\"mainEntityOfPage\":{\"@id\":\"https:\\\/\\\/folhapopular.info\\\/index.php\\\/2025\\\/08\\\/30\\\/bola-deve-rolar-em-todas-as-divisoes-do-regional\\\/\"},\"wordCount\":1511,\"commentCount\":0,\"image\":{\"@id\":\"https:\\\/\\\/folhapopular.info\\\/index.php\\\/2025\\\/08\\\/30\\\/bola-deve-rolar-em-todas-as-divisoes-do-regional\\\/#primaryimage\"},\"thumbnailUrl\":\"https:\\\/\\\/folhapopular.info\\\/wp-content\\\/uploads\\\/2025\\\/08\\\/WhatsApp-Image-2025-08-29-at-18.44.50.jpeg\",\"keywords\":[\"Aslivata\",\"Campeonato Regional Certel Sicredi\",\"futebol amador\",\"Regional\",\"S\u00e9rie A\",\"S\u00e9rie B\",\"Veteranos\"],\"articleSection\":[\"Campeonato Regional 2025\",\"Destaques\",\"Esportes\",\"Futebol Amador\",\"Regional da Aslivata\"],\"inLanguage\":\"pt-BR\",\"potentialAction\":[{\"@type\":\"CommentAction\",\"name\":\"Comment\",\"target\":[\"https:\\\/\\\/folhapopular.info\\\/index.php\\\/2025\\\/08\\\/30\\\/bola-deve-rolar-em-todas-as-divisoes-do-regional\\\/#respond\"]}]},{\"@type\":\"WebPage\",\"@id\":\"https:\\\/\\\/folhapopular.info\\\/index.php\\\/2025\\\/08\\\/30\\\/bola-deve-rolar-em-todas-as-divisoes-do-regional\\\/\",\"url\":\"https:\\\/\\\/folhapopular.info\\\/index.php\\\/2025\\\/08\\\/30\\\/bola-deve-rolar-em-todas-as-divisoes-do-regional\\\/\",\"name\":\"Bola deve rolar em todas as divis\u00f5es do Regional - Folha Popular\",\"isPartOf\":{\"@id\":\"https:\\\/\\\/folhapopular.info\\\/#website\"},\"primaryImageOfPage\":{\"@id\":\"https:\\\/\\\/folhapopular.info\\\/index.php\\\/2025\\\/08\\\/30\\\/bola-deve-rolar-em-todas-as-divisoes-do-regional\\\/#primaryimage\"},\"image\":{\"@id\":\"https:\\\/\\\/folhapopular.info\\\/index.php\\\/2025\\\/08\\\/30\\\/bola-deve-rolar-em-todas-as-divisoes-do-regional\\\/#primaryimage\"},\"thumbnailUrl\":\"https:\\\/\\\/folhapopular.info\\\/wp-content\\\/uploads\\\/2025\\\/08\\\/WhatsApp-Image-2025-08-29-at-18.44.50.jpeg\",\"datePublished\":\"2025-08-30T13:30:00+00:00\",\"author\":{\"@id\":\"https:\\\/\\\/folhapopular.info\\\/#\\\/schema\\\/person\\\/e852c327371714676d02e58cf917fd9f\"},\"breadcrumb\":{\"@id\":\"https:\\\/\\\/folhapopular.info\\\/index.php\\\/2025\\\/08\\\/30\\\/bola-deve-rolar-em-todas-as-divisoes-do-regional\\\/#breadcrumb\"},\"inLanguage\":\"pt-BR\",\"potentialAction\":[{\"@type\":\"ReadAction\",\"target\":[\"https:\\\/\\\/folhapopular.info\\\/index.php\\\/2025\\\/08\\\/30\\\/bola-deve-rolar-em-todas-as-divisoes-do-regional\\\/\"]}]},{\"@type\":\"ImageObject\",\"inLanguage\":\"pt-BR\",\"@id\":\"https:\\\/\\\/folhapopular.info\\\/index.php\\\/2025\\\/08\\\/30\\\/bola-deve-rolar-em-todas-as-divisoes-do-regional\\\/#primaryimage\",\"url\":\"https:\\\/\\\/folhapopular.info\\\/wp-content\\\/uploads\\\/2025\\\/08\\\/WhatsApp-Image-2025-08-29-at-18.44.50.jpeg\",\"contentUrl\":\"https:\\\/\\\/folhapopular.info\\\/wp-content\\\/uploads\\\/2025\\\/08\\\/WhatsApp-Image-2025-08-29-at-18.44.50.jpeg\",\"width\":1600,\"height\":1066,\"caption\":\"R\u00e1dio Popular transmite duelo entre Ga\u00facho e Tiradentes. Cr\u00e9dito: Luan Kevin Fotografia \\\/ Divulga\u00e7\u00e3o\"},{\"@type\":\"BreadcrumbList\",\"@id\":\"https:\\\/\\\/folhapopular.info\\\/index.php\\\/2025\\\/08\\\/30\\\/bola-deve-rolar-em-todas-as-divisoes-do-regional\\\/#breadcrumb\",\"itemListElement\":[{\"@type\":\"ListItem\",\"position\":1,\"name\":\"In\u00edcio\",\"item\":\"https:\\\/\\\/folhapopular.info\\\/\"},{\"@type\":\"ListItem\",\"position\":2,\"name\":\"Bola deve rolar em todas as divis\u00f5es do Regional\"}]},{\"@type\":\"WebSite\",\"@id\":\"https:\\\/\\\/folhapopular.info\\\/#website\",\"url\":\"https:\\\/\\\/folhapopular.info\\\/\",\"name\":\"Folha Popular\",\"description\":\"Onde voc\u00ea tem vez e voz\",\"potentialAction\":[{\"@type\":\"SearchAction\",\"target\":{\"@type\":\"EntryPoint\",\"urlTemplate\":\"https:\\\/\\\/folhapopular.info\\\/?s={search_term_string}\"},\"query-input\":{\"@type\":\"PropertyValueSpecification\",\"valueRequired\":true,\"valueName\":\"search_term_string\"}}],\"inLanguage\":\"pt-BR\"},{\"@type\":\"Person\",\"@id\":\"https:\\\/\\\/folhapopular.info\\\/#\\\/schema\\\/person\\\/e852c327371714676d02e58cf917fd9f\",\"name\":\"Luis Augusto Huppes\",\"image\":{\"@type\":\"ImageObject\",\"inLanguage\":\"pt-BR\",\"@id\":\"https:\\\/\\\/folhapopular.info\\\/wp-content\\\/uploads\\\/2026\\\/04\\\/Luis-Augusto-Huppes-1-1.webp\",\"url\":\"https:\\\/\\\/folhapopular.info\\\/wp-content\\\/uploads\\\/2026\\\/04\\\/Luis-Augusto-Huppes-1-1.webp\",\"contentUrl\":\"https:\\\/\\\/folhapopular.info\\\/wp-content\\\/uploads\\\/2026\\\/04\\\/Luis-Augusto-Huppes-1-1.webp\",\"caption\":\"Luis Augusto Huppes\"},\"sameAs\":[\"https:\\\/\\\/www.facebook.com\\\/luis.huppes\\\/\",\"https:\\\/\\\/www.instagram.com\\\/luis.huppes\\\/\",\"https:\\\/\\\/www.linkedin.com\\\/in\\\/luis-augusto-huppes-2554b52b7\\\/\"],\"url\":\"https:\\\/\\\/folhapopular.info\\\/index.php\\\/author\\\/luis-augusto-huppes\\\/\"}]}<\/script>\n<!-- \/ Yoast SEO plugin. -->","yoast_head_json":{"title":"Bola deve rolar em todas as divis\u00f5es do Regional - Folha Popular","robots":{"index":"index","follow":"follow","max-snippet":"max-snippet:-1","max-image-preview":"max-image-preview:large","max-video-preview":"max-video-preview:-1"},"canonical":"https:\/\/folhapopular.info\/index.php\/2025\/08\/30\/bola-deve-rolar-em-todas-as-divisoes-do-regional\/","og_locale":"pt_BR","og_type":"article","og_title":"Bola deve rolar em todas as divis\u00f5es do Regional - Folha Popular","og_description":"Ap\u00f3s o adiamento das rodadas das S\u00e9ries A, B e Veteranos do Campeonato Regional Certel Sicredi 2025 da Aslivata no domingo passado (24\/8), as partidas voltam a ocorrer amanh\u00e3 (31\/8). Apenas condi\u00e7\u00f5es clim\u00e1ticas adversas podem causar transtornos e adiar os confrontos mais uma vez. Caso confirmada, a S\u00e9rie A ter\u00e1 duelos em oito munic\u00edpios: Progresso, [&hellip;]","og_url":"https:\/\/folhapopular.info\/index.php\/2025\/08\/30\/bola-deve-rolar-em-todas-as-divisoes-do-regional\/","og_site_name":"Folha Popular","article_author":"https:\/\/www.facebook.com\/luis.huppes\/","article_published_time":"2025-08-30T13:30:00+00:00","og_image":[{"width":1600,"height":1066,"url":"https:\/\/folhapopular.info\/wp-content\/uploads\/2025\/08\/WhatsApp-Image-2025-08-29-at-18.44.50.jpeg","type":"image\/jpeg"}],"author":"Luis Augusto Huppes","twitter_card":"summary_large_image","twitter_misc":{"Escrito por":"Luis Augusto Huppes","Est. tempo de leitura":"12 minutos"},"schema":{"@context":"https:\/\/schema.org","@graph":[{"@type":"Article","@id":"https:\/\/folhapopular.info\/index.php\/2025\/08\/30\/bola-deve-rolar-em-todas-as-divisoes-do-regional\/#article","isPartOf":{"@id":"https:\/\/folhapopular.info\/index.php\/2025\/08\/30\/bola-deve-rolar-em-todas-as-divisoes-do-regional\/"},"author":{"name":"Luis Augusto Huppes","@id":"https:\/\/folhapopular.info\/#\/schema\/person\/e852c327371714676d02e58cf917fd9f"},"headline":"Bola deve rolar em todas as divis\u00f5es do Regional","datePublished":"2025-08-30T13:30:00+00:00","mainEntityOfPage":{"@id":"https:\/\/folhapopular.info\/index.php\/2025\/08\/30\/bola-deve-rolar-em-todas-as-divisoes-do-regional\/"},"wordCount":1511,"commentCount":0,"image":{"@id":"https:\/\/folhapopular.info\/index.php\/2025\/08\/30\/bola-deve-rolar-em-todas-as-divisoes-do-regional\/#primaryimage"},"thumbnailUrl":"https:\/\/folhapopular.info\/wp-content\/uploads\/2025\/08\/WhatsApp-Image-2025-08-29-at-18.44.50.jpeg","keywords":["Aslivata","Campeonato Regional Certel Sicredi","futebol amador","Regional","S\u00e9rie A","S\u00e9rie B","Veteranos"],"articleSection":["Campeonato Regional 2025","Destaques","Esportes","Futebol Amador","Regional da Aslivata"],"inLanguage":"pt-BR","potentialAction":[{"@type":"CommentAction","name":"Comment","target":["https:\/\/folhapopular.info\/index.php\/2025\/08\/30\/bola-deve-rolar-em-todas-as-divisoes-do-regional\/#respond"]}]},{"@type":"WebPage","@id":"https:\/\/folhapopular.info\/index.php\/2025\/08\/30\/bola-deve-rolar-em-todas-as-divisoes-do-regional\/","url":"https:\/\/folhapopular.info\/index.php\/2025\/08\/30\/bola-deve-rolar-em-todas-as-divisoes-do-regional\/","name":"Bola deve rolar em todas as divis\u00f5es do Regional - Folha Popular","isPartOf":{"@id":"https:\/\/folhapopular.info\/#website"},"primaryImageOfPage":{"@id":"https:\/\/folhapopular.info\/index.php\/2025\/08\/30\/bola-deve-rolar-em-todas-as-divisoes-do-regional\/#primaryimage"},"image":{"@id":"https:\/\/folhapopular.info\/index.php\/2025\/08\/30\/bola-deve-rolar-em-todas-as-divisoes-do-regional\/#primaryimage"},"thumbnailUrl":"https:\/\/folhapopular.info\/wp-content\/uploads\/2025\/08\/WhatsApp-Image-2025-08-29-at-18.44.50.jpeg","datePublished":"2025-08-30T13:30:00+00:00","author":{"@id":"https:\/\/folhapopular.info\/#\/schema\/person\/e852c327371714676d02e58cf917fd9f"},"breadcrumb":{"@id":"https:\/\/folhapopular.info\/index.php\/2025\/08\/30\/bola-deve-rolar-em-todas-as-divisoes-do-regional\/#breadcrumb"},"inLanguage":"pt-BR","potentialAction":[{"@type":"ReadAction","target":["https:\/\/folhapopular.info\/index.php\/2025\/08\/30\/bola-deve-rolar-em-todas-as-divisoes-do-regional\/"]}]},{"@type":"ImageObject","inLanguage":"pt-BR","@id":"https:\/\/folhapopular.info\/index.php\/2025\/08\/30\/bola-deve-rolar-em-todas-as-divisoes-do-regional\/#primaryimage","url":"https:\/\/folhapopular.info\/wp-content\/uploads\/2025\/08\/WhatsApp-Image-2025-08-29-at-18.44.50.jpeg","contentUrl":"https:\/\/folhapopular.info\/wp-content\/uploads\/2025\/08\/WhatsApp-Image-2025-08-29-at-18.44.50.jpeg","width":1600,"height":1066,"caption":"R\u00e1dio Popular transmite duelo entre Ga\u00facho e Tiradentes. Cr\u00e9dito: Luan Kevin Fotografia \/ Divulga\u00e7\u00e3o"},{"@type":"BreadcrumbList","@id":"https:\/\/folhapopular.info\/index.php\/2025\/08\/30\/bola-deve-rolar-em-todas-as-divisoes-do-regional\/#breadcrumb","itemListElement":[{"@type":"ListItem","position":1,"name":"In\u00edcio","item":"https:\/\/folhapopular.info\/"},{"@type":"ListItem","position":2,"name":"Bola deve rolar em todas as divis\u00f5es do Regional"}]},{"@type":"WebSite","@id":"https:\/\/folhapopular.info\/#website","url":"https:\/\/folhapopular.info\/","name":"Folha Popular","description":"Onde voc\u00ea tem vez e voz","potentialAction":[{"@type":"SearchAction","target":{"@type":"EntryPoint","urlTemplate":"https:\/\/folhapopular.info\/?s={search_term_string}"},"query-input":{"@type":"PropertyValueSpecification","valueRequired":true,"valueName":"search_term_string"}}],"inLanguage":"pt-BR"},{"@type":"Person","@id":"https:\/\/folhapopular.info\/#\/schema\/person\/e852c327371714676d02e58cf917fd9f","name":"Luis Augusto Huppes","image":{"@type":"ImageObject","inLanguage":"pt-BR","@id":"https:\/\/folhapopular.info\/wp-content\/uploads\/2026\/04\/Luis-Augusto-Huppes-1-1.webp","url":"https:\/\/folhapopular.info\/wp-content\/uploads\/2026\/04\/Luis-Augusto-Huppes-1-1.webp","contentUrl":"https:\/\/folhapopular.info\/wp-content\/uploads\/2026\/04\/Luis-Augusto-Huppes-1-1.webp","caption":"Luis Augusto Huppes"},"sameAs":["https:\/\/www.facebook.com\/luis.huppes\/","https:\/\/www.instagram.com\/luis.huppes\/","https:\/\/www.linkedin.com\/in\/luis-augusto-huppes-2554b52b7\/"],"url":"https:\/\/folhapopular.info\/index.php\/author\/luis-augusto-huppes\/"}]}},"jetpack_featured_media_url":"https:\/\/folhapopular.info\/wp-content\/uploads\/2025\/08\/WhatsApp-Image-2025-08-29-at-18.44.50.jpeg","jetpack_sharing_enabled":true,"amp_enabled":true,"_links":{"self":[{"href":"https:\/\/folhapopular.info\/index.php\/wp-json\/wp\/v2\/posts\/193062","targetHints":{"allow":["GET"]}}],"collection":[{"href":"https:\/\/folhapopular.info\/index.php\/wp-json\/wp\/v2\/posts"}],"about":[{"href":"https:\/\/folhapopular.info\/index.php\/wp-json\/wp\/v2\/types\/post"}],"author":[{"embeddable":true,"href":"https:\/\/folhapopular.info\/index.php\/wp-json\/wp\/v2\/users\/732"}],"replies":[{"embeddable":true,"href":"https:\/\/folhapopular.info\/index.php\/wp-json\/wp\/v2\/comments?post=193062"}],"version-history":[{"count":0,"href":"https:\/\/folhapopular.info\/index.php\/wp-json\/wp\/v2\/posts\/193062\/revisions"}],"wp:featuredmedia":[{"embeddable":true,"href":"https:\/\/folhapopular.info\/index.php\/wp-json\/wp\/v2\/media\/193120"}],"wp:attachment":[{"href":"https:\/\/folhapopular.info\/index.php\/wp-json\/wp\/v2\/media?parent=193062"}],"wp:term":[{"taxonomy":"category","embeddable":true,"href":"https:\/\/folhapopular.info\/index.php\/wp-json\/wp\/v2\/categories?post=193062"},{"taxonomy":"post_tag","embeddable":true,"href":"https:\/\/folhapopular.info\/index.php\/wp-json\/wp\/v2\/tags?post=193062"}],"curies":[{"name":"wp","href":"https:\/\/api.w.org\/{rel}","templated":true}]}}