{"id":193084,"date":"2025-08-30T09:00:00","date_gmt":"2025-08-30T12:00:00","guid":{"rendered":"https:\/\/folhapopular.info\/?p=193084"},"modified":"2025-08-30T07:58:24","modified_gmt":"2025-08-30T10:58:24","slug":"camile-bertolini-estrategia-inovacao-e-equilibrio-na-lideranca-empresarial","status":"publish","type":"post","link":"https:\/\/folhapopular.info\/index.php\/2025\/08\/30\/camile-bertolini-estrategia-inovacao-e-equilibrio-na-lideranca-empresarial\/","title":{"rendered":"Camile Bertolini: Estrat\u00e9gia, inova\u00e7\u00e3o e equil\u00edbrio na lideran\u00e7a empresarial"},"content":{"rendered":"\n<p>A empres\u00e1ria Camile Bertolini, que figura \u00e0 frente da empresa Gota Limpa, de Imigrante e est\u00e1 empreendendo em mais um novo neg\u00f3cio, compartilhou sua experi\u00eancia em gest\u00e3o e neg\u00f3cios no programa Empreendedoras em A\u00e7\u00e3o. Sua trajet\u00f3ria \u00e9 um exemplo de como a busca incessante por conhecimento, a inova\u00e7\u00e3o e uma gest\u00e3o equilibrada s\u00e3o pilares para o sucesso e a perpetuidade dos neg\u00f3cios, especialmente em empresas familiares. A seguir, acompanhe um pouco deste conte\u00fado, dispon\u00edvel no <em>YouTube<\/em> do Grupo Popular.<\/p>\n\n\n\n<p><strong>Como a Camile busca inspira\u00e7\u00e3o para a inova\u00e7\u00e3o constante?<\/strong><\/p>\n\n\n\n<p>Na busca constante por novidades para a Gota Limpa e para sua atua\u00e7\u00e3o enquanto gestora, Camile utiliza diferentes frentes para alimentar a sua inspira\u00e7\u00e3o e conhecimentos. A participa\u00e7\u00e3o em feiras e miss\u00f5es internacionais, como as que vivenciou em Amsterd\u00e3, Londres e Vale do Sil\u00edcio, al\u00e9m de eventos nacionais, traz novas ideias e conex\u00f5es. A atua\u00e7\u00e3o em f\u00f3runs e conselhos de empres\u00e1rios permite a troca de experi\u00eancias e a identifica\u00e7\u00e3o de oportunidades e dores de clientes em empresas de todo Brasil. Cita a sua contribui\u00e7\u00e3o no F\u00f3rum de Jovens Empreendedores da Acil e tamb\u00e9m a participa\u00e7\u00e3o em conselhos como o Instituto Brasileiro de Governan\u00e7a Corporativa.<\/p>\n\n\n\n<p>Camile tamb\u00e9m \u00e9 observadora do dia a dia nas opera\u00e7\u00f5es. \u201cO b\u00e1sico bem feito \u00e9 fundamental para resultados expressivos, focando em ouvir o consumidor e o cliente supermercadista para antever necessidades e buscar sustentabilidade e inova\u00e7\u00e3o\u201d, exemplifica. Tamb\u00e9m refor\u00e7a o papel das parcerias estrat\u00e9gias, por meio da colabora\u00e7\u00e3o com empresas especializadas, o que permite acessar conhecimento valioso para aprender com humildade e sabedoria. Camile se v\u00ea como uma \u201ccriadora de cen\u00e1rios\u201d, agregando e conectando diferentes estruturas e pessoas.<\/p>\n\n\n\n<p>O desejo de contribuir por meio do seu conhecimento tamb\u00e9m virou uma a\u00e7\u00e3o pr\u00e1tica, com a cria\u00e7\u00e3o de um novo neg\u00f3cio, com servi\u00e7o de consultoria na \u00e1rea de gest\u00e3o de pessoas e governan\u00e7a, em parceria com a amiga de inf\u00e2ncia Edilaine Cagliari, que \u00e9 especializada na \u00e1rea de RH e pessoas.<\/p>\n\n\n\n<p><strong>A governan\u00e7a \u00e9 fundamental para a perpetuidade das empresas?<\/strong><\/p>\n\n\n\n<p>Camile ressalta que a governan\u00e7a \u00e9 crucial para a perpetuidade dos neg\u00f3cios, especialmente os familiares, que representam 72% do PIB nacional e 80% da m\u00e3o de obra empregada no Brasil. A governan\u00e7a ajuda a ter uma vis\u00e3o mais estrat\u00e9gica, afastando-se do operacional para focar na \u201cbase do iceberg\u201d, que sustenta a parte vis\u00edvel do neg\u00f3cio. Ela explica que, em empresas familiares, onde h\u00e1 um forte \u201cvi\u00e9s de cora\u00e7\u00e3o\u201d, \u00e9 vital dosar o sentimento com a raz\u00e3o, est\u00edmulo muitas vezes trazido por profissionais externos. Essa uni\u00e3o resulta em melhor desempenho, exigindo paci\u00eancia, acompanhamento e controle para \u201censinar\u201d e n\u00e3o apenas \u201cdar\u201d.<\/p>\n\n\n\n<p><strong>Como avalia o desafio nas mulheres nos neg\u00f3cios?<\/strong><\/p>\n\n\n\n<p>Camile reconhece que, apesar do fortalecimento do empreendedorismo feminino, as mulheres ainda enfrentam desafios maiores. \u00c9 necess\u00e1rio lidar com as mudan\u00e7as geracionais e seus impactos, a maternidade e os julgamentos, al\u00e9m da necessidade de romper tabus. \u201cO modelo familiar tradicional est\u00e1 mudando, com a liberdade de escolha da mulher sobre a maternidade, o que impacta diretamente a demografia e a din\u00e2mica social\u201d, explica. A maternidade traz desafios ao empreender, e a mulher \u00e9 frequentemente cobrada e julgada por sua responsabilidade com os filhos, um julgamento menos comum para os homens. Quest\u00f5es como div\u00f3rcio e guarda dos filhos ainda s\u00e3o um tabu e exigem resili\u00eancia. \u201cAceitar o que n\u00e3o se pode controlar \u00e9 uma habilidade importante na vida pessoal e nos neg\u00f3cios, para a gest\u00e3o de energia e o equil\u00edbrio emocional\u201d, alerta.<\/p>\n\n\n\n<p><strong>Camile tamb\u00e9m fala sobre escolhas e a habilidade de gerir o tempo<\/strong><\/p>\n\n\n\n<p>A intensa rotina da empres\u00e1ria \u00e9 gerenciada atrav\u00e9s de organiza\u00e7\u00e3o e planejamento. Para manter a frequ\u00eancia das atividades f\u00edsicas, a agenda \u00e9 flex\u00edvel e feita semanalmente, conciliando com viagens e diferentes demandas. Ap\u00f3s uma guinada na alimenta\u00e7\u00e3o (sem gl\u00faten e lactose), ela encontrou uma rotina com mais energia e menos cansa\u00e7o. \u201cExerc\u00edcios s\u00e3o fontes de energia e acalmam a mente\u201d, afirma. A empres\u00e1ria tamb\u00e9m \u00e9 adepta da medita\u00e7\u00e3o e pratica a gratid\u00e3o: \u201cA medita\u00e7\u00e3o matinal ajuda a organizar os pensamentos e expressar gratid\u00e3o, um valor central na minha vida\u201d.<\/p>\n\n\n\n<p>Camile enfatiza que o avan\u00e7o na vida e nos neg\u00f3cios est\u00e1 100% relacionado ao equil\u00edbrio emocional. \u201cEstar bem emocionalmente permite decis\u00f5es mais r\u00e1pidas e claras, superando o peso de cren\u00e7as, a s\u00edndrome do impostor e confiando na intui\u00e7\u00e3o. A experi\u00eancia n\u00e3o se resume \u00e0 idade, mas \u00e0 busca por extrapolar limites conhecidos e inovar\u201d, acrescenta.<\/p>\n\n\n\n<p><strong>De olho no coletivo e no impacto social<\/strong><\/p>\n\n\n\n<p>A empres\u00e1ria defende o \u201cpapel do cidad\u00e3o\u201d. Sugere que as pessoas se perguntem \u201cO que eu vou fazer para o meu ano ser melhor?\u201d, em vez de reclamar de cen\u00e1rios e dificuldades. Isso envolve assumir o protagonismo, buscar o autoaperfei\u00e7oamento (estudo, alimenta\u00e7\u00e3o, exerc\u00edcio, espiritualidade, rela\u00e7\u00f5es) e valorizar o presente.<\/p>\n\n\n\n<p>A empreendedora expressa profunda gratid\u00e3o pela vida, pelas oportunidades e pelas conquistas. Cada escolha de um produto Gota Limpa pelo consumidor \u00e9 vista como uma porta que se abre, um ato de confian\u00e7a e gratid\u00e3o. Ela incentiva a equipe a colocar \u201camor e dedica\u00e7\u00e3o\u201d nos produtos, pois eles entram na casa de milhares de pessoas. O gesto de cuidar do lar, segundo pesquisas, \u00e9 associado ao amor e cuidado.<\/p>\n\n\n\n<p>Camile afirma que precisamos ser \u201cadultos funcionais\u201d. A cultura de \u201cser servido\u201d no Brasil, ligada ao escravagismo, deve dar lugar \u00e0 ideia de adultos funcionais, que fazem as coisas por si mesmos, sem gerar depend\u00eancia, promovendo la\u00e7os familiares mais fortes ao compartilhar tarefas.<\/p>\n\n\n\n<p>Por fim, resume seu jeito de lidar com a vida trazendo a import\u00e2ncia da f\u00e9: \u201c\u00c9 preciso acreditar no que se faz, dedicar o cora\u00e7\u00e3o, olhar com raz\u00e3o e confiar em Deus\u201d, finaliza ela.<\/p>\n","protected":false},"excerpt":{"rendered":"<p>A empres\u00e1ria Camile Bertolini, que figura \u00e0 frente da empresa Gota Limpa, de Imigrante e est\u00e1 empreendendo em mais um novo neg\u00f3cio, compartilhou sua experi\u00eancia em gest\u00e3o e neg\u00f3cios no programa Empreendedoras em A\u00e7\u00e3o. Sua trajet\u00f3ria \u00e9 um exemplo de como a busca incessante por conhecimento, a inova\u00e7\u00e3o e uma gest\u00e3o equilibrada s\u00e3o pilares para [&hellip;]<\/p>\n","protected":false},"author":11,"featured_media":193086,"comment_status":"open","ping_status":"open","sticky":false,"template":"","format":"standard","meta":{"pmpro_default_level":"","_jetpack_memberships_contains_paid_content":false,"footnotes":""},"categories":[2,10991,10993],"tags":[19151,12247,34],"class_list":{"0":"post-193084","1":"post","2":"type-post","3":"status-publish","4":"format-standard","5":"has-post-thumbnail","7":"category-featured","8":"category-economia","9":"category-empreender","10":"tag-empreendedoras-em-acao","11":"tag-gota-limpa","12":"tag-imigrante","13":"pmpro-has-access"},"yoast_head":"<!-- This site is optimized with the Yoast SEO plugin v27.5 - https:\/\/yoast.com\/product\/yoast-seo-wordpress\/ -->\n<title>Camile Bertolini: Estrat\u00e9gia, inova\u00e7\u00e3o e equil\u00edbrio na lideran\u00e7a empresarial - Folha Popular<\/title>\n<meta name=\"robots\" content=\"index, follow, max-snippet:-1, max-image-preview:large, max-video-preview:-1\" \/>\n<link rel=\"canonical\" href=\"https:\/\/folhapopular.info\/index.php\/2025\/08\/30\/camile-bertolini-estrategia-inovacao-e-equilibrio-na-lideranca-empresarial\/\" \/>\n<meta property=\"og:locale\" content=\"pt_BR\" \/>\n<meta property=\"og:type\" content=\"article\" \/>\n<meta property=\"og:title\" content=\"Camile Bertolini: Estrat\u00e9gia, inova\u00e7\u00e3o e equil\u00edbrio na lideran\u00e7a empresarial - Folha Popular\" \/>\n<meta property=\"og:description\" content=\"A empres\u00e1ria Camile Bertolini, que figura \u00e0 frente da empresa Gota Limpa, de Imigrante e est\u00e1 empreendendo em mais um novo neg\u00f3cio, compartilhou sua experi\u00eancia em gest\u00e3o e neg\u00f3cios no programa Empreendedoras em A\u00e7\u00e3o. Sua trajet\u00f3ria \u00e9 um exemplo de como a busca incessante por conhecimento, a inova\u00e7\u00e3o e uma gest\u00e3o equilibrada s\u00e3o pilares para [&hellip;]\" \/>\n<meta property=\"og:url\" content=\"https:\/\/folhapopular.info\/index.php\/2025\/08\/30\/camile-bertolini-estrategia-inovacao-e-equilibrio-na-lideranca-empresarial\/\" \/>\n<meta property=\"og:site_name\" content=\"Folha Popular\" \/>\n<meta property=\"article:published_time\" content=\"2025-08-30T12:00:00+00:00\" \/>\n<meta property=\"og:image\" content=\"https:\/\/folhapopular.info\/wp-content\/uploads\/2025\/08\/WhatsApp-Image-2025-08-28-at-09.09.28-scaled.jpeg\" \/>\n\t<meta property=\"og:image:width\" content=\"2560\" \/>\n\t<meta property=\"og:image:height\" content=\"1920\" \/>\n\t<meta property=\"og:image:type\" content=\"image\/jpeg\" \/>\n<meta name=\"author\" content=\"Luciana Brune\" \/>\n<meta name=\"twitter:card\" content=\"summary_large_image\" \/>\n<meta name=\"twitter:label1\" content=\"Escrito por\" \/>\n\t<meta name=\"twitter:data1\" content=\"Luciana Brune\" \/>\n\t<meta name=\"twitter:label2\" content=\"Est. tempo de leitura\" \/>\n\t<meta name=\"twitter:data2\" content=\"6 minutos\" \/>\n<script type=\"application\/ld+json\" class=\"yoast-schema-graph\">{\"@context\":\"https:\\\/\\\/schema.org\",\"@graph\":[{\"@type\":\"Article\",\"@id\":\"https:\\\/\\\/folhapopular.info\\\/index.php\\\/2025\\\/08\\\/30\\\/camile-bertolini-estrategia-inovacao-e-equilibrio-na-lideranca-empresarial\\\/#article\",\"isPartOf\":{\"@id\":\"https:\\\/\\\/folhapopular.info\\\/index.php\\\/2025\\\/08\\\/30\\\/camile-bertolini-estrategia-inovacao-e-equilibrio-na-lideranca-empresarial\\\/\"},\"author\":{\"name\":\"Luciana Brune\",\"@id\":\"https:\\\/\\\/folhapopular.info\\\/#\\\/schema\\\/person\\\/0999cafa38c1fde22acd2026b3a3ec1f\"},\"headline\":\"Camile Bertolini: Estrat\u00e9gia, inova\u00e7\u00e3o e equil\u00edbrio na lideran\u00e7a empresarial\",\"datePublished\":\"2025-08-30T12:00:00+00:00\",\"mainEntityOfPage\":{\"@id\":\"https:\\\/\\\/folhapopular.info\\\/index.php\\\/2025\\\/08\\\/30\\\/camile-bertolini-estrategia-inovacao-e-equilibrio-na-lideranca-empresarial\\\/\"},\"wordCount\":1042,\"commentCount\":0,\"image\":{\"@id\":\"https:\\\/\\\/folhapopular.info\\\/index.php\\\/2025\\\/08\\\/30\\\/camile-bertolini-estrategia-inovacao-e-equilibrio-na-lideranca-empresarial\\\/#primaryimage\"},\"thumbnailUrl\":\"https:\\\/\\\/folhapopular.info\\\/wp-content\\\/uploads\\\/2025\\\/08\\\/WhatsApp-Image-2025-08-28-at-09.09.28-scaled.jpeg\",\"keywords\":[\"Empreendedoras em A\u00e7\u00e3o\",\"gota limpa\",\"Imigrante\"],\"articleSection\":[\"Destaques\",\"Economia\",\"Empreender\"],\"inLanguage\":\"pt-BR\",\"potentialAction\":[{\"@type\":\"CommentAction\",\"name\":\"Comment\",\"target\":[\"https:\\\/\\\/folhapopular.info\\\/index.php\\\/2025\\\/08\\\/30\\\/camile-bertolini-estrategia-inovacao-e-equilibrio-na-lideranca-empresarial\\\/#respond\"]}]},{\"@type\":\"WebPage\",\"@id\":\"https:\\\/\\\/folhapopular.info\\\/index.php\\\/2025\\\/08\\\/30\\\/camile-bertolini-estrategia-inovacao-e-equilibrio-na-lideranca-empresarial\\\/\",\"url\":\"https:\\\/\\\/folhapopular.info\\\/index.php\\\/2025\\\/08\\\/30\\\/camile-bertolini-estrategia-inovacao-e-equilibrio-na-lideranca-empresarial\\\/\",\"name\":\"Camile Bertolini: Estrat\u00e9gia, inova\u00e7\u00e3o e equil\u00edbrio na lideran\u00e7a empresarial - Folha Popular\",\"isPartOf\":{\"@id\":\"https:\\\/\\\/folhapopular.info\\\/#website\"},\"primaryImageOfPage\":{\"@id\":\"https:\\\/\\\/folhapopular.info\\\/index.php\\\/2025\\\/08\\\/30\\\/camile-bertolini-estrategia-inovacao-e-equilibrio-na-lideranca-empresarial\\\/#primaryimage\"},\"image\":{\"@id\":\"https:\\\/\\\/folhapopular.info\\\/index.php\\\/2025\\\/08\\\/30\\\/camile-bertolini-estrategia-inovacao-e-equilibrio-na-lideranca-empresarial\\\/#primaryimage\"},\"thumbnailUrl\":\"https:\\\/\\\/folhapopular.info\\\/wp-content\\\/uploads\\\/2025\\\/08\\\/WhatsApp-Image-2025-08-28-at-09.09.28-scaled.jpeg\",\"datePublished\":\"2025-08-30T12:00:00+00:00\",\"author\":{\"@id\":\"https:\\\/\\\/folhapopular.info\\\/#\\\/schema\\\/person\\\/0999cafa38c1fde22acd2026b3a3ec1f\"},\"breadcrumb\":{\"@id\":\"https:\\\/\\\/folhapopular.info\\\/index.php\\\/2025\\\/08\\\/30\\\/camile-bertolini-estrategia-inovacao-e-equilibrio-na-lideranca-empresarial\\\/#breadcrumb\"},\"inLanguage\":\"pt-BR\",\"potentialAction\":[{\"@type\":\"ReadAction\",\"target\":[\"https:\\\/\\\/folhapopular.info\\\/index.php\\\/2025\\\/08\\\/30\\\/camile-bertolini-estrategia-inovacao-e-equilibrio-na-lideranca-empresarial\\\/\"]}]},{\"@type\":\"ImageObject\",\"inLanguage\":\"pt-BR\",\"@id\":\"https:\\\/\\\/folhapopular.info\\\/index.php\\\/2025\\\/08\\\/30\\\/camile-bertolini-estrategia-inovacao-e-equilibrio-na-lideranca-empresarial\\\/#primaryimage\",\"url\":\"https:\\\/\\\/folhapopular.info\\\/wp-content\\\/uploads\\\/2025\\\/08\\\/WhatsApp-Image-2025-08-28-at-09.09.28-scaled.jpeg\",\"contentUrl\":\"https:\\\/\\\/folhapopular.info\\\/wp-content\\\/uploads\\\/2025\\\/08\\\/WhatsApp-Image-2025-08-28-at-09.09.28-scaled.jpeg\",\"width\":2560,\"height\":1920,\"caption\":\"Camile Bertolini \\\/ Cr\u00e9dito: Luciana Brune\"},{\"@type\":\"BreadcrumbList\",\"@id\":\"https:\\\/\\\/folhapopular.info\\\/index.php\\\/2025\\\/08\\\/30\\\/camile-bertolini-estrategia-inovacao-e-equilibrio-na-lideranca-empresarial\\\/#breadcrumb\",\"itemListElement\":[{\"@type\":\"ListItem\",\"position\":1,\"name\":\"In\u00edcio\",\"item\":\"https:\\\/\\\/folhapopular.info\\\/\"},{\"@type\":\"ListItem\",\"position\":2,\"name\":\"Camile Bertolini: Estrat\u00e9gia, inova\u00e7\u00e3o e equil\u00edbrio na lideran\u00e7a empresarial\"}]},{\"@type\":\"WebSite\",\"@id\":\"https:\\\/\\\/folhapopular.info\\\/#website\",\"url\":\"https:\\\/\\\/folhapopular.info\\\/\",\"name\":\"Folha Popular\",\"description\":\"Onde voc\u00ea tem vez e voz\",\"potentialAction\":[{\"@type\":\"SearchAction\",\"target\":{\"@type\":\"EntryPoint\",\"urlTemplate\":\"https:\\\/\\\/folhapopular.info\\\/?s={search_term_string}\"},\"query-input\":{\"@type\":\"PropertyValueSpecification\",\"valueRequired\":true,\"valueName\":\"search_term_string\"}}],\"inLanguage\":\"pt-BR\"},{\"@type\":\"Person\",\"@id\":\"https:\\\/\\\/folhapopular.info\\\/#\\\/schema\\\/person\\\/0999cafa38c1fde22acd2026b3a3ec1f\",\"name\":\"Luciana Brune\",\"image\":{\"@type\":\"ImageObject\",\"inLanguage\":\"pt-BR\",\"@id\":\"https:\\\/\\\/folhapopular.info\\\/wp-content\\\/uploads\\\/2026\\\/04\\\/LUCIANA-1-1.webp\",\"url\":\"https:\\\/\\\/folhapopular.info\\\/wp-content\\\/uploads\\\/2026\\\/04\\\/LUCIANA-1-1.webp\",\"contentUrl\":\"https:\\\/\\\/folhapopular.info\\\/wp-content\\\/uploads\\\/2026\\\/04\\\/LUCIANA-1-1.webp\",\"caption\":\"Luciana Brune\"},\"url\":\"https:\\\/\\\/folhapopular.info\\\/index.php\\\/author\\\/luciana-brune\\\/\"}]}<\/script>\n<!-- \/ Yoast SEO plugin. -->","yoast_head_json":{"title":"Camile Bertolini: Estrat\u00e9gia, inova\u00e7\u00e3o e equil\u00edbrio na lideran\u00e7a empresarial - Folha Popular","robots":{"index":"index","follow":"follow","max-snippet":"max-snippet:-1","max-image-preview":"max-image-preview:large","max-video-preview":"max-video-preview:-1"},"canonical":"https:\/\/folhapopular.info\/index.php\/2025\/08\/30\/camile-bertolini-estrategia-inovacao-e-equilibrio-na-lideranca-empresarial\/","og_locale":"pt_BR","og_type":"article","og_title":"Camile Bertolini: Estrat\u00e9gia, inova\u00e7\u00e3o e equil\u00edbrio na lideran\u00e7a empresarial - Folha Popular","og_description":"A empres\u00e1ria Camile Bertolini, que figura \u00e0 frente da empresa Gota Limpa, de Imigrante e est\u00e1 empreendendo em mais um novo neg\u00f3cio, compartilhou sua experi\u00eancia em gest\u00e3o e neg\u00f3cios no programa Empreendedoras em A\u00e7\u00e3o. Sua trajet\u00f3ria \u00e9 um exemplo de como a busca incessante por conhecimento, a inova\u00e7\u00e3o e uma gest\u00e3o equilibrada s\u00e3o pilares para [&hellip;]","og_url":"https:\/\/folhapopular.info\/index.php\/2025\/08\/30\/camile-bertolini-estrategia-inovacao-e-equilibrio-na-lideranca-empresarial\/","og_site_name":"Folha Popular","article_published_time":"2025-08-30T12:00:00+00:00","og_image":[{"width":2560,"height":1920,"url":"https:\/\/folhapopular.info\/wp-content\/uploads\/2025\/08\/WhatsApp-Image-2025-08-28-at-09.09.28-scaled.jpeg","type":"image\/jpeg"}],"author":"Luciana Brune","twitter_card":"summary_large_image","twitter_misc":{"Escrito por":"Luciana Brune","Est. tempo de leitura":"6 minutos"},"schema":{"@context":"https:\/\/schema.org","@graph":[{"@type":"Article","@id":"https:\/\/folhapopular.info\/index.php\/2025\/08\/30\/camile-bertolini-estrategia-inovacao-e-equilibrio-na-lideranca-empresarial\/#article","isPartOf":{"@id":"https:\/\/folhapopular.info\/index.php\/2025\/08\/30\/camile-bertolini-estrategia-inovacao-e-equilibrio-na-lideranca-empresarial\/"},"author":{"name":"Luciana Brune","@id":"https:\/\/folhapopular.info\/#\/schema\/person\/0999cafa38c1fde22acd2026b3a3ec1f"},"headline":"Camile Bertolini: Estrat\u00e9gia, inova\u00e7\u00e3o e equil\u00edbrio na lideran\u00e7a empresarial","datePublished":"2025-08-30T12:00:00+00:00","mainEntityOfPage":{"@id":"https:\/\/folhapopular.info\/index.php\/2025\/08\/30\/camile-bertolini-estrategia-inovacao-e-equilibrio-na-lideranca-empresarial\/"},"wordCount":1042,"commentCount":0,"image":{"@id":"https:\/\/folhapopular.info\/index.php\/2025\/08\/30\/camile-bertolini-estrategia-inovacao-e-equilibrio-na-lideranca-empresarial\/#primaryimage"},"thumbnailUrl":"https:\/\/folhapopular.info\/wp-content\/uploads\/2025\/08\/WhatsApp-Image-2025-08-28-at-09.09.28-scaled.jpeg","keywords":["Empreendedoras em A\u00e7\u00e3o","gota limpa","Imigrante"],"articleSection":["Destaques","Economia","Empreender"],"inLanguage":"pt-BR","potentialAction":[{"@type":"CommentAction","name":"Comment","target":["https:\/\/folhapopular.info\/index.php\/2025\/08\/30\/camile-bertolini-estrategia-inovacao-e-equilibrio-na-lideranca-empresarial\/#respond"]}]},{"@type":"WebPage","@id":"https:\/\/folhapopular.info\/index.php\/2025\/08\/30\/camile-bertolini-estrategia-inovacao-e-equilibrio-na-lideranca-empresarial\/","url":"https:\/\/folhapopular.info\/index.php\/2025\/08\/30\/camile-bertolini-estrategia-inovacao-e-equilibrio-na-lideranca-empresarial\/","name":"Camile Bertolini: Estrat\u00e9gia, inova\u00e7\u00e3o e equil\u00edbrio na lideran\u00e7a empresarial - Folha Popular","isPartOf":{"@id":"https:\/\/folhapopular.info\/#website"},"primaryImageOfPage":{"@id":"https:\/\/folhapopular.info\/index.php\/2025\/08\/30\/camile-bertolini-estrategia-inovacao-e-equilibrio-na-lideranca-empresarial\/#primaryimage"},"image":{"@id":"https:\/\/folhapopular.info\/index.php\/2025\/08\/30\/camile-bertolini-estrategia-inovacao-e-equilibrio-na-lideranca-empresarial\/#primaryimage"},"thumbnailUrl":"https:\/\/folhapopular.info\/wp-content\/uploads\/2025\/08\/WhatsApp-Image-2025-08-28-at-09.09.28-scaled.jpeg","datePublished":"2025-08-30T12:00:00+00:00","author":{"@id":"https:\/\/folhapopular.info\/#\/schema\/person\/0999cafa38c1fde22acd2026b3a3ec1f"},"breadcrumb":{"@id":"https:\/\/folhapopular.info\/index.php\/2025\/08\/30\/camile-bertolini-estrategia-inovacao-e-equilibrio-na-lideranca-empresarial\/#breadcrumb"},"inLanguage":"pt-BR","potentialAction":[{"@type":"ReadAction","target":["https:\/\/folhapopular.info\/index.php\/2025\/08\/30\/camile-bertolini-estrategia-inovacao-e-equilibrio-na-lideranca-empresarial\/"]}]},{"@type":"ImageObject","inLanguage":"pt-BR","@id":"https:\/\/folhapopular.info\/index.php\/2025\/08\/30\/camile-bertolini-estrategia-inovacao-e-equilibrio-na-lideranca-empresarial\/#primaryimage","url":"https:\/\/folhapopular.info\/wp-content\/uploads\/2025\/08\/WhatsApp-Image-2025-08-28-at-09.09.28-scaled.jpeg","contentUrl":"https:\/\/folhapopular.info\/wp-content\/uploads\/2025\/08\/WhatsApp-Image-2025-08-28-at-09.09.28-scaled.jpeg","width":2560,"height":1920,"caption":"Camile Bertolini \/ Cr\u00e9dito: Luciana Brune"},{"@type":"BreadcrumbList","@id":"https:\/\/folhapopular.info\/index.php\/2025\/08\/30\/camile-bertolini-estrategia-inovacao-e-equilibrio-na-lideranca-empresarial\/#breadcrumb","itemListElement":[{"@type":"ListItem","position":1,"name":"In\u00edcio","item":"https:\/\/folhapopular.info\/"},{"@type":"ListItem","position":2,"name":"Camile Bertolini: Estrat\u00e9gia, inova\u00e7\u00e3o e equil\u00edbrio na lideran\u00e7a empresarial"}]},{"@type":"WebSite","@id":"https:\/\/folhapopular.info\/#website","url":"https:\/\/folhapopular.info\/","name":"Folha Popular","description":"Onde voc\u00ea tem vez e voz","potentialAction":[{"@type":"SearchAction","target":{"@type":"EntryPoint","urlTemplate":"https:\/\/folhapopular.info\/?s={search_term_string}"},"query-input":{"@type":"PropertyValueSpecification","valueRequired":true,"valueName":"search_term_string"}}],"inLanguage":"pt-BR"},{"@type":"Person","@id":"https:\/\/folhapopular.info\/#\/schema\/person\/0999cafa38c1fde22acd2026b3a3ec1f","name":"Luciana Brune","image":{"@type":"ImageObject","inLanguage":"pt-BR","@id":"https:\/\/folhapopular.info\/wp-content\/uploads\/2026\/04\/LUCIANA-1-1.webp","url":"https:\/\/folhapopular.info\/wp-content\/uploads\/2026\/04\/LUCIANA-1-1.webp","contentUrl":"https:\/\/folhapopular.info\/wp-content\/uploads\/2026\/04\/LUCIANA-1-1.webp","caption":"Luciana Brune"},"url":"https:\/\/folhapopular.info\/index.php\/author\/luciana-brune\/"}]}},"jetpack_featured_media_url":"https:\/\/folhapopular.info\/wp-content\/uploads\/2025\/08\/WhatsApp-Image-2025-08-28-at-09.09.28-scaled.jpeg","jetpack_sharing_enabled":true,"amp_enabled":true,"_links":{"self":[{"href":"https:\/\/folhapopular.info\/index.php\/wp-json\/wp\/v2\/posts\/193084","targetHints":{"allow":["GET"]}}],"collection":[{"href":"https:\/\/folhapopular.info\/index.php\/wp-json\/wp\/v2\/posts"}],"about":[{"href":"https:\/\/folhapopular.info\/index.php\/wp-json\/wp\/v2\/types\/post"}],"author":[{"embeddable":true,"href":"https:\/\/folhapopular.info\/index.php\/wp-json\/wp\/v2\/users\/11"}],"replies":[{"embeddable":true,"href":"https:\/\/folhapopular.info\/index.php\/wp-json\/wp\/v2\/comments?post=193084"}],"version-history":[{"count":0,"href":"https:\/\/folhapopular.info\/index.php\/wp-json\/wp\/v2\/posts\/193084\/revisions"}],"wp:featuredmedia":[{"embeddable":true,"href":"https:\/\/folhapopular.info\/index.php\/wp-json\/wp\/v2\/media\/193086"}],"wp:attachment":[{"href":"https:\/\/folhapopular.info\/index.php\/wp-json\/wp\/v2\/media?parent=193084"}],"wp:term":[{"taxonomy":"category","embeddable":true,"href":"https:\/\/folhapopular.info\/index.php\/wp-json\/wp\/v2\/categories?post=193084"},{"taxonomy":"post_tag","embeddable":true,"href":"https:\/\/folhapopular.info\/index.php\/wp-json\/wp\/v2\/tags?post=193084"}],"curies":[{"name":"wp","href":"https:\/\/api.w.org\/{rel}","templated":true}]}}