{"id":193266,"date":"2025-09-02T13:00:00","date_gmt":"2025-09-02T16:00:00","guid":{"rendered":"https:\/\/folhapopular.info\/?p=193266"},"modified":"2025-09-02T09:44:49","modified_gmt":"2025-09-02T12:44:49","slug":"nucleo-de-esg-da-acil-promove-palestra-gratuita-sobre-relatorios-de-sustentabilidade","status":"publish","type":"post","link":"https:\/\/folhapopular.info\/index.php\/2025\/09\/02\/nucleo-de-esg-da-acil-promove-palestra-gratuita-sobre-relatorios-de-sustentabilidade\/","title":{"rendered":"N\u00facleo de ESG da Acil promove palestra gratuita sobre relat\u00f3rios de sustentabilidade"},"content":{"rendered":"\n<p>Com o objetivo de incentivar pr\u00e1ticas sustent\u00e1veis no ambiente empresarial, o N\u00facleo de ESG da Associa\u00e7\u00e3o Comercial e Industrial de Lajeado (Acil) realiza, no pr\u00f3ximo ter\u00e7a-feira (9\/9) uma palestra gratuita sobre a import\u00e2ncia dos relat\u00f3rios de sustentabilidade. O evento acontece a partir das 19h, na sala de capacita\u00e7\u00f5es da entidade e \u00e9 aberto ao p\u00fablico.<\/p>\n\n\n\n<p>A convidada da noite ser\u00e1 L\u00eddia Schwantes, gestora da Bem Responsabilidade Social e Sustentabilidade, que abordar\u00e1, de forma pr\u00e1tica e acess\u00edvel, os formatos, conte\u00fados, ciclos e indicadores essenciais para a elabora\u00e7\u00e3o de relat\u00f3rios de sustentabilidade. Ela tamb\u00e9m apresentar\u00e1 as principais metodologias dispon\u00edveis no mercado para orientar empresas nesse processo.<\/p>\n\n\n\n<p>Segundo Luana Hermes, diretora de Responsabilidade Social Corporativa da Acil e coordenadora do N\u00facleo de ESG, o encontro visa capacitar empresas e institui\u00e7\u00f5es para o uso estrat\u00e9gico dessas ferramentas. \u201cOs relat\u00f3rios de sustentabilidade s\u00e3o fundamentais para promover transpar\u00eancia, fortalecer a governan\u00e7a e alinhar os neg\u00f3cios com os princ\u00edpios do ESG. Ser\u00e1 uma excelente oportunidade de aprendizado e atualiza\u00e7\u00e3o\u201d, destaca.<\/p>\n\n\n\n<p>A atividade \u00e9 voltada a empres\u00e1rios, profissionais, estudantes e gestores interessados em sustentabilidade corporativa e pr\u00e1ticas ESG. As inscri\u00e7\u00f5es s\u00e3o gratuitas e devem ser feitas exclusivamente pelo site da Acil, <a>acilajeado.org.br<\/a>.<\/p>\n","protected":false},"excerpt":{"rendered":"<p>Com o objetivo de incentivar pr\u00e1ticas sustent\u00e1veis no ambiente empresarial, o N\u00facleo de ESG da Associa\u00e7\u00e3o Comercial e Industrial de Lajeado (Acil) realiza, no pr\u00f3ximo ter\u00e7a-feira (9\/9) uma palestra gratuita sobre a import\u00e2ncia dos relat\u00f3rios de sustentabilidade. O evento acontece a partir das 19h, na sala de capacita\u00e7\u00f5es da entidade e \u00e9 aberto ao p\u00fablico. [&hellip;]<\/p>\n","protected":false},"author":8,"featured_media":193267,"comment_status":"open","ping_status":"open","sticky":false,"template":"","format":"standard","meta":{"pmpro_default_level":"","_jetpack_memberships_contains_paid_content":false,"footnotes":""},"categories":[2,10991],"tags":[214,16918,27,16702],"class_list":{"0":"post-193266","1":"post","2":"type-post","3":"status-publish","4":"format-standard","5":"has-post-thumbnail","7":"category-featured","8":"category-economia","9":"tag-acil","10":"tag-associacao-comercial-e-industrial-de-lajeado","11":"tag-lajeado","12":"tag-nucleo-de-esg","13":"pmpro-has-access"},"yoast_head":"<!-- This site is optimized with the Yoast SEO plugin v27.4 - https:\/\/yoast.com\/product\/yoast-seo-wordpress\/ -->\n<title>N\u00facleo de ESG da Acil promove palestra gratuita sobre relat\u00f3rios de sustentabilidade - Folha Popular<\/title>\n<meta name=\"robots\" content=\"index, follow, max-snippet:-1, max-image-preview:large, max-video-preview:-1\" \/>\n<link rel=\"canonical\" href=\"https:\/\/folhapopular.info\/index.php\/2025\/09\/02\/nucleo-de-esg-da-acil-promove-palestra-gratuita-sobre-relatorios-de-sustentabilidade\/\" \/>\n<meta property=\"og:locale\" content=\"pt_BR\" \/>\n<meta property=\"og:type\" content=\"article\" \/>\n<meta property=\"og:title\" content=\"N\u00facleo de ESG da Acil promove palestra gratuita sobre relat\u00f3rios de sustentabilidade - Folha Popular\" \/>\n<meta property=\"og:description\" content=\"Com o objetivo de incentivar pr\u00e1ticas sustent\u00e1veis no ambiente empresarial, o N\u00facleo de ESG da Associa\u00e7\u00e3o Comercial e Industrial de Lajeado (Acil) realiza, no pr\u00f3ximo ter\u00e7a-feira (9\/9) uma palestra gratuita sobre a import\u00e2ncia dos relat\u00f3rios de sustentabilidade. O evento acontece a partir das 19h, na sala de capacita\u00e7\u00f5es da entidade e \u00e9 aberto ao p\u00fablico. [&hellip;]\" \/>\n<meta property=\"og:url\" content=\"https:\/\/folhapopular.info\/index.php\/2025\/09\/02\/nucleo-de-esg-da-acil-promove-palestra-gratuita-sobre-relatorios-de-sustentabilidade\/\" \/>\n<meta property=\"og:site_name\" content=\"Folha Popular\" \/>\n<meta property=\"article:published_time\" content=\"2025-09-02T16:00:00+00:00\" \/>\n<meta property=\"og:image\" content=\"https:\/\/folhapopular.info\/wp-content\/uploads\/2025\/09\/456497_1169712_lA_dia_schwantes_materia.jpg\" \/>\n\t<meta property=\"og:image:width\" content=\"1920\" \/>\n\t<meta property=\"og:image:height\" content=\"1080\" \/>\n\t<meta property=\"og:image:type\" content=\"image\/jpeg\" \/>\n<meta name=\"author\" content=\"Reda\u00e7\u00e3o Folha Popular\" \/>\n<meta name=\"twitter:card\" content=\"summary_large_image\" \/>\n<meta name=\"twitter:label1\" content=\"Escrito por\" \/>\n\t<meta name=\"twitter:data1\" content=\"Reda\u00e7\u00e3o Folha Popular\" \/>\n\t<meta name=\"twitter:label2\" content=\"Est. tempo de leitura\" \/>\n\t<meta name=\"twitter:data2\" content=\"2 minutos\" \/>\n<script type=\"application\/ld+json\" class=\"yoast-schema-graph\">{\"@context\":\"https:\\\/\\\/schema.org\",\"@graph\":[{\"@type\":\"Article\",\"@id\":\"https:\\\/\\\/folhapopular.info\\\/index.php\\\/2025\\\/09\\\/02\\\/nucleo-de-esg-da-acil-promove-palestra-gratuita-sobre-relatorios-de-sustentabilidade\\\/#article\",\"isPartOf\":{\"@id\":\"https:\\\/\\\/folhapopular.info\\\/index.php\\\/2025\\\/09\\\/02\\\/nucleo-de-esg-da-acil-promove-palestra-gratuita-sobre-relatorios-de-sustentabilidade\\\/\"},\"author\":{\"name\":\"Reda\u00e7\u00e3o Folha Popular\",\"@id\":\"https:\\\/\\\/folhapopular.info\\\/#\\\/schema\\\/person\\\/2814e8a0df7643585a9ca38bc6eb9d4b\"},\"headline\":\"N\u00facleo de ESG da Acil promove palestra gratuita sobre relat\u00f3rios de sustentabilidade\",\"datePublished\":\"2025-09-02T16:00:00+00:00\",\"mainEntityOfPage\":{\"@id\":\"https:\\\/\\\/folhapopular.info\\\/index.php\\\/2025\\\/09\\\/02\\\/nucleo-de-esg-da-acil-promove-palestra-gratuita-sobre-relatorios-de-sustentabilidade\\\/\"},\"wordCount\":239,\"commentCount\":0,\"image\":{\"@id\":\"https:\\\/\\\/folhapopular.info\\\/index.php\\\/2025\\\/09\\\/02\\\/nucleo-de-esg-da-acil-promove-palestra-gratuita-sobre-relatorios-de-sustentabilidade\\\/#primaryimage\"},\"thumbnailUrl\":\"https:\\\/\\\/folhapopular.info\\\/wp-content\\\/uploads\\\/2025\\\/09\\\/456497_1169712_lA_dia_schwantes_materia.jpg\",\"keywords\":[\"Acil\",\"Associa\u00e7\u00e3o Comercial e Industrial de Lajeado\",\"Lajeado\",\"N\u00facleo de ESG\"],\"articleSection\":[\"Destaques\",\"Economia\"],\"inLanguage\":\"pt-BR\",\"potentialAction\":[{\"@type\":\"CommentAction\",\"name\":\"Comment\",\"target\":[\"https:\\\/\\\/folhapopular.info\\\/index.php\\\/2025\\\/09\\\/02\\\/nucleo-de-esg-da-acil-promove-palestra-gratuita-sobre-relatorios-de-sustentabilidade\\\/#respond\"]}]},{\"@type\":\"WebPage\",\"@id\":\"https:\\\/\\\/folhapopular.info\\\/index.php\\\/2025\\\/09\\\/02\\\/nucleo-de-esg-da-acil-promove-palestra-gratuita-sobre-relatorios-de-sustentabilidade\\\/\",\"url\":\"https:\\\/\\\/folhapopular.info\\\/index.php\\\/2025\\\/09\\\/02\\\/nucleo-de-esg-da-acil-promove-palestra-gratuita-sobre-relatorios-de-sustentabilidade\\\/\",\"name\":\"N\u00facleo de ESG da Acil promove palestra gratuita sobre relat\u00f3rios de sustentabilidade - Folha Popular\",\"isPartOf\":{\"@id\":\"https:\\\/\\\/folhapopular.info\\\/#website\"},\"primaryImageOfPage\":{\"@id\":\"https:\\\/\\\/folhapopular.info\\\/index.php\\\/2025\\\/09\\\/02\\\/nucleo-de-esg-da-acil-promove-palestra-gratuita-sobre-relatorios-de-sustentabilidade\\\/#primaryimage\"},\"image\":{\"@id\":\"https:\\\/\\\/folhapopular.info\\\/index.php\\\/2025\\\/09\\\/02\\\/nucleo-de-esg-da-acil-promove-palestra-gratuita-sobre-relatorios-de-sustentabilidade\\\/#primaryimage\"},\"thumbnailUrl\":\"https:\\\/\\\/folhapopular.info\\\/wp-content\\\/uploads\\\/2025\\\/09\\\/456497_1169712_lA_dia_schwantes_materia.jpg\",\"datePublished\":\"2025-09-02T16:00:00+00:00\",\"author\":{\"@id\":\"https:\\\/\\\/folhapopular.info\\\/#\\\/schema\\\/person\\\/2814e8a0df7643585a9ca38bc6eb9d4b\"},\"breadcrumb\":{\"@id\":\"https:\\\/\\\/folhapopular.info\\\/index.php\\\/2025\\\/09\\\/02\\\/nucleo-de-esg-da-acil-promove-palestra-gratuita-sobre-relatorios-de-sustentabilidade\\\/#breadcrumb\"},\"inLanguage\":\"pt-BR\",\"potentialAction\":[{\"@type\":\"ReadAction\",\"target\":[\"https:\\\/\\\/folhapopular.info\\\/index.php\\\/2025\\\/09\\\/02\\\/nucleo-de-esg-da-acil-promove-palestra-gratuita-sobre-relatorios-de-sustentabilidade\\\/\"]}]},{\"@type\":\"ImageObject\",\"inLanguage\":\"pt-BR\",\"@id\":\"https:\\\/\\\/folhapopular.info\\\/index.php\\\/2025\\\/09\\\/02\\\/nucleo-de-esg-da-acil-promove-palestra-gratuita-sobre-relatorios-de-sustentabilidade\\\/#primaryimage\",\"url\":\"https:\\\/\\\/folhapopular.info\\\/wp-content\\\/uploads\\\/2025\\\/09\\\/456497_1169712_lA_dia_schwantes_materia.jpg\",\"contentUrl\":\"https:\\\/\\\/folhapopular.info\\\/wp-content\\\/uploads\\\/2025\\\/09\\\/456497_1169712_lA_dia_schwantes_materia.jpg\",\"width\":1920,\"height\":1080,\"caption\":\"Cr\u00e9dito: Divulga\u00e7\u00e3o\"},{\"@type\":\"BreadcrumbList\",\"@id\":\"https:\\\/\\\/folhapopular.info\\\/index.php\\\/2025\\\/09\\\/02\\\/nucleo-de-esg-da-acil-promove-palestra-gratuita-sobre-relatorios-de-sustentabilidade\\\/#breadcrumb\",\"itemListElement\":[{\"@type\":\"ListItem\",\"position\":1,\"name\":\"In\u00edcio\",\"item\":\"https:\\\/\\\/folhapopular.info\\\/\"},{\"@type\":\"ListItem\",\"position\":2,\"name\":\"N\u00facleo de ESG da Acil promove palestra gratuita sobre relat\u00f3rios de sustentabilidade\"}]},{\"@type\":\"WebSite\",\"@id\":\"https:\\\/\\\/folhapopular.info\\\/#website\",\"url\":\"https:\\\/\\\/folhapopular.info\\\/\",\"name\":\"Folha Popular\",\"description\":\"Onde voc\u00ea tem vez e voz\",\"potentialAction\":[{\"@type\":\"SearchAction\",\"target\":{\"@type\":\"EntryPoint\",\"urlTemplate\":\"https:\\\/\\\/folhapopular.info\\\/?s={search_term_string}\"},\"query-input\":{\"@type\":\"PropertyValueSpecification\",\"valueRequired\":true,\"valueName\":\"search_term_string\"}}],\"inLanguage\":\"pt-BR\"},{\"@type\":\"Person\",\"@id\":\"https:\\\/\\\/folhapopular.info\\\/#\\\/schema\\\/person\\\/2814e8a0df7643585a9ca38bc6eb9d4b\",\"name\":\"Reda\u00e7\u00e3o Folha Popular\",\"image\":{\"@type\":\"ImageObject\",\"inLanguage\":\"pt-BR\",\"@id\":\"https:\\\/\\\/folhapopular.info\\\/wp-content\\\/uploads\\\/2026\\\/04\\\/Folha-1.webp\",\"url\":\"https:\\\/\\\/folhapopular.info\\\/wp-content\\\/uploads\\\/2026\\\/04\\\/Folha-1.webp\",\"contentUrl\":\"https:\\\/\\\/folhapopular.info\\\/wp-content\\\/uploads\\\/2026\\\/04\\\/Folha-1.webp\",\"caption\":\"Reda\u00e7\u00e3o Folha Popular\"},\"url\":\"https:\\\/\\\/folhapopular.info\\\/index.php\\\/author\\\/redacao\\\/\"}]}<\/script>\n<!-- \/ Yoast SEO plugin. -->","yoast_head_json":{"title":"N\u00facleo de ESG da Acil promove palestra gratuita sobre relat\u00f3rios de sustentabilidade - Folha Popular","robots":{"index":"index","follow":"follow","max-snippet":"max-snippet:-1","max-image-preview":"max-image-preview:large","max-video-preview":"max-video-preview:-1"},"canonical":"https:\/\/folhapopular.info\/index.php\/2025\/09\/02\/nucleo-de-esg-da-acil-promove-palestra-gratuita-sobre-relatorios-de-sustentabilidade\/","og_locale":"pt_BR","og_type":"article","og_title":"N\u00facleo de ESG da Acil promove palestra gratuita sobre relat\u00f3rios de sustentabilidade - Folha Popular","og_description":"Com o objetivo de incentivar pr\u00e1ticas sustent\u00e1veis no ambiente empresarial, o N\u00facleo de ESG da Associa\u00e7\u00e3o Comercial e Industrial de Lajeado (Acil) realiza, no pr\u00f3ximo ter\u00e7a-feira (9\/9) uma palestra gratuita sobre a import\u00e2ncia dos relat\u00f3rios de sustentabilidade. O evento acontece a partir das 19h, na sala de capacita\u00e7\u00f5es da entidade e \u00e9 aberto ao p\u00fablico. [&hellip;]","og_url":"https:\/\/folhapopular.info\/index.php\/2025\/09\/02\/nucleo-de-esg-da-acil-promove-palestra-gratuita-sobre-relatorios-de-sustentabilidade\/","og_site_name":"Folha Popular","article_published_time":"2025-09-02T16:00:00+00:00","og_image":[{"width":1920,"height":1080,"url":"https:\/\/folhapopular.info\/wp-content\/uploads\/2025\/09\/456497_1169712_lA_dia_schwantes_materia.jpg","type":"image\/jpeg"}],"author":"Reda\u00e7\u00e3o Folha Popular","twitter_card":"summary_large_image","twitter_misc":{"Escrito por":"Reda\u00e7\u00e3o Folha Popular","Est. tempo de leitura":"2 minutos"},"schema":{"@context":"https:\/\/schema.org","@graph":[{"@type":"Article","@id":"https:\/\/folhapopular.info\/index.php\/2025\/09\/02\/nucleo-de-esg-da-acil-promove-palestra-gratuita-sobre-relatorios-de-sustentabilidade\/#article","isPartOf":{"@id":"https:\/\/folhapopular.info\/index.php\/2025\/09\/02\/nucleo-de-esg-da-acil-promove-palestra-gratuita-sobre-relatorios-de-sustentabilidade\/"},"author":{"name":"Reda\u00e7\u00e3o Folha Popular","@id":"https:\/\/folhapopular.info\/#\/schema\/person\/2814e8a0df7643585a9ca38bc6eb9d4b"},"headline":"N\u00facleo de ESG da Acil promove palestra gratuita sobre relat\u00f3rios de sustentabilidade","datePublished":"2025-09-02T16:00:00+00:00","mainEntityOfPage":{"@id":"https:\/\/folhapopular.info\/index.php\/2025\/09\/02\/nucleo-de-esg-da-acil-promove-palestra-gratuita-sobre-relatorios-de-sustentabilidade\/"},"wordCount":239,"commentCount":0,"image":{"@id":"https:\/\/folhapopular.info\/index.php\/2025\/09\/02\/nucleo-de-esg-da-acil-promove-palestra-gratuita-sobre-relatorios-de-sustentabilidade\/#primaryimage"},"thumbnailUrl":"https:\/\/folhapopular.info\/wp-content\/uploads\/2025\/09\/456497_1169712_lA_dia_schwantes_materia.jpg","keywords":["Acil","Associa\u00e7\u00e3o Comercial e Industrial de Lajeado","Lajeado","N\u00facleo de ESG"],"articleSection":["Destaques","Economia"],"inLanguage":"pt-BR","potentialAction":[{"@type":"CommentAction","name":"Comment","target":["https:\/\/folhapopular.info\/index.php\/2025\/09\/02\/nucleo-de-esg-da-acil-promove-palestra-gratuita-sobre-relatorios-de-sustentabilidade\/#respond"]}]},{"@type":"WebPage","@id":"https:\/\/folhapopular.info\/index.php\/2025\/09\/02\/nucleo-de-esg-da-acil-promove-palestra-gratuita-sobre-relatorios-de-sustentabilidade\/","url":"https:\/\/folhapopular.info\/index.php\/2025\/09\/02\/nucleo-de-esg-da-acil-promove-palestra-gratuita-sobre-relatorios-de-sustentabilidade\/","name":"N\u00facleo de ESG da Acil promove palestra gratuita sobre relat\u00f3rios de sustentabilidade - Folha Popular","isPartOf":{"@id":"https:\/\/folhapopular.info\/#website"},"primaryImageOfPage":{"@id":"https:\/\/folhapopular.info\/index.php\/2025\/09\/02\/nucleo-de-esg-da-acil-promove-palestra-gratuita-sobre-relatorios-de-sustentabilidade\/#primaryimage"},"image":{"@id":"https:\/\/folhapopular.info\/index.php\/2025\/09\/02\/nucleo-de-esg-da-acil-promove-palestra-gratuita-sobre-relatorios-de-sustentabilidade\/#primaryimage"},"thumbnailUrl":"https:\/\/folhapopular.info\/wp-content\/uploads\/2025\/09\/456497_1169712_lA_dia_schwantes_materia.jpg","datePublished":"2025-09-02T16:00:00+00:00","author":{"@id":"https:\/\/folhapopular.info\/#\/schema\/person\/2814e8a0df7643585a9ca38bc6eb9d4b"},"breadcrumb":{"@id":"https:\/\/folhapopular.info\/index.php\/2025\/09\/02\/nucleo-de-esg-da-acil-promove-palestra-gratuita-sobre-relatorios-de-sustentabilidade\/#breadcrumb"},"inLanguage":"pt-BR","potentialAction":[{"@type":"ReadAction","target":["https:\/\/folhapopular.info\/index.php\/2025\/09\/02\/nucleo-de-esg-da-acil-promove-palestra-gratuita-sobre-relatorios-de-sustentabilidade\/"]}]},{"@type":"ImageObject","inLanguage":"pt-BR","@id":"https:\/\/folhapopular.info\/index.php\/2025\/09\/02\/nucleo-de-esg-da-acil-promove-palestra-gratuita-sobre-relatorios-de-sustentabilidade\/#primaryimage","url":"https:\/\/folhapopular.info\/wp-content\/uploads\/2025\/09\/456497_1169712_lA_dia_schwantes_materia.jpg","contentUrl":"https:\/\/folhapopular.info\/wp-content\/uploads\/2025\/09\/456497_1169712_lA_dia_schwantes_materia.jpg","width":1920,"height":1080,"caption":"Cr\u00e9dito: Divulga\u00e7\u00e3o"},{"@type":"BreadcrumbList","@id":"https:\/\/folhapopular.info\/index.php\/2025\/09\/02\/nucleo-de-esg-da-acil-promove-palestra-gratuita-sobre-relatorios-de-sustentabilidade\/#breadcrumb","itemListElement":[{"@type":"ListItem","position":1,"name":"In\u00edcio","item":"https:\/\/folhapopular.info\/"},{"@type":"ListItem","position":2,"name":"N\u00facleo de ESG da Acil promove palestra gratuita sobre relat\u00f3rios de sustentabilidade"}]},{"@type":"WebSite","@id":"https:\/\/folhapopular.info\/#website","url":"https:\/\/folhapopular.info\/","name":"Folha Popular","description":"Onde voc\u00ea tem vez e voz","potentialAction":[{"@type":"SearchAction","target":{"@type":"EntryPoint","urlTemplate":"https:\/\/folhapopular.info\/?s={search_term_string}"},"query-input":{"@type":"PropertyValueSpecification","valueRequired":true,"valueName":"search_term_string"}}],"inLanguage":"pt-BR"},{"@type":"Person","@id":"https:\/\/folhapopular.info\/#\/schema\/person\/2814e8a0df7643585a9ca38bc6eb9d4b","name":"Reda\u00e7\u00e3o Folha Popular","image":{"@type":"ImageObject","inLanguage":"pt-BR","@id":"https:\/\/folhapopular.info\/wp-content\/uploads\/2026\/04\/Folha-1.webp","url":"https:\/\/folhapopular.info\/wp-content\/uploads\/2026\/04\/Folha-1.webp","contentUrl":"https:\/\/folhapopular.info\/wp-content\/uploads\/2026\/04\/Folha-1.webp","caption":"Reda\u00e7\u00e3o Folha Popular"},"url":"https:\/\/folhapopular.info\/index.php\/author\/redacao\/"}]}},"jetpack_featured_media_url":"https:\/\/folhapopular.info\/wp-content\/uploads\/2025\/09\/456497_1169712_lA_dia_schwantes_materia.jpg","jetpack_sharing_enabled":true,"amp_enabled":true,"_links":{"self":[{"href":"https:\/\/folhapopular.info\/index.php\/wp-json\/wp\/v2\/posts\/193266","targetHints":{"allow":["GET"]}}],"collection":[{"href":"https:\/\/folhapopular.info\/index.php\/wp-json\/wp\/v2\/posts"}],"about":[{"href":"https:\/\/folhapopular.info\/index.php\/wp-json\/wp\/v2\/types\/post"}],"author":[{"embeddable":true,"href":"https:\/\/folhapopular.info\/index.php\/wp-json\/wp\/v2\/users\/8"}],"replies":[{"embeddable":true,"href":"https:\/\/folhapopular.info\/index.php\/wp-json\/wp\/v2\/comments?post=193266"}],"version-history":[{"count":0,"href":"https:\/\/folhapopular.info\/index.php\/wp-json\/wp\/v2\/posts\/193266\/revisions"}],"wp:featuredmedia":[{"embeddable":true,"href":"https:\/\/folhapopular.info\/index.php\/wp-json\/wp\/v2\/media\/193267"}],"wp:attachment":[{"href":"https:\/\/folhapopular.info\/index.php\/wp-json\/wp\/v2\/media?parent=193266"}],"wp:term":[{"taxonomy":"category","embeddable":true,"href":"https:\/\/folhapopular.info\/index.php\/wp-json\/wp\/v2\/categories?post=193266"},{"taxonomy":"post_tag","embeddable":true,"href":"https:\/\/folhapopular.info\/index.php\/wp-json\/wp\/v2\/tags?post=193266"}],"curies":[{"name":"wp","href":"https:\/\/api.w.org\/{rel}","templated":true}]}}