{"id":193507,"date":"2025-09-05T15:38:07","date_gmt":"2025-09-05T18:38:07","guid":{"rendered":"https:\/\/folhapopular.info\/?p=193507"},"modified":"2025-09-05T15:38:12","modified_gmt":"2025-09-05T18:38:12","slug":"agricultores-do-rs-serao-os-mais-beneficiados-por-mp-do-governo-federal","status":"publish","type":"post","link":"https:\/\/folhapopular.info\/index.php\/2025\/09\/05\/agricultores-do-rs-serao-os-mais-beneficiados-por-mp-do-governo-federal\/","title":{"rendered":"Agricultores do RS ser\u00e3o os mais beneficiados por MP do governo federal"},"content":{"rendered":"\n<p>O presidente Luiz In\u00e1cio Lula da Silva confirmou nesta sexta-feira (5\/9), por meio de v\u00eddeo nas redes sociais, a assinatura de Medida Provis\u00f3ria (MP) que autoriza a renegocia\u00e7\u00e3o de d\u00edvidas de produtores rurais afetados por secas e enchentes. A iniciativa ter\u00e1 R$ 12 bilh\u00f5es do Tesouro Nacional, a serem operados pelos bancos com juros controlados.<\/p>\n\n\n\n<p>De acordo com o governo, a medida poder\u00e1 alcan\u00e7ar at\u00e9 100 mil agricultores de diferentes portes em todo o pa\u00eds. O Rio Grande do Sul, que sofreu perdas em seis safras consecutivas devido a estiagens prolongadas e enchentes severas, \u00e9 apontado como o estado mais afetado.<\/p>\n\n\n\n<p>As condi\u00e7\u00f5es variam conforme o perfil do agricultor: familiares enquadrados no Pronaf poder\u00e3o refinanciar at\u00e9 R$ 250 mil com juros de 6% ao ano; m\u00e9dios produtores, dentro do Pronamp, ter\u00e3o acesso a R$ 1,5 milh\u00e3o a 8% ao ano; j\u00e1 grandes produtores poder\u00e3o renegociar at\u00e9 R$ 3 milh\u00f5es, com juros de 10% ao ano.<\/p>\n\n\n\n<p>Al\u00e9m dos recursos do Tesouro, o governo prev\u00ea est\u00edmulos para que os bancos tamb\u00e9m utilizem capital pr\u00f3prio no processo. A expectativa \u00e9 destravar o cr\u00e9dito agr\u00edcola, o que garante o plantio da pr\u00f3xima safra e maior estabilidade no abastecimento de alimentos.<\/p>\n\n\n\n<p>O an\u00fancio atende a uma reivindica\u00e7\u00e3o antiga de agricultores ga\u00fachos, que pressionavam por securitiza\u00e7\u00e3o das d\u00edvidas. O pacote foi fechado na quinta-feira (4\/9), em reuni\u00e3o com ministros das \u00e1reas agr\u00edcola e econ\u00f4mica, diante da proximidade do novo ciclo de plantio e da forte inadimpl\u00eancia no estado.<\/p>\n\n\n\n<p>Embora tenha alcance nacional, inclui produtores de Mato Grosso do Sul, S\u00e3o Paulo e Tri\u00e2ngulo Mineiro, a MP \u00e9 considerada uma resposta direta \u00e0 crise enfrentada pelo Rio Grande do Sul. A medida tamb\u00e9m surge como alternativa ao projeto de lei 5122\/2023, em an\u00e1lise no Senado, que prev\u00ea o uso de at\u00e9 R$ 30 bilh\u00f5es do Fundo Social do Pr\u00e9-Sal para refinanciar d\u00edvidas rurais.<\/p>\n","protected":false},"excerpt":{"rendered":"<p>O presidente Luiz In\u00e1cio Lula da Silva confirmou nesta sexta-feira (5\/9), por meio de v\u00eddeo nas redes sociais, a assinatura de Medida Provis\u00f3ria (MP) que autoriza a renegocia\u00e7\u00e3o de d\u00edvidas de produtores rurais afetados por secas e enchentes. A iniciativa ter\u00e1 R$ 12 bilh\u00f5es do Tesouro Nacional, a serem operados pelos bancos com juros controlados. [&hellip;]<\/p>\n","protected":false},"author":8,"featured_media":193508,"comment_status":"open","ping_status":"open","sticky":false,"template":"","format":"standard","meta":{"pmpro_default_level":"","_jetpack_memberships_contains_paid_content":false,"footnotes":""},"categories":[2,10991,10994],"tags":[2754,5847,13298,1714,11027],"class_list":{"0":"post-193507","1":"post","2":"type-post","3":"status-publish","4":"format-standard","5":"has-post-thumbnail","7":"category-featured","8":"category-economia","9":"category-rural","10":"tag-agricultores","11":"tag-governo-federal","12":"tag-medida-provisoria","13":"tag-rs","14":"tag-rural","15":"pmpro-has-access"},"yoast_head":"<!-- This site is optimized with the Yoast SEO plugin v27.5 - https:\/\/yoast.com\/product\/yoast-seo-wordpress\/ -->\n<title>Agricultores do RS ser\u00e3o os mais beneficiados por MP do governo federal - Folha Popular<\/title>\n<meta name=\"robots\" content=\"index, follow, max-snippet:-1, max-image-preview:large, max-video-preview:-1\" \/>\n<link rel=\"canonical\" href=\"https:\/\/folhapopular.info\/index.php\/2025\/09\/05\/agricultores-do-rs-serao-os-mais-beneficiados-por-mp-do-governo-federal\/\" \/>\n<meta property=\"og:locale\" content=\"pt_BR\" \/>\n<meta property=\"og:type\" content=\"article\" \/>\n<meta property=\"og:title\" content=\"Agricultores do RS ser\u00e3o os mais beneficiados por MP do governo federal - Folha Popular\" \/>\n<meta property=\"og:description\" content=\"O presidente Luiz In\u00e1cio Lula da Silva confirmou nesta sexta-feira (5\/9), por meio de v\u00eddeo nas redes sociais, a assinatura de Medida Provis\u00f3ria (MP) que autoriza a renegocia\u00e7\u00e3o de d\u00edvidas de produtores rurais afetados por secas e enchentes. A iniciativa ter\u00e1 R$ 12 bilh\u00f5es do Tesouro Nacional, a serem operados pelos bancos com juros controlados. [&hellip;]\" \/>\n<meta property=\"og:url\" content=\"https:\/\/folhapopular.info\/index.php\/2025\/09\/05\/agricultores-do-rs-serao-os-mais-beneficiados-por-mp-do-governo-federal\/\" \/>\n<meta property=\"og:site_name\" content=\"Folha Popular\" \/>\n<meta property=\"article:published_time\" content=\"2025-09-05T18:38:07+00:00\" \/>\n<meta property=\"article:modified_time\" content=\"2025-09-05T18:38:12+00:00\" \/>\n<meta property=\"og:image\" content=\"http:\/\/folhapopular.info\/wp-content\/uploads\/2025\/09\/3fb6404d-53e5-44ea-bca6-d4ea03a28dd2-696x464-1.jpg\" \/>\n\t<meta property=\"og:image:width\" content=\"696\" \/>\n\t<meta property=\"og:image:height\" content=\"464\" \/>\n\t<meta property=\"og:image:type\" content=\"image\/jpeg\" \/>\n<meta name=\"author\" content=\"Reda\u00e7\u00e3o Folha Popular\" \/>\n<meta name=\"twitter:card\" content=\"summary_large_image\" \/>\n<meta name=\"twitter:label1\" content=\"Escrito por\" \/>\n\t<meta name=\"twitter:data1\" content=\"Reda\u00e7\u00e3o Folha Popular\" \/>\n\t<meta name=\"twitter:label2\" content=\"Est. tempo de leitura\" \/>\n\t<meta name=\"twitter:data2\" content=\"2 minutos\" \/>\n<script type=\"application\/ld+json\" class=\"yoast-schema-graph\">{\"@context\":\"https:\\\/\\\/schema.org\",\"@graph\":[{\"@type\":\"Article\",\"@id\":\"https:\\\/\\\/folhapopular.info\\\/index.php\\\/2025\\\/09\\\/05\\\/agricultores-do-rs-serao-os-mais-beneficiados-por-mp-do-governo-federal\\\/#article\",\"isPartOf\":{\"@id\":\"https:\\\/\\\/folhapopular.info\\\/index.php\\\/2025\\\/09\\\/05\\\/agricultores-do-rs-serao-os-mais-beneficiados-por-mp-do-governo-federal\\\/\"},\"author\":{\"name\":\"Reda\u00e7\u00e3o Folha Popular\",\"@id\":\"https:\\\/\\\/folhapopular.info\\\/#\\\/schema\\\/person\\\/2814e8a0df7643585a9ca38bc6eb9d4b\"},\"headline\":\"Agricultores do RS ser\u00e3o os mais beneficiados por MP do governo federal\",\"datePublished\":\"2025-09-05T18:38:07+00:00\",\"dateModified\":\"2025-09-05T18:38:12+00:00\",\"mainEntityOfPage\":{\"@id\":\"https:\\\/\\\/folhapopular.info\\\/index.php\\\/2025\\\/09\\\/05\\\/agricultores-do-rs-serao-os-mais-beneficiados-por-mp-do-governo-federal\\\/\"},\"wordCount\":341,\"commentCount\":0,\"image\":{\"@id\":\"https:\\\/\\\/folhapopular.info\\\/index.php\\\/2025\\\/09\\\/05\\\/agricultores-do-rs-serao-os-mais-beneficiados-por-mp-do-governo-federal\\\/#primaryimage\"},\"thumbnailUrl\":\"https:\\\/\\\/folhapopular.info\\\/wp-content\\\/uploads\\\/2025\\\/09\\\/3fb6404d-53e5-44ea-bca6-d4ea03a28dd2-696x464-1.jpg\",\"keywords\":[\"Agricultores\",\"Governo Federal\",\"Medida Provis\u00f3ria\",\"RS\",\"rural\"],\"articleSection\":[\"Destaques\",\"Economia\",\"Rural\"],\"inLanguage\":\"pt-BR\",\"potentialAction\":[{\"@type\":\"CommentAction\",\"name\":\"Comment\",\"target\":[\"https:\\\/\\\/folhapopular.info\\\/index.php\\\/2025\\\/09\\\/05\\\/agricultores-do-rs-serao-os-mais-beneficiados-por-mp-do-governo-federal\\\/#respond\"]}]},{\"@type\":\"WebPage\",\"@id\":\"https:\\\/\\\/folhapopular.info\\\/index.php\\\/2025\\\/09\\\/05\\\/agricultores-do-rs-serao-os-mais-beneficiados-por-mp-do-governo-federal\\\/\",\"url\":\"https:\\\/\\\/folhapopular.info\\\/index.php\\\/2025\\\/09\\\/05\\\/agricultores-do-rs-serao-os-mais-beneficiados-por-mp-do-governo-federal\\\/\",\"name\":\"Agricultores do RS ser\u00e3o os mais beneficiados por MP do governo federal - Folha Popular\",\"isPartOf\":{\"@id\":\"https:\\\/\\\/folhapopular.info\\\/#website\"},\"primaryImageOfPage\":{\"@id\":\"https:\\\/\\\/folhapopular.info\\\/index.php\\\/2025\\\/09\\\/05\\\/agricultores-do-rs-serao-os-mais-beneficiados-por-mp-do-governo-federal\\\/#primaryimage\"},\"image\":{\"@id\":\"https:\\\/\\\/folhapopular.info\\\/index.php\\\/2025\\\/09\\\/05\\\/agricultores-do-rs-serao-os-mais-beneficiados-por-mp-do-governo-federal\\\/#primaryimage\"},\"thumbnailUrl\":\"https:\\\/\\\/folhapopular.info\\\/wp-content\\\/uploads\\\/2025\\\/09\\\/3fb6404d-53e5-44ea-bca6-d4ea03a28dd2-696x464-1.jpg\",\"datePublished\":\"2025-09-05T18:38:07+00:00\",\"dateModified\":\"2025-09-05T18:38:12+00:00\",\"author\":{\"@id\":\"https:\\\/\\\/folhapopular.info\\\/#\\\/schema\\\/person\\\/2814e8a0df7643585a9ca38bc6eb9d4b\"},\"breadcrumb\":{\"@id\":\"https:\\\/\\\/folhapopular.info\\\/index.php\\\/2025\\\/09\\\/05\\\/agricultores-do-rs-serao-os-mais-beneficiados-por-mp-do-governo-federal\\\/#breadcrumb\"},\"inLanguage\":\"pt-BR\",\"potentialAction\":[{\"@type\":\"ReadAction\",\"target\":[\"https:\\\/\\\/folhapopular.info\\\/index.php\\\/2025\\\/09\\\/05\\\/agricultores-do-rs-serao-os-mais-beneficiados-por-mp-do-governo-federal\\\/\"]}]},{\"@type\":\"ImageObject\",\"inLanguage\":\"pt-BR\",\"@id\":\"https:\\\/\\\/folhapopular.info\\\/index.php\\\/2025\\\/09\\\/05\\\/agricultores-do-rs-serao-os-mais-beneficiados-por-mp-do-governo-federal\\\/#primaryimage\",\"url\":\"https:\\\/\\\/folhapopular.info\\\/wp-content\\\/uploads\\\/2025\\\/09\\\/3fb6404d-53e5-44ea-bca6-d4ea03a28dd2-696x464-1.jpg\",\"contentUrl\":\"https:\\\/\\\/folhapopular.info\\\/wp-content\\\/uploads\\\/2025\\\/09\\\/3fb6404d-53e5-44ea-bca6-d4ea03a28dd2-696x464-1.jpg\",\"width\":696,\"height\":464,\"caption\":\"At\u00e9 100 mil agricultores ser\u00e3o beneficiados \\\/ Cr\u00e9dito: Joel Vargas \\\/ Divulga\u00e7\u00e3o\"},{\"@type\":\"BreadcrumbList\",\"@id\":\"https:\\\/\\\/folhapopular.info\\\/index.php\\\/2025\\\/09\\\/05\\\/agricultores-do-rs-serao-os-mais-beneficiados-por-mp-do-governo-federal\\\/#breadcrumb\",\"itemListElement\":[{\"@type\":\"ListItem\",\"position\":1,\"name\":\"In\u00edcio\",\"item\":\"https:\\\/\\\/folhapopular.info\\\/\"},{\"@type\":\"ListItem\",\"position\":2,\"name\":\"Agricultores do RS ser\u00e3o os mais beneficiados por MP do governo federal\"}]},{\"@type\":\"WebSite\",\"@id\":\"https:\\\/\\\/folhapopular.info\\\/#website\",\"url\":\"https:\\\/\\\/folhapopular.info\\\/\",\"name\":\"Folha Popular\",\"description\":\"Onde voc\u00ea tem vez e voz\",\"potentialAction\":[{\"@type\":\"SearchAction\",\"target\":{\"@type\":\"EntryPoint\",\"urlTemplate\":\"https:\\\/\\\/folhapopular.info\\\/?s={search_term_string}\"},\"query-input\":{\"@type\":\"PropertyValueSpecification\",\"valueRequired\":true,\"valueName\":\"search_term_string\"}}],\"inLanguage\":\"pt-BR\"},{\"@type\":\"Person\",\"@id\":\"https:\\\/\\\/folhapopular.info\\\/#\\\/schema\\\/person\\\/2814e8a0df7643585a9ca38bc6eb9d4b\",\"name\":\"Reda\u00e7\u00e3o Folha Popular\",\"image\":{\"@type\":\"ImageObject\",\"inLanguage\":\"pt-BR\",\"@id\":\"https:\\\/\\\/folhapopular.info\\\/wp-content\\\/uploads\\\/2026\\\/04\\\/Folha-1.webp\",\"url\":\"https:\\\/\\\/folhapopular.info\\\/wp-content\\\/uploads\\\/2026\\\/04\\\/Folha-1.webp\",\"contentUrl\":\"https:\\\/\\\/folhapopular.info\\\/wp-content\\\/uploads\\\/2026\\\/04\\\/Folha-1.webp\",\"caption\":\"Reda\u00e7\u00e3o Folha Popular\"},\"url\":\"https:\\\/\\\/folhapopular.info\\\/index.php\\\/author\\\/redacao\\\/\"}]}<\/script>\n<!-- \/ Yoast SEO plugin. -->","yoast_head_json":{"title":"Agricultores do RS ser\u00e3o os mais beneficiados por MP do governo federal - Folha Popular","robots":{"index":"index","follow":"follow","max-snippet":"max-snippet:-1","max-image-preview":"max-image-preview:large","max-video-preview":"max-video-preview:-1"},"canonical":"https:\/\/folhapopular.info\/index.php\/2025\/09\/05\/agricultores-do-rs-serao-os-mais-beneficiados-por-mp-do-governo-federal\/","og_locale":"pt_BR","og_type":"article","og_title":"Agricultores do RS ser\u00e3o os mais beneficiados por MP do governo federal - Folha Popular","og_description":"O presidente Luiz In\u00e1cio Lula da Silva confirmou nesta sexta-feira (5\/9), por meio de v\u00eddeo nas redes sociais, a assinatura de Medida Provis\u00f3ria (MP) que autoriza a renegocia\u00e7\u00e3o de d\u00edvidas de produtores rurais afetados por secas e enchentes. A iniciativa ter\u00e1 R$ 12 bilh\u00f5es do Tesouro Nacional, a serem operados pelos bancos com juros controlados. [&hellip;]","og_url":"https:\/\/folhapopular.info\/index.php\/2025\/09\/05\/agricultores-do-rs-serao-os-mais-beneficiados-por-mp-do-governo-federal\/","og_site_name":"Folha Popular","article_published_time":"2025-09-05T18:38:07+00:00","article_modified_time":"2025-09-05T18:38:12+00:00","og_image":[{"width":696,"height":464,"url":"http:\/\/folhapopular.info\/wp-content\/uploads\/2025\/09\/3fb6404d-53e5-44ea-bca6-d4ea03a28dd2-696x464-1.jpg","type":"image\/jpeg"}],"author":"Reda\u00e7\u00e3o Folha Popular","twitter_card":"summary_large_image","twitter_misc":{"Escrito por":"Reda\u00e7\u00e3o Folha Popular","Est. tempo de leitura":"2 minutos"},"schema":{"@context":"https:\/\/schema.org","@graph":[{"@type":"Article","@id":"https:\/\/folhapopular.info\/index.php\/2025\/09\/05\/agricultores-do-rs-serao-os-mais-beneficiados-por-mp-do-governo-federal\/#article","isPartOf":{"@id":"https:\/\/folhapopular.info\/index.php\/2025\/09\/05\/agricultores-do-rs-serao-os-mais-beneficiados-por-mp-do-governo-federal\/"},"author":{"name":"Reda\u00e7\u00e3o Folha Popular","@id":"https:\/\/folhapopular.info\/#\/schema\/person\/2814e8a0df7643585a9ca38bc6eb9d4b"},"headline":"Agricultores do RS ser\u00e3o os mais beneficiados por MP do governo federal","datePublished":"2025-09-05T18:38:07+00:00","dateModified":"2025-09-05T18:38:12+00:00","mainEntityOfPage":{"@id":"https:\/\/folhapopular.info\/index.php\/2025\/09\/05\/agricultores-do-rs-serao-os-mais-beneficiados-por-mp-do-governo-federal\/"},"wordCount":341,"commentCount":0,"image":{"@id":"https:\/\/folhapopular.info\/index.php\/2025\/09\/05\/agricultores-do-rs-serao-os-mais-beneficiados-por-mp-do-governo-federal\/#primaryimage"},"thumbnailUrl":"https:\/\/folhapopular.info\/wp-content\/uploads\/2025\/09\/3fb6404d-53e5-44ea-bca6-d4ea03a28dd2-696x464-1.jpg","keywords":["Agricultores","Governo Federal","Medida Provis\u00f3ria","RS","rural"],"articleSection":["Destaques","Economia","Rural"],"inLanguage":"pt-BR","potentialAction":[{"@type":"CommentAction","name":"Comment","target":["https:\/\/folhapopular.info\/index.php\/2025\/09\/05\/agricultores-do-rs-serao-os-mais-beneficiados-por-mp-do-governo-federal\/#respond"]}]},{"@type":"WebPage","@id":"https:\/\/folhapopular.info\/index.php\/2025\/09\/05\/agricultores-do-rs-serao-os-mais-beneficiados-por-mp-do-governo-federal\/","url":"https:\/\/folhapopular.info\/index.php\/2025\/09\/05\/agricultores-do-rs-serao-os-mais-beneficiados-por-mp-do-governo-federal\/","name":"Agricultores do RS ser\u00e3o os mais beneficiados por MP do governo federal - Folha Popular","isPartOf":{"@id":"https:\/\/folhapopular.info\/#website"},"primaryImageOfPage":{"@id":"https:\/\/folhapopular.info\/index.php\/2025\/09\/05\/agricultores-do-rs-serao-os-mais-beneficiados-por-mp-do-governo-federal\/#primaryimage"},"image":{"@id":"https:\/\/folhapopular.info\/index.php\/2025\/09\/05\/agricultores-do-rs-serao-os-mais-beneficiados-por-mp-do-governo-federal\/#primaryimage"},"thumbnailUrl":"https:\/\/folhapopular.info\/wp-content\/uploads\/2025\/09\/3fb6404d-53e5-44ea-bca6-d4ea03a28dd2-696x464-1.jpg","datePublished":"2025-09-05T18:38:07+00:00","dateModified":"2025-09-05T18:38:12+00:00","author":{"@id":"https:\/\/folhapopular.info\/#\/schema\/person\/2814e8a0df7643585a9ca38bc6eb9d4b"},"breadcrumb":{"@id":"https:\/\/folhapopular.info\/index.php\/2025\/09\/05\/agricultores-do-rs-serao-os-mais-beneficiados-por-mp-do-governo-federal\/#breadcrumb"},"inLanguage":"pt-BR","potentialAction":[{"@type":"ReadAction","target":["https:\/\/folhapopular.info\/index.php\/2025\/09\/05\/agricultores-do-rs-serao-os-mais-beneficiados-por-mp-do-governo-federal\/"]}]},{"@type":"ImageObject","inLanguage":"pt-BR","@id":"https:\/\/folhapopular.info\/index.php\/2025\/09\/05\/agricultores-do-rs-serao-os-mais-beneficiados-por-mp-do-governo-federal\/#primaryimage","url":"https:\/\/folhapopular.info\/wp-content\/uploads\/2025\/09\/3fb6404d-53e5-44ea-bca6-d4ea03a28dd2-696x464-1.jpg","contentUrl":"https:\/\/folhapopular.info\/wp-content\/uploads\/2025\/09\/3fb6404d-53e5-44ea-bca6-d4ea03a28dd2-696x464-1.jpg","width":696,"height":464,"caption":"At\u00e9 100 mil agricultores ser\u00e3o beneficiados \/ Cr\u00e9dito: Joel Vargas \/ Divulga\u00e7\u00e3o"},{"@type":"BreadcrumbList","@id":"https:\/\/folhapopular.info\/index.php\/2025\/09\/05\/agricultores-do-rs-serao-os-mais-beneficiados-por-mp-do-governo-federal\/#breadcrumb","itemListElement":[{"@type":"ListItem","position":1,"name":"In\u00edcio","item":"https:\/\/folhapopular.info\/"},{"@type":"ListItem","position":2,"name":"Agricultores do RS ser\u00e3o os mais beneficiados por MP do governo federal"}]},{"@type":"WebSite","@id":"https:\/\/folhapopular.info\/#website","url":"https:\/\/folhapopular.info\/","name":"Folha Popular","description":"Onde voc\u00ea tem vez e voz","potentialAction":[{"@type":"SearchAction","target":{"@type":"EntryPoint","urlTemplate":"https:\/\/folhapopular.info\/?s={search_term_string}"},"query-input":{"@type":"PropertyValueSpecification","valueRequired":true,"valueName":"search_term_string"}}],"inLanguage":"pt-BR"},{"@type":"Person","@id":"https:\/\/folhapopular.info\/#\/schema\/person\/2814e8a0df7643585a9ca38bc6eb9d4b","name":"Reda\u00e7\u00e3o Folha Popular","image":{"@type":"ImageObject","inLanguage":"pt-BR","@id":"https:\/\/folhapopular.info\/wp-content\/uploads\/2026\/04\/Folha-1.webp","url":"https:\/\/folhapopular.info\/wp-content\/uploads\/2026\/04\/Folha-1.webp","contentUrl":"https:\/\/folhapopular.info\/wp-content\/uploads\/2026\/04\/Folha-1.webp","caption":"Reda\u00e7\u00e3o Folha Popular"},"url":"https:\/\/folhapopular.info\/index.php\/author\/redacao\/"}]}},"jetpack_featured_media_url":"https:\/\/folhapopular.info\/wp-content\/uploads\/2025\/09\/3fb6404d-53e5-44ea-bca6-d4ea03a28dd2-696x464-1.jpg","jetpack_sharing_enabled":true,"amp_enabled":true,"_links":{"self":[{"href":"https:\/\/folhapopular.info\/index.php\/wp-json\/wp\/v2\/posts\/193507","targetHints":{"allow":["GET"]}}],"collection":[{"href":"https:\/\/folhapopular.info\/index.php\/wp-json\/wp\/v2\/posts"}],"about":[{"href":"https:\/\/folhapopular.info\/index.php\/wp-json\/wp\/v2\/types\/post"}],"author":[{"embeddable":true,"href":"https:\/\/folhapopular.info\/index.php\/wp-json\/wp\/v2\/users\/8"}],"replies":[{"embeddable":true,"href":"https:\/\/folhapopular.info\/index.php\/wp-json\/wp\/v2\/comments?post=193507"}],"version-history":[{"count":0,"href":"https:\/\/folhapopular.info\/index.php\/wp-json\/wp\/v2\/posts\/193507\/revisions"}],"wp:featuredmedia":[{"embeddable":true,"href":"https:\/\/folhapopular.info\/index.php\/wp-json\/wp\/v2\/media\/193508"}],"wp:attachment":[{"href":"https:\/\/folhapopular.info\/index.php\/wp-json\/wp\/v2\/media?parent=193507"}],"wp:term":[{"taxonomy":"category","embeddable":true,"href":"https:\/\/folhapopular.info\/index.php\/wp-json\/wp\/v2\/categories?post=193507"},{"taxonomy":"post_tag","embeddable":true,"href":"https:\/\/folhapopular.info\/index.php\/wp-json\/wp\/v2\/tags?post=193507"}],"curies":[{"name":"wp","href":"https:\/\/api.w.org\/{rel}","templated":true}]}}