{"id":193538,"date":"2025-09-06T09:00:00","date_gmt":"2025-09-06T12:00:00","guid":{"rendered":"https:\/\/folhapopular.info\/?p=193538"},"modified":"2025-09-06T08:06:52","modified_gmt":"2025-09-06T11:06:52","slug":"expointer-vitrine-do-agro-gaucho-exibe-inovacao-tradicao-e-diversidade","status":"publish","type":"post","link":"https:\/\/folhapopular.info\/index.php\/2025\/09\/06\/expointer-vitrine-do-agro-gaucho-exibe-inovacao-tradicao-e-diversidade\/","title":{"rendered":"Expointer: Vitrine do agro ga\u00facho exibe inova\u00e7\u00e3o, tradi\u00e7\u00e3o e diversidade"},"content":{"rendered":"\n<p>Com a participa\u00e7\u00e3o de 2,5 mil expositores, recorde de 6.696 animais e 456 agroind\u00fastrias familiares, a 48\u00aa Expointer supera as marcas de p\u00fablico e faturamento, mesmo antes do \u00faltimo fim de semana. Maior feira agropecu\u00e1ria a c\u00e9u aberto da Am\u00e9rica Latina, o evento representa uma vitrine do agroneg\u00f3cio e da inova\u00e7\u00e3o tecnol\u00f3gica, refor\u00e7ando a import\u00e2ncia do campo para a economia do estado.<\/p>\n\n\n\n<p>Entre os expositores, empresas e personalidades homenageadas durante o evento, destaque para representantes do Vale do Taquari. Diamaju, <em>Diamond<\/em> Construtora e <em>Milkparts<\/em> participaram da feira com estande pr\u00f3prio, em \u00e1reas diferentes do Parque de Exposi\u00e7\u00f5es Assis Brasil, em Esteio.<\/p>\n\n\n\n<p>Pela primeira vez na Expointer, a <em>Diamond<\/em> Construtora, de Lajeado, apresenta seus empreendimentos no espa\u00e7o Cavalo Crioulo, \u00e1rea dedicada \u00e0 ra\u00e7a que re\u00fane exposi\u00e7\u00e3o de animais e a tradicional competi\u00e7\u00e3o Freio de Ouro. Diretor da empresa, Gustavo Schmidt afirma que a participa\u00e7\u00e3o na feira \u00e9 uma oportunidade de dar visibilidade \u00e0 marca, fortalecer relacionamentos com clientes e prospectar novos neg\u00f3cios.<\/p>\n\n\n\n<p>\u201cA decis\u00e3o de estar aqui se deu pela import\u00e2ncia da feira, que re\u00fane visitantes de todo o estado em busca de novidades, investimentos e atualiza\u00e7\u00e3o sobre o que h\u00e1 de melhor no agroneg\u00f3cio\u201d, explica. No estande com destaque para novos empreendimentos em Gramado, Schmidt tamb\u00e9m ressalta a oportunidade de conex\u00e3o com p\u00fablico de outros estados do Brasil e at\u00e9 do exterior.<\/p>\n\n\n\n<p>Na avenida principal do Parque de Exposi\u00e7\u00f5es, a Casa Diamaju abriga a distribuidora de Anta Gorda, refer\u00eancia em produtos agropecu\u00e1rios. S\u00f3cia da Diamaju, Amanda Casagranda afirma que a Expointer \u00e9 essencial para consolidar a marca e mostrar nossas tecnologias.<\/p>\n\n\n\n<p>\u201cAqui recebemos fornecedores, clientes, parceiros e amigos de longa data, al\u00e9m de novos contatos. \u00c9 uma grande vitrine\u201d, ressalta. Segundo Amanda, a presen\u00e7a significativa de visitantes de Santa Catarina contribui para a amplia\u00e7\u00e3o do alcance da Diamaju no estado vizinho.<\/p>\n\n\n\n<p>Empresa de Teut\u00f4nia especializada em tecnologia para o setor leiteiro, a <em>Milkparts<\/em> ocupa espa\u00e7o de destaque no Pavilh\u00e3o do Gado Leiteiro. Diretor da empresa, Vadair Kliks afirma que a Expointer \u00e9 uma excelente oportunidade para expor equipamentos e apresentar solu\u00e7\u00f5es, como ordenhadeira rob\u00f3tica, coletores de esteiro e resfriadores de leite.<\/p>\n\n\n\n<p>\u201cNos \u00faltimos anos, a feira tem sido muito positiva para n\u00f3s, com grande presen\u00e7a de p\u00fablico e fechamento de neg\u00f3cios\u201d, destaca. Segundo ele, em 2025 os representantes da empresa receberam clientes que j\u00e1 trabalham em parceria com a <em>Milkparts<\/em>, al\u00e9m de clientes potenciais que projetam investimentos futuros em tecnologia.<\/p>\n\n\n\n<figure class=\"wp-block-image size-large\"><img loading=\"lazy\" decoding=\"async\" width=\"1024\" height=\"768\" src=\"https:\/\/folhapopular.info\/wp-content\/uploads\/2025\/09\/Milkparts-1024x768.jpeg\" alt=\"\" class=\"wp-image-193540\" srcset=\"https:\/\/folhapopular.info\/wp-content\/uploads\/2025\/09\/Milkparts-1024x768.jpeg 1024w, https:\/\/folhapopular.info\/wp-content\/uploads\/2025\/09\/Milkparts-300x225.jpeg 300w, https:\/\/folhapopular.info\/wp-content\/uploads\/2025\/09\/Milkparts-768x576.jpeg 768w, https:\/\/folhapopular.info\/wp-content\/uploads\/2025\/09\/Milkparts-560x420.jpeg 560w, https:\/\/folhapopular.info\/wp-content\/uploads\/2025\/09\/Milkparts-80x60.jpeg 80w, https:\/\/folhapopular.info\/wp-content\/uploads\/2025\/09\/Milkparts-696x522.jpeg 696w, https:\/\/folhapopular.info\/wp-content\/uploads\/2025\/09\/Milkparts-1068x801.jpeg 1068w, https:\/\/folhapopular.info\/wp-content\/uploads\/2025\/09\/Milkparts.jpeg 1280w\" sizes=\"auto, (max-width: 1024px) 100vw, 1024px\" \/><figcaption class=\"wp-element-caption\"><br>Milkparts, de Teut\u00f4nia, apresenta solu\u00e7\u00f5es e tecnologias para produtores de leite no Pavilh\u00e3o do Gado Leiteiro \/ Cr\u00e9dito: Thiago Maurique<\/figcaption><\/figure>\n\n\n\n<p><strong>Destaques da Agricultura Familiar<\/strong><\/p>\n\n\n\n<p>Um dos pavilh\u00f5es mais disputados pelo p\u00fablico do evento \u00e9 o dedicado a produtos das agroind\u00fastrias familiares. Com 456 expositores de todas as regi\u00f5es do estado, o espa\u00e7o destaca produtos que agregam valor \u00e0 produ\u00e7\u00e3o do campo, ao combinar criatividade, tradi\u00e7\u00e3o e inova\u00e7\u00e3o. At\u00e9 quinta-feira (4\/9), mais de 550 mil visitantes passaram pelo pavilh\u00e3o, resultando em mais de R$ 6 milh\u00f5es em vendas.<\/p>\n\n\n\n<p>A Dorf Produtos L\u00e1cteos Artesanais, de Linha S\u00e3o Jac\u00f3, em Teut\u00f4nia, apresenta todo o portf\u00f3lio de queijos na feira, da qual participa pelo quarto ano consecutivo. De acordo com Jackson Jacobs, a agroind\u00fastria escolheu a Expointer para lan\u00e7ar o queijo Brie, produto desenvolvido com processo de matura\u00e7\u00e3o diferenciado. \u201cA feira \u00e9 muito positiva em termos de neg\u00f3cios e nos permite ampliar a carteira de clientes, tanto do Rio Grande do Sul quanto de outros estados\u201d, destaca.<\/p>\n\n\n\n<figure class=\"wp-block-image size-large\"><img loading=\"lazy\" decoding=\"async\" width=\"1024\" height=\"768\" src=\"https:\/\/folhapopular.info\/wp-content\/uploads\/2025\/09\/Dorf-1024x768.jpeg\" alt=\"\" class=\"wp-image-193541\" srcset=\"https:\/\/folhapopular.info\/wp-content\/uploads\/2025\/09\/Dorf-1024x768.jpeg 1024w, https:\/\/folhapopular.info\/wp-content\/uploads\/2025\/09\/Dorf-300x225.jpeg 300w, https:\/\/folhapopular.info\/wp-content\/uploads\/2025\/09\/Dorf-768x576.jpeg 768w, https:\/\/folhapopular.info\/wp-content\/uploads\/2025\/09\/Dorf-560x420.jpeg 560w, https:\/\/folhapopular.info\/wp-content\/uploads\/2025\/09\/Dorf-80x60.jpeg 80w, https:\/\/folhapopular.info\/wp-content\/uploads\/2025\/09\/Dorf-696x522.jpeg 696w, https:\/\/folhapopular.info\/wp-content\/uploads\/2025\/09\/Dorf-1068x801.jpeg 1068w, https:\/\/folhapopular.info\/wp-content\/uploads\/2025\/09\/Dorf.jpeg 1280w\" sizes=\"auto, (max-width: 1024px) 100vw, 1024px\" \/><figcaption class=\"wp-element-caption\"><br>Da Linha S\u00e3o Jac\u00f3, Agroind\u00fastria Dorf lan\u00e7ou queijo Brie no Pavilh\u00e3o da Agricultura Familiar \/ Cr\u00e9dito: Thiago Maurique<\/figcaption><\/figure>\n\n\n\n<p>Tamb\u00e9m de Linha S\u00e3o Jac\u00f3, a <em>Kolonie Haus<\/em> integra a feira pela oitava vez consecutiva. De acordo com Everson Dias, o destaque do estande \u00e9 a lingui\u00e7a de micro-ondas, que faz sucesso desde a primeira participa\u00e7\u00e3o no evento, al\u00e9m do salame colonial, preparado para o concurso da Agricultura Familiar. \u201cVale muito a pena estar aqui, pois a feira abre portas e amplia nosso alcance\u201d, alega.<\/p>\n\n\n\n<figure class=\"wp-block-image size-large\"><img loading=\"lazy\" decoding=\"async\" width=\"1024\" height=\"768\" src=\"https:\/\/folhapopular.info\/wp-content\/uploads\/2025\/09\/Kolonie-Haus-1024x768.jpeg\" alt=\"\" class=\"wp-image-193542\" srcset=\"https:\/\/folhapopular.info\/wp-content\/uploads\/2025\/09\/Kolonie-Haus-1024x768.jpeg 1024w, https:\/\/folhapopular.info\/wp-content\/uploads\/2025\/09\/Kolonie-Haus-300x225.jpeg 300w, https:\/\/folhapopular.info\/wp-content\/uploads\/2025\/09\/Kolonie-Haus-768x576.jpeg 768w, https:\/\/folhapopular.info\/wp-content\/uploads\/2025\/09\/Kolonie-Haus-560x420.jpeg 560w, https:\/\/folhapopular.info\/wp-content\/uploads\/2025\/09\/Kolonie-Haus-80x60.jpeg 80w, https:\/\/folhapopular.info\/wp-content\/uploads\/2025\/09\/Kolonie-Haus-696x522.jpeg 696w, https:\/\/folhapopular.info\/wp-content\/uploads\/2025\/09\/Kolonie-Haus-1068x801.jpeg 1068w, https:\/\/folhapopular.info\/wp-content\/uploads\/2025\/09\/Kolonie-Haus.jpeg 1280w\" sizes=\"auto, (max-width: 1024px) 100vw, 1024px\" \/><figcaption class=\"wp-element-caption\">Destaque da Kolonie Haus em sua 8\u00aa participa\u00e7\u00e3o na feira \u00e9 a lingui\u00e7a de micro-ondas \/ Cr\u00e9dito: Thiago Maurique<\/figcaption><\/figure>\n\n\n\n<p>A Himmel <em>B<\/em><em>i<\/em><em>er<\/em>, de Linha Novo Para\u00edso, em Estrela, destaca chopes premiados no estande e tem como novidade o hidromel, bebida fermentada feita com mel. De acordo com Douglas Sulzbach, este \u00e9 o segundo ano da empresa na Expointer, com resultados que j\u00e1 superaram as metas do ano passado. \u201cNossos chopes tradicionais, como <em>Lager<\/em>, <em>Maibock<\/em>, IPA e <em>Weizenbock<\/em>, continuam muito procurados, assim como o hidromel, lan\u00e7ado no ano passado, que segue um sucesso de vendas\u201d, aponta.<\/p>\n\n\n\n<p>Tamb\u00e9m no setor de bebidas, a Irm\u00e3os Rabaioli, de Imigrante, participa desde 2015 do pavilh\u00e3o da Agricultura Familiar. De acordo com Marciano Rabaioli, neste ano a empresa trouxe para a Expointer chopes, espumantes e cidras. \u201cA feira \u00e9 uma oportunidade importante para divulgar a marca e expandir as vendas. Neste ano, priorizamos a produ\u00e7\u00e3o de chopes artesanais, de forma a consolidar a nossa atua\u00e7\u00e3o como cervejaria\u201d, afirma.<\/p>\n\n\n\n<p>Premiada no ano passado com o doce de leite tipo A, a Estrelat, de Linha Santa Rita, Estrela, lan\u00e7ou no evento o Licor de Doce de Leite, produto in\u00e9dito na agricultura familiar ga\u00facha. De acordo com Roberto de Oliveira, a Expointer proporciona oportunidade de fortalecer a marca e estar em contato direto com consumidores que reconhecem e valorizam os produtos. \u201cNosso estande est\u00e1 sempre movimentado, com clientes que compram e voltam nas edi\u00e7\u00f5es seguintes, inclusive pessoas de outros estados e at\u00e9 de fora do pa\u00eds\u201d, refor\u00e7a.<\/p>\n\n\n\n<figure class=\"wp-block-image size-large\"><img loading=\"lazy\" decoding=\"async\" width=\"1024\" height=\"768\" src=\"https:\/\/folhapopular.info\/wp-content\/uploads\/2025\/09\/Estrelat-1024x768.jpeg\" alt=\"\" class=\"wp-image-193543\" srcset=\"https:\/\/folhapopular.info\/wp-content\/uploads\/2025\/09\/Estrelat-1024x768.jpeg 1024w, https:\/\/folhapopular.info\/wp-content\/uploads\/2025\/09\/Estrelat-300x225.jpeg 300w, https:\/\/folhapopular.info\/wp-content\/uploads\/2025\/09\/Estrelat-768x576.jpeg 768w, https:\/\/folhapopular.info\/wp-content\/uploads\/2025\/09\/Estrelat-560x420.jpeg 560w, https:\/\/folhapopular.info\/wp-content\/uploads\/2025\/09\/Estrelat-80x60.jpeg 80w, https:\/\/folhapopular.info\/wp-content\/uploads\/2025\/09\/Estrelat-696x522.jpeg 696w, https:\/\/folhapopular.info\/wp-content\/uploads\/2025\/09\/Estrelat-1068x801.jpeg 1068w, https:\/\/folhapopular.info\/wp-content\/uploads\/2025\/09\/Estrelat.jpeg 1280w\" sizes=\"auto, (max-width: 1024px) 100vw, 1024px\" \/><figcaption class=\"wp-element-caption\"><br>Estrelat apresentou na feira o Licor de Doce de Leite, produto in\u00e9dito na agricultura familiar do RS \/ Cr\u00e9dito: Thiago Maurique<\/figcaption><\/figure>\n\n\n\n<p><strong>Pr\u00eamios e reconhecimentos<\/strong><\/p>\n\n\n\n<p>Al\u00e9m de reunir expositores e p\u00fablico, a Expointer 2025 tamb\u00e9m foi palco de premia\u00e7\u00f5es que reconheceram projetos e empreendimentos de sucesso, al\u00e9m de personalidades de destaque. Na quarta-feira (3\/9), a Federasul homenageou os agraciados do 13\u00ba Pr\u00eamio Vencedores do Agroneg\u00f3cio, do 9\u00ba Elas no Agro e do 1\u00ba Jovem no Agro.<\/p>\n\n\n\n<p>Entre os vencedores, a Launer Qu\u00edmica, de Estrela, recebeu o pr\u00eamio na categoria \u201cAntes da Porteira\u201d pelo Eflucel, produto biotecnol\u00f3gico que trata efluentes de agroind\u00fastrias de forma sustent\u00e1vel, reduzindo carga org\u00e2nica, odores e melhorando a fluidez dos res\u00edduos. O Instituto Retomada, tamb\u00e9m de Estrela, foi reconhecido por sua atua\u00e7\u00e3o no p\u00f3s-enchentes do RS, com projetos de macrodrenagem que beneficiaram diretamente 54 fam\u00edlias e mais de mil hectares de terras rurais, gerando receitas e retomando a produ\u00e7\u00e3o agr\u00edcola da regi\u00e3o.<\/p>\n\n\n\n<p>A presidente da Fruki Bebidas, Aline Eggers Bagatini, foi agraciada com o Trof\u00e9u Guri, tradicional premia\u00e7\u00e3o do Grupo RBS. O pr\u00eamio reconheceu sua trajet\u00f3ria \u00e0 frente da empresa, que duplicou a capacidade produtiva e triplicou o faturamento sob sua gest\u00e3o, al\u00e9m do trabalho volunt\u00e1rio e de lideran\u00e7a em iniciativas do setor de alimentos e bebidas do Vale do Taquari. \u201cReceber o Trof\u00e9u Guri, uma das premia\u00e7\u00f5es mais tradicionais do Rio Grande do Sul, \u00e9 gratificante e simb\u00f3lico, pois representa o reconhecimento do trabalho de empresas que fortalecem nosso estado\u201d, afirma Aline.<\/p>\n\n\n\n<figure class=\"wp-block-image size-large\"><img loading=\"lazy\" decoding=\"async\" width=\"1024\" height=\"683\" src=\"https:\/\/folhapopular.info\/wp-content\/uploads\/2025\/09\/WhatsApp-Image-2025-09-06-at-08.03.16-1024x683.jpeg\" alt=\"\" class=\"wp-image-193544\" srcset=\"https:\/\/folhapopular.info\/wp-content\/uploads\/2025\/09\/WhatsApp-Image-2025-09-06-at-08.03.16-1024x683.jpeg 1024w, https:\/\/folhapopular.info\/wp-content\/uploads\/2025\/09\/WhatsApp-Image-2025-09-06-at-08.03.16-300x200.jpeg 300w, https:\/\/folhapopular.info\/wp-content\/uploads\/2025\/09\/WhatsApp-Image-2025-09-06-at-08.03.16-768x512.jpeg 768w, https:\/\/folhapopular.info\/wp-content\/uploads\/2025\/09\/WhatsApp-Image-2025-09-06-at-08.03.16-630x420.jpeg 630w, https:\/\/folhapopular.info\/wp-content\/uploads\/2025\/09\/WhatsApp-Image-2025-09-06-at-08.03.16-696x464.jpeg 696w, https:\/\/folhapopular.info\/wp-content\/uploads\/2025\/09\/WhatsApp-Image-2025-09-06-at-08.03.16-1068x712.jpeg 1068w, https:\/\/folhapopular.info\/wp-content\/uploads\/2025\/09\/WhatsApp-Image-2025-09-06-at-08.03.16.jpeg 1500w\" sizes=\"auto, (max-width: 1024px) 100vw, 1024px\" \/><figcaption class=\"wp-element-caption\">Diretora da Fruki, Aline Eggers foi agraciada com o Trof\u00e9u Guri durante a Expointer \/ Cr\u00e9dito: Divulga\u00e7\u00e3o<\/figcaption><\/figure>\n","protected":false},"excerpt":{"rendered":"<p>Com a participa\u00e7\u00e3o de 2,5 mil expositores, recorde de 6.696 animais e 456 agroind\u00fastrias familiares, a 48\u00aa Expointer supera as marcas de p\u00fablico e faturamento, mesmo antes do \u00faltimo fim de semana. Maior feira agropecu\u00e1ria a c\u00e9u aberto da Am\u00e9rica Latina, o evento representa uma vitrine do agroneg\u00f3cio e da inova\u00e7\u00e3o tecnol\u00f3gica, refor\u00e7ando a import\u00e2ncia [&hellip;]<\/p>\n","protected":false},"author":771,"featured_media":193539,"comment_status":"open","ping_status":"open","sticky":false,"template":"","format":"standard","meta":{"pmpro_default_level":"","_jetpack_memberships_contains_paid_content":false,"footnotes":""},"categories":[2,10991],"tags":[19386,7086,6896,6002,1375,15914,19387,15910,15968],"class_list":{"0":"post-193538","1":"post","2":"type-post","3":"status-publish","4":"format-standard","5":"has-post-thumbnail","7":"category-featured","8":"category-economia","9":"tag-diamond-construtora","10":"tag-dorf","11":"tag-estrelat","12":"tag-expointer","13":"tag-fruki","14":"tag-himmel-bier","15":"tag-kolonie-haus","16":"tag-launer-quimica","17":"tag-milkparts","18":"pmpro-has-access"},"yoast_head":"<!-- This site is optimized with the Yoast SEO plugin v27.5 - https:\/\/yoast.com\/product\/yoast-seo-wordpress\/ -->\n<title>Expointer: Vitrine do agro ga\u00facho exibe inova\u00e7\u00e3o, tradi\u00e7\u00e3o e diversidade - Folha Popular<\/title>\n<meta name=\"robots\" content=\"index, follow, max-snippet:-1, max-image-preview:large, max-video-preview:-1\" \/>\n<link rel=\"canonical\" href=\"https:\/\/folhapopular.info\/index.php\/2025\/09\/06\/expointer-vitrine-do-agro-gaucho-exibe-inovacao-tradicao-e-diversidade\/\" \/>\n<meta property=\"og:locale\" content=\"pt_BR\" \/>\n<meta property=\"og:type\" content=\"article\" \/>\n<meta property=\"og:title\" content=\"Expointer: Vitrine do agro ga\u00facho exibe inova\u00e7\u00e3o, tradi\u00e7\u00e3o e diversidade - Folha Popular\" \/>\n<meta property=\"og:description\" content=\"Com a participa\u00e7\u00e3o de 2,5 mil expositores, recorde de 6.696 animais e 456 agroind\u00fastrias familiares, a 48\u00aa Expointer supera as marcas de p\u00fablico e faturamento, mesmo antes do \u00faltimo fim de semana. Maior feira agropecu\u00e1ria a c\u00e9u aberto da Am\u00e9rica Latina, o evento representa uma vitrine do agroneg\u00f3cio e da inova\u00e7\u00e3o tecnol\u00f3gica, refor\u00e7ando a import\u00e2ncia [&hellip;]\" \/>\n<meta property=\"og:url\" content=\"https:\/\/folhapopular.info\/index.php\/2025\/09\/06\/expointer-vitrine-do-agro-gaucho-exibe-inovacao-tradicao-e-diversidade\/\" \/>\n<meta property=\"og:site_name\" content=\"Folha Popular\" \/>\n<meta property=\"article:published_time\" content=\"2025-09-06T12:00:00+00:00\" \/>\n<meta property=\"og:image\" content=\"https:\/\/folhapopular.info\/wp-content\/uploads\/2025\/09\/Diamond.jpeg\" \/>\n\t<meta property=\"og:image:width\" content=\"1280\" \/>\n\t<meta property=\"og:image:height\" content=\"960\" \/>\n\t<meta property=\"og:image:type\" content=\"image\/jpeg\" \/>\n<meta name=\"author\" content=\"Thiago Maurique\" \/>\n<meta name=\"twitter:card\" content=\"summary_large_image\" \/>\n<meta name=\"twitter:label1\" content=\"Escrito por\" \/>\n\t<meta name=\"twitter:data1\" content=\"Thiago Maurique\" \/>\n\t<meta name=\"twitter:label2\" content=\"Est. tempo de leitura\" \/>\n\t<meta name=\"twitter:data2\" content=\"8 minutos\" \/>\n<script type=\"application\/ld+json\" class=\"yoast-schema-graph\">{\"@context\":\"https:\\\/\\\/schema.org\",\"@graph\":[{\"@type\":\"Article\",\"@id\":\"https:\\\/\\\/folhapopular.info\\\/index.php\\\/2025\\\/09\\\/06\\\/expointer-vitrine-do-agro-gaucho-exibe-inovacao-tradicao-e-diversidade\\\/#article\",\"isPartOf\":{\"@id\":\"https:\\\/\\\/folhapopular.info\\\/index.php\\\/2025\\\/09\\\/06\\\/expointer-vitrine-do-agro-gaucho-exibe-inovacao-tradicao-e-diversidade\\\/\"},\"author\":{\"name\":\"Thiago Maurique\",\"@id\":\"https:\\\/\\\/folhapopular.info\\\/#\\\/schema\\\/person\\\/da0b2794f793376cb5dd908e88ca6911\"},\"headline\":\"Expointer: Vitrine do agro ga\u00facho exibe inova\u00e7\u00e3o, tradi\u00e7\u00e3o e diversidade\",\"datePublished\":\"2025-09-06T12:00:00+00:00\",\"mainEntityOfPage\":{\"@id\":\"https:\\\/\\\/folhapopular.info\\\/index.php\\\/2025\\\/09\\\/06\\\/expointer-vitrine-do-agro-gaucho-exibe-inovacao-tradicao-e-diversidade\\\/\"},\"wordCount\":1265,\"commentCount\":0,\"image\":{\"@id\":\"https:\\\/\\\/folhapopular.info\\\/index.php\\\/2025\\\/09\\\/06\\\/expointer-vitrine-do-agro-gaucho-exibe-inovacao-tradicao-e-diversidade\\\/#primaryimage\"},\"thumbnailUrl\":\"https:\\\/\\\/folhapopular.info\\\/wp-content\\\/uploads\\\/2025\\\/09\\\/Diamond.jpeg\",\"keywords\":[\"Diamond Construtora\",\"Dorf\",\"Estrelat\",\"Expointer\",\"Fruki\",\"Himmel Bier\",\"Kolonie Haus\",\"Launer Qu\u00edmica\",\"Milkparts\"],\"articleSection\":[\"Destaques\",\"Economia\"],\"inLanguage\":\"pt-BR\",\"potentialAction\":[{\"@type\":\"CommentAction\",\"name\":\"Comment\",\"target\":[\"https:\\\/\\\/folhapopular.info\\\/index.php\\\/2025\\\/09\\\/06\\\/expointer-vitrine-do-agro-gaucho-exibe-inovacao-tradicao-e-diversidade\\\/#respond\"]}]},{\"@type\":\"WebPage\",\"@id\":\"https:\\\/\\\/folhapopular.info\\\/index.php\\\/2025\\\/09\\\/06\\\/expointer-vitrine-do-agro-gaucho-exibe-inovacao-tradicao-e-diversidade\\\/\",\"url\":\"https:\\\/\\\/folhapopular.info\\\/index.php\\\/2025\\\/09\\\/06\\\/expointer-vitrine-do-agro-gaucho-exibe-inovacao-tradicao-e-diversidade\\\/\",\"name\":\"Expointer: Vitrine do agro ga\u00facho exibe inova\u00e7\u00e3o, tradi\u00e7\u00e3o e diversidade - Folha Popular\",\"isPartOf\":{\"@id\":\"https:\\\/\\\/folhapopular.info\\\/#website\"},\"primaryImageOfPage\":{\"@id\":\"https:\\\/\\\/folhapopular.info\\\/index.php\\\/2025\\\/09\\\/06\\\/expointer-vitrine-do-agro-gaucho-exibe-inovacao-tradicao-e-diversidade\\\/#primaryimage\"},\"image\":{\"@id\":\"https:\\\/\\\/folhapopular.info\\\/index.php\\\/2025\\\/09\\\/06\\\/expointer-vitrine-do-agro-gaucho-exibe-inovacao-tradicao-e-diversidade\\\/#primaryimage\"},\"thumbnailUrl\":\"https:\\\/\\\/folhapopular.info\\\/wp-content\\\/uploads\\\/2025\\\/09\\\/Diamond.jpeg\",\"datePublished\":\"2025-09-06T12:00:00+00:00\",\"author\":{\"@id\":\"https:\\\/\\\/folhapopular.info\\\/#\\\/schema\\\/person\\\/da0b2794f793376cb5dd908e88ca6911\"},\"breadcrumb\":{\"@id\":\"https:\\\/\\\/folhapopular.info\\\/index.php\\\/2025\\\/09\\\/06\\\/expointer-vitrine-do-agro-gaucho-exibe-inovacao-tradicao-e-diversidade\\\/#breadcrumb\"},\"inLanguage\":\"pt-BR\",\"potentialAction\":[{\"@type\":\"ReadAction\",\"target\":[\"https:\\\/\\\/folhapopular.info\\\/index.php\\\/2025\\\/09\\\/06\\\/expointer-vitrine-do-agro-gaucho-exibe-inovacao-tradicao-e-diversidade\\\/\"]}]},{\"@type\":\"ImageObject\",\"inLanguage\":\"pt-BR\",\"@id\":\"https:\\\/\\\/folhapopular.info\\\/index.php\\\/2025\\\/09\\\/06\\\/expointer-vitrine-do-agro-gaucho-exibe-inovacao-tradicao-e-diversidade\\\/#primaryimage\",\"url\":\"https:\\\/\\\/folhapopular.info\\\/wp-content\\\/uploads\\\/2025\\\/09\\\/Diamond.jpeg\",\"contentUrl\":\"https:\\\/\\\/folhapopular.info\\\/wp-content\\\/uploads\\\/2025\\\/09\\\/Diamond.jpeg\",\"width\":1280,\"height\":960,\"caption\":\"Diamond Construtora participa pela primeira vez do evento, com destaque principal para empreendimentos em Gramado \\\/ Cr\u00e9dito: Thiago Maurique\"},{\"@type\":\"BreadcrumbList\",\"@id\":\"https:\\\/\\\/folhapopular.info\\\/index.php\\\/2025\\\/09\\\/06\\\/expointer-vitrine-do-agro-gaucho-exibe-inovacao-tradicao-e-diversidade\\\/#breadcrumb\",\"itemListElement\":[{\"@type\":\"ListItem\",\"position\":1,\"name\":\"In\u00edcio\",\"item\":\"https:\\\/\\\/folhapopular.info\\\/\"},{\"@type\":\"ListItem\",\"position\":2,\"name\":\"Expointer: Vitrine do agro ga\u00facho exibe inova\u00e7\u00e3o, tradi\u00e7\u00e3o e diversidade\"}]},{\"@type\":\"WebSite\",\"@id\":\"https:\\\/\\\/folhapopular.info\\\/#website\",\"url\":\"https:\\\/\\\/folhapopular.info\\\/\",\"name\":\"Folha Popular\",\"description\":\"Onde voc\u00ea tem vez e voz\",\"potentialAction\":[{\"@type\":\"SearchAction\",\"target\":{\"@type\":\"EntryPoint\",\"urlTemplate\":\"https:\\\/\\\/folhapopular.info\\\/?s={search_term_string}\"},\"query-input\":{\"@type\":\"PropertyValueSpecification\",\"valueRequired\":true,\"valueName\":\"search_term_string\"}}],\"inLanguage\":\"pt-BR\"},{\"@type\":\"Person\",\"@id\":\"https:\\\/\\\/folhapopular.info\\\/#\\\/schema\\\/person\\\/da0b2794f793376cb5dd908e88ca6911\",\"name\":\"Thiago Maurique\",\"image\":{\"@type\":\"ImageObject\",\"inLanguage\":\"pt-BR\",\"@id\":\"https:\\\/\\\/folhapopular.info\\\/wp-content\\\/uploads\\\/2026\\\/04\\\/THIAGO-MAURIQUE-1-1.webp\",\"url\":\"https:\\\/\\\/folhapopular.info\\\/wp-content\\\/uploads\\\/2026\\\/04\\\/THIAGO-MAURIQUE-1-1.webp\",\"contentUrl\":\"https:\\\/\\\/folhapopular.info\\\/wp-content\\\/uploads\\\/2026\\\/04\\\/THIAGO-MAURIQUE-1-1.webp\",\"caption\":\"Thiago Maurique\"},\"url\":\"https:\\\/\\\/folhapopular.info\\\/index.php\\\/author\\\/thiago-maurique\\\/\"}]}<\/script>\n<!-- \/ Yoast SEO plugin. -->","yoast_head_json":{"title":"Expointer: Vitrine do agro ga\u00facho exibe inova\u00e7\u00e3o, tradi\u00e7\u00e3o e diversidade - Folha Popular","robots":{"index":"index","follow":"follow","max-snippet":"max-snippet:-1","max-image-preview":"max-image-preview:large","max-video-preview":"max-video-preview:-1"},"canonical":"https:\/\/folhapopular.info\/index.php\/2025\/09\/06\/expointer-vitrine-do-agro-gaucho-exibe-inovacao-tradicao-e-diversidade\/","og_locale":"pt_BR","og_type":"article","og_title":"Expointer: Vitrine do agro ga\u00facho exibe inova\u00e7\u00e3o, tradi\u00e7\u00e3o e diversidade - Folha Popular","og_description":"Com a participa\u00e7\u00e3o de 2,5 mil expositores, recorde de 6.696 animais e 456 agroind\u00fastrias familiares, a 48\u00aa Expointer supera as marcas de p\u00fablico e faturamento, mesmo antes do \u00faltimo fim de semana. Maior feira agropecu\u00e1ria a c\u00e9u aberto da Am\u00e9rica Latina, o evento representa uma vitrine do agroneg\u00f3cio e da inova\u00e7\u00e3o tecnol\u00f3gica, refor\u00e7ando a import\u00e2ncia [&hellip;]","og_url":"https:\/\/folhapopular.info\/index.php\/2025\/09\/06\/expointer-vitrine-do-agro-gaucho-exibe-inovacao-tradicao-e-diversidade\/","og_site_name":"Folha Popular","article_published_time":"2025-09-06T12:00:00+00:00","og_image":[{"width":1280,"height":960,"url":"https:\/\/folhapopular.info\/wp-content\/uploads\/2025\/09\/Diamond.jpeg","type":"image\/jpeg"}],"author":"Thiago Maurique","twitter_card":"summary_large_image","twitter_misc":{"Escrito por":"Thiago Maurique","Est. tempo de leitura":"8 minutos"},"schema":{"@context":"https:\/\/schema.org","@graph":[{"@type":"Article","@id":"https:\/\/folhapopular.info\/index.php\/2025\/09\/06\/expointer-vitrine-do-agro-gaucho-exibe-inovacao-tradicao-e-diversidade\/#article","isPartOf":{"@id":"https:\/\/folhapopular.info\/index.php\/2025\/09\/06\/expointer-vitrine-do-agro-gaucho-exibe-inovacao-tradicao-e-diversidade\/"},"author":{"name":"Thiago Maurique","@id":"https:\/\/folhapopular.info\/#\/schema\/person\/da0b2794f793376cb5dd908e88ca6911"},"headline":"Expointer: Vitrine do agro ga\u00facho exibe inova\u00e7\u00e3o, tradi\u00e7\u00e3o e diversidade","datePublished":"2025-09-06T12:00:00+00:00","mainEntityOfPage":{"@id":"https:\/\/folhapopular.info\/index.php\/2025\/09\/06\/expointer-vitrine-do-agro-gaucho-exibe-inovacao-tradicao-e-diversidade\/"},"wordCount":1265,"commentCount":0,"image":{"@id":"https:\/\/folhapopular.info\/index.php\/2025\/09\/06\/expointer-vitrine-do-agro-gaucho-exibe-inovacao-tradicao-e-diversidade\/#primaryimage"},"thumbnailUrl":"https:\/\/folhapopular.info\/wp-content\/uploads\/2025\/09\/Diamond.jpeg","keywords":["Diamond Construtora","Dorf","Estrelat","Expointer","Fruki","Himmel Bier","Kolonie Haus","Launer Qu\u00edmica","Milkparts"],"articleSection":["Destaques","Economia"],"inLanguage":"pt-BR","potentialAction":[{"@type":"CommentAction","name":"Comment","target":["https:\/\/folhapopular.info\/index.php\/2025\/09\/06\/expointer-vitrine-do-agro-gaucho-exibe-inovacao-tradicao-e-diversidade\/#respond"]}]},{"@type":"WebPage","@id":"https:\/\/folhapopular.info\/index.php\/2025\/09\/06\/expointer-vitrine-do-agro-gaucho-exibe-inovacao-tradicao-e-diversidade\/","url":"https:\/\/folhapopular.info\/index.php\/2025\/09\/06\/expointer-vitrine-do-agro-gaucho-exibe-inovacao-tradicao-e-diversidade\/","name":"Expointer: Vitrine do agro ga\u00facho exibe inova\u00e7\u00e3o, tradi\u00e7\u00e3o e diversidade - Folha Popular","isPartOf":{"@id":"https:\/\/folhapopular.info\/#website"},"primaryImageOfPage":{"@id":"https:\/\/folhapopular.info\/index.php\/2025\/09\/06\/expointer-vitrine-do-agro-gaucho-exibe-inovacao-tradicao-e-diversidade\/#primaryimage"},"image":{"@id":"https:\/\/folhapopular.info\/index.php\/2025\/09\/06\/expointer-vitrine-do-agro-gaucho-exibe-inovacao-tradicao-e-diversidade\/#primaryimage"},"thumbnailUrl":"https:\/\/folhapopular.info\/wp-content\/uploads\/2025\/09\/Diamond.jpeg","datePublished":"2025-09-06T12:00:00+00:00","author":{"@id":"https:\/\/folhapopular.info\/#\/schema\/person\/da0b2794f793376cb5dd908e88ca6911"},"breadcrumb":{"@id":"https:\/\/folhapopular.info\/index.php\/2025\/09\/06\/expointer-vitrine-do-agro-gaucho-exibe-inovacao-tradicao-e-diversidade\/#breadcrumb"},"inLanguage":"pt-BR","potentialAction":[{"@type":"ReadAction","target":["https:\/\/folhapopular.info\/index.php\/2025\/09\/06\/expointer-vitrine-do-agro-gaucho-exibe-inovacao-tradicao-e-diversidade\/"]}]},{"@type":"ImageObject","inLanguage":"pt-BR","@id":"https:\/\/folhapopular.info\/index.php\/2025\/09\/06\/expointer-vitrine-do-agro-gaucho-exibe-inovacao-tradicao-e-diversidade\/#primaryimage","url":"https:\/\/folhapopular.info\/wp-content\/uploads\/2025\/09\/Diamond.jpeg","contentUrl":"https:\/\/folhapopular.info\/wp-content\/uploads\/2025\/09\/Diamond.jpeg","width":1280,"height":960,"caption":"Diamond Construtora participa pela primeira vez do evento, com destaque principal para empreendimentos em Gramado \/ Cr\u00e9dito: Thiago Maurique"},{"@type":"BreadcrumbList","@id":"https:\/\/folhapopular.info\/index.php\/2025\/09\/06\/expointer-vitrine-do-agro-gaucho-exibe-inovacao-tradicao-e-diversidade\/#breadcrumb","itemListElement":[{"@type":"ListItem","position":1,"name":"In\u00edcio","item":"https:\/\/folhapopular.info\/"},{"@type":"ListItem","position":2,"name":"Expointer: Vitrine do agro ga\u00facho exibe inova\u00e7\u00e3o, tradi\u00e7\u00e3o e diversidade"}]},{"@type":"WebSite","@id":"https:\/\/folhapopular.info\/#website","url":"https:\/\/folhapopular.info\/","name":"Folha Popular","description":"Onde voc\u00ea tem vez e voz","potentialAction":[{"@type":"SearchAction","target":{"@type":"EntryPoint","urlTemplate":"https:\/\/folhapopular.info\/?s={search_term_string}"},"query-input":{"@type":"PropertyValueSpecification","valueRequired":true,"valueName":"search_term_string"}}],"inLanguage":"pt-BR"},{"@type":"Person","@id":"https:\/\/folhapopular.info\/#\/schema\/person\/da0b2794f793376cb5dd908e88ca6911","name":"Thiago Maurique","image":{"@type":"ImageObject","inLanguage":"pt-BR","@id":"https:\/\/folhapopular.info\/wp-content\/uploads\/2026\/04\/THIAGO-MAURIQUE-1-1.webp","url":"https:\/\/folhapopular.info\/wp-content\/uploads\/2026\/04\/THIAGO-MAURIQUE-1-1.webp","contentUrl":"https:\/\/folhapopular.info\/wp-content\/uploads\/2026\/04\/THIAGO-MAURIQUE-1-1.webp","caption":"Thiago Maurique"},"url":"https:\/\/folhapopular.info\/index.php\/author\/thiago-maurique\/"}]}},"jetpack_featured_media_url":"https:\/\/folhapopular.info\/wp-content\/uploads\/2025\/09\/Diamond.jpeg","jetpack_sharing_enabled":true,"amp_enabled":true,"_links":{"self":[{"href":"https:\/\/folhapopular.info\/index.php\/wp-json\/wp\/v2\/posts\/193538","targetHints":{"allow":["GET"]}}],"collection":[{"href":"https:\/\/folhapopular.info\/index.php\/wp-json\/wp\/v2\/posts"}],"about":[{"href":"https:\/\/folhapopular.info\/index.php\/wp-json\/wp\/v2\/types\/post"}],"author":[{"embeddable":true,"href":"https:\/\/folhapopular.info\/index.php\/wp-json\/wp\/v2\/users\/771"}],"replies":[{"embeddable":true,"href":"https:\/\/folhapopular.info\/index.php\/wp-json\/wp\/v2\/comments?post=193538"}],"version-history":[{"count":0,"href":"https:\/\/folhapopular.info\/index.php\/wp-json\/wp\/v2\/posts\/193538\/revisions"}],"wp:featuredmedia":[{"embeddable":true,"href":"https:\/\/folhapopular.info\/index.php\/wp-json\/wp\/v2\/media\/193539"}],"wp:attachment":[{"href":"https:\/\/folhapopular.info\/index.php\/wp-json\/wp\/v2\/media?parent=193538"}],"wp:term":[{"taxonomy":"category","embeddable":true,"href":"https:\/\/folhapopular.info\/index.php\/wp-json\/wp\/v2\/categories?post=193538"},{"taxonomy":"post_tag","embeddable":true,"href":"https:\/\/folhapopular.info\/index.php\/wp-json\/wp\/v2\/tags?post=193538"}],"curies":[{"name":"wp","href":"https:\/\/api.w.org\/{rel}","templated":true}]}}