{"id":193711,"date":"2025-09-09T11:00:00","date_gmt":"2025-09-09T14:00:00","guid":{"rendered":"https:\/\/folhapopular.info\/?p=193711"},"modified":"2025-09-09T10:38:39","modified_gmt":"2025-09-09T13:38:39","slug":"westfalia-lanca-1a-lichtefest-com-programacao-natalina","status":"publish","type":"post","link":"https:\/\/folhapopular.info\/index.php\/2025\/09\/09\/westfalia-lanca-1a-lichtefest-com-programacao-natalina\/","title":{"rendered":"Westf\u00e1lia lan\u00e7a 1\u00aa Lichtefest com programa\u00e7\u00e3o natalina"},"content":{"rendered":"\n<p>Entre os meses de novembro e dezembro, o munic\u00edpio de Westf\u00e1lia ser\u00e1 palco da 1\u00aa Lichtefest \u2013 Festa das Luzes e Tradi\u00e7\u00f5es Westfalianas, evento natalino que promete encantar moradores e visitantes com uma programa\u00e7\u00e3o cultural diversificada e marcada pela valoriza\u00e7\u00e3o das tradi\u00e7\u00f5es locais.<\/p>\n\n\n\n<p>Organizada pela Prefeitura de Westf\u00e1lia, com apoio da Secretaria de Educa\u00e7\u00e3o, Cultura, Turismo e Desporto (SMEC), do CRAS, da Aciswest e da Associa\u00e7\u00e3o Cultural Westfaliana, a Lichtefest contar\u00e1 com entrada gratuita em todas as atividades. O evento tamb\u00e9m tem patroc\u00ednio m\u00e1ster do Sicredi Ouro Branco e conta com recursos de leis de incentivo cultural, al\u00e9m da atua\u00e7\u00e3o volunt\u00e1ria da comunidade.<\/p>\n\n\n\n<p>A programa\u00e7\u00e3o inicia em 30 de novembro, \u00e0s 19h30, na Vila Tem\u00e1tica Dossland, com o Acendimento das Luzes. A cerim\u00f4nia contar\u00e1 com ilumina\u00e7\u00e3o assinada por Edemar Immich, apresenta\u00e7\u00f5es culturais, feira de artesanato, distribui\u00e7\u00e3o de doces, oficinas de biscoitos e a entrega simb\u00f3lica da chave da cidade ao Papai Noel. O encerramento da noite ter\u00e1 o Show de Fogos da Anuncia\u00e7\u00e3o e o primeiro sorteio da Lichtefest Premiada, que distribuir\u00e1 cinco vales-compra de R$ 500 cada.<\/p>\n\n\n\n<p>Entre as atra\u00e7\u00f5es confirmadas est\u00e3o: Orquestra Municipal de Westf\u00e1lia, Westf\u00e4lische Tanzgruppe, Coral Municipal e participa\u00e7\u00e3o dos Amigos do Sapato-de-Pau, com demonstra\u00e7\u00f5es da l\u00edngua materna.<\/p>\n\n\n\n<h3 class=\"wp-block-heading\"><strong>Corrida Iluminada, Desfile das Lanternas e Fam\u00edlia Lima<\/strong><\/h3>\n\n\n\n<p>No dia 13 de dezembro, a partir das 20h, ocorre a Corrida e Caminhada Iluminada (3km e 5km), organizada pela SMEC. A programa\u00e7\u00e3o da noite inclui palco aberto para talentos locais e show da Banda Pandora, \u00e0s 22h.<\/p>\n\n\n\n<p>No dia seguinte (14\/12), \u00e0s 19h30, ser\u00e1 realizado o Desfile das Lanternas, com trajeto da Escola Municipal de Ensino Fundamental Vila Schmidt at\u00e9 a Vila Dossland, ao som dos sinos das igrejas. As melhores lanternas ser\u00e3o premiadas. O desfile ter\u00e1 participa\u00e7\u00e3o da Banda Marcial de Westf\u00e1lia, grupos de dan\u00e7a, patinadores e do caminh\u00e3o dos Bombeiros Volunt\u00e1rios, conduzindo o Papai Noel.<\/p>\n\n\n\n<p>No dia 20 de dezembro, a partir das 19h30, Westf\u00e1lia recebe a Encena\u00e7\u00e3o do Nascimento de Jesus, com artistas locais, seguida pelo show nacional da Fam\u00edlia Lima. A noite contar\u00e1 ainda com espet\u00e1culo de fogos e chegada do Papai Noel.<\/p>\n\n\n\n<h3 class=\"wp-block-heading\"><strong>Encerramento <\/strong><\/h3>\n\n\n\n<p>A programa\u00e7\u00e3o se encerra no dia 21 de dezembro, com o Pres\u00e9pio Vivo e apresenta\u00e7\u00f5es culturais a partir das 19h. Nesta noite, ser\u00e1 realizado o sorteio final da Lichtefest Premiada, com distribui\u00e7\u00e3o de pr\u00eamios em vales-compra:<\/p>\n\n\n\n<ul class=\"wp-block-list\">\n<li>-10 vales de <strong>R$ 500<\/strong>;<\/li>\n\n\n\n<li>-2 vales de <strong>R$ 1.000<\/strong>;<\/li>\n\n\n\n<li>-1 vale de <strong>R$ 2.000<\/strong>;<\/li>\n\n\n\n<li>-1 vale de <strong>R$ 3.000<\/strong>;<\/li>\n\n\n\n<li>-Pr\u00eamio principal de <strong>R$ 4.000<\/strong>.<\/li>\n<\/ul>\n\n\n\n<p>Tamb\u00e9m ser\u00e3o conhecidos os vencedores do Concurso Municipal de Decora\u00e7\u00e3o Natalina, nas categorias residencial e comercial\/institucional. Os primeiros colocados receber\u00e3o R$ 1.500, e os segundos colocados, R$ 1.000, em vales-compra.<\/p>\n\n\n\n<p><\/p>\n","protected":false},"excerpt":{"rendered":"<p>Entre os meses de novembro e dezembro, o munic\u00edpio de Westf\u00e1lia ser\u00e1 palco da 1\u00aa Lichtefest \u2013 Festa das Luzes e Tradi\u00e7\u00f5es Westfalianas, evento natalino que promete encantar moradores e visitantes com uma programa\u00e7\u00e3o cultural diversificada e marcada pela valoriza\u00e7\u00e3o das tradi\u00e7\u00f5es locais. Organizada pela Prefeitura de Westf\u00e1lia, com apoio da Secretaria de Educa\u00e7\u00e3o, Cultura, [&hellip;]<\/p>\n","protected":false},"author":8,"featured_media":193712,"comment_status":"open","ping_status":"open","sticky":false,"template":"","format":"standard","meta":{"pmpro_default_level":"","_jetpack_memberships_contains_paid_content":false,"footnotes":""},"categories":[2,6],"tags":[19405,19404,1154,25],"class_list":{"0":"post-193711","1":"post","2":"type-post","3":"status-publish","4":"format-standard","5":"has-post-thumbnail","7":"category-featured","8":"category-inclusive","9":"tag-festa-das-luzes-e-tradicoes-westfalianas","10":"tag-lichtefest","11":"tag-natal","12":"tag-westfalia","13":"pmpro-has-access"},"yoast_head":"<!-- This site is optimized with the Yoast SEO plugin v27.5 - https:\/\/yoast.com\/product\/yoast-seo-wordpress\/ -->\n<title>Westf\u00e1lia lan\u00e7a 1\u00aa Lichtefest com programa\u00e7\u00e3o natalina - Folha Popular<\/title>\n<meta name=\"robots\" content=\"index, follow, max-snippet:-1, max-image-preview:large, max-video-preview:-1\" \/>\n<link rel=\"canonical\" href=\"https:\/\/folhapopular.info\/index.php\/2025\/09\/09\/westfalia-lanca-1a-lichtefest-com-programacao-natalina\/\" \/>\n<meta property=\"og:locale\" content=\"pt_BR\" \/>\n<meta property=\"og:type\" content=\"article\" \/>\n<meta property=\"og:title\" content=\"Westf\u00e1lia lan\u00e7a 1\u00aa Lichtefest com programa\u00e7\u00e3o natalina - Folha Popular\" \/>\n<meta property=\"og:description\" content=\"Entre os meses de novembro e dezembro, o munic\u00edpio de Westf\u00e1lia ser\u00e1 palco da 1\u00aa Lichtefest \u2013 Festa das Luzes e Tradi\u00e7\u00f5es Westfalianas, evento natalino que promete encantar moradores e visitantes com uma programa\u00e7\u00e3o cultural diversificada e marcada pela valoriza\u00e7\u00e3o das tradi\u00e7\u00f5es locais. Organizada pela Prefeitura de Westf\u00e1lia, com apoio da Secretaria de Educa\u00e7\u00e3o, Cultura, [&hellip;]\" \/>\n<meta property=\"og:url\" content=\"https:\/\/folhapopular.info\/index.php\/2025\/09\/09\/westfalia-lanca-1a-lichtefest-com-programacao-natalina\/\" \/>\n<meta property=\"og:site_name\" content=\"Folha Popular\" \/>\n<meta property=\"article:published_time\" content=\"2025-09-09T14:00:00+00:00\" \/>\n<meta property=\"og:image\" content=\"https:\/\/folhapopular.info\/wp-content\/uploads\/2025\/09\/familia-lima-westfalia-1757356962-1757358258.jpg\" \/>\n\t<meta property=\"og:image:width\" content=\"1000\" \/>\n\t<meta property=\"og:image:height\" content=\"667\" \/>\n\t<meta property=\"og:image:type\" content=\"image\/jpeg\" \/>\n<meta name=\"author\" content=\"Reda\u00e7\u00e3o Folha Popular\" \/>\n<meta name=\"twitter:card\" content=\"summary_large_image\" \/>\n<meta name=\"twitter:label1\" content=\"Escrito por\" \/>\n\t<meta name=\"twitter:data1\" content=\"Reda\u00e7\u00e3o Folha Popular\" \/>\n\t<meta name=\"twitter:label2\" content=\"Est. tempo de leitura\" \/>\n\t<meta name=\"twitter:data2\" content=\"3 minutos\" \/>\n<script type=\"application\/ld+json\" class=\"yoast-schema-graph\">{\"@context\":\"https:\\\/\\\/schema.org\",\"@graph\":[{\"@type\":\"Article\",\"@id\":\"https:\\\/\\\/folhapopular.info\\\/index.php\\\/2025\\\/09\\\/09\\\/westfalia-lanca-1a-lichtefest-com-programacao-natalina\\\/#article\",\"isPartOf\":{\"@id\":\"https:\\\/\\\/folhapopular.info\\\/index.php\\\/2025\\\/09\\\/09\\\/westfalia-lanca-1a-lichtefest-com-programacao-natalina\\\/\"},\"author\":{\"name\":\"Reda\u00e7\u00e3o Folha Popular\",\"@id\":\"https:\\\/\\\/folhapopular.info\\\/#\\\/schema\\\/person\\\/2814e8a0df7643585a9ca38bc6eb9d4b\"},\"headline\":\"Westf\u00e1lia lan\u00e7a 1\u00aa Lichtefest com programa\u00e7\u00e3o natalina\",\"datePublished\":\"2025-09-09T14:00:00+00:00\",\"mainEntityOfPage\":{\"@id\":\"https:\\\/\\\/folhapopular.info\\\/index.php\\\/2025\\\/09\\\/09\\\/westfalia-lanca-1a-lichtefest-com-programacao-natalina\\\/\"},\"wordCount\":487,\"commentCount\":0,\"image\":{\"@id\":\"https:\\\/\\\/folhapopular.info\\\/index.php\\\/2025\\\/09\\\/09\\\/westfalia-lanca-1a-lichtefest-com-programacao-natalina\\\/#primaryimage\"},\"thumbnailUrl\":\"https:\\\/\\\/folhapopular.info\\\/wp-content\\\/uploads\\\/2025\\\/09\\\/familia-lima-westfalia-1757356962-1757358258.jpg\",\"keywords\":[\"Festa das Luzes e Tradi\u00e7\u00f5es Westfalianas\",\"Lichtefest\",\"Natal\",\"Westf\u00e1lia\"],\"articleSection\":[\"Destaques\",\"Inclusive\"],\"inLanguage\":\"pt-BR\",\"potentialAction\":[{\"@type\":\"CommentAction\",\"name\":\"Comment\",\"target\":[\"https:\\\/\\\/folhapopular.info\\\/index.php\\\/2025\\\/09\\\/09\\\/westfalia-lanca-1a-lichtefest-com-programacao-natalina\\\/#respond\"]}]},{\"@type\":\"WebPage\",\"@id\":\"https:\\\/\\\/folhapopular.info\\\/index.php\\\/2025\\\/09\\\/09\\\/westfalia-lanca-1a-lichtefest-com-programacao-natalina\\\/\",\"url\":\"https:\\\/\\\/folhapopular.info\\\/index.php\\\/2025\\\/09\\\/09\\\/westfalia-lanca-1a-lichtefest-com-programacao-natalina\\\/\",\"name\":\"Westf\u00e1lia lan\u00e7a 1\u00aa Lichtefest com programa\u00e7\u00e3o natalina - Folha Popular\",\"isPartOf\":{\"@id\":\"https:\\\/\\\/folhapopular.info\\\/#website\"},\"primaryImageOfPage\":{\"@id\":\"https:\\\/\\\/folhapopular.info\\\/index.php\\\/2025\\\/09\\\/09\\\/westfalia-lanca-1a-lichtefest-com-programacao-natalina\\\/#primaryimage\"},\"image\":{\"@id\":\"https:\\\/\\\/folhapopular.info\\\/index.php\\\/2025\\\/09\\\/09\\\/westfalia-lanca-1a-lichtefest-com-programacao-natalina\\\/#primaryimage\"},\"thumbnailUrl\":\"https:\\\/\\\/folhapopular.info\\\/wp-content\\\/uploads\\\/2025\\\/09\\\/familia-lima-westfalia-1757356962-1757358258.jpg\",\"datePublished\":\"2025-09-09T14:00:00+00:00\",\"author\":{\"@id\":\"https:\\\/\\\/folhapopular.info\\\/#\\\/schema\\\/person\\\/2814e8a0df7643585a9ca38bc6eb9d4b\"},\"breadcrumb\":{\"@id\":\"https:\\\/\\\/folhapopular.info\\\/index.php\\\/2025\\\/09\\\/09\\\/westfalia-lanca-1a-lichtefest-com-programacao-natalina\\\/#breadcrumb\"},\"inLanguage\":\"pt-BR\",\"potentialAction\":[{\"@type\":\"ReadAction\",\"target\":[\"https:\\\/\\\/folhapopular.info\\\/index.php\\\/2025\\\/09\\\/09\\\/westfalia-lanca-1a-lichtefest-com-programacao-natalina\\\/\"]}]},{\"@type\":\"ImageObject\",\"inLanguage\":\"pt-BR\",\"@id\":\"https:\\\/\\\/folhapopular.info\\\/index.php\\\/2025\\\/09\\\/09\\\/westfalia-lanca-1a-lichtefest-com-programacao-natalina\\\/#primaryimage\",\"url\":\"https:\\\/\\\/folhapopular.info\\\/wp-content\\\/uploads\\\/2025\\\/09\\\/familia-lima-westfalia-1757356962-1757358258.jpg\",\"contentUrl\":\"https:\\\/\\\/folhapopular.info\\\/wp-content\\\/uploads\\\/2025\\\/09\\\/familia-lima-westfalia-1757356962-1757358258.jpg\",\"width\":1000,\"height\":667,\"caption\":\"Fam\u00edlia Lima se apresentar\u00e1 de forma gratuita em dezembro \\\/ Cr\u00e9dito: Divulga\u00e7\u00e3o\"},{\"@type\":\"BreadcrumbList\",\"@id\":\"https:\\\/\\\/folhapopular.info\\\/index.php\\\/2025\\\/09\\\/09\\\/westfalia-lanca-1a-lichtefest-com-programacao-natalina\\\/#breadcrumb\",\"itemListElement\":[{\"@type\":\"ListItem\",\"position\":1,\"name\":\"In\u00edcio\",\"item\":\"https:\\\/\\\/folhapopular.info\\\/\"},{\"@type\":\"ListItem\",\"position\":2,\"name\":\"Westf\u00e1lia lan\u00e7a 1\u00aa Lichtefest com programa\u00e7\u00e3o natalina\"}]},{\"@type\":\"WebSite\",\"@id\":\"https:\\\/\\\/folhapopular.info\\\/#website\",\"url\":\"https:\\\/\\\/folhapopular.info\\\/\",\"name\":\"Folha Popular\",\"description\":\"Onde voc\u00ea tem vez e voz\",\"potentialAction\":[{\"@type\":\"SearchAction\",\"target\":{\"@type\":\"EntryPoint\",\"urlTemplate\":\"https:\\\/\\\/folhapopular.info\\\/?s={search_term_string}\"},\"query-input\":{\"@type\":\"PropertyValueSpecification\",\"valueRequired\":true,\"valueName\":\"search_term_string\"}}],\"inLanguage\":\"pt-BR\"},{\"@type\":\"Person\",\"@id\":\"https:\\\/\\\/folhapopular.info\\\/#\\\/schema\\\/person\\\/2814e8a0df7643585a9ca38bc6eb9d4b\",\"name\":\"Reda\u00e7\u00e3o Folha Popular\",\"image\":{\"@type\":\"ImageObject\",\"inLanguage\":\"pt-BR\",\"@id\":\"https:\\\/\\\/folhapopular.info\\\/wp-content\\\/uploads\\\/2026\\\/04\\\/Folha-1.webp\",\"url\":\"https:\\\/\\\/folhapopular.info\\\/wp-content\\\/uploads\\\/2026\\\/04\\\/Folha-1.webp\",\"contentUrl\":\"https:\\\/\\\/folhapopular.info\\\/wp-content\\\/uploads\\\/2026\\\/04\\\/Folha-1.webp\",\"caption\":\"Reda\u00e7\u00e3o Folha Popular\"},\"url\":\"https:\\\/\\\/folhapopular.info\\\/index.php\\\/author\\\/redacao\\\/\"}]}<\/script>\n<!-- \/ Yoast SEO plugin. -->","yoast_head_json":{"title":"Westf\u00e1lia lan\u00e7a 1\u00aa Lichtefest com programa\u00e7\u00e3o natalina - Folha Popular","robots":{"index":"index","follow":"follow","max-snippet":"max-snippet:-1","max-image-preview":"max-image-preview:large","max-video-preview":"max-video-preview:-1"},"canonical":"https:\/\/folhapopular.info\/index.php\/2025\/09\/09\/westfalia-lanca-1a-lichtefest-com-programacao-natalina\/","og_locale":"pt_BR","og_type":"article","og_title":"Westf\u00e1lia lan\u00e7a 1\u00aa Lichtefest com programa\u00e7\u00e3o natalina - Folha Popular","og_description":"Entre os meses de novembro e dezembro, o munic\u00edpio de Westf\u00e1lia ser\u00e1 palco da 1\u00aa Lichtefest \u2013 Festa das Luzes e Tradi\u00e7\u00f5es Westfalianas, evento natalino que promete encantar moradores e visitantes com uma programa\u00e7\u00e3o cultural diversificada e marcada pela valoriza\u00e7\u00e3o das tradi\u00e7\u00f5es locais. Organizada pela Prefeitura de Westf\u00e1lia, com apoio da Secretaria de Educa\u00e7\u00e3o, Cultura, [&hellip;]","og_url":"https:\/\/folhapopular.info\/index.php\/2025\/09\/09\/westfalia-lanca-1a-lichtefest-com-programacao-natalina\/","og_site_name":"Folha Popular","article_published_time":"2025-09-09T14:00:00+00:00","og_image":[{"width":1000,"height":667,"url":"https:\/\/folhapopular.info\/wp-content\/uploads\/2025\/09\/familia-lima-westfalia-1757356962-1757358258.jpg","type":"image\/jpeg"}],"author":"Reda\u00e7\u00e3o Folha Popular","twitter_card":"summary_large_image","twitter_misc":{"Escrito por":"Reda\u00e7\u00e3o Folha Popular","Est. tempo de leitura":"3 minutos"},"schema":{"@context":"https:\/\/schema.org","@graph":[{"@type":"Article","@id":"https:\/\/folhapopular.info\/index.php\/2025\/09\/09\/westfalia-lanca-1a-lichtefest-com-programacao-natalina\/#article","isPartOf":{"@id":"https:\/\/folhapopular.info\/index.php\/2025\/09\/09\/westfalia-lanca-1a-lichtefest-com-programacao-natalina\/"},"author":{"name":"Reda\u00e7\u00e3o Folha Popular","@id":"https:\/\/folhapopular.info\/#\/schema\/person\/2814e8a0df7643585a9ca38bc6eb9d4b"},"headline":"Westf\u00e1lia lan\u00e7a 1\u00aa Lichtefest com programa\u00e7\u00e3o natalina","datePublished":"2025-09-09T14:00:00+00:00","mainEntityOfPage":{"@id":"https:\/\/folhapopular.info\/index.php\/2025\/09\/09\/westfalia-lanca-1a-lichtefest-com-programacao-natalina\/"},"wordCount":487,"commentCount":0,"image":{"@id":"https:\/\/folhapopular.info\/index.php\/2025\/09\/09\/westfalia-lanca-1a-lichtefest-com-programacao-natalina\/#primaryimage"},"thumbnailUrl":"https:\/\/folhapopular.info\/wp-content\/uploads\/2025\/09\/familia-lima-westfalia-1757356962-1757358258.jpg","keywords":["Festa das Luzes e Tradi\u00e7\u00f5es Westfalianas","Lichtefest","Natal","Westf\u00e1lia"],"articleSection":["Destaques","Inclusive"],"inLanguage":"pt-BR","potentialAction":[{"@type":"CommentAction","name":"Comment","target":["https:\/\/folhapopular.info\/index.php\/2025\/09\/09\/westfalia-lanca-1a-lichtefest-com-programacao-natalina\/#respond"]}]},{"@type":"WebPage","@id":"https:\/\/folhapopular.info\/index.php\/2025\/09\/09\/westfalia-lanca-1a-lichtefest-com-programacao-natalina\/","url":"https:\/\/folhapopular.info\/index.php\/2025\/09\/09\/westfalia-lanca-1a-lichtefest-com-programacao-natalina\/","name":"Westf\u00e1lia lan\u00e7a 1\u00aa Lichtefest com programa\u00e7\u00e3o natalina - Folha Popular","isPartOf":{"@id":"https:\/\/folhapopular.info\/#website"},"primaryImageOfPage":{"@id":"https:\/\/folhapopular.info\/index.php\/2025\/09\/09\/westfalia-lanca-1a-lichtefest-com-programacao-natalina\/#primaryimage"},"image":{"@id":"https:\/\/folhapopular.info\/index.php\/2025\/09\/09\/westfalia-lanca-1a-lichtefest-com-programacao-natalina\/#primaryimage"},"thumbnailUrl":"https:\/\/folhapopular.info\/wp-content\/uploads\/2025\/09\/familia-lima-westfalia-1757356962-1757358258.jpg","datePublished":"2025-09-09T14:00:00+00:00","author":{"@id":"https:\/\/folhapopular.info\/#\/schema\/person\/2814e8a0df7643585a9ca38bc6eb9d4b"},"breadcrumb":{"@id":"https:\/\/folhapopular.info\/index.php\/2025\/09\/09\/westfalia-lanca-1a-lichtefest-com-programacao-natalina\/#breadcrumb"},"inLanguage":"pt-BR","potentialAction":[{"@type":"ReadAction","target":["https:\/\/folhapopular.info\/index.php\/2025\/09\/09\/westfalia-lanca-1a-lichtefest-com-programacao-natalina\/"]}]},{"@type":"ImageObject","inLanguage":"pt-BR","@id":"https:\/\/folhapopular.info\/index.php\/2025\/09\/09\/westfalia-lanca-1a-lichtefest-com-programacao-natalina\/#primaryimage","url":"https:\/\/folhapopular.info\/wp-content\/uploads\/2025\/09\/familia-lima-westfalia-1757356962-1757358258.jpg","contentUrl":"https:\/\/folhapopular.info\/wp-content\/uploads\/2025\/09\/familia-lima-westfalia-1757356962-1757358258.jpg","width":1000,"height":667,"caption":"Fam\u00edlia Lima se apresentar\u00e1 de forma gratuita em dezembro \/ Cr\u00e9dito: Divulga\u00e7\u00e3o"},{"@type":"BreadcrumbList","@id":"https:\/\/folhapopular.info\/index.php\/2025\/09\/09\/westfalia-lanca-1a-lichtefest-com-programacao-natalina\/#breadcrumb","itemListElement":[{"@type":"ListItem","position":1,"name":"In\u00edcio","item":"https:\/\/folhapopular.info\/"},{"@type":"ListItem","position":2,"name":"Westf\u00e1lia lan\u00e7a 1\u00aa Lichtefest com programa\u00e7\u00e3o natalina"}]},{"@type":"WebSite","@id":"https:\/\/folhapopular.info\/#website","url":"https:\/\/folhapopular.info\/","name":"Folha Popular","description":"Onde voc\u00ea tem vez e voz","potentialAction":[{"@type":"SearchAction","target":{"@type":"EntryPoint","urlTemplate":"https:\/\/folhapopular.info\/?s={search_term_string}"},"query-input":{"@type":"PropertyValueSpecification","valueRequired":true,"valueName":"search_term_string"}}],"inLanguage":"pt-BR"},{"@type":"Person","@id":"https:\/\/folhapopular.info\/#\/schema\/person\/2814e8a0df7643585a9ca38bc6eb9d4b","name":"Reda\u00e7\u00e3o Folha Popular","image":{"@type":"ImageObject","inLanguage":"pt-BR","@id":"https:\/\/folhapopular.info\/wp-content\/uploads\/2026\/04\/Folha-1.webp","url":"https:\/\/folhapopular.info\/wp-content\/uploads\/2026\/04\/Folha-1.webp","contentUrl":"https:\/\/folhapopular.info\/wp-content\/uploads\/2026\/04\/Folha-1.webp","caption":"Reda\u00e7\u00e3o Folha Popular"},"url":"https:\/\/folhapopular.info\/index.php\/author\/redacao\/"}]}},"jetpack_featured_media_url":"https:\/\/folhapopular.info\/wp-content\/uploads\/2025\/09\/familia-lima-westfalia-1757356962-1757358258.jpg","jetpack_sharing_enabled":true,"amp_enabled":true,"_links":{"self":[{"href":"https:\/\/folhapopular.info\/index.php\/wp-json\/wp\/v2\/posts\/193711","targetHints":{"allow":["GET"]}}],"collection":[{"href":"https:\/\/folhapopular.info\/index.php\/wp-json\/wp\/v2\/posts"}],"about":[{"href":"https:\/\/folhapopular.info\/index.php\/wp-json\/wp\/v2\/types\/post"}],"author":[{"embeddable":true,"href":"https:\/\/folhapopular.info\/index.php\/wp-json\/wp\/v2\/users\/8"}],"replies":[{"embeddable":true,"href":"https:\/\/folhapopular.info\/index.php\/wp-json\/wp\/v2\/comments?post=193711"}],"version-history":[{"count":0,"href":"https:\/\/folhapopular.info\/index.php\/wp-json\/wp\/v2\/posts\/193711\/revisions"}],"wp:featuredmedia":[{"embeddable":true,"href":"https:\/\/folhapopular.info\/index.php\/wp-json\/wp\/v2\/media\/193712"}],"wp:attachment":[{"href":"https:\/\/folhapopular.info\/index.php\/wp-json\/wp\/v2\/media?parent=193711"}],"wp:term":[{"taxonomy":"category","embeddable":true,"href":"https:\/\/folhapopular.info\/index.php\/wp-json\/wp\/v2\/categories?post=193711"},{"taxonomy":"post_tag","embeddable":true,"href":"https:\/\/folhapopular.info\/index.php\/wp-json\/wp\/v2\/tags?post=193711"}],"curies":[{"name":"wp","href":"https:\/\/api.w.org\/{rel}","templated":true}]}}