{"id":193992,"date":"2025-09-14T10:00:00","date_gmt":"2025-09-14T13:00:00","guid":{"rendered":"https:\/\/folhapopular.info\/?p=193992"},"modified":"2025-09-15T07:56:28","modified_gmt":"2025-09-15T10:56:28","slug":"imigrante-e-westfalia-buscam-solucoes-paratratamento-de-dejetos-animais","status":"publish","type":"post","link":"https:\/\/folhapopular.info\/index.php\/2025\/09\/14\/imigrante-e-westfalia-buscam-solucoes-paratratamento-de-dejetos-animais\/","title":{"rendered":"Imigrante e Westf\u00e1lia buscam solu\u00e7\u00f5es para tratamento de dejetos animais"},"content":{"rendered":"\n<p>Nessa semana, a administra\u00e7\u00e3o municipal de Westf\u00e1lia realizou um encontro inicial com cerca de 50 produtores rurais ligados \u00e0 suinocultura, avicultura, gado leiteiro e galinhas poedeiras, para debater a constru\u00e7\u00e3o de uma usina de processamento de dejetos animais, com foco em gera\u00e7\u00e3o, tratamento e destina\u00e7\u00e3o correta dos res\u00edduos.<\/p>\n\n\n\n<p>O evento ocorreu na ter\u00e7a-feira (9\/9) e envolveu interessados de outros munic\u00edpios, como o secret\u00e1rio de Agricultura, Meio Ambiente e Desenvolvimento Econ\u00f4mico de Imigrante, Gilnei Dahmer. Embora a usina esteja projetada para ser constru\u00edda em Westf\u00e1lia, Imigrante j\u00e1 constr\u00f3i parcerias para contemplar seus produtores.<\/p>\n\n\n\n<p>\u201cA constru\u00e7\u00e3o de uma usina representa um avan\u00e7o importante para a sustentabilidade do meio rural. Buscamos parcerias para que essa iniciativa tamb\u00e9m possa beneficiar os produtores de Imigrante, trazendo solu\u00e7\u00f5es que unem responsabilidade ambiental e gera\u00e7\u00e3o de oportunidades para o nosso munic\u00edpio\u201d, aponta Dahmer.<\/p>\n\n\n\n<p>A empresa Enermac, com sede em Cascavel (PR), apresentou estudo de viabilidade para a constru\u00e7\u00e3o da obra. O projeto considera desde a gera\u00e7\u00e3o e o tratamento at\u00e9 a destina\u00e7\u00e3o correta dos materiais.<\/p>\n\n\n\n<p>A empresa atua desde 2014 com o biog\u00e1s, gerado atrav\u00e9s da decomposi\u00e7\u00e3o dos rejeitos org\u00e2nicos. Como combust\u00edvel, reduz custos com energia el\u00e9trica, al\u00e9m de viabilizar a produ\u00e7\u00e3o de biofertilizante para consumo e venda (ETE, Rural, Vinha\u00e7a), reduzir odores e insetos e diminuir a libera\u00e7\u00e3o de poluentes na atmosfera. A Enermac j\u00e1 implementou 97 usinas de biog\u00e1s e representa 7,1% das usinas em opera\u00e7\u00e3o no Brasil.<\/p>\n\n\n\n<p>Para o prefeito de Westf\u00e1lia, C\u00e9sar Juliano Bloemker, o assunto impacta diretamente a sustentabilidade das propriedades, a preserva\u00e7\u00e3o ambiental e o futuro da produ\u00e7\u00e3o rural. \u201cNosso objetivo \u00e9 construir solu\u00e7\u00f5es em conjunto, conciliando as demandas do campo com a responsabilidade ambiental. Al\u00e9m de reduzir impactos, essa iniciativa pode gerar energia e fortalecer ainda mais a agricultura local de maneira sustent\u00e1vel\u201d, aponta.<\/p>\n","protected":false},"excerpt":{"rendered":"<p>Nessa semana, a administra\u00e7\u00e3o municipal de Westf\u00e1lia realizou um encontro inicial com cerca de 50 produtores rurais ligados \u00e0 suinocultura, avicultura, gado leiteiro e galinhas poedeiras, para debater a constru\u00e7\u00e3o de uma usina de processamento de dejetos animais, com foco em gera\u00e7\u00e3o, tratamento e destina\u00e7\u00e3o correta dos res\u00edduos. O evento ocorreu na ter\u00e7a-feira (9\/9) e [&hellip;]<\/p>\n","protected":false},"author":8,"featured_media":193993,"comment_status":"open","ping_status":"open","sticky":false,"template":"","format":"standard","meta":{"pmpro_default_level":"","_jetpack_memberships_contains_paid_content":false,"footnotes":""},"categories":[2,10991],"tags":[34,19458,19457,25],"class_list":{"0":"post-193992","1":"post","2":"type-post","3":"status-publish","4":"format-standard","5":"has-post-thumbnail","7":"category-featured","8":"category-economia","9":"tag-imigrante","10":"tag-tratamento-de-dejetos","11":"tag-usina-de-processamento","12":"tag-westfalia","13":"pmpro-has-access"},"yoast_head":"<!-- This site is optimized with the Yoast SEO plugin v27.5 - https:\/\/yoast.com\/product\/yoast-seo-wordpress\/ -->\n<title>Imigrante e Westf\u00e1lia buscam solu\u00e7\u00f5es para tratamento de dejetos animais - Folha Popular<\/title>\n<meta name=\"robots\" content=\"index, follow, max-snippet:-1, max-image-preview:large, max-video-preview:-1\" \/>\n<link rel=\"canonical\" href=\"https:\/\/folhapopular.info\/index.php\/2025\/09\/14\/imigrante-e-westfalia-buscam-solucoes-paratratamento-de-dejetos-animais\/\" \/>\n<meta property=\"og:locale\" content=\"pt_BR\" \/>\n<meta property=\"og:type\" content=\"article\" \/>\n<meta property=\"og:title\" content=\"Imigrante e Westf\u00e1lia buscam solu\u00e7\u00f5es para tratamento de dejetos animais - Folha Popular\" \/>\n<meta property=\"og:description\" content=\"Nessa semana, a administra\u00e7\u00e3o municipal de Westf\u00e1lia realizou um encontro inicial com cerca de 50 produtores rurais ligados \u00e0 suinocultura, avicultura, gado leiteiro e galinhas poedeiras, para debater a constru\u00e7\u00e3o de uma usina de processamento de dejetos animais, com foco em gera\u00e7\u00e3o, tratamento e destina\u00e7\u00e3o correta dos res\u00edduos. O evento ocorreu na ter\u00e7a-feira (9\/9) e [&hellip;]\" \/>\n<meta property=\"og:url\" content=\"https:\/\/folhapopular.info\/index.php\/2025\/09\/14\/imigrante-e-westfalia-buscam-solucoes-paratratamento-de-dejetos-animais\/\" \/>\n<meta property=\"og:site_name\" content=\"Folha Popular\" \/>\n<meta property=\"article:published_time\" content=\"2025-09-14T13:00:00+00:00\" \/>\n<meta property=\"article:modified_time\" content=\"2025-09-15T10:56:28+00:00\" \/>\n<meta property=\"og:image\" content=\"http:\/\/folhapopular.info\/wp-content\/uploads\/2025\/09\/Encontro-inicial-ocorreu-no-Galpao-de-Eventos-de-Westfalia-na-terca-feira_Divulgacao.jpg\" \/>\n\t<meta property=\"og:image:width\" content=\"2560\" \/>\n\t<meta property=\"og:image:height\" content=\"1709\" \/>\n\t<meta property=\"og:image:type\" content=\"image\/jpeg\" \/>\n<meta name=\"author\" content=\"Reda\u00e7\u00e3o Folha Popular\" \/>\n<meta name=\"twitter:card\" content=\"summary_large_image\" \/>\n<meta name=\"twitter:label1\" content=\"Escrito por\" \/>\n\t<meta name=\"twitter:data1\" content=\"Reda\u00e7\u00e3o Folha Popular\" \/>\n\t<meta name=\"twitter:label2\" content=\"Est. tempo de leitura\" \/>\n\t<meta name=\"twitter:data2\" content=\"2 minutos\" \/>\n<script type=\"application\/ld+json\" class=\"yoast-schema-graph\">{\"@context\":\"https:\\\/\\\/schema.org\",\"@graph\":[{\"@type\":\"Article\",\"@id\":\"https:\\\/\\\/folhapopular.info\\\/index.php\\\/2025\\\/09\\\/14\\\/imigrante-e-westfalia-buscam-solucoes-paratratamento-de-dejetos-animais\\\/#article\",\"isPartOf\":{\"@id\":\"https:\\\/\\\/folhapopular.info\\\/index.php\\\/2025\\\/09\\\/14\\\/imigrante-e-westfalia-buscam-solucoes-paratratamento-de-dejetos-animais\\\/\"},\"author\":{\"name\":\"Reda\u00e7\u00e3o Folha Popular\",\"@id\":\"https:\\\/\\\/folhapopular.info\\\/#\\\/schema\\\/person\\\/2814e8a0df7643585a9ca38bc6eb9d4b\"},\"headline\":\"Imigrante e Westf\u00e1lia buscam solu\u00e7\u00f5es para tratamento de dejetos animais\",\"datePublished\":\"2025-09-14T13:00:00+00:00\",\"dateModified\":\"2025-09-15T10:56:28+00:00\",\"mainEntityOfPage\":{\"@id\":\"https:\\\/\\\/folhapopular.info\\\/index.php\\\/2025\\\/09\\\/14\\\/imigrante-e-westfalia-buscam-solucoes-paratratamento-de-dejetos-animais\\\/\"},\"wordCount\":340,\"commentCount\":0,\"image\":{\"@id\":\"https:\\\/\\\/folhapopular.info\\\/index.php\\\/2025\\\/09\\\/14\\\/imigrante-e-westfalia-buscam-solucoes-paratratamento-de-dejetos-animais\\\/#primaryimage\"},\"thumbnailUrl\":\"https:\\\/\\\/folhapopular.info\\\/wp-content\\\/uploads\\\/2025\\\/09\\\/Encontro-inicial-ocorreu-no-Galpao-de-Eventos-de-Westfalia-na-terca-feira_Divulgacao.jpg\",\"keywords\":[\"Imigrante\",\"Tratamento de dejetos\",\"Usina de processamento\",\"Westf\u00e1lia\"],\"articleSection\":[\"Destaques\",\"Economia\"],\"inLanguage\":\"pt-BR\",\"potentialAction\":[{\"@type\":\"CommentAction\",\"name\":\"Comment\",\"target\":[\"https:\\\/\\\/folhapopular.info\\\/index.php\\\/2025\\\/09\\\/14\\\/imigrante-e-westfalia-buscam-solucoes-paratratamento-de-dejetos-animais\\\/#respond\"]}]},{\"@type\":\"WebPage\",\"@id\":\"https:\\\/\\\/folhapopular.info\\\/index.php\\\/2025\\\/09\\\/14\\\/imigrante-e-westfalia-buscam-solucoes-paratratamento-de-dejetos-animais\\\/\",\"url\":\"https:\\\/\\\/folhapopular.info\\\/index.php\\\/2025\\\/09\\\/14\\\/imigrante-e-westfalia-buscam-solucoes-paratratamento-de-dejetos-animais\\\/\",\"name\":\"Imigrante e Westf\u00e1lia buscam solu\u00e7\u00f5es para tratamento de dejetos animais - Folha Popular\",\"isPartOf\":{\"@id\":\"https:\\\/\\\/folhapopular.info\\\/#website\"},\"primaryImageOfPage\":{\"@id\":\"https:\\\/\\\/folhapopular.info\\\/index.php\\\/2025\\\/09\\\/14\\\/imigrante-e-westfalia-buscam-solucoes-paratratamento-de-dejetos-animais\\\/#primaryimage\"},\"image\":{\"@id\":\"https:\\\/\\\/folhapopular.info\\\/index.php\\\/2025\\\/09\\\/14\\\/imigrante-e-westfalia-buscam-solucoes-paratratamento-de-dejetos-animais\\\/#primaryimage\"},\"thumbnailUrl\":\"https:\\\/\\\/folhapopular.info\\\/wp-content\\\/uploads\\\/2025\\\/09\\\/Encontro-inicial-ocorreu-no-Galpao-de-Eventos-de-Westfalia-na-terca-feira_Divulgacao.jpg\",\"datePublished\":\"2025-09-14T13:00:00+00:00\",\"dateModified\":\"2025-09-15T10:56:28+00:00\",\"author\":{\"@id\":\"https:\\\/\\\/folhapopular.info\\\/#\\\/schema\\\/person\\\/2814e8a0df7643585a9ca38bc6eb9d4b\"},\"breadcrumb\":{\"@id\":\"https:\\\/\\\/folhapopular.info\\\/index.php\\\/2025\\\/09\\\/14\\\/imigrante-e-westfalia-buscam-solucoes-paratratamento-de-dejetos-animais\\\/#breadcrumb\"},\"inLanguage\":\"pt-BR\",\"potentialAction\":[{\"@type\":\"ReadAction\",\"target\":[\"https:\\\/\\\/folhapopular.info\\\/index.php\\\/2025\\\/09\\\/14\\\/imigrante-e-westfalia-buscam-solucoes-paratratamento-de-dejetos-animais\\\/\"]}]},{\"@type\":\"ImageObject\",\"inLanguage\":\"pt-BR\",\"@id\":\"https:\\\/\\\/folhapopular.info\\\/index.php\\\/2025\\\/09\\\/14\\\/imigrante-e-westfalia-buscam-solucoes-paratratamento-de-dejetos-animais\\\/#primaryimage\",\"url\":\"https:\\\/\\\/folhapopular.info\\\/wp-content\\\/uploads\\\/2025\\\/09\\\/Encontro-inicial-ocorreu-no-Galpao-de-Eventos-de-Westfalia-na-terca-feira_Divulgacao.jpg\",\"contentUrl\":\"https:\\\/\\\/folhapopular.info\\\/wp-content\\\/uploads\\\/2025\\\/09\\\/Encontro-inicial-ocorreu-no-Galpao-de-Eventos-de-Westfalia-na-terca-feira_Divulgacao.jpg\",\"width\":2560,\"height\":1709,\"caption\":\"Encontro inicial ocorreu no Galp\u00e3o de Eventos de Westf\u00e1lia na ter\u00e7a-feira \\\/ Cr\u00e9dito: Divulga\u00e7\u00e3o\"},{\"@type\":\"BreadcrumbList\",\"@id\":\"https:\\\/\\\/folhapopular.info\\\/index.php\\\/2025\\\/09\\\/14\\\/imigrante-e-westfalia-buscam-solucoes-paratratamento-de-dejetos-animais\\\/#breadcrumb\",\"itemListElement\":[{\"@type\":\"ListItem\",\"position\":1,\"name\":\"In\u00edcio\",\"item\":\"https:\\\/\\\/folhapopular.info\\\/\"},{\"@type\":\"ListItem\",\"position\":2,\"name\":\"Imigrante e Westf\u00e1lia buscam solu\u00e7\u00f5es para tratamento de dejetos animais\"}]},{\"@type\":\"WebSite\",\"@id\":\"https:\\\/\\\/folhapopular.info\\\/#website\",\"url\":\"https:\\\/\\\/folhapopular.info\\\/\",\"name\":\"Folha Popular\",\"description\":\"Onde voc\u00ea tem vez e voz\",\"potentialAction\":[{\"@type\":\"SearchAction\",\"target\":{\"@type\":\"EntryPoint\",\"urlTemplate\":\"https:\\\/\\\/folhapopular.info\\\/?s={search_term_string}\"},\"query-input\":{\"@type\":\"PropertyValueSpecification\",\"valueRequired\":true,\"valueName\":\"search_term_string\"}}],\"inLanguage\":\"pt-BR\"},{\"@type\":\"Person\",\"@id\":\"https:\\\/\\\/folhapopular.info\\\/#\\\/schema\\\/person\\\/2814e8a0df7643585a9ca38bc6eb9d4b\",\"name\":\"Reda\u00e7\u00e3o Folha Popular\",\"image\":{\"@type\":\"ImageObject\",\"inLanguage\":\"pt-BR\",\"@id\":\"https:\\\/\\\/folhapopular.info\\\/wp-content\\\/uploads\\\/2026\\\/04\\\/Folha-1.webp\",\"url\":\"https:\\\/\\\/folhapopular.info\\\/wp-content\\\/uploads\\\/2026\\\/04\\\/Folha-1.webp\",\"contentUrl\":\"https:\\\/\\\/folhapopular.info\\\/wp-content\\\/uploads\\\/2026\\\/04\\\/Folha-1.webp\",\"caption\":\"Reda\u00e7\u00e3o Folha Popular\"},\"url\":\"https:\\\/\\\/folhapopular.info\\\/index.php\\\/author\\\/redacao\\\/\"}]}<\/script>\n<!-- \/ Yoast SEO plugin. -->","yoast_head_json":{"title":"Imigrante e Westf\u00e1lia buscam solu\u00e7\u00f5es para tratamento de dejetos animais - Folha Popular","robots":{"index":"index","follow":"follow","max-snippet":"max-snippet:-1","max-image-preview":"max-image-preview:large","max-video-preview":"max-video-preview:-1"},"canonical":"https:\/\/folhapopular.info\/index.php\/2025\/09\/14\/imigrante-e-westfalia-buscam-solucoes-paratratamento-de-dejetos-animais\/","og_locale":"pt_BR","og_type":"article","og_title":"Imigrante e Westf\u00e1lia buscam solu\u00e7\u00f5es para tratamento de dejetos animais - Folha Popular","og_description":"Nessa semana, a administra\u00e7\u00e3o municipal de Westf\u00e1lia realizou um encontro inicial com cerca de 50 produtores rurais ligados \u00e0 suinocultura, avicultura, gado leiteiro e galinhas poedeiras, para debater a constru\u00e7\u00e3o de uma usina de processamento de dejetos animais, com foco em gera\u00e7\u00e3o, tratamento e destina\u00e7\u00e3o correta dos res\u00edduos. O evento ocorreu na ter\u00e7a-feira (9\/9) e [&hellip;]","og_url":"https:\/\/folhapopular.info\/index.php\/2025\/09\/14\/imigrante-e-westfalia-buscam-solucoes-paratratamento-de-dejetos-animais\/","og_site_name":"Folha Popular","article_published_time":"2025-09-14T13:00:00+00:00","article_modified_time":"2025-09-15T10:56:28+00:00","og_image":[{"width":2560,"height":1709,"url":"http:\/\/folhapopular.info\/wp-content\/uploads\/2025\/09\/Encontro-inicial-ocorreu-no-Galpao-de-Eventos-de-Westfalia-na-terca-feira_Divulgacao.jpg","type":"image\/jpeg"}],"author":"Reda\u00e7\u00e3o Folha Popular","twitter_card":"summary_large_image","twitter_misc":{"Escrito por":"Reda\u00e7\u00e3o Folha Popular","Est. tempo de leitura":"2 minutos"},"schema":{"@context":"https:\/\/schema.org","@graph":[{"@type":"Article","@id":"https:\/\/folhapopular.info\/index.php\/2025\/09\/14\/imigrante-e-westfalia-buscam-solucoes-paratratamento-de-dejetos-animais\/#article","isPartOf":{"@id":"https:\/\/folhapopular.info\/index.php\/2025\/09\/14\/imigrante-e-westfalia-buscam-solucoes-paratratamento-de-dejetos-animais\/"},"author":{"name":"Reda\u00e7\u00e3o Folha Popular","@id":"https:\/\/folhapopular.info\/#\/schema\/person\/2814e8a0df7643585a9ca38bc6eb9d4b"},"headline":"Imigrante e Westf\u00e1lia buscam solu\u00e7\u00f5es para tratamento de dejetos animais","datePublished":"2025-09-14T13:00:00+00:00","dateModified":"2025-09-15T10:56:28+00:00","mainEntityOfPage":{"@id":"https:\/\/folhapopular.info\/index.php\/2025\/09\/14\/imigrante-e-westfalia-buscam-solucoes-paratratamento-de-dejetos-animais\/"},"wordCount":340,"commentCount":0,"image":{"@id":"https:\/\/folhapopular.info\/index.php\/2025\/09\/14\/imigrante-e-westfalia-buscam-solucoes-paratratamento-de-dejetos-animais\/#primaryimage"},"thumbnailUrl":"https:\/\/folhapopular.info\/wp-content\/uploads\/2025\/09\/Encontro-inicial-ocorreu-no-Galpao-de-Eventos-de-Westfalia-na-terca-feira_Divulgacao.jpg","keywords":["Imigrante","Tratamento de dejetos","Usina de processamento","Westf\u00e1lia"],"articleSection":["Destaques","Economia"],"inLanguage":"pt-BR","potentialAction":[{"@type":"CommentAction","name":"Comment","target":["https:\/\/folhapopular.info\/index.php\/2025\/09\/14\/imigrante-e-westfalia-buscam-solucoes-paratratamento-de-dejetos-animais\/#respond"]}]},{"@type":"WebPage","@id":"https:\/\/folhapopular.info\/index.php\/2025\/09\/14\/imigrante-e-westfalia-buscam-solucoes-paratratamento-de-dejetos-animais\/","url":"https:\/\/folhapopular.info\/index.php\/2025\/09\/14\/imigrante-e-westfalia-buscam-solucoes-paratratamento-de-dejetos-animais\/","name":"Imigrante e Westf\u00e1lia buscam solu\u00e7\u00f5es para tratamento de dejetos animais - Folha Popular","isPartOf":{"@id":"https:\/\/folhapopular.info\/#website"},"primaryImageOfPage":{"@id":"https:\/\/folhapopular.info\/index.php\/2025\/09\/14\/imigrante-e-westfalia-buscam-solucoes-paratratamento-de-dejetos-animais\/#primaryimage"},"image":{"@id":"https:\/\/folhapopular.info\/index.php\/2025\/09\/14\/imigrante-e-westfalia-buscam-solucoes-paratratamento-de-dejetos-animais\/#primaryimage"},"thumbnailUrl":"https:\/\/folhapopular.info\/wp-content\/uploads\/2025\/09\/Encontro-inicial-ocorreu-no-Galpao-de-Eventos-de-Westfalia-na-terca-feira_Divulgacao.jpg","datePublished":"2025-09-14T13:00:00+00:00","dateModified":"2025-09-15T10:56:28+00:00","author":{"@id":"https:\/\/folhapopular.info\/#\/schema\/person\/2814e8a0df7643585a9ca38bc6eb9d4b"},"breadcrumb":{"@id":"https:\/\/folhapopular.info\/index.php\/2025\/09\/14\/imigrante-e-westfalia-buscam-solucoes-paratratamento-de-dejetos-animais\/#breadcrumb"},"inLanguage":"pt-BR","potentialAction":[{"@type":"ReadAction","target":["https:\/\/folhapopular.info\/index.php\/2025\/09\/14\/imigrante-e-westfalia-buscam-solucoes-paratratamento-de-dejetos-animais\/"]}]},{"@type":"ImageObject","inLanguage":"pt-BR","@id":"https:\/\/folhapopular.info\/index.php\/2025\/09\/14\/imigrante-e-westfalia-buscam-solucoes-paratratamento-de-dejetos-animais\/#primaryimage","url":"https:\/\/folhapopular.info\/wp-content\/uploads\/2025\/09\/Encontro-inicial-ocorreu-no-Galpao-de-Eventos-de-Westfalia-na-terca-feira_Divulgacao.jpg","contentUrl":"https:\/\/folhapopular.info\/wp-content\/uploads\/2025\/09\/Encontro-inicial-ocorreu-no-Galpao-de-Eventos-de-Westfalia-na-terca-feira_Divulgacao.jpg","width":2560,"height":1709,"caption":"Encontro inicial ocorreu no Galp\u00e3o de Eventos de Westf\u00e1lia na ter\u00e7a-feira \/ Cr\u00e9dito: Divulga\u00e7\u00e3o"},{"@type":"BreadcrumbList","@id":"https:\/\/folhapopular.info\/index.php\/2025\/09\/14\/imigrante-e-westfalia-buscam-solucoes-paratratamento-de-dejetos-animais\/#breadcrumb","itemListElement":[{"@type":"ListItem","position":1,"name":"In\u00edcio","item":"https:\/\/folhapopular.info\/"},{"@type":"ListItem","position":2,"name":"Imigrante e Westf\u00e1lia buscam solu\u00e7\u00f5es para tratamento de dejetos animais"}]},{"@type":"WebSite","@id":"https:\/\/folhapopular.info\/#website","url":"https:\/\/folhapopular.info\/","name":"Folha Popular","description":"Onde voc\u00ea tem vez e voz","potentialAction":[{"@type":"SearchAction","target":{"@type":"EntryPoint","urlTemplate":"https:\/\/folhapopular.info\/?s={search_term_string}"},"query-input":{"@type":"PropertyValueSpecification","valueRequired":true,"valueName":"search_term_string"}}],"inLanguage":"pt-BR"},{"@type":"Person","@id":"https:\/\/folhapopular.info\/#\/schema\/person\/2814e8a0df7643585a9ca38bc6eb9d4b","name":"Reda\u00e7\u00e3o Folha Popular","image":{"@type":"ImageObject","inLanguage":"pt-BR","@id":"https:\/\/folhapopular.info\/wp-content\/uploads\/2026\/04\/Folha-1.webp","url":"https:\/\/folhapopular.info\/wp-content\/uploads\/2026\/04\/Folha-1.webp","contentUrl":"https:\/\/folhapopular.info\/wp-content\/uploads\/2026\/04\/Folha-1.webp","caption":"Reda\u00e7\u00e3o Folha Popular"},"url":"https:\/\/folhapopular.info\/index.php\/author\/redacao\/"}]}},"jetpack_featured_media_url":"https:\/\/folhapopular.info\/wp-content\/uploads\/2025\/09\/Encontro-inicial-ocorreu-no-Galpao-de-Eventos-de-Westfalia-na-terca-feira_Divulgacao.jpg","jetpack_sharing_enabled":true,"amp_enabled":true,"_links":{"self":[{"href":"https:\/\/folhapopular.info\/index.php\/wp-json\/wp\/v2\/posts\/193992","targetHints":{"allow":["GET"]}}],"collection":[{"href":"https:\/\/folhapopular.info\/index.php\/wp-json\/wp\/v2\/posts"}],"about":[{"href":"https:\/\/folhapopular.info\/index.php\/wp-json\/wp\/v2\/types\/post"}],"author":[{"embeddable":true,"href":"https:\/\/folhapopular.info\/index.php\/wp-json\/wp\/v2\/users\/8"}],"replies":[{"embeddable":true,"href":"https:\/\/folhapopular.info\/index.php\/wp-json\/wp\/v2\/comments?post=193992"}],"version-history":[{"count":0,"href":"https:\/\/folhapopular.info\/index.php\/wp-json\/wp\/v2\/posts\/193992\/revisions"}],"wp:featuredmedia":[{"embeddable":true,"href":"https:\/\/folhapopular.info\/index.php\/wp-json\/wp\/v2\/media\/193993"}],"wp:attachment":[{"href":"https:\/\/folhapopular.info\/index.php\/wp-json\/wp\/v2\/media?parent=193992"}],"wp:term":[{"taxonomy":"category","embeddable":true,"href":"https:\/\/folhapopular.info\/index.php\/wp-json\/wp\/v2\/categories?post=193992"},{"taxonomy":"post_tag","embeddable":true,"href":"https:\/\/folhapopular.info\/index.php\/wp-json\/wp\/v2\/tags?post=193992"}],"curies":[{"name":"wp","href":"https:\/\/api.w.org\/{rel}","templated":true}]}}