{"id":194150,"date":"2025-09-16T09:30:00","date_gmt":"2025-09-16T12:30:00","guid":{"rendered":"https:\/\/folhapopular.info\/?p=194150"},"modified":"2025-09-16T09:13:22","modified_gmt":"2025-09-16T12:13:22","slug":"inaugurada-a-primeira-planta-de-biometano-do-rs","status":"publish","type":"post","link":"https:\/\/folhapopular.info\/index.php\/2025\/09\/16\/inaugurada-a-primeira-planta-de-biometano-do-rs\/","title":{"rendered":"Inaugurada a primeira planta de biometano do RS"},"content":{"rendered":"\n<p>Foi inaugurada nesta segunda-feira (15\/9), em Minas do Le\u00e3o, a primeira planta de produ\u00e7\u00e3o de biometano do Rio Grande do Sul. Instalada na Unidade de Valoriza\u00e7\u00e3o Sustent\u00e1vel (UVS) da CRVR, a Biometano Sul \u00e9 controlada pela Arpoador Energia e pelo Grupo Solv\u00ed. O empreendimento \u00e9 considerado um marco na transi\u00e7\u00e3o energ\u00e9tica do Estado e um dos mais modernos do pa\u00eds.<\/p>\n\n\n\n<p>Com capacidade de produ\u00e7\u00e3o de 66 mil metros c\u00fabicos di\u00e1rios, a planta transforma res\u00edduos org\u00e2nicos \u2014 provenientes de 85 munic\u00edpios ga\u00fachos \u2014 em combust\u00edvel renov\u00e1vel. O projeto recebeu R$ 150 milh\u00f5es em investimentos, com financiamento do BNDES via Fundo Clima, al\u00e9m de incentivos fiscais estaduais, como o Fundopem-RS e o Integrar RS.<\/p>\n\n\n\n<p>Toda a produ\u00e7\u00e3o inicial j\u00e1 foi comercializada com a Ultragaz e ser\u00e1 destinada ao mercado industrial. A iniciativa refor\u00e7a o uso de solu\u00e7\u00f5es limpas e renov\u00e1veis na matriz energ\u00e9tica ga\u00facha.<\/p>\n\n\n\n<p>Durante a cerim\u00f4nia de inaugura\u00e7\u00e3o, representantes da Biometano Sul destacaram que a planta de Minas do Le\u00e3o \u00e9 apenas o come\u00e7o: uma segunda unidade j\u00e1 est\u00e1 em constru\u00e7\u00e3o em S\u00e3o Leopoldo, com capacidade para gerar 34 mil metros c\u00fabicos de biometano por dia.<\/p>\n\n\n\n<p>O biometano \u00e9 produzido a partir da purifica\u00e7\u00e3o do biog\u00e1s gerado pela decomposi\u00e7\u00e3o de res\u00edduos org\u00e2nicos em aterros sanit\u00e1rios. Considerado um substituto sustent\u00e1vel ao g\u00e1s natural, ele pode ser usado em ind\u00fastrias, resid\u00eancias e ve\u00edculos, representando uma alternativa estrat\u00e9gica na redu\u00e7\u00e3o das emiss\u00f5es de gases de efeito estufa.<\/p>\n","protected":false},"excerpt":{"rendered":"<p>Foi inaugurada nesta segunda-feira (15\/9), em Minas do Le\u00e3o, a primeira planta de produ\u00e7\u00e3o de biometano do Rio Grande do Sul. Instalada na Unidade de Valoriza\u00e7\u00e3o Sustent\u00e1vel (UVS) da CRVR, a Biometano Sul \u00e9 controlada pela Arpoador Energia e pelo Grupo Solv\u00ed. O empreendimento \u00e9 considerado um marco na transi\u00e7\u00e3o energ\u00e9tica do Estado e um [&hellip;]<\/p>\n","protected":false},"author":8,"featured_media":194151,"comment_status":"open","ping_status":"open","sticky":false,"template":"","format":"standard","meta":{"pmpro_default_level":"","_jetpack_memberships_contains_paid_content":false,"footnotes":""},"categories":[2,10991],"tags":[19471,2854,19472,5875,1285],"class_list":{"0":"post-194150","1":"post","2":"type-post","3":"status-publish","4":"format-standard","5":"has-post-thumbnail","7":"category-featured","8":"category-economia","9":"tag-biometano","10":"tag-combustivel","11":"tag-minas-do-leao","12":"tag-sao-leopoldo","13":"tag-sustentabilidade","14":"pmpro-has-access"},"yoast_head":"<!-- This site is optimized with the Yoast SEO plugin v27.5 - https:\/\/yoast.com\/product\/yoast-seo-wordpress\/ -->\n<title>Inaugurada a primeira planta de biometano do RS - Folha Popular<\/title>\n<meta name=\"robots\" content=\"index, follow, max-snippet:-1, max-image-preview:large, max-video-preview:-1\" \/>\n<link rel=\"canonical\" href=\"https:\/\/folhapopular.info\/index.php\/2025\/09\/16\/inaugurada-a-primeira-planta-de-biometano-do-rs\/\" \/>\n<meta property=\"og:locale\" content=\"pt_BR\" \/>\n<meta property=\"og:type\" content=\"article\" \/>\n<meta property=\"og:title\" content=\"Inaugurada a primeira planta de biometano do RS - Folha Popular\" \/>\n<meta property=\"og:description\" content=\"Foi inaugurada nesta segunda-feira (15\/9), em Minas do Le\u00e3o, a primeira planta de produ\u00e7\u00e3o de biometano do Rio Grande do Sul. Instalada na Unidade de Valoriza\u00e7\u00e3o Sustent\u00e1vel (UVS) da CRVR, a Biometano Sul \u00e9 controlada pela Arpoador Energia e pelo Grupo Solv\u00ed. O empreendimento \u00e9 considerado um marco na transi\u00e7\u00e3o energ\u00e9tica do Estado e um [&hellip;]\" \/>\n<meta property=\"og:url\" content=\"https:\/\/folhapopular.info\/index.php\/2025\/09\/16\/inaugurada-a-primeira-planta-de-biometano-do-rs\/\" \/>\n<meta property=\"og:site_name\" content=\"Folha Popular\" \/>\n<meta property=\"article:published_time\" content=\"2025-09-16T12:30:00+00:00\" \/>\n<meta property=\"og:image\" content=\"https:\/\/folhapopular.info\/wp-content\/uploads\/2025\/09\/15183251_2213093_GDO.jpg\" \/>\n\t<meta property=\"og:image:width\" content=\"945\" \/>\n\t<meta property=\"og:image:height\" content=\"629\" \/>\n\t<meta property=\"og:image:type\" content=\"image\/jpeg\" \/>\n<meta name=\"author\" content=\"Reda\u00e7\u00e3o Folha Popular\" \/>\n<meta name=\"twitter:card\" content=\"summary_large_image\" \/>\n<meta name=\"twitter:label1\" content=\"Escrito por\" \/>\n\t<meta name=\"twitter:data1\" content=\"Reda\u00e7\u00e3o Folha Popular\" \/>\n\t<meta name=\"twitter:label2\" content=\"Est. tempo de leitura\" \/>\n\t<meta name=\"twitter:data2\" content=\"2 minutos\" \/>\n<script type=\"application\/ld+json\" class=\"yoast-schema-graph\">{\"@context\":\"https:\\\/\\\/schema.org\",\"@graph\":[{\"@type\":\"Article\",\"@id\":\"https:\\\/\\\/folhapopular.info\\\/index.php\\\/2025\\\/09\\\/16\\\/inaugurada-a-primeira-planta-de-biometano-do-rs\\\/#article\",\"isPartOf\":{\"@id\":\"https:\\\/\\\/folhapopular.info\\\/index.php\\\/2025\\\/09\\\/16\\\/inaugurada-a-primeira-planta-de-biometano-do-rs\\\/\"},\"author\":{\"name\":\"Reda\u00e7\u00e3o Folha Popular\",\"@id\":\"https:\\\/\\\/folhapopular.info\\\/#\\\/schema\\\/person\\\/2814e8a0df7643585a9ca38bc6eb9d4b\"},\"headline\":\"Inaugurada a primeira planta de biometano do RS\",\"datePublished\":\"2025-09-16T12:30:00+00:00\",\"mainEntityOfPage\":{\"@id\":\"https:\\\/\\\/folhapopular.info\\\/index.php\\\/2025\\\/09\\\/16\\\/inaugurada-a-primeira-planta-de-biometano-do-rs\\\/\"},\"wordCount\":275,\"commentCount\":0,\"image\":{\"@id\":\"https:\\\/\\\/folhapopular.info\\\/index.php\\\/2025\\\/09\\\/16\\\/inaugurada-a-primeira-planta-de-biometano-do-rs\\\/#primaryimage\"},\"thumbnailUrl\":\"https:\\\/\\\/folhapopular.info\\\/wp-content\\\/uploads\\\/2025\\\/09\\\/15183251_2213093_GDO.jpg\",\"keywords\":[\"Biometano\",\"combust\u00edvel\",\"Minas do Le\u00e3o\",\"S\u00e3o Leopoldo\",\"Sustentabilidade\"],\"articleSection\":[\"Destaques\",\"Economia\"],\"inLanguage\":\"pt-BR\",\"potentialAction\":[{\"@type\":\"CommentAction\",\"name\":\"Comment\",\"target\":[\"https:\\\/\\\/folhapopular.info\\\/index.php\\\/2025\\\/09\\\/16\\\/inaugurada-a-primeira-planta-de-biometano-do-rs\\\/#respond\"]}]},{\"@type\":\"WebPage\",\"@id\":\"https:\\\/\\\/folhapopular.info\\\/index.php\\\/2025\\\/09\\\/16\\\/inaugurada-a-primeira-planta-de-biometano-do-rs\\\/\",\"url\":\"https:\\\/\\\/folhapopular.info\\\/index.php\\\/2025\\\/09\\\/16\\\/inaugurada-a-primeira-planta-de-biometano-do-rs\\\/\",\"name\":\"Inaugurada a primeira planta de biometano do RS - Folha Popular\",\"isPartOf\":{\"@id\":\"https:\\\/\\\/folhapopular.info\\\/#website\"},\"primaryImageOfPage\":{\"@id\":\"https:\\\/\\\/folhapopular.info\\\/index.php\\\/2025\\\/09\\\/16\\\/inaugurada-a-primeira-planta-de-biometano-do-rs\\\/#primaryimage\"},\"image\":{\"@id\":\"https:\\\/\\\/folhapopular.info\\\/index.php\\\/2025\\\/09\\\/16\\\/inaugurada-a-primeira-planta-de-biometano-do-rs\\\/#primaryimage\"},\"thumbnailUrl\":\"https:\\\/\\\/folhapopular.info\\\/wp-content\\\/uploads\\\/2025\\\/09\\\/15183251_2213093_GDO.jpg\",\"datePublished\":\"2025-09-16T12:30:00+00:00\",\"author\":{\"@id\":\"https:\\\/\\\/folhapopular.info\\\/#\\\/schema\\\/person\\\/2814e8a0df7643585a9ca38bc6eb9d4b\"},\"breadcrumb\":{\"@id\":\"https:\\\/\\\/folhapopular.info\\\/index.php\\\/2025\\\/09\\\/16\\\/inaugurada-a-primeira-planta-de-biometano-do-rs\\\/#breadcrumb\"},\"inLanguage\":\"pt-BR\",\"potentialAction\":[{\"@type\":\"ReadAction\",\"target\":[\"https:\\\/\\\/folhapopular.info\\\/index.php\\\/2025\\\/09\\\/16\\\/inaugurada-a-primeira-planta-de-biometano-do-rs\\\/\"]}]},{\"@type\":\"ImageObject\",\"inLanguage\":\"pt-BR\",\"@id\":\"https:\\\/\\\/folhapopular.info\\\/index.php\\\/2025\\\/09\\\/16\\\/inaugurada-a-primeira-planta-de-biometano-do-rs\\\/#primaryimage\",\"url\":\"https:\\\/\\\/folhapopular.info\\\/wp-content\\\/uploads\\\/2025\\\/09\\\/15183251_2213093_GDO.jpg\",\"contentUrl\":\"https:\\\/\\\/folhapopular.info\\\/wp-content\\\/uploads\\\/2025\\\/09\\\/15183251_2213093_GDO.jpg\",\"width\":945,\"height\":629,\"caption\":\"Cr\u00e9dito: Mauricio Tonetto \\\/ Secom\"},{\"@type\":\"BreadcrumbList\",\"@id\":\"https:\\\/\\\/folhapopular.info\\\/index.php\\\/2025\\\/09\\\/16\\\/inaugurada-a-primeira-planta-de-biometano-do-rs\\\/#breadcrumb\",\"itemListElement\":[{\"@type\":\"ListItem\",\"position\":1,\"name\":\"In\u00edcio\",\"item\":\"https:\\\/\\\/folhapopular.info\\\/\"},{\"@type\":\"ListItem\",\"position\":2,\"name\":\"Inaugurada a primeira planta de biometano do RS\"}]},{\"@type\":\"WebSite\",\"@id\":\"https:\\\/\\\/folhapopular.info\\\/#website\",\"url\":\"https:\\\/\\\/folhapopular.info\\\/\",\"name\":\"Folha Popular\",\"description\":\"Onde voc\u00ea tem vez e voz\",\"potentialAction\":[{\"@type\":\"SearchAction\",\"target\":{\"@type\":\"EntryPoint\",\"urlTemplate\":\"https:\\\/\\\/folhapopular.info\\\/?s={search_term_string}\"},\"query-input\":{\"@type\":\"PropertyValueSpecification\",\"valueRequired\":true,\"valueName\":\"search_term_string\"}}],\"inLanguage\":\"pt-BR\"},{\"@type\":\"Person\",\"@id\":\"https:\\\/\\\/folhapopular.info\\\/#\\\/schema\\\/person\\\/2814e8a0df7643585a9ca38bc6eb9d4b\",\"name\":\"Reda\u00e7\u00e3o Folha Popular\",\"image\":{\"@type\":\"ImageObject\",\"inLanguage\":\"pt-BR\",\"@id\":\"https:\\\/\\\/folhapopular.info\\\/wp-content\\\/uploads\\\/2026\\\/04\\\/Folha-1.webp\",\"url\":\"https:\\\/\\\/folhapopular.info\\\/wp-content\\\/uploads\\\/2026\\\/04\\\/Folha-1.webp\",\"contentUrl\":\"https:\\\/\\\/folhapopular.info\\\/wp-content\\\/uploads\\\/2026\\\/04\\\/Folha-1.webp\",\"caption\":\"Reda\u00e7\u00e3o Folha Popular\"},\"url\":\"https:\\\/\\\/folhapopular.info\\\/index.php\\\/author\\\/redacao\\\/\"}]}<\/script>\n<!-- \/ Yoast SEO plugin. -->","yoast_head_json":{"title":"Inaugurada a primeira planta de biometano do RS - Folha Popular","robots":{"index":"index","follow":"follow","max-snippet":"max-snippet:-1","max-image-preview":"max-image-preview:large","max-video-preview":"max-video-preview:-1"},"canonical":"https:\/\/folhapopular.info\/index.php\/2025\/09\/16\/inaugurada-a-primeira-planta-de-biometano-do-rs\/","og_locale":"pt_BR","og_type":"article","og_title":"Inaugurada a primeira planta de biometano do RS - Folha Popular","og_description":"Foi inaugurada nesta segunda-feira (15\/9), em Minas do Le\u00e3o, a primeira planta de produ\u00e7\u00e3o de biometano do Rio Grande do Sul. Instalada na Unidade de Valoriza\u00e7\u00e3o Sustent\u00e1vel (UVS) da CRVR, a Biometano Sul \u00e9 controlada pela Arpoador Energia e pelo Grupo Solv\u00ed. O empreendimento \u00e9 considerado um marco na transi\u00e7\u00e3o energ\u00e9tica do Estado e um [&hellip;]","og_url":"https:\/\/folhapopular.info\/index.php\/2025\/09\/16\/inaugurada-a-primeira-planta-de-biometano-do-rs\/","og_site_name":"Folha Popular","article_published_time":"2025-09-16T12:30:00+00:00","og_image":[{"width":945,"height":629,"url":"https:\/\/folhapopular.info\/wp-content\/uploads\/2025\/09\/15183251_2213093_GDO.jpg","type":"image\/jpeg"}],"author":"Reda\u00e7\u00e3o Folha Popular","twitter_card":"summary_large_image","twitter_misc":{"Escrito por":"Reda\u00e7\u00e3o Folha Popular","Est. tempo de leitura":"2 minutos"},"schema":{"@context":"https:\/\/schema.org","@graph":[{"@type":"Article","@id":"https:\/\/folhapopular.info\/index.php\/2025\/09\/16\/inaugurada-a-primeira-planta-de-biometano-do-rs\/#article","isPartOf":{"@id":"https:\/\/folhapopular.info\/index.php\/2025\/09\/16\/inaugurada-a-primeira-planta-de-biometano-do-rs\/"},"author":{"name":"Reda\u00e7\u00e3o Folha Popular","@id":"https:\/\/folhapopular.info\/#\/schema\/person\/2814e8a0df7643585a9ca38bc6eb9d4b"},"headline":"Inaugurada a primeira planta de biometano do RS","datePublished":"2025-09-16T12:30:00+00:00","mainEntityOfPage":{"@id":"https:\/\/folhapopular.info\/index.php\/2025\/09\/16\/inaugurada-a-primeira-planta-de-biometano-do-rs\/"},"wordCount":275,"commentCount":0,"image":{"@id":"https:\/\/folhapopular.info\/index.php\/2025\/09\/16\/inaugurada-a-primeira-planta-de-biometano-do-rs\/#primaryimage"},"thumbnailUrl":"https:\/\/folhapopular.info\/wp-content\/uploads\/2025\/09\/15183251_2213093_GDO.jpg","keywords":["Biometano","combust\u00edvel","Minas do Le\u00e3o","S\u00e3o Leopoldo","Sustentabilidade"],"articleSection":["Destaques","Economia"],"inLanguage":"pt-BR","potentialAction":[{"@type":"CommentAction","name":"Comment","target":["https:\/\/folhapopular.info\/index.php\/2025\/09\/16\/inaugurada-a-primeira-planta-de-biometano-do-rs\/#respond"]}]},{"@type":"WebPage","@id":"https:\/\/folhapopular.info\/index.php\/2025\/09\/16\/inaugurada-a-primeira-planta-de-biometano-do-rs\/","url":"https:\/\/folhapopular.info\/index.php\/2025\/09\/16\/inaugurada-a-primeira-planta-de-biometano-do-rs\/","name":"Inaugurada a primeira planta de biometano do RS - Folha Popular","isPartOf":{"@id":"https:\/\/folhapopular.info\/#website"},"primaryImageOfPage":{"@id":"https:\/\/folhapopular.info\/index.php\/2025\/09\/16\/inaugurada-a-primeira-planta-de-biometano-do-rs\/#primaryimage"},"image":{"@id":"https:\/\/folhapopular.info\/index.php\/2025\/09\/16\/inaugurada-a-primeira-planta-de-biometano-do-rs\/#primaryimage"},"thumbnailUrl":"https:\/\/folhapopular.info\/wp-content\/uploads\/2025\/09\/15183251_2213093_GDO.jpg","datePublished":"2025-09-16T12:30:00+00:00","author":{"@id":"https:\/\/folhapopular.info\/#\/schema\/person\/2814e8a0df7643585a9ca38bc6eb9d4b"},"breadcrumb":{"@id":"https:\/\/folhapopular.info\/index.php\/2025\/09\/16\/inaugurada-a-primeira-planta-de-biometano-do-rs\/#breadcrumb"},"inLanguage":"pt-BR","potentialAction":[{"@type":"ReadAction","target":["https:\/\/folhapopular.info\/index.php\/2025\/09\/16\/inaugurada-a-primeira-planta-de-biometano-do-rs\/"]}]},{"@type":"ImageObject","inLanguage":"pt-BR","@id":"https:\/\/folhapopular.info\/index.php\/2025\/09\/16\/inaugurada-a-primeira-planta-de-biometano-do-rs\/#primaryimage","url":"https:\/\/folhapopular.info\/wp-content\/uploads\/2025\/09\/15183251_2213093_GDO.jpg","contentUrl":"https:\/\/folhapopular.info\/wp-content\/uploads\/2025\/09\/15183251_2213093_GDO.jpg","width":945,"height":629,"caption":"Cr\u00e9dito: Mauricio Tonetto \/ Secom"},{"@type":"BreadcrumbList","@id":"https:\/\/folhapopular.info\/index.php\/2025\/09\/16\/inaugurada-a-primeira-planta-de-biometano-do-rs\/#breadcrumb","itemListElement":[{"@type":"ListItem","position":1,"name":"In\u00edcio","item":"https:\/\/folhapopular.info\/"},{"@type":"ListItem","position":2,"name":"Inaugurada a primeira planta de biometano do RS"}]},{"@type":"WebSite","@id":"https:\/\/folhapopular.info\/#website","url":"https:\/\/folhapopular.info\/","name":"Folha Popular","description":"Onde voc\u00ea tem vez e voz","potentialAction":[{"@type":"SearchAction","target":{"@type":"EntryPoint","urlTemplate":"https:\/\/folhapopular.info\/?s={search_term_string}"},"query-input":{"@type":"PropertyValueSpecification","valueRequired":true,"valueName":"search_term_string"}}],"inLanguage":"pt-BR"},{"@type":"Person","@id":"https:\/\/folhapopular.info\/#\/schema\/person\/2814e8a0df7643585a9ca38bc6eb9d4b","name":"Reda\u00e7\u00e3o Folha Popular","image":{"@type":"ImageObject","inLanguage":"pt-BR","@id":"https:\/\/folhapopular.info\/wp-content\/uploads\/2026\/04\/Folha-1.webp","url":"https:\/\/folhapopular.info\/wp-content\/uploads\/2026\/04\/Folha-1.webp","contentUrl":"https:\/\/folhapopular.info\/wp-content\/uploads\/2026\/04\/Folha-1.webp","caption":"Reda\u00e7\u00e3o Folha Popular"},"url":"https:\/\/folhapopular.info\/index.php\/author\/redacao\/"}]}},"jetpack_featured_media_url":"https:\/\/folhapopular.info\/wp-content\/uploads\/2025\/09\/15183251_2213093_GDO.jpg","jetpack_sharing_enabled":true,"amp_enabled":true,"_links":{"self":[{"href":"https:\/\/folhapopular.info\/index.php\/wp-json\/wp\/v2\/posts\/194150","targetHints":{"allow":["GET"]}}],"collection":[{"href":"https:\/\/folhapopular.info\/index.php\/wp-json\/wp\/v2\/posts"}],"about":[{"href":"https:\/\/folhapopular.info\/index.php\/wp-json\/wp\/v2\/types\/post"}],"author":[{"embeddable":true,"href":"https:\/\/folhapopular.info\/index.php\/wp-json\/wp\/v2\/users\/8"}],"replies":[{"embeddable":true,"href":"https:\/\/folhapopular.info\/index.php\/wp-json\/wp\/v2\/comments?post=194150"}],"version-history":[{"count":0,"href":"https:\/\/folhapopular.info\/index.php\/wp-json\/wp\/v2\/posts\/194150\/revisions"}],"wp:featuredmedia":[{"embeddable":true,"href":"https:\/\/folhapopular.info\/index.php\/wp-json\/wp\/v2\/media\/194151"}],"wp:attachment":[{"href":"https:\/\/folhapopular.info\/index.php\/wp-json\/wp\/v2\/media?parent=194150"}],"wp:term":[{"taxonomy":"category","embeddable":true,"href":"https:\/\/folhapopular.info\/index.php\/wp-json\/wp\/v2\/categories?post=194150"},{"taxonomy":"post_tag","embeddable":true,"href":"https:\/\/folhapopular.info\/index.php\/wp-json\/wp\/v2\/tags?post=194150"}],"curies":[{"name":"wp","href":"https:\/\/api.w.org\/{rel}","templated":true}]}}