{"id":194362,"date":"2025-09-18T11:27:49","date_gmt":"2025-09-18T14:27:49","guid":{"rendered":"https:\/\/folhapopular.info\/?p=194362"},"modified":"2025-09-18T11:28:06","modified_gmt":"2025-09-18T14:28:06","slug":"identificados-os-dois-homens-encontrados-mortos-em-carro-incendiado-em-vespasiano-correa","status":"publish","type":"post","link":"https:\/\/folhapopular.info\/index.php\/2025\/09\/18\/identificados-os-dois-homens-encontrados-mortos-em-carro-incendiado-em-vespasiano-correa\/","title":{"rendered":"Identificados os dois homens encontrados mortos em carro incendiado em Vespasiano Corr\u00eaa"},"content":{"rendered":"\n<p>Foram identificados os corpos localizados dentro de um <a href=\"https:\/\/folhapopular.info\/index.php\/2025\/09\/18\/dois-homens-sao-encontrados-mortos-em-carro-incendiado-em-vespasiano-correa\/\">ve\u00edculo incendiado na noite de quarta-feira (17\/9), na Linha Rui Barbosa, entre Dois Lajeados e Vespasiano Corr\u00eaa<\/a>. As v\u00edtimas s\u00e3o Patrick da Silva Rosa, de 41 anos, e Mario Pereira, de 59, ambos moradores de Est\u00e2ncia Velha, no Vale do Sinos, mas com v\u00ednculos em Guapor\u00e9.<\/p>\n\n\n\n<p>Segundo a investiga\u00e7\u00e3o, um dos corpos foi encontrado no porta-malas e o outro no banco traseiro do Renault Sandero. O ve\u00edculo foi visto em chamas pouco antes da meia-noite por moradores, que acionaram a Brigada Militar. O Corpo de Bombeiros controlou o inc\u00eandio.<\/p>\n\n\n\n<p>Os dois homens estavam desaparecidos desde a segunda-feira (15\/9), quando viajaram de Est\u00e2ncia Velha em dire\u00e7\u00e3o a Guapor\u00e9, onde Pereira possu\u00eda um im\u00f3vel. Um familiar registrou o desaparecimento.<\/p>\n\n\n\n<p>Pereira, engenheiro eletricista, e Silva Rosa, que atuava como seu auxiliar, tinham antecedentes criminais. A Pol\u00edcia Civil de Guapor\u00e9 conduz as investiga\u00e7\u00f5es para apurar as circunst\u00e2ncias e a motiva\u00e7\u00e3o do crime, que ainda s\u00e3o desconhecidas.<\/p>\n","protected":false},"excerpt":{"rendered":"<p>Foram identificados os corpos localizados dentro de um ve\u00edculo incendiado na noite de quarta-feira (17\/9), na Linha Rui Barbosa, entre Dois Lajeados e Vespasiano Corr\u00eaa. As v\u00edtimas s\u00e3o Patrick da Silva Rosa, de 41 anos, e Mario Pereira, de 59, ambos moradores de Est\u00e2ncia Velha, no Vale do Sinos, mas com v\u00ednculos em Guapor\u00e9. Segundo [&hellip;]<\/p>\n","protected":false},"author":8,"featured_media":194336,"comment_status":"open","ping_status":"open","sticky":false,"template":"","format":"standard","meta":{"pmpro_default_level":"","_jetpack_memberships_contains_paid_content":false,"footnotes":""},"categories":[10982,7],"tags":[19512,7966],"class_list":{"0":"post-194362","1":"post","2":"type-post","3":"status-publish","4":"format-standard","5":"has-post-thumbnail","7":"category-policia","8":"category-seguranca","9":"tag-veiculo-incendiado","10":"tag-vitimas","11":"pmpro-has-access"},"yoast_head":"<!-- This site is optimized with the Yoast SEO plugin v27.5 - https:\/\/yoast.com\/product\/yoast-seo-wordpress\/ -->\n<title>Identificados os dois homens encontrados mortos em carro incendiado em Vespasiano Corr\u00eaa - Folha Popular<\/title>\n<meta name=\"robots\" content=\"index, follow, max-snippet:-1, max-image-preview:large, max-video-preview:-1\" \/>\n<link rel=\"canonical\" href=\"https:\/\/folhapopular.info\/index.php\/2025\/09\/18\/identificados-os-dois-homens-encontrados-mortos-em-carro-incendiado-em-vespasiano-correa\/\" \/>\n<meta property=\"og:locale\" content=\"pt_BR\" \/>\n<meta property=\"og:type\" content=\"article\" \/>\n<meta property=\"og:title\" content=\"Identificados os dois homens encontrados mortos em carro incendiado em Vespasiano Corr\u00eaa - Folha Popular\" \/>\n<meta property=\"og:description\" content=\"Foram identificados os corpos localizados dentro de um ve\u00edculo incendiado na noite de quarta-feira (17\/9), na Linha Rui Barbosa, entre Dois Lajeados e Vespasiano Corr\u00eaa. As v\u00edtimas s\u00e3o Patrick da Silva Rosa, de 41 anos, e Mario Pereira, de 59, ambos moradores de Est\u00e2ncia Velha, no Vale do Sinos, mas com v\u00ednculos em Guapor\u00e9. Segundo [&hellip;]\" \/>\n<meta property=\"og:url\" content=\"https:\/\/folhapopular.info\/index.php\/2025\/09\/18\/identificados-os-dois-homens-encontrados-mortos-em-carro-incendiado-em-vespasiano-correa\/\" \/>\n<meta property=\"og:site_name\" content=\"Folha Popular\" \/>\n<meta property=\"article:published_time\" content=\"2025-09-18T14:27:49+00:00\" \/>\n<meta property=\"article:modified_time\" content=\"2025-09-18T14:28:06+00:00\" \/>\n<meta property=\"og:image\" content=\"http:\/\/folhapopular.info\/wp-content\/uploads\/2025\/09\/whatsapp-image-20250918-at-06-1758189479.jpeg\" \/>\n\t<meta property=\"og:image:width\" content=\"1200\" \/>\n\t<meta property=\"og:image:height\" content=\"1600\" \/>\n\t<meta property=\"og:image:type\" content=\"image\/jpeg\" \/>\n<meta name=\"author\" content=\"Reda\u00e7\u00e3o Folha Popular\" \/>\n<meta name=\"twitter:card\" content=\"summary_large_image\" \/>\n<meta name=\"twitter:label1\" content=\"Escrito por\" \/>\n\t<meta name=\"twitter:data1\" content=\"Reda\u00e7\u00e3o Folha Popular\" \/>\n\t<meta name=\"twitter:label2\" content=\"Est. tempo de leitura\" \/>\n\t<meta name=\"twitter:data2\" content=\"2 minutos\" \/>\n<script type=\"application\/ld+json\" class=\"yoast-schema-graph\">{\"@context\":\"https:\\\/\\\/schema.org\",\"@graph\":[{\"@type\":\"Article\",\"@id\":\"https:\\\/\\\/folhapopular.info\\\/index.php\\\/2025\\\/09\\\/18\\\/identificados-os-dois-homens-encontrados-mortos-em-carro-incendiado-em-vespasiano-correa\\\/#article\",\"isPartOf\":{\"@id\":\"https:\\\/\\\/folhapopular.info\\\/index.php\\\/2025\\\/09\\\/18\\\/identificados-os-dois-homens-encontrados-mortos-em-carro-incendiado-em-vespasiano-correa\\\/\"},\"author\":{\"name\":\"Reda\u00e7\u00e3o Folha Popular\",\"@id\":\"https:\\\/\\\/folhapopular.info\\\/#\\\/schema\\\/person\\\/2814e8a0df7643585a9ca38bc6eb9d4b\"},\"headline\":\"Identificados os dois homens encontrados mortos em carro incendiado em Vespasiano Corr\u00eaa\",\"datePublished\":\"2025-09-18T14:27:49+00:00\",\"dateModified\":\"2025-09-18T14:28:06+00:00\",\"mainEntityOfPage\":{\"@id\":\"https:\\\/\\\/folhapopular.info\\\/index.php\\\/2025\\\/09\\\/18\\\/identificados-os-dois-homens-encontrados-mortos-em-carro-incendiado-em-vespasiano-correa\\\/\"},\"wordCount\":187,\"commentCount\":0,\"image\":{\"@id\":\"https:\\\/\\\/folhapopular.info\\\/index.php\\\/2025\\\/09\\\/18\\\/identificados-os-dois-homens-encontrados-mortos-em-carro-incendiado-em-vespasiano-correa\\\/#primaryimage\"},\"thumbnailUrl\":\"https:\\\/\\\/folhapopular.info\\\/wp-content\\\/uploads\\\/2025\\\/09\\\/whatsapp-image-20250918-at-06-1758189479.jpeg\",\"keywords\":[\"ve\u00edculo incendiado\",\"V\u00edtimas\"],\"articleSection\":[\"Pol\u00edcia\",\"Seguran\u00e7a\"],\"inLanguage\":\"pt-BR\",\"potentialAction\":[{\"@type\":\"CommentAction\",\"name\":\"Comment\",\"target\":[\"https:\\\/\\\/folhapopular.info\\\/index.php\\\/2025\\\/09\\\/18\\\/identificados-os-dois-homens-encontrados-mortos-em-carro-incendiado-em-vespasiano-correa\\\/#respond\"]}]},{\"@type\":\"WebPage\",\"@id\":\"https:\\\/\\\/folhapopular.info\\\/index.php\\\/2025\\\/09\\\/18\\\/identificados-os-dois-homens-encontrados-mortos-em-carro-incendiado-em-vespasiano-correa\\\/\",\"url\":\"https:\\\/\\\/folhapopular.info\\\/index.php\\\/2025\\\/09\\\/18\\\/identificados-os-dois-homens-encontrados-mortos-em-carro-incendiado-em-vespasiano-correa\\\/\",\"name\":\"Identificados os dois homens encontrados mortos em carro incendiado em Vespasiano Corr\u00eaa - Folha Popular\",\"isPartOf\":{\"@id\":\"https:\\\/\\\/folhapopular.info\\\/#website\"},\"primaryImageOfPage\":{\"@id\":\"https:\\\/\\\/folhapopular.info\\\/index.php\\\/2025\\\/09\\\/18\\\/identificados-os-dois-homens-encontrados-mortos-em-carro-incendiado-em-vespasiano-correa\\\/#primaryimage\"},\"image\":{\"@id\":\"https:\\\/\\\/folhapopular.info\\\/index.php\\\/2025\\\/09\\\/18\\\/identificados-os-dois-homens-encontrados-mortos-em-carro-incendiado-em-vespasiano-correa\\\/#primaryimage\"},\"thumbnailUrl\":\"https:\\\/\\\/folhapopular.info\\\/wp-content\\\/uploads\\\/2025\\\/09\\\/whatsapp-image-20250918-at-06-1758189479.jpeg\",\"datePublished\":\"2025-09-18T14:27:49+00:00\",\"dateModified\":\"2025-09-18T14:28:06+00:00\",\"author\":{\"@id\":\"https:\\\/\\\/folhapopular.info\\\/#\\\/schema\\\/person\\\/2814e8a0df7643585a9ca38bc6eb9d4b\"},\"breadcrumb\":{\"@id\":\"https:\\\/\\\/folhapopular.info\\\/index.php\\\/2025\\\/09\\\/18\\\/identificados-os-dois-homens-encontrados-mortos-em-carro-incendiado-em-vespasiano-correa\\\/#breadcrumb\"},\"inLanguage\":\"pt-BR\",\"potentialAction\":[{\"@type\":\"ReadAction\",\"target\":[\"https:\\\/\\\/folhapopular.info\\\/index.php\\\/2025\\\/09\\\/18\\\/identificados-os-dois-homens-encontrados-mortos-em-carro-incendiado-em-vespasiano-correa\\\/\"]}]},{\"@type\":\"ImageObject\",\"inLanguage\":\"pt-BR\",\"@id\":\"https:\\\/\\\/folhapopular.info\\\/index.php\\\/2025\\\/09\\\/18\\\/identificados-os-dois-homens-encontrados-mortos-em-carro-incendiado-em-vespasiano-correa\\\/#primaryimage\",\"url\":\"https:\\\/\\\/folhapopular.info\\\/wp-content\\\/uploads\\\/2025\\\/09\\\/whatsapp-image-20250918-at-06-1758189479.jpeg\",\"contentUrl\":\"https:\\\/\\\/folhapopular.info\\\/wp-content\\\/uploads\\\/2025\\\/09\\\/whatsapp-image-20250918-at-06-1758189479.jpeg\",\"width\":1200,\"height\":1600},{\"@type\":\"BreadcrumbList\",\"@id\":\"https:\\\/\\\/folhapopular.info\\\/index.php\\\/2025\\\/09\\\/18\\\/identificados-os-dois-homens-encontrados-mortos-em-carro-incendiado-em-vespasiano-correa\\\/#breadcrumb\",\"itemListElement\":[{\"@type\":\"ListItem\",\"position\":1,\"name\":\"In\u00edcio\",\"item\":\"https:\\\/\\\/folhapopular.info\\\/\"},{\"@type\":\"ListItem\",\"position\":2,\"name\":\"Identificados os dois homens encontrados mortos em carro incendiado em Vespasiano Corr\u00eaa\"}]},{\"@type\":\"WebSite\",\"@id\":\"https:\\\/\\\/folhapopular.info\\\/#website\",\"url\":\"https:\\\/\\\/folhapopular.info\\\/\",\"name\":\"Folha Popular\",\"description\":\"Onde voc\u00ea tem vez e voz\",\"potentialAction\":[{\"@type\":\"SearchAction\",\"target\":{\"@type\":\"EntryPoint\",\"urlTemplate\":\"https:\\\/\\\/folhapopular.info\\\/?s={search_term_string}\"},\"query-input\":{\"@type\":\"PropertyValueSpecification\",\"valueRequired\":true,\"valueName\":\"search_term_string\"}}],\"inLanguage\":\"pt-BR\"},{\"@type\":\"Person\",\"@id\":\"https:\\\/\\\/folhapopular.info\\\/#\\\/schema\\\/person\\\/2814e8a0df7643585a9ca38bc6eb9d4b\",\"name\":\"Reda\u00e7\u00e3o Folha Popular\",\"image\":{\"@type\":\"ImageObject\",\"inLanguage\":\"pt-BR\",\"@id\":\"https:\\\/\\\/folhapopular.info\\\/wp-content\\\/uploads\\\/2026\\\/04\\\/Folha-1.webp\",\"url\":\"https:\\\/\\\/folhapopular.info\\\/wp-content\\\/uploads\\\/2026\\\/04\\\/Folha-1.webp\",\"contentUrl\":\"https:\\\/\\\/folhapopular.info\\\/wp-content\\\/uploads\\\/2026\\\/04\\\/Folha-1.webp\",\"caption\":\"Reda\u00e7\u00e3o Folha Popular\"},\"url\":\"https:\\\/\\\/folhapopular.info\\\/index.php\\\/author\\\/redacao\\\/\"}]}<\/script>\n<!-- \/ Yoast SEO plugin. -->","yoast_head_json":{"title":"Identificados os dois homens encontrados mortos em carro incendiado em Vespasiano Corr\u00eaa - Folha Popular","robots":{"index":"index","follow":"follow","max-snippet":"max-snippet:-1","max-image-preview":"max-image-preview:large","max-video-preview":"max-video-preview:-1"},"canonical":"https:\/\/folhapopular.info\/index.php\/2025\/09\/18\/identificados-os-dois-homens-encontrados-mortos-em-carro-incendiado-em-vespasiano-correa\/","og_locale":"pt_BR","og_type":"article","og_title":"Identificados os dois homens encontrados mortos em carro incendiado em Vespasiano Corr\u00eaa - Folha Popular","og_description":"Foram identificados os corpos localizados dentro de um ve\u00edculo incendiado na noite de quarta-feira (17\/9), na Linha Rui Barbosa, entre Dois Lajeados e Vespasiano Corr\u00eaa. As v\u00edtimas s\u00e3o Patrick da Silva Rosa, de 41 anos, e Mario Pereira, de 59, ambos moradores de Est\u00e2ncia Velha, no Vale do Sinos, mas com v\u00ednculos em Guapor\u00e9. Segundo [&hellip;]","og_url":"https:\/\/folhapopular.info\/index.php\/2025\/09\/18\/identificados-os-dois-homens-encontrados-mortos-em-carro-incendiado-em-vespasiano-correa\/","og_site_name":"Folha Popular","article_published_time":"2025-09-18T14:27:49+00:00","article_modified_time":"2025-09-18T14:28:06+00:00","og_image":[{"width":1200,"height":1600,"url":"http:\/\/folhapopular.info\/wp-content\/uploads\/2025\/09\/whatsapp-image-20250918-at-06-1758189479.jpeg","type":"image\/jpeg"}],"author":"Reda\u00e7\u00e3o Folha Popular","twitter_card":"summary_large_image","twitter_misc":{"Escrito por":"Reda\u00e7\u00e3o Folha Popular","Est. tempo de leitura":"2 minutos"},"schema":{"@context":"https:\/\/schema.org","@graph":[{"@type":"Article","@id":"https:\/\/folhapopular.info\/index.php\/2025\/09\/18\/identificados-os-dois-homens-encontrados-mortos-em-carro-incendiado-em-vespasiano-correa\/#article","isPartOf":{"@id":"https:\/\/folhapopular.info\/index.php\/2025\/09\/18\/identificados-os-dois-homens-encontrados-mortos-em-carro-incendiado-em-vespasiano-correa\/"},"author":{"name":"Reda\u00e7\u00e3o Folha Popular","@id":"https:\/\/folhapopular.info\/#\/schema\/person\/2814e8a0df7643585a9ca38bc6eb9d4b"},"headline":"Identificados os dois homens encontrados mortos em carro incendiado em Vespasiano Corr\u00eaa","datePublished":"2025-09-18T14:27:49+00:00","dateModified":"2025-09-18T14:28:06+00:00","mainEntityOfPage":{"@id":"https:\/\/folhapopular.info\/index.php\/2025\/09\/18\/identificados-os-dois-homens-encontrados-mortos-em-carro-incendiado-em-vespasiano-correa\/"},"wordCount":187,"commentCount":0,"image":{"@id":"https:\/\/folhapopular.info\/index.php\/2025\/09\/18\/identificados-os-dois-homens-encontrados-mortos-em-carro-incendiado-em-vespasiano-correa\/#primaryimage"},"thumbnailUrl":"https:\/\/folhapopular.info\/wp-content\/uploads\/2025\/09\/whatsapp-image-20250918-at-06-1758189479.jpeg","keywords":["ve\u00edculo incendiado","V\u00edtimas"],"articleSection":["Pol\u00edcia","Seguran\u00e7a"],"inLanguage":"pt-BR","potentialAction":[{"@type":"CommentAction","name":"Comment","target":["https:\/\/folhapopular.info\/index.php\/2025\/09\/18\/identificados-os-dois-homens-encontrados-mortos-em-carro-incendiado-em-vespasiano-correa\/#respond"]}]},{"@type":"WebPage","@id":"https:\/\/folhapopular.info\/index.php\/2025\/09\/18\/identificados-os-dois-homens-encontrados-mortos-em-carro-incendiado-em-vespasiano-correa\/","url":"https:\/\/folhapopular.info\/index.php\/2025\/09\/18\/identificados-os-dois-homens-encontrados-mortos-em-carro-incendiado-em-vespasiano-correa\/","name":"Identificados os dois homens encontrados mortos em carro incendiado em Vespasiano Corr\u00eaa - Folha Popular","isPartOf":{"@id":"https:\/\/folhapopular.info\/#website"},"primaryImageOfPage":{"@id":"https:\/\/folhapopular.info\/index.php\/2025\/09\/18\/identificados-os-dois-homens-encontrados-mortos-em-carro-incendiado-em-vespasiano-correa\/#primaryimage"},"image":{"@id":"https:\/\/folhapopular.info\/index.php\/2025\/09\/18\/identificados-os-dois-homens-encontrados-mortos-em-carro-incendiado-em-vespasiano-correa\/#primaryimage"},"thumbnailUrl":"https:\/\/folhapopular.info\/wp-content\/uploads\/2025\/09\/whatsapp-image-20250918-at-06-1758189479.jpeg","datePublished":"2025-09-18T14:27:49+00:00","dateModified":"2025-09-18T14:28:06+00:00","author":{"@id":"https:\/\/folhapopular.info\/#\/schema\/person\/2814e8a0df7643585a9ca38bc6eb9d4b"},"breadcrumb":{"@id":"https:\/\/folhapopular.info\/index.php\/2025\/09\/18\/identificados-os-dois-homens-encontrados-mortos-em-carro-incendiado-em-vespasiano-correa\/#breadcrumb"},"inLanguage":"pt-BR","potentialAction":[{"@type":"ReadAction","target":["https:\/\/folhapopular.info\/index.php\/2025\/09\/18\/identificados-os-dois-homens-encontrados-mortos-em-carro-incendiado-em-vespasiano-correa\/"]}]},{"@type":"ImageObject","inLanguage":"pt-BR","@id":"https:\/\/folhapopular.info\/index.php\/2025\/09\/18\/identificados-os-dois-homens-encontrados-mortos-em-carro-incendiado-em-vespasiano-correa\/#primaryimage","url":"https:\/\/folhapopular.info\/wp-content\/uploads\/2025\/09\/whatsapp-image-20250918-at-06-1758189479.jpeg","contentUrl":"https:\/\/folhapopular.info\/wp-content\/uploads\/2025\/09\/whatsapp-image-20250918-at-06-1758189479.jpeg","width":1200,"height":1600},{"@type":"BreadcrumbList","@id":"https:\/\/folhapopular.info\/index.php\/2025\/09\/18\/identificados-os-dois-homens-encontrados-mortos-em-carro-incendiado-em-vespasiano-correa\/#breadcrumb","itemListElement":[{"@type":"ListItem","position":1,"name":"In\u00edcio","item":"https:\/\/folhapopular.info\/"},{"@type":"ListItem","position":2,"name":"Identificados os dois homens encontrados mortos em carro incendiado em Vespasiano Corr\u00eaa"}]},{"@type":"WebSite","@id":"https:\/\/folhapopular.info\/#website","url":"https:\/\/folhapopular.info\/","name":"Folha Popular","description":"Onde voc\u00ea tem vez e voz","potentialAction":[{"@type":"SearchAction","target":{"@type":"EntryPoint","urlTemplate":"https:\/\/folhapopular.info\/?s={search_term_string}"},"query-input":{"@type":"PropertyValueSpecification","valueRequired":true,"valueName":"search_term_string"}}],"inLanguage":"pt-BR"},{"@type":"Person","@id":"https:\/\/folhapopular.info\/#\/schema\/person\/2814e8a0df7643585a9ca38bc6eb9d4b","name":"Reda\u00e7\u00e3o Folha Popular","image":{"@type":"ImageObject","inLanguage":"pt-BR","@id":"https:\/\/folhapopular.info\/wp-content\/uploads\/2026\/04\/Folha-1.webp","url":"https:\/\/folhapopular.info\/wp-content\/uploads\/2026\/04\/Folha-1.webp","contentUrl":"https:\/\/folhapopular.info\/wp-content\/uploads\/2026\/04\/Folha-1.webp","caption":"Reda\u00e7\u00e3o Folha Popular"},"url":"https:\/\/folhapopular.info\/index.php\/author\/redacao\/"}]}},"jetpack_featured_media_url":"https:\/\/folhapopular.info\/wp-content\/uploads\/2025\/09\/whatsapp-image-20250918-at-06-1758189479.jpeg","jetpack_sharing_enabled":true,"amp_enabled":true,"_links":{"self":[{"href":"https:\/\/folhapopular.info\/index.php\/wp-json\/wp\/v2\/posts\/194362","targetHints":{"allow":["GET"]}}],"collection":[{"href":"https:\/\/folhapopular.info\/index.php\/wp-json\/wp\/v2\/posts"}],"about":[{"href":"https:\/\/folhapopular.info\/index.php\/wp-json\/wp\/v2\/types\/post"}],"author":[{"embeddable":true,"href":"https:\/\/folhapopular.info\/index.php\/wp-json\/wp\/v2\/users\/8"}],"replies":[{"embeddable":true,"href":"https:\/\/folhapopular.info\/index.php\/wp-json\/wp\/v2\/comments?post=194362"}],"version-history":[{"count":0,"href":"https:\/\/folhapopular.info\/index.php\/wp-json\/wp\/v2\/posts\/194362\/revisions"}],"wp:featuredmedia":[{"embeddable":true,"href":"https:\/\/folhapopular.info\/index.php\/wp-json\/wp\/v2\/media\/194336"}],"wp:attachment":[{"href":"https:\/\/folhapopular.info\/index.php\/wp-json\/wp\/v2\/media?parent=194362"}],"wp:term":[{"taxonomy":"category","embeddable":true,"href":"https:\/\/folhapopular.info\/index.php\/wp-json\/wp\/v2\/categories?post=194362"},{"taxonomy":"post_tag","embeddable":true,"href":"https:\/\/folhapopular.info\/index.php\/wp-json\/wp\/v2\/tags?post=194362"}],"curies":[{"name":"wp","href":"https:\/\/api.w.org\/{rel}","templated":true}]}}