{"id":194408,"date":"2025-09-19T10:00:00","date_gmt":"2025-09-19T13:00:00","guid":{"rendered":"https:\/\/folhapopular.info\/?p=194408"},"modified":"2025-09-19T08:54:46","modified_gmt":"2025-09-19T11:54:46","slug":"imigrante-sedia-encontro-cultural-do-grupo-de-dancas-nova-vida-com-mais-de-400-dancarinos","status":"publish","type":"post","link":"https:\/\/folhapopular.info\/index.php\/2025\/09\/19\/imigrante-sedia-encontro-cultural-do-grupo-de-dancas-nova-vida-com-mais-de-400-dancarinos\/","title":{"rendered":"Imigrante sedia Encontro Cultural do Grupo de Dan\u00e7as Nova Vida com mais de 400 dan\u00e7arinos"},"content":{"rendered":"\n<p>O munic\u00edpio de Imigrante foi palco de mais uma edi\u00e7\u00e3o do tradicional Encontro do Grupo de Dan\u00e7as Nova Vida, no Centro Comunit\u00e1rio de Arroio da Seca no s\u00e1bado (13\/9). O evento bienal reuniu 24 grupos de dan\u00e7a, entre eles dois vindos de Blumenau (SC), totalizando cerca de 400 dan\u00e7arinos.<\/p>\n\n\n\n<p>A programa\u00e7\u00e3o teve in\u00edcio pela manh\u00e3 com as apresenta\u00e7\u00f5es dos grupos, seguidas de um almo\u00e7o de confraterniza\u00e7\u00e3o que promoveu a integra\u00e7\u00e3o entre os participantes. Durante a tarde, a anima\u00e7\u00e3o ficou por conta de uma reuni\u00e3o dan\u00e7ante, que encerrou o encontro em clima de alegria e celebra\u00e7\u00e3o.<\/p>\n\n\n\n<p>Presidido por Mirian Graff e com coordena\u00e7\u00e3o da instrutora Elisa Magedanz, o Grupo de Dan\u00e7as Nova Vida \u00e9 o anfitri\u00e3o do evento e desenvolve um trabalho cont\u00ednuo de preserva\u00e7\u00e3o da cultura por meio da dan\u00e7a. Os ensaios s\u00e3o realizados semanalmente e o grupo segue aberto \u00e0 participa\u00e7\u00e3o de novos integrantes.<\/p>\n\n\n\n<p>O secret\u00e1rio municipal de Cultura, Desporto e Turismo, Charles Porsche, acompanhou o evento, parabenizou os organizadores pela qualidade das apresenta\u00e7\u00f5es e aproveitou a ocasi\u00e3o para anunciar um importante incentivo ao grupo: um repasse de R$ 61,7 mil, que ser\u00e1 destinado \u00e0 aquisi\u00e7\u00e3o de novos trajes e ao apoio log\u00edstico para deslocamentos em futuras apresenta\u00e7\u00f5es fora do munic\u00edpio.<\/p>\n\n\n\n<figure class=\"wp-block-image size-large\"><img loading=\"lazy\" decoding=\"async\" width=\"1024\" height=\"683\" src=\"https:\/\/folhapopular.info\/wp-content\/uploads\/2025\/09\/WhatsApp-Image-2025-09-16-at-12.27.47-1024x683.jpeg\" alt=\"\" class=\"wp-image-194410\" srcset=\"https:\/\/folhapopular.info\/wp-content\/uploads\/2025\/09\/WhatsApp-Image-2025-09-16-at-12.27.47-1024x683.jpeg 1024w, https:\/\/folhapopular.info\/wp-content\/uploads\/2025\/09\/WhatsApp-Image-2025-09-16-at-12.27.47-300x200.jpeg 300w, https:\/\/folhapopular.info\/wp-content\/uploads\/2025\/09\/WhatsApp-Image-2025-09-16-at-12.27.47-768x512.jpeg 768w, https:\/\/folhapopular.info\/wp-content\/uploads\/2025\/09\/WhatsApp-Image-2025-09-16-at-12.27.47-1536x1024.jpeg 1536w, https:\/\/folhapopular.info\/wp-content\/uploads\/2025\/09\/WhatsApp-Image-2025-09-16-at-12.27.47-630x420.jpeg 630w, https:\/\/folhapopular.info\/wp-content\/uploads\/2025\/09\/WhatsApp-Image-2025-09-16-at-12.27.47-696x464.jpeg 696w, https:\/\/folhapopular.info\/wp-content\/uploads\/2025\/09\/WhatsApp-Image-2025-09-16-at-12.27.47-1068x712.jpeg 1068w, https:\/\/folhapopular.info\/wp-content\/uploads\/2025\/09\/WhatsApp-Image-2025-09-16-at-12.27.47.jpeg 1600w\" sizes=\"auto, (max-width: 1024px) 100vw, 1024px\" \/><figcaption class=\"wp-element-caption\"><em>Cr\u00e9dito: Cris Thom\u00e9 \/ Prefeitura de Imigrante<\/em><\/figcaption><\/figure>\n","protected":false},"excerpt":{"rendered":"<p>O munic\u00edpio de Imigrante foi palco de mais uma edi\u00e7\u00e3o do tradicional Encontro do Grupo de Dan\u00e7as Nova Vida, no Centro Comunit\u00e1rio de Arroio da Seca no s\u00e1bado (13\/9). O evento bienal reuniu 24 grupos de dan\u00e7a, entre eles dois vindos de Blumenau (SC), totalizando cerca de 400 dan\u00e7arinos. A programa\u00e7\u00e3o teve in\u00edcio pela manh\u00e3 [&hellip;]<\/p>\n","protected":false},"author":8,"featured_media":194409,"comment_status":"open","ping_status":"open","sticky":false,"template":"","format":"standard","meta":{"pmpro_default_level":"","_jetpack_memberships_contains_paid_content":false,"footnotes":""},"categories":[2,6],"tags":[19520,19521,34,19519],"class_list":{"0":"post-194408","1":"post","2":"type-post","3":"status-publish","4":"format-standard","5":"has-post-thumbnail","7":"category-featured","8":"category-inclusive","9":"tag-encontro-cultural","10":"tag-grupo-de-dancas-nova-vida","11":"tag-imigrante","12":"tag-nova-vida","13":"pmpro-has-access"},"yoast_head":"<!-- This site is optimized with the Yoast SEO plugin v27.5 - https:\/\/yoast.com\/product\/yoast-seo-wordpress\/ -->\n<title>Imigrante sedia Encontro Cultural do Grupo de Dan\u00e7as Nova Vida com mais de 400 dan\u00e7arinos - Folha Popular<\/title>\n<meta name=\"robots\" content=\"index, follow, max-snippet:-1, max-image-preview:large, max-video-preview:-1\" \/>\n<link rel=\"canonical\" href=\"https:\/\/folhapopular.info\/index.php\/2025\/09\/19\/imigrante-sedia-encontro-cultural-do-grupo-de-dancas-nova-vida-com-mais-de-400-dancarinos\/\" \/>\n<meta property=\"og:locale\" content=\"pt_BR\" \/>\n<meta property=\"og:type\" content=\"article\" \/>\n<meta property=\"og:title\" content=\"Imigrante sedia Encontro Cultural do Grupo de Dan\u00e7as Nova Vida com mais de 400 dan\u00e7arinos - Folha Popular\" \/>\n<meta property=\"og:description\" content=\"O munic\u00edpio de Imigrante foi palco de mais uma edi\u00e7\u00e3o do tradicional Encontro do Grupo de Dan\u00e7as Nova Vida, no Centro Comunit\u00e1rio de Arroio da Seca no s\u00e1bado (13\/9). O evento bienal reuniu 24 grupos de dan\u00e7a, entre eles dois vindos de Blumenau (SC), totalizando cerca de 400 dan\u00e7arinos. A programa\u00e7\u00e3o teve in\u00edcio pela manh\u00e3 [&hellip;]\" \/>\n<meta property=\"og:url\" content=\"https:\/\/folhapopular.info\/index.php\/2025\/09\/19\/imigrante-sedia-encontro-cultural-do-grupo-de-dancas-nova-vida-com-mais-de-400-dancarinos\/\" \/>\n<meta property=\"og:site_name\" content=\"Folha Popular\" \/>\n<meta property=\"article:published_time\" content=\"2025-09-19T13:00:00+00:00\" \/>\n<meta property=\"og:image\" content=\"https:\/\/folhapopular.info\/wp-content\/uploads\/2025\/09\/WhatsApp-Image-2025-09-16-at-12.27.49.jpeg\" \/>\n\t<meta property=\"og:image:width\" content=\"1600\" \/>\n\t<meta property=\"og:image:height\" content=\"1067\" \/>\n\t<meta property=\"og:image:type\" content=\"image\/jpeg\" \/>\n<meta name=\"author\" content=\"Reda\u00e7\u00e3o Folha Popular\" \/>\n<meta name=\"twitter:card\" content=\"summary_large_image\" \/>\n<meta name=\"twitter:label1\" content=\"Escrito por\" \/>\n\t<meta name=\"twitter:data1\" content=\"Reda\u00e7\u00e3o Folha Popular\" \/>\n\t<meta name=\"twitter:label2\" content=\"Est. tempo de leitura\" \/>\n\t<meta name=\"twitter:data2\" content=\"2 minutos\" \/>\n<script type=\"application\/ld+json\" class=\"yoast-schema-graph\">{\"@context\":\"https:\\\/\\\/schema.org\",\"@graph\":[{\"@type\":\"Article\",\"@id\":\"https:\\\/\\\/folhapopular.info\\\/index.php\\\/2025\\\/09\\\/19\\\/imigrante-sedia-encontro-cultural-do-grupo-de-dancas-nova-vida-com-mais-de-400-dancarinos\\\/#article\",\"isPartOf\":{\"@id\":\"https:\\\/\\\/folhapopular.info\\\/index.php\\\/2025\\\/09\\\/19\\\/imigrante-sedia-encontro-cultural-do-grupo-de-dancas-nova-vida-com-mais-de-400-dancarinos\\\/\"},\"author\":{\"name\":\"Reda\u00e7\u00e3o Folha Popular\",\"@id\":\"https:\\\/\\\/folhapopular.info\\\/#\\\/schema\\\/person\\\/2814e8a0df7643585a9ca38bc6eb9d4b\"},\"headline\":\"Imigrante sedia Encontro Cultural do Grupo de Dan\u00e7as Nova Vida com mais de 400 dan\u00e7arinos\",\"datePublished\":\"2025-09-19T13:00:00+00:00\",\"mainEntityOfPage\":{\"@id\":\"https:\\\/\\\/folhapopular.info\\\/index.php\\\/2025\\\/09\\\/19\\\/imigrante-sedia-encontro-cultural-do-grupo-de-dancas-nova-vida-com-mais-de-400-dancarinos\\\/\"},\"wordCount\":250,\"commentCount\":0,\"image\":{\"@id\":\"https:\\\/\\\/folhapopular.info\\\/index.php\\\/2025\\\/09\\\/19\\\/imigrante-sedia-encontro-cultural-do-grupo-de-dancas-nova-vida-com-mais-de-400-dancarinos\\\/#primaryimage\"},\"thumbnailUrl\":\"https:\\\/\\\/folhapopular.info\\\/wp-content\\\/uploads\\\/2025\\\/09\\\/WhatsApp-Image-2025-09-16-at-12.27.49.jpeg\",\"keywords\":[\"Encontro Cultural\",\"Grupo de Dan\u00e7as Nova Vida\",\"Imigrante\",\"Nova Vida\"],\"articleSection\":[\"Destaques\",\"Inclusive\"],\"inLanguage\":\"pt-BR\",\"potentialAction\":[{\"@type\":\"CommentAction\",\"name\":\"Comment\",\"target\":[\"https:\\\/\\\/folhapopular.info\\\/index.php\\\/2025\\\/09\\\/19\\\/imigrante-sedia-encontro-cultural-do-grupo-de-dancas-nova-vida-com-mais-de-400-dancarinos\\\/#respond\"]}]},{\"@type\":\"WebPage\",\"@id\":\"https:\\\/\\\/folhapopular.info\\\/index.php\\\/2025\\\/09\\\/19\\\/imigrante-sedia-encontro-cultural-do-grupo-de-dancas-nova-vida-com-mais-de-400-dancarinos\\\/\",\"url\":\"https:\\\/\\\/folhapopular.info\\\/index.php\\\/2025\\\/09\\\/19\\\/imigrante-sedia-encontro-cultural-do-grupo-de-dancas-nova-vida-com-mais-de-400-dancarinos\\\/\",\"name\":\"Imigrante sedia Encontro Cultural do Grupo de Dan\u00e7as Nova Vida com mais de 400 dan\u00e7arinos - Folha Popular\",\"isPartOf\":{\"@id\":\"https:\\\/\\\/folhapopular.info\\\/#website\"},\"primaryImageOfPage\":{\"@id\":\"https:\\\/\\\/folhapopular.info\\\/index.php\\\/2025\\\/09\\\/19\\\/imigrante-sedia-encontro-cultural-do-grupo-de-dancas-nova-vida-com-mais-de-400-dancarinos\\\/#primaryimage\"},\"image\":{\"@id\":\"https:\\\/\\\/folhapopular.info\\\/index.php\\\/2025\\\/09\\\/19\\\/imigrante-sedia-encontro-cultural-do-grupo-de-dancas-nova-vida-com-mais-de-400-dancarinos\\\/#primaryimage\"},\"thumbnailUrl\":\"https:\\\/\\\/folhapopular.info\\\/wp-content\\\/uploads\\\/2025\\\/09\\\/WhatsApp-Image-2025-09-16-at-12.27.49.jpeg\",\"datePublished\":\"2025-09-19T13:00:00+00:00\",\"author\":{\"@id\":\"https:\\\/\\\/folhapopular.info\\\/#\\\/schema\\\/person\\\/2814e8a0df7643585a9ca38bc6eb9d4b\"},\"breadcrumb\":{\"@id\":\"https:\\\/\\\/folhapopular.info\\\/index.php\\\/2025\\\/09\\\/19\\\/imigrante-sedia-encontro-cultural-do-grupo-de-dancas-nova-vida-com-mais-de-400-dancarinos\\\/#breadcrumb\"},\"inLanguage\":\"pt-BR\",\"potentialAction\":[{\"@type\":\"ReadAction\",\"target\":[\"https:\\\/\\\/folhapopular.info\\\/index.php\\\/2025\\\/09\\\/19\\\/imigrante-sedia-encontro-cultural-do-grupo-de-dancas-nova-vida-com-mais-de-400-dancarinos\\\/\"]}]},{\"@type\":\"ImageObject\",\"inLanguage\":\"pt-BR\",\"@id\":\"https:\\\/\\\/folhapopular.info\\\/index.php\\\/2025\\\/09\\\/19\\\/imigrante-sedia-encontro-cultural-do-grupo-de-dancas-nova-vida-com-mais-de-400-dancarinos\\\/#primaryimage\",\"url\":\"https:\\\/\\\/folhapopular.info\\\/wp-content\\\/uploads\\\/2025\\\/09\\\/WhatsApp-Image-2025-09-16-at-12.27.49.jpeg\",\"contentUrl\":\"https:\\\/\\\/folhapopular.info\\\/wp-content\\\/uploads\\\/2025\\\/09\\\/WhatsApp-Image-2025-09-16-at-12.27.49.jpeg\",\"width\":1600,\"height\":1067,\"caption\":\"Cr\u00e9dito: Cris Thom\u00e9 \\\/ Prefeitura de Imigrante\"},{\"@type\":\"BreadcrumbList\",\"@id\":\"https:\\\/\\\/folhapopular.info\\\/index.php\\\/2025\\\/09\\\/19\\\/imigrante-sedia-encontro-cultural-do-grupo-de-dancas-nova-vida-com-mais-de-400-dancarinos\\\/#breadcrumb\",\"itemListElement\":[{\"@type\":\"ListItem\",\"position\":1,\"name\":\"In\u00edcio\",\"item\":\"https:\\\/\\\/folhapopular.info\\\/\"},{\"@type\":\"ListItem\",\"position\":2,\"name\":\"Imigrante sedia Encontro Cultural do Grupo de Dan\u00e7as Nova Vida com mais de 400 dan\u00e7arinos\"}]},{\"@type\":\"WebSite\",\"@id\":\"https:\\\/\\\/folhapopular.info\\\/#website\",\"url\":\"https:\\\/\\\/folhapopular.info\\\/\",\"name\":\"Folha Popular\",\"description\":\"Onde voc\u00ea tem vez e voz\",\"potentialAction\":[{\"@type\":\"SearchAction\",\"target\":{\"@type\":\"EntryPoint\",\"urlTemplate\":\"https:\\\/\\\/folhapopular.info\\\/?s={search_term_string}\"},\"query-input\":{\"@type\":\"PropertyValueSpecification\",\"valueRequired\":true,\"valueName\":\"search_term_string\"}}],\"inLanguage\":\"pt-BR\"},{\"@type\":\"Person\",\"@id\":\"https:\\\/\\\/folhapopular.info\\\/#\\\/schema\\\/person\\\/2814e8a0df7643585a9ca38bc6eb9d4b\",\"name\":\"Reda\u00e7\u00e3o Folha Popular\",\"image\":{\"@type\":\"ImageObject\",\"inLanguage\":\"pt-BR\",\"@id\":\"https:\\\/\\\/folhapopular.info\\\/wp-content\\\/uploads\\\/2026\\\/04\\\/Folha-1.webp\",\"url\":\"https:\\\/\\\/folhapopular.info\\\/wp-content\\\/uploads\\\/2026\\\/04\\\/Folha-1.webp\",\"contentUrl\":\"https:\\\/\\\/folhapopular.info\\\/wp-content\\\/uploads\\\/2026\\\/04\\\/Folha-1.webp\",\"caption\":\"Reda\u00e7\u00e3o Folha Popular\"},\"url\":\"https:\\\/\\\/folhapopular.info\\\/index.php\\\/author\\\/redacao\\\/\"}]}<\/script>\n<!-- \/ Yoast SEO plugin. -->","yoast_head_json":{"title":"Imigrante sedia Encontro Cultural do Grupo de Dan\u00e7as Nova Vida com mais de 400 dan\u00e7arinos - Folha Popular","robots":{"index":"index","follow":"follow","max-snippet":"max-snippet:-1","max-image-preview":"max-image-preview:large","max-video-preview":"max-video-preview:-1"},"canonical":"https:\/\/folhapopular.info\/index.php\/2025\/09\/19\/imigrante-sedia-encontro-cultural-do-grupo-de-dancas-nova-vida-com-mais-de-400-dancarinos\/","og_locale":"pt_BR","og_type":"article","og_title":"Imigrante sedia Encontro Cultural do Grupo de Dan\u00e7as Nova Vida com mais de 400 dan\u00e7arinos - Folha Popular","og_description":"O munic\u00edpio de Imigrante foi palco de mais uma edi\u00e7\u00e3o do tradicional Encontro do Grupo de Dan\u00e7as Nova Vida, no Centro Comunit\u00e1rio de Arroio da Seca no s\u00e1bado (13\/9). O evento bienal reuniu 24 grupos de dan\u00e7a, entre eles dois vindos de Blumenau (SC), totalizando cerca de 400 dan\u00e7arinos. A programa\u00e7\u00e3o teve in\u00edcio pela manh\u00e3 [&hellip;]","og_url":"https:\/\/folhapopular.info\/index.php\/2025\/09\/19\/imigrante-sedia-encontro-cultural-do-grupo-de-dancas-nova-vida-com-mais-de-400-dancarinos\/","og_site_name":"Folha Popular","article_published_time":"2025-09-19T13:00:00+00:00","og_image":[{"width":1600,"height":1067,"url":"https:\/\/folhapopular.info\/wp-content\/uploads\/2025\/09\/WhatsApp-Image-2025-09-16-at-12.27.49.jpeg","type":"image\/jpeg"}],"author":"Reda\u00e7\u00e3o Folha Popular","twitter_card":"summary_large_image","twitter_misc":{"Escrito por":"Reda\u00e7\u00e3o Folha Popular","Est. tempo de leitura":"2 minutos"},"schema":{"@context":"https:\/\/schema.org","@graph":[{"@type":"Article","@id":"https:\/\/folhapopular.info\/index.php\/2025\/09\/19\/imigrante-sedia-encontro-cultural-do-grupo-de-dancas-nova-vida-com-mais-de-400-dancarinos\/#article","isPartOf":{"@id":"https:\/\/folhapopular.info\/index.php\/2025\/09\/19\/imigrante-sedia-encontro-cultural-do-grupo-de-dancas-nova-vida-com-mais-de-400-dancarinos\/"},"author":{"name":"Reda\u00e7\u00e3o Folha Popular","@id":"https:\/\/folhapopular.info\/#\/schema\/person\/2814e8a0df7643585a9ca38bc6eb9d4b"},"headline":"Imigrante sedia Encontro Cultural do Grupo de Dan\u00e7as Nova Vida com mais de 400 dan\u00e7arinos","datePublished":"2025-09-19T13:00:00+00:00","mainEntityOfPage":{"@id":"https:\/\/folhapopular.info\/index.php\/2025\/09\/19\/imigrante-sedia-encontro-cultural-do-grupo-de-dancas-nova-vida-com-mais-de-400-dancarinos\/"},"wordCount":250,"commentCount":0,"image":{"@id":"https:\/\/folhapopular.info\/index.php\/2025\/09\/19\/imigrante-sedia-encontro-cultural-do-grupo-de-dancas-nova-vida-com-mais-de-400-dancarinos\/#primaryimage"},"thumbnailUrl":"https:\/\/folhapopular.info\/wp-content\/uploads\/2025\/09\/WhatsApp-Image-2025-09-16-at-12.27.49.jpeg","keywords":["Encontro Cultural","Grupo de Dan\u00e7as Nova Vida","Imigrante","Nova Vida"],"articleSection":["Destaques","Inclusive"],"inLanguage":"pt-BR","potentialAction":[{"@type":"CommentAction","name":"Comment","target":["https:\/\/folhapopular.info\/index.php\/2025\/09\/19\/imigrante-sedia-encontro-cultural-do-grupo-de-dancas-nova-vida-com-mais-de-400-dancarinos\/#respond"]}]},{"@type":"WebPage","@id":"https:\/\/folhapopular.info\/index.php\/2025\/09\/19\/imigrante-sedia-encontro-cultural-do-grupo-de-dancas-nova-vida-com-mais-de-400-dancarinos\/","url":"https:\/\/folhapopular.info\/index.php\/2025\/09\/19\/imigrante-sedia-encontro-cultural-do-grupo-de-dancas-nova-vida-com-mais-de-400-dancarinos\/","name":"Imigrante sedia Encontro Cultural do Grupo de Dan\u00e7as Nova Vida com mais de 400 dan\u00e7arinos - Folha Popular","isPartOf":{"@id":"https:\/\/folhapopular.info\/#website"},"primaryImageOfPage":{"@id":"https:\/\/folhapopular.info\/index.php\/2025\/09\/19\/imigrante-sedia-encontro-cultural-do-grupo-de-dancas-nova-vida-com-mais-de-400-dancarinos\/#primaryimage"},"image":{"@id":"https:\/\/folhapopular.info\/index.php\/2025\/09\/19\/imigrante-sedia-encontro-cultural-do-grupo-de-dancas-nova-vida-com-mais-de-400-dancarinos\/#primaryimage"},"thumbnailUrl":"https:\/\/folhapopular.info\/wp-content\/uploads\/2025\/09\/WhatsApp-Image-2025-09-16-at-12.27.49.jpeg","datePublished":"2025-09-19T13:00:00+00:00","author":{"@id":"https:\/\/folhapopular.info\/#\/schema\/person\/2814e8a0df7643585a9ca38bc6eb9d4b"},"breadcrumb":{"@id":"https:\/\/folhapopular.info\/index.php\/2025\/09\/19\/imigrante-sedia-encontro-cultural-do-grupo-de-dancas-nova-vida-com-mais-de-400-dancarinos\/#breadcrumb"},"inLanguage":"pt-BR","potentialAction":[{"@type":"ReadAction","target":["https:\/\/folhapopular.info\/index.php\/2025\/09\/19\/imigrante-sedia-encontro-cultural-do-grupo-de-dancas-nova-vida-com-mais-de-400-dancarinos\/"]}]},{"@type":"ImageObject","inLanguage":"pt-BR","@id":"https:\/\/folhapopular.info\/index.php\/2025\/09\/19\/imigrante-sedia-encontro-cultural-do-grupo-de-dancas-nova-vida-com-mais-de-400-dancarinos\/#primaryimage","url":"https:\/\/folhapopular.info\/wp-content\/uploads\/2025\/09\/WhatsApp-Image-2025-09-16-at-12.27.49.jpeg","contentUrl":"https:\/\/folhapopular.info\/wp-content\/uploads\/2025\/09\/WhatsApp-Image-2025-09-16-at-12.27.49.jpeg","width":1600,"height":1067,"caption":"Cr\u00e9dito: Cris Thom\u00e9 \/ Prefeitura de Imigrante"},{"@type":"BreadcrumbList","@id":"https:\/\/folhapopular.info\/index.php\/2025\/09\/19\/imigrante-sedia-encontro-cultural-do-grupo-de-dancas-nova-vida-com-mais-de-400-dancarinos\/#breadcrumb","itemListElement":[{"@type":"ListItem","position":1,"name":"In\u00edcio","item":"https:\/\/folhapopular.info\/"},{"@type":"ListItem","position":2,"name":"Imigrante sedia Encontro Cultural do Grupo de Dan\u00e7as Nova Vida com mais de 400 dan\u00e7arinos"}]},{"@type":"WebSite","@id":"https:\/\/folhapopular.info\/#website","url":"https:\/\/folhapopular.info\/","name":"Folha Popular","description":"Onde voc\u00ea tem vez e voz","potentialAction":[{"@type":"SearchAction","target":{"@type":"EntryPoint","urlTemplate":"https:\/\/folhapopular.info\/?s={search_term_string}"},"query-input":{"@type":"PropertyValueSpecification","valueRequired":true,"valueName":"search_term_string"}}],"inLanguage":"pt-BR"},{"@type":"Person","@id":"https:\/\/folhapopular.info\/#\/schema\/person\/2814e8a0df7643585a9ca38bc6eb9d4b","name":"Reda\u00e7\u00e3o Folha Popular","image":{"@type":"ImageObject","inLanguage":"pt-BR","@id":"https:\/\/folhapopular.info\/wp-content\/uploads\/2026\/04\/Folha-1.webp","url":"https:\/\/folhapopular.info\/wp-content\/uploads\/2026\/04\/Folha-1.webp","contentUrl":"https:\/\/folhapopular.info\/wp-content\/uploads\/2026\/04\/Folha-1.webp","caption":"Reda\u00e7\u00e3o Folha Popular"},"url":"https:\/\/folhapopular.info\/index.php\/author\/redacao\/"}]}},"jetpack_featured_media_url":"https:\/\/folhapopular.info\/wp-content\/uploads\/2025\/09\/WhatsApp-Image-2025-09-16-at-12.27.49.jpeg","jetpack_sharing_enabled":true,"amp_enabled":true,"_links":{"self":[{"href":"https:\/\/folhapopular.info\/index.php\/wp-json\/wp\/v2\/posts\/194408","targetHints":{"allow":["GET"]}}],"collection":[{"href":"https:\/\/folhapopular.info\/index.php\/wp-json\/wp\/v2\/posts"}],"about":[{"href":"https:\/\/folhapopular.info\/index.php\/wp-json\/wp\/v2\/types\/post"}],"author":[{"embeddable":true,"href":"https:\/\/folhapopular.info\/index.php\/wp-json\/wp\/v2\/users\/8"}],"replies":[{"embeddable":true,"href":"https:\/\/folhapopular.info\/index.php\/wp-json\/wp\/v2\/comments?post=194408"}],"version-history":[{"count":0,"href":"https:\/\/folhapopular.info\/index.php\/wp-json\/wp\/v2\/posts\/194408\/revisions"}],"wp:featuredmedia":[{"embeddable":true,"href":"https:\/\/folhapopular.info\/index.php\/wp-json\/wp\/v2\/media\/194409"}],"wp:attachment":[{"href":"https:\/\/folhapopular.info\/index.php\/wp-json\/wp\/v2\/media?parent=194408"}],"wp:term":[{"taxonomy":"category","embeddable":true,"href":"https:\/\/folhapopular.info\/index.php\/wp-json\/wp\/v2\/categories?post=194408"},{"taxonomy":"post_tag","embeddable":true,"href":"https:\/\/folhapopular.info\/index.php\/wp-json\/wp\/v2\/tags?post=194408"}],"curies":[{"name":"wp","href":"https:\/\/api.w.org\/{rel}","templated":true}]}}