{"id":194413,"date":"2025-09-19T13:00:00","date_gmt":"2025-09-19T16:00:00","guid":{"rendered":"https:\/\/folhapopular.info\/?p=194413"},"modified":"2025-09-19T09:04:22","modified_gmt":"2025-09-19T12:04:22","slug":"imigrante-firma-parceria-com-comunidade-evangelica-de-arroio-da-seca-para-promocao-das-tradicoes-germanicas","status":"publish","type":"post","link":"https:\/\/folhapopular.info\/index.php\/2025\/09\/19\/imigrante-firma-parceria-com-comunidade-evangelica-de-arroio-da-seca-para-promocao-das-tradicoes-germanicas\/","title":{"rendered":"Imigrante firma parceria com Comunidade Evang\u00e9lica de Arroio da Seca para promo\u00e7\u00e3o das tradi\u00e7\u00f5es germ\u00e2nicas"},"content":{"rendered":"\n<p>O Munic\u00edpio de Imigrante firmou o Termo de Fomento n\u00ba 177\/2025 com a Comunidade Evang\u00e9lica de Confiss\u00e3o Luterana Arroio da Seca na ter\u00e7a-feira (16\/9), com foco na preserva\u00e7\u00e3o e valoriza\u00e7\u00e3o das tradi\u00e7\u00f5es germ\u00e2nicas no munic\u00edpio. O acordo prev\u00ea um repasse financeiro de R$ 61,7 mil, com vig\u00eancia de setembro de 2025 a agosto de 2027, distribu\u00eddo em parcelas mensais conforme cronograma estabelecido no Plano de Trabalho aprovado.<\/p>\n\n\n\n<p>A parceria tem como objetivos principais o fortalecimento da identidade cultural local, o incentivo \u00e0s dan\u00e7as e manifesta\u00e7\u00f5es t\u00edpicas alem\u00e3s, e a promo\u00e7\u00e3o da inclus\u00e3o social, especialmente entre estudantes, idosos e integrantes da segunda e terceira idades.<\/p>\n\n\n\n<p>\u201cInvestir na preserva\u00e7\u00e3o da cultura \u00e9 investir na identidade e no bem-estar da nossa comunidade. Este Termo de Fomento garante suporte para que as tradi\u00e7\u00f5es germ\u00e2nicas continuem sendo valorizadas em Imigrante\u201d, destacou o prefeito Germano Stevens.<\/p>\n\n\n\n<p>A Comunidade Evang\u00e9lica se compromete a realizar as atividades culturais propostas, garantir a infraestrutura e os recursos necess\u00e1rios, al\u00e9m de prestar contas detalhadas da aplica\u00e7\u00e3o dos valores recebidos. O munic\u00edpio ser\u00e1 respons\u00e1vel pelo acompanhamento, monitoramento e fiscaliza\u00e7\u00e3o cont\u00ednua da execu\u00e7\u00e3o do termo. Segundo a presidente da Comunidade, Rejane Kohl Engster, a entidade atuar\u00e1 com responsabilidade e empenho no desenvolvimento das a\u00e7\u00f5es previstas.<\/p>\n\n\n\n<p>O Termo de Fomento segue v\u00e1lido at\u00e9 10 de outubro de 2027, com presta\u00e7\u00e3o de contas peri\u00f3dica \u00e0 Administra\u00e7\u00e3o Municipal, garantindo a transpar\u00eancia e o cumprimento das metas pactuadas.<\/p>\n","protected":false},"excerpt":{"rendered":"<p>O Munic\u00edpio de Imigrante firmou o Termo de Fomento n\u00ba 177\/2025 com a Comunidade Evang\u00e9lica de Confiss\u00e3o Luterana Arroio da Seca na ter\u00e7a-feira (16\/9), com foco na preserva\u00e7\u00e3o e valoriza\u00e7\u00e3o das tradi\u00e7\u00f5es germ\u00e2nicas no munic\u00edpio. O acordo prev\u00ea um repasse financeiro de R$ 61,7 mil, com vig\u00eancia de setembro de 2025 a agosto de 2027, [&hellip;]<\/p>\n","protected":false},"author":8,"featured_media":194414,"comment_status":"open","ping_status":"open","sticky":false,"template":"","format":"standard","meta":{"pmpro_default_level":"","_jetpack_memberships_contains_paid_content":false,"footnotes":""},"categories":[2,6],"tags":[643,19522,34],"class_list":{"0":"post-194413","1":"post","2":"type-post","3":"status-publish","4":"format-standard","5":"has-post-thumbnail","7":"category-featured","8":"category-inclusive","9":"tag-arroio-da-seca","10":"tag-comunidade-evangelica-arroio-da-seca","11":"tag-imigrante","12":"pmpro-has-access"},"yoast_head":"<!-- This site is optimized with the Yoast SEO plugin v27.5 - https:\/\/yoast.com\/product\/yoast-seo-wordpress\/ -->\n<title>Imigrante firma parceria com Comunidade Evang\u00e9lica de Arroio da Seca para promo\u00e7\u00e3o das tradi\u00e7\u00f5es germ\u00e2nicas - Folha Popular<\/title>\n<meta name=\"robots\" content=\"index, follow, max-snippet:-1, max-image-preview:large, max-video-preview:-1\" \/>\n<link rel=\"canonical\" href=\"https:\/\/folhapopular.info\/index.php\/2025\/09\/19\/imigrante-firma-parceria-com-comunidade-evangelica-de-arroio-da-seca-para-promocao-das-tradicoes-germanicas\/\" \/>\n<meta property=\"og:locale\" content=\"pt_BR\" \/>\n<meta property=\"og:type\" content=\"article\" \/>\n<meta property=\"og:title\" content=\"Imigrante firma parceria com Comunidade Evang\u00e9lica de Arroio da Seca para promo\u00e7\u00e3o das tradi\u00e7\u00f5es germ\u00e2nicas - Folha Popular\" \/>\n<meta property=\"og:description\" content=\"O Munic\u00edpio de Imigrante firmou o Termo de Fomento n\u00ba 177\/2025 com a Comunidade Evang\u00e9lica de Confiss\u00e3o Luterana Arroio da Seca na ter\u00e7a-feira (16\/9), com foco na preserva\u00e7\u00e3o e valoriza\u00e7\u00e3o das tradi\u00e7\u00f5es germ\u00e2nicas no munic\u00edpio. O acordo prev\u00ea um repasse financeiro de R$ 61,7 mil, com vig\u00eancia de setembro de 2025 a agosto de 2027, [&hellip;]\" \/>\n<meta property=\"og:url\" content=\"https:\/\/folhapopular.info\/index.php\/2025\/09\/19\/imigrante-firma-parceria-com-comunidade-evangelica-de-arroio-da-seca-para-promocao-das-tradicoes-germanicas\/\" \/>\n<meta property=\"og:site_name\" content=\"Folha Popular\" \/>\n<meta property=\"article:published_time\" content=\"2025-09-19T16:00:00+00:00\" \/>\n<meta property=\"og:image\" content=\"https:\/\/folhapopular.info\/wp-content\/uploads\/2025\/09\/WhatsApp-Image-2025-09-16-at-07.44.00-scaled-e1758283393364.jpeg\" \/>\n\t<meta property=\"og:image:width\" content=\"1810\" \/>\n\t<meta property=\"og:image:height\" content=\"1460\" \/>\n\t<meta property=\"og:image:type\" content=\"image\/jpeg\" \/>\n<meta name=\"author\" content=\"Reda\u00e7\u00e3o Folha Popular\" \/>\n<meta name=\"twitter:card\" content=\"summary_large_image\" \/>\n<meta name=\"twitter:label1\" content=\"Escrito por\" \/>\n\t<meta name=\"twitter:data1\" content=\"Reda\u00e7\u00e3o Folha Popular\" \/>\n\t<meta name=\"twitter:label2\" content=\"Est. tempo de leitura\" \/>\n\t<meta name=\"twitter:data2\" content=\"2 minutos\" \/>\n<script type=\"application\/ld+json\" class=\"yoast-schema-graph\">{\"@context\":\"https:\\\/\\\/schema.org\",\"@graph\":[{\"@type\":\"Article\",\"@id\":\"https:\\\/\\\/folhapopular.info\\\/index.php\\\/2025\\\/09\\\/19\\\/imigrante-firma-parceria-com-comunidade-evangelica-de-arroio-da-seca-para-promocao-das-tradicoes-germanicas\\\/#article\",\"isPartOf\":{\"@id\":\"https:\\\/\\\/folhapopular.info\\\/index.php\\\/2025\\\/09\\\/19\\\/imigrante-firma-parceria-com-comunidade-evangelica-de-arroio-da-seca-para-promocao-das-tradicoes-germanicas\\\/\"},\"author\":{\"name\":\"Reda\u00e7\u00e3o Folha Popular\",\"@id\":\"https:\\\/\\\/folhapopular.info\\\/#\\\/schema\\\/person\\\/2814e8a0df7643585a9ca38bc6eb9d4b\"},\"headline\":\"Imigrante firma parceria com Comunidade Evang\u00e9lica de Arroio da Seca para promo\u00e7\u00e3o das tradi\u00e7\u00f5es germ\u00e2nicas\",\"datePublished\":\"2025-09-19T16:00:00+00:00\",\"mainEntityOfPage\":{\"@id\":\"https:\\\/\\\/folhapopular.info\\\/index.php\\\/2025\\\/09\\\/19\\\/imigrante-firma-parceria-com-comunidade-evangelica-de-arroio-da-seca-para-promocao-das-tradicoes-germanicas\\\/\"},\"wordCount\":276,\"commentCount\":0,\"image\":{\"@id\":\"https:\\\/\\\/folhapopular.info\\\/index.php\\\/2025\\\/09\\\/19\\\/imigrante-firma-parceria-com-comunidade-evangelica-de-arroio-da-seca-para-promocao-das-tradicoes-germanicas\\\/#primaryimage\"},\"thumbnailUrl\":\"https:\\\/\\\/folhapopular.info\\\/wp-content\\\/uploads\\\/2025\\\/09\\\/WhatsApp-Image-2025-09-16-at-07.44.00-scaled-e1758283393364.jpeg\",\"keywords\":[\"Arroio da Seca\",\"Comunidade Evang\u00e9lica Arroio da Seca\",\"Imigrante\"],\"articleSection\":[\"Destaques\",\"Inclusive\"],\"inLanguage\":\"pt-BR\",\"potentialAction\":[{\"@type\":\"CommentAction\",\"name\":\"Comment\",\"target\":[\"https:\\\/\\\/folhapopular.info\\\/index.php\\\/2025\\\/09\\\/19\\\/imigrante-firma-parceria-com-comunidade-evangelica-de-arroio-da-seca-para-promocao-das-tradicoes-germanicas\\\/#respond\"]}]},{\"@type\":\"WebPage\",\"@id\":\"https:\\\/\\\/folhapopular.info\\\/index.php\\\/2025\\\/09\\\/19\\\/imigrante-firma-parceria-com-comunidade-evangelica-de-arroio-da-seca-para-promocao-das-tradicoes-germanicas\\\/\",\"url\":\"https:\\\/\\\/folhapopular.info\\\/index.php\\\/2025\\\/09\\\/19\\\/imigrante-firma-parceria-com-comunidade-evangelica-de-arroio-da-seca-para-promocao-das-tradicoes-germanicas\\\/\",\"name\":\"Imigrante firma parceria com Comunidade Evang\u00e9lica de Arroio da Seca para promo\u00e7\u00e3o das tradi\u00e7\u00f5es germ\u00e2nicas - Folha Popular\",\"isPartOf\":{\"@id\":\"https:\\\/\\\/folhapopular.info\\\/#website\"},\"primaryImageOfPage\":{\"@id\":\"https:\\\/\\\/folhapopular.info\\\/index.php\\\/2025\\\/09\\\/19\\\/imigrante-firma-parceria-com-comunidade-evangelica-de-arroio-da-seca-para-promocao-das-tradicoes-germanicas\\\/#primaryimage\"},\"image\":{\"@id\":\"https:\\\/\\\/folhapopular.info\\\/index.php\\\/2025\\\/09\\\/19\\\/imigrante-firma-parceria-com-comunidade-evangelica-de-arroio-da-seca-para-promocao-das-tradicoes-germanicas\\\/#primaryimage\"},\"thumbnailUrl\":\"https:\\\/\\\/folhapopular.info\\\/wp-content\\\/uploads\\\/2025\\\/09\\\/WhatsApp-Image-2025-09-16-at-07.44.00-scaled-e1758283393364.jpeg\",\"datePublished\":\"2025-09-19T16:00:00+00:00\",\"author\":{\"@id\":\"https:\\\/\\\/folhapopular.info\\\/#\\\/schema\\\/person\\\/2814e8a0df7643585a9ca38bc6eb9d4b\"},\"breadcrumb\":{\"@id\":\"https:\\\/\\\/folhapopular.info\\\/index.php\\\/2025\\\/09\\\/19\\\/imigrante-firma-parceria-com-comunidade-evangelica-de-arroio-da-seca-para-promocao-das-tradicoes-germanicas\\\/#breadcrumb\"},\"inLanguage\":\"pt-BR\",\"potentialAction\":[{\"@type\":\"ReadAction\",\"target\":[\"https:\\\/\\\/folhapopular.info\\\/index.php\\\/2025\\\/09\\\/19\\\/imigrante-firma-parceria-com-comunidade-evangelica-de-arroio-da-seca-para-promocao-das-tradicoes-germanicas\\\/\"]}]},{\"@type\":\"ImageObject\",\"inLanguage\":\"pt-BR\",\"@id\":\"https:\\\/\\\/folhapopular.info\\\/index.php\\\/2025\\\/09\\\/19\\\/imigrante-firma-parceria-com-comunidade-evangelica-de-arroio-da-seca-para-promocao-das-tradicoes-germanicas\\\/#primaryimage\",\"url\":\"https:\\\/\\\/folhapopular.info\\\/wp-content\\\/uploads\\\/2025\\\/09\\\/WhatsApp-Image-2025-09-16-at-07.44.00-scaled-e1758283393364.jpeg\",\"contentUrl\":\"https:\\\/\\\/folhapopular.info\\\/wp-content\\\/uploads\\\/2025\\\/09\\\/WhatsApp-Image-2025-09-16-at-07.44.00-scaled-e1758283393364.jpeg\",\"width\":1810,\"height\":1460,\"caption\":\"Cr\u00e9dito: Prefeitura de Imigrante \\\/ Divulga\u00e7\u00e3o\"},{\"@type\":\"BreadcrumbList\",\"@id\":\"https:\\\/\\\/folhapopular.info\\\/index.php\\\/2025\\\/09\\\/19\\\/imigrante-firma-parceria-com-comunidade-evangelica-de-arroio-da-seca-para-promocao-das-tradicoes-germanicas\\\/#breadcrumb\",\"itemListElement\":[{\"@type\":\"ListItem\",\"position\":1,\"name\":\"In\u00edcio\",\"item\":\"https:\\\/\\\/folhapopular.info\\\/\"},{\"@type\":\"ListItem\",\"position\":2,\"name\":\"Imigrante firma parceria com Comunidade Evang\u00e9lica de Arroio da Seca para promo\u00e7\u00e3o das tradi\u00e7\u00f5es germ\u00e2nicas\"}]},{\"@type\":\"WebSite\",\"@id\":\"https:\\\/\\\/folhapopular.info\\\/#website\",\"url\":\"https:\\\/\\\/folhapopular.info\\\/\",\"name\":\"Folha Popular\",\"description\":\"Onde voc\u00ea tem vez e voz\",\"potentialAction\":[{\"@type\":\"SearchAction\",\"target\":{\"@type\":\"EntryPoint\",\"urlTemplate\":\"https:\\\/\\\/folhapopular.info\\\/?s={search_term_string}\"},\"query-input\":{\"@type\":\"PropertyValueSpecification\",\"valueRequired\":true,\"valueName\":\"search_term_string\"}}],\"inLanguage\":\"pt-BR\"},{\"@type\":\"Person\",\"@id\":\"https:\\\/\\\/folhapopular.info\\\/#\\\/schema\\\/person\\\/2814e8a0df7643585a9ca38bc6eb9d4b\",\"name\":\"Reda\u00e7\u00e3o Folha Popular\",\"image\":{\"@type\":\"ImageObject\",\"inLanguage\":\"pt-BR\",\"@id\":\"https:\\\/\\\/folhapopular.info\\\/wp-content\\\/uploads\\\/2026\\\/04\\\/Folha-1.webp\",\"url\":\"https:\\\/\\\/folhapopular.info\\\/wp-content\\\/uploads\\\/2026\\\/04\\\/Folha-1.webp\",\"contentUrl\":\"https:\\\/\\\/folhapopular.info\\\/wp-content\\\/uploads\\\/2026\\\/04\\\/Folha-1.webp\",\"caption\":\"Reda\u00e7\u00e3o Folha Popular\"},\"url\":\"https:\\\/\\\/folhapopular.info\\\/index.php\\\/author\\\/redacao\\\/\"}]}<\/script>\n<!-- \/ Yoast SEO plugin. -->","yoast_head_json":{"title":"Imigrante firma parceria com Comunidade Evang\u00e9lica de Arroio da Seca para promo\u00e7\u00e3o das tradi\u00e7\u00f5es germ\u00e2nicas - Folha Popular","robots":{"index":"index","follow":"follow","max-snippet":"max-snippet:-1","max-image-preview":"max-image-preview:large","max-video-preview":"max-video-preview:-1"},"canonical":"https:\/\/folhapopular.info\/index.php\/2025\/09\/19\/imigrante-firma-parceria-com-comunidade-evangelica-de-arroio-da-seca-para-promocao-das-tradicoes-germanicas\/","og_locale":"pt_BR","og_type":"article","og_title":"Imigrante firma parceria com Comunidade Evang\u00e9lica de Arroio da Seca para promo\u00e7\u00e3o das tradi\u00e7\u00f5es germ\u00e2nicas - Folha Popular","og_description":"O Munic\u00edpio de Imigrante firmou o Termo de Fomento n\u00ba 177\/2025 com a Comunidade Evang\u00e9lica de Confiss\u00e3o Luterana Arroio da Seca na ter\u00e7a-feira (16\/9), com foco na preserva\u00e7\u00e3o e valoriza\u00e7\u00e3o das tradi\u00e7\u00f5es germ\u00e2nicas no munic\u00edpio. O acordo prev\u00ea um repasse financeiro de R$ 61,7 mil, com vig\u00eancia de setembro de 2025 a agosto de 2027, [&hellip;]","og_url":"https:\/\/folhapopular.info\/index.php\/2025\/09\/19\/imigrante-firma-parceria-com-comunidade-evangelica-de-arroio-da-seca-para-promocao-das-tradicoes-germanicas\/","og_site_name":"Folha Popular","article_published_time":"2025-09-19T16:00:00+00:00","og_image":[{"width":1810,"height":1460,"url":"https:\/\/folhapopular.info\/wp-content\/uploads\/2025\/09\/WhatsApp-Image-2025-09-16-at-07.44.00-scaled-e1758283393364.jpeg","type":"image\/jpeg"}],"author":"Reda\u00e7\u00e3o Folha Popular","twitter_card":"summary_large_image","twitter_misc":{"Escrito por":"Reda\u00e7\u00e3o Folha Popular","Est. tempo de leitura":"2 minutos"},"schema":{"@context":"https:\/\/schema.org","@graph":[{"@type":"Article","@id":"https:\/\/folhapopular.info\/index.php\/2025\/09\/19\/imigrante-firma-parceria-com-comunidade-evangelica-de-arroio-da-seca-para-promocao-das-tradicoes-germanicas\/#article","isPartOf":{"@id":"https:\/\/folhapopular.info\/index.php\/2025\/09\/19\/imigrante-firma-parceria-com-comunidade-evangelica-de-arroio-da-seca-para-promocao-das-tradicoes-germanicas\/"},"author":{"name":"Reda\u00e7\u00e3o Folha Popular","@id":"https:\/\/folhapopular.info\/#\/schema\/person\/2814e8a0df7643585a9ca38bc6eb9d4b"},"headline":"Imigrante firma parceria com Comunidade Evang\u00e9lica de Arroio da Seca para promo\u00e7\u00e3o das tradi\u00e7\u00f5es germ\u00e2nicas","datePublished":"2025-09-19T16:00:00+00:00","mainEntityOfPage":{"@id":"https:\/\/folhapopular.info\/index.php\/2025\/09\/19\/imigrante-firma-parceria-com-comunidade-evangelica-de-arroio-da-seca-para-promocao-das-tradicoes-germanicas\/"},"wordCount":276,"commentCount":0,"image":{"@id":"https:\/\/folhapopular.info\/index.php\/2025\/09\/19\/imigrante-firma-parceria-com-comunidade-evangelica-de-arroio-da-seca-para-promocao-das-tradicoes-germanicas\/#primaryimage"},"thumbnailUrl":"https:\/\/folhapopular.info\/wp-content\/uploads\/2025\/09\/WhatsApp-Image-2025-09-16-at-07.44.00-scaled-e1758283393364.jpeg","keywords":["Arroio da Seca","Comunidade Evang\u00e9lica Arroio da Seca","Imigrante"],"articleSection":["Destaques","Inclusive"],"inLanguage":"pt-BR","potentialAction":[{"@type":"CommentAction","name":"Comment","target":["https:\/\/folhapopular.info\/index.php\/2025\/09\/19\/imigrante-firma-parceria-com-comunidade-evangelica-de-arroio-da-seca-para-promocao-das-tradicoes-germanicas\/#respond"]}]},{"@type":"WebPage","@id":"https:\/\/folhapopular.info\/index.php\/2025\/09\/19\/imigrante-firma-parceria-com-comunidade-evangelica-de-arroio-da-seca-para-promocao-das-tradicoes-germanicas\/","url":"https:\/\/folhapopular.info\/index.php\/2025\/09\/19\/imigrante-firma-parceria-com-comunidade-evangelica-de-arroio-da-seca-para-promocao-das-tradicoes-germanicas\/","name":"Imigrante firma parceria com Comunidade Evang\u00e9lica de Arroio da Seca para promo\u00e7\u00e3o das tradi\u00e7\u00f5es germ\u00e2nicas - Folha Popular","isPartOf":{"@id":"https:\/\/folhapopular.info\/#website"},"primaryImageOfPage":{"@id":"https:\/\/folhapopular.info\/index.php\/2025\/09\/19\/imigrante-firma-parceria-com-comunidade-evangelica-de-arroio-da-seca-para-promocao-das-tradicoes-germanicas\/#primaryimage"},"image":{"@id":"https:\/\/folhapopular.info\/index.php\/2025\/09\/19\/imigrante-firma-parceria-com-comunidade-evangelica-de-arroio-da-seca-para-promocao-das-tradicoes-germanicas\/#primaryimage"},"thumbnailUrl":"https:\/\/folhapopular.info\/wp-content\/uploads\/2025\/09\/WhatsApp-Image-2025-09-16-at-07.44.00-scaled-e1758283393364.jpeg","datePublished":"2025-09-19T16:00:00+00:00","author":{"@id":"https:\/\/folhapopular.info\/#\/schema\/person\/2814e8a0df7643585a9ca38bc6eb9d4b"},"breadcrumb":{"@id":"https:\/\/folhapopular.info\/index.php\/2025\/09\/19\/imigrante-firma-parceria-com-comunidade-evangelica-de-arroio-da-seca-para-promocao-das-tradicoes-germanicas\/#breadcrumb"},"inLanguage":"pt-BR","potentialAction":[{"@type":"ReadAction","target":["https:\/\/folhapopular.info\/index.php\/2025\/09\/19\/imigrante-firma-parceria-com-comunidade-evangelica-de-arroio-da-seca-para-promocao-das-tradicoes-germanicas\/"]}]},{"@type":"ImageObject","inLanguage":"pt-BR","@id":"https:\/\/folhapopular.info\/index.php\/2025\/09\/19\/imigrante-firma-parceria-com-comunidade-evangelica-de-arroio-da-seca-para-promocao-das-tradicoes-germanicas\/#primaryimage","url":"https:\/\/folhapopular.info\/wp-content\/uploads\/2025\/09\/WhatsApp-Image-2025-09-16-at-07.44.00-scaled-e1758283393364.jpeg","contentUrl":"https:\/\/folhapopular.info\/wp-content\/uploads\/2025\/09\/WhatsApp-Image-2025-09-16-at-07.44.00-scaled-e1758283393364.jpeg","width":1810,"height":1460,"caption":"Cr\u00e9dito: Prefeitura de Imigrante \/ Divulga\u00e7\u00e3o"},{"@type":"BreadcrumbList","@id":"https:\/\/folhapopular.info\/index.php\/2025\/09\/19\/imigrante-firma-parceria-com-comunidade-evangelica-de-arroio-da-seca-para-promocao-das-tradicoes-germanicas\/#breadcrumb","itemListElement":[{"@type":"ListItem","position":1,"name":"In\u00edcio","item":"https:\/\/folhapopular.info\/"},{"@type":"ListItem","position":2,"name":"Imigrante firma parceria com Comunidade Evang\u00e9lica de Arroio da Seca para promo\u00e7\u00e3o das tradi\u00e7\u00f5es germ\u00e2nicas"}]},{"@type":"WebSite","@id":"https:\/\/folhapopular.info\/#website","url":"https:\/\/folhapopular.info\/","name":"Folha Popular","description":"Onde voc\u00ea tem vez e voz","potentialAction":[{"@type":"SearchAction","target":{"@type":"EntryPoint","urlTemplate":"https:\/\/folhapopular.info\/?s={search_term_string}"},"query-input":{"@type":"PropertyValueSpecification","valueRequired":true,"valueName":"search_term_string"}}],"inLanguage":"pt-BR"},{"@type":"Person","@id":"https:\/\/folhapopular.info\/#\/schema\/person\/2814e8a0df7643585a9ca38bc6eb9d4b","name":"Reda\u00e7\u00e3o Folha Popular","image":{"@type":"ImageObject","inLanguage":"pt-BR","@id":"https:\/\/folhapopular.info\/wp-content\/uploads\/2026\/04\/Folha-1.webp","url":"https:\/\/folhapopular.info\/wp-content\/uploads\/2026\/04\/Folha-1.webp","contentUrl":"https:\/\/folhapopular.info\/wp-content\/uploads\/2026\/04\/Folha-1.webp","caption":"Reda\u00e7\u00e3o Folha Popular"},"url":"https:\/\/folhapopular.info\/index.php\/author\/redacao\/"}]}},"jetpack_featured_media_url":"https:\/\/folhapopular.info\/wp-content\/uploads\/2025\/09\/WhatsApp-Image-2025-09-16-at-07.44.00-scaled-e1758283393364.jpeg","jetpack_sharing_enabled":true,"amp_enabled":true,"_links":{"self":[{"href":"https:\/\/folhapopular.info\/index.php\/wp-json\/wp\/v2\/posts\/194413","targetHints":{"allow":["GET"]}}],"collection":[{"href":"https:\/\/folhapopular.info\/index.php\/wp-json\/wp\/v2\/posts"}],"about":[{"href":"https:\/\/folhapopular.info\/index.php\/wp-json\/wp\/v2\/types\/post"}],"author":[{"embeddable":true,"href":"https:\/\/folhapopular.info\/index.php\/wp-json\/wp\/v2\/users\/8"}],"replies":[{"embeddable":true,"href":"https:\/\/folhapopular.info\/index.php\/wp-json\/wp\/v2\/comments?post=194413"}],"version-history":[{"count":0,"href":"https:\/\/folhapopular.info\/index.php\/wp-json\/wp\/v2\/posts\/194413\/revisions"}],"wp:featuredmedia":[{"embeddable":true,"href":"https:\/\/folhapopular.info\/index.php\/wp-json\/wp\/v2\/media\/194414"}],"wp:attachment":[{"href":"https:\/\/folhapopular.info\/index.php\/wp-json\/wp\/v2\/media?parent=194413"}],"wp:term":[{"taxonomy":"category","embeddable":true,"href":"https:\/\/folhapopular.info\/index.php\/wp-json\/wp\/v2\/categories?post=194413"},{"taxonomy":"post_tag","embeddable":true,"href":"https:\/\/folhapopular.info\/index.php\/wp-json\/wp\/v2\/tags?post=194413"}],"curies":[{"name":"wp","href":"https:\/\/api.w.org\/{rel}","templated":true}]}}