{"id":194461,"date":"2025-09-19T14:17:03","date_gmt":"2025-09-19T17:17:03","guid":{"rendered":"https:\/\/folhapopular.info\/?p=194461"},"modified":"2025-09-19T14:17:07","modified_gmt":"2025-09-19T17:17:07","slug":"show-pra-sempre-sertanejo-sera-neste-domingo-no-teatro-univates","status":"publish","type":"post","link":"https:\/\/folhapopular.info\/index.php\/2025\/09\/19\/show-pra-sempre-sertanejo-sera-neste-domingo-no-teatro-univates\/","title":{"rendered":"Show Pra Sempre Sertanejo ser\u00e1 neste domingo no Teatro Univates"},"content":{"rendered":"\n<p class=\"wp-block-paragraph\">O Teatro Univates, em Lajeado, recebe neste domingo, 21 de setembro, \u00e0s 19h, o espet\u00e1culo <strong>Pra Sempre Sertanejo<\/strong>, com a Orquestra Henrique Uebel, de Teut\u00f4nia.<\/p>\n\n\n\n<p class=\"wp-block-paragraph\">Ap\u00f3s apresenta\u00e7\u00f5es de sucesso em Santa Catarina e Bras\u00edlia, o concerto retorna ao Vale do Taquari trazendo a fus\u00e3o entre a sonoridade orquestral e os cl\u00e1ssicos do sertanejo, em uma noite marcada pela emo\u00e7\u00e3o e pela nostalgia.<\/p>\n\n\n\n<p class=\"wp-block-paragraph\">A apresenta\u00e7\u00e3o contar\u00e1 ainda com participa\u00e7\u00f5es especiais que enriquecem a experi\u00eancia: Ego &amp; Serginho, Jackson &amp; \u00c1lvaro, Padre Pedro &amp; Pastor M\u00e1rcio e Willys Rafael se unem \u00e0 Orquestra em interpreta\u00e7\u00f5es exclusivas.<\/p>\n\n\n\n<p class=\"wp-block-paragraph\"><strong>Ingressos acess\u00edveis<\/strong><br>Com valor popular de R$ 20,00, os ingressos podem ser adquiridos antecipadamente no site Minha Entrada. A proposta \u00e9 democratizar o acesso, oferecendo \u00e0 comunidade a chance de prestigiar um espet\u00e1culo de qualidade por um pre\u00e7o simb\u00f3lico.<\/p>\n\n\n\n<p class=\"wp-block-paragraph\"><strong>Patroc\u00ednio e apoio<\/strong><\/p>\n\n\n\n<ul class=\"wp-block-list\">\n<li>Ouro: Sicredi Ouro Branco<\/li>\n\n\n\n<li>Bronze: Protepac, Betti Esportes, Posto Canteiros, Smartel, Linq e Allfax<\/li>\n\n\n\n<li>Apoio: Prefeitura de Teut\u00f4nia<\/li>\n<\/ul>\n\n\n\n<p class=\"wp-block-paragraph\"><strong>Show Pra Sempre Sertanejo<\/strong><br>Data: domingo, 21 de setembro<br>Hor\u00e1rio: 19h<br>Local: Teatro Univates \u2013 Lajeado<br>Ingressos: R$ 20,00 (site Minha Entrada)<\/p>\n","protected":false},"excerpt":{"rendered":"<p>O Teatro Univates, em Lajeado, recebe neste domingo, 21 de setembro, \u00e0s 19h, o espet\u00e1culo Pra Sempre Sertanejo, com a Orquestra Henrique Uebel, de Teut\u00f4nia. Ap\u00f3s apresenta\u00e7\u00f5es de sucesso em Santa Catarina e Bras\u00edlia, o concerto retorna ao Vale do Taquari trazendo a fus\u00e3o entre a sonoridade orquestral e os cl\u00e1ssicos do sertanejo, em uma [&hellip;]<\/p>\n","protected":false},"author":8,"featured_media":194462,"comment_status":"open","ping_status":"open","sticky":false,"template":"","format":"standard","meta":{"pmpro_default_level":"","_jetpack_memberships_contains_paid_content":false,"footnotes":""},"categories":[2,6],"tags":[],"class_list":["post-194461","post","type-post","status-publish","format-standard","has-post-thumbnail","category-featured","category-inclusive","pmpro-has-access"],"yoast_head":"<!-- This site is optimized with the Yoast SEO plugin v28.3 - https:\/\/yoast.com\/product\/yoast-seo-wordpress\/ -->\n<title>Show Pra Sempre Sertanejo ser\u00e1 neste domingo no Teatro Univates - Folha Popular<\/title>\n<meta name=\"robots\" content=\"index, follow, max-snippet:-1, max-image-preview:large, max-video-preview:-1\" \/>\n<link rel=\"canonical\" href=\"https:\/\/folhapopular.info\/index.php\/2025\/09\/19\/show-pra-sempre-sertanejo-sera-neste-domingo-no-teatro-univates\/\" \/>\n<meta property=\"og:locale\" content=\"pt_BR\" \/>\n<meta property=\"og:type\" content=\"article\" \/>\n<meta property=\"og:title\" content=\"Show Pra Sempre Sertanejo ser\u00e1 neste domingo no Teatro Univates - Folha Popular\" \/>\n<meta property=\"og:description\" content=\"O Teatro Univates, em Lajeado, recebe neste domingo, 21 de setembro, \u00e0s 19h, o espet\u00e1culo Pra Sempre Sertanejo, com a Orquestra Henrique Uebel, de Teut\u00f4nia. Ap\u00f3s apresenta\u00e7\u00f5es de sucesso em Santa Catarina e Bras\u00edlia, o concerto retorna ao Vale do Taquari trazendo a fus\u00e3o entre a sonoridade orquestral e os cl\u00e1ssicos do sertanejo, em uma [&hellip;]\" \/>\n<meta property=\"og:url\" content=\"https:\/\/folhapopular.info\/index.php\/2025\/09\/19\/show-pra-sempre-sertanejo-sera-neste-domingo-no-teatro-univates\/\" \/>\n<meta property=\"og:site_name\" content=\"Folha Popular\" \/>\n<meta property=\"article:published_time\" content=\"2025-09-19T17:17:03+00:00\" \/>\n<meta property=\"article:modified_time\" content=\"2025-09-19T17:17:07+00:00\" \/>\n<meta property=\"og:image\" content=\"http:\/\/folhapopular.info\/wp-content\/uploads\/2025\/09\/WhatsApp-Image-2025-09-19-at-13.47.52-scaled.jpeg\" \/>\n\t<meta property=\"og:image:width\" content=\"1920\" \/>\n\t<meta property=\"og:image:height\" content=\"2560\" \/>\n\t<meta property=\"og:image:type\" content=\"image\/jpeg\" \/>\n<meta name=\"author\" content=\"Reda\u00e7\u00e3o Folha Popular\" \/>\n<meta name=\"twitter:card\" content=\"summary_large_image\" \/>\n<meta name=\"twitter:label1\" content=\"Escrito por\" \/>\n\t<meta name=\"twitter:data1\" content=\"Reda\u00e7\u00e3o Folha Popular\" \/>\n\t<meta name=\"twitter:label2\" content=\"Est. tempo de leitura\" \/>\n\t<meta name=\"twitter:data2\" content=\"2 minutos\" \/>\n<script type=\"application\/ld+json\" class=\"yoast-schema-graph\">{\"@context\":\"https:\\\/\\\/schema.org\",\"@graph\":[{\"@type\":\"Article\",\"@id\":\"https:\\\/\\\/folhapopular.info\\\/index.php\\\/2025\\\/09\\\/19\\\/show-pra-sempre-sertanejo-sera-neste-domingo-no-teatro-univates\\\/#article\",\"isPartOf\":{\"@id\":\"https:\\\/\\\/folhapopular.info\\\/index.php\\\/2025\\\/09\\\/19\\\/show-pra-sempre-sertanejo-sera-neste-domingo-no-teatro-univates\\\/\"},\"author\":{\"name\":\"Reda\u00e7\u00e3o Folha Popular\",\"@id\":\"https:\\\/\\\/folhapopular.info\\\/#\\\/schema\\\/person\\\/2814e8a0df7643585a9ca38bc6eb9d4b\"},\"headline\":\"Show Pra Sempre Sertanejo ser\u00e1 neste domingo no Teatro Univates\",\"datePublished\":\"2025-09-19T17:17:03+00:00\",\"dateModified\":\"2025-09-19T17:17:07+00:00\",\"mainEntityOfPage\":{\"@id\":\"https:\\\/\\\/folhapopular.info\\\/index.php\\\/2025\\\/09\\\/19\\\/show-pra-sempre-sertanejo-sera-neste-domingo-no-teatro-univates\\\/\"},\"wordCount\":195,\"commentCount\":0,\"image\":{\"@id\":\"https:\\\/\\\/folhapopular.info\\\/index.php\\\/2025\\\/09\\\/19\\\/show-pra-sempre-sertanejo-sera-neste-domingo-no-teatro-univates\\\/#primaryimage\"},\"thumbnailUrl\":\"https:\\\/\\\/folhapopular.info\\\/wp-content\\\/uploads\\\/2025\\\/09\\\/WhatsApp-Image-2025-09-19-at-13.47.52-scaled.jpeg\",\"articleSection\":[\"Destaques\",\"Inclusive\"],\"inLanguage\":\"pt-BR\",\"potentialAction\":[{\"@type\":\"CommentAction\",\"name\":\"Comment\",\"target\":[\"https:\\\/\\\/folhapopular.info\\\/index.php\\\/2025\\\/09\\\/19\\\/show-pra-sempre-sertanejo-sera-neste-domingo-no-teatro-univates\\\/#respond\"]}]},{\"@type\":\"WebPage\",\"@id\":\"https:\\\/\\\/folhapopular.info\\\/index.php\\\/2025\\\/09\\\/19\\\/show-pra-sempre-sertanejo-sera-neste-domingo-no-teatro-univates\\\/\",\"url\":\"https:\\\/\\\/folhapopular.info\\\/index.php\\\/2025\\\/09\\\/19\\\/show-pra-sempre-sertanejo-sera-neste-domingo-no-teatro-univates\\\/\",\"name\":\"Show Pra Sempre Sertanejo ser\u00e1 neste domingo no Teatro Univates - Folha Popular\",\"isPartOf\":{\"@id\":\"https:\\\/\\\/folhapopular.info\\\/#website\"},\"primaryImageOfPage\":{\"@id\":\"https:\\\/\\\/folhapopular.info\\\/index.php\\\/2025\\\/09\\\/19\\\/show-pra-sempre-sertanejo-sera-neste-domingo-no-teatro-univates\\\/#primaryimage\"},\"image\":{\"@id\":\"https:\\\/\\\/folhapopular.info\\\/index.php\\\/2025\\\/09\\\/19\\\/show-pra-sempre-sertanejo-sera-neste-domingo-no-teatro-univates\\\/#primaryimage\"},\"thumbnailUrl\":\"https:\\\/\\\/folhapopular.info\\\/wp-content\\\/uploads\\\/2025\\\/09\\\/WhatsApp-Image-2025-09-19-at-13.47.52-scaled.jpeg\",\"datePublished\":\"2025-09-19T17:17:03+00:00\",\"dateModified\":\"2025-09-19T17:17:07+00:00\",\"author\":{\"@id\":\"https:\\\/\\\/folhapopular.info\\\/#\\\/schema\\\/person\\\/2814e8a0df7643585a9ca38bc6eb9d4b\"},\"breadcrumb\":{\"@id\":\"https:\\\/\\\/folhapopular.info\\\/index.php\\\/2025\\\/09\\\/19\\\/show-pra-sempre-sertanejo-sera-neste-domingo-no-teatro-univates\\\/#breadcrumb\"},\"inLanguage\":\"pt-BR\",\"potentialAction\":[{\"@type\":\"ReadAction\",\"target\":[\"https:\\\/\\\/folhapopular.info\\\/index.php\\\/2025\\\/09\\\/19\\\/show-pra-sempre-sertanejo-sera-neste-domingo-no-teatro-univates\\\/\"]}]},{\"@type\":\"ImageObject\",\"inLanguage\":\"pt-BR\",\"@id\":\"https:\\\/\\\/folhapopular.info\\\/index.php\\\/2025\\\/09\\\/19\\\/show-pra-sempre-sertanejo-sera-neste-domingo-no-teatro-univates\\\/#primaryimage\",\"url\":\"https:\\\/\\\/folhapopular.info\\\/wp-content\\\/uploads\\\/2025\\\/09\\\/WhatsApp-Image-2025-09-19-at-13.47.52-scaled.jpeg\",\"contentUrl\":\"https:\\\/\\\/folhapopular.info\\\/wp-content\\\/uploads\\\/2025\\\/09\\\/WhatsApp-Image-2025-09-19-at-13.47.52-scaled.jpeg\",\"width\":1920,\"height\":2560,\"caption\":\"Cr\u00e9dito: Divulga\u00e7\u00e3o\\\/AI Teut\u00f4nia\"},{\"@type\":\"BreadcrumbList\",\"@id\":\"https:\\\/\\\/folhapopular.info\\\/index.php\\\/2025\\\/09\\\/19\\\/show-pra-sempre-sertanejo-sera-neste-domingo-no-teatro-univates\\\/#breadcrumb\",\"itemListElement\":[{\"@type\":\"ListItem\",\"position\":1,\"name\":\"In\u00edcio\",\"item\":\"https:\\\/\\\/folhapopular.info\\\/\"},{\"@type\":\"ListItem\",\"position\":2,\"name\":\"Show Pra Sempre Sertanejo ser\u00e1 neste domingo no Teatro Univates\"}]},{\"@type\":\"WebSite\",\"@id\":\"https:\\\/\\\/folhapopular.info\\\/#website\",\"url\":\"https:\\\/\\\/folhapopular.info\\\/\",\"name\":\"Folha Popular\",\"description\":\"Onde voc\u00ea tem vez e voz\",\"potentialAction\":[{\"@type\":\"SearchAction\",\"target\":{\"@type\":\"EntryPoint\",\"urlTemplate\":\"https:\\\/\\\/folhapopular.info\\\/?s={search_term_string}\"},\"query-input\":{\"@type\":\"PropertyValueSpecification\",\"valueRequired\":true,\"valueName\":\"search_term_string\"}}],\"inLanguage\":\"pt-BR\"},{\"@type\":\"Person\",\"@id\":\"https:\\\/\\\/folhapopular.info\\\/#\\\/schema\\\/person\\\/2814e8a0df7643585a9ca38bc6eb9d4b\",\"name\":\"Reda\u00e7\u00e3o Folha Popular\",\"image\":{\"@type\":\"ImageObject\",\"inLanguage\":\"pt-BR\",\"@id\":\"https:\\\/\\\/folhapopular.info\\\/wp-content\\\/uploads\\\/2026\\\/04\\\/Folha-1.webp\",\"url\":\"https:\\\/\\\/folhapopular.info\\\/wp-content\\\/uploads\\\/2026\\\/04\\\/Folha-1.webp\",\"contentUrl\":\"https:\\\/\\\/folhapopular.info\\\/wp-content\\\/uploads\\\/2026\\\/04\\\/Folha-1.webp\",\"caption\":\"Reda\u00e7\u00e3o Folha Popular\"},\"url\":\"https:\\\/\\\/folhapopular.info\\\/index.php\\\/author\\\/redacao\\\/\"}]}<\/script>\n<!-- \/ Yoast SEO plugin. -->","yoast_head_json":{"title":"Show Pra Sempre Sertanejo ser\u00e1 neste domingo no Teatro Univates - Folha Popular","robots":{"index":"index","follow":"follow","max-snippet":"max-snippet:-1","max-image-preview":"max-image-preview:large","max-video-preview":"max-video-preview:-1"},"canonical":"https:\/\/folhapopular.info\/index.php\/2025\/09\/19\/show-pra-sempre-sertanejo-sera-neste-domingo-no-teatro-univates\/","og_locale":"pt_BR","og_type":"article","og_title":"Show Pra Sempre Sertanejo ser\u00e1 neste domingo no Teatro Univates - Folha Popular","og_description":"O Teatro Univates, em Lajeado, recebe neste domingo, 21 de setembro, \u00e0s 19h, o espet\u00e1culo Pra Sempre Sertanejo, com a Orquestra Henrique Uebel, de Teut\u00f4nia. Ap\u00f3s apresenta\u00e7\u00f5es de sucesso em Santa Catarina e Bras\u00edlia, o concerto retorna ao Vale do Taquari trazendo a fus\u00e3o entre a sonoridade orquestral e os cl\u00e1ssicos do sertanejo, em uma [&hellip;]","og_url":"https:\/\/folhapopular.info\/index.php\/2025\/09\/19\/show-pra-sempre-sertanejo-sera-neste-domingo-no-teatro-univates\/","og_site_name":"Folha Popular","article_published_time":"2025-09-19T17:17:03+00:00","article_modified_time":"2025-09-19T17:17:07+00:00","og_image":[{"width":1920,"height":2560,"url":"http:\/\/folhapopular.info\/wp-content\/uploads\/2025\/09\/WhatsApp-Image-2025-09-19-at-13.47.52-scaled.jpeg","type":"image\/jpeg"}],"author":"Reda\u00e7\u00e3o Folha Popular","twitter_card":"summary_large_image","twitter_misc":{"Escrito por":"Reda\u00e7\u00e3o Folha Popular","Est. tempo de leitura":"2 minutos"},"schema":{"@context":"https:\/\/schema.org","@graph":[{"@type":"Article","@id":"https:\/\/folhapopular.info\/index.php\/2025\/09\/19\/show-pra-sempre-sertanejo-sera-neste-domingo-no-teatro-univates\/#article","isPartOf":{"@id":"https:\/\/folhapopular.info\/index.php\/2025\/09\/19\/show-pra-sempre-sertanejo-sera-neste-domingo-no-teatro-univates\/"},"author":{"name":"Reda\u00e7\u00e3o Folha Popular","@id":"https:\/\/folhapopular.info\/#\/schema\/person\/2814e8a0df7643585a9ca38bc6eb9d4b"},"headline":"Show Pra Sempre Sertanejo ser\u00e1 neste domingo no Teatro Univates","datePublished":"2025-09-19T17:17:03+00:00","dateModified":"2025-09-19T17:17:07+00:00","mainEntityOfPage":{"@id":"https:\/\/folhapopular.info\/index.php\/2025\/09\/19\/show-pra-sempre-sertanejo-sera-neste-domingo-no-teatro-univates\/"},"wordCount":195,"commentCount":0,"image":{"@id":"https:\/\/folhapopular.info\/index.php\/2025\/09\/19\/show-pra-sempre-sertanejo-sera-neste-domingo-no-teatro-univates\/#primaryimage"},"thumbnailUrl":"https:\/\/folhapopular.info\/wp-content\/uploads\/2025\/09\/WhatsApp-Image-2025-09-19-at-13.47.52-scaled.jpeg","articleSection":["Destaques","Inclusive"],"inLanguage":"pt-BR","potentialAction":[{"@type":"CommentAction","name":"Comment","target":["https:\/\/folhapopular.info\/index.php\/2025\/09\/19\/show-pra-sempre-sertanejo-sera-neste-domingo-no-teatro-univates\/#respond"]}]},{"@type":"WebPage","@id":"https:\/\/folhapopular.info\/index.php\/2025\/09\/19\/show-pra-sempre-sertanejo-sera-neste-domingo-no-teatro-univates\/","url":"https:\/\/folhapopular.info\/index.php\/2025\/09\/19\/show-pra-sempre-sertanejo-sera-neste-domingo-no-teatro-univates\/","name":"Show Pra Sempre Sertanejo ser\u00e1 neste domingo no Teatro Univates - Folha Popular","isPartOf":{"@id":"https:\/\/folhapopular.info\/#website"},"primaryImageOfPage":{"@id":"https:\/\/folhapopular.info\/index.php\/2025\/09\/19\/show-pra-sempre-sertanejo-sera-neste-domingo-no-teatro-univates\/#primaryimage"},"image":{"@id":"https:\/\/folhapopular.info\/index.php\/2025\/09\/19\/show-pra-sempre-sertanejo-sera-neste-domingo-no-teatro-univates\/#primaryimage"},"thumbnailUrl":"https:\/\/folhapopular.info\/wp-content\/uploads\/2025\/09\/WhatsApp-Image-2025-09-19-at-13.47.52-scaled.jpeg","datePublished":"2025-09-19T17:17:03+00:00","dateModified":"2025-09-19T17:17:07+00:00","author":{"@id":"https:\/\/folhapopular.info\/#\/schema\/person\/2814e8a0df7643585a9ca38bc6eb9d4b"},"breadcrumb":{"@id":"https:\/\/folhapopular.info\/index.php\/2025\/09\/19\/show-pra-sempre-sertanejo-sera-neste-domingo-no-teatro-univates\/#breadcrumb"},"inLanguage":"pt-BR","potentialAction":[{"@type":"ReadAction","target":["https:\/\/folhapopular.info\/index.php\/2025\/09\/19\/show-pra-sempre-sertanejo-sera-neste-domingo-no-teatro-univates\/"]}]},{"@type":"ImageObject","inLanguage":"pt-BR","@id":"https:\/\/folhapopular.info\/index.php\/2025\/09\/19\/show-pra-sempre-sertanejo-sera-neste-domingo-no-teatro-univates\/#primaryimage","url":"https:\/\/folhapopular.info\/wp-content\/uploads\/2025\/09\/WhatsApp-Image-2025-09-19-at-13.47.52-scaled.jpeg","contentUrl":"https:\/\/folhapopular.info\/wp-content\/uploads\/2025\/09\/WhatsApp-Image-2025-09-19-at-13.47.52-scaled.jpeg","width":1920,"height":2560,"caption":"Cr\u00e9dito: Divulga\u00e7\u00e3o\/AI Teut\u00f4nia"},{"@type":"BreadcrumbList","@id":"https:\/\/folhapopular.info\/index.php\/2025\/09\/19\/show-pra-sempre-sertanejo-sera-neste-domingo-no-teatro-univates\/#breadcrumb","itemListElement":[{"@type":"ListItem","position":1,"name":"In\u00edcio","item":"https:\/\/folhapopular.info\/"},{"@type":"ListItem","position":2,"name":"Show Pra Sempre Sertanejo ser\u00e1 neste domingo no Teatro Univates"}]},{"@type":"WebSite","@id":"https:\/\/folhapopular.info\/#website","url":"https:\/\/folhapopular.info\/","name":"Folha Popular","description":"Onde voc\u00ea tem vez e voz","potentialAction":[{"@type":"SearchAction","target":{"@type":"EntryPoint","urlTemplate":"https:\/\/folhapopular.info\/?s={search_term_string}"},"query-input":{"@type":"PropertyValueSpecification","valueRequired":true,"valueName":"search_term_string"}}],"inLanguage":"pt-BR"},{"@type":"Person","@id":"https:\/\/folhapopular.info\/#\/schema\/person\/2814e8a0df7643585a9ca38bc6eb9d4b","name":"Reda\u00e7\u00e3o Folha Popular","image":{"@type":"ImageObject","inLanguage":"pt-BR","@id":"https:\/\/folhapopular.info\/wp-content\/uploads\/2026\/04\/Folha-1.webp","url":"https:\/\/folhapopular.info\/wp-content\/uploads\/2026\/04\/Folha-1.webp","contentUrl":"https:\/\/folhapopular.info\/wp-content\/uploads\/2026\/04\/Folha-1.webp","caption":"Reda\u00e7\u00e3o Folha Popular"},"url":"https:\/\/folhapopular.info\/index.php\/author\/redacao\/"}]}},"jetpack_sharing_enabled":true,"amp_enabled":true,"jetpack_featured_media_url":"https:\/\/folhapopular.info\/wp-content\/uploads\/2025\/09\/WhatsApp-Image-2025-09-19-at-13.47.52-scaled.jpeg","_links":{"self":[{"href":"https:\/\/folhapopular.info\/index.php\/wp-json\/wp\/v2\/posts\/194461","targetHints":{"allow":["GET"]}}],"collection":[{"href":"https:\/\/folhapopular.info\/index.php\/wp-json\/wp\/v2\/posts"}],"about":[{"href":"https:\/\/folhapopular.info\/index.php\/wp-json\/wp\/v2\/types\/post"}],"author":[{"embeddable":true,"href":"https:\/\/folhapopular.info\/index.php\/wp-json\/wp\/v2\/users\/8"}],"replies":[{"embeddable":true,"href":"https:\/\/folhapopular.info\/index.php\/wp-json\/wp\/v2\/comments?post=194461"}],"version-history":[{"count":0,"href":"https:\/\/folhapopular.info\/index.php\/wp-json\/wp\/v2\/posts\/194461\/revisions"}],"wp:featuredmedia":[{"embeddable":true,"href":"https:\/\/folhapopular.info\/index.php\/wp-json\/wp\/v2\/media\/194462"}],"wp:attachment":[{"href":"https:\/\/folhapopular.info\/index.php\/wp-json\/wp\/v2\/media?parent=194461"}],"wp:term":[{"taxonomy":"category","embeddable":true,"href":"https:\/\/folhapopular.info\/index.php\/wp-json\/wp\/v2\/categories?post=194461"},{"taxonomy":"post_tag","embeddable":true,"href":"https:\/\/folhapopular.info\/index.php\/wp-json\/wp\/v2\/tags?post=194461"}],"curies":[{"name":"wp","href":"https:\/\/api.w.org\/{rel}","templated":true}]}}