{"id":194526,"date":"2025-09-21T10:00:00","date_gmt":"2025-09-21T13:00:00","guid":{"rendered":"https:\/\/folhapopular.info\/?p=194526"},"modified":"2025-09-22T07:55:44","modified_gmt":"2025-09-22T10:55:44","slug":"de-paverama-fazenda-cabreuva-tem-animais-premiados-na-expointer","status":"publish","type":"post","link":"https:\/\/folhapopular.info\/index.php\/2025\/09\/21\/de-paverama-fazenda-cabreuva-tem-animais-premiados-na-expointer\/","title":{"rendered":"De Paverama, Fazenda Cabre\u00fava tem animais premiados na Expointer"},"content":{"rendered":"\n<p>A Fazenda Cabre\u00fava, localizada em Paverama, teve participa\u00e7\u00e3o de destaque na Expointer 2025. Com premia\u00e7\u00f5es importantes nos julgamentos de Nelore e Nelore Pelagens, os animais da propriedade chamaram aten\u00e7\u00e3o dos jurados e do p\u00fablico presente.<\/p>\n\n\n\n<p>As premia\u00e7\u00f5es da Fazenda Cabre\u00fava inclu\u00edram diversos t\u00edtulos para o plantel, como o de Reservada Grande Campe\u00e3, alcan\u00e7ando o segundo lugar entre todas as f\u00eameas \u2013 uma das premia\u00e7\u00f5es de maior peso no julgamento. Outro exemplar da fazenda tamb\u00e9m se destacou, conquistando o 5\u00ba lugar no Grande Campeonato de F\u00eameas.<\/p>\n\n\n\n<p>J\u00e1 no julgamento de Nelore Padr\u00e3o, um terceiro animal da Cabre\u00fava venceu em sua categoria, refor\u00e7ando a qualidade gen\u00e9tica e o excelente preparo dos exemplares da fazenda.<\/p>\n\n\n\n<p>O empreendimento \u00e9 comandado por Roni Vieira Sarmento, Eliana da Silva e a sucessora, a filha Let\u00edcia Vieira Sarmento.<\/p>\n\n\n\n<p>Al\u00e9m das premia\u00e7\u00f5es, Let\u00edcia atuou nos bastidores da feira, auxiliando na organiza\u00e7\u00e3o da AsulZebu, o que refor\u00e7a seu envolvimento crescente com o setor. A jovem criadora relata que sua trajet\u00f3ria na Expointer come\u00e7ou h\u00e1 anos como visitante, depois como expositora e, em 2025, tamb\u00e9m como membro ativa da organiza\u00e7\u00e3o da AsulZebu.<\/p>\n\n\n\n<p>\u201cEstar ali com meu pai e nossos animais t\u00eam um significado muito especial. A feira \u00e9 um espa\u00e7o de crescimento, de aprendizado e de muitas oportunidades. Poder participar ativamente \u00e9 muito gratificante\u201d, afirma a jovem.<\/p>\n\n\n\n<p>Em 2024, a Fazenda Cabre\u00fava conquistou tr\u00eas premia\u00e7\u00f5es com duas novilhas do plantel, o que incentivou a entrega de uma Mo\u00e7\u00e3o de Congratula\u00e7\u00e3o pelos vereadores de Paverama, em reconhecimento ao trabalho desenvolvido com os animais Nelore Pelagens.<\/p>\n\n\n\n<figure class=\"wp-block-image size-large\"><img loading=\"lazy\" decoding=\"async\" width=\"768\" height=\"1024\" src=\"https:\/\/folhapopular.info\/wp-content\/uploads\/2025\/09\/WhatsApp-Image-2025-09-20-at-08.35.13-768x1024.jpeg\" alt=\"\" class=\"wp-image-194530\" srcset=\"https:\/\/folhapopular.info\/wp-content\/uploads\/2025\/09\/WhatsApp-Image-2025-09-20-at-08.35.13-768x1024.jpeg 768w, https:\/\/folhapopular.info\/wp-content\/uploads\/2025\/09\/WhatsApp-Image-2025-09-20-at-08.35.13-225x300.jpeg 225w, https:\/\/folhapopular.info\/wp-content\/uploads\/2025\/09\/WhatsApp-Image-2025-09-20-at-08.35.13-1152x1536.jpeg 1152w, https:\/\/folhapopular.info\/wp-content\/uploads\/2025\/09\/WhatsApp-Image-2025-09-20-at-08.35.13-315x420.jpeg 315w, https:\/\/folhapopular.info\/wp-content\/uploads\/2025\/09\/WhatsApp-Image-2025-09-20-at-08.35.13-696x928.jpeg 696w, https:\/\/folhapopular.info\/wp-content\/uploads\/2025\/09\/WhatsApp-Image-2025-09-20-at-08.35.13-1068x1424.jpeg 1068w, https:\/\/folhapopular.info\/wp-content\/uploads\/2025\/09\/WhatsApp-Image-2025-09-20-at-08.35.13.jpeg 1200w\" sizes=\"auto, (max-width: 768px) 100vw, 768px\" \/><figcaption class=\"wp-element-caption\">Jackson Tomas, Isadora Feyh e a filha Mariana com o touro Grande Campe\u00e3o da Ra\u00e7a Nelore Pelagens \/ Cr\u00e9dito: Arquivo Pessoal<\/figcaption><\/figure>\n\n\n\n<p><strong>Primeira vez<\/strong><\/p>\n\n\n\n<p>Propriet\u00e1rio da C<a href=\"https:\/\/www.instagram.com\/cabanha_cambota\/#\">abanha Cambota<\/a>, Jackson Tomas, de Triunfo, \u00e9 entusiasta da ra\u00e7a Nelore Pelagens desde 2018 e realizou um sonho antigo ao estrear com premia\u00e7\u00e3o na Expointer 2025 com um touro da ra\u00e7a, adquirido especialmente para a ocasi\u00e3o.<\/p>\n\n\n\n<p>Avaliado por sua morfologia &#8211; crit\u00e9rio que considera forma e estrutura -, o animal foi campe\u00e3o Touro J\u00fanior e o grande campe\u00e3o da ra\u00e7a Nelore Pelagens. O touro foi trazido de Santa Catarina ap\u00f3s ser comprado em janeiro deste ano do Rancho Dom Alonso, tamb\u00e9m expositor na feira.<\/p>\n\n\n\n<p>A participa\u00e7\u00e3o marca a primeira vez que Jackson leva um touro \u00e0 Expointer. Em anos anteriores, ele havia competido em categorias diferentes, como a de ovelhas. A decis\u00e3o de investir no Nelore Pelagens veio depois que ele acompanhou o julgamento da ra\u00e7a na feira pela primeira vez em 2024, junto da esposa Isadora Feyh e da filha Mariana. A experi\u00eancia motivou a fam\u00edlia do criador a estabelecer como meta levar um exemplar pr\u00f3prio no ano seguinte.<\/p>\n\n\n\n<p>O touro escolhido \u00e9 considerado um exemplar de alto padr\u00e3o gen\u00e9tico, com origem exclusiva por laborat\u00f3rio, caracter\u00edstica valorizada no meio. Toda a prepara\u00e7\u00e3o do animal para a feira ficou sob responsabilidade do pr\u00f3prio Rancho Dom Alonso, experiente em eventos desse porte. O cuidado inclui alimenta\u00e7\u00e3o especial e manejo espec\u00edfico.<\/p>\n\n\n\n<p>\u201cEstamos muito satisfeitos com o resultado, especialmente porque o touro j\u00e1 chegou com boa expectativa de premia\u00e7\u00e3o. O animal \u00e9 realmente muito bonito e bem estruturado\u201d, comentou Jackson.<\/p>\n\n\n\n<p>Animado com o retorno, o propriet\u00e1rio da Cabanha Cambota planeja voltar \u00e0 Expointer em 2026 com mais animais. A inten\u00e7\u00e3o \u00e9 levar novamente o touro e, possivelmente, uma terneira, fruto da cobertura do exemplar. Al\u00e9m disso, o criador pretende iniciar a comercializa\u00e7\u00e3o do s\u00eamen do animal, valorizando sua pureza gen\u00e9tica e potencial reprodutivo.<\/p>\n\n\n\n<p><\/p>\n","protected":false},"excerpt":{"rendered":"<p>A Fazenda Cabre\u00fava, localizada em Paverama, teve participa\u00e7\u00e3o de destaque na Expointer 2025. Com premia\u00e7\u00f5es importantes nos julgamentos de Nelore e Nelore Pelagens, os animais da propriedade chamaram aten\u00e7\u00e3o dos jurados e do p\u00fablico presente. As premia\u00e7\u00f5es da Fazenda Cabre\u00fava inclu\u00edram diversos t\u00edtulos para o plantel, como o de Reservada Grande Campe\u00e3, alcan\u00e7ando o segundo [&hellip;]<\/p>\n","protected":false},"author":773,"featured_media":194529,"comment_status":"open","ping_status":"open","sticky":false,"template":"","format":"standard","meta":{"pmpro_default_level":"","_jetpack_memberships_contains_paid_content":false,"footnotes":""},"categories":[2,10991,10994],"tags":[6002,19538,19539,46],"class_list":{"0":"post-194526","1":"post","2":"type-post","3":"status-publish","4":"format-standard","5":"has-post-thumbnail","7":"category-featured","8":"category-economia","9":"category-rural","10":"tag-expointer","11":"tag-fazenda-cabreuva","12":"tag-nelore","13":"tag-paverama","14":"pmpro-has-access"},"yoast_head":"<!-- This site is optimized with the Yoast SEO plugin v27.5 - https:\/\/yoast.com\/product\/yoast-seo-wordpress\/ -->\n<title>De Paverama, Fazenda Cabre\u00fava tem animais premiados na Expointer - Folha Popular<\/title>\n<meta name=\"robots\" content=\"index, follow, max-snippet:-1, max-image-preview:large, max-video-preview:-1\" \/>\n<link rel=\"canonical\" href=\"https:\/\/folhapopular.info\/index.php\/2025\/09\/21\/de-paverama-fazenda-cabreuva-tem-animais-premiados-na-expointer\/\" \/>\n<meta property=\"og:locale\" content=\"pt_BR\" \/>\n<meta property=\"og:type\" content=\"article\" \/>\n<meta property=\"og:title\" content=\"De Paverama, Fazenda Cabre\u00fava tem animais premiados na Expointer - Folha Popular\" \/>\n<meta property=\"og:description\" content=\"A Fazenda Cabre\u00fava, localizada em Paverama, teve participa\u00e7\u00e3o de destaque na Expointer 2025. Com premia\u00e7\u00f5es importantes nos julgamentos de Nelore e Nelore Pelagens, os animais da propriedade chamaram aten\u00e7\u00e3o dos jurados e do p\u00fablico presente. As premia\u00e7\u00f5es da Fazenda Cabre\u00fava inclu\u00edram diversos t\u00edtulos para o plantel, como o de Reservada Grande Campe\u00e3, alcan\u00e7ando o segundo [&hellip;]\" \/>\n<meta property=\"og:url\" content=\"https:\/\/folhapopular.info\/index.php\/2025\/09\/21\/de-paverama-fazenda-cabreuva-tem-animais-premiados-na-expointer\/\" \/>\n<meta property=\"og:site_name\" content=\"Folha Popular\" \/>\n<meta property=\"article:published_time\" content=\"2025-09-21T13:00:00+00:00\" \/>\n<meta property=\"article:modified_time\" content=\"2025-09-22T10:55:44+00:00\" \/>\n<meta property=\"og:image\" content=\"http:\/\/folhapopular.info\/wp-content\/uploads\/2025\/09\/WhatsApp-Image-2025-09-20-at-08.35.12.jpeg\" \/>\n\t<meta property=\"og:image:width\" content=\"960\" \/>\n\t<meta property=\"og:image:height\" content=\"1280\" \/>\n\t<meta property=\"og:image:type\" content=\"image\/jpeg\" \/>\n<meta name=\"author\" content=\"Gabriely Hartmann Mallmann\" \/>\n<meta name=\"twitter:card\" content=\"summary_large_image\" \/>\n<meta name=\"twitter:label1\" content=\"Escrito por\" \/>\n\t<meta name=\"twitter:data1\" content=\"Gabriely Hartmann Mallmann\" \/>\n\t<meta name=\"twitter:label2\" content=\"Est. tempo de leitura\" \/>\n\t<meta name=\"twitter:data2\" content=\"4 minutos\" \/>\n<script type=\"application\/ld+json\" class=\"yoast-schema-graph\">{\"@context\":\"https:\\\/\\\/schema.org\",\"@graph\":[{\"@type\":\"Article\",\"@id\":\"https:\\\/\\\/folhapopular.info\\\/index.php\\\/2025\\\/09\\\/21\\\/de-paverama-fazenda-cabreuva-tem-animais-premiados-na-expointer\\\/#article\",\"isPartOf\":{\"@id\":\"https:\\\/\\\/folhapopular.info\\\/index.php\\\/2025\\\/09\\\/21\\\/de-paverama-fazenda-cabreuva-tem-animais-premiados-na-expointer\\\/\"},\"author\":{\"name\":\"Gabriely Hartmann Mallmann\",\"@id\":\"https:\\\/\\\/folhapopular.info\\\/#\\\/schema\\\/person\\\/41b3bb1ecf6e33e81cbab2c29b178754\"},\"headline\":\"De Paverama, Fazenda Cabre\u00fava tem animais premiados na Expointer\",\"datePublished\":\"2025-09-21T13:00:00+00:00\",\"dateModified\":\"2025-09-22T10:55:44+00:00\",\"mainEntityOfPage\":{\"@id\":\"https:\\\/\\\/folhapopular.info\\\/index.php\\\/2025\\\/09\\\/21\\\/de-paverama-fazenda-cabreuva-tem-animais-premiados-na-expointer\\\/\"},\"wordCount\":631,\"commentCount\":0,\"image\":{\"@id\":\"https:\\\/\\\/folhapopular.info\\\/index.php\\\/2025\\\/09\\\/21\\\/de-paverama-fazenda-cabreuva-tem-animais-premiados-na-expointer\\\/#primaryimage\"},\"thumbnailUrl\":\"https:\\\/\\\/folhapopular.info\\\/wp-content\\\/uploads\\\/2025\\\/09\\\/WhatsApp-Image-2025-09-20-at-08.35.12.jpeg\",\"keywords\":[\"Expointer\",\"Fazenda Cabre\u00fava\",\"Nelore\",\"Paverama\"],\"articleSection\":[\"Destaques\",\"Economia\",\"Rural\"],\"inLanguage\":\"pt-BR\",\"potentialAction\":[{\"@type\":\"CommentAction\",\"name\":\"Comment\",\"target\":[\"https:\\\/\\\/folhapopular.info\\\/index.php\\\/2025\\\/09\\\/21\\\/de-paverama-fazenda-cabreuva-tem-animais-premiados-na-expointer\\\/#respond\"]}]},{\"@type\":\"WebPage\",\"@id\":\"https:\\\/\\\/folhapopular.info\\\/index.php\\\/2025\\\/09\\\/21\\\/de-paverama-fazenda-cabreuva-tem-animais-premiados-na-expointer\\\/\",\"url\":\"https:\\\/\\\/folhapopular.info\\\/index.php\\\/2025\\\/09\\\/21\\\/de-paverama-fazenda-cabreuva-tem-animais-premiados-na-expointer\\\/\",\"name\":\"De Paverama, Fazenda Cabre\u00fava tem animais premiados na Expointer - Folha Popular\",\"isPartOf\":{\"@id\":\"https:\\\/\\\/folhapopular.info\\\/#website\"},\"primaryImageOfPage\":{\"@id\":\"https:\\\/\\\/folhapopular.info\\\/index.php\\\/2025\\\/09\\\/21\\\/de-paverama-fazenda-cabreuva-tem-animais-premiados-na-expointer\\\/#primaryimage\"},\"image\":{\"@id\":\"https:\\\/\\\/folhapopular.info\\\/index.php\\\/2025\\\/09\\\/21\\\/de-paverama-fazenda-cabreuva-tem-animais-premiados-na-expointer\\\/#primaryimage\"},\"thumbnailUrl\":\"https:\\\/\\\/folhapopular.info\\\/wp-content\\\/uploads\\\/2025\\\/09\\\/WhatsApp-Image-2025-09-20-at-08.35.12.jpeg\",\"datePublished\":\"2025-09-21T13:00:00+00:00\",\"dateModified\":\"2025-09-22T10:55:44+00:00\",\"author\":{\"@id\":\"https:\\\/\\\/folhapopular.info\\\/#\\\/schema\\\/person\\\/41b3bb1ecf6e33e81cbab2c29b178754\"},\"breadcrumb\":{\"@id\":\"https:\\\/\\\/folhapopular.info\\\/index.php\\\/2025\\\/09\\\/21\\\/de-paverama-fazenda-cabreuva-tem-animais-premiados-na-expointer\\\/#breadcrumb\"},\"inLanguage\":\"pt-BR\",\"potentialAction\":[{\"@type\":\"ReadAction\",\"target\":[\"https:\\\/\\\/folhapopular.info\\\/index.php\\\/2025\\\/09\\\/21\\\/de-paverama-fazenda-cabreuva-tem-animais-premiados-na-expointer\\\/\"]}]},{\"@type\":\"ImageObject\",\"inLanguage\":\"pt-BR\",\"@id\":\"https:\\\/\\\/folhapopular.info\\\/index.php\\\/2025\\\/09\\\/21\\\/de-paverama-fazenda-cabreuva-tem-animais-premiados-na-expointer\\\/#primaryimage\",\"url\":\"https:\\\/\\\/folhapopular.info\\\/wp-content\\\/uploads\\\/2025\\\/09\\\/WhatsApp-Image-2025-09-20-at-08.35.12.jpeg\",\"contentUrl\":\"https:\\\/\\\/folhapopular.info\\\/wp-content\\\/uploads\\\/2025\\\/09\\\/WhatsApp-Image-2025-09-20-at-08.35.12.jpeg\",\"width\":960,\"height\":1280,\"caption\":\"Let\u00edcia Vieira Sarmento com os pais, Roni e Eliana e a Reservada Grande Campe\u00e3 \\\/ Cr\u00e9dito: Arquivo Pessoal\"},{\"@type\":\"BreadcrumbList\",\"@id\":\"https:\\\/\\\/folhapopular.info\\\/index.php\\\/2025\\\/09\\\/21\\\/de-paverama-fazenda-cabreuva-tem-animais-premiados-na-expointer\\\/#breadcrumb\",\"itemListElement\":[{\"@type\":\"ListItem\",\"position\":1,\"name\":\"In\u00edcio\",\"item\":\"https:\\\/\\\/folhapopular.info\\\/\"},{\"@type\":\"ListItem\",\"position\":2,\"name\":\"De Paverama, Fazenda Cabre\u00fava tem animais premiados na Expointer\"}]},{\"@type\":\"WebSite\",\"@id\":\"https:\\\/\\\/folhapopular.info\\\/#website\",\"url\":\"https:\\\/\\\/folhapopular.info\\\/\",\"name\":\"Folha Popular\",\"description\":\"Onde voc\u00ea tem vez e voz\",\"potentialAction\":[{\"@type\":\"SearchAction\",\"target\":{\"@type\":\"EntryPoint\",\"urlTemplate\":\"https:\\\/\\\/folhapopular.info\\\/?s={search_term_string}\"},\"query-input\":{\"@type\":\"PropertyValueSpecification\",\"valueRequired\":true,\"valueName\":\"search_term_string\"}}],\"inLanguage\":\"pt-BR\"},{\"@type\":\"Person\",\"@id\":\"https:\\\/\\\/folhapopular.info\\\/#\\\/schema\\\/person\\\/41b3bb1ecf6e33e81cbab2c29b178754\",\"name\":\"Gabriely Hartmann Mallmann\",\"image\":{\"@type\":\"ImageObject\",\"inLanguage\":\"pt-BR\",\"@id\":\"https:\\\/\\\/secure.gravatar.com\\\/avatar\\\/92999d30b0cc9bf49e6aa3c07c592bb06855a37dcfbdc7bbe6567a4637e999ce?s=96&d=mm&r=g\",\"url\":\"https:\\\/\\\/secure.gravatar.com\\\/avatar\\\/92999d30b0cc9bf49e6aa3c07c592bb06855a37dcfbdc7bbe6567a4637e999ce?s=96&d=mm&r=g\",\"contentUrl\":\"https:\\\/\\\/secure.gravatar.com\\\/avatar\\\/92999d30b0cc9bf49e6aa3c07c592bb06855a37dcfbdc7bbe6567a4637e999ce?s=96&d=mm&r=g\",\"caption\":\"Gabriely Hartmann Mallmann\"},\"url\":\"https:\\\/\\\/folhapopular.info\\\/index.php\\\/author\\\/gabriely-hartmann-mallmann\\\/\"}]}<\/script>\n<!-- \/ Yoast SEO plugin. -->","yoast_head_json":{"title":"De Paverama, Fazenda Cabre\u00fava tem animais premiados na Expointer - Folha Popular","robots":{"index":"index","follow":"follow","max-snippet":"max-snippet:-1","max-image-preview":"max-image-preview:large","max-video-preview":"max-video-preview:-1"},"canonical":"https:\/\/folhapopular.info\/index.php\/2025\/09\/21\/de-paverama-fazenda-cabreuva-tem-animais-premiados-na-expointer\/","og_locale":"pt_BR","og_type":"article","og_title":"De Paverama, Fazenda Cabre\u00fava tem animais premiados na Expointer - Folha Popular","og_description":"A Fazenda Cabre\u00fava, localizada em Paverama, teve participa\u00e7\u00e3o de destaque na Expointer 2025. Com premia\u00e7\u00f5es importantes nos julgamentos de Nelore e Nelore Pelagens, os animais da propriedade chamaram aten\u00e7\u00e3o dos jurados e do p\u00fablico presente. As premia\u00e7\u00f5es da Fazenda Cabre\u00fava inclu\u00edram diversos t\u00edtulos para o plantel, como o de Reservada Grande Campe\u00e3, alcan\u00e7ando o segundo [&hellip;]","og_url":"https:\/\/folhapopular.info\/index.php\/2025\/09\/21\/de-paverama-fazenda-cabreuva-tem-animais-premiados-na-expointer\/","og_site_name":"Folha Popular","article_published_time":"2025-09-21T13:00:00+00:00","article_modified_time":"2025-09-22T10:55:44+00:00","og_image":[{"width":960,"height":1280,"url":"http:\/\/folhapopular.info\/wp-content\/uploads\/2025\/09\/WhatsApp-Image-2025-09-20-at-08.35.12.jpeg","type":"image\/jpeg"}],"author":"Gabriely Hartmann Mallmann","twitter_card":"summary_large_image","twitter_misc":{"Escrito por":"Gabriely Hartmann Mallmann","Est. tempo de leitura":"4 minutos"},"schema":{"@context":"https:\/\/schema.org","@graph":[{"@type":"Article","@id":"https:\/\/folhapopular.info\/index.php\/2025\/09\/21\/de-paverama-fazenda-cabreuva-tem-animais-premiados-na-expointer\/#article","isPartOf":{"@id":"https:\/\/folhapopular.info\/index.php\/2025\/09\/21\/de-paverama-fazenda-cabreuva-tem-animais-premiados-na-expointer\/"},"author":{"name":"Gabriely Hartmann Mallmann","@id":"https:\/\/folhapopular.info\/#\/schema\/person\/41b3bb1ecf6e33e81cbab2c29b178754"},"headline":"De Paverama, Fazenda Cabre\u00fava tem animais premiados na Expointer","datePublished":"2025-09-21T13:00:00+00:00","dateModified":"2025-09-22T10:55:44+00:00","mainEntityOfPage":{"@id":"https:\/\/folhapopular.info\/index.php\/2025\/09\/21\/de-paverama-fazenda-cabreuva-tem-animais-premiados-na-expointer\/"},"wordCount":631,"commentCount":0,"image":{"@id":"https:\/\/folhapopular.info\/index.php\/2025\/09\/21\/de-paverama-fazenda-cabreuva-tem-animais-premiados-na-expointer\/#primaryimage"},"thumbnailUrl":"https:\/\/folhapopular.info\/wp-content\/uploads\/2025\/09\/WhatsApp-Image-2025-09-20-at-08.35.12.jpeg","keywords":["Expointer","Fazenda Cabre\u00fava","Nelore","Paverama"],"articleSection":["Destaques","Economia","Rural"],"inLanguage":"pt-BR","potentialAction":[{"@type":"CommentAction","name":"Comment","target":["https:\/\/folhapopular.info\/index.php\/2025\/09\/21\/de-paverama-fazenda-cabreuva-tem-animais-premiados-na-expointer\/#respond"]}]},{"@type":"WebPage","@id":"https:\/\/folhapopular.info\/index.php\/2025\/09\/21\/de-paverama-fazenda-cabreuva-tem-animais-premiados-na-expointer\/","url":"https:\/\/folhapopular.info\/index.php\/2025\/09\/21\/de-paverama-fazenda-cabreuva-tem-animais-premiados-na-expointer\/","name":"De Paverama, Fazenda Cabre\u00fava tem animais premiados na Expointer - Folha Popular","isPartOf":{"@id":"https:\/\/folhapopular.info\/#website"},"primaryImageOfPage":{"@id":"https:\/\/folhapopular.info\/index.php\/2025\/09\/21\/de-paverama-fazenda-cabreuva-tem-animais-premiados-na-expointer\/#primaryimage"},"image":{"@id":"https:\/\/folhapopular.info\/index.php\/2025\/09\/21\/de-paverama-fazenda-cabreuva-tem-animais-premiados-na-expointer\/#primaryimage"},"thumbnailUrl":"https:\/\/folhapopular.info\/wp-content\/uploads\/2025\/09\/WhatsApp-Image-2025-09-20-at-08.35.12.jpeg","datePublished":"2025-09-21T13:00:00+00:00","dateModified":"2025-09-22T10:55:44+00:00","author":{"@id":"https:\/\/folhapopular.info\/#\/schema\/person\/41b3bb1ecf6e33e81cbab2c29b178754"},"breadcrumb":{"@id":"https:\/\/folhapopular.info\/index.php\/2025\/09\/21\/de-paverama-fazenda-cabreuva-tem-animais-premiados-na-expointer\/#breadcrumb"},"inLanguage":"pt-BR","potentialAction":[{"@type":"ReadAction","target":["https:\/\/folhapopular.info\/index.php\/2025\/09\/21\/de-paverama-fazenda-cabreuva-tem-animais-premiados-na-expointer\/"]}]},{"@type":"ImageObject","inLanguage":"pt-BR","@id":"https:\/\/folhapopular.info\/index.php\/2025\/09\/21\/de-paverama-fazenda-cabreuva-tem-animais-premiados-na-expointer\/#primaryimage","url":"https:\/\/folhapopular.info\/wp-content\/uploads\/2025\/09\/WhatsApp-Image-2025-09-20-at-08.35.12.jpeg","contentUrl":"https:\/\/folhapopular.info\/wp-content\/uploads\/2025\/09\/WhatsApp-Image-2025-09-20-at-08.35.12.jpeg","width":960,"height":1280,"caption":"Let\u00edcia Vieira Sarmento com os pais, Roni e Eliana e a Reservada Grande Campe\u00e3 \/ Cr\u00e9dito: Arquivo Pessoal"},{"@type":"BreadcrumbList","@id":"https:\/\/folhapopular.info\/index.php\/2025\/09\/21\/de-paverama-fazenda-cabreuva-tem-animais-premiados-na-expointer\/#breadcrumb","itemListElement":[{"@type":"ListItem","position":1,"name":"In\u00edcio","item":"https:\/\/folhapopular.info\/"},{"@type":"ListItem","position":2,"name":"De Paverama, Fazenda Cabre\u00fava tem animais premiados na Expointer"}]},{"@type":"WebSite","@id":"https:\/\/folhapopular.info\/#website","url":"https:\/\/folhapopular.info\/","name":"Folha Popular","description":"Onde voc\u00ea tem vez e voz","potentialAction":[{"@type":"SearchAction","target":{"@type":"EntryPoint","urlTemplate":"https:\/\/folhapopular.info\/?s={search_term_string}"},"query-input":{"@type":"PropertyValueSpecification","valueRequired":true,"valueName":"search_term_string"}}],"inLanguage":"pt-BR"},{"@type":"Person","@id":"https:\/\/folhapopular.info\/#\/schema\/person\/41b3bb1ecf6e33e81cbab2c29b178754","name":"Gabriely Hartmann Mallmann","image":{"@type":"ImageObject","inLanguage":"pt-BR","@id":"https:\/\/secure.gravatar.com\/avatar\/92999d30b0cc9bf49e6aa3c07c592bb06855a37dcfbdc7bbe6567a4637e999ce?s=96&d=mm&r=g","url":"https:\/\/secure.gravatar.com\/avatar\/92999d30b0cc9bf49e6aa3c07c592bb06855a37dcfbdc7bbe6567a4637e999ce?s=96&d=mm&r=g","contentUrl":"https:\/\/secure.gravatar.com\/avatar\/92999d30b0cc9bf49e6aa3c07c592bb06855a37dcfbdc7bbe6567a4637e999ce?s=96&d=mm&r=g","caption":"Gabriely Hartmann Mallmann"},"url":"https:\/\/folhapopular.info\/index.php\/author\/gabriely-hartmann-mallmann\/"}]}},"jetpack_featured_media_url":"https:\/\/folhapopular.info\/wp-content\/uploads\/2025\/09\/WhatsApp-Image-2025-09-20-at-08.35.12.jpeg","jetpack_sharing_enabled":true,"amp_enabled":true,"_links":{"self":[{"href":"https:\/\/folhapopular.info\/index.php\/wp-json\/wp\/v2\/posts\/194526","targetHints":{"allow":["GET"]}}],"collection":[{"href":"https:\/\/folhapopular.info\/index.php\/wp-json\/wp\/v2\/posts"}],"about":[{"href":"https:\/\/folhapopular.info\/index.php\/wp-json\/wp\/v2\/types\/post"}],"author":[{"embeddable":true,"href":"https:\/\/folhapopular.info\/index.php\/wp-json\/wp\/v2\/users\/773"}],"replies":[{"embeddable":true,"href":"https:\/\/folhapopular.info\/index.php\/wp-json\/wp\/v2\/comments?post=194526"}],"version-history":[{"count":0,"href":"https:\/\/folhapopular.info\/index.php\/wp-json\/wp\/v2\/posts\/194526\/revisions"}],"wp:featuredmedia":[{"embeddable":true,"href":"https:\/\/folhapopular.info\/index.php\/wp-json\/wp\/v2\/media\/194529"}],"wp:attachment":[{"href":"https:\/\/folhapopular.info\/index.php\/wp-json\/wp\/v2\/media?parent=194526"}],"wp:term":[{"taxonomy":"category","embeddable":true,"href":"https:\/\/folhapopular.info\/index.php\/wp-json\/wp\/v2\/categories?post=194526"},{"taxonomy":"post_tag","embeddable":true,"href":"https:\/\/folhapopular.info\/index.php\/wp-json\/wp\/v2\/tags?post=194526"}],"curies":[{"name":"wp","href":"https:\/\/api.w.org\/{rel}","templated":true}]}}