{"id":194591,"date":"2025-09-22T08:40:16","date_gmt":"2025-09-22T11:40:16","guid":{"rendered":"https:\/\/folhapopular.info\/?p=194591"},"modified":"2025-09-22T08:40:19","modified_gmt":"2025-09-22T11:40:19","slug":"seminario-regional-em-taquari-vai-debater-a-silvicultura-como-alternativa-para-a-agricultura-familiar","status":"publish","type":"post","link":"https:\/\/folhapopular.info\/index.php\/2025\/09\/22\/seminario-regional-em-taquari-vai-debater-a-silvicultura-como-alternativa-para-a-agricultura-familiar\/","title":{"rendered":"Semin\u00e1rio Regional em Taquari vai debater a silvicultura como alternativa para a agricultura familiar"},"content":{"rendered":"\n<p>Nesta quinta-feira (25\/9) Taquari sediar\u00e1 o Semin\u00e1rio Regional de Silvicultura, com in\u00edcio \u00e0s 13h, na sede da Associa\u00e7\u00e3o dos Funcion\u00e1rios da Certaja, localizada na Rodovia Aleixo Rocha da Silva. O objetivo principal do evento \u00e9 retomar o debate sobre a atividade florestal no Vale do Taquari, destacando seu potencial como alternativa de cultivo para a agricultura familiar.<\/p>\n\n\n\n<p>As inscri\u00e7\u00f5es s\u00e3o gratuitas e podem ser feitas at\u00e9 hoje (22\/9), pelo WhatsApp: (51) 99817-0713.<\/p>\n\n\n\n<p>A iniciativa \u00e9 promovida pela Emater\/RS-Ascar, em parceria com a Secretaria de Desenvolvimento Rural (SDR) do Governo do Estado e a Prefeitura de Taquari. A programa\u00e7\u00e3o inclui palestras e pain\u00e9is sobre temas relevantes, como o uso da floresta em pequenas propriedades, sistemas silvipastoris, restaura\u00e7\u00e3o de matas ciliares, fomento florestal, e os principais desafios no cultivo do eucalipto.<\/p>\n\n\n\n<p>Al\u00e9m das discuss\u00f5es t\u00e9cnicas, o evento contar\u00e1 com uma exposi\u00e7\u00e3o de insumos, equipamentos e m\u00e1quinas voltadas ao setor florestal. \u201cA ideia \u00e9 a de promover um amplo debate sobre o assunto, com o envolvimento de agricultores, t\u00e9cnicos e representantes de entidades\u201d, destaca \u00c1lvaro Mallmann, extensionista da Emater\/RS-Ascar.<\/p>\n\n\n\n<p>O semin\u00e1rio conta com o apoio da Certaja Energia, Certaja Desenvolvimento, Ageflor, Afubra, Sicredi, Crie\/Univates, Sindicato Rural de Taquari, Dexco S.A. e Sicoob.<\/p>\n\n\n\n<h3 class=\"wp-block-heading\"><strong>Programa\u00e7\u00e3o<\/strong><\/h3>\n\n\n\n<ul class=\"wp-block-list\">\n<li><strong>13h<\/strong> \u2013 Abertura oficial<\/li>\n\n\n\n<li><strong>13h30<\/strong> \u2013 O setor de base florestal no RS: situa\u00e7\u00e3o atual e oportunidades para o futuro \u2013 Daniel Chies, engenheiro florestal da Ageflor<\/li>\n\n\n\n<li><strong>14h15<\/strong> \u2013 O uso da floresta na pequena propriedade rural \u2013 Juarez Pedroso Filho, engenheiro florestal da Afubra<\/li>\n\n\n\n<li><strong>15h<\/strong> \u2013 Sistema silvipastoril: rentabilidade florestal e bem-estar animal \u2013 Gilmar Deponti, engenheiro florestal da Emater\/RS-Ascar<\/li>\n\n\n\n<li><strong>15h30<\/strong> \u2013 Matas ciliares: lacunas para a restaura\u00e7\u00e3o \u2013 Elisete Maria de Freitas, bi\u00f3loga da Univates<\/li>\n\n\n\n<li><strong>16h15<\/strong> \u2013 Vegeta\u00e7\u00e3o na rede \u2013 Leandro da Cruz Vargas, engenheiro florestal e t\u00e9cnico em Seguran\u00e7a da Certaja Energia<\/li>\n\n\n\n<li><strong>16h30<\/strong> \u2013 Boas pr\u00e1ticas para estimular o fomento florestal \u2013 Vit\u00f3rio Slompo, da Coordena\u00e7\u00e3o de Opera\u00e7\u00f5es Florestais da Dexco S.A.<\/li>\n\n\n\n<li><strong>16h45<\/strong> \u2013 Desafios e solu\u00e7\u00f5es para o manejo da cultura do eucalipto \u2013 Israel Rosa da Silva, engenheiro agr\u00f4nomo da Certaja Desenvolvimento<\/li>\n\n\n\n<li><strong>17h<\/strong> \u2013 Lanche e encerramento<\/li>\n<\/ul>\n","protected":false},"excerpt":{"rendered":"<p>Nesta quinta-feira (25\/9) Taquari sediar\u00e1 o Semin\u00e1rio Regional de Silvicultura, com in\u00edcio \u00e0s 13h, na sede da Associa\u00e7\u00e3o dos Funcion\u00e1rios da Certaja, localizada na Rodovia Aleixo Rocha da Silva. O objetivo principal do evento \u00e9 retomar o debate sobre a atividade florestal no Vale do Taquari, destacando seu potencial como alternativa de cultivo para a [&hellip;]<\/p>\n","protected":false},"author":8,"featured_media":194592,"comment_status":"open","ping_status":"open","sticky":false,"template":"","format":"standard","meta":{"pmpro_default_level":"","_jetpack_memberships_contains_paid_content":false,"footnotes":""},"categories":[2,10991,10994],"tags":[160,537,19545],"class_list":{"0":"post-194591","1":"post","2":"type-post","3":"status-publish","4":"format-standard","5":"has-post-thumbnail","7":"category-featured","8":"category-economia","9":"category-rural","10":"tag-agricultura-familiar","11":"tag-seminario","12":"tag-silvicultura","13":"pmpro-has-access"},"yoast_head":"<!-- This site is optimized with the Yoast SEO plugin v27.5 - https:\/\/yoast.com\/product\/yoast-seo-wordpress\/ -->\n<title>Semin\u00e1rio Regional em Taquari vai debater a silvicultura como alternativa para a agricultura familiar - Folha Popular<\/title>\n<meta name=\"robots\" content=\"index, follow, max-snippet:-1, max-image-preview:large, max-video-preview:-1\" \/>\n<link rel=\"canonical\" href=\"https:\/\/folhapopular.info\/index.php\/2025\/09\/22\/seminario-regional-em-taquari-vai-debater-a-silvicultura-como-alternativa-para-a-agricultura-familiar\/\" \/>\n<meta property=\"og:locale\" content=\"pt_BR\" \/>\n<meta property=\"og:type\" content=\"article\" \/>\n<meta property=\"og:title\" content=\"Semin\u00e1rio Regional em Taquari vai debater a silvicultura como alternativa para a agricultura familiar - Folha Popular\" \/>\n<meta property=\"og:description\" content=\"Nesta quinta-feira (25\/9) Taquari sediar\u00e1 o Semin\u00e1rio Regional de Silvicultura, com in\u00edcio \u00e0s 13h, na sede da Associa\u00e7\u00e3o dos Funcion\u00e1rios da Certaja, localizada na Rodovia Aleixo Rocha da Silva. O objetivo principal do evento \u00e9 retomar o debate sobre a atividade florestal no Vale do Taquari, destacando seu potencial como alternativa de cultivo para a [&hellip;]\" \/>\n<meta property=\"og:url\" content=\"https:\/\/folhapopular.info\/index.php\/2025\/09\/22\/seminario-regional-em-taquari-vai-debater-a-silvicultura-como-alternativa-para-a-agricultura-familiar\/\" \/>\n<meta property=\"og:site_name\" content=\"Folha Popular\" \/>\n<meta property=\"article:published_time\" content=\"2025-09-22T11:40:16+00:00\" \/>\n<meta property=\"article:modified_time\" content=\"2025-09-22T11:40:19+00:00\" \/>\n<meta property=\"og:image\" content=\"http:\/\/folhapopular.info\/wp-content\/uploads\/2025\/09\/seminario_silvicultura_taquari-2-scaled.jpg\" \/>\n\t<meta property=\"og:image:width\" content=\"2560\" \/>\n\t<meta property=\"og:image:height\" content=\"1920\" \/>\n\t<meta property=\"og:image:type\" content=\"image\/jpeg\" \/>\n<meta name=\"author\" content=\"Reda\u00e7\u00e3o Folha Popular\" \/>\n<meta name=\"twitter:card\" content=\"summary_large_image\" \/>\n<meta name=\"twitter:label1\" content=\"Escrito por\" \/>\n\t<meta name=\"twitter:data1\" content=\"Reda\u00e7\u00e3o Folha Popular\" \/>\n\t<meta name=\"twitter:label2\" content=\"Est. tempo de leitura\" \/>\n\t<meta name=\"twitter:data2\" content=\"3 minutos\" \/>\n<script type=\"application\/ld+json\" class=\"yoast-schema-graph\">{\"@context\":\"https:\\\/\\\/schema.org\",\"@graph\":[{\"@type\":\"Article\",\"@id\":\"https:\\\/\\\/folhapopular.info\\\/index.php\\\/2025\\\/09\\\/22\\\/seminario-regional-em-taquari-vai-debater-a-silvicultura-como-alternativa-para-a-agricultura-familiar\\\/#article\",\"isPartOf\":{\"@id\":\"https:\\\/\\\/folhapopular.info\\\/index.php\\\/2025\\\/09\\\/22\\\/seminario-regional-em-taquari-vai-debater-a-silvicultura-como-alternativa-para-a-agricultura-familiar\\\/\"},\"author\":{\"name\":\"Reda\u00e7\u00e3o Folha Popular\",\"@id\":\"https:\\\/\\\/folhapopular.info\\\/#\\\/schema\\\/person\\\/2814e8a0df7643585a9ca38bc6eb9d4b\"},\"headline\":\"Semin\u00e1rio Regional em Taquari vai debater a silvicultura como alternativa para a agricultura familiar\",\"datePublished\":\"2025-09-22T11:40:16+00:00\",\"dateModified\":\"2025-09-22T11:40:19+00:00\",\"mainEntityOfPage\":{\"@id\":\"https:\\\/\\\/folhapopular.info\\\/index.php\\\/2025\\\/09\\\/22\\\/seminario-regional-em-taquari-vai-debater-a-silvicultura-como-alternativa-para-a-agricultura-familiar\\\/\"},\"wordCount\":371,\"commentCount\":0,\"image\":{\"@id\":\"https:\\\/\\\/folhapopular.info\\\/index.php\\\/2025\\\/09\\\/22\\\/seminario-regional-em-taquari-vai-debater-a-silvicultura-como-alternativa-para-a-agricultura-familiar\\\/#primaryimage\"},\"thumbnailUrl\":\"https:\\\/\\\/folhapopular.info\\\/wp-content\\\/uploads\\\/2025\\\/09\\\/seminario_silvicultura_taquari-2-scaled.jpg\",\"keywords\":[\"Agricultura Familiar\",\"semin\u00e1rio\",\"Silvicultura\"],\"articleSection\":[\"Destaques\",\"Economia\",\"Rural\"],\"inLanguage\":\"pt-BR\",\"potentialAction\":[{\"@type\":\"CommentAction\",\"name\":\"Comment\",\"target\":[\"https:\\\/\\\/folhapopular.info\\\/index.php\\\/2025\\\/09\\\/22\\\/seminario-regional-em-taquari-vai-debater-a-silvicultura-como-alternativa-para-a-agricultura-familiar\\\/#respond\"]}]},{\"@type\":\"WebPage\",\"@id\":\"https:\\\/\\\/folhapopular.info\\\/index.php\\\/2025\\\/09\\\/22\\\/seminario-regional-em-taquari-vai-debater-a-silvicultura-como-alternativa-para-a-agricultura-familiar\\\/\",\"url\":\"https:\\\/\\\/folhapopular.info\\\/index.php\\\/2025\\\/09\\\/22\\\/seminario-regional-em-taquari-vai-debater-a-silvicultura-como-alternativa-para-a-agricultura-familiar\\\/\",\"name\":\"Semin\u00e1rio Regional em Taquari vai debater a silvicultura como alternativa para a agricultura familiar - Folha Popular\",\"isPartOf\":{\"@id\":\"https:\\\/\\\/folhapopular.info\\\/#website\"},\"primaryImageOfPage\":{\"@id\":\"https:\\\/\\\/folhapopular.info\\\/index.php\\\/2025\\\/09\\\/22\\\/seminario-regional-em-taquari-vai-debater-a-silvicultura-como-alternativa-para-a-agricultura-familiar\\\/#primaryimage\"},\"image\":{\"@id\":\"https:\\\/\\\/folhapopular.info\\\/index.php\\\/2025\\\/09\\\/22\\\/seminario-regional-em-taquari-vai-debater-a-silvicultura-como-alternativa-para-a-agricultura-familiar\\\/#primaryimage\"},\"thumbnailUrl\":\"https:\\\/\\\/folhapopular.info\\\/wp-content\\\/uploads\\\/2025\\\/09\\\/seminario_silvicultura_taquari-2-scaled.jpg\",\"datePublished\":\"2025-09-22T11:40:16+00:00\",\"dateModified\":\"2025-09-22T11:40:19+00:00\",\"author\":{\"@id\":\"https:\\\/\\\/folhapopular.info\\\/#\\\/schema\\\/person\\\/2814e8a0df7643585a9ca38bc6eb9d4b\"},\"breadcrumb\":{\"@id\":\"https:\\\/\\\/folhapopular.info\\\/index.php\\\/2025\\\/09\\\/22\\\/seminario-regional-em-taquari-vai-debater-a-silvicultura-como-alternativa-para-a-agricultura-familiar\\\/#breadcrumb\"},\"inLanguage\":\"pt-BR\",\"potentialAction\":[{\"@type\":\"ReadAction\",\"target\":[\"https:\\\/\\\/folhapopular.info\\\/index.php\\\/2025\\\/09\\\/22\\\/seminario-regional-em-taquari-vai-debater-a-silvicultura-como-alternativa-para-a-agricultura-familiar\\\/\"]}]},{\"@type\":\"ImageObject\",\"inLanguage\":\"pt-BR\",\"@id\":\"https:\\\/\\\/folhapopular.info\\\/index.php\\\/2025\\\/09\\\/22\\\/seminario-regional-em-taquari-vai-debater-a-silvicultura-como-alternativa-para-a-agricultura-familiar\\\/#primaryimage\",\"url\":\"https:\\\/\\\/folhapopular.info\\\/wp-content\\\/uploads\\\/2025\\\/09\\\/seminario_silvicultura_taquari-2-scaled.jpg\",\"contentUrl\":\"https:\\\/\\\/folhapopular.info\\\/wp-content\\\/uploads\\\/2025\\\/09\\\/seminario_silvicultura_taquari-2-scaled.jpg\",\"width\":2560,\"height\":1920,\"caption\":\"Cr\u00e9dito: Assessoria de Imprensa da Emater\\\/RS-Ascar\"},{\"@type\":\"BreadcrumbList\",\"@id\":\"https:\\\/\\\/folhapopular.info\\\/index.php\\\/2025\\\/09\\\/22\\\/seminario-regional-em-taquari-vai-debater-a-silvicultura-como-alternativa-para-a-agricultura-familiar\\\/#breadcrumb\",\"itemListElement\":[{\"@type\":\"ListItem\",\"position\":1,\"name\":\"In\u00edcio\",\"item\":\"https:\\\/\\\/folhapopular.info\\\/\"},{\"@type\":\"ListItem\",\"position\":2,\"name\":\"Semin\u00e1rio Regional em Taquari vai debater a silvicultura como alternativa para a agricultura familiar\"}]},{\"@type\":\"WebSite\",\"@id\":\"https:\\\/\\\/folhapopular.info\\\/#website\",\"url\":\"https:\\\/\\\/folhapopular.info\\\/\",\"name\":\"Folha Popular\",\"description\":\"Onde voc\u00ea tem vez e voz\",\"potentialAction\":[{\"@type\":\"SearchAction\",\"target\":{\"@type\":\"EntryPoint\",\"urlTemplate\":\"https:\\\/\\\/folhapopular.info\\\/?s={search_term_string}\"},\"query-input\":{\"@type\":\"PropertyValueSpecification\",\"valueRequired\":true,\"valueName\":\"search_term_string\"}}],\"inLanguage\":\"pt-BR\"},{\"@type\":\"Person\",\"@id\":\"https:\\\/\\\/folhapopular.info\\\/#\\\/schema\\\/person\\\/2814e8a0df7643585a9ca38bc6eb9d4b\",\"name\":\"Reda\u00e7\u00e3o Folha Popular\",\"image\":{\"@type\":\"ImageObject\",\"inLanguage\":\"pt-BR\",\"@id\":\"https:\\\/\\\/folhapopular.info\\\/wp-content\\\/uploads\\\/2026\\\/04\\\/Folha-1.webp\",\"url\":\"https:\\\/\\\/folhapopular.info\\\/wp-content\\\/uploads\\\/2026\\\/04\\\/Folha-1.webp\",\"contentUrl\":\"https:\\\/\\\/folhapopular.info\\\/wp-content\\\/uploads\\\/2026\\\/04\\\/Folha-1.webp\",\"caption\":\"Reda\u00e7\u00e3o Folha Popular\"},\"url\":\"https:\\\/\\\/folhapopular.info\\\/index.php\\\/author\\\/redacao\\\/\"}]}<\/script>\n<!-- \/ Yoast SEO plugin. -->","yoast_head_json":{"title":"Semin\u00e1rio Regional em Taquari vai debater a silvicultura como alternativa para a agricultura familiar - Folha Popular","robots":{"index":"index","follow":"follow","max-snippet":"max-snippet:-1","max-image-preview":"max-image-preview:large","max-video-preview":"max-video-preview:-1"},"canonical":"https:\/\/folhapopular.info\/index.php\/2025\/09\/22\/seminario-regional-em-taquari-vai-debater-a-silvicultura-como-alternativa-para-a-agricultura-familiar\/","og_locale":"pt_BR","og_type":"article","og_title":"Semin\u00e1rio Regional em Taquari vai debater a silvicultura como alternativa para a agricultura familiar - Folha Popular","og_description":"Nesta quinta-feira (25\/9) Taquari sediar\u00e1 o Semin\u00e1rio Regional de Silvicultura, com in\u00edcio \u00e0s 13h, na sede da Associa\u00e7\u00e3o dos Funcion\u00e1rios da Certaja, localizada na Rodovia Aleixo Rocha da Silva. O objetivo principal do evento \u00e9 retomar o debate sobre a atividade florestal no Vale do Taquari, destacando seu potencial como alternativa de cultivo para a [&hellip;]","og_url":"https:\/\/folhapopular.info\/index.php\/2025\/09\/22\/seminario-regional-em-taquari-vai-debater-a-silvicultura-como-alternativa-para-a-agricultura-familiar\/","og_site_name":"Folha Popular","article_published_time":"2025-09-22T11:40:16+00:00","article_modified_time":"2025-09-22T11:40:19+00:00","og_image":[{"width":2560,"height":1920,"url":"http:\/\/folhapopular.info\/wp-content\/uploads\/2025\/09\/seminario_silvicultura_taquari-2-scaled.jpg","type":"image\/jpeg"}],"author":"Reda\u00e7\u00e3o Folha Popular","twitter_card":"summary_large_image","twitter_misc":{"Escrito por":"Reda\u00e7\u00e3o Folha Popular","Est. tempo de leitura":"3 minutos"},"schema":{"@context":"https:\/\/schema.org","@graph":[{"@type":"Article","@id":"https:\/\/folhapopular.info\/index.php\/2025\/09\/22\/seminario-regional-em-taquari-vai-debater-a-silvicultura-como-alternativa-para-a-agricultura-familiar\/#article","isPartOf":{"@id":"https:\/\/folhapopular.info\/index.php\/2025\/09\/22\/seminario-regional-em-taquari-vai-debater-a-silvicultura-como-alternativa-para-a-agricultura-familiar\/"},"author":{"name":"Reda\u00e7\u00e3o Folha Popular","@id":"https:\/\/folhapopular.info\/#\/schema\/person\/2814e8a0df7643585a9ca38bc6eb9d4b"},"headline":"Semin\u00e1rio Regional em Taquari vai debater a silvicultura como alternativa para a agricultura familiar","datePublished":"2025-09-22T11:40:16+00:00","dateModified":"2025-09-22T11:40:19+00:00","mainEntityOfPage":{"@id":"https:\/\/folhapopular.info\/index.php\/2025\/09\/22\/seminario-regional-em-taquari-vai-debater-a-silvicultura-como-alternativa-para-a-agricultura-familiar\/"},"wordCount":371,"commentCount":0,"image":{"@id":"https:\/\/folhapopular.info\/index.php\/2025\/09\/22\/seminario-regional-em-taquari-vai-debater-a-silvicultura-como-alternativa-para-a-agricultura-familiar\/#primaryimage"},"thumbnailUrl":"https:\/\/folhapopular.info\/wp-content\/uploads\/2025\/09\/seminario_silvicultura_taquari-2-scaled.jpg","keywords":["Agricultura Familiar","semin\u00e1rio","Silvicultura"],"articleSection":["Destaques","Economia","Rural"],"inLanguage":"pt-BR","potentialAction":[{"@type":"CommentAction","name":"Comment","target":["https:\/\/folhapopular.info\/index.php\/2025\/09\/22\/seminario-regional-em-taquari-vai-debater-a-silvicultura-como-alternativa-para-a-agricultura-familiar\/#respond"]}]},{"@type":"WebPage","@id":"https:\/\/folhapopular.info\/index.php\/2025\/09\/22\/seminario-regional-em-taquari-vai-debater-a-silvicultura-como-alternativa-para-a-agricultura-familiar\/","url":"https:\/\/folhapopular.info\/index.php\/2025\/09\/22\/seminario-regional-em-taquari-vai-debater-a-silvicultura-como-alternativa-para-a-agricultura-familiar\/","name":"Semin\u00e1rio Regional em Taquari vai debater a silvicultura como alternativa para a agricultura familiar - Folha Popular","isPartOf":{"@id":"https:\/\/folhapopular.info\/#website"},"primaryImageOfPage":{"@id":"https:\/\/folhapopular.info\/index.php\/2025\/09\/22\/seminario-regional-em-taquari-vai-debater-a-silvicultura-como-alternativa-para-a-agricultura-familiar\/#primaryimage"},"image":{"@id":"https:\/\/folhapopular.info\/index.php\/2025\/09\/22\/seminario-regional-em-taquari-vai-debater-a-silvicultura-como-alternativa-para-a-agricultura-familiar\/#primaryimage"},"thumbnailUrl":"https:\/\/folhapopular.info\/wp-content\/uploads\/2025\/09\/seminario_silvicultura_taquari-2-scaled.jpg","datePublished":"2025-09-22T11:40:16+00:00","dateModified":"2025-09-22T11:40:19+00:00","author":{"@id":"https:\/\/folhapopular.info\/#\/schema\/person\/2814e8a0df7643585a9ca38bc6eb9d4b"},"breadcrumb":{"@id":"https:\/\/folhapopular.info\/index.php\/2025\/09\/22\/seminario-regional-em-taquari-vai-debater-a-silvicultura-como-alternativa-para-a-agricultura-familiar\/#breadcrumb"},"inLanguage":"pt-BR","potentialAction":[{"@type":"ReadAction","target":["https:\/\/folhapopular.info\/index.php\/2025\/09\/22\/seminario-regional-em-taquari-vai-debater-a-silvicultura-como-alternativa-para-a-agricultura-familiar\/"]}]},{"@type":"ImageObject","inLanguage":"pt-BR","@id":"https:\/\/folhapopular.info\/index.php\/2025\/09\/22\/seminario-regional-em-taquari-vai-debater-a-silvicultura-como-alternativa-para-a-agricultura-familiar\/#primaryimage","url":"https:\/\/folhapopular.info\/wp-content\/uploads\/2025\/09\/seminario_silvicultura_taquari-2-scaled.jpg","contentUrl":"https:\/\/folhapopular.info\/wp-content\/uploads\/2025\/09\/seminario_silvicultura_taquari-2-scaled.jpg","width":2560,"height":1920,"caption":"Cr\u00e9dito: Assessoria de Imprensa da Emater\/RS-Ascar"},{"@type":"BreadcrumbList","@id":"https:\/\/folhapopular.info\/index.php\/2025\/09\/22\/seminario-regional-em-taquari-vai-debater-a-silvicultura-como-alternativa-para-a-agricultura-familiar\/#breadcrumb","itemListElement":[{"@type":"ListItem","position":1,"name":"In\u00edcio","item":"https:\/\/folhapopular.info\/"},{"@type":"ListItem","position":2,"name":"Semin\u00e1rio Regional em Taquari vai debater a silvicultura como alternativa para a agricultura familiar"}]},{"@type":"WebSite","@id":"https:\/\/folhapopular.info\/#website","url":"https:\/\/folhapopular.info\/","name":"Folha Popular","description":"Onde voc\u00ea tem vez e voz","potentialAction":[{"@type":"SearchAction","target":{"@type":"EntryPoint","urlTemplate":"https:\/\/folhapopular.info\/?s={search_term_string}"},"query-input":{"@type":"PropertyValueSpecification","valueRequired":true,"valueName":"search_term_string"}}],"inLanguage":"pt-BR"},{"@type":"Person","@id":"https:\/\/folhapopular.info\/#\/schema\/person\/2814e8a0df7643585a9ca38bc6eb9d4b","name":"Reda\u00e7\u00e3o Folha Popular","image":{"@type":"ImageObject","inLanguage":"pt-BR","@id":"https:\/\/folhapopular.info\/wp-content\/uploads\/2026\/04\/Folha-1.webp","url":"https:\/\/folhapopular.info\/wp-content\/uploads\/2026\/04\/Folha-1.webp","contentUrl":"https:\/\/folhapopular.info\/wp-content\/uploads\/2026\/04\/Folha-1.webp","caption":"Reda\u00e7\u00e3o Folha Popular"},"url":"https:\/\/folhapopular.info\/index.php\/author\/redacao\/"}]}},"jetpack_featured_media_url":"https:\/\/folhapopular.info\/wp-content\/uploads\/2025\/09\/seminario_silvicultura_taquari-2-scaled.jpg","jetpack_sharing_enabled":true,"amp_enabled":true,"_links":{"self":[{"href":"https:\/\/folhapopular.info\/index.php\/wp-json\/wp\/v2\/posts\/194591","targetHints":{"allow":["GET"]}}],"collection":[{"href":"https:\/\/folhapopular.info\/index.php\/wp-json\/wp\/v2\/posts"}],"about":[{"href":"https:\/\/folhapopular.info\/index.php\/wp-json\/wp\/v2\/types\/post"}],"author":[{"embeddable":true,"href":"https:\/\/folhapopular.info\/index.php\/wp-json\/wp\/v2\/users\/8"}],"replies":[{"embeddable":true,"href":"https:\/\/folhapopular.info\/index.php\/wp-json\/wp\/v2\/comments?post=194591"}],"version-history":[{"count":0,"href":"https:\/\/folhapopular.info\/index.php\/wp-json\/wp\/v2\/posts\/194591\/revisions"}],"wp:featuredmedia":[{"embeddable":true,"href":"https:\/\/folhapopular.info\/index.php\/wp-json\/wp\/v2\/media\/194592"}],"wp:attachment":[{"href":"https:\/\/folhapopular.info\/index.php\/wp-json\/wp\/v2\/media?parent=194591"}],"wp:term":[{"taxonomy":"category","embeddable":true,"href":"https:\/\/folhapopular.info\/index.php\/wp-json\/wp\/v2\/categories?post=194591"},{"taxonomy":"post_tag","embeddable":true,"href":"https:\/\/folhapopular.info\/index.php\/wp-json\/wp\/v2\/tags?post=194591"}],"curies":[{"name":"wp","href":"https:\/\/api.w.org\/{rel}","templated":true}]}}