{"id":194636,"date":"2025-09-22T17:20:43","date_gmt":"2025-09-22T20:20:43","guid":{"rendered":"https:\/\/folhapopular.info\/?p=194636"},"modified":"2025-09-22T17:22:12","modified_gmt":"2025-09-22T20:22:12","slug":"paris-se-torna-o-novo-epicentro-do-varejo-mundial","status":"publish","type":"post","link":"https:\/\/folhapopular.info\/index.php\/2025\/09\/22\/paris-se-torna-o-novo-epicentro-do-varejo-mundial\/","title":{"rendered":"Paris se torna o novo epicentro do varejo mundial"},"content":{"rendered":"\n<p>Paris viveu um momento hist\u00f3rico em setembro de 2025 ao sediar a primeira edi\u00e7\u00e3o europeia da NRF, a maior feira de varejo do mundo. O evento, intitulado <em>Retail\u2019s Big Show Europe<\/em>, reuniu 15 mil participantes, entre eles mais de 7 mil profissionais internacionais do setor, ocupando 25 mil metros quadrados nos pavilh\u00f5es 4 e 6 do Paris Porte de Versailles. Com cerca de 480 expositores e mais de 200 palestrantes, a feira mostrou que o varejo europeu tem n\u00e3o apenas for\u00e7a, mas tamb\u00e9m voz pr\u00f3pria para discutir o futuro da ind\u00fastria global.<\/p>\n\n\n\n<p>A chegada da NRF \u00e0 Europa representou mais do que a expans\u00e3o geogr\u00e1fica de uma marca consolidada em Nova Iorque. Foi um movimento estrat\u00e9gico que posiciona o continente como protagonista nas discuss\u00f5es sobre inova\u00e7\u00e3o, tecnologia e sustentabilidade. O presidente da entidade, Matthew Shay, destacou no discurso de abertura que o varejo de hoje precisa ser, ao mesmo tempo, local e global. Paris, segundo ele, simboliza esse equil\u00edbrio ao unir tradi\u00e7\u00e3o, luxo, cultura e dinamismo de consumo em um s\u00f3 palco.<\/p>\n\n\n\n<p>Entre as grandes apresenta\u00e7\u00f5es, a Sephora foi a marca que mais atraiu olhares. O CEO global, Guillaume Motte, apresentou os quatro pilares que sustentam o sucesso da gigante da beleza &#8211; Produto, Experi\u00eancia, Comunidade e Cultura &#8211; e revelou n\u00fameros que impressionaram o p\u00fablico, como o fato de que um em cada dois produtos vendidos pela rede \u00e9 exclusivo. Sua fala deixou claro que a curadoria de portf\u00f3lio e a proximidade com criadores de conte\u00fado se tornaram diferenciais competitivos num mercado saturado.<\/p>\n\n\n\n<p>Outro momento de destaque foi a participa\u00e7\u00e3o da Snipes, que ao lado do Paris Saint-Germain mostrou como as colabora\u00e7\u00f5es culturais est\u00e3o moldando a rela\u00e7\u00e3o das marcas com as novas gera\u00e7\u00f5es. A estrat\u00e9gia da rede de <em>sneakers<\/em> vai al\u00e9m da venda de t\u00eanis: conecta identidade urbana, esporte e <em>lifestyle<\/em> em um ecossistema de engajamento que atravessa fronteiras.<\/p>\n\n\n\n<p>J\u00e1 a Decathlon, em painel ao lado da Mirakl, trouxe ao debate a for\u00e7a dos <em>marketplaces<\/em> impulsionados por intelig\u00eancia artificial, refor\u00e7ando que a tecnologia deixou de ser uma promessa distante para se tornar a engrenagem principal da expans\u00e3o digital.<\/p>\n\n\n\n<p>A sustentabilidade, por sua vez, tamb\u00e9m teve palco privilegiado. A norueguesa Norr\u00f8na apresentou, em parceria com a Porsche, um projeto ousado que une performance, inova\u00e7\u00e3o e responsabilidade ambiental. Mais do que um lan\u00e7amento de produtos, a colabora\u00e7\u00e3o simbolizou a vis\u00e3o de que o varejo deve assumir papel ativo na transforma\u00e7\u00e3o cultural, em especial diante de consumidores europeus cada vez mais atentos ao impacto das marcas no planeta.<\/p>\n\n\n\n<p>A edi\u00e7\u00e3o parisiense deixou claro que o varejo n\u00e3o se resume mais a efici\u00eancia operacional ou boas vitrines. O consumidor exige experi\u00eancias, valores e autenticidade. Para os brasileiros que acompanharam o evento, os recados foram contundentes: as lojas f\u00edsicas precisam ser reinventadas como espa\u00e7os de viv\u00eancia, a intelig\u00eancia artificial j\u00e1 \u00e9 essencial para a personaliza\u00e7\u00e3o e as marcas que n\u00e3o criarem comunidades em torno de si perder\u00e3o relev\u00e2ncia.<\/p>\n\n\n\n<p>Mais do que uma feira, a NRF Europe &#8211; Paris 2025 consolidou a capital francesa como um novo centro global de reflex\u00e3o e inova\u00e7\u00e3o para o varejo. A estreia foi grandiosa em n\u00fameros e emblem\u00e1tica em conte\u00fado, deixando uma mensagem inequ\u00edvoca: o futuro do setor ser\u00e1 constru\u00eddo por quem souber unir tecnologia, prop\u00f3sito e cultura.<\/p>\n","protected":false},"excerpt":{"rendered":"<p>Paris viveu um momento hist\u00f3rico em setembro de 2025 ao sediar a primeira edi\u00e7\u00e3o europeia da NRF, a maior feira de varejo do mundo. O evento, intitulado Retail\u2019s Big Show Europe, reuniu 15 mil participantes, entre eles mais de 7 mil profissionais internacionais do setor, ocupando 25 mil metros quadrados nos pavilh\u00f5es 4 e 6 [&hellip;]<\/p>\n","protected":false},"author":8,"featured_media":194637,"comment_status":"open","ping_status":"open","sticky":false,"template":"","format":"standard","meta":{"pmpro_default_level":"","_jetpack_memberships_contains_paid_content":false,"footnotes":""},"categories":[10991],"tags":[746,15710,19550,19549],"class_list":{"0":"post-194636","1":"post","2":"type-post","3":"status-publish","4":"format-standard","5":"has-post-thumbnail","7":"category-economia","8":"tag-economia","9":"tag-paris","10":"tag-retails-big-show-europe","11":"tag-varejo-mundial","12":"pmpro-has-access"},"yoast_head":"<!-- This site is optimized with the Yoast SEO plugin v27.5 - https:\/\/yoast.com\/product\/yoast-seo-wordpress\/ -->\n<title>Paris se torna o novo epicentro do varejo mundial - Folha Popular<\/title>\n<meta name=\"robots\" content=\"index, follow, max-snippet:-1, max-image-preview:large, max-video-preview:-1\" \/>\n<link rel=\"canonical\" href=\"https:\/\/folhapopular.info\/index.php\/2025\/09\/22\/paris-se-torna-o-novo-epicentro-do-varejo-mundial\/\" \/>\n<meta property=\"og:locale\" content=\"pt_BR\" \/>\n<meta property=\"og:type\" content=\"article\" \/>\n<meta property=\"og:title\" content=\"Paris se torna o novo epicentro do varejo mundial - Folha Popular\" \/>\n<meta property=\"og:description\" content=\"Paris viveu um momento hist\u00f3rico em setembro de 2025 ao sediar a primeira edi\u00e7\u00e3o europeia da NRF, a maior feira de varejo do mundo. O evento, intitulado Retail\u2019s Big Show Europe, reuniu 15 mil participantes, entre eles mais de 7 mil profissionais internacionais do setor, ocupando 25 mil metros quadrados nos pavilh\u00f5es 4 e 6 [&hellip;]\" \/>\n<meta property=\"og:url\" content=\"https:\/\/folhapopular.info\/index.php\/2025\/09\/22\/paris-se-torna-o-novo-epicentro-do-varejo-mundial\/\" \/>\n<meta property=\"og:site_name\" content=\"Folha Popular\" \/>\n<meta property=\"article:published_time\" content=\"2025-09-22T20:20:43+00:00\" \/>\n<meta property=\"article:modified_time\" content=\"2025-09-22T20:22:12+00:00\" \/>\n<meta property=\"og:image\" content=\"http:\/\/folhapopular.info\/wp-content\/uploads\/2025\/09\/WhatsApp-Image-2025-09-22-at-17.10.23.jpeg\" \/>\n\t<meta property=\"og:image:width\" content=\"1600\" \/>\n\t<meta property=\"og:image:height\" content=\"900\" \/>\n\t<meta property=\"og:image:type\" content=\"image\/jpeg\" \/>\n<meta name=\"author\" content=\"Reda\u00e7\u00e3o Folha Popular\" \/>\n<meta name=\"twitter:card\" content=\"summary_large_image\" \/>\n<meta name=\"twitter:label1\" content=\"Escrito por\" \/>\n\t<meta name=\"twitter:data1\" content=\"Reda\u00e7\u00e3o Folha Popular\" \/>\n\t<meta name=\"twitter:label2\" content=\"Est. tempo de leitura\" \/>\n\t<meta name=\"twitter:data2\" content=\"4 minutos\" \/>\n<script type=\"application\/ld+json\" class=\"yoast-schema-graph\">{\"@context\":\"https:\\\/\\\/schema.org\",\"@graph\":[{\"@type\":\"Article\",\"@id\":\"https:\\\/\\\/folhapopular.info\\\/index.php\\\/2025\\\/09\\\/22\\\/paris-se-torna-o-novo-epicentro-do-varejo-mundial\\\/#article\",\"isPartOf\":{\"@id\":\"https:\\\/\\\/folhapopular.info\\\/index.php\\\/2025\\\/09\\\/22\\\/paris-se-torna-o-novo-epicentro-do-varejo-mundial\\\/\"},\"author\":{\"name\":\"Reda\u00e7\u00e3o Folha Popular\",\"@id\":\"https:\\\/\\\/folhapopular.info\\\/#\\\/schema\\\/person\\\/2814e8a0df7643585a9ca38bc6eb9d4b\"},\"headline\":\"Paris se torna o novo epicentro do varejo mundial\",\"datePublished\":\"2025-09-22T20:20:43+00:00\",\"dateModified\":\"2025-09-22T20:22:12+00:00\",\"mainEntityOfPage\":{\"@id\":\"https:\\\/\\\/folhapopular.info\\\/index.php\\\/2025\\\/09\\\/22\\\/paris-se-torna-o-novo-epicentro-do-varejo-mundial\\\/\"},\"wordCount\":597,\"commentCount\":0,\"image\":{\"@id\":\"https:\\\/\\\/folhapopular.info\\\/index.php\\\/2025\\\/09\\\/22\\\/paris-se-torna-o-novo-epicentro-do-varejo-mundial\\\/#primaryimage\"},\"thumbnailUrl\":\"https:\\\/\\\/folhapopular.info\\\/wp-content\\\/uploads\\\/2025\\\/09\\\/WhatsApp-Image-2025-09-22-at-17.10.23.jpeg\",\"keywords\":[\"Economia\",\"Paris\",\"Retail\u2019s Big Show Europe\",\"Varejo mundial\"],\"articleSection\":[\"Economia\"],\"inLanguage\":\"pt-BR\",\"potentialAction\":[{\"@type\":\"CommentAction\",\"name\":\"Comment\",\"target\":[\"https:\\\/\\\/folhapopular.info\\\/index.php\\\/2025\\\/09\\\/22\\\/paris-se-torna-o-novo-epicentro-do-varejo-mundial\\\/#respond\"]}]},{\"@type\":\"WebPage\",\"@id\":\"https:\\\/\\\/folhapopular.info\\\/index.php\\\/2025\\\/09\\\/22\\\/paris-se-torna-o-novo-epicentro-do-varejo-mundial\\\/\",\"url\":\"https:\\\/\\\/folhapopular.info\\\/index.php\\\/2025\\\/09\\\/22\\\/paris-se-torna-o-novo-epicentro-do-varejo-mundial\\\/\",\"name\":\"Paris se torna o novo epicentro do varejo mundial - Folha Popular\",\"isPartOf\":{\"@id\":\"https:\\\/\\\/folhapopular.info\\\/#website\"},\"primaryImageOfPage\":{\"@id\":\"https:\\\/\\\/folhapopular.info\\\/index.php\\\/2025\\\/09\\\/22\\\/paris-se-torna-o-novo-epicentro-do-varejo-mundial\\\/#primaryimage\"},\"image\":{\"@id\":\"https:\\\/\\\/folhapopular.info\\\/index.php\\\/2025\\\/09\\\/22\\\/paris-se-torna-o-novo-epicentro-do-varejo-mundial\\\/#primaryimage\"},\"thumbnailUrl\":\"https:\\\/\\\/folhapopular.info\\\/wp-content\\\/uploads\\\/2025\\\/09\\\/WhatsApp-Image-2025-09-22-at-17.10.23.jpeg\",\"datePublished\":\"2025-09-22T20:20:43+00:00\",\"dateModified\":\"2025-09-22T20:22:12+00:00\",\"author\":{\"@id\":\"https:\\\/\\\/folhapopular.info\\\/#\\\/schema\\\/person\\\/2814e8a0df7643585a9ca38bc6eb9d4b\"},\"breadcrumb\":{\"@id\":\"https:\\\/\\\/folhapopular.info\\\/index.php\\\/2025\\\/09\\\/22\\\/paris-se-torna-o-novo-epicentro-do-varejo-mundial\\\/#breadcrumb\"},\"inLanguage\":\"pt-BR\",\"potentialAction\":[{\"@type\":\"ReadAction\",\"target\":[\"https:\\\/\\\/folhapopular.info\\\/index.php\\\/2025\\\/09\\\/22\\\/paris-se-torna-o-novo-epicentro-do-varejo-mundial\\\/\"]}]},{\"@type\":\"ImageObject\",\"inLanguage\":\"pt-BR\",\"@id\":\"https:\\\/\\\/folhapopular.info\\\/index.php\\\/2025\\\/09\\\/22\\\/paris-se-torna-o-novo-epicentro-do-varejo-mundial\\\/#primaryimage\",\"url\":\"https:\\\/\\\/folhapopular.info\\\/wp-content\\\/uploads\\\/2025\\\/09\\\/WhatsApp-Image-2025-09-22-at-17.10.23.jpeg\",\"contentUrl\":\"https:\\\/\\\/folhapopular.info\\\/wp-content\\\/uploads\\\/2025\\\/09\\\/WhatsApp-Image-2025-09-22-at-17.10.23.jpeg\",\"width\":1600,\"height\":900,\"caption\":\"Cr\u00e9dito: Elifas de Vargas \\\/ Especial FP\"},{\"@type\":\"BreadcrumbList\",\"@id\":\"https:\\\/\\\/folhapopular.info\\\/index.php\\\/2025\\\/09\\\/22\\\/paris-se-torna-o-novo-epicentro-do-varejo-mundial\\\/#breadcrumb\",\"itemListElement\":[{\"@type\":\"ListItem\",\"position\":1,\"name\":\"In\u00edcio\",\"item\":\"https:\\\/\\\/folhapopular.info\\\/\"},{\"@type\":\"ListItem\",\"position\":2,\"name\":\"Paris se torna o novo epicentro do varejo mundial\"}]},{\"@type\":\"WebSite\",\"@id\":\"https:\\\/\\\/folhapopular.info\\\/#website\",\"url\":\"https:\\\/\\\/folhapopular.info\\\/\",\"name\":\"Folha Popular\",\"description\":\"Onde voc\u00ea tem vez e voz\",\"potentialAction\":[{\"@type\":\"SearchAction\",\"target\":{\"@type\":\"EntryPoint\",\"urlTemplate\":\"https:\\\/\\\/folhapopular.info\\\/?s={search_term_string}\"},\"query-input\":{\"@type\":\"PropertyValueSpecification\",\"valueRequired\":true,\"valueName\":\"search_term_string\"}}],\"inLanguage\":\"pt-BR\"},{\"@type\":\"Person\",\"@id\":\"https:\\\/\\\/folhapopular.info\\\/#\\\/schema\\\/person\\\/2814e8a0df7643585a9ca38bc6eb9d4b\",\"name\":\"Reda\u00e7\u00e3o Folha Popular\",\"image\":{\"@type\":\"ImageObject\",\"inLanguage\":\"pt-BR\",\"@id\":\"https:\\\/\\\/folhapopular.info\\\/wp-content\\\/uploads\\\/2026\\\/04\\\/Folha-1.webp\",\"url\":\"https:\\\/\\\/folhapopular.info\\\/wp-content\\\/uploads\\\/2026\\\/04\\\/Folha-1.webp\",\"contentUrl\":\"https:\\\/\\\/folhapopular.info\\\/wp-content\\\/uploads\\\/2026\\\/04\\\/Folha-1.webp\",\"caption\":\"Reda\u00e7\u00e3o Folha Popular\"},\"url\":\"https:\\\/\\\/folhapopular.info\\\/index.php\\\/author\\\/redacao\\\/\"}]}<\/script>\n<!-- \/ Yoast SEO plugin. -->","yoast_head_json":{"title":"Paris se torna o novo epicentro do varejo mundial - Folha Popular","robots":{"index":"index","follow":"follow","max-snippet":"max-snippet:-1","max-image-preview":"max-image-preview:large","max-video-preview":"max-video-preview:-1"},"canonical":"https:\/\/folhapopular.info\/index.php\/2025\/09\/22\/paris-se-torna-o-novo-epicentro-do-varejo-mundial\/","og_locale":"pt_BR","og_type":"article","og_title":"Paris se torna o novo epicentro do varejo mundial - Folha Popular","og_description":"Paris viveu um momento hist\u00f3rico em setembro de 2025 ao sediar a primeira edi\u00e7\u00e3o europeia da NRF, a maior feira de varejo do mundo. O evento, intitulado Retail\u2019s Big Show Europe, reuniu 15 mil participantes, entre eles mais de 7 mil profissionais internacionais do setor, ocupando 25 mil metros quadrados nos pavilh\u00f5es 4 e 6 [&hellip;]","og_url":"https:\/\/folhapopular.info\/index.php\/2025\/09\/22\/paris-se-torna-o-novo-epicentro-do-varejo-mundial\/","og_site_name":"Folha Popular","article_published_time":"2025-09-22T20:20:43+00:00","article_modified_time":"2025-09-22T20:22:12+00:00","og_image":[{"width":1600,"height":900,"url":"http:\/\/folhapopular.info\/wp-content\/uploads\/2025\/09\/WhatsApp-Image-2025-09-22-at-17.10.23.jpeg","type":"image\/jpeg"}],"author":"Reda\u00e7\u00e3o Folha Popular","twitter_card":"summary_large_image","twitter_misc":{"Escrito por":"Reda\u00e7\u00e3o Folha Popular","Est. tempo de leitura":"4 minutos"},"schema":{"@context":"https:\/\/schema.org","@graph":[{"@type":"Article","@id":"https:\/\/folhapopular.info\/index.php\/2025\/09\/22\/paris-se-torna-o-novo-epicentro-do-varejo-mundial\/#article","isPartOf":{"@id":"https:\/\/folhapopular.info\/index.php\/2025\/09\/22\/paris-se-torna-o-novo-epicentro-do-varejo-mundial\/"},"author":{"name":"Reda\u00e7\u00e3o Folha Popular","@id":"https:\/\/folhapopular.info\/#\/schema\/person\/2814e8a0df7643585a9ca38bc6eb9d4b"},"headline":"Paris se torna o novo epicentro do varejo mundial","datePublished":"2025-09-22T20:20:43+00:00","dateModified":"2025-09-22T20:22:12+00:00","mainEntityOfPage":{"@id":"https:\/\/folhapopular.info\/index.php\/2025\/09\/22\/paris-se-torna-o-novo-epicentro-do-varejo-mundial\/"},"wordCount":597,"commentCount":0,"image":{"@id":"https:\/\/folhapopular.info\/index.php\/2025\/09\/22\/paris-se-torna-o-novo-epicentro-do-varejo-mundial\/#primaryimage"},"thumbnailUrl":"https:\/\/folhapopular.info\/wp-content\/uploads\/2025\/09\/WhatsApp-Image-2025-09-22-at-17.10.23.jpeg","keywords":["Economia","Paris","Retail\u2019s Big Show Europe","Varejo mundial"],"articleSection":["Economia"],"inLanguage":"pt-BR","potentialAction":[{"@type":"CommentAction","name":"Comment","target":["https:\/\/folhapopular.info\/index.php\/2025\/09\/22\/paris-se-torna-o-novo-epicentro-do-varejo-mundial\/#respond"]}]},{"@type":"WebPage","@id":"https:\/\/folhapopular.info\/index.php\/2025\/09\/22\/paris-se-torna-o-novo-epicentro-do-varejo-mundial\/","url":"https:\/\/folhapopular.info\/index.php\/2025\/09\/22\/paris-se-torna-o-novo-epicentro-do-varejo-mundial\/","name":"Paris se torna o novo epicentro do varejo mundial - Folha Popular","isPartOf":{"@id":"https:\/\/folhapopular.info\/#website"},"primaryImageOfPage":{"@id":"https:\/\/folhapopular.info\/index.php\/2025\/09\/22\/paris-se-torna-o-novo-epicentro-do-varejo-mundial\/#primaryimage"},"image":{"@id":"https:\/\/folhapopular.info\/index.php\/2025\/09\/22\/paris-se-torna-o-novo-epicentro-do-varejo-mundial\/#primaryimage"},"thumbnailUrl":"https:\/\/folhapopular.info\/wp-content\/uploads\/2025\/09\/WhatsApp-Image-2025-09-22-at-17.10.23.jpeg","datePublished":"2025-09-22T20:20:43+00:00","dateModified":"2025-09-22T20:22:12+00:00","author":{"@id":"https:\/\/folhapopular.info\/#\/schema\/person\/2814e8a0df7643585a9ca38bc6eb9d4b"},"breadcrumb":{"@id":"https:\/\/folhapopular.info\/index.php\/2025\/09\/22\/paris-se-torna-o-novo-epicentro-do-varejo-mundial\/#breadcrumb"},"inLanguage":"pt-BR","potentialAction":[{"@type":"ReadAction","target":["https:\/\/folhapopular.info\/index.php\/2025\/09\/22\/paris-se-torna-o-novo-epicentro-do-varejo-mundial\/"]}]},{"@type":"ImageObject","inLanguage":"pt-BR","@id":"https:\/\/folhapopular.info\/index.php\/2025\/09\/22\/paris-se-torna-o-novo-epicentro-do-varejo-mundial\/#primaryimage","url":"https:\/\/folhapopular.info\/wp-content\/uploads\/2025\/09\/WhatsApp-Image-2025-09-22-at-17.10.23.jpeg","contentUrl":"https:\/\/folhapopular.info\/wp-content\/uploads\/2025\/09\/WhatsApp-Image-2025-09-22-at-17.10.23.jpeg","width":1600,"height":900,"caption":"Cr\u00e9dito: Elifas de Vargas \/ Especial FP"},{"@type":"BreadcrumbList","@id":"https:\/\/folhapopular.info\/index.php\/2025\/09\/22\/paris-se-torna-o-novo-epicentro-do-varejo-mundial\/#breadcrumb","itemListElement":[{"@type":"ListItem","position":1,"name":"In\u00edcio","item":"https:\/\/folhapopular.info\/"},{"@type":"ListItem","position":2,"name":"Paris se torna o novo epicentro do varejo mundial"}]},{"@type":"WebSite","@id":"https:\/\/folhapopular.info\/#website","url":"https:\/\/folhapopular.info\/","name":"Folha Popular","description":"Onde voc\u00ea tem vez e voz","potentialAction":[{"@type":"SearchAction","target":{"@type":"EntryPoint","urlTemplate":"https:\/\/folhapopular.info\/?s={search_term_string}"},"query-input":{"@type":"PropertyValueSpecification","valueRequired":true,"valueName":"search_term_string"}}],"inLanguage":"pt-BR"},{"@type":"Person","@id":"https:\/\/folhapopular.info\/#\/schema\/person\/2814e8a0df7643585a9ca38bc6eb9d4b","name":"Reda\u00e7\u00e3o Folha Popular","image":{"@type":"ImageObject","inLanguage":"pt-BR","@id":"https:\/\/folhapopular.info\/wp-content\/uploads\/2026\/04\/Folha-1.webp","url":"https:\/\/folhapopular.info\/wp-content\/uploads\/2026\/04\/Folha-1.webp","contentUrl":"https:\/\/folhapopular.info\/wp-content\/uploads\/2026\/04\/Folha-1.webp","caption":"Reda\u00e7\u00e3o Folha Popular"},"url":"https:\/\/folhapopular.info\/index.php\/author\/redacao\/"}]}},"jetpack_featured_media_url":"https:\/\/folhapopular.info\/wp-content\/uploads\/2025\/09\/WhatsApp-Image-2025-09-22-at-17.10.23.jpeg","jetpack_sharing_enabled":true,"amp_enabled":true,"_links":{"self":[{"href":"https:\/\/folhapopular.info\/index.php\/wp-json\/wp\/v2\/posts\/194636","targetHints":{"allow":["GET"]}}],"collection":[{"href":"https:\/\/folhapopular.info\/index.php\/wp-json\/wp\/v2\/posts"}],"about":[{"href":"https:\/\/folhapopular.info\/index.php\/wp-json\/wp\/v2\/types\/post"}],"author":[{"embeddable":true,"href":"https:\/\/folhapopular.info\/index.php\/wp-json\/wp\/v2\/users\/8"}],"replies":[{"embeddable":true,"href":"https:\/\/folhapopular.info\/index.php\/wp-json\/wp\/v2\/comments?post=194636"}],"version-history":[{"count":0,"href":"https:\/\/folhapopular.info\/index.php\/wp-json\/wp\/v2\/posts\/194636\/revisions"}],"wp:featuredmedia":[{"embeddable":true,"href":"https:\/\/folhapopular.info\/index.php\/wp-json\/wp\/v2\/media\/194637"}],"wp:attachment":[{"href":"https:\/\/folhapopular.info\/index.php\/wp-json\/wp\/v2\/media?parent=194636"}],"wp:term":[{"taxonomy":"category","embeddable":true,"href":"https:\/\/folhapopular.info\/index.php\/wp-json\/wp\/v2\/categories?post=194636"},{"taxonomy":"post_tag","embeddable":true,"href":"https:\/\/folhapopular.info\/index.php\/wp-json\/wp\/v2\/tags?post=194636"}],"curies":[{"name":"wp","href":"https:\/\/api.w.org\/{rel}","templated":true}]}}