{"id":194829,"date":"2025-09-25T14:27:19","date_gmt":"2025-09-25T17:27:19","guid":{"rendered":"https:\/\/folhapopular.info\/?p=194829"},"modified":"2025-09-25T14:29:39","modified_gmt":"2025-09-25T17:29:39","slug":"avante-comemora-40-anos-com-programacao-especial-em-imigrante","status":"publish","type":"post","link":"https:\/\/folhapopular.info\/index.php\/2025\/09\/25\/avante-comemora-40-anos-com-programacao-especial-em-imigrante\/","title":{"rendered":"Avante comemora 40 anos com programa\u00e7\u00e3o especial em Imigrante"},"content":{"rendered":"\n<p>A Sociedade Esportiva Avante, da Linha Imhoff, em Imigrante, chega aos 40 anos de hist\u00f3ria em 2025 e prepara uma grande festa para marcar a data. O evento ser\u00e1 no domingo (28\/9) e reunir\u00e1 atletas, ex-jogadores, associados e comunidade. Fundado em 5 de outubro de 1985, o Avante \u00e9 considerado um dos clubes mais tradicionais de Imigrante e regi\u00e3o.<\/p>\n\n\n\n<p>O cronograma come\u00e7a pela manh\u00e3, com jogo festivo entre atletas e ex-atletas que fizeram parte da trajet\u00f3ria do clube. Quem j\u00e1 vestiu a camisa do Avante e confirmar presen\u00e7a receber\u00e1 uma lembran\u00e7a especial em homenagem \u00e0s quatro d\u00e9cadas da entidade.<\/p>\n\n\n\n<p>Ao meio-dia, ser\u00e1 servido almo\u00e7o \u00e0 mesa, com card\u00e1pio t\u00edpico de festas comunit\u00e1rias da regi\u00e3o. O cart\u00e3o custa R$ 60 e reservas podem ser feitas pelos telefones (51) 98329-6208 (Robson) e (51) 99796-6303 (Fausto). \u00c0 tarde, as comemora\u00e7\u00f5es seguem com show de bandas.<\/p>\n\n\n\n<p>Um dos organizadores e ex-atleta do Avante, Robson Wessel, destaca que a realiza\u00e7\u00e3o do evento refor\u00e7a a liga\u00e7\u00e3o pessoal do clube com a comunidade. \u201cFoi o clube onde comecei a dar meus primeiros passos no futebol. Sempre acompanhava meu pai, que tamb\u00e9m jogou aqui, assim como meu av\u00f4. Nos domingos, o lazer era descer para o campo, a comunidade sempre lotava. Eu, ainda jovem, j\u00e1 estava envolvido e o Avante e virou parte da minha vida\u201d, aponta.<\/p>\n\n\n\n<p>Robson tamb\u00e9m recorda a trajet\u00f3ria como jogador e a liga\u00e7\u00e3o afetiva com o clube. \u201cJoguei aqui desde os 12 anos, participei de campeonatos municipais e o \u00faltimo foi em 2009. Neste ano, tivemos novamente a oportunidade de disputar um municipal. Para mim, n\u00e3o existe outro clube em Imigrante que fa\u00e7a o cora\u00e7\u00e3o bater mais forte do que o Avante. Ele \u00e9 parte da minha hist\u00f3ria e de toda a comunidade\u201d, reconhece.<\/p>\n","protected":false},"excerpt":{"rendered":"<p>A Sociedade Esportiva Avante, da Linha Imhoff, em Imigrante, chega aos 40 anos de hist\u00f3ria em 2025 e prepara uma grande festa para marcar a data. O evento ser\u00e1 no domingo (28\/9) e reunir\u00e1 atletas, ex-jogadores, associados e comunidade. Fundado em 5 de outubro de 1985, o Avante \u00e9 considerado um dos clubes mais tradicionais [&hellip;]<\/p>\n","protected":false},"author":732,"featured_media":194903,"comment_status":"open","ping_status":"open","sticky":false,"template":"","format":"standard","meta":{"pmpro_default_level":"","_jetpack_memberships_contains_paid_content":false,"footnotes":""},"categories":[5,240],"tags":[5524,19566,147,34],"class_list":{"0":"post-194829","1":"post","2":"type-post","3":"status-publish","4":"format-standard","5":"has-post-thumbnail","7":"category-esportes","8":"category-futebol-amador","9":"tag-aniversario-2","10":"tag-avante","11":"tag-futebol-amador","12":"tag-imigrante","13":"pmpro-has-access"},"yoast_head":"<!-- This site is optimized with the Yoast SEO plugin v27.5 - https:\/\/yoast.com\/product\/yoast-seo-wordpress\/ -->\n<title>Avante comemora 40 anos com programa\u00e7\u00e3o especial em Imigrante - Folha Popular<\/title>\n<meta name=\"robots\" content=\"index, follow, max-snippet:-1, max-image-preview:large, max-video-preview:-1\" \/>\n<link rel=\"canonical\" href=\"https:\/\/folhapopular.info\/index.php\/2025\/09\/25\/avante-comemora-40-anos-com-programacao-especial-em-imigrante\/\" \/>\n<meta property=\"og:locale\" content=\"pt_BR\" \/>\n<meta property=\"og:type\" content=\"article\" \/>\n<meta property=\"og:title\" content=\"Avante comemora 40 anos com programa\u00e7\u00e3o especial em Imigrante - Folha Popular\" \/>\n<meta property=\"og:description\" content=\"A Sociedade Esportiva Avante, da Linha Imhoff, em Imigrante, chega aos 40 anos de hist\u00f3ria em 2025 e prepara uma grande festa para marcar a data. O evento ser\u00e1 no domingo (28\/9) e reunir\u00e1 atletas, ex-jogadores, associados e comunidade. Fundado em 5 de outubro de 1985, o Avante \u00e9 considerado um dos clubes mais tradicionais [&hellip;]\" \/>\n<meta property=\"og:url\" content=\"https:\/\/folhapopular.info\/index.php\/2025\/09\/25\/avante-comemora-40-anos-com-programacao-especial-em-imigrante\/\" \/>\n<meta property=\"og:site_name\" content=\"Folha Popular\" \/>\n<meta property=\"article:author\" content=\"https:\/\/www.facebook.com\/luis.huppes\/\" \/>\n<meta property=\"article:published_time\" content=\"2025-09-25T17:27:19+00:00\" \/>\n<meta property=\"article:modified_time\" content=\"2025-09-25T17:29:39+00:00\" \/>\n<meta property=\"og:image\" content=\"http:\/\/folhapopular.info\/wp-content\/uploads\/2025\/09\/WhatsApp-Image-2025-09-25-at-13.08.48.jpeg\" \/>\n\t<meta property=\"og:image:width\" content=\"1599\" \/>\n\t<meta property=\"og:image:height\" content=\"899\" \/>\n\t<meta property=\"og:image:type\" content=\"image\/jpeg\" \/>\n<meta name=\"author\" content=\"Luis Augusto Huppes\" \/>\n<meta name=\"twitter:card\" content=\"summary_large_image\" \/>\n<meta name=\"twitter:label1\" content=\"Escrito por\" \/>\n\t<meta name=\"twitter:data1\" content=\"Luis Augusto Huppes\" \/>\n\t<meta name=\"twitter:label2\" content=\"Est. tempo de leitura\" \/>\n\t<meta name=\"twitter:data2\" content=\"2 minutos\" \/>\n<script type=\"application\/ld+json\" class=\"yoast-schema-graph\">{\"@context\":\"https:\\\/\\\/schema.org\",\"@graph\":[{\"@type\":\"Article\",\"@id\":\"https:\\\/\\\/folhapopular.info\\\/index.php\\\/2025\\\/09\\\/25\\\/avante-comemora-40-anos-com-programacao-especial-em-imigrante\\\/#article\",\"isPartOf\":{\"@id\":\"https:\\\/\\\/folhapopular.info\\\/index.php\\\/2025\\\/09\\\/25\\\/avante-comemora-40-anos-com-programacao-especial-em-imigrante\\\/\"},\"author\":{\"name\":\"Luis Augusto Huppes\",\"@id\":\"https:\\\/\\\/folhapopular.info\\\/#\\\/schema\\\/person\\\/e852c327371714676d02e58cf917fd9f\"},\"headline\":\"Avante comemora 40 anos com programa\u00e7\u00e3o especial em Imigrante\",\"datePublished\":\"2025-09-25T17:27:19+00:00\",\"dateModified\":\"2025-09-25T17:29:39+00:00\",\"mainEntityOfPage\":{\"@id\":\"https:\\\/\\\/folhapopular.info\\\/index.php\\\/2025\\\/09\\\/25\\\/avante-comemora-40-anos-com-programacao-especial-em-imigrante\\\/\"},\"wordCount\":310,\"commentCount\":0,\"image\":{\"@id\":\"https:\\\/\\\/folhapopular.info\\\/index.php\\\/2025\\\/09\\\/25\\\/avante-comemora-40-anos-com-programacao-especial-em-imigrante\\\/#primaryimage\"},\"thumbnailUrl\":\"https:\\\/\\\/folhapopular.info\\\/wp-content\\\/uploads\\\/2025\\\/09\\\/WhatsApp-Image-2025-09-25-at-13.08.48.jpeg\",\"keywords\":[\"Anivers\u00e1rio\",\"Avante\",\"futebol amador\",\"Imigrante\"],\"articleSection\":[\"Esportes\",\"Futebol Amador\"],\"inLanguage\":\"pt-BR\",\"potentialAction\":[{\"@type\":\"CommentAction\",\"name\":\"Comment\",\"target\":[\"https:\\\/\\\/folhapopular.info\\\/index.php\\\/2025\\\/09\\\/25\\\/avante-comemora-40-anos-com-programacao-especial-em-imigrante\\\/#respond\"]}]},{\"@type\":\"WebPage\",\"@id\":\"https:\\\/\\\/folhapopular.info\\\/index.php\\\/2025\\\/09\\\/25\\\/avante-comemora-40-anos-com-programacao-especial-em-imigrante\\\/\",\"url\":\"https:\\\/\\\/folhapopular.info\\\/index.php\\\/2025\\\/09\\\/25\\\/avante-comemora-40-anos-com-programacao-especial-em-imigrante\\\/\",\"name\":\"Avante comemora 40 anos com programa\u00e7\u00e3o especial em Imigrante - Folha Popular\",\"isPartOf\":{\"@id\":\"https:\\\/\\\/folhapopular.info\\\/#website\"},\"primaryImageOfPage\":{\"@id\":\"https:\\\/\\\/folhapopular.info\\\/index.php\\\/2025\\\/09\\\/25\\\/avante-comemora-40-anos-com-programacao-especial-em-imigrante\\\/#primaryimage\"},\"image\":{\"@id\":\"https:\\\/\\\/folhapopular.info\\\/index.php\\\/2025\\\/09\\\/25\\\/avante-comemora-40-anos-com-programacao-especial-em-imigrante\\\/#primaryimage\"},\"thumbnailUrl\":\"https:\\\/\\\/folhapopular.info\\\/wp-content\\\/uploads\\\/2025\\\/09\\\/WhatsApp-Image-2025-09-25-at-13.08.48.jpeg\",\"datePublished\":\"2025-09-25T17:27:19+00:00\",\"dateModified\":\"2025-09-25T17:29:39+00:00\",\"author\":{\"@id\":\"https:\\\/\\\/folhapopular.info\\\/#\\\/schema\\\/person\\\/e852c327371714676d02e58cf917fd9f\"},\"breadcrumb\":{\"@id\":\"https:\\\/\\\/folhapopular.info\\\/index.php\\\/2025\\\/09\\\/25\\\/avante-comemora-40-anos-com-programacao-especial-em-imigrante\\\/#breadcrumb\"},\"inLanguage\":\"pt-BR\",\"potentialAction\":[{\"@type\":\"ReadAction\",\"target\":[\"https:\\\/\\\/folhapopular.info\\\/index.php\\\/2025\\\/09\\\/25\\\/avante-comemora-40-anos-com-programacao-especial-em-imigrante\\\/\"]}]},{\"@type\":\"ImageObject\",\"inLanguage\":\"pt-BR\",\"@id\":\"https:\\\/\\\/folhapopular.info\\\/index.php\\\/2025\\\/09\\\/25\\\/avante-comemora-40-anos-com-programacao-especial-em-imigrante\\\/#primaryimage\",\"url\":\"https:\\\/\\\/folhapopular.info\\\/wp-content\\\/uploads\\\/2025\\\/09\\\/WhatsApp-Image-2025-09-25-at-13.08.48.jpeg\",\"contentUrl\":\"https:\\\/\\\/folhapopular.info\\\/wp-content\\\/uploads\\\/2025\\\/09\\\/WhatsApp-Image-2025-09-25-at-13.08.48.jpeg\",\"width\":1599,\"height\":899,\"caption\":\"Comemora\u00e7\u00e3o ser\u00e1 na sede do Clube, em Linha Ihmoff - Cr\u00e9dito: Robson Wessel \\\/ Divulga\u00e7\u00e3o\"},{\"@type\":\"BreadcrumbList\",\"@id\":\"https:\\\/\\\/folhapopular.info\\\/index.php\\\/2025\\\/09\\\/25\\\/avante-comemora-40-anos-com-programacao-especial-em-imigrante\\\/#breadcrumb\",\"itemListElement\":[{\"@type\":\"ListItem\",\"position\":1,\"name\":\"In\u00edcio\",\"item\":\"https:\\\/\\\/folhapopular.info\\\/\"},{\"@type\":\"ListItem\",\"position\":2,\"name\":\"Avante comemora 40 anos com programa\u00e7\u00e3o especial em Imigrante\"}]},{\"@type\":\"WebSite\",\"@id\":\"https:\\\/\\\/folhapopular.info\\\/#website\",\"url\":\"https:\\\/\\\/folhapopular.info\\\/\",\"name\":\"Folha Popular\",\"description\":\"Onde voc\u00ea tem vez e voz\",\"potentialAction\":[{\"@type\":\"SearchAction\",\"target\":{\"@type\":\"EntryPoint\",\"urlTemplate\":\"https:\\\/\\\/folhapopular.info\\\/?s={search_term_string}\"},\"query-input\":{\"@type\":\"PropertyValueSpecification\",\"valueRequired\":true,\"valueName\":\"search_term_string\"}}],\"inLanguage\":\"pt-BR\"},{\"@type\":\"Person\",\"@id\":\"https:\\\/\\\/folhapopular.info\\\/#\\\/schema\\\/person\\\/e852c327371714676d02e58cf917fd9f\",\"name\":\"Luis Augusto Huppes\",\"image\":{\"@type\":\"ImageObject\",\"inLanguage\":\"pt-BR\",\"@id\":\"https:\\\/\\\/folhapopular.info\\\/wp-content\\\/uploads\\\/2026\\\/04\\\/Luis-Augusto-Huppes-1-1.webp\",\"url\":\"https:\\\/\\\/folhapopular.info\\\/wp-content\\\/uploads\\\/2026\\\/04\\\/Luis-Augusto-Huppes-1-1.webp\",\"contentUrl\":\"https:\\\/\\\/folhapopular.info\\\/wp-content\\\/uploads\\\/2026\\\/04\\\/Luis-Augusto-Huppes-1-1.webp\",\"caption\":\"Luis Augusto Huppes\"},\"sameAs\":[\"https:\\\/\\\/www.facebook.com\\\/luis.huppes\\\/\",\"https:\\\/\\\/www.instagram.com\\\/luis.huppes\\\/\",\"https:\\\/\\\/www.linkedin.com\\\/in\\\/luis-augusto-huppes-2554b52b7\\\/\"],\"url\":\"https:\\\/\\\/folhapopular.info\\\/index.php\\\/author\\\/luis-augusto-huppes\\\/\"}]}<\/script>\n<!-- \/ Yoast SEO plugin. -->","yoast_head_json":{"title":"Avante comemora 40 anos com programa\u00e7\u00e3o especial em Imigrante - Folha Popular","robots":{"index":"index","follow":"follow","max-snippet":"max-snippet:-1","max-image-preview":"max-image-preview:large","max-video-preview":"max-video-preview:-1"},"canonical":"https:\/\/folhapopular.info\/index.php\/2025\/09\/25\/avante-comemora-40-anos-com-programacao-especial-em-imigrante\/","og_locale":"pt_BR","og_type":"article","og_title":"Avante comemora 40 anos com programa\u00e7\u00e3o especial em Imigrante - Folha Popular","og_description":"A Sociedade Esportiva Avante, da Linha Imhoff, em Imigrante, chega aos 40 anos de hist\u00f3ria em 2025 e prepara uma grande festa para marcar a data. O evento ser\u00e1 no domingo (28\/9) e reunir\u00e1 atletas, ex-jogadores, associados e comunidade. Fundado em 5 de outubro de 1985, o Avante \u00e9 considerado um dos clubes mais tradicionais [&hellip;]","og_url":"https:\/\/folhapopular.info\/index.php\/2025\/09\/25\/avante-comemora-40-anos-com-programacao-especial-em-imigrante\/","og_site_name":"Folha Popular","article_author":"https:\/\/www.facebook.com\/luis.huppes\/","article_published_time":"2025-09-25T17:27:19+00:00","article_modified_time":"2025-09-25T17:29:39+00:00","og_image":[{"width":1599,"height":899,"url":"http:\/\/folhapopular.info\/wp-content\/uploads\/2025\/09\/WhatsApp-Image-2025-09-25-at-13.08.48.jpeg","type":"image\/jpeg"}],"author":"Luis Augusto Huppes","twitter_card":"summary_large_image","twitter_misc":{"Escrito por":"Luis Augusto Huppes","Est. tempo de leitura":"2 minutos"},"schema":{"@context":"https:\/\/schema.org","@graph":[{"@type":"Article","@id":"https:\/\/folhapopular.info\/index.php\/2025\/09\/25\/avante-comemora-40-anos-com-programacao-especial-em-imigrante\/#article","isPartOf":{"@id":"https:\/\/folhapopular.info\/index.php\/2025\/09\/25\/avante-comemora-40-anos-com-programacao-especial-em-imigrante\/"},"author":{"name":"Luis Augusto Huppes","@id":"https:\/\/folhapopular.info\/#\/schema\/person\/e852c327371714676d02e58cf917fd9f"},"headline":"Avante comemora 40 anos com programa\u00e7\u00e3o especial em Imigrante","datePublished":"2025-09-25T17:27:19+00:00","dateModified":"2025-09-25T17:29:39+00:00","mainEntityOfPage":{"@id":"https:\/\/folhapopular.info\/index.php\/2025\/09\/25\/avante-comemora-40-anos-com-programacao-especial-em-imigrante\/"},"wordCount":310,"commentCount":0,"image":{"@id":"https:\/\/folhapopular.info\/index.php\/2025\/09\/25\/avante-comemora-40-anos-com-programacao-especial-em-imigrante\/#primaryimage"},"thumbnailUrl":"https:\/\/folhapopular.info\/wp-content\/uploads\/2025\/09\/WhatsApp-Image-2025-09-25-at-13.08.48.jpeg","keywords":["Anivers\u00e1rio","Avante","futebol amador","Imigrante"],"articleSection":["Esportes","Futebol Amador"],"inLanguage":"pt-BR","potentialAction":[{"@type":"CommentAction","name":"Comment","target":["https:\/\/folhapopular.info\/index.php\/2025\/09\/25\/avante-comemora-40-anos-com-programacao-especial-em-imigrante\/#respond"]}]},{"@type":"WebPage","@id":"https:\/\/folhapopular.info\/index.php\/2025\/09\/25\/avante-comemora-40-anos-com-programacao-especial-em-imigrante\/","url":"https:\/\/folhapopular.info\/index.php\/2025\/09\/25\/avante-comemora-40-anos-com-programacao-especial-em-imigrante\/","name":"Avante comemora 40 anos com programa\u00e7\u00e3o especial em Imigrante - Folha Popular","isPartOf":{"@id":"https:\/\/folhapopular.info\/#website"},"primaryImageOfPage":{"@id":"https:\/\/folhapopular.info\/index.php\/2025\/09\/25\/avante-comemora-40-anos-com-programacao-especial-em-imigrante\/#primaryimage"},"image":{"@id":"https:\/\/folhapopular.info\/index.php\/2025\/09\/25\/avante-comemora-40-anos-com-programacao-especial-em-imigrante\/#primaryimage"},"thumbnailUrl":"https:\/\/folhapopular.info\/wp-content\/uploads\/2025\/09\/WhatsApp-Image-2025-09-25-at-13.08.48.jpeg","datePublished":"2025-09-25T17:27:19+00:00","dateModified":"2025-09-25T17:29:39+00:00","author":{"@id":"https:\/\/folhapopular.info\/#\/schema\/person\/e852c327371714676d02e58cf917fd9f"},"breadcrumb":{"@id":"https:\/\/folhapopular.info\/index.php\/2025\/09\/25\/avante-comemora-40-anos-com-programacao-especial-em-imigrante\/#breadcrumb"},"inLanguage":"pt-BR","potentialAction":[{"@type":"ReadAction","target":["https:\/\/folhapopular.info\/index.php\/2025\/09\/25\/avante-comemora-40-anos-com-programacao-especial-em-imigrante\/"]}]},{"@type":"ImageObject","inLanguage":"pt-BR","@id":"https:\/\/folhapopular.info\/index.php\/2025\/09\/25\/avante-comemora-40-anos-com-programacao-especial-em-imigrante\/#primaryimage","url":"https:\/\/folhapopular.info\/wp-content\/uploads\/2025\/09\/WhatsApp-Image-2025-09-25-at-13.08.48.jpeg","contentUrl":"https:\/\/folhapopular.info\/wp-content\/uploads\/2025\/09\/WhatsApp-Image-2025-09-25-at-13.08.48.jpeg","width":1599,"height":899,"caption":"Comemora\u00e7\u00e3o ser\u00e1 na sede do Clube, em Linha Ihmoff - Cr\u00e9dito: Robson Wessel \/ Divulga\u00e7\u00e3o"},{"@type":"BreadcrumbList","@id":"https:\/\/folhapopular.info\/index.php\/2025\/09\/25\/avante-comemora-40-anos-com-programacao-especial-em-imigrante\/#breadcrumb","itemListElement":[{"@type":"ListItem","position":1,"name":"In\u00edcio","item":"https:\/\/folhapopular.info\/"},{"@type":"ListItem","position":2,"name":"Avante comemora 40 anos com programa\u00e7\u00e3o especial em Imigrante"}]},{"@type":"WebSite","@id":"https:\/\/folhapopular.info\/#website","url":"https:\/\/folhapopular.info\/","name":"Folha Popular","description":"Onde voc\u00ea tem vez e voz","potentialAction":[{"@type":"SearchAction","target":{"@type":"EntryPoint","urlTemplate":"https:\/\/folhapopular.info\/?s={search_term_string}"},"query-input":{"@type":"PropertyValueSpecification","valueRequired":true,"valueName":"search_term_string"}}],"inLanguage":"pt-BR"},{"@type":"Person","@id":"https:\/\/folhapopular.info\/#\/schema\/person\/e852c327371714676d02e58cf917fd9f","name":"Luis Augusto Huppes","image":{"@type":"ImageObject","inLanguage":"pt-BR","@id":"https:\/\/folhapopular.info\/wp-content\/uploads\/2026\/04\/Luis-Augusto-Huppes-1-1.webp","url":"https:\/\/folhapopular.info\/wp-content\/uploads\/2026\/04\/Luis-Augusto-Huppes-1-1.webp","contentUrl":"https:\/\/folhapopular.info\/wp-content\/uploads\/2026\/04\/Luis-Augusto-Huppes-1-1.webp","caption":"Luis Augusto Huppes"},"sameAs":["https:\/\/www.facebook.com\/luis.huppes\/","https:\/\/www.instagram.com\/luis.huppes\/","https:\/\/www.linkedin.com\/in\/luis-augusto-huppes-2554b52b7\/"],"url":"https:\/\/folhapopular.info\/index.php\/author\/luis-augusto-huppes\/"}]}},"jetpack_featured_media_url":"https:\/\/folhapopular.info\/wp-content\/uploads\/2025\/09\/WhatsApp-Image-2025-09-25-at-13.08.48.jpeg","jetpack_sharing_enabled":true,"amp_enabled":true,"_links":{"self":[{"href":"https:\/\/folhapopular.info\/index.php\/wp-json\/wp\/v2\/posts\/194829","targetHints":{"allow":["GET"]}}],"collection":[{"href":"https:\/\/folhapopular.info\/index.php\/wp-json\/wp\/v2\/posts"}],"about":[{"href":"https:\/\/folhapopular.info\/index.php\/wp-json\/wp\/v2\/types\/post"}],"author":[{"embeddable":true,"href":"https:\/\/folhapopular.info\/index.php\/wp-json\/wp\/v2\/users\/732"}],"replies":[{"embeddable":true,"href":"https:\/\/folhapopular.info\/index.php\/wp-json\/wp\/v2\/comments?post=194829"}],"version-history":[{"count":0,"href":"https:\/\/folhapopular.info\/index.php\/wp-json\/wp\/v2\/posts\/194829\/revisions"}],"wp:featuredmedia":[{"embeddable":true,"href":"https:\/\/folhapopular.info\/index.php\/wp-json\/wp\/v2\/media\/194903"}],"wp:attachment":[{"href":"https:\/\/folhapopular.info\/index.php\/wp-json\/wp\/v2\/media?parent=194829"}],"wp:term":[{"taxonomy":"category","embeddable":true,"href":"https:\/\/folhapopular.info\/index.php\/wp-json\/wp\/v2\/categories?post=194829"},{"taxonomy":"post_tag","embeddable":true,"href":"https:\/\/folhapopular.info\/index.php\/wp-json\/wp\/v2\/tags?post=194829"}],"curies":[{"name":"wp","href":"https:\/\/api.w.org\/{rel}","templated":true}]}}