{"id":194998,"date":"2025-09-27T09:00:00","date_gmt":"2025-09-27T12:00:00","guid":{"rendered":"https:\/\/folhapopular.info\/?p=194998"},"modified":"2025-09-27T07:54:37","modified_gmt":"2025-09-27T10:54:37","slug":"15-anos-dos-sonhos-transforma-vidas-de-meninas-e-familias","status":"publish","type":"post","link":"https:\/\/folhapopular.info\/index.php\/2025\/09\/27\/15-anos-dos-sonhos-transforma-vidas-de-meninas-e-familias\/","title":{"rendered":"15 Anos dos Sonhos transforma vidas de meninas e fam\u00edlias"},"content":{"rendered":"\n<p>O Rotaract Club de Teut\u00f4nia realiza a 7\u00aa edi\u00e7\u00e3o do projeto \u201c15 Anos dos Sonhos\u201d, uma iniciativa que vai muito al\u00e9m de uma festa de debutantes. Desde 2017, o clube faz mais do que realizar uma celebra\u00e7\u00e3o, pois a iniciativa abre portas, cria oportunidades e marca a vida de meninas e de suas fam\u00edlias para sempre. Nesta edi\u00e7\u00e3o a Escola Municipal Bento Gon\u00e7alves participou pela primeira vez.<\/p>\n\n\n\n<p>O projeto come\u00e7a bem antes da grande festa, com visitas \u00e0s escolas municipais e estaduais, apresentando \u00e0s meninas que completam 15 anos a chance de participar dessa experi\u00eancia \u00fanica. Neste ano, 20 cartinhas chegaram ao clube, cada uma contando hist\u00f3rias, sonhos e desejos de contribuir com a comunidade. Entre elas, tr\u00eas jovens s\u00e3o escolhidas para viver a grande surpresa.<\/p>\n\n\n\n<p>\u201cN\u00e3o \u00e9 s\u00f3 sobre a festa. Queremos mostrar para essas meninas que elas podem sonhar grande, aprender, se desenvolver e ter oportunidades que transformar\u00e3o seu futuro\u201d, conta Ana K\u00e4fer, presidente do projeto.<\/p>\n\n\n\n<p>A surpresa para elas aconteceu no domingo, dia 21, e, antes da divulga\u00e7\u00e3o oficial nas redes sociais, est\u00e1 prevista uma reuni\u00e3o com as fam\u00edlias na segunda-feira (29\/9).<\/p>\n\n\n\n<p>Para Dener Correia, membro da comiss\u00e3o, o mais gratificante \u00e9 ver a evolu\u00e7\u00e3o de cada participante: \u201cO projeto n\u00e3o termina com a festa. Acompanhar o crescimento delas e a constru\u00e7\u00e3o de novos caminhos \u00e9 uma emo\u00e7\u00e3o que nos enche o cora\u00e7\u00e3o.\u201d<\/p>\n\n\n\n<p>J\u00e1 selecionadas, as tr\u00eas novas debutantes ser\u00e3o reveladas na pr\u00f3xima semana. Correia ressalta que a escolha das jovens leva em considera\u00e7\u00e3o n\u00e3o s\u00f3 o desejo de debutar, mas tamb\u00e9m, sua inten\u00e7\u00e3o em colaborar com a comunidade e o comprometimento em honrar os compromissos assumidos com os patrocinadores e apoiadores.<\/p>\n\n\n\n<p>As participantes t\u00eam acesso a cursos t\u00e9cnicos, idiomas, oficinas e mentorias, al\u00e9m de experi\u00eancias pr\u00e1ticas em empresas da regi\u00e3o, vivenciando o trabalho em equipe e o mundo profissional &#8211; tudo isso sem custo para elas ou suas fam\u00edlias. A \u00fanica exig\u00eancia \u00e9 o tempo e o envolvimento, que se transformam em lembran\u00e7as e aprendizado para a vida inteira.<\/p>\n\n\n\n<p>A grande noite da 7\u00aa edi\u00e7\u00e3o ser\u00e1 no dia 28 de novembro, no Clube Recreativo Teutoniense, reunindo as jovens, familiares, amigos e parceiros que tornam o projeto poss\u00edvel. \u201cCada edi\u00e7\u00e3o \u00e9 constru\u00edda com a ajuda da comunidade. Sem empresas, volunt\u00e1rios e fam\u00edlias, nada disso seria realidade\u201d, refor\u00e7a Ana.<\/p>\n\n\n\n<figure class=\"wp-block-image size-large\"><img loading=\"lazy\" decoding=\"async\" width=\"1024\" height=\"619\" src=\"https:\/\/folhapopular.info\/wp-content\/uploads\/2025\/09\/Em-2024-as-jovens-Maysa-Kamilly-e-Laura-puderam-vivenciar-este-projeto_Ariana-de-Oliveira-1024x619.jpeg\" alt=\"\" class=\"wp-image-195001\" srcset=\"https:\/\/folhapopular.info\/wp-content\/uploads\/2025\/09\/Em-2024-as-jovens-Maysa-Kamilly-e-Laura-puderam-vivenciar-este-projeto_Ariana-de-Oliveira-1024x619.jpeg 1024w, https:\/\/folhapopular.info\/wp-content\/uploads\/2025\/09\/Em-2024-as-jovens-Maysa-Kamilly-e-Laura-puderam-vivenciar-este-projeto_Ariana-de-Oliveira-300x181.jpeg 300w, https:\/\/folhapopular.info\/wp-content\/uploads\/2025\/09\/Em-2024-as-jovens-Maysa-Kamilly-e-Laura-puderam-vivenciar-este-projeto_Ariana-de-Oliveira-768x464.jpeg 768w, https:\/\/folhapopular.info\/wp-content\/uploads\/2025\/09\/Em-2024-as-jovens-Maysa-Kamilly-e-Laura-puderam-vivenciar-este-projeto_Ariana-de-Oliveira-1536x928.jpeg 1536w, https:\/\/folhapopular.info\/wp-content\/uploads\/2025\/09\/Em-2024-as-jovens-Maysa-Kamilly-e-Laura-puderam-vivenciar-este-projeto_Ariana-de-Oliveira-2048x1238.jpeg 2048w, https:\/\/folhapopular.info\/wp-content\/uploads\/2025\/09\/Em-2024-as-jovens-Maysa-Kamilly-e-Laura-puderam-vivenciar-este-projeto_Ariana-de-Oliveira-695x420.jpeg 695w, https:\/\/folhapopular.info\/wp-content\/uploads\/2025\/09\/Em-2024-as-jovens-Maysa-Kamilly-e-Laura-puderam-vivenciar-este-projeto_Ariana-de-Oliveira-696x421.jpeg 696w, https:\/\/folhapopular.info\/wp-content\/uploads\/2025\/09\/Em-2024-as-jovens-Maysa-Kamilly-e-Laura-puderam-vivenciar-este-projeto_Ariana-de-Oliveira-1068x645.jpeg 1068w, https:\/\/folhapopular.info\/wp-content\/uploads\/2025\/09\/Em-2024-as-jovens-Maysa-Kamilly-e-Laura-puderam-vivenciar-este-projeto_Ariana-de-Oliveira-1920x1160.jpeg 1920w\" sizes=\"auto, (max-width: 1024px) 100vw, 1024px\" \/><figcaption class=\"wp-element-caption\"><br>Em 2024, as jovens Maysa, Kamilly e Laura puderam vivenciar este projeto \/ Cr\u00e9dito: Ariana de Oliveira<\/figcaption><\/figure>\n\n\n\n<p>A comunidade ainda pode fazer parte dessa corrente do bem. Apoios financeiros, de produtos, servi\u00e7os ou voluntariado s\u00e3o sempre bem-vindos. Para colaborar ou conhecer mais, o Rotaract de Teut\u00f4nia est\u00e1 nas redes sociais @rotaractclubteutonia.<\/p>\n\n\n\n<p>O \u201c15 Anos dos Sonhos\u201d \u00e9 a celebra\u00e7\u00e3o da esperan\u00e7a, do aprendizado e da for\u00e7a da comunidade, que transforma o presente e guia o futuro de meninas que est\u00e3o come\u00e7ando a escrever suas pr\u00f3prias hist\u00f3rias. O impacto do projeto vai muito al\u00e9m da comemora\u00e7\u00e3o. Ex-participantes j\u00e1 se formaram em cursos t\u00e9cnicos, ingressaram no mercado de trabalho e continuam inspirando novas gera\u00e7\u00f5es. \u201cCada sorriso, cada conquista dessas meninas nos lembra do quanto esse projeto transforma vidas\u201d, finaliza Dener.<\/p>\n","protected":false},"excerpt":{"rendered":"<p>O Rotaract Club de Teut\u00f4nia realiza a 7\u00aa edi\u00e7\u00e3o do projeto \u201c15 Anos dos Sonhos\u201d, uma iniciativa que vai muito al\u00e9m de uma festa de debutantes. Desde 2017, o clube faz mais do que realizar uma celebra\u00e7\u00e3o, pois a iniciativa abre portas, cria oportunidades e marca a vida de meninas e de suas fam\u00edlias para [&hellip;]<\/p>\n","protected":false},"author":707,"featured_media":195000,"comment_status":"open","ping_status":"open","sticky":false,"template":"","format":"standard","meta":{"pmpro_default_level":"","_jetpack_memberships_contains_paid_content":false,"footnotes":""},"categories":[10996,2,6,12657],"tags":[17197,275,13585],"class_list":{"0":"post-194998","1":"post","2":"type-post","3":"status-publish","4":"format-standard","5":"has-post-thumbnail","7":"category-cultura","8":"category-featured","9":"category-inclusive","10":"category-solidariedade","11":"tag-15-anos-dos-sonhos","12":"tag-rotaract","13":"tag-rotaract-teutonia","14":"pmpro-has-access"},"yoast_head":"<!-- This site is optimized with the Yoast SEO plugin v27.5 - https:\/\/yoast.com\/product\/yoast-seo-wordpress\/ -->\n<title>15 Anos dos Sonhos transforma vidas de meninas e fam\u00edlias - Folha Popular<\/title>\n<meta name=\"robots\" content=\"index, follow, max-snippet:-1, max-image-preview:large, max-video-preview:-1\" \/>\n<link rel=\"canonical\" href=\"https:\/\/folhapopular.info\/index.php\/2025\/09\/27\/15-anos-dos-sonhos-transforma-vidas-de-meninas-e-familias\/\" \/>\n<meta property=\"og:locale\" content=\"pt_BR\" \/>\n<meta property=\"og:type\" content=\"article\" \/>\n<meta property=\"og:title\" content=\"15 Anos dos Sonhos transforma vidas de meninas e fam\u00edlias - Folha Popular\" \/>\n<meta property=\"og:description\" content=\"O Rotaract Club de Teut\u00f4nia realiza a 7\u00aa edi\u00e7\u00e3o do projeto \u201c15 Anos dos Sonhos\u201d, uma iniciativa que vai muito al\u00e9m de uma festa de debutantes. Desde 2017, o clube faz mais do que realizar uma celebra\u00e7\u00e3o, pois a iniciativa abre portas, cria oportunidades e marca a vida de meninas e de suas fam\u00edlias para [&hellip;]\" \/>\n<meta property=\"og:url\" content=\"https:\/\/folhapopular.info\/index.php\/2025\/09\/27\/15-anos-dos-sonhos-transforma-vidas-de-meninas-e-familias\/\" \/>\n<meta property=\"og:site_name\" content=\"Folha Popular\" \/>\n<meta property=\"article:published_time\" content=\"2025-09-27T12:00:00+00:00\" \/>\n<meta property=\"og:image\" content=\"https:\/\/folhapopular.info\/wp-content\/uploads\/2025\/09\/Ja-selecionadas-tres-novas-debutantes-serao-reveladas-na-proxima-semana_DIV-scaled.jpeg\" \/>\n\t<meta property=\"og:image:width\" content=\"1920\" \/>\n\t<meta property=\"og:image:height\" content=\"2560\" \/>\n\t<meta property=\"og:image:type\" content=\"image\/jpeg\" \/>\n<meta name=\"author\" content=\"Ariana de Oliveira\" \/>\n<meta name=\"twitter:card\" content=\"summary_large_image\" \/>\n<meta name=\"twitter:label1\" content=\"Escrito por\" \/>\n\t<meta name=\"twitter:data1\" content=\"Ariana de Oliveira\" \/>\n\t<meta name=\"twitter:label2\" content=\"Est. tempo de leitura\" \/>\n\t<meta name=\"twitter:data2\" content=\"4 minutos\" \/>\n<script type=\"application\/ld+json\" class=\"yoast-schema-graph\">{\"@context\":\"https:\\\/\\\/schema.org\",\"@graph\":[{\"@type\":\"Article\",\"@id\":\"https:\\\/\\\/folhapopular.info\\\/index.php\\\/2025\\\/09\\\/27\\\/15-anos-dos-sonhos-transforma-vidas-de-meninas-e-familias\\\/#article\",\"isPartOf\":{\"@id\":\"https:\\\/\\\/folhapopular.info\\\/index.php\\\/2025\\\/09\\\/27\\\/15-anos-dos-sonhos-transforma-vidas-de-meninas-e-familias\\\/\"},\"author\":{\"name\":\"Ariana de Oliveira\",\"@id\":\"https:\\\/\\\/folhapopular.info\\\/#\\\/schema\\\/person\\\/e80d332e33633a6164933af03d7ee1b2\"},\"headline\":\"15 Anos dos Sonhos transforma vidas de meninas e fam\u00edlias\",\"datePublished\":\"2025-09-27T12:00:00+00:00\",\"mainEntityOfPage\":{\"@id\":\"https:\\\/\\\/folhapopular.info\\\/index.php\\\/2025\\\/09\\\/27\\\/15-anos-dos-sonhos-transforma-vidas-de-meninas-e-familias\\\/\"},\"wordCount\":563,\"commentCount\":0,\"image\":{\"@id\":\"https:\\\/\\\/folhapopular.info\\\/index.php\\\/2025\\\/09\\\/27\\\/15-anos-dos-sonhos-transforma-vidas-de-meninas-e-familias\\\/#primaryimage\"},\"thumbnailUrl\":\"https:\\\/\\\/folhapopular.info\\\/wp-content\\\/uploads\\\/2025\\\/09\\\/Ja-selecionadas-tres-novas-debutantes-serao-reveladas-na-proxima-semana_DIV-scaled.jpeg\",\"keywords\":[\"15 Anos dos Sonhos\",\"Rotaract\",\"Rotaract Teut\u00f4nia\"],\"articleSection\":[\"Cultura\",\"Destaques\",\"Inclusive\",\"Solidariedade\"],\"inLanguage\":\"pt-BR\",\"potentialAction\":[{\"@type\":\"CommentAction\",\"name\":\"Comment\",\"target\":[\"https:\\\/\\\/folhapopular.info\\\/index.php\\\/2025\\\/09\\\/27\\\/15-anos-dos-sonhos-transforma-vidas-de-meninas-e-familias\\\/#respond\"]}]},{\"@type\":\"WebPage\",\"@id\":\"https:\\\/\\\/folhapopular.info\\\/index.php\\\/2025\\\/09\\\/27\\\/15-anos-dos-sonhos-transforma-vidas-de-meninas-e-familias\\\/\",\"url\":\"https:\\\/\\\/folhapopular.info\\\/index.php\\\/2025\\\/09\\\/27\\\/15-anos-dos-sonhos-transforma-vidas-de-meninas-e-familias\\\/\",\"name\":\"15 Anos dos Sonhos transforma vidas de meninas e fam\u00edlias - Folha Popular\",\"isPartOf\":{\"@id\":\"https:\\\/\\\/folhapopular.info\\\/#website\"},\"primaryImageOfPage\":{\"@id\":\"https:\\\/\\\/folhapopular.info\\\/index.php\\\/2025\\\/09\\\/27\\\/15-anos-dos-sonhos-transforma-vidas-de-meninas-e-familias\\\/#primaryimage\"},\"image\":{\"@id\":\"https:\\\/\\\/folhapopular.info\\\/index.php\\\/2025\\\/09\\\/27\\\/15-anos-dos-sonhos-transforma-vidas-de-meninas-e-familias\\\/#primaryimage\"},\"thumbnailUrl\":\"https:\\\/\\\/folhapopular.info\\\/wp-content\\\/uploads\\\/2025\\\/09\\\/Ja-selecionadas-tres-novas-debutantes-serao-reveladas-na-proxima-semana_DIV-scaled.jpeg\",\"datePublished\":\"2025-09-27T12:00:00+00:00\",\"author\":{\"@id\":\"https:\\\/\\\/folhapopular.info\\\/#\\\/schema\\\/person\\\/e80d332e33633a6164933af03d7ee1b2\"},\"breadcrumb\":{\"@id\":\"https:\\\/\\\/folhapopular.info\\\/index.php\\\/2025\\\/09\\\/27\\\/15-anos-dos-sonhos-transforma-vidas-de-meninas-e-familias\\\/#breadcrumb\"},\"inLanguage\":\"pt-BR\",\"potentialAction\":[{\"@type\":\"ReadAction\",\"target\":[\"https:\\\/\\\/folhapopular.info\\\/index.php\\\/2025\\\/09\\\/27\\\/15-anos-dos-sonhos-transforma-vidas-de-meninas-e-familias\\\/\"]}]},{\"@type\":\"ImageObject\",\"inLanguage\":\"pt-BR\",\"@id\":\"https:\\\/\\\/folhapopular.info\\\/index.php\\\/2025\\\/09\\\/27\\\/15-anos-dos-sonhos-transforma-vidas-de-meninas-e-familias\\\/#primaryimage\",\"url\":\"https:\\\/\\\/folhapopular.info\\\/wp-content\\\/uploads\\\/2025\\\/09\\\/Ja-selecionadas-tres-novas-debutantes-serao-reveladas-na-proxima-semana_DIV-scaled.jpeg\",\"contentUrl\":\"https:\\\/\\\/folhapopular.info\\\/wp-content\\\/uploads\\\/2025\\\/09\\\/Ja-selecionadas-tres-novas-debutantes-serao-reveladas-na-proxima-semana_DIV-scaled.jpeg\",\"width\":1920,\"height\":2560,\"caption\":\"J\u00e1 selecionadas, tr\u00eas novas debutantes ser\u00e3o reveladas na pr\u00f3xima semana \\\/ Cr\u00e9dito: Rotaract Teut\u00f4nia\"},{\"@type\":\"BreadcrumbList\",\"@id\":\"https:\\\/\\\/folhapopular.info\\\/index.php\\\/2025\\\/09\\\/27\\\/15-anos-dos-sonhos-transforma-vidas-de-meninas-e-familias\\\/#breadcrumb\",\"itemListElement\":[{\"@type\":\"ListItem\",\"position\":1,\"name\":\"In\u00edcio\",\"item\":\"https:\\\/\\\/folhapopular.info\\\/\"},{\"@type\":\"ListItem\",\"position\":2,\"name\":\"15 Anos dos Sonhos transforma vidas de meninas e fam\u00edlias\"}]},{\"@type\":\"WebSite\",\"@id\":\"https:\\\/\\\/folhapopular.info\\\/#website\",\"url\":\"https:\\\/\\\/folhapopular.info\\\/\",\"name\":\"Folha Popular\",\"description\":\"Onde voc\u00ea tem vez e voz\",\"potentialAction\":[{\"@type\":\"SearchAction\",\"target\":{\"@type\":\"EntryPoint\",\"urlTemplate\":\"https:\\\/\\\/folhapopular.info\\\/?s={search_term_string}\"},\"query-input\":{\"@type\":\"PropertyValueSpecification\",\"valueRequired\":true,\"valueName\":\"search_term_string\"}}],\"inLanguage\":\"pt-BR\"},{\"@type\":\"Person\",\"@id\":\"https:\\\/\\\/folhapopular.info\\\/#\\\/schema\\\/person\\\/e80d332e33633a6164933af03d7ee1b2\",\"name\":\"Ariana de Oliveira\",\"image\":{\"@type\":\"ImageObject\",\"inLanguage\":\"pt-BR\",\"@id\":\"https:\\\/\\\/secure.gravatar.com\\\/avatar\\\/f41f85ba276460e0a04f6d5aca07e53f273efeee7e662d9ef431432a18216f59?s=96&d=mm&r=g\",\"url\":\"https:\\\/\\\/secure.gravatar.com\\\/avatar\\\/f41f85ba276460e0a04f6d5aca07e53f273efeee7e662d9ef431432a18216f59?s=96&d=mm&r=g\",\"contentUrl\":\"https:\\\/\\\/secure.gravatar.com\\\/avatar\\\/f41f85ba276460e0a04f6d5aca07e53f273efeee7e662d9ef431432a18216f59?s=96&d=mm&r=g\",\"caption\":\"Ariana de Oliveira\"},\"url\":\"https:\\\/\\\/folhapopular.info\\\/index.php\\\/author\\\/ariana-deoliveiragmail-com\\\/\"}]}<\/script>\n<!-- \/ Yoast SEO plugin. -->","yoast_head_json":{"title":"15 Anos dos Sonhos transforma vidas de meninas e fam\u00edlias - Folha Popular","robots":{"index":"index","follow":"follow","max-snippet":"max-snippet:-1","max-image-preview":"max-image-preview:large","max-video-preview":"max-video-preview:-1"},"canonical":"https:\/\/folhapopular.info\/index.php\/2025\/09\/27\/15-anos-dos-sonhos-transforma-vidas-de-meninas-e-familias\/","og_locale":"pt_BR","og_type":"article","og_title":"15 Anos dos Sonhos transforma vidas de meninas e fam\u00edlias - Folha Popular","og_description":"O Rotaract Club de Teut\u00f4nia realiza a 7\u00aa edi\u00e7\u00e3o do projeto \u201c15 Anos dos Sonhos\u201d, uma iniciativa que vai muito al\u00e9m de uma festa de debutantes. Desde 2017, o clube faz mais do que realizar uma celebra\u00e7\u00e3o, pois a iniciativa abre portas, cria oportunidades e marca a vida de meninas e de suas fam\u00edlias para [&hellip;]","og_url":"https:\/\/folhapopular.info\/index.php\/2025\/09\/27\/15-anos-dos-sonhos-transforma-vidas-de-meninas-e-familias\/","og_site_name":"Folha Popular","article_published_time":"2025-09-27T12:00:00+00:00","og_image":[{"width":1920,"height":2560,"url":"https:\/\/folhapopular.info\/wp-content\/uploads\/2025\/09\/Ja-selecionadas-tres-novas-debutantes-serao-reveladas-na-proxima-semana_DIV-scaled.jpeg","type":"image\/jpeg"}],"author":"Ariana de Oliveira","twitter_card":"summary_large_image","twitter_misc":{"Escrito por":"Ariana de Oliveira","Est. tempo de leitura":"4 minutos"},"schema":{"@context":"https:\/\/schema.org","@graph":[{"@type":"Article","@id":"https:\/\/folhapopular.info\/index.php\/2025\/09\/27\/15-anos-dos-sonhos-transforma-vidas-de-meninas-e-familias\/#article","isPartOf":{"@id":"https:\/\/folhapopular.info\/index.php\/2025\/09\/27\/15-anos-dos-sonhos-transforma-vidas-de-meninas-e-familias\/"},"author":{"name":"Ariana de Oliveira","@id":"https:\/\/folhapopular.info\/#\/schema\/person\/e80d332e33633a6164933af03d7ee1b2"},"headline":"15 Anos dos Sonhos transforma vidas de meninas e fam\u00edlias","datePublished":"2025-09-27T12:00:00+00:00","mainEntityOfPage":{"@id":"https:\/\/folhapopular.info\/index.php\/2025\/09\/27\/15-anos-dos-sonhos-transforma-vidas-de-meninas-e-familias\/"},"wordCount":563,"commentCount":0,"image":{"@id":"https:\/\/folhapopular.info\/index.php\/2025\/09\/27\/15-anos-dos-sonhos-transforma-vidas-de-meninas-e-familias\/#primaryimage"},"thumbnailUrl":"https:\/\/folhapopular.info\/wp-content\/uploads\/2025\/09\/Ja-selecionadas-tres-novas-debutantes-serao-reveladas-na-proxima-semana_DIV-scaled.jpeg","keywords":["15 Anos dos Sonhos","Rotaract","Rotaract Teut\u00f4nia"],"articleSection":["Cultura","Destaques","Inclusive","Solidariedade"],"inLanguage":"pt-BR","potentialAction":[{"@type":"CommentAction","name":"Comment","target":["https:\/\/folhapopular.info\/index.php\/2025\/09\/27\/15-anos-dos-sonhos-transforma-vidas-de-meninas-e-familias\/#respond"]}]},{"@type":"WebPage","@id":"https:\/\/folhapopular.info\/index.php\/2025\/09\/27\/15-anos-dos-sonhos-transforma-vidas-de-meninas-e-familias\/","url":"https:\/\/folhapopular.info\/index.php\/2025\/09\/27\/15-anos-dos-sonhos-transforma-vidas-de-meninas-e-familias\/","name":"15 Anos dos Sonhos transforma vidas de meninas e fam\u00edlias - Folha Popular","isPartOf":{"@id":"https:\/\/folhapopular.info\/#website"},"primaryImageOfPage":{"@id":"https:\/\/folhapopular.info\/index.php\/2025\/09\/27\/15-anos-dos-sonhos-transforma-vidas-de-meninas-e-familias\/#primaryimage"},"image":{"@id":"https:\/\/folhapopular.info\/index.php\/2025\/09\/27\/15-anos-dos-sonhos-transforma-vidas-de-meninas-e-familias\/#primaryimage"},"thumbnailUrl":"https:\/\/folhapopular.info\/wp-content\/uploads\/2025\/09\/Ja-selecionadas-tres-novas-debutantes-serao-reveladas-na-proxima-semana_DIV-scaled.jpeg","datePublished":"2025-09-27T12:00:00+00:00","author":{"@id":"https:\/\/folhapopular.info\/#\/schema\/person\/e80d332e33633a6164933af03d7ee1b2"},"breadcrumb":{"@id":"https:\/\/folhapopular.info\/index.php\/2025\/09\/27\/15-anos-dos-sonhos-transforma-vidas-de-meninas-e-familias\/#breadcrumb"},"inLanguage":"pt-BR","potentialAction":[{"@type":"ReadAction","target":["https:\/\/folhapopular.info\/index.php\/2025\/09\/27\/15-anos-dos-sonhos-transforma-vidas-de-meninas-e-familias\/"]}]},{"@type":"ImageObject","inLanguage":"pt-BR","@id":"https:\/\/folhapopular.info\/index.php\/2025\/09\/27\/15-anos-dos-sonhos-transforma-vidas-de-meninas-e-familias\/#primaryimage","url":"https:\/\/folhapopular.info\/wp-content\/uploads\/2025\/09\/Ja-selecionadas-tres-novas-debutantes-serao-reveladas-na-proxima-semana_DIV-scaled.jpeg","contentUrl":"https:\/\/folhapopular.info\/wp-content\/uploads\/2025\/09\/Ja-selecionadas-tres-novas-debutantes-serao-reveladas-na-proxima-semana_DIV-scaled.jpeg","width":1920,"height":2560,"caption":"J\u00e1 selecionadas, tr\u00eas novas debutantes ser\u00e3o reveladas na pr\u00f3xima semana \/ Cr\u00e9dito: Rotaract Teut\u00f4nia"},{"@type":"BreadcrumbList","@id":"https:\/\/folhapopular.info\/index.php\/2025\/09\/27\/15-anos-dos-sonhos-transforma-vidas-de-meninas-e-familias\/#breadcrumb","itemListElement":[{"@type":"ListItem","position":1,"name":"In\u00edcio","item":"https:\/\/folhapopular.info\/"},{"@type":"ListItem","position":2,"name":"15 Anos dos Sonhos transforma vidas de meninas e fam\u00edlias"}]},{"@type":"WebSite","@id":"https:\/\/folhapopular.info\/#website","url":"https:\/\/folhapopular.info\/","name":"Folha Popular","description":"Onde voc\u00ea tem vez e voz","potentialAction":[{"@type":"SearchAction","target":{"@type":"EntryPoint","urlTemplate":"https:\/\/folhapopular.info\/?s={search_term_string}"},"query-input":{"@type":"PropertyValueSpecification","valueRequired":true,"valueName":"search_term_string"}}],"inLanguage":"pt-BR"},{"@type":"Person","@id":"https:\/\/folhapopular.info\/#\/schema\/person\/e80d332e33633a6164933af03d7ee1b2","name":"Ariana de Oliveira","image":{"@type":"ImageObject","inLanguage":"pt-BR","@id":"https:\/\/secure.gravatar.com\/avatar\/f41f85ba276460e0a04f6d5aca07e53f273efeee7e662d9ef431432a18216f59?s=96&d=mm&r=g","url":"https:\/\/secure.gravatar.com\/avatar\/f41f85ba276460e0a04f6d5aca07e53f273efeee7e662d9ef431432a18216f59?s=96&d=mm&r=g","contentUrl":"https:\/\/secure.gravatar.com\/avatar\/f41f85ba276460e0a04f6d5aca07e53f273efeee7e662d9ef431432a18216f59?s=96&d=mm&r=g","caption":"Ariana de Oliveira"},"url":"https:\/\/folhapopular.info\/index.php\/author\/ariana-deoliveiragmail-com\/"}]}},"jetpack_featured_media_url":"https:\/\/folhapopular.info\/wp-content\/uploads\/2025\/09\/Ja-selecionadas-tres-novas-debutantes-serao-reveladas-na-proxima-semana_DIV-scaled.jpeg","jetpack_sharing_enabled":true,"amp_enabled":true,"_links":{"self":[{"href":"https:\/\/folhapopular.info\/index.php\/wp-json\/wp\/v2\/posts\/194998","targetHints":{"allow":["GET"]}}],"collection":[{"href":"https:\/\/folhapopular.info\/index.php\/wp-json\/wp\/v2\/posts"}],"about":[{"href":"https:\/\/folhapopular.info\/index.php\/wp-json\/wp\/v2\/types\/post"}],"author":[{"embeddable":true,"href":"https:\/\/folhapopular.info\/index.php\/wp-json\/wp\/v2\/users\/707"}],"replies":[{"embeddable":true,"href":"https:\/\/folhapopular.info\/index.php\/wp-json\/wp\/v2\/comments?post=194998"}],"version-history":[{"count":0,"href":"https:\/\/folhapopular.info\/index.php\/wp-json\/wp\/v2\/posts\/194998\/revisions"}],"wp:featuredmedia":[{"embeddable":true,"href":"https:\/\/folhapopular.info\/index.php\/wp-json\/wp\/v2\/media\/195000"}],"wp:attachment":[{"href":"https:\/\/folhapopular.info\/index.php\/wp-json\/wp\/v2\/media?parent=194998"}],"wp:term":[{"taxonomy":"category","embeddable":true,"href":"https:\/\/folhapopular.info\/index.php\/wp-json\/wp\/v2\/categories?post=194998"},{"taxonomy":"post_tag","embeddable":true,"href":"https:\/\/folhapopular.info\/index.php\/wp-json\/wp\/v2\/tags?post=194998"}],"curies":[{"name":"wp","href":"https:\/\/api.w.org\/{rel}","templated":true}]}}