{"id":195228,"date":"2025-10-01T12:00:00","date_gmt":"2025-10-01T15:00:00","guid":{"rendered":"https:\/\/folhapopular.info\/?p=195228"},"modified":"2025-09-30T19:38:37","modified_gmt":"2025-09-30T22:38:37","slug":"languiru-apresenta-prestacao-de-contas-a-prefeitos-da-amsol","status":"publish","type":"post","link":"https:\/\/folhapopular.info\/index.php\/2025\/10\/01\/languiru-apresenta-prestacao-de-contas-a-prefeitos-da-amsol\/","title":{"rendered":"Languiru apresenta presta\u00e7\u00e3o de contas a prefeitos da Amsol"},"content":{"rendered":"<p>A reuni\u00e3o da Associa\u00e7\u00e3o dos Munic\u00edpios do Vale do Taquari (Amsol) realizada nesta segunda-feira (29\/9) teve como tema principal a reestrutura\u00e7\u00e3o da Languiru. Presidente da cooperativa, Paulo Birck apresentou aos prefeitos o panorama atualizado da sua situa\u00e7\u00e3o financeira e administrativa da organiza\u00e7\u00e3o. De acordo com Birck, a iniciativa teve como objetivo compartilhar informa\u00e7\u00f5es de forma&#8230; <\/p>\n<div class=\"pmpro\">\n<div class=\"pmpro_card pmpro_content_message\">\n<div class=\"pmpro_card_content\">Este conte\u00fado \u00e9 apenas para associados Grupo Popular &#8211; Conte\u00fado Total Anual e Grupo Popular &#8211; Conte\u00fado Total Mensal. <br \/><a href=\"https:\/\/folhapopular.info\/wp-login.php?action=register\">Cadastre-se<\/a><\/div>\n<div class=\"pmpro_card_actions pmpro_font-medium\">J\u00e1 se associou? <a href=\"https:\/\/folhapopular.info\/wp-login.php?redirect_to=https%3A%2F%2Ffolhapopular.info%2Findex.php%2F2025%2F10%2F01%2Flanguiru-apresenta-prestacao-de-contas-a-prefeitos-da-amsol%2F\">Acesse aqui<\/a><\/div>\n<\/div>\n<\/div>\n","protected":false},"excerpt":{"rendered":"<p>A reuni\u00e3o da Associa\u00e7\u00e3o dos Munic\u00edpios do Vale do Taquari (Amsol) realizada nesta segunda-feira (29\/9) teve como tema principal a reestrutura\u00e7\u00e3o da Languiru. Presidente da cooperativa, Paulo Birck apresentou aos prefeitos o panorama atualizado da sua situa\u00e7\u00e3o financeira e administrativa da organiza\u00e7\u00e3o. De acordo com Birck, a iniciativa teve como objetivo compartilhar informa\u00e7\u00f5es de forma... <\/p>\n<div class=\"pmpro\"><div class=\"pmpro_card pmpro_content_message\"><div class=\"pmpro_card_content\">Este conte\u00fado \u00e9 apenas para associados Grupo Popular - Conte\u00fado Total Anual e Grupo Popular - Conte\u00fado Total Mensal. <br \/><a href=\"https:\/\/folhapopular.info\/wp-login.php?action=register\">Cadastre-se<\/a><\/div><div class=\"pmpro_card_actions pmpro_font-medium\">J\u00e1 se associou? <a href=\"https:\/\/folhapopular.info\/wp-login.php?redirect_to=https%3A%2F%2Ffolhapopular.info%2Findex.php%2F2025%2F10%2F01%2Flanguiru-apresenta-prestacao-de-contas-a-prefeitos-da-amsol%2F\">Acesse aqui<\/a><\/div><\/div><\/div>","protected":false},"author":771,"featured_media":195229,"comment_status":"open","ping_status":"open","sticky":false,"template":"","format":"standard","meta":{"pmpro_default_level":"","_jetpack_memberships_contains_paid_content":false,"footnotes":""},"categories":[11078,5990,2,10985],"tags":[18545,406,3693],"class_list":{"0":"post-195228","1":"post","2":"type-post","3":"status-publish","4":"format-standard","5":"has-post-thumbnail","7":"category-assinantes","8":"category-conteudo-exclusivo","9":"category-featured","10":"category-politica","11":"tag-amsol","12":"tag-languiru","13":"tag-reuniao","14":"pmpro-level-required","15":"pmpro-level-2","16":"pmpro-level-4","17":"pmpro-level-5","18":"pmpro-no-access"},"yoast_head":"<!-- This site is optimized with the Yoast SEO plugin v27.5 - https:\/\/yoast.com\/product\/yoast-seo-wordpress\/ -->\n<title>Languiru apresenta presta\u00e7\u00e3o de contas a prefeitos da Amsol - Folha Popular<\/title>\n<meta name=\"robots\" content=\"index, follow, max-snippet:-1, max-image-preview:large, max-video-preview:-1\" \/>\n<link rel=\"canonical\" href=\"https:\/\/folhapopular.info\/index.php\/2025\/10\/01\/languiru-apresenta-prestacao-de-contas-a-prefeitos-da-amsol\/\" \/>\n<meta property=\"og:locale\" content=\"pt_BR\" \/>\n<meta property=\"og:type\" content=\"article\" \/>\n<meta property=\"og:title\" content=\"Languiru apresenta presta\u00e7\u00e3o de contas a prefeitos da Amsol - Folha Popular\" \/>\n<meta property=\"og:description\" content=\"A reuni\u00e3o da Associa\u00e7\u00e3o dos Munic\u00edpios do Vale do Taquari (Amsol) realizada nesta segunda-feira (29\/9) teve como tema principal a reestrutura\u00e7\u00e3o da Languiru. Presidente da cooperativa, Paulo Birck apresentou aos prefeitos o panorama atualizado da sua situa\u00e7\u00e3o financeira e administrativa da organiza\u00e7\u00e3o. De acordo com Birck, a iniciativa teve como objetivo compartilhar informa\u00e7\u00f5es de forma [&hellip;]\" \/>\n<meta property=\"og:url\" content=\"https:\/\/folhapopular.info\/index.php\/2025\/10\/01\/languiru-apresenta-prestacao-de-contas-a-prefeitos-da-amsol\/\" \/>\n<meta property=\"og:site_name\" content=\"Folha Popular\" \/>\n<meta property=\"article:published_time\" content=\"2025-10-01T15:00:00+00:00\" \/>\n<meta property=\"og:image\" content=\"https:\/\/folhapopular.info\/wp-content\/uploads\/2025\/09\/AMSOL.jpeg\" \/>\n\t<meta property=\"og:image:width\" content=\"1280\" \/>\n\t<meta property=\"og:image:height\" content=\"960\" \/>\n\t<meta property=\"og:image:type\" content=\"image\/jpeg\" \/>\n<meta name=\"author\" content=\"Thiago Maurique\" \/>\n<meta name=\"twitter:card\" content=\"summary_large_image\" \/>\n<meta name=\"twitter:label1\" content=\"Escrito por\" \/>\n\t<meta name=\"twitter:data1\" content=\"Thiago Maurique\" \/>\n\t<meta name=\"twitter:label2\" content=\"Est. tempo de leitura\" \/>\n\t<meta name=\"twitter:data2\" content=\"3 minutos\" \/>\n<script type=\"application\/ld+json\" class=\"yoast-schema-graph\">{\"@context\":\"https:\\\/\\\/schema.org\",\"@graph\":[{\"@type\":\"Article\",\"@id\":\"https:\\\/\\\/folhapopular.info\\\/index.php\\\/2025\\\/10\\\/01\\\/languiru-apresenta-prestacao-de-contas-a-prefeitos-da-amsol\\\/#article\",\"isPartOf\":{\"@id\":\"https:\\\/\\\/folhapopular.info\\\/index.php\\\/2025\\\/10\\\/01\\\/languiru-apresenta-prestacao-de-contas-a-prefeitos-da-amsol\\\/\"},\"author\":{\"name\":\"Thiago Maurique\",\"@id\":\"https:\\\/\\\/folhapopular.info\\\/#\\\/schema\\\/person\\\/da0b2794f793376cb5dd908e88ca6911\"},\"headline\":\"Languiru apresenta presta\u00e7\u00e3o de contas a prefeitos da Amsol\",\"datePublished\":\"2025-10-01T15:00:00+00:00\",\"mainEntityOfPage\":{\"@id\":\"https:\\\/\\\/folhapopular.info\\\/index.php\\\/2025\\\/10\\\/01\\\/languiru-apresenta-prestacao-de-contas-a-prefeitos-da-amsol\\\/\"},\"wordCount\":457,\"commentCount\":0,\"image\":{\"@id\":\"https:\\\/\\\/folhapopular.info\\\/index.php\\\/2025\\\/10\\\/01\\\/languiru-apresenta-prestacao-de-contas-a-prefeitos-da-amsol\\\/#primaryimage\"},\"thumbnailUrl\":\"https:\\\/\\\/folhapopular.info\\\/wp-content\\\/uploads\\\/2025\\\/09\\\/AMSOL.jpeg\",\"keywords\":[\"Amsol\",\"Languiru\",\"reuni\u00e3o\"],\"articleSection\":[\"Assinantes\",\"Conte\u00fado Exclusivo\",\"Destaques\",\"Pol\u00edtica\"],\"inLanguage\":\"pt-BR\",\"potentialAction\":[{\"@type\":\"CommentAction\",\"name\":\"Comment\",\"target\":[\"https:\\\/\\\/folhapopular.info\\\/index.php\\\/2025\\\/10\\\/01\\\/languiru-apresenta-prestacao-de-contas-a-prefeitos-da-amsol\\\/#respond\"]}]},{\"@type\":\"WebPage\",\"@id\":\"https:\\\/\\\/folhapopular.info\\\/index.php\\\/2025\\\/10\\\/01\\\/languiru-apresenta-prestacao-de-contas-a-prefeitos-da-amsol\\\/\",\"url\":\"https:\\\/\\\/folhapopular.info\\\/index.php\\\/2025\\\/10\\\/01\\\/languiru-apresenta-prestacao-de-contas-a-prefeitos-da-amsol\\\/\",\"name\":\"Languiru apresenta presta\u00e7\u00e3o de contas a prefeitos da Amsol - Folha Popular\",\"isPartOf\":{\"@id\":\"https:\\\/\\\/folhapopular.info\\\/#website\"},\"primaryImageOfPage\":{\"@id\":\"https:\\\/\\\/folhapopular.info\\\/index.php\\\/2025\\\/10\\\/01\\\/languiru-apresenta-prestacao-de-contas-a-prefeitos-da-amsol\\\/#primaryimage\"},\"image\":{\"@id\":\"https:\\\/\\\/folhapopular.info\\\/index.php\\\/2025\\\/10\\\/01\\\/languiru-apresenta-prestacao-de-contas-a-prefeitos-da-amsol\\\/#primaryimage\"},\"thumbnailUrl\":\"https:\\\/\\\/folhapopular.info\\\/wp-content\\\/uploads\\\/2025\\\/09\\\/AMSOL.jpeg\",\"datePublished\":\"2025-10-01T15:00:00+00:00\",\"author\":{\"@id\":\"https:\\\/\\\/folhapopular.info\\\/#\\\/schema\\\/person\\\/da0b2794f793376cb5dd908e88ca6911\"},\"breadcrumb\":{\"@id\":\"https:\\\/\\\/folhapopular.info\\\/index.php\\\/2025\\\/10\\\/01\\\/languiru-apresenta-prestacao-de-contas-a-prefeitos-da-amsol\\\/#breadcrumb\"},\"inLanguage\":\"pt-BR\",\"potentialAction\":[{\"@type\":\"ReadAction\",\"target\":[\"https:\\\/\\\/folhapopular.info\\\/index.php\\\/2025\\\/10\\\/01\\\/languiru-apresenta-prestacao-de-contas-a-prefeitos-da-amsol\\\/\"]}]},{\"@type\":\"ImageObject\",\"inLanguage\":\"pt-BR\",\"@id\":\"https:\\\/\\\/folhapopular.info\\\/index.php\\\/2025\\\/10\\\/01\\\/languiru-apresenta-prestacao-de-contas-a-prefeitos-da-amsol\\\/#primaryimage\",\"url\":\"https:\\\/\\\/folhapopular.info\\\/wp-content\\\/uploads\\\/2025\\\/09\\\/AMSOL.jpeg\",\"contentUrl\":\"https:\\\/\\\/folhapopular.info\\\/wp-content\\\/uploads\\\/2025\\\/09\\\/AMSOL.jpeg\",\"width\":1280,\"height\":960,\"caption\":\"Reuni\u00e3o de prefeitos da Amsol ocorreu na segunda-feira, na sede administrativa da Sicredi Ouro Branco RS\\\/MG - Cr\u00e9dito: Thiago Maurique\"},{\"@type\":\"BreadcrumbList\",\"@id\":\"https:\\\/\\\/folhapopular.info\\\/index.php\\\/2025\\\/10\\\/01\\\/languiru-apresenta-prestacao-de-contas-a-prefeitos-da-amsol\\\/#breadcrumb\",\"itemListElement\":[{\"@type\":\"ListItem\",\"position\":1,\"name\":\"In\u00edcio\",\"item\":\"https:\\\/\\\/folhapopular.info\\\/\"},{\"@type\":\"ListItem\",\"position\":2,\"name\":\"Languiru apresenta presta\u00e7\u00e3o de contas a prefeitos da Amsol\"}]},{\"@type\":\"WebSite\",\"@id\":\"https:\\\/\\\/folhapopular.info\\\/#website\",\"url\":\"https:\\\/\\\/folhapopular.info\\\/\",\"name\":\"Folha Popular\",\"description\":\"Onde voc\u00ea tem vez e voz\",\"potentialAction\":[{\"@type\":\"SearchAction\",\"target\":{\"@type\":\"EntryPoint\",\"urlTemplate\":\"https:\\\/\\\/folhapopular.info\\\/?s={search_term_string}\"},\"query-input\":{\"@type\":\"PropertyValueSpecification\",\"valueRequired\":true,\"valueName\":\"search_term_string\"}}],\"inLanguage\":\"pt-BR\"},{\"@type\":\"Person\",\"@id\":\"https:\\\/\\\/folhapopular.info\\\/#\\\/schema\\\/person\\\/da0b2794f793376cb5dd908e88ca6911\",\"name\":\"Thiago Maurique\",\"image\":{\"@type\":\"ImageObject\",\"inLanguage\":\"pt-BR\",\"@id\":\"https:\\\/\\\/folhapopular.info\\\/wp-content\\\/uploads\\\/2026\\\/04\\\/THIAGO-MAURIQUE-1-1.webp\",\"url\":\"https:\\\/\\\/folhapopular.info\\\/wp-content\\\/uploads\\\/2026\\\/04\\\/THIAGO-MAURIQUE-1-1.webp\",\"contentUrl\":\"https:\\\/\\\/folhapopular.info\\\/wp-content\\\/uploads\\\/2026\\\/04\\\/THIAGO-MAURIQUE-1-1.webp\",\"caption\":\"Thiago Maurique\"},\"url\":\"https:\\\/\\\/folhapopular.info\\\/index.php\\\/author\\\/thiago-maurique\\\/\"}]}<\/script>\n<!-- \/ Yoast SEO plugin. -->","yoast_head_json":{"title":"Languiru apresenta presta\u00e7\u00e3o de contas a prefeitos da Amsol - Folha Popular","robots":{"index":"index","follow":"follow","max-snippet":"max-snippet:-1","max-image-preview":"max-image-preview:large","max-video-preview":"max-video-preview:-1"},"canonical":"https:\/\/folhapopular.info\/index.php\/2025\/10\/01\/languiru-apresenta-prestacao-de-contas-a-prefeitos-da-amsol\/","og_locale":"pt_BR","og_type":"article","og_title":"Languiru apresenta presta\u00e7\u00e3o de contas a prefeitos da Amsol - Folha Popular","og_description":"A reuni\u00e3o da Associa\u00e7\u00e3o dos Munic\u00edpios do Vale do Taquari (Amsol) realizada nesta segunda-feira (29\/9) teve como tema principal a reestrutura\u00e7\u00e3o da Languiru. Presidente da cooperativa, Paulo Birck apresentou aos prefeitos o panorama atualizado da sua situa\u00e7\u00e3o financeira e administrativa da organiza\u00e7\u00e3o. De acordo com Birck, a iniciativa teve como objetivo compartilhar informa\u00e7\u00f5es de forma [&hellip;]","og_url":"https:\/\/folhapopular.info\/index.php\/2025\/10\/01\/languiru-apresenta-prestacao-de-contas-a-prefeitos-da-amsol\/","og_site_name":"Folha Popular","article_published_time":"2025-10-01T15:00:00+00:00","og_image":[{"width":1280,"height":960,"url":"https:\/\/folhapopular.info\/wp-content\/uploads\/2025\/09\/AMSOL.jpeg","type":"image\/jpeg"}],"author":"Thiago Maurique","twitter_card":"summary_large_image","twitter_misc":{"Escrito por":"Thiago Maurique","Est. tempo de leitura":"3 minutos"},"schema":{"@context":"https:\/\/schema.org","@graph":[{"@type":"Article","@id":"https:\/\/folhapopular.info\/index.php\/2025\/10\/01\/languiru-apresenta-prestacao-de-contas-a-prefeitos-da-amsol\/#article","isPartOf":{"@id":"https:\/\/folhapopular.info\/index.php\/2025\/10\/01\/languiru-apresenta-prestacao-de-contas-a-prefeitos-da-amsol\/"},"author":{"name":"Thiago Maurique","@id":"https:\/\/folhapopular.info\/#\/schema\/person\/da0b2794f793376cb5dd908e88ca6911"},"headline":"Languiru apresenta presta\u00e7\u00e3o de contas a prefeitos da Amsol","datePublished":"2025-10-01T15:00:00+00:00","mainEntityOfPage":{"@id":"https:\/\/folhapopular.info\/index.php\/2025\/10\/01\/languiru-apresenta-prestacao-de-contas-a-prefeitos-da-amsol\/"},"wordCount":457,"commentCount":0,"image":{"@id":"https:\/\/folhapopular.info\/index.php\/2025\/10\/01\/languiru-apresenta-prestacao-de-contas-a-prefeitos-da-amsol\/#primaryimage"},"thumbnailUrl":"https:\/\/folhapopular.info\/wp-content\/uploads\/2025\/09\/AMSOL.jpeg","keywords":["Amsol","Languiru","reuni\u00e3o"],"articleSection":["Assinantes","Conte\u00fado Exclusivo","Destaques","Pol\u00edtica"],"inLanguage":"pt-BR","potentialAction":[{"@type":"CommentAction","name":"Comment","target":["https:\/\/folhapopular.info\/index.php\/2025\/10\/01\/languiru-apresenta-prestacao-de-contas-a-prefeitos-da-amsol\/#respond"]}]},{"@type":"WebPage","@id":"https:\/\/folhapopular.info\/index.php\/2025\/10\/01\/languiru-apresenta-prestacao-de-contas-a-prefeitos-da-amsol\/","url":"https:\/\/folhapopular.info\/index.php\/2025\/10\/01\/languiru-apresenta-prestacao-de-contas-a-prefeitos-da-amsol\/","name":"Languiru apresenta presta\u00e7\u00e3o de contas a prefeitos da Amsol - Folha Popular","isPartOf":{"@id":"https:\/\/folhapopular.info\/#website"},"primaryImageOfPage":{"@id":"https:\/\/folhapopular.info\/index.php\/2025\/10\/01\/languiru-apresenta-prestacao-de-contas-a-prefeitos-da-amsol\/#primaryimage"},"image":{"@id":"https:\/\/folhapopular.info\/index.php\/2025\/10\/01\/languiru-apresenta-prestacao-de-contas-a-prefeitos-da-amsol\/#primaryimage"},"thumbnailUrl":"https:\/\/folhapopular.info\/wp-content\/uploads\/2025\/09\/AMSOL.jpeg","datePublished":"2025-10-01T15:00:00+00:00","author":{"@id":"https:\/\/folhapopular.info\/#\/schema\/person\/da0b2794f793376cb5dd908e88ca6911"},"breadcrumb":{"@id":"https:\/\/folhapopular.info\/index.php\/2025\/10\/01\/languiru-apresenta-prestacao-de-contas-a-prefeitos-da-amsol\/#breadcrumb"},"inLanguage":"pt-BR","potentialAction":[{"@type":"ReadAction","target":["https:\/\/folhapopular.info\/index.php\/2025\/10\/01\/languiru-apresenta-prestacao-de-contas-a-prefeitos-da-amsol\/"]}]},{"@type":"ImageObject","inLanguage":"pt-BR","@id":"https:\/\/folhapopular.info\/index.php\/2025\/10\/01\/languiru-apresenta-prestacao-de-contas-a-prefeitos-da-amsol\/#primaryimage","url":"https:\/\/folhapopular.info\/wp-content\/uploads\/2025\/09\/AMSOL.jpeg","contentUrl":"https:\/\/folhapopular.info\/wp-content\/uploads\/2025\/09\/AMSOL.jpeg","width":1280,"height":960,"caption":"Reuni\u00e3o de prefeitos da Amsol ocorreu na segunda-feira, na sede administrativa da Sicredi Ouro Branco RS\/MG - Cr\u00e9dito: Thiago Maurique"},{"@type":"BreadcrumbList","@id":"https:\/\/folhapopular.info\/index.php\/2025\/10\/01\/languiru-apresenta-prestacao-de-contas-a-prefeitos-da-amsol\/#breadcrumb","itemListElement":[{"@type":"ListItem","position":1,"name":"In\u00edcio","item":"https:\/\/folhapopular.info\/"},{"@type":"ListItem","position":2,"name":"Languiru apresenta presta\u00e7\u00e3o de contas a prefeitos da Amsol"}]},{"@type":"WebSite","@id":"https:\/\/folhapopular.info\/#website","url":"https:\/\/folhapopular.info\/","name":"Folha Popular","description":"Onde voc\u00ea tem vez e voz","potentialAction":[{"@type":"SearchAction","target":{"@type":"EntryPoint","urlTemplate":"https:\/\/folhapopular.info\/?s={search_term_string}"},"query-input":{"@type":"PropertyValueSpecification","valueRequired":true,"valueName":"search_term_string"}}],"inLanguage":"pt-BR"},{"@type":"Person","@id":"https:\/\/folhapopular.info\/#\/schema\/person\/da0b2794f793376cb5dd908e88ca6911","name":"Thiago Maurique","image":{"@type":"ImageObject","inLanguage":"pt-BR","@id":"https:\/\/folhapopular.info\/wp-content\/uploads\/2026\/04\/THIAGO-MAURIQUE-1-1.webp","url":"https:\/\/folhapopular.info\/wp-content\/uploads\/2026\/04\/THIAGO-MAURIQUE-1-1.webp","contentUrl":"https:\/\/folhapopular.info\/wp-content\/uploads\/2026\/04\/THIAGO-MAURIQUE-1-1.webp","caption":"Thiago Maurique"},"url":"https:\/\/folhapopular.info\/index.php\/author\/thiago-maurique\/"}]}},"jetpack_featured_media_url":"https:\/\/folhapopular.info\/wp-content\/uploads\/2025\/09\/AMSOL.jpeg","jetpack_sharing_enabled":true,"amp_enabled":true,"_links":{"self":[{"href":"https:\/\/folhapopular.info\/index.php\/wp-json\/wp\/v2\/posts\/195228","targetHints":{"allow":["GET"]}}],"collection":[{"href":"https:\/\/folhapopular.info\/index.php\/wp-json\/wp\/v2\/posts"}],"about":[{"href":"https:\/\/folhapopular.info\/index.php\/wp-json\/wp\/v2\/types\/post"}],"author":[{"embeddable":true,"href":"https:\/\/folhapopular.info\/index.php\/wp-json\/wp\/v2\/users\/771"}],"replies":[{"embeddable":true,"href":"https:\/\/folhapopular.info\/index.php\/wp-json\/wp\/v2\/comments?post=195228"}],"version-history":[{"count":0,"href":"https:\/\/folhapopular.info\/index.php\/wp-json\/wp\/v2\/posts\/195228\/revisions"}],"wp:featuredmedia":[{"embeddable":true,"href":"https:\/\/folhapopular.info\/index.php\/wp-json\/wp\/v2\/media\/195229"}],"wp:attachment":[{"href":"https:\/\/folhapopular.info\/index.php\/wp-json\/wp\/v2\/media?parent=195228"}],"wp:term":[{"taxonomy":"category","embeddable":true,"href":"https:\/\/folhapopular.info\/index.php\/wp-json\/wp\/v2\/categories?post=195228"},{"taxonomy":"post_tag","embeddable":true,"href":"https:\/\/folhapopular.info\/index.php\/wp-json\/wp\/v2\/tags?post=195228"}],"curies":[{"name":"wp","href":"https:\/\/api.w.org\/{rel}","templated":true}]}}