{"id":195236,"date":"2025-10-01T07:00:00","date_gmt":"2025-10-01T10:00:00","guid":{"rendered":"https:\/\/folhapopular.info\/?p=195236"},"modified":"2025-10-02T07:58:39","modified_gmt":"2025-10-02T10:58:39","slug":"oktoberfest-inicia-nesta-quinta-feira-em-lajeado","status":"publish","type":"post","link":"https:\/\/folhapopular.info\/index.php\/2025\/10\/01\/oktoberfest-inicia-nesta-quinta-feira-em-lajeado\/","title":{"rendered":"Oktoberfest inicia nesta quinta-feira em Lajeado"},"content":{"rendered":"\n<p>O Parque do Imigrante, em Lajeado, ser\u00e1 movimentado pela <em>Oktober<\/em><em>f<\/em><em>est<\/em> Lajeado neste fim de semana. A partir de amanh\u00e3 (2\/10), a programa\u00e7\u00e3o recebe diferentes p\u00fablicos para muita divers\u00e3o. A partir das 14h acontece o Baile da Melhor Idade com a banda Contagem Regressiva. \u00c0 noite, San Francisco e Tch\u00ea Chaleira animam a festa a partir das 21h30.<\/p>\n\n\n\n<p>Na sexta-feira, a anima\u00e7\u00e3o fica por conta das Bandas Chopp\u00e3o e Champion a partir das 21h30. No s\u00e1bado (4\/10), a partir das 16h tem show infantil com a Turma da Rosynha. \u00c0 noite, La Montanara e banda Arpejo intercalam na anima\u00e7\u00e3o a partir das 21h.<\/p>\n\n\n\n<p>O encerramento ser\u00e1 no domingo, a partir das 13h, com as bandas Reprises, Alma Nova, Munique e Modello e espa\u00e7o para pista de dan\u00e7as.<\/p>\n\n\n\n<p>Diariamente tamb\u00e9m haver\u00e1 a presen\u00e7a da personagem Sofrida e comunicadores de r\u00e1dio, al\u00e9m de apresenta\u00e7\u00f5es do Centro de Cultura Alem\u00e3 de Lajeado e do Grupo de Dan\u00e7as Folcl\u00f3ricas Alem\u00e3s de Estrela. O evento ter\u00e1 10 cervejarias com v\u00e1rios estilos de chope, pra\u00e7a de alimenta\u00e7\u00e3o, caf\u00e9 colonial e comida t\u00edpica (espa\u00e7o com mesas e cadeiras), al\u00e9m de parque de divers\u00e3o e feira comercial.<\/p>\n\n\n\n<p>Para Cristiano Schwarz, integrante da equipe de comunica\u00e7\u00e3o do evento, a expectativa \u00e9 a melhor poss\u00edvel. \u201cO Vale do Taquari merece uma comemora\u00e7\u00e3o t\u00edpica germ\u00e2nica desta envergadura. Devemos ter um encontro regional com muito p\u00fablico, at\u00e9 poque o ingresso \u00e9 gratuito\u201d, destaca.<\/p>\n\n\n\n<p>A organiza\u00e7\u00e3o \u00e9 da GZ Eventos, com apoio da Secretaria de Cultura, Esporte, Lazer e Turismo de Lajeado.<\/p>\n","protected":false},"excerpt":{"rendered":"<p>O Parque do Imigrante, em Lajeado, ser\u00e1 movimentado pela Oktoberfest Lajeado neste fim de semana. A partir de amanh\u00e3 (2\/10), a programa\u00e7\u00e3o recebe diferentes p\u00fablicos para muita divers\u00e3o. A partir das 14h acontece o Baile da Melhor Idade com a banda Contagem Regressiva. \u00c0 noite, San Francisco e Tch\u00ea Chaleira animam a festa a partir [&hellip;]<\/p>\n","protected":false},"author":11,"featured_media":195248,"comment_status":"open","ping_status":"open","sticky":false,"template":"","format":"standard","meta":{"pmpro_default_level":"","_jetpack_memberships_contains_paid_content":false,"footnotes":""},"categories":[6],"tags":[27,1213,19607],"class_list":{"0":"post-195236","1":"post","2":"type-post","3":"status-publish","4":"format-standard","5":"has-post-thumbnail","7":"category-inclusive","8":"tag-lajeado","9":"tag-oktoberfest","10":"tag-oktoberfest-lajeado","11":"pmpro-has-access"},"yoast_head":"<!-- This site is optimized with the Yoast SEO plugin v27.4 - https:\/\/yoast.com\/product\/yoast-seo-wordpress\/ -->\n<title>Oktoberfest inicia nesta quinta-feira em Lajeado - Folha Popular<\/title>\n<meta name=\"robots\" content=\"index, follow, max-snippet:-1, max-image-preview:large, max-video-preview:-1\" \/>\n<link rel=\"canonical\" href=\"https:\/\/folhapopular.info\/index.php\/2025\/10\/01\/oktoberfest-inicia-nesta-quinta-feira-em-lajeado\/\" \/>\n<meta property=\"og:locale\" content=\"pt_BR\" \/>\n<meta property=\"og:type\" content=\"article\" \/>\n<meta property=\"og:title\" content=\"Oktoberfest inicia nesta quinta-feira em Lajeado - Folha Popular\" \/>\n<meta property=\"og:description\" content=\"O Parque do Imigrante, em Lajeado, ser\u00e1 movimentado pela Oktoberfest Lajeado neste fim de semana. A partir de amanh\u00e3 (2\/10), a programa\u00e7\u00e3o recebe diferentes p\u00fablicos para muita divers\u00e3o. A partir das 14h acontece o Baile da Melhor Idade com a banda Contagem Regressiva. \u00c0 noite, San Francisco e Tch\u00ea Chaleira animam a festa a partir [&hellip;]\" \/>\n<meta property=\"og:url\" content=\"https:\/\/folhapopular.info\/index.php\/2025\/10\/01\/oktoberfest-inicia-nesta-quinta-feira-em-lajeado\/\" \/>\n<meta property=\"og:site_name\" content=\"Folha Popular\" \/>\n<meta property=\"article:published_time\" content=\"2025-10-01T10:00:00+00:00\" \/>\n<meta property=\"article:modified_time\" content=\"2025-10-02T10:58:39+00:00\" \/>\n<meta property=\"og:image\" content=\"http:\/\/folhapopular.info\/wp-content\/uploads\/2025\/09\/Oktoberfest.png\" \/>\n\t<meta property=\"og:image:width\" content=\"865\" \/>\n\t<meta property=\"og:image:height\" content=\"367\" \/>\n\t<meta property=\"og:image:type\" content=\"image\/png\" \/>\n<meta name=\"author\" content=\"Luciana Brune\" \/>\n<meta name=\"twitter:card\" content=\"summary_large_image\" \/>\n<meta name=\"twitter:label1\" content=\"Escrito por\" \/>\n\t<meta name=\"twitter:data1\" content=\"Luciana Brune\" \/>\n\t<meta name=\"twitter:label2\" content=\"Est. tempo de leitura\" \/>\n\t<meta name=\"twitter:data2\" content=\"2 minutos\" \/>\n<script type=\"application\/ld+json\" class=\"yoast-schema-graph\">{\"@context\":\"https:\\\/\\\/schema.org\",\"@graph\":[{\"@type\":\"Article\",\"@id\":\"https:\\\/\\\/folhapopular.info\\\/index.php\\\/2025\\\/10\\\/01\\\/oktoberfest-inicia-nesta-quinta-feira-em-lajeado\\\/#article\",\"isPartOf\":{\"@id\":\"https:\\\/\\\/folhapopular.info\\\/index.php\\\/2025\\\/10\\\/01\\\/oktoberfest-inicia-nesta-quinta-feira-em-lajeado\\\/\"},\"author\":{\"name\":\"Luciana Brune\",\"@id\":\"https:\\\/\\\/folhapopular.info\\\/#\\\/schema\\\/person\\\/0999cafa38c1fde22acd2026b3a3ec1f\"},\"headline\":\"Oktoberfest inicia nesta quinta-feira em Lajeado\",\"datePublished\":\"2025-10-01T10:00:00+00:00\",\"dateModified\":\"2025-10-02T10:58:39+00:00\",\"mainEntityOfPage\":{\"@id\":\"https:\\\/\\\/folhapopular.info\\\/index.php\\\/2025\\\/10\\\/01\\\/oktoberfest-inicia-nesta-quinta-feira-em-lajeado\\\/\"},\"wordCount\":279,\"commentCount\":0,\"image\":{\"@id\":\"https:\\\/\\\/folhapopular.info\\\/index.php\\\/2025\\\/10\\\/01\\\/oktoberfest-inicia-nesta-quinta-feira-em-lajeado\\\/#primaryimage\"},\"thumbnailUrl\":\"https:\\\/\\\/folhapopular.info\\\/wp-content\\\/uploads\\\/2025\\\/09\\\/Oktoberfest.png\",\"keywords\":[\"Lajeado\",\"Oktoberfest\",\"Oktoberfest Lajeado\"],\"articleSection\":[\"Inclusive\"],\"inLanguage\":\"pt-BR\",\"potentialAction\":[{\"@type\":\"CommentAction\",\"name\":\"Comment\",\"target\":[\"https:\\\/\\\/folhapopular.info\\\/index.php\\\/2025\\\/10\\\/01\\\/oktoberfest-inicia-nesta-quinta-feira-em-lajeado\\\/#respond\"]}]},{\"@type\":\"WebPage\",\"@id\":\"https:\\\/\\\/folhapopular.info\\\/index.php\\\/2025\\\/10\\\/01\\\/oktoberfest-inicia-nesta-quinta-feira-em-lajeado\\\/\",\"url\":\"https:\\\/\\\/folhapopular.info\\\/index.php\\\/2025\\\/10\\\/01\\\/oktoberfest-inicia-nesta-quinta-feira-em-lajeado\\\/\",\"name\":\"Oktoberfest inicia nesta quinta-feira em Lajeado - Folha Popular\",\"isPartOf\":{\"@id\":\"https:\\\/\\\/folhapopular.info\\\/#website\"},\"primaryImageOfPage\":{\"@id\":\"https:\\\/\\\/folhapopular.info\\\/index.php\\\/2025\\\/10\\\/01\\\/oktoberfest-inicia-nesta-quinta-feira-em-lajeado\\\/#primaryimage\"},\"image\":{\"@id\":\"https:\\\/\\\/folhapopular.info\\\/index.php\\\/2025\\\/10\\\/01\\\/oktoberfest-inicia-nesta-quinta-feira-em-lajeado\\\/#primaryimage\"},\"thumbnailUrl\":\"https:\\\/\\\/folhapopular.info\\\/wp-content\\\/uploads\\\/2025\\\/09\\\/Oktoberfest.png\",\"datePublished\":\"2025-10-01T10:00:00+00:00\",\"dateModified\":\"2025-10-02T10:58:39+00:00\",\"author\":{\"@id\":\"https:\\\/\\\/folhapopular.info\\\/#\\\/schema\\\/person\\\/0999cafa38c1fde22acd2026b3a3ec1f\"},\"breadcrumb\":{\"@id\":\"https:\\\/\\\/folhapopular.info\\\/index.php\\\/2025\\\/10\\\/01\\\/oktoberfest-inicia-nesta-quinta-feira-em-lajeado\\\/#breadcrumb\"},\"inLanguage\":\"pt-BR\",\"potentialAction\":[{\"@type\":\"ReadAction\",\"target\":[\"https:\\\/\\\/folhapopular.info\\\/index.php\\\/2025\\\/10\\\/01\\\/oktoberfest-inicia-nesta-quinta-feira-em-lajeado\\\/\"]}]},{\"@type\":\"ImageObject\",\"inLanguage\":\"pt-BR\",\"@id\":\"https:\\\/\\\/folhapopular.info\\\/index.php\\\/2025\\\/10\\\/01\\\/oktoberfest-inicia-nesta-quinta-feira-em-lajeado\\\/#primaryimage\",\"url\":\"https:\\\/\\\/folhapopular.info\\\/wp-content\\\/uploads\\\/2025\\\/09\\\/Oktoberfest.png\",\"contentUrl\":\"https:\\\/\\\/folhapopular.info\\\/wp-content\\\/uploads\\\/2025\\\/09\\\/Oktoberfest.png\",\"width\":865,\"height\":367,\"caption\":\"Cr\u00e9dito: Divulga\u00e7\u00e3o\"},{\"@type\":\"BreadcrumbList\",\"@id\":\"https:\\\/\\\/folhapopular.info\\\/index.php\\\/2025\\\/10\\\/01\\\/oktoberfest-inicia-nesta-quinta-feira-em-lajeado\\\/#breadcrumb\",\"itemListElement\":[{\"@type\":\"ListItem\",\"position\":1,\"name\":\"In\u00edcio\",\"item\":\"https:\\\/\\\/folhapopular.info\\\/\"},{\"@type\":\"ListItem\",\"position\":2,\"name\":\"Oktoberfest inicia nesta quinta-feira em Lajeado\"}]},{\"@type\":\"WebSite\",\"@id\":\"https:\\\/\\\/folhapopular.info\\\/#website\",\"url\":\"https:\\\/\\\/folhapopular.info\\\/\",\"name\":\"Folha Popular\",\"description\":\"Onde voc\u00ea tem vez e voz\",\"potentialAction\":[{\"@type\":\"SearchAction\",\"target\":{\"@type\":\"EntryPoint\",\"urlTemplate\":\"https:\\\/\\\/folhapopular.info\\\/?s={search_term_string}\"},\"query-input\":{\"@type\":\"PropertyValueSpecification\",\"valueRequired\":true,\"valueName\":\"search_term_string\"}}],\"inLanguage\":\"pt-BR\"},{\"@type\":\"Person\",\"@id\":\"https:\\\/\\\/folhapopular.info\\\/#\\\/schema\\\/person\\\/0999cafa38c1fde22acd2026b3a3ec1f\",\"name\":\"Luciana Brune\",\"image\":{\"@type\":\"ImageObject\",\"inLanguage\":\"pt-BR\",\"@id\":\"https:\\\/\\\/folhapopular.info\\\/wp-content\\\/uploads\\\/2026\\\/04\\\/LUCIANA-1-1.webp\",\"url\":\"https:\\\/\\\/folhapopular.info\\\/wp-content\\\/uploads\\\/2026\\\/04\\\/LUCIANA-1-1.webp\",\"contentUrl\":\"https:\\\/\\\/folhapopular.info\\\/wp-content\\\/uploads\\\/2026\\\/04\\\/LUCIANA-1-1.webp\",\"caption\":\"Luciana Brune\"},\"url\":\"https:\\\/\\\/folhapopular.info\\\/index.php\\\/author\\\/luciana-brune\\\/\"}]}<\/script>\n<!-- \/ Yoast SEO plugin. -->","yoast_head_json":{"title":"Oktoberfest inicia nesta quinta-feira em Lajeado - Folha Popular","robots":{"index":"index","follow":"follow","max-snippet":"max-snippet:-1","max-image-preview":"max-image-preview:large","max-video-preview":"max-video-preview:-1"},"canonical":"https:\/\/folhapopular.info\/index.php\/2025\/10\/01\/oktoberfest-inicia-nesta-quinta-feira-em-lajeado\/","og_locale":"pt_BR","og_type":"article","og_title":"Oktoberfest inicia nesta quinta-feira em Lajeado - Folha Popular","og_description":"O Parque do Imigrante, em Lajeado, ser\u00e1 movimentado pela Oktoberfest Lajeado neste fim de semana. A partir de amanh\u00e3 (2\/10), a programa\u00e7\u00e3o recebe diferentes p\u00fablicos para muita divers\u00e3o. A partir das 14h acontece o Baile da Melhor Idade com a banda Contagem Regressiva. \u00c0 noite, San Francisco e Tch\u00ea Chaleira animam a festa a partir [&hellip;]","og_url":"https:\/\/folhapopular.info\/index.php\/2025\/10\/01\/oktoberfest-inicia-nesta-quinta-feira-em-lajeado\/","og_site_name":"Folha Popular","article_published_time":"2025-10-01T10:00:00+00:00","article_modified_time":"2025-10-02T10:58:39+00:00","og_image":[{"width":865,"height":367,"url":"http:\/\/folhapopular.info\/wp-content\/uploads\/2025\/09\/Oktoberfest.png","type":"image\/png"}],"author":"Luciana Brune","twitter_card":"summary_large_image","twitter_misc":{"Escrito por":"Luciana Brune","Est. tempo de leitura":"2 minutos"},"schema":{"@context":"https:\/\/schema.org","@graph":[{"@type":"Article","@id":"https:\/\/folhapopular.info\/index.php\/2025\/10\/01\/oktoberfest-inicia-nesta-quinta-feira-em-lajeado\/#article","isPartOf":{"@id":"https:\/\/folhapopular.info\/index.php\/2025\/10\/01\/oktoberfest-inicia-nesta-quinta-feira-em-lajeado\/"},"author":{"name":"Luciana Brune","@id":"https:\/\/folhapopular.info\/#\/schema\/person\/0999cafa38c1fde22acd2026b3a3ec1f"},"headline":"Oktoberfest inicia nesta quinta-feira em Lajeado","datePublished":"2025-10-01T10:00:00+00:00","dateModified":"2025-10-02T10:58:39+00:00","mainEntityOfPage":{"@id":"https:\/\/folhapopular.info\/index.php\/2025\/10\/01\/oktoberfest-inicia-nesta-quinta-feira-em-lajeado\/"},"wordCount":279,"commentCount":0,"image":{"@id":"https:\/\/folhapopular.info\/index.php\/2025\/10\/01\/oktoberfest-inicia-nesta-quinta-feira-em-lajeado\/#primaryimage"},"thumbnailUrl":"https:\/\/folhapopular.info\/wp-content\/uploads\/2025\/09\/Oktoberfest.png","keywords":["Lajeado","Oktoberfest","Oktoberfest Lajeado"],"articleSection":["Inclusive"],"inLanguage":"pt-BR","potentialAction":[{"@type":"CommentAction","name":"Comment","target":["https:\/\/folhapopular.info\/index.php\/2025\/10\/01\/oktoberfest-inicia-nesta-quinta-feira-em-lajeado\/#respond"]}]},{"@type":"WebPage","@id":"https:\/\/folhapopular.info\/index.php\/2025\/10\/01\/oktoberfest-inicia-nesta-quinta-feira-em-lajeado\/","url":"https:\/\/folhapopular.info\/index.php\/2025\/10\/01\/oktoberfest-inicia-nesta-quinta-feira-em-lajeado\/","name":"Oktoberfest inicia nesta quinta-feira em Lajeado - Folha Popular","isPartOf":{"@id":"https:\/\/folhapopular.info\/#website"},"primaryImageOfPage":{"@id":"https:\/\/folhapopular.info\/index.php\/2025\/10\/01\/oktoberfest-inicia-nesta-quinta-feira-em-lajeado\/#primaryimage"},"image":{"@id":"https:\/\/folhapopular.info\/index.php\/2025\/10\/01\/oktoberfest-inicia-nesta-quinta-feira-em-lajeado\/#primaryimage"},"thumbnailUrl":"https:\/\/folhapopular.info\/wp-content\/uploads\/2025\/09\/Oktoberfest.png","datePublished":"2025-10-01T10:00:00+00:00","dateModified":"2025-10-02T10:58:39+00:00","author":{"@id":"https:\/\/folhapopular.info\/#\/schema\/person\/0999cafa38c1fde22acd2026b3a3ec1f"},"breadcrumb":{"@id":"https:\/\/folhapopular.info\/index.php\/2025\/10\/01\/oktoberfest-inicia-nesta-quinta-feira-em-lajeado\/#breadcrumb"},"inLanguage":"pt-BR","potentialAction":[{"@type":"ReadAction","target":["https:\/\/folhapopular.info\/index.php\/2025\/10\/01\/oktoberfest-inicia-nesta-quinta-feira-em-lajeado\/"]}]},{"@type":"ImageObject","inLanguage":"pt-BR","@id":"https:\/\/folhapopular.info\/index.php\/2025\/10\/01\/oktoberfest-inicia-nesta-quinta-feira-em-lajeado\/#primaryimage","url":"https:\/\/folhapopular.info\/wp-content\/uploads\/2025\/09\/Oktoberfest.png","contentUrl":"https:\/\/folhapopular.info\/wp-content\/uploads\/2025\/09\/Oktoberfest.png","width":865,"height":367,"caption":"Cr\u00e9dito: Divulga\u00e7\u00e3o"},{"@type":"BreadcrumbList","@id":"https:\/\/folhapopular.info\/index.php\/2025\/10\/01\/oktoberfest-inicia-nesta-quinta-feira-em-lajeado\/#breadcrumb","itemListElement":[{"@type":"ListItem","position":1,"name":"In\u00edcio","item":"https:\/\/folhapopular.info\/"},{"@type":"ListItem","position":2,"name":"Oktoberfest inicia nesta quinta-feira em Lajeado"}]},{"@type":"WebSite","@id":"https:\/\/folhapopular.info\/#website","url":"https:\/\/folhapopular.info\/","name":"Folha Popular","description":"Onde voc\u00ea tem vez e voz","potentialAction":[{"@type":"SearchAction","target":{"@type":"EntryPoint","urlTemplate":"https:\/\/folhapopular.info\/?s={search_term_string}"},"query-input":{"@type":"PropertyValueSpecification","valueRequired":true,"valueName":"search_term_string"}}],"inLanguage":"pt-BR"},{"@type":"Person","@id":"https:\/\/folhapopular.info\/#\/schema\/person\/0999cafa38c1fde22acd2026b3a3ec1f","name":"Luciana Brune","image":{"@type":"ImageObject","inLanguage":"pt-BR","@id":"https:\/\/folhapopular.info\/wp-content\/uploads\/2026\/04\/LUCIANA-1-1.webp","url":"https:\/\/folhapopular.info\/wp-content\/uploads\/2026\/04\/LUCIANA-1-1.webp","contentUrl":"https:\/\/folhapopular.info\/wp-content\/uploads\/2026\/04\/LUCIANA-1-1.webp","caption":"Luciana Brune"},"url":"https:\/\/folhapopular.info\/index.php\/author\/luciana-brune\/"}]}},"jetpack_featured_media_url":"https:\/\/folhapopular.info\/wp-content\/uploads\/2025\/09\/Oktoberfest.png","jetpack_sharing_enabled":true,"amp_enabled":true,"_links":{"self":[{"href":"https:\/\/folhapopular.info\/index.php\/wp-json\/wp\/v2\/posts\/195236","targetHints":{"allow":["GET"]}}],"collection":[{"href":"https:\/\/folhapopular.info\/index.php\/wp-json\/wp\/v2\/posts"}],"about":[{"href":"https:\/\/folhapopular.info\/index.php\/wp-json\/wp\/v2\/types\/post"}],"author":[{"embeddable":true,"href":"https:\/\/folhapopular.info\/index.php\/wp-json\/wp\/v2\/users\/11"}],"replies":[{"embeddable":true,"href":"https:\/\/folhapopular.info\/index.php\/wp-json\/wp\/v2\/comments?post=195236"}],"version-history":[{"count":0,"href":"https:\/\/folhapopular.info\/index.php\/wp-json\/wp\/v2\/posts\/195236\/revisions"}],"wp:featuredmedia":[{"embeddable":true,"href":"https:\/\/folhapopular.info\/index.php\/wp-json\/wp\/v2\/media\/195248"}],"wp:attachment":[{"href":"https:\/\/folhapopular.info\/index.php\/wp-json\/wp\/v2\/media?parent=195236"}],"wp:term":[{"taxonomy":"category","embeddable":true,"href":"https:\/\/folhapopular.info\/index.php\/wp-json\/wp\/v2\/categories?post=195236"},{"taxonomy":"post_tag","embeddable":true,"href":"https:\/\/folhapopular.info\/index.php\/wp-json\/wp\/v2\/tags?post=195236"}],"curies":[{"name":"wp","href":"https:\/\/api.w.org\/{rel}","templated":true}]}}