{"id":195252,"date":"2025-09-30T21:51:52","date_gmt":"2025-10-01T00:51:52","guid":{"rendered":"https:\/\/folhapopular.info\/?p=195252"},"modified":"2025-09-30T21:56:45","modified_gmt":"2025-10-01T00:56:45","slug":"hospital-ouro-branco-adia-cirurgias-eletivas-apos-pedido-de-demissao-em-massa-da-equipe-de-anestesistas","status":"publish","type":"post","link":"https:\/\/folhapopular.info\/index.php\/2025\/09\/30\/hospital-ouro-branco-adia-cirurgias-eletivas-apos-pedido-de-demissao-em-massa-da-equipe-de-anestesistas\/","title":{"rendered":"Hospital Ouro Branco adia cirurgias eletivas ap\u00f3s pedido de demiss\u00e3o em massa da equipe de anestesistas"},"content":{"rendered":"\n<p>A falta de anestesiologistas no Brasil tamb\u00e9m atingiu o Hospital Ouro Branco de Teut\u00f4nia. A casa de sa\u00fade comunicou a transfer\u00eancia de cirurgias eletivas para pacientes, prefeituras, Secretaria Estadual de Sa\u00fade, 16\u00aa Coordenadoria Regional de Sa\u00fade (CRS) e outros \u00f3rg\u00e3os no fim da tarde desta ter\u00e7a-feira (30\/9). O comunicado oficial foi repassado aos interessados.<\/p>\n\n\n\n<p>A equipe m\u00e9dica pediu demiss\u00e3o em massa durante o dia, o que gerou o adiamento das cirurgias eletivas. &#8220;O motivo sim \u00e9 a troca da equipe de anestesistas, por decis\u00e3o profissional deles. Foram trabalhar em outros hospitais com valores melhores&#8221;, exp\u00f5e o diretor-executivo do HOB, Jos\u00e9 Paulinho Brand.<\/p>\n\n\n\n<p>Ele diz que &#8220;o assunto \u00e9 recorrente nos hospitais brasileiros&#8221;, ao compartilhar reportagem da CBN\/Globo:<strong><a href=\"https:\/\/cbn.globo.com\/brasil\/noticia\/2025\/08\/29\/anestesiologistas-estao-em-falta-no-brasil-mesmo-com-salario-de-r40-mil-entenda.ghtml\"> Anestesiologistas est\u00e3o em falta no Brasil mesmo com sal\u00e1rio de R$ 40 mil.<\/a><\/strong> A popula\u00e7\u00e3o precisa ter esse olhar amplo para perceber que o impacto local \u00e9 apenas espelho de um retrato nacional.<\/p>\n\n\n\n<p>Em n\u00edvel local, Brand v\u00ea solu\u00e7\u00e3o com a atra\u00e7\u00e3o e contrata\u00e7\u00e3o de novos profissionais. &#8220;N\u00e3o h\u00e1 o que fazer. <strong>Estamos trabalhando para resolver a situa\u00e7\u00e3o em breve.<\/strong> J\u00e1 temos alguns novos profissionais para alguns per\u00edodos, mas ainda n\u00e3o a escala do m\u00eas fechada&#8221;, afirma.<\/p>\n\n\n\n<p>Em fun\u00e7\u00e3o das lacunas, o hospital decidiu transferir as cirurgias eletivas. Situa\u00e7\u00f5es de urg\u00eancia e emerg\u00eancia ser\u00e3o avaliadas caso a caso, com possibilidade de encaminhamento a hospitais de refer\u00eancia.<\/p>\n\n\n\n<p>&#8220;<strong>Infelizmente, Teut\u00f4nia ainda n\u00e3o \u00e9 um Polo de Sa\u00fade, n\u00e3o tem UTI e n\u00e3o atende alta complexidade.<\/strong> Logo, ainda tem baixa atratividade no mercado para captar novos profissionais&#8221;, avalia o executivo do HOB.<\/p>\n\n\n\n<p>N\u00e3o h\u00e1 previs\u00e3o para a retomada das cirurgias eletivas.<\/p>\n","protected":false},"excerpt":{"rendered":"<p>A falta de anestesiologistas no Brasil tamb\u00e9m atingiu o Hospital Ouro Branco de Teut\u00f4nia. A casa de sa\u00fade comunicou a transfer\u00eancia de cirurgias eletivas para pacientes, prefeituras, Secretaria Estadual de Sa\u00fade, 16\u00aa Coordenadoria Regional de Sa\u00fade (CRS) e outros \u00f3rg\u00e3os no fim da tarde desta ter\u00e7a-feira (30\/9). O comunicado oficial foi repassado aos interessados. A [&hellip;]<\/p>\n","protected":false},"author":7,"featured_media":181107,"comment_status":"open","ping_status":"open","sticky":false,"template":"","format":"standard","meta":{"pmpro_default_level":"","_jetpack_memberships_contains_paid_content":false,"footnotes":""},"categories":[2,10986],"tags":[19608,6610,1185,89,26,156],"class_list":{"0":"post-195252","1":"post","2":"type-post","3":"status-publish","4":"format-standard","5":"has-post-thumbnail","7":"category-featured","8":"category-saude","9":"tag-anestesistas","10":"tag-cirurgias-eletivas-2","11":"tag-hospital-ouro-branco","12":"tag-saude","13":"tag-teutonia","14":"tag-vale-do-taquari","15":"pmpro-has-access"},"yoast_head":"<!-- This site is optimized with the Yoast SEO plugin v27.5 - https:\/\/yoast.com\/product\/yoast-seo-wordpress\/ -->\n<title>Hospital Ouro Branco adia cirurgias eletivas ap\u00f3s pedido de demiss\u00e3o em massa da equipe de anestesistas - Folha Popular<\/title>\n<meta name=\"robots\" content=\"index, follow, max-snippet:-1, max-image-preview:large, max-video-preview:-1\" \/>\n<link rel=\"canonical\" href=\"https:\/\/folhapopular.info\/index.php\/2025\/09\/30\/hospital-ouro-branco-adia-cirurgias-eletivas-apos-pedido-de-demissao-em-massa-da-equipe-de-anestesistas\/\" \/>\n<meta property=\"og:locale\" content=\"pt_BR\" \/>\n<meta property=\"og:type\" content=\"article\" \/>\n<meta property=\"og:title\" content=\"Hospital Ouro Branco adia cirurgias eletivas ap\u00f3s pedido de demiss\u00e3o em massa da equipe de anestesistas - Folha Popular\" \/>\n<meta property=\"og:description\" content=\"A falta de anestesiologistas no Brasil tamb\u00e9m atingiu o Hospital Ouro Branco de Teut\u00f4nia. A casa de sa\u00fade comunicou a transfer\u00eancia de cirurgias eletivas para pacientes, prefeituras, Secretaria Estadual de Sa\u00fade, 16\u00aa Coordenadoria Regional de Sa\u00fade (CRS) e outros \u00f3rg\u00e3os no fim da tarde desta ter\u00e7a-feira (30\/9). O comunicado oficial foi repassado aos interessados. A [&hellip;]\" \/>\n<meta property=\"og:url\" content=\"https:\/\/folhapopular.info\/index.php\/2025\/09\/30\/hospital-ouro-branco-adia-cirurgias-eletivas-apos-pedido-de-demissao-em-massa-da-equipe-de-anestesistas\/\" \/>\n<meta property=\"og:site_name\" content=\"Folha Popular\" \/>\n<meta property=\"article:published_time\" content=\"2025-10-01T00:51:52+00:00\" \/>\n<meta property=\"article:modified_time\" content=\"2025-10-01T00:56:45+00:00\" \/>\n<meta property=\"og:image\" content=\"http:\/\/folhapopular.info\/wp-content\/uploads\/2025\/02\/Projeto-da-UTI-do-Hospital-Ouro-Branco-sera-apresentado-ao-G8-na-terca-feira_Camille-Lenz-da-Silva.jpeg\" \/>\n\t<meta property=\"og:image:width\" content=\"696\" \/>\n\t<meta property=\"og:image:height\" content=\"522\" \/>\n\t<meta property=\"og:image:type\" content=\"image\/jpeg\" \/>\n<meta name=\"author\" content=\"Lucas Leandro Brune\" \/>\n<meta name=\"twitter:card\" content=\"summary_large_image\" \/>\n<meta name=\"twitter:label1\" content=\"Escrito por\" \/>\n\t<meta name=\"twitter:data1\" content=\"Lucas Leandro Brune\" \/>\n\t<meta name=\"twitter:label2\" content=\"Est. tempo de leitura\" \/>\n\t<meta name=\"twitter:data2\" content=\"2 minutos\" \/>\n<script type=\"application\/ld+json\" class=\"yoast-schema-graph\">{\"@context\":\"https:\\\/\\\/schema.org\",\"@graph\":[{\"@type\":\"Article\",\"@id\":\"https:\\\/\\\/folhapopular.info\\\/index.php\\\/2025\\\/09\\\/30\\\/hospital-ouro-branco-adia-cirurgias-eletivas-apos-pedido-de-demissao-em-massa-da-equipe-de-anestesistas\\\/#article\",\"isPartOf\":{\"@id\":\"https:\\\/\\\/folhapopular.info\\\/index.php\\\/2025\\\/09\\\/30\\\/hospital-ouro-branco-adia-cirurgias-eletivas-apos-pedido-de-demissao-em-massa-da-equipe-de-anestesistas\\\/\"},\"author\":{\"name\":\"Lucas Leandro Brune\",\"@id\":\"https:\\\/\\\/folhapopular.info\\\/#\\\/schema\\\/person\\\/533a15f60cd49e81ab3a90b4ca33cb36\"},\"headline\":\"Hospital Ouro Branco adia cirurgias eletivas ap\u00f3s pedido de demiss\u00e3o em massa da equipe de anestesistas\",\"datePublished\":\"2025-10-01T00:51:52+00:00\",\"dateModified\":\"2025-10-01T00:56:45+00:00\",\"mainEntityOfPage\":{\"@id\":\"https:\\\/\\\/folhapopular.info\\\/index.php\\\/2025\\\/09\\\/30\\\/hospital-ouro-branco-adia-cirurgias-eletivas-apos-pedido-de-demissao-em-massa-da-equipe-de-anestesistas\\\/\"},\"wordCount\":314,\"commentCount\":0,\"image\":{\"@id\":\"https:\\\/\\\/folhapopular.info\\\/index.php\\\/2025\\\/09\\\/30\\\/hospital-ouro-branco-adia-cirurgias-eletivas-apos-pedido-de-demissao-em-massa-da-equipe-de-anestesistas\\\/#primaryimage\"},\"thumbnailUrl\":\"https:\\\/\\\/folhapopular.info\\\/wp-content\\\/uploads\\\/2025\\\/02\\\/Projeto-da-UTI-do-Hospital-Ouro-Branco-sera-apresentado-ao-G8-na-terca-feira_Camille-Lenz-da-Silva.jpeg\",\"keywords\":[\"anestesistas\",\"cirurgias eletivas\",\"Hospital Ouro Branco\",\"Sa\u00fade\",\"Teut\u00f4nia\",\"Vale do Taquari\"],\"articleSection\":[\"Destaques\",\"Sa\u00fade\"],\"inLanguage\":\"pt-BR\",\"potentialAction\":[{\"@type\":\"CommentAction\",\"name\":\"Comment\",\"target\":[\"https:\\\/\\\/folhapopular.info\\\/index.php\\\/2025\\\/09\\\/30\\\/hospital-ouro-branco-adia-cirurgias-eletivas-apos-pedido-de-demissao-em-massa-da-equipe-de-anestesistas\\\/#respond\"]}]},{\"@type\":\"WebPage\",\"@id\":\"https:\\\/\\\/folhapopular.info\\\/index.php\\\/2025\\\/09\\\/30\\\/hospital-ouro-branco-adia-cirurgias-eletivas-apos-pedido-de-demissao-em-massa-da-equipe-de-anestesistas\\\/\",\"url\":\"https:\\\/\\\/folhapopular.info\\\/index.php\\\/2025\\\/09\\\/30\\\/hospital-ouro-branco-adia-cirurgias-eletivas-apos-pedido-de-demissao-em-massa-da-equipe-de-anestesistas\\\/\",\"name\":\"Hospital Ouro Branco adia cirurgias eletivas ap\u00f3s pedido de demiss\u00e3o em massa da equipe de anestesistas - Folha Popular\",\"isPartOf\":{\"@id\":\"https:\\\/\\\/folhapopular.info\\\/#website\"},\"primaryImageOfPage\":{\"@id\":\"https:\\\/\\\/folhapopular.info\\\/index.php\\\/2025\\\/09\\\/30\\\/hospital-ouro-branco-adia-cirurgias-eletivas-apos-pedido-de-demissao-em-massa-da-equipe-de-anestesistas\\\/#primaryimage\"},\"image\":{\"@id\":\"https:\\\/\\\/folhapopular.info\\\/index.php\\\/2025\\\/09\\\/30\\\/hospital-ouro-branco-adia-cirurgias-eletivas-apos-pedido-de-demissao-em-massa-da-equipe-de-anestesistas\\\/#primaryimage\"},\"thumbnailUrl\":\"https:\\\/\\\/folhapopular.info\\\/wp-content\\\/uploads\\\/2025\\\/02\\\/Projeto-da-UTI-do-Hospital-Ouro-Branco-sera-apresentado-ao-G8-na-terca-feira_Camille-Lenz-da-Silva.jpeg\",\"datePublished\":\"2025-10-01T00:51:52+00:00\",\"dateModified\":\"2025-10-01T00:56:45+00:00\",\"author\":{\"@id\":\"https:\\\/\\\/folhapopular.info\\\/#\\\/schema\\\/person\\\/533a15f60cd49e81ab3a90b4ca33cb36\"},\"breadcrumb\":{\"@id\":\"https:\\\/\\\/folhapopular.info\\\/index.php\\\/2025\\\/09\\\/30\\\/hospital-ouro-branco-adia-cirurgias-eletivas-apos-pedido-de-demissao-em-massa-da-equipe-de-anestesistas\\\/#breadcrumb\"},\"inLanguage\":\"pt-BR\",\"potentialAction\":[{\"@type\":\"ReadAction\",\"target\":[\"https:\\\/\\\/folhapopular.info\\\/index.php\\\/2025\\\/09\\\/30\\\/hospital-ouro-branco-adia-cirurgias-eletivas-apos-pedido-de-demissao-em-massa-da-equipe-de-anestesistas\\\/\"]}]},{\"@type\":\"ImageObject\",\"inLanguage\":\"pt-BR\",\"@id\":\"https:\\\/\\\/folhapopular.info\\\/index.php\\\/2025\\\/09\\\/30\\\/hospital-ouro-branco-adia-cirurgias-eletivas-apos-pedido-de-demissao-em-massa-da-equipe-de-anestesistas\\\/#primaryimage\",\"url\":\"https:\\\/\\\/folhapopular.info\\\/wp-content\\\/uploads\\\/2025\\\/02\\\/Projeto-da-UTI-do-Hospital-Ouro-Branco-sera-apresentado-ao-G8-na-terca-feira_Camille-Lenz-da-Silva.jpeg\",\"contentUrl\":\"https:\\\/\\\/folhapopular.info\\\/wp-content\\\/uploads\\\/2025\\\/02\\\/Projeto-da-UTI-do-Hospital-Ouro-Branco-sera-apresentado-ao-G8-na-terca-feira_Camille-Lenz-da-Silva.jpeg\",\"width\":696,\"height\":522,\"caption\":\"Cr\u00e9dito: Camille Lenz da Silva\"},{\"@type\":\"BreadcrumbList\",\"@id\":\"https:\\\/\\\/folhapopular.info\\\/index.php\\\/2025\\\/09\\\/30\\\/hospital-ouro-branco-adia-cirurgias-eletivas-apos-pedido-de-demissao-em-massa-da-equipe-de-anestesistas\\\/#breadcrumb\",\"itemListElement\":[{\"@type\":\"ListItem\",\"position\":1,\"name\":\"In\u00edcio\",\"item\":\"https:\\\/\\\/folhapopular.info\\\/\"},{\"@type\":\"ListItem\",\"position\":2,\"name\":\"Hospital Ouro Branco adia cirurgias eletivas ap\u00f3s pedido de demiss\u00e3o em massa da equipe de anestesistas\"}]},{\"@type\":\"WebSite\",\"@id\":\"https:\\\/\\\/folhapopular.info\\\/#website\",\"url\":\"https:\\\/\\\/folhapopular.info\\\/\",\"name\":\"Folha Popular\",\"description\":\"Onde voc\u00ea tem vez e voz\",\"potentialAction\":[{\"@type\":\"SearchAction\",\"target\":{\"@type\":\"EntryPoint\",\"urlTemplate\":\"https:\\\/\\\/folhapopular.info\\\/?s={search_term_string}\"},\"query-input\":{\"@type\":\"PropertyValueSpecification\",\"valueRequired\":true,\"valueName\":\"search_term_string\"}}],\"inLanguage\":\"pt-BR\"},{\"@type\":\"Person\",\"@id\":\"https:\\\/\\\/folhapopular.info\\\/#\\\/schema\\\/person\\\/533a15f60cd49e81ab3a90b4ca33cb36\",\"name\":\"Lucas Leandro Brune\",\"image\":{\"@type\":\"ImageObject\",\"inLanguage\":\"pt-BR\",\"@id\":\"https:\\\/\\\/folhapopular.info\\\/wp-content\\\/uploads\\\/2026\\\/04\\\/LUCAS-1-1.webp\",\"url\":\"https:\\\/\\\/folhapopular.info\\\/wp-content\\\/uploads\\\/2026\\\/04\\\/LUCAS-1-1.webp\",\"contentUrl\":\"https:\\\/\\\/folhapopular.info\\\/wp-content\\\/uploads\\\/2026\\\/04\\\/LUCAS-1-1.webp\",\"caption\":\"Lucas Leandro Brune\"},\"description\":\"Jornalista Profissional Diplomado MTB\\\/RS 14.333\",\"url\":\"https:\\\/\\\/folhapopular.info\\\/index.php\\\/author\\\/lucas-brune\\\/\"}]}<\/script>\n<!-- \/ Yoast SEO plugin. -->","yoast_head_json":{"title":"Hospital Ouro Branco adia cirurgias eletivas ap\u00f3s pedido de demiss\u00e3o em massa da equipe de anestesistas - Folha Popular","robots":{"index":"index","follow":"follow","max-snippet":"max-snippet:-1","max-image-preview":"max-image-preview:large","max-video-preview":"max-video-preview:-1"},"canonical":"https:\/\/folhapopular.info\/index.php\/2025\/09\/30\/hospital-ouro-branco-adia-cirurgias-eletivas-apos-pedido-de-demissao-em-massa-da-equipe-de-anestesistas\/","og_locale":"pt_BR","og_type":"article","og_title":"Hospital Ouro Branco adia cirurgias eletivas ap\u00f3s pedido de demiss\u00e3o em massa da equipe de anestesistas - Folha Popular","og_description":"A falta de anestesiologistas no Brasil tamb\u00e9m atingiu o Hospital Ouro Branco de Teut\u00f4nia. A casa de sa\u00fade comunicou a transfer\u00eancia de cirurgias eletivas para pacientes, prefeituras, Secretaria Estadual de Sa\u00fade, 16\u00aa Coordenadoria Regional de Sa\u00fade (CRS) e outros \u00f3rg\u00e3os no fim da tarde desta ter\u00e7a-feira (30\/9). O comunicado oficial foi repassado aos interessados. A [&hellip;]","og_url":"https:\/\/folhapopular.info\/index.php\/2025\/09\/30\/hospital-ouro-branco-adia-cirurgias-eletivas-apos-pedido-de-demissao-em-massa-da-equipe-de-anestesistas\/","og_site_name":"Folha Popular","article_published_time":"2025-10-01T00:51:52+00:00","article_modified_time":"2025-10-01T00:56:45+00:00","og_image":[{"width":696,"height":522,"url":"http:\/\/folhapopular.info\/wp-content\/uploads\/2025\/02\/Projeto-da-UTI-do-Hospital-Ouro-Branco-sera-apresentado-ao-G8-na-terca-feira_Camille-Lenz-da-Silva.jpeg","type":"image\/jpeg"}],"author":"Lucas Leandro Brune","twitter_card":"summary_large_image","twitter_misc":{"Escrito por":"Lucas Leandro Brune","Est. tempo de leitura":"2 minutos"},"schema":{"@context":"https:\/\/schema.org","@graph":[{"@type":"Article","@id":"https:\/\/folhapopular.info\/index.php\/2025\/09\/30\/hospital-ouro-branco-adia-cirurgias-eletivas-apos-pedido-de-demissao-em-massa-da-equipe-de-anestesistas\/#article","isPartOf":{"@id":"https:\/\/folhapopular.info\/index.php\/2025\/09\/30\/hospital-ouro-branco-adia-cirurgias-eletivas-apos-pedido-de-demissao-em-massa-da-equipe-de-anestesistas\/"},"author":{"name":"Lucas Leandro Brune","@id":"https:\/\/folhapopular.info\/#\/schema\/person\/533a15f60cd49e81ab3a90b4ca33cb36"},"headline":"Hospital Ouro Branco adia cirurgias eletivas ap\u00f3s pedido de demiss\u00e3o em massa da equipe de anestesistas","datePublished":"2025-10-01T00:51:52+00:00","dateModified":"2025-10-01T00:56:45+00:00","mainEntityOfPage":{"@id":"https:\/\/folhapopular.info\/index.php\/2025\/09\/30\/hospital-ouro-branco-adia-cirurgias-eletivas-apos-pedido-de-demissao-em-massa-da-equipe-de-anestesistas\/"},"wordCount":314,"commentCount":0,"image":{"@id":"https:\/\/folhapopular.info\/index.php\/2025\/09\/30\/hospital-ouro-branco-adia-cirurgias-eletivas-apos-pedido-de-demissao-em-massa-da-equipe-de-anestesistas\/#primaryimage"},"thumbnailUrl":"https:\/\/folhapopular.info\/wp-content\/uploads\/2025\/02\/Projeto-da-UTI-do-Hospital-Ouro-Branco-sera-apresentado-ao-G8-na-terca-feira_Camille-Lenz-da-Silva.jpeg","keywords":["anestesistas","cirurgias eletivas","Hospital Ouro Branco","Sa\u00fade","Teut\u00f4nia","Vale do Taquari"],"articleSection":["Destaques","Sa\u00fade"],"inLanguage":"pt-BR","potentialAction":[{"@type":"CommentAction","name":"Comment","target":["https:\/\/folhapopular.info\/index.php\/2025\/09\/30\/hospital-ouro-branco-adia-cirurgias-eletivas-apos-pedido-de-demissao-em-massa-da-equipe-de-anestesistas\/#respond"]}]},{"@type":"WebPage","@id":"https:\/\/folhapopular.info\/index.php\/2025\/09\/30\/hospital-ouro-branco-adia-cirurgias-eletivas-apos-pedido-de-demissao-em-massa-da-equipe-de-anestesistas\/","url":"https:\/\/folhapopular.info\/index.php\/2025\/09\/30\/hospital-ouro-branco-adia-cirurgias-eletivas-apos-pedido-de-demissao-em-massa-da-equipe-de-anestesistas\/","name":"Hospital Ouro Branco adia cirurgias eletivas ap\u00f3s pedido de demiss\u00e3o em massa da equipe de anestesistas - Folha Popular","isPartOf":{"@id":"https:\/\/folhapopular.info\/#website"},"primaryImageOfPage":{"@id":"https:\/\/folhapopular.info\/index.php\/2025\/09\/30\/hospital-ouro-branco-adia-cirurgias-eletivas-apos-pedido-de-demissao-em-massa-da-equipe-de-anestesistas\/#primaryimage"},"image":{"@id":"https:\/\/folhapopular.info\/index.php\/2025\/09\/30\/hospital-ouro-branco-adia-cirurgias-eletivas-apos-pedido-de-demissao-em-massa-da-equipe-de-anestesistas\/#primaryimage"},"thumbnailUrl":"https:\/\/folhapopular.info\/wp-content\/uploads\/2025\/02\/Projeto-da-UTI-do-Hospital-Ouro-Branco-sera-apresentado-ao-G8-na-terca-feira_Camille-Lenz-da-Silva.jpeg","datePublished":"2025-10-01T00:51:52+00:00","dateModified":"2025-10-01T00:56:45+00:00","author":{"@id":"https:\/\/folhapopular.info\/#\/schema\/person\/533a15f60cd49e81ab3a90b4ca33cb36"},"breadcrumb":{"@id":"https:\/\/folhapopular.info\/index.php\/2025\/09\/30\/hospital-ouro-branco-adia-cirurgias-eletivas-apos-pedido-de-demissao-em-massa-da-equipe-de-anestesistas\/#breadcrumb"},"inLanguage":"pt-BR","potentialAction":[{"@type":"ReadAction","target":["https:\/\/folhapopular.info\/index.php\/2025\/09\/30\/hospital-ouro-branco-adia-cirurgias-eletivas-apos-pedido-de-demissao-em-massa-da-equipe-de-anestesistas\/"]}]},{"@type":"ImageObject","inLanguage":"pt-BR","@id":"https:\/\/folhapopular.info\/index.php\/2025\/09\/30\/hospital-ouro-branco-adia-cirurgias-eletivas-apos-pedido-de-demissao-em-massa-da-equipe-de-anestesistas\/#primaryimage","url":"https:\/\/folhapopular.info\/wp-content\/uploads\/2025\/02\/Projeto-da-UTI-do-Hospital-Ouro-Branco-sera-apresentado-ao-G8-na-terca-feira_Camille-Lenz-da-Silva.jpeg","contentUrl":"https:\/\/folhapopular.info\/wp-content\/uploads\/2025\/02\/Projeto-da-UTI-do-Hospital-Ouro-Branco-sera-apresentado-ao-G8-na-terca-feira_Camille-Lenz-da-Silva.jpeg","width":696,"height":522,"caption":"Cr\u00e9dito: Camille Lenz da Silva"},{"@type":"BreadcrumbList","@id":"https:\/\/folhapopular.info\/index.php\/2025\/09\/30\/hospital-ouro-branco-adia-cirurgias-eletivas-apos-pedido-de-demissao-em-massa-da-equipe-de-anestesistas\/#breadcrumb","itemListElement":[{"@type":"ListItem","position":1,"name":"In\u00edcio","item":"https:\/\/folhapopular.info\/"},{"@type":"ListItem","position":2,"name":"Hospital Ouro Branco adia cirurgias eletivas ap\u00f3s pedido de demiss\u00e3o em massa da equipe de anestesistas"}]},{"@type":"WebSite","@id":"https:\/\/folhapopular.info\/#website","url":"https:\/\/folhapopular.info\/","name":"Folha Popular","description":"Onde voc\u00ea tem vez e voz","potentialAction":[{"@type":"SearchAction","target":{"@type":"EntryPoint","urlTemplate":"https:\/\/folhapopular.info\/?s={search_term_string}"},"query-input":{"@type":"PropertyValueSpecification","valueRequired":true,"valueName":"search_term_string"}}],"inLanguage":"pt-BR"},{"@type":"Person","@id":"https:\/\/folhapopular.info\/#\/schema\/person\/533a15f60cd49e81ab3a90b4ca33cb36","name":"Lucas Leandro Brune","image":{"@type":"ImageObject","inLanguage":"pt-BR","@id":"https:\/\/folhapopular.info\/wp-content\/uploads\/2026\/04\/LUCAS-1-1.webp","url":"https:\/\/folhapopular.info\/wp-content\/uploads\/2026\/04\/LUCAS-1-1.webp","contentUrl":"https:\/\/folhapopular.info\/wp-content\/uploads\/2026\/04\/LUCAS-1-1.webp","caption":"Lucas Leandro Brune"},"description":"Jornalista Profissional Diplomado MTB\/RS 14.333","url":"https:\/\/folhapopular.info\/index.php\/author\/lucas-brune\/"}]}},"jetpack_featured_media_url":"https:\/\/folhapopular.info\/wp-content\/uploads\/2025\/02\/Projeto-da-UTI-do-Hospital-Ouro-Branco-sera-apresentado-ao-G8-na-terca-feira_Camille-Lenz-da-Silva.jpeg","jetpack_sharing_enabled":true,"amp_enabled":true,"_links":{"self":[{"href":"https:\/\/folhapopular.info\/index.php\/wp-json\/wp\/v2\/posts\/195252","targetHints":{"allow":["GET"]}}],"collection":[{"href":"https:\/\/folhapopular.info\/index.php\/wp-json\/wp\/v2\/posts"}],"about":[{"href":"https:\/\/folhapopular.info\/index.php\/wp-json\/wp\/v2\/types\/post"}],"author":[{"embeddable":true,"href":"https:\/\/folhapopular.info\/index.php\/wp-json\/wp\/v2\/users\/7"}],"replies":[{"embeddable":true,"href":"https:\/\/folhapopular.info\/index.php\/wp-json\/wp\/v2\/comments?post=195252"}],"version-history":[{"count":0,"href":"https:\/\/folhapopular.info\/index.php\/wp-json\/wp\/v2\/posts\/195252\/revisions"}],"wp:featuredmedia":[{"embeddable":true,"href":"https:\/\/folhapopular.info\/index.php\/wp-json\/wp\/v2\/media\/181107"}],"wp:attachment":[{"href":"https:\/\/folhapopular.info\/index.php\/wp-json\/wp\/v2\/media?parent=195252"}],"wp:term":[{"taxonomy":"category","embeddable":true,"href":"https:\/\/folhapopular.info\/index.php\/wp-json\/wp\/v2\/categories?post=195252"},{"taxonomy":"post_tag","embeddable":true,"href":"https:\/\/folhapopular.info\/index.php\/wp-json\/wp\/v2\/tags?post=195252"}],"curies":[{"name":"wp","href":"https:\/\/api.w.org\/{rel}","templated":true}]}}