{"id":195304,"date":"2025-10-01T17:22:31","date_gmt":"2025-10-01T20:22:31","guid":{"rendered":"https:\/\/folhapopular.info\/?p=195304"},"modified":"2025-10-01T18:36:25","modified_gmt":"2025-10-01T21:36:25","slug":"saida-de-anestesistas-do-hob-foi-comunicada-com-antecedencia-diz-equipe","status":"publish","type":"post","link":"https:\/\/folhapopular.info\/index.php\/2025\/10\/01\/saida-de-anestesistas-do-hob-foi-comunicada-com-antecedencia-diz-equipe\/","title":{"rendered":"Sa\u00edda de anestesistas do HOB foi comunicada com anteced\u00eancia, diz equipe"},"content":{"rendered":"\n<p>Em entrevista exclusiva \u00e0 Folha Popular, a equipe de anestesistas do Hospital Ouro Branco (HOB), <a href=\"https:\/\/folhapopular.info\/index.php\/2025\/09\/30\/hospital-ouro-branco-adia-cirurgias-eletivas-apos-pedido-de-demissao-em-massa-da-equipe-de-anestesistas\/\" target=\"_blank\" rel=\"noreferrer noopener\">que pediu desligamento no fim de setembro<\/a>, esclareceu os motivos da sa\u00edda e contestou a vers\u00e3o da casa de sa\u00fade de que teria ocorrido uma \u201cdemiss\u00e3o s\u00fabita\u201d. <\/p>\n\n\n\n<p>No fim da tarde desta ter\u00e7a-feira (30\/9), em uma nota \u00e0 imprensa o HOB comunicou a transfer\u00eancia de cirurgias eletivas para pacientes, prefeituras, Secretaria Estadual de Sa\u00fade, 16\u00aa Coordenadoria Regional de Sa\u00fade (CRS) e outros \u00f3rg\u00e3os devido \u00e0 demiss\u00e3o da equipe de m\u00e9dicos. <\/p>\n\n\n\n<p>Os anestesistas, no entanto, afirmam que cumpriram aviso pr\u00e9vio de pelo menos 30 dias e que a decis\u00e3o ocorreu de forma amistosa, sem rompimento com a dire\u00e7\u00e3o da institui\u00e7\u00e3o.<\/p>\n\n\n\n<p>O grupo era formado por tr\u00eas profissionais: um com quase 14 anos de atua\u00e7\u00e3o no hospital, outro com cerca de seis anos de casa e um terceiro que estava no HOB havia aproximadamente cinco meses.<\/p>\n\n\n\n<p>\u201cFoi uma sa\u00edda tranquila, sem quebra de rela\u00e7\u00e3o com a dire\u00e7\u00e3o. Cada um tomou sua decis\u00e3o com base em quest\u00f5es pessoais e profissionais, mas sempre de forma respeitosa. N\u00e3o houve conflito\u201d, destacou a equipe.<\/p>\n\n\n\n<p>Segundo os anestesistas, a dire\u00e7\u00e3o do HOB j\u00e1 havia anunciado uma nova equipe de profissionais para assumir a escala, mas o grupo escalado n\u00e3o compareceu. <strong>\u201cN\u00f3s honramos os prazos. Houve aviso pr\u00e9vio de 30 dias e at\u00e9 45 dias em alguns casos. A aus\u00eancia foi da nova equipe, que desistiu um ou dois dias antes de iniciar o trabalho. Isso acabou agravando a situa\u00e7\u00e3o, mas n\u00e3o partiu de n\u00f3s\u201d<\/strong>, explicaram.<\/p>\n\n\n\n<p>Os profissionais tamb\u00e9m ressaltaram que os pagamentos foram realizados. \u201cA dire\u00e7\u00e3o honrou os compromissos. N\u00e3o ficamos sem receber\u201d, afirmaram.<\/p>\n\n\n\n<p>Eles acrescentam ainda que a sa\u00edda n\u00e3o foi motivada unicamente por remunera\u00e7\u00e3o. \u201cN\u00e3o foi uma quest\u00e3o de abandonar Teut\u00f4nia para ganhar mais. A remunera\u00e7\u00e3o nos novos locais \u00e9 semelhante, alguns ganham um pouco mais, outros um pouco menos. N\u00e3o foi uma troca motivada apenas por dinheiro\u201d, refor\u00e7aram.<\/p>\n\n\n\n<p>Mesmo ap\u00f3s o desligamento, a equipe de anestesistas afirmou que segue colaborando para amenizar os impactos. \u201cAinda vamos ajudar em alguns plant\u00f5es no Hospital Ouro Branco neste m\u00eas de outubro para n\u00e3o deixar a popula\u00e7\u00e3o desassistida. Inclusive, seguimos participando voluntariamente de a\u00e7\u00f5es como o Outubro Rosa, anestesiando pacientes em cirurgias gratuitas para acelerar a fila do c\u00e2ncer de mama\u201d, relataram.<\/p>\n\n\n\n<p>Ao encerrar o posicionamento, os profissionais destacaram o v\u00ednculo constru\u00eddo ao longo dos anos. \u201cNunca foi nossa inten\u00e7\u00e3o prejudicar a popula\u00e7\u00e3o. Temos carinho por Teut\u00f4nia e esperamos que tudo se resolva o quanto antes.\u201d<\/p>\n\n\n\n<h2 class=\"wp-block-heading\">Mat\u00e9ria relacionada<\/h2>\n\n\n\n<figure class=\"wp-block-embed is-type-wp-embed is-provider-folha-popular wp-block-embed-folha-popular\"><div class=\"wp-block-embed__wrapper\">\n<blockquote class=\"wp-embedded-content\" data-secret=\"4h7nCRgjkO\"><a href=\"https:\/\/folhapopular.info\/index.php\/2025\/09\/30\/hospital-ouro-branco-adia-cirurgias-eletivas-apos-pedido-de-demissao-em-massa-da-equipe-de-anestesistas\/\">Hospital Ouro Branco adia cirurgias eletivas ap\u00f3s pedido de demiss\u00e3o em massa da equipe de anestesistas<\/a><\/blockquote><iframe loading=\"lazy\" class=\"wp-embedded-content\" sandbox=\"allow-scripts\" security=\"restricted\" style=\"position: absolute; visibility: hidden;\" title=\"&#8220;Hospital Ouro Branco adia cirurgias eletivas ap\u00f3s pedido de demiss\u00e3o em massa da equipe de anestesistas&#8221; &#8212; Folha Popular\" src=\"https:\/\/folhapopular.info\/index.php\/2025\/09\/30\/hospital-ouro-branco-adia-cirurgias-eletivas-apos-pedido-de-demissao-em-massa-da-equipe-de-anestesistas\/embed\/#?secret=LsbHl6e8MN#?secret=4h7nCRgjkO\" data-secret=\"4h7nCRgjkO\" width=\"600\" height=\"338\" frameborder=\"0\" marginwidth=\"0\" marginheight=\"0\" scrolling=\"no\"><\/iframe>\n<\/div><\/figure>\n","protected":false},"excerpt":{"rendered":"<p>Em entrevista exclusiva \u00e0 Folha Popular, a equipe de anestesistas do Hospital Ouro Branco (HOB), que pediu desligamento no fim de setembro, esclareceu os motivos da sa\u00edda e contestou a vers\u00e3o da casa de sa\u00fade de que teria ocorrido uma \u201cdemiss\u00e3o s\u00fabita\u201d. No fim da tarde desta ter\u00e7a-feira (30\/9), em uma nota \u00e0 imprensa o [&hellip;]<\/p>\n","protected":false},"author":707,"featured_media":195305,"comment_status":"open","ping_status":"open","sticky":false,"template":"","format":"standard","meta":{"pmpro_default_level":"","_jetpack_memberships_contains_paid_content":false,"footnotes":""},"categories":[2,3,10986],"tags":[19608,10693,55,1185,8255],"class_list":{"0":"post-195304","1":"post","2":"type-post","3":"status-publish","4":"format-standard","5":"has-post-thumbnail","7":"category-featured","8":"category-geral","9":"category-saude","10":"tag-anestesistas","11":"tag-demissao","12":"tag-hob","13":"tag-hospital-ouro-branco","14":"tag-medicos","15":"pmpro-has-access"},"yoast_head":"<!-- This site is optimized with the Yoast SEO plugin v27.5 - https:\/\/yoast.com\/product\/yoast-seo-wordpress\/ -->\n<title>Sa\u00edda de anestesistas do HOB foi comunicada com anteced\u00eancia, diz equipe - Folha Popular<\/title>\n<meta name=\"robots\" content=\"index, follow, max-snippet:-1, max-image-preview:large, max-video-preview:-1\" \/>\n<link rel=\"canonical\" href=\"https:\/\/folhapopular.info\/index.php\/2025\/10\/01\/saida-de-anestesistas-do-hob-foi-comunicada-com-antecedencia-diz-equipe\/\" \/>\n<meta property=\"og:locale\" content=\"pt_BR\" \/>\n<meta property=\"og:type\" content=\"article\" \/>\n<meta property=\"og:title\" content=\"Sa\u00edda de anestesistas do HOB foi comunicada com anteced\u00eancia, diz equipe - Folha Popular\" \/>\n<meta property=\"og:description\" content=\"Em entrevista exclusiva \u00e0 Folha Popular, a equipe de anestesistas do Hospital Ouro Branco (HOB), que pediu desligamento no fim de setembro, esclareceu os motivos da sa\u00edda e contestou a vers\u00e3o da casa de sa\u00fade de que teria ocorrido uma \u201cdemiss\u00e3o s\u00fabita\u201d. No fim da tarde desta ter\u00e7a-feira (30\/9), em uma nota \u00e0 imprensa o [&hellip;]\" \/>\n<meta property=\"og:url\" content=\"https:\/\/folhapopular.info\/index.php\/2025\/10\/01\/saida-de-anestesistas-do-hob-foi-comunicada-com-antecedencia-diz-equipe\/\" \/>\n<meta property=\"og:site_name\" content=\"Folha Popular\" \/>\n<meta property=\"article:published_time\" content=\"2025-10-01T20:22:31+00:00\" \/>\n<meta property=\"article:modified_time\" content=\"2025-10-01T21:36:25+00:00\" \/>\n<meta property=\"og:image\" content=\"http:\/\/folhapopular.info\/wp-content\/uploads\/2025\/10\/Projeto-da-UTI-do-Hospital-Ouro-Branco-sera-apresentado-ao-G8-na-terca-feira_Camille-Lenz-da-Silva.jpeg\" \/>\n\t<meta property=\"og:image:width\" content=\"696\" \/>\n\t<meta property=\"og:image:height\" content=\"522\" \/>\n\t<meta property=\"og:image:type\" content=\"image\/jpeg\" \/>\n<meta name=\"author\" content=\"Ariana de Oliveira\" \/>\n<meta name=\"twitter:card\" content=\"summary_large_image\" \/>\n<meta name=\"twitter:label1\" content=\"Escrito por\" \/>\n\t<meta name=\"twitter:data1\" content=\"Ariana de Oliveira\" \/>\n\t<meta name=\"twitter:label2\" content=\"Est. tempo de leitura\" \/>\n\t<meta name=\"twitter:data2\" content=\"3 minutos\" \/>\n<script type=\"application\/ld+json\" class=\"yoast-schema-graph\">{\"@context\":\"https:\\\/\\\/schema.org\",\"@graph\":[{\"@type\":\"Article\",\"@id\":\"https:\\\/\\\/folhapopular.info\\\/index.php\\\/2025\\\/10\\\/01\\\/saida-de-anestesistas-do-hob-foi-comunicada-com-antecedencia-diz-equipe\\\/#article\",\"isPartOf\":{\"@id\":\"https:\\\/\\\/folhapopular.info\\\/index.php\\\/2025\\\/10\\\/01\\\/saida-de-anestesistas-do-hob-foi-comunicada-com-antecedencia-diz-equipe\\\/\"},\"author\":{\"name\":\"Ariana de Oliveira\",\"@id\":\"https:\\\/\\\/folhapopular.info\\\/#\\\/schema\\\/person\\\/e80d332e33633a6164933af03d7ee1b2\"},\"headline\":\"Sa\u00edda de anestesistas do HOB foi comunicada com anteced\u00eancia, diz equipe\",\"datePublished\":\"2025-10-01T20:22:31+00:00\",\"dateModified\":\"2025-10-01T21:36:25+00:00\",\"mainEntityOfPage\":{\"@id\":\"https:\\\/\\\/folhapopular.info\\\/index.php\\\/2025\\\/10\\\/01\\\/saida-de-anestesistas-do-hob-foi-comunicada-com-antecedencia-diz-equipe\\\/\"},\"wordCount\":481,\"commentCount\":0,\"image\":{\"@id\":\"https:\\\/\\\/folhapopular.info\\\/index.php\\\/2025\\\/10\\\/01\\\/saida-de-anestesistas-do-hob-foi-comunicada-com-antecedencia-diz-equipe\\\/#primaryimage\"},\"thumbnailUrl\":\"https:\\\/\\\/folhapopular.info\\\/wp-content\\\/uploads\\\/2025\\\/10\\\/Projeto-da-UTI-do-Hospital-Ouro-Branco-sera-apresentado-ao-G8-na-terca-feira_Camille-Lenz-da-Silva.jpeg\",\"keywords\":[\"anestesistas\",\"demiss\u00e3o\",\"HOB\",\"Hospital Ouro Branco\",\"m\u00e9dicos\"],\"articleSection\":[\"Destaques\",\"Geral\",\"Sa\u00fade\"],\"inLanguage\":\"pt-BR\",\"potentialAction\":[{\"@type\":\"CommentAction\",\"name\":\"Comment\",\"target\":[\"https:\\\/\\\/folhapopular.info\\\/index.php\\\/2025\\\/10\\\/01\\\/saida-de-anestesistas-do-hob-foi-comunicada-com-antecedencia-diz-equipe\\\/#respond\"]}]},{\"@type\":\"WebPage\",\"@id\":\"https:\\\/\\\/folhapopular.info\\\/index.php\\\/2025\\\/10\\\/01\\\/saida-de-anestesistas-do-hob-foi-comunicada-com-antecedencia-diz-equipe\\\/\",\"url\":\"https:\\\/\\\/folhapopular.info\\\/index.php\\\/2025\\\/10\\\/01\\\/saida-de-anestesistas-do-hob-foi-comunicada-com-antecedencia-diz-equipe\\\/\",\"name\":\"Sa\u00edda de anestesistas do HOB foi comunicada com anteced\u00eancia, diz equipe - Folha Popular\",\"isPartOf\":{\"@id\":\"https:\\\/\\\/folhapopular.info\\\/#website\"},\"primaryImageOfPage\":{\"@id\":\"https:\\\/\\\/folhapopular.info\\\/index.php\\\/2025\\\/10\\\/01\\\/saida-de-anestesistas-do-hob-foi-comunicada-com-antecedencia-diz-equipe\\\/#primaryimage\"},\"image\":{\"@id\":\"https:\\\/\\\/folhapopular.info\\\/index.php\\\/2025\\\/10\\\/01\\\/saida-de-anestesistas-do-hob-foi-comunicada-com-antecedencia-diz-equipe\\\/#primaryimage\"},\"thumbnailUrl\":\"https:\\\/\\\/folhapopular.info\\\/wp-content\\\/uploads\\\/2025\\\/10\\\/Projeto-da-UTI-do-Hospital-Ouro-Branco-sera-apresentado-ao-G8-na-terca-feira_Camille-Lenz-da-Silva.jpeg\",\"datePublished\":\"2025-10-01T20:22:31+00:00\",\"dateModified\":\"2025-10-01T21:36:25+00:00\",\"author\":{\"@id\":\"https:\\\/\\\/folhapopular.info\\\/#\\\/schema\\\/person\\\/e80d332e33633a6164933af03d7ee1b2\"},\"breadcrumb\":{\"@id\":\"https:\\\/\\\/folhapopular.info\\\/index.php\\\/2025\\\/10\\\/01\\\/saida-de-anestesistas-do-hob-foi-comunicada-com-antecedencia-diz-equipe\\\/#breadcrumb\"},\"inLanguage\":\"pt-BR\",\"potentialAction\":[{\"@type\":\"ReadAction\",\"target\":[\"https:\\\/\\\/folhapopular.info\\\/index.php\\\/2025\\\/10\\\/01\\\/saida-de-anestesistas-do-hob-foi-comunicada-com-antecedencia-diz-equipe\\\/\"]}]},{\"@type\":\"ImageObject\",\"inLanguage\":\"pt-BR\",\"@id\":\"https:\\\/\\\/folhapopular.info\\\/index.php\\\/2025\\\/10\\\/01\\\/saida-de-anestesistas-do-hob-foi-comunicada-com-antecedencia-diz-equipe\\\/#primaryimage\",\"url\":\"https:\\\/\\\/folhapopular.info\\\/wp-content\\\/uploads\\\/2025\\\/10\\\/Projeto-da-UTI-do-Hospital-Ouro-Branco-sera-apresentado-ao-G8-na-terca-feira_Camille-Lenz-da-Silva.jpeg\",\"contentUrl\":\"https:\\\/\\\/folhapopular.info\\\/wp-content\\\/uploads\\\/2025\\\/10\\\/Projeto-da-UTI-do-Hospital-Ouro-Branco-sera-apresentado-ao-G8-na-terca-feira_Camille-Lenz-da-Silva.jpeg\",\"width\":696,\"height\":522,\"caption\":\"Cr\u00e9dito: Camile Lenz da Silva\"},{\"@type\":\"BreadcrumbList\",\"@id\":\"https:\\\/\\\/folhapopular.info\\\/index.php\\\/2025\\\/10\\\/01\\\/saida-de-anestesistas-do-hob-foi-comunicada-com-antecedencia-diz-equipe\\\/#breadcrumb\",\"itemListElement\":[{\"@type\":\"ListItem\",\"position\":1,\"name\":\"In\u00edcio\",\"item\":\"https:\\\/\\\/folhapopular.info\\\/\"},{\"@type\":\"ListItem\",\"position\":2,\"name\":\"Sa\u00edda de anestesistas do HOB foi comunicada com anteced\u00eancia, diz equipe\"}]},{\"@type\":\"WebSite\",\"@id\":\"https:\\\/\\\/folhapopular.info\\\/#website\",\"url\":\"https:\\\/\\\/folhapopular.info\\\/\",\"name\":\"Folha Popular\",\"description\":\"Onde voc\u00ea tem vez e voz\",\"potentialAction\":[{\"@type\":\"SearchAction\",\"target\":{\"@type\":\"EntryPoint\",\"urlTemplate\":\"https:\\\/\\\/folhapopular.info\\\/?s={search_term_string}\"},\"query-input\":{\"@type\":\"PropertyValueSpecification\",\"valueRequired\":true,\"valueName\":\"search_term_string\"}}],\"inLanguage\":\"pt-BR\"},{\"@type\":\"Person\",\"@id\":\"https:\\\/\\\/folhapopular.info\\\/#\\\/schema\\\/person\\\/e80d332e33633a6164933af03d7ee1b2\",\"name\":\"Ariana de Oliveira\",\"image\":{\"@type\":\"ImageObject\",\"inLanguage\":\"pt-BR\",\"@id\":\"https:\\\/\\\/secure.gravatar.com\\\/avatar\\\/f41f85ba276460e0a04f6d5aca07e53f273efeee7e662d9ef431432a18216f59?s=96&d=mm&r=g\",\"url\":\"https:\\\/\\\/secure.gravatar.com\\\/avatar\\\/f41f85ba276460e0a04f6d5aca07e53f273efeee7e662d9ef431432a18216f59?s=96&d=mm&r=g\",\"contentUrl\":\"https:\\\/\\\/secure.gravatar.com\\\/avatar\\\/f41f85ba276460e0a04f6d5aca07e53f273efeee7e662d9ef431432a18216f59?s=96&d=mm&r=g\",\"caption\":\"Ariana de Oliveira\"},\"url\":\"https:\\\/\\\/folhapopular.info\\\/index.php\\\/author\\\/ariana-deoliveiragmail-com\\\/\"}]}<\/script>\n<!-- \/ Yoast SEO plugin. -->","yoast_head_json":{"title":"Sa\u00edda de anestesistas do HOB foi comunicada com anteced\u00eancia, diz equipe - Folha Popular","robots":{"index":"index","follow":"follow","max-snippet":"max-snippet:-1","max-image-preview":"max-image-preview:large","max-video-preview":"max-video-preview:-1"},"canonical":"https:\/\/folhapopular.info\/index.php\/2025\/10\/01\/saida-de-anestesistas-do-hob-foi-comunicada-com-antecedencia-diz-equipe\/","og_locale":"pt_BR","og_type":"article","og_title":"Sa\u00edda de anestesistas do HOB foi comunicada com anteced\u00eancia, diz equipe - Folha Popular","og_description":"Em entrevista exclusiva \u00e0 Folha Popular, a equipe de anestesistas do Hospital Ouro Branco (HOB), que pediu desligamento no fim de setembro, esclareceu os motivos da sa\u00edda e contestou a vers\u00e3o da casa de sa\u00fade de que teria ocorrido uma \u201cdemiss\u00e3o s\u00fabita\u201d. No fim da tarde desta ter\u00e7a-feira (30\/9), em uma nota \u00e0 imprensa o [&hellip;]","og_url":"https:\/\/folhapopular.info\/index.php\/2025\/10\/01\/saida-de-anestesistas-do-hob-foi-comunicada-com-antecedencia-diz-equipe\/","og_site_name":"Folha Popular","article_published_time":"2025-10-01T20:22:31+00:00","article_modified_time":"2025-10-01T21:36:25+00:00","og_image":[{"width":696,"height":522,"url":"http:\/\/folhapopular.info\/wp-content\/uploads\/2025\/10\/Projeto-da-UTI-do-Hospital-Ouro-Branco-sera-apresentado-ao-G8-na-terca-feira_Camille-Lenz-da-Silva.jpeg","type":"image\/jpeg"}],"author":"Ariana de Oliveira","twitter_card":"summary_large_image","twitter_misc":{"Escrito por":"Ariana de Oliveira","Est. tempo de leitura":"3 minutos"},"schema":{"@context":"https:\/\/schema.org","@graph":[{"@type":"Article","@id":"https:\/\/folhapopular.info\/index.php\/2025\/10\/01\/saida-de-anestesistas-do-hob-foi-comunicada-com-antecedencia-diz-equipe\/#article","isPartOf":{"@id":"https:\/\/folhapopular.info\/index.php\/2025\/10\/01\/saida-de-anestesistas-do-hob-foi-comunicada-com-antecedencia-diz-equipe\/"},"author":{"name":"Ariana de Oliveira","@id":"https:\/\/folhapopular.info\/#\/schema\/person\/e80d332e33633a6164933af03d7ee1b2"},"headline":"Sa\u00edda de anestesistas do HOB foi comunicada com anteced\u00eancia, diz equipe","datePublished":"2025-10-01T20:22:31+00:00","dateModified":"2025-10-01T21:36:25+00:00","mainEntityOfPage":{"@id":"https:\/\/folhapopular.info\/index.php\/2025\/10\/01\/saida-de-anestesistas-do-hob-foi-comunicada-com-antecedencia-diz-equipe\/"},"wordCount":481,"commentCount":0,"image":{"@id":"https:\/\/folhapopular.info\/index.php\/2025\/10\/01\/saida-de-anestesistas-do-hob-foi-comunicada-com-antecedencia-diz-equipe\/#primaryimage"},"thumbnailUrl":"https:\/\/folhapopular.info\/wp-content\/uploads\/2025\/10\/Projeto-da-UTI-do-Hospital-Ouro-Branco-sera-apresentado-ao-G8-na-terca-feira_Camille-Lenz-da-Silva.jpeg","keywords":["anestesistas","demiss\u00e3o","HOB","Hospital Ouro Branco","m\u00e9dicos"],"articleSection":["Destaques","Geral","Sa\u00fade"],"inLanguage":"pt-BR","potentialAction":[{"@type":"CommentAction","name":"Comment","target":["https:\/\/folhapopular.info\/index.php\/2025\/10\/01\/saida-de-anestesistas-do-hob-foi-comunicada-com-antecedencia-diz-equipe\/#respond"]}]},{"@type":"WebPage","@id":"https:\/\/folhapopular.info\/index.php\/2025\/10\/01\/saida-de-anestesistas-do-hob-foi-comunicada-com-antecedencia-diz-equipe\/","url":"https:\/\/folhapopular.info\/index.php\/2025\/10\/01\/saida-de-anestesistas-do-hob-foi-comunicada-com-antecedencia-diz-equipe\/","name":"Sa\u00edda de anestesistas do HOB foi comunicada com anteced\u00eancia, diz equipe - Folha Popular","isPartOf":{"@id":"https:\/\/folhapopular.info\/#website"},"primaryImageOfPage":{"@id":"https:\/\/folhapopular.info\/index.php\/2025\/10\/01\/saida-de-anestesistas-do-hob-foi-comunicada-com-antecedencia-diz-equipe\/#primaryimage"},"image":{"@id":"https:\/\/folhapopular.info\/index.php\/2025\/10\/01\/saida-de-anestesistas-do-hob-foi-comunicada-com-antecedencia-diz-equipe\/#primaryimage"},"thumbnailUrl":"https:\/\/folhapopular.info\/wp-content\/uploads\/2025\/10\/Projeto-da-UTI-do-Hospital-Ouro-Branco-sera-apresentado-ao-G8-na-terca-feira_Camille-Lenz-da-Silva.jpeg","datePublished":"2025-10-01T20:22:31+00:00","dateModified":"2025-10-01T21:36:25+00:00","author":{"@id":"https:\/\/folhapopular.info\/#\/schema\/person\/e80d332e33633a6164933af03d7ee1b2"},"breadcrumb":{"@id":"https:\/\/folhapopular.info\/index.php\/2025\/10\/01\/saida-de-anestesistas-do-hob-foi-comunicada-com-antecedencia-diz-equipe\/#breadcrumb"},"inLanguage":"pt-BR","potentialAction":[{"@type":"ReadAction","target":["https:\/\/folhapopular.info\/index.php\/2025\/10\/01\/saida-de-anestesistas-do-hob-foi-comunicada-com-antecedencia-diz-equipe\/"]}]},{"@type":"ImageObject","inLanguage":"pt-BR","@id":"https:\/\/folhapopular.info\/index.php\/2025\/10\/01\/saida-de-anestesistas-do-hob-foi-comunicada-com-antecedencia-diz-equipe\/#primaryimage","url":"https:\/\/folhapopular.info\/wp-content\/uploads\/2025\/10\/Projeto-da-UTI-do-Hospital-Ouro-Branco-sera-apresentado-ao-G8-na-terca-feira_Camille-Lenz-da-Silva.jpeg","contentUrl":"https:\/\/folhapopular.info\/wp-content\/uploads\/2025\/10\/Projeto-da-UTI-do-Hospital-Ouro-Branco-sera-apresentado-ao-G8-na-terca-feira_Camille-Lenz-da-Silva.jpeg","width":696,"height":522,"caption":"Cr\u00e9dito: Camile Lenz da Silva"},{"@type":"BreadcrumbList","@id":"https:\/\/folhapopular.info\/index.php\/2025\/10\/01\/saida-de-anestesistas-do-hob-foi-comunicada-com-antecedencia-diz-equipe\/#breadcrumb","itemListElement":[{"@type":"ListItem","position":1,"name":"In\u00edcio","item":"https:\/\/folhapopular.info\/"},{"@type":"ListItem","position":2,"name":"Sa\u00edda de anestesistas do HOB foi comunicada com anteced\u00eancia, diz equipe"}]},{"@type":"WebSite","@id":"https:\/\/folhapopular.info\/#website","url":"https:\/\/folhapopular.info\/","name":"Folha Popular","description":"Onde voc\u00ea tem vez e voz","potentialAction":[{"@type":"SearchAction","target":{"@type":"EntryPoint","urlTemplate":"https:\/\/folhapopular.info\/?s={search_term_string}"},"query-input":{"@type":"PropertyValueSpecification","valueRequired":true,"valueName":"search_term_string"}}],"inLanguage":"pt-BR"},{"@type":"Person","@id":"https:\/\/folhapopular.info\/#\/schema\/person\/e80d332e33633a6164933af03d7ee1b2","name":"Ariana de Oliveira","image":{"@type":"ImageObject","inLanguage":"pt-BR","@id":"https:\/\/secure.gravatar.com\/avatar\/f41f85ba276460e0a04f6d5aca07e53f273efeee7e662d9ef431432a18216f59?s=96&d=mm&r=g","url":"https:\/\/secure.gravatar.com\/avatar\/f41f85ba276460e0a04f6d5aca07e53f273efeee7e662d9ef431432a18216f59?s=96&d=mm&r=g","contentUrl":"https:\/\/secure.gravatar.com\/avatar\/f41f85ba276460e0a04f6d5aca07e53f273efeee7e662d9ef431432a18216f59?s=96&d=mm&r=g","caption":"Ariana de Oliveira"},"url":"https:\/\/folhapopular.info\/index.php\/author\/ariana-deoliveiragmail-com\/"}]}},"jetpack_featured_media_url":"https:\/\/folhapopular.info\/wp-content\/uploads\/2025\/10\/Projeto-da-UTI-do-Hospital-Ouro-Branco-sera-apresentado-ao-G8-na-terca-feira_Camille-Lenz-da-Silva.jpeg","jetpack_sharing_enabled":true,"amp_enabled":true,"_links":{"self":[{"href":"https:\/\/folhapopular.info\/index.php\/wp-json\/wp\/v2\/posts\/195304","targetHints":{"allow":["GET"]}}],"collection":[{"href":"https:\/\/folhapopular.info\/index.php\/wp-json\/wp\/v2\/posts"}],"about":[{"href":"https:\/\/folhapopular.info\/index.php\/wp-json\/wp\/v2\/types\/post"}],"author":[{"embeddable":true,"href":"https:\/\/folhapopular.info\/index.php\/wp-json\/wp\/v2\/users\/707"}],"replies":[{"embeddable":true,"href":"https:\/\/folhapopular.info\/index.php\/wp-json\/wp\/v2\/comments?post=195304"}],"version-history":[{"count":0,"href":"https:\/\/folhapopular.info\/index.php\/wp-json\/wp\/v2\/posts\/195304\/revisions"}],"wp:featuredmedia":[{"embeddable":true,"href":"https:\/\/folhapopular.info\/index.php\/wp-json\/wp\/v2\/media\/195305"}],"wp:attachment":[{"href":"https:\/\/folhapopular.info\/index.php\/wp-json\/wp\/v2\/media?parent=195304"}],"wp:term":[{"taxonomy":"category","embeddable":true,"href":"https:\/\/folhapopular.info\/index.php\/wp-json\/wp\/v2\/categories?post=195304"},{"taxonomy":"post_tag","embeddable":true,"href":"https:\/\/folhapopular.info\/index.php\/wp-json\/wp\/v2\/tags?post=195304"}],"curies":[{"name":"wp","href":"https:\/\/api.w.org\/{rel}","templated":true}]}}