{"id":195389,"date":"2025-10-03T11:15:24","date_gmt":"2025-10-03T14:15:24","guid":{"rendered":"https:\/\/folhapopular.info\/?p=195389"},"modified":"2025-10-03T11:15:28","modified_gmt":"2025-10-03T14:15:28","slug":"brigada-militar-impede-furto-de-pecas-automotivas-e-prende-suspeito-no-centro-de-lajeado","status":"publish","type":"post","link":"https:\/\/folhapopular.info\/index.php\/2025\/10\/03\/brigada-militar-impede-furto-de-pecas-automotivas-e-prende-suspeito-no-centro-de-lajeado\/","title":{"rendered":"Brigada Militar impede furto de pe\u00e7as automotivas e prende suspeito no Centro de Lajeado"},"content":{"rendered":"\n<p>A Brigada Militar de Lajeado prendeu na manh\u00e3 desta sexta-feira (3\/10) um homem de 35 anos, suspeito de furto qualificado no Centro da cidade.<\/p>\n\n\n\n<p>Durante patrulhamento, os policiais receberam informa\u00e7\u00f5es sobre um indiv\u00edduo que empurrava um carrinho de supermercado contendo diversas pe\u00e7as automotivas em situa\u00e7\u00e3o suspeita. A guarni\u00e7\u00e3o agiu rapidamente e realizou a abordagem, constatando que o homem n\u00e3o possu\u00eda nota fiscal ou qualquer comprova\u00e7\u00e3o da origem dos itens.<\/p>\n\n\n\n<p>Em buscas posteriores, foram localizados ve\u00edculos arrombados nas imedia\u00e7\u00f5es, compat\u00edveis com as pe\u00e7as apreendidas. Conforme o propriet\u00e1rio dos autom\u00f3veis, o preju\u00edzo ultrapassa R$ 4 mil.<\/p>\n\n\n\n<p>O suspeito ainda tentou resistir \u00e0 pris\u00e3o, sendo necess\u00e1rio o uso de t\u00e9cnicas de conten\u00e7\u00e3o para garantir a seguran\u00e7a dos policiais e da comunidade. Ele foi conduzido \u00e0 Delegacia de Pol\u00edcia de Pronto Atendimento (DPPA), onde foi lavrado o auto de pris\u00e3o em flagrante.<\/p>\n\n\n\n<p><\/p>\n","protected":false},"excerpt":{"rendered":"<p>A Brigada Militar de Lajeado prendeu na manh\u00e3 desta sexta-feira (3\/10) um homem de 35 anos, suspeito de furto qualificado no Centro da cidade. Durante patrulhamento, os policiais receberam informa\u00e7\u00f5es sobre um indiv\u00edduo que empurrava um carrinho de supermercado contendo diversas pe\u00e7as automotivas em situa\u00e7\u00e3o suspeita. A guarni\u00e7\u00e3o agiu rapidamente e realizou a abordagem, constatando [&hellip;]<\/p>\n","protected":false},"author":8,"featured_media":195392,"comment_status":"open","ping_status":"open","sticky":false,"template":"","format":"standard","meta":{"pmpro_default_level":"","_jetpack_memberships_contains_paid_content":false,"footnotes":""},"categories":[10982,7],"tags":[71,19621,107],"class_list":{"0":"post-195389","1":"post","2":"type-post","3":"status-publish","4":"format-standard","5":"has-post-thumbnail","7":"category-policia","8":"category-seguranca","9":"tag-furto","10":"tag-pecas-automotivas","11":"tag-prisao","12":"pmpro-has-access"},"yoast_head":"<!-- This site is optimized with the Yoast SEO plugin v27.5 - https:\/\/yoast.com\/product\/yoast-seo-wordpress\/ -->\n<title>Brigada Militar impede furto de pe\u00e7as automotivas e prende suspeito no Centro de Lajeado - Folha Popular<\/title>\n<meta name=\"robots\" content=\"index, follow, max-snippet:-1, max-image-preview:large, max-video-preview:-1\" \/>\n<link rel=\"canonical\" href=\"https:\/\/folhapopular.info\/index.php\/2025\/10\/03\/brigada-militar-impede-furto-de-pecas-automotivas-e-prende-suspeito-no-centro-de-lajeado\/\" \/>\n<meta property=\"og:locale\" content=\"pt_BR\" \/>\n<meta property=\"og:type\" content=\"article\" \/>\n<meta property=\"og:title\" content=\"Brigada Militar impede furto de pe\u00e7as automotivas e prende suspeito no Centro de Lajeado - Folha Popular\" \/>\n<meta property=\"og:description\" content=\"A Brigada Militar de Lajeado prendeu na manh\u00e3 desta sexta-feira (3\/10) um homem de 35 anos, suspeito de furto qualificado no Centro da cidade. Durante patrulhamento, os policiais receberam informa\u00e7\u00f5es sobre um indiv\u00edduo que empurrava um carrinho de supermercado contendo diversas pe\u00e7as automotivas em situa\u00e7\u00e3o suspeita. A guarni\u00e7\u00e3o agiu rapidamente e realizou a abordagem, constatando [&hellip;]\" \/>\n<meta property=\"og:url\" content=\"https:\/\/folhapopular.info\/index.php\/2025\/10\/03\/brigada-militar-impede-furto-de-pecas-automotivas-e-prende-suspeito-no-centro-de-lajeado\/\" \/>\n<meta property=\"og:site_name\" content=\"Folha Popular\" \/>\n<meta property=\"article:published_time\" content=\"2025-10-03T14:15:24+00:00\" \/>\n<meta property=\"article:modified_time\" content=\"2025-10-03T14:15:28+00:00\" \/>\n<meta property=\"og:image\" content=\"http:\/\/folhapopular.info\/wp-content\/uploads\/2025\/10\/c48baa4f-448a-4ff3-9f06-26d4aeb0e7b9.jpeg\" \/>\n\t<meta property=\"og:image:width\" content=\"1200\" \/>\n\t<meta property=\"og:image:height\" content=\"1600\" \/>\n\t<meta property=\"og:image:type\" content=\"image\/jpeg\" \/>\n<meta name=\"author\" content=\"Reda\u00e7\u00e3o Folha Popular\" \/>\n<meta name=\"twitter:card\" content=\"summary_large_image\" \/>\n<meta name=\"twitter:label1\" content=\"Escrito por\" \/>\n\t<meta name=\"twitter:data1\" content=\"Reda\u00e7\u00e3o Folha Popular\" \/>\n\t<meta name=\"twitter:label2\" content=\"Est. tempo de leitura\" \/>\n\t<meta name=\"twitter:data2\" content=\"1 minuto\" \/>\n<script type=\"application\/ld+json\" class=\"yoast-schema-graph\">{\"@context\":\"https:\\\/\\\/schema.org\",\"@graph\":[{\"@type\":\"Article\",\"@id\":\"https:\\\/\\\/folhapopular.info\\\/index.php\\\/2025\\\/10\\\/03\\\/brigada-militar-impede-furto-de-pecas-automotivas-e-prende-suspeito-no-centro-de-lajeado\\\/#article\",\"isPartOf\":{\"@id\":\"https:\\\/\\\/folhapopular.info\\\/index.php\\\/2025\\\/10\\\/03\\\/brigada-militar-impede-furto-de-pecas-automotivas-e-prende-suspeito-no-centro-de-lajeado\\\/\"},\"author\":{\"name\":\"Reda\u00e7\u00e3o Folha Popular\",\"@id\":\"https:\\\/\\\/folhapopular.info\\\/#\\\/schema\\\/person\\\/2814e8a0df7643585a9ca38bc6eb9d4b\"},\"headline\":\"Brigada Militar impede furto de pe\u00e7as automotivas e prende suspeito no Centro de Lajeado\",\"datePublished\":\"2025-10-03T14:15:24+00:00\",\"dateModified\":\"2025-10-03T14:15:28+00:00\",\"mainEntityOfPage\":{\"@id\":\"https:\\\/\\\/folhapopular.info\\\/index.php\\\/2025\\\/10\\\/03\\\/brigada-militar-impede-furto-de-pecas-automotivas-e-prende-suspeito-no-centro-de-lajeado\\\/\"},\"wordCount\":170,\"commentCount\":0,\"image\":{\"@id\":\"https:\\\/\\\/folhapopular.info\\\/index.php\\\/2025\\\/10\\\/03\\\/brigada-militar-impede-furto-de-pecas-automotivas-e-prende-suspeito-no-centro-de-lajeado\\\/#primaryimage\"},\"thumbnailUrl\":\"https:\\\/\\\/folhapopular.info\\\/wp-content\\\/uploads\\\/2025\\\/10\\\/c48baa4f-448a-4ff3-9f06-26d4aeb0e7b9.jpeg\",\"keywords\":[\"furto\",\"pe\u00e7as automotivas\",\"Pris\u00e3o\"],\"articleSection\":[\"Pol\u00edcia\",\"Seguran\u00e7a\"],\"inLanguage\":\"pt-BR\",\"potentialAction\":[{\"@type\":\"CommentAction\",\"name\":\"Comment\",\"target\":[\"https:\\\/\\\/folhapopular.info\\\/index.php\\\/2025\\\/10\\\/03\\\/brigada-militar-impede-furto-de-pecas-automotivas-e-prende-suspeito-no-centro-de-lajeado\\\/#respond\"]}]},{\"@type\":\"WebPage\",\"@id\":\"https:\\\/\\\/folhapopular.info\\\/index.php\\\/2025\\\/10\\\/03\\\/brigada-militar-impede-furto-de-pecas-automotivas-e-prende-suspeito-no-centro-de-lajeado\\\/\",\"url\":\"https:\\\/\\\/folhapopular.info\\\/index.php\\\/2025\\\/10\\\/03\\\/brigada-militar-impede-furto-de-pecas-automotivas-e-prende-suspeito-no-centro-de-lajeado\\\/\",\"name\":\"Brigada Militar impede furto de pe\u00e7as automotivas e prende suspeito no Centro de Lajeado - Folha Popular\",\"isPartOf\":{\"@id\":\"https:\\\/\\\/folhapopular.info\\\/#website\"},\"primaryImageOfPage\":{\"@id\":\"https:\\\/\\\/folhapopular.info\\\/index.php\\\/2025\\\/10\\\/03\\\/brigada-militar-impede-furto-de-pecas-automotivas-e-prende-suspeito-no-centro-de-lajeado\\\/#primaryimage\"},\"image\":{\"@id\":\"https:\\\/\\\/folhapopular.info\\\/index.php\\\/2025\\\/10\\\/03\\\/brigada-militar-impede-furto-de-pecas-automotivas-e-prende-suspeito-no-centro-de-lajeado\\\/#primaryimage\"},\"thumbnailUrl\":\"https:\\\/\\\/folhapopular.info\\\/wp-content\\\/uploads\\\/2025\\\/10\\\/c48baa4f-448a-4ff3-9f06-26d4aeb0e7b9.jpeg\",\"datePublished\":\"2025-10-03T14:15:24+00:00\",\"dateModified\":\"2025-10-03T14:15:28+00:00\",\"author\":{\"@id\":\"https:\\\/\\\/folhapopular.info\\\/#\\\/schema\\\/person\\\/2814e8a0df7643585a9ca38bc6eb9d4b\"},\"breadcrumb\":{\"@id\":\"https:\\\/\\\/folhapopular.info\\\/index.php\\\/2025\\\/10\\\/03\\\/brigada-militar-impede-furto-de-pecas-automotivas-e-prende-suspeito-no-centro-de-lajeado\\\/#breadcrumb\"},\"inLanguage\":\"pt-BR\",\"potentialAction\":[{\"@type\":\"ReadAction\",\"target\":[\"https:\\\/\\\/folhapopular.info\\\/index.php\\\/2025\\\/10\\\/03\\\/brigada-militar-impede-furto-de-pecas-automotivas-e-prende-suspeito-no-centro-de-lajeado\\\/\"]}]},{\"@type\":\"ImageObject\",\"inLanguage\":\"pt-BR\",\"@id\":\"https:\\\/\\\/folhapopular.info\\\/index.php\\\/2025\\\/10\\\/03\\\/brigada-militar-impede-furto-de-pecas-automotivas-e-prende-suspeito-no-centro-de-lajeado\\\/#primaryimage\",\"url\":\"https:\\\/\\\/folhapopular.info\\\/wp-content\\\/uploads\\\/2025\\\/10\\\/c48baa4f-448a-4ff3-9f06-26d4aeb0e7b9.jpeg\",\"contentUrl\":\"https:\\\/\\\/folhapopular.info\\\/wp-content\\\/uploads\\\/2025\\\/10\\\/c48baa4f-448a-4ff3-9f06-26d4aeb0e7b9.jpeg\",\"width\":1200,\"height\":1600},{\"@type\":\"BreadcrumbList\",\"@id\":\"https:\\\/\\\/folhapopular.info\\\/index.php\\\/2025\\\/10\\\/03\\\/brigada-militar-impede-furto-de-pecas-automotivas-e-prende-suspeito-no-centro-de-lajeado\\\/#breadcrumb\",\"itemListElement\":[{\"@type\":\"ListItem\",\"position\":1,\"name\":\"In\u00edcio\",\"item\":\"https:\\\/\\\/folhapopular.info\\\/\"},{\"@type\":\"ListItem\",\"position\":2,\"name\":\"Brigada Militar impede furto de pe\u00e7as automotivas e prende suspeito no Centro de Lajeado\"}]},{\"@type\":\"WebSite\",\"@id\":\"https:\\\/\\\/folhapopular.info\\\/#website\",\"url\":\"https:\\\/\\\/folhapopular.info\\\/\",\"name\":\"Folha Popular\",\"description\":\"Onde voc\u00ea tem vez e voz\",\"potentialAction\":[{\"@type\":\"SearchAction\",\"target\":{\"@type\":\"EntryPoint\",\"urlTemplate\":\"https:\\\/\\\/folhapopular.info\\\/?s={search_term_string}\"},\"query-input\":{\"@type\":\"PropertyValueSpecification\",\"valueRequired\":true,\"valueName\":\"search_term_string\"}}],\"inLanguage\":\"pt-BR\"},{\"@type\":\"Person\",\"@id\":\"https:\\\/\\\/folhapopular.info\\\/#\\\/schema\\\/person\\\/2814e8a0df7643585a9ca38bc6eb9d4b\",\"name\":\"Reda\u00e7\u00e3o Folha Popular\",\"image\":{\"@type\":\"ImageObject\",\"inLanguage\":\"pt-BR\",\"@id\":\"https:\\\/\\\/folhapopular.info\\\/wp-content\\\/uploads\\\/2026\\\/04\\\/Folha-1.webp\",\"url\":\"https:\\\/\\\/folhapopular.info\\\/wp-content\\\/uploads\\\/2026\\\/04\\\/Folha-1.webp\",\"contentUrl\":\"https:\\\/\\\/folhapopular.info\\\/wp-content\\\/uploads\\\/2026\\\/04\\\/Folha-1.webp\",\"caption\":\"Reda\u00e7\u00e3o Folha Popular\"},\"url\":\"https:\\\/\\\/folhapopular.info\\\/index.php\\\/author\\\/redacao\\\/\"}]}<\/script>\n<!-- \/ Yoast SEO plugin. -->","yoast_head_json":{"title":"Brigada Militar impede furto de pe\u00e7as automotivas e prende suspeito no Centro de Lajeado - Folha Popular","robots":{"index":"index","follow":"follow","max-snippet":"max-snippet:-1","max-image-preview":"max-image-preview:large","max-video-preview":"max-video-preview:-1"},"canonical":"https:\/\/folhapopular.info\/index.php\/2025\/10\/03\/brigada-militar-impede-furto-de-pecas-automotivas-e-prende-suspeito-no-centro-de-lajeado\/","og_locale":"pt_BR","og_type":"article","og_title":"Brigada Militar impede furto de pe\u00e7as automotivas e prende suspeito no Centro de Lajeado - Folha Popular","og_description":"A Brigada Militar de Lajeado prendeu na manh\u00e3 desta sexta-feira (3\/10) um homem de 35 anos, suspeito de furto qualificado no Centro da cidade. Durante patrulhamento, os policiais receberam informa\u00e7\u00f5es sobre um indiv\u00edduo que empurrava um carrinho de supermercado contendo diversas pe\u00e7as automotivas em situa\u00e7\u00e3o suspeita. A guarni\u00e7\u00e3o agiu rapidamente e realizou a abordagem, constatando [&hellip;]","og_url":"https:\/\/folhapopular.info\/index.php\/2025\/10\/03\/brigada-militar-impede-furto-de-pecas-automotivas-e-prende-suspeito-no-centro-de-lajeado\/","og_site_name":"Folha Popular","article_published_time":"2025-10-03T14:15:24+00:00","article_modified_time":"2025-10-03T14:15:28+00:00","og_image":[{"width":1200,"height":1600,"url":"http:\/\/folhapopular.info\/wp-content\/uploads\/2025\/10\/c48baa4f-448a-4ff3-9f06-26d4aeb0e7b9.jpeg","type":"image\/jpeg"}],"author":"Reda\u00e7\u00e3o Folha Popular","twitter_card":"summary_large_image","twitter_misc":{"Escrito por":"Reda\u00e7\u00e3o Folha Popular","Est. tempo de leitura":"1 minuto"},"schema":{"@context":"https:\/\/schema.org","@graph":[{"@type":"Article","@id":"https:\/\/folhapopular.info\/index.php\/2025\/10\/03\/brigada-militar-impede-furto-de-pecas-automotivas-e-prende-suspeito-no-centro-de-lajeado\/#article","isPartOf":{"@id":"https:\/\/folhapopular.info\/index.php\/2025\/10\/03\/brigada-militar-impede-furto-de-pecas-automotivas-e-prende-suspeito-no-centro-de-lajeado\/"},"author":{"name":"Reda\u00e7\u00e3o Folha Popular","@id":"https:\/\/folhapopular.info\/#\/schema\/person\/2814e8a0df7643585a9ca38bc6eb9d4b"},"headline":"Brigada Militar impede furto de pe\u00e7as automotivas e prende suspeito no Centro de Lajeado","datePublished":"2025-10-03T14:15:24+00:00","dateModified":"2025-10-03T14:15:28+00:00","mainEntityOfPage":{"@id":"https:\/\/folhapopular.info\/index.php\/2025\/10\/03\/brigada-militar-impede-furto-de-pecas-automotivas-e-prende-suspeito-no-centro-de-lajeado\/"},"wordCount":170,"commentCount":0,"image":{"@id":"https:\/\/folhapopular.info\/index.php\/2025\/10\/03\/brigada-militar-impede-furto-de-pecas-automotivas-e-prende-suspeito-no-centro-de-lajeado\/#primaryimage"},"thumbnailUrl":"https:\/\/folhapopular.info\/wp-content\/uploads\/2025\/10\/c48baa4f-448a-4ff3-9f06-26d4aeb0e7b9.jpeg","keywords":["furto","pe\u00e7as automotivas","Pris\u00e3o"],"articleSection":["Pol\u00edcia","Seguran\u00e7a"],"inLanguage":"pt-BR","potentialAction":[{"@type":"CommentAction","name":"Comment","target":["https:\/\/folhapopular.info\/index.php\/2025\/10\/03\/brigada-militar-impede-furto-de-pecas-automotivas-e-prende-suspeito-no-centro-de-lajeado\/#respond"]}]},{"@type":"WebPage","@id":"https:\/\/folhapopular.info\/index.php\/2025\/10\/03\/brigada-militar-impede-furto-de-pecas-automotivas-e-prende-suspeito-no-centro-de-lajeado\/","url":"https:\/\/folhapopular.info\/index.php\/2025\/10\/03\/brigada-militar-impede-furto-de-pecas-automotivas-e-prende-suspeito-no-centro-de-lajeado\/","name":"Brigada Militar impede furto de pe\u00e7as automotivas e prende suspeito no Centro de Lajeado - Folha Popular","isPartOf":{"@id":"https:\/\/folhapopular.info\/#website"},"primaryImageOfPage":{"@id":"https:\/\/folhapopular.info\/index.php\/2025\/10\/03\/brigada-militar-impede-furto-de-pecas-automotivas-e-prende-suspeito-no-centro-de-lajeado\/#primaryimage"},"image":{"@id":"https:\/\/folhapopular.info\/index.php\/2025\/10\/03\/brigada-militar-impede-furto-de-pecas-automotivas-e-prende-suspeito-no-centro-de-lajeado\/#primaryimage"},"thumbnailUrl":"https:\/\/folhapopular.info\/wp-content\/uploads\/2025\/10\/c48baa4f-448a-4ff3-9f06-26d4aeb0e7b9.jpeg","datePublished":"2025-10-03T14:15:24+00:00","dateModified":"2025-10-03T14:15:28+00:00","author":{"@id":"https:\/\/folhapopular.info\/#\/schema\/person\/2814e8a0df7643585a9ca38bc6eb9d4b"},"breadcrumb":{"@id":"https:\/\/folhapopular.info\/index.php\/2025\/10\/03\/brigada-militar-impede-furto-de-pecas-automotivas-e-prende-suspeito-no-centro-de-lajeado\/#breadcrumb"},"inLanguage":"pt-BR","potentialAction":[{"@type":"ReadAction","target":["https:\/\/folhapopular.info\/index.php\/2025\/10\/03\/brigada-militar-impede-furto-de-pecas-automotivas-e-prende-suspeito-no-centro-de-lajeado\/"]}]},{"@type":"ImageObject","inLanguage":"pt-BR","@id":"https:\/\/folhapopular.info\/index.php\/2025\/10\/03\/brigada-militar-impede-furto-de-pecas-automotivas-e-prende-suspeito-no-centro-de-lajeado\/#primaryimage","url":"https:\/\/folhapopular.info\/wp-content\/uploads\/2025\/10\/c48baa4f-448a-4ff3-9f06-26d4aeb0e7b9.jpeg","contentUrl":"https:\/\/folhapopular.info\/wp-content\/uploads\/2025\/10\/c48baa4f-448a-4ff3-9f06-26d4aeb0e7b9.jpeg","width":1200,"height":1600},{"@type":"BreadcrumbList","@id":"https:\/\/folhapopular.info\/index.php\/2025\/10\/03\/brigada-militar-impede-furto-de-pecas-automotivas-e-prende-suspeito-no-centro-de-lajeado\/#breadcrumb","itemListElement":[{"@type":"ListItem","position":1,"name":"In\u00edcio","item":"https:\/\/folhapopular.info\/"},{"@type":"ListItem","position":2,"name":"Brigada Militar impede furto de pe\u00e7as automotivas e prende suspeito no Centro de Lajeado"}]},{"@type":"WebSite","@id":"https:\/\/folhapopular.info\/#website","url":"https:\/\/folhapopular.info\/","name":"Folha Popular","description":"Onde voc\u00ea tem vez e voz","potentialAction":[{"@type":"SearchAction","target":{"@type":"EntryPoint","urlTemplate":"https:\/\/folhapopular.info\/?s={search_term_string}"},"query-input":{"@type":"PropertyValueSpecification","valueRequired":true,"valueName":"search_term_string"}}],"inLanguage":"pt-BR"},{"@type":"Person","@id":"https:\/\/folhapopular.info\/#\/schema\/person\/2814e8a0df7643585a9ca38bc6eb9d4b","name":"Reda\u00e7\u00e3o Folha Popular","image":{"@type":"ImageObject","inLanguage":"pt-BR","@id":"https:\/\/folhapopular.info\/wp-content\/uploads\/2026\/04\/Folha-1.webp","url":"https:\/\/folhapopular.info\/wp-content\/uploads\/2026\/04\/Folha-1.webp","contentUrl":"https:\/\/folhapopular.info\/wp-content\/uploads\/2026\/04\/Folha-1.webp","caption":"Reda\u00e7\u00e3o Folha Popular"},"url":"https:\/\/folhapopular.info\/index.php\/author\/redacao\/"}]}},"jetpack_featured_media_url":"https:\/\/folhapopular.info\/wp-content\/uploads\/2025\/10\/c48baa4f-448a-4ff3-9f06-26d4aeb0e7b9.jpeg","jetpack_sharing_enabled":true,"amp_enabled":true,"_links":{"self":[{"href":"https:\/\/folhapopular.info\/index.php\/wp-json\/wp\/v2\/posts\/195389","targetHints":{"allow":["GET"]}}],"collection":[{"href":"https:\/\/folhapopular.info\/index.php\/wp-json\/wp\/v2\/posts"}],"about":[{"href":"https:\/\/folhapopular.info\/index.php\/wp-json\/wp\/v2\/types\/post"}],"author":[{"embeddable":true,"href":"https:\/\/folhapopular.info\/index.php\/wp-json\/wp\/v2\/users\/8"}],"replies":[{"embeddable":true,"href":"https:\/\/folhapopular.info\/index.php\/wp-json\/wp\/v2\/comments?post=195389"}],"version-history":[{"count":0,"href":"https:\/\/folhapopular.info\/index.php\/wp-json\/wp\/v2\/posts\/195389\/revisions"}],"wp:featuredmedia":[{"embeddable":true,"href":"https:\/\/folhapopular.info\/index.php\/wp-json\/wp\/v2\/media\/195392"}],"wp:attachment":[{"href":"https:\/\/folhapopular.info\/index.php\/wp-json\/wp\/v2\/media?parent=195389"}],"wp:term":[{"taxonomy":"category","embeddable":true,"href":"https:\/\/folhapopular.info\/index.php\/wp-json\/wp\/v2\/categories?post=195389"},{"taxonomy":"post_tag","embeddable":true,"href":"https:\/\/folhapopular.info\/index.php\/wp-json\/wp\/v2\/tags?post=195389"}],"curies":[{"name":"wp","href":"https:\/\/api.w.org\/{rel}","templated":true}]}}