{"id":195442,"date":"2025-10-04T00:57:30","date_gmt":"2025-10-04T03:57:30","guid":{"rendered":"https:\/\/folhapopular.info\/?p=195442"},"modified":"2025-10-04T00:57:33","modified_gmt":"2025-10-04T03:57:33","slug":"frente-fria-avanca-e-provoca-temporais-no-rio-grande-do-sul","status":"publish","type":"post","link":"https:\/\/folhapopular.info\/index.php\/2025\/10\/04\/frente-fria-avanca-e-provoca-temporais-no-rio-grande-do-sul\/","title":{"rendered":"Frente fria avan\u00e7a e provoca temporais no Rio Grande do Sul"},"content":{"rendered":"\n<p>O Rio Grande do Sul deve enfrentar condi\u00e7\u00f5es de tempo inst\u00e1vel j\u00e1 a partir deste s\u00e1bado (4\/10). O dia come\u00e7a com tempo firme em grande parte do Estado, mas a nebulosidade aumenta ao longo da manh\u00e3 e da tarde. Entre a tarde e a noite, \u00e1reas de instabilidade trazem chuva para diversas regi\u00f5es, especialmente no Norte e no Centro.<\/p>\n\n\n\n<p>No domingo (5\/10), a situa\u00e7\u00e3o se intensifica com a chegada de uma frente fria que avan\u00e7a pelo Estado. Est\u00e3o previstos temporais com risco de granizo de grande porte, descargas el\u00e9tricas e rajadas de vento entre 70 e 90 km\/h, com risco de passar dos 100 km\/h em alguns pontos, al\u00e9m de chuva forte.<\/p>\n\n\n\n<p>Os primeiros n\u00facleos atingem as regi\u00f5es da Campanha, Sul e Oeste, avan\u00e7am durante a noite para o Centro, Noroeste e Miss\u00f5es. Na regi\u00e3o Sul, tempestades isoladas j\u00e1 podem ocorrer pela manh\u00e3 e os acumulados variam entre 30 e 80 mil\u00edmetros em 24 horas.<\/p>\n\n\n\n<p>Na segunda-feira (6\/10), o sistema segue sobre o Estado, ainda com chuva intensa em pontos isolados, raios, eventual queda de granizo e rajadas superiores a 80 km\/h. <\/p>\n\n\n\n<p>Os volumes devem ficar entre 30 e 70 mil\u00edmetros por dia, e at\u00e9 mesmo alcan\u00e7ar 90 mil\u00edmetros no Centro e nas Miss\u00f5es. A partir da tarde, o tempo come\u00e7a a se estabilizar no Sul, Campanha, Oeste e Litoral Sul, com a entrada de uma \u00e1rea de alta press\u00e3o.<\/p>\n\n\n\n<p>Na ter\u00e7a-feira (7\/10), o cen\u00e1rio ser\u00e1 de instabilidade fraca e maior nebulosidade no Noroeste, Norte, Nordeste, Serra e Litoral Norte. Ao longo do dia, o tempo firme retorna a todas as regi\u00f5es, acompanhado de queda nas temperaturas e mar agitado na costa ga\u00facha.<\/p>\n\n\n\n<p>As proje\u00e7\u00f5es indicam acumulados entre 50 e 100 mil\u00edmetros em boa parte do Estado, com possibilidade de chegar a 120 mil\u00edmetros em pontos do Oeste, Campanha, Centro e Sul. No restante, os volumes devem variar de 10 a 50 mil\u00edmetros.<\/p>\n\n\n\n<p>Atualmente, os n\u00edveis dos rios est\u00e3o dentro da normalidade na maioria das regi\u00f5es, mas algumas esta\u00e7\u00f5es j\u00e1 est\u00e3o em aten\u00e7\u00e3o para inunda\u00e7\u00f5es. Com os volumes previstos, h\u00e1 risco de cheia em arroios e pequenos cursos d\u2019\u00e1gua, al\u00e9m de possibilidade de alagamentos urbanos. Rios maiores tamb\u00e9m podem atingir cotas de aten\u00e7\u00e3o e alerta para inunda\u00e7\u00e3o.<\/p>\n\n\n\n<p>A Defesa Civil recomenda que a popula\u00e7\u00e3o acompanhe os avisos oficiais e adote cuidados extras em \u00e1reas suscet\u00edveis a alagamentos, enxurradas e deslizamentos.<\/p>\n","protected":false},"excerpt":{"rendered":"<p>O Rio Grande do Sul deve enfrentar condi\u00e7\u00f5es de tempo inst\u00e1vel j\u00e1 a partir deste s\u00e1bado (4\/10). O dia come\u00e7a com tempo firme em grande parte do Estado, mas a nebulosidade aumenta ao longo da manh\u00e3 e da tarde. Entre a tarde e a noite, \u00e1reas de instabilidade trazem chuva para diversas regi\u00f5es, especialmente no [&hellip;]<\/p>\n","protected":false},"author":8,"featured_media":170426,"comment_status":"open","ping_status":"open","sticky":false,"template":"","format":"standard","meta":{"pmpro_default_level":"","_jetpack_memberships_contains_paid_content":false,"footnotes":""},"categories":[12655,2,3],"tags":[6044,4784,15673,12605,1794,1141],"class_list":{"0":"post-195442","1":"post","2":"type-post","3":"status-publish","4":"format-standard","5":"has-post-thumbnail","7":"category-clima","8":"category-featured","9":"category-geral","10":"tag-chuvas","11":"tag-clima","12":"tag-frente-fria","13":"tag-instabilidade","14":"tag-rio-grande-do-sul","15":"tag-temporais","16":"pmpro-has-access"},"yoast_head":"<!-- This site is optimized with the Yoast SEO plugin v27.5 - https:\/\/yoast.com\/product\/yoast-seo-wordpress\/ -->\n<title>Frente fria avan\u00e7a e provoca temporais no Rio Grande do Sul - Folha Popular<\/title>\n<meta name=\"robots\" content=\"index, follow, max-snippet:-1, max-image-preview:large, max-video-preview:-1\" \/>\n<link rel=\"canonical\" href=\"https:\/\/folhapopular.info\/index.php\/2025\/10\/04\/frente-fria-avanca-e-provoca-temporais-no-rio-grande-do-sul\/\" \/>\n<meta property=\"og:locale\" content=\"pt_BR\" \/>\n<meta property=\"og:type\" content=\"article\" \/>\n<meta property=\"og:title\" content=\"Frente fria avan\u00e7a e provoca temporais no Rio Grande do Sul - Folha Popular\" \/>\n<meta property=\"og:description\" content=\"O Rio Grande do Sul deve enfrentar condi\u00e7\u00f5es de tempo inst\u00e1vel j\u00e1 a partir deste s\u00e1bado (4\/10). O dia come\u00e7a com tempo firme em grande parte do Estado, mas a nebulosidade aumenta ao longo da manh\u00e3 e da tarde. Entre a tarde e a noite, \u00e1reas de instabilidade trazem chuva para diversas regi\u00f5es, especialmente no [&hellip;]\" \/>\n<meta property=\"og:url\" content=\"https:\/\/folhapopular.info\/index.php\/2025\/10\/04\/frente-fria-avanca-e-provoca-temporais-no-rio-grande-do-sul\/\" \/>\n<meta property=\"og:site_name\" content=\"Folha Popular\" \/>\n<meta property=\"article:published_time\" content=\"2025-10-04T03:57:30+00:00\" \/>\n<meta property=\"article:modified_time\" content=\"2025-10-04T03:57:33+00:00\" \/>\n<meta property=\"og:image\" content=\"http:\/\/folhapopular.info\/wp-content\/uploads\/2024\/10\/Chuvas-fortes-do-inicio-da-semana-devem-ser-melhor-distribuidas-ao-longo-do-mes_Camille-Lenz-da-Silva-scaled.jpeg\" \/>\n\t<meta property=\"og:image:width\" content=\"2560\" \/>\n\t<meta property=\"og:image:height\" content=\"1920\" \/>\n\t<meta property=\"og:image:type\" content=\"image\/jpeg\" \/>\n<meta name=\"author\" content=\"Reda\u00e7\u00e3o Folha Popular\" \/>\n<meta name=\"twitter:card\" content=\"summary_large_image\" \/>\n<meta name=\"twitter:label1\" content=\"Escrito por\" \/>\n\t<meta name=\"twitter:data1\" content=\"Reda\u00e7\u00e3o Folha Popular\" \/>\n\t<meta name=\"twitter:label2\" content=\"Est. tempo de leitura\" \/>\n\t<meta name=\"twitter:data2\" content=\"3 minutos\" \/>\n<script type=\"application\/ld+json\" class=\"yoast-schema-graph\">{\"@context\":\"https:\\\/\\\/schema.org\",\"@graph\":[{\"@type\":\"Article\",\"@id\":\"https:\\\/\\\/folhapopular.info\\\/index.php\\\/2025\\\/10\\\/04\\\/frente-fria-avanca-e-provoca-temporais-no-rio-grande-do-sul\\\/#article\",\"isPartOf\":{\"@id\":\"https:\\\/\\\/folhapopular.info\\\/index.php\\\/2025\\\/10\\\/04\\\/frente-fria-avanca-e-provoca-temporais-no-rio-grande-do-sul\\\/\"},\"author\":{\"name\":\"Reda\u00e7\u00e3o Folha Popular\",\"@id\":\"https:\\\/\\\/folhapopular.info\\\/#\\\/schema\\\/person\\\/2814e8a0df7643585a9ca38bc6eb9d4b\"},\"headline\":\"Frente fria avan\u00e7a e provoca temporais no Rio Grande do Sul\",\"datePublished\":\"2025-10-04T03:57:30+00:00\",\"dateModified\":\"2025-10-04T03:57:33+00:00\",\"mainEntityOfPage\":{\"@id\":\"https:\\\/\\\/folhapopular.info\\\/index.php\\\/2025\\\/10\\\/04\\\/frente-fria-avanca-e-provoca-temporais-no-rio-grande-do-sul\\\/\"},\"wordCount\":430,\"commentCount\":0,\"image\":{\"@id\":\"https:\\\/\\\/folhapopular.info\\\/index.php\\\/2025\\\/10\\\/04\\\/frente-fria-avanca-e-provoca-temporais-no-rio-grande-do-sul\\\/#primaryimage\"},\"thumbnailUrl\":\"https:\\\/\\\/folhapopular.info\\\/wp-content\\\/uploads\\\/2024\\\/10\\\/Chuvas-fortes-do-inicio-da-semana-devem-ser-melhor-distribuidas-ao-longo-do-mes_Camille-Lenz-da-Silva-scaled.jpeg\",\"keywords\":[\"chuvas\",\"clima\",\"Frente Fria\",\"instabilidade\",\"Rio Grande do Sul\",\"Temporais\"],\"articleSection\":[\"Clima\",\"Destaques\",\"Geral\"],\"inLanguage\":\"pt-BR\",\"potentialAction\":[{\"@type\":\"CommentAction\",\"name\":\"Comment\",\"target\":[\"https:\\\/\\\/folhapopular.info\\\/index.php\\\/2025\\\/10\\\/04\\\/frente-fria-avanca-e-provoca-temporais-no-rio-grande-do-sul\\\/#respond\"]}]},{\"@type\":\"WebPage\",\"@id\":\"https:\\\/\\\/folhapopular.info\\\/index.php\\\/2025\\\/10\\\/04\\\/frente-fria-avanca-e-provoca-temporais-no-rio-grande-do-sul\\\/\",\"url\":\"https:\\\/\\\/folhapopular.info\\\/index.php\\\/2025\\\/10\\\/04\\\/frente-fria-avanca-e-provoca-temporais-no-rio-grande-do-sul\\\/\",\"name\":\"Frente fria avan\u00e7a e provoca temporais no Rio Grande do Sul - Folha Popular\",\"isPartOf\":{\"@id\":\"https:\\\/\\\/folhapopular.info\\\/#website\"},\"primaryImageOfPage\":{\"@id\":\"https:\\\/\\\/folhapopular.info\\\/index.php\\\/2025\\\/10\\\/04\\\/frente-fria-avanca-e-provoca-temporais-no-rio-grande-do-sul\\\/#primaryimage\"},\"image\":{\"@id\":\"https:\\\/\\\/folhapopular.info\\\/index.php\\\/2025\\\/10\\\/04\\\/frente-fria-avanca-e-provoca-temporais-no-rio-grande-do-sul\\\/#primaryimage\"},\"thumbnailUrl\":\"https:\\\/\\\/folhapopular.info\\\/wp-content\\\/uploads\\\/2024\\\/10\\\/Chuvas-fortes-do-inicio-da-semana-devem-ser-melhor-distribuidas-ao-longo-do-mes_Camille-Lenz-da-Silva-scaled.jpeg\",\"datePublished\":\"2025-10-04T03:57:30+00:00\",\"dateModified\":\"2025-10-04T03:57:33+00:00\",\"author\":{\"@id\":\"https:\\\/\\\/folhapopular.info\\\/#\\\/schema\\\/person\\\/2814e8a0df7643585a9ca38bc6eb9d4b\"},\"breadcrumb\":{\"@id\":\"https:\\\/\\\/folhapopular.info\\\/index.php\\\/2025\\\/10\\\/04\\\/frente-fria-avanca-e-provoca-temporais-no-rio-grande-do-sul\\\/#breadcrumb\"},\"inLanguage\":\"pt-BR\",\"potentialAction\":[{\"@type\":\"ReadAction\",\"target\":[\"https:\\\/\\\/folhapopular.info\\\/index.php\\\/2025\\\/10\\\/04\\\/frente-fria-avanca-e-provoca-temporais-no-rio-grande-do-sul\\\/\"]}]},{\"@type\":\"ImageObject\",\"inLanguage\":\"pt-BR\",\"@id\":\"https:\\\/\\\/folhapopular.info\\\/index.php\\\/2025\\\/10\\\/04\\\/frente-fria-avanca-e-provoca-temporais-no-rio-grande-do-sul\\\/#primaryimage\",\"url\":\"https:\\\/\\\/folhapopular.info\\\/wp-content\\\/uploads\\\/2024\\\/10\\\/Chuvas-fortes-do-inicio-da-semana-devem-ser-melhor-distribuidas-ao-longo-do-mes_Camille-Lenz-da-Silva-scaled.jpeg\",\"contentUrl\":\"https:\\\/\\\/folhapopular.info\\\/wp-content\\\/uploads\\\/2024\\\/10\\\/Chuvas-fortes-do-inicio-da-semana-devem-ser-melhor-distribuidas-ao-longo-do-mes_Camille-Lenz-da-Silva-scaled.jpeg\",\"width\":2560,\"height\":1920,\"caption\":\"Chuvas devem come\u00e7ar neste s\u00e1bado - Cr\u00e9dito: Camille Lenz da Silva\"},{\"@type\":\"BreadcrumbList\",\"@id\":\"https:\\\/\\\/folhapopular.info\\\/index.php\\\/2025\\\/10\\\/04\\\/frente-fria-avanca-e-provoca-temporais-no-rio-grande-do-sul\\\/#breadcrumb\",\"itemListElement\":[{\"@type\":\"ListItem\",\"position\":1,\"name\":\"In\u00edcio\",\"item\":\"https:\\\/\\\/folhapopular.info\\\/\"},{\"@type\":\"ListItem\",\"position\":2,\"name\":\"Frente fria avan\u00e7a e provoca temporais no Rio Grande do Sul\"}]},{\"@type\":\"WebSite\",\"@id\":\"https:\\\/\\\/folhapopular.info\\\/#website\",\"url\":\"https:\\\/\\\/folhapopular.info\\\/\",\"name\":\"Folha Popular\",\"description\":\"Onde voc\u00ea tem vez e voz\",\"potentialAction\":[{\"@type\":\"SearchAction\",\"target\":{\"@type\":\"EntryPoint\",\"urlTemplate\":\"https:\\\/\\\/folhapopular.info\\\/?s={search_term_string}\"},\"query-input\":{\"@type\":\"PropertyValueSpecification\",\"valueRequired\":true,\"valueName\":\"search_term_string\"}}],\"inLanguage\":\"pt-BR\"},{\"@type\":\"Person\",\"@id\":\"https:\\\/\\\/folhapopular.info\\\/#\\\/schema\\\/person\\\/2814e8a0df7643585a9ca38bc6eb9d4b\",\"name\":\"Reda\u00e7\u00e3o Folha Popular\",\"image\":{\"@type\":\"ImageObject\",\"inLanguage\":\"pt-BR\",\"@id\":\"https:\\\/\\\/folhapopular.info\\\/wp-content\\\/uploads\\\/2026\\\/04\\\/Folha-1.webp\",\"url\":\"https:\\\/\\\/folhapopular.info\\\/wp-content\\\/uploads\\\/2026\\\/04\\\/Folha-1.webp\",\"contentUrl\":\"https:\\\/\\\/folhapopular.info\\\/wp-content\\\/uploads\\\/2026\\\/04\\\/Folha-1.webp\",\"caption\":\"Reda\u00e7\u00e3o Folha Popular\"},\"url\":\"https:\\\/\\\/folhapopular.info\\\/index.php\\\/author\\\/redacao\\\/\"}]}<\/script>\n<!-- \/ Yoast SEO plugin. -->","yoast_head_json":{"title":"Frente fria avan\u00e7a e provoca temporais no Rio Grande do Sul - Folha Popular","robots":{"index":"index","follow":"follow","max-snippet":"max-snippet:-1","max-image-preview":"max-image-preview:large","max-video-preview":"max-video-preview:-1"},"canonical":"https:\/\/folhapopular.info\/index.php\/2025\/10\/04\/frente-fria-avanca-e-provoca-temporais-no-rio-grande-do-sul\/","og_locale":"pt_BR","og_type":"article","og_title":"Frente fria avan\u00e7a e provoca temporais no Rio Grande do Sul - Folha Popular","og_description":"O Rio Grande do Sul deve enfrentar condi\u00e7\u00f5es de tempo inst\u00e1vel j\u00e1 a partir deste s\u00e1bado (4\/10). O dia come\u00e7a com tempo firme em grande parte do Estado, mas a nebulosidade aumenta ao longo da manh\u00e3 e da tarde. Entre a tarde e a noite, \u00e1reas de instabilidade trazem chuva para diversas regi\u00f5es, especialmente no [&hellip;]","og_url":"https:\/\/folhapopular.info\/index.php\/2025\/10\/04\/frente-fria-avanca-e-provoca-temporais-no-rio-grande-do-sul\/","og_site_name":"Folha Popular","article_published_time":"2025-10-04T03:57:30+00:00","article_modified_time":"2025-10-04T03:57:33+00:00","og_image":[{"width":2560,"height":1920,"url":"http:\/\/folhapopular.info\/wp-content\/uploads\/2024\/10\/Chuvas-fortes-do-inicio-da-semana-devem-ser-melhor-distribuidas-ao-longo-do-mes_Camille-Lenz-da-Silva-scaled.jpeg","type":"image\/jpeg"}],"author":"Reda\u00e7\u00e3o Folha Popular","twitter_card":"summary_large_image","twitter_misc":{"Escrito por":"Reda\u00e7\u00e3o Folha Popular","Est. tempo de leitura":"3 minutos"},"schema":{"@context":"https:\/\/schema.org","@graph":[{"@type":"Article","@id":"https:\/\/folhapopular.info\/index.php\/2025\/10\/04\/frente-fria-avanca-e-provoca-temporais-no-rio-grande-do-sul\/#article","isPartOf":{"@id":"https:\/\/folhapopular.info\/index.php\/2025\/10\/04\/frente-fria-avanca-e-provoca-temporais-no-rio-grande-do-sul\/"},"author":{"name":"Reda\u00e7\u00e3o Folha Popular","@id":"https:\/\/folhapopular.info\/#\/schema\/person\/2814e8a0df7643585a9ca38bc6eb9d4b"},"headline":"Frente fria avan\u00e7a e provoca temporais no Rio Grande do Sul","datePublished":"2025-10-04T03:57:30+00:00","dateModified":"2025-10-04T03:57:33+00:00","mainEntityOfPage":{"@id":"https:\/\/folhapopular.info\/index.php\/2025\/10\/04\/frente-fria-avanca-e-provoca-temporais-no-rio-grande-do-sul\/"},"wordCount":430,"commentCount":0,"image":{"@id":"https:\/\/folhapopular.info\/index.php\/2025\/10\/04\/frente-fria-avanca-e-provoca-temporais-no-rio-grande-do-sul\/#primaryimage"},"thumbnailUrl":"https:\/\/folhapopular.info\/wp-content\/uploads\/2024\/10\/Chuvas-fortes-do-inicio-da-semana-devem-ser-melhor-distribuidas-ao-longo-do-mes_Camille-Lenz-da-Silva-scaled.jpeg","keywords":["chuvas","clima","Frente Fria","instabilidade","Rio Grande do Sul","Temporais"],"articleSection":["Clima","Destaques","Geral"],"inLanguage":"pt-BR","potentialAction":[{"@type":"CommentAction","name":"Comment","target":["https:\/\/folhapopular.info\/index.php\/2025\/10\/04\/frente-fria-avanca-e-provoca-temporais-no-rio-grande-do-sul\/#respond"]}]},{"@type":"WebPage","@id":"https:\/\/folhapopular.info\/index.php\/2025\/10\/04\/frente-fria-avanca-e-provoca-temporais-no-rio-grande-do-sul\/","url":"https:\/\/folhapopular.info\/index.php\/2025\/10\/04\/frente-fria-avanca-e-provoca-temporais-no-rio-grande-do-sul\/","name":"Frente fria avan\u00e7a e provoca temporais no Rio Grande do Sul - Folha Popular","isPartOf":{"@id":"https:\/\/folhapopular.info\/#website"},"primaryImageOfPage":{"@id":"https:\/\/folhapopular.info\/index.php\/2025\/10\/04\/frente-fria-avanca-e-provoca-temporais-no-rio-grande-do-sul\/#primaryimage"},"image":{"@id":"https:\/\/folhapopular.info\/index.php\/2025\/10\/04\/frente-fria-avanca-e-provoca-temporais-no-rio-grande-do-sul\/#primaryimage"},"thumbnailUrl":"https:\/\/folhapopular.info\/wp-content\/uploads\/2024\/10\/Chuvas-fortes-do-inicio-da-semana-devem-ser-melhor-distribuidas-ao-longo-do-mes_Camille-Lenz-da-Silva-scaled.jpeg","datePublished":"2025-10-04T03:57:30+00:00","dateModified":"2025-10-04T03:57:33+00:00","author":{"@id":"https:\/\/folhapopular.info\/#\/schema\/person\/2814e8a0df7643585a9ca38bc6eb9d4b"},"breadcrumb":{"@id":"https:\/\/folhapopular.info\/index.php\/2025\/10\/04\/frente-fria-avanca-e-provoca-temporais-no-rio-grande-do-sul\/#breadcrumb"},"inLanguage":"pt-BR","potentialAction":[{"@type":"ReadAction","target":["https:\/\/folhapopular.info\/index.php\/2025\/10\/04\/frente-fria-avanca-e-provoca-temporais-no-rio-grande-do-sul\/"]}]},{"@type":"ImageObject","inLanguage":"pt-BR","@id":"https:\/\/folhapopular.info\/index.php\/2025\/10\/04\/frente-fria-avanca-e-provoca-temporais-no-rio-grande-do-sul\/#primaryimage","url":"https:\/\/folhapopular.info\/wp-content\/uploads\/2024\/10\/Chuvas-fortes-do-inicio-da-semana-devem-ser-melhor-distribuidas-ao-longo-do-mes_Camille-Lenz-da-Silva-scaled.jpeg","contentUrl":"https:\/\/folhapopular.info\/wp-content\/uploads\/2024\/10\/Chuvas-fortes-do-inicio-da-semana-devem-ser-melhor-distribuidas-ao-longo-do-mes_Camille-Lenz-da-Silva-scaled.jpeg","width":2560,"height":1920,"caption":"Chuvas devem come\u00e7ar neste s\u00e1bado - Cr\u00e9dito: Camille Lenz da Silva"},{"@type":"BreadcrumbList","@id":"https:\/\/folhapopular.info\/index.php\/2025\/10\/04\/frente-fria-avanca-e-provoca-temporais-no-rio-grande-do-sul\/#breadcrumb","itemListElement":[{"@type":"ListItem","position":1,"name":"In\u00edcio","item":"https:\/\/folhapopular.info\/"},{"@type":"ListItem","position":2,"name":"Frente fria avan\u00e7a e provoca temporais no Rio Grande do Sul"}]},{"@type":"WebSite","@id":"https:\/\/folhapopular.info\/#website","url":"https:\/\/folhapopular.info\/","name":"Folha Popular","description":"Onde voc\u00ea tem vez e voz","potentialAction":[{"@type":"SearchAction","target":{"@type":"EntryPoint","urlTemplate":"https:\/\/folhapopular.info\/?s={search_term_string}"},"query-input":{"@type":"PropertyValueSpecification","valueRequired":true,"valueName":"search_term_string"}}],"inLanguage":"pt-BR"},{"@type":"Person","@id":"https:\/\/folhapopular.info\/#\/schema\/person\/2814e8a0df7643585a9ca38bc6eb9d4b","name":"Reda\u00e7\u00e3o Folha Popular","image":{"@type":"ImageObject","inLanguage":"pt-BR","@id":"https:\/\/folhapopular.info\/wp-content\/uploads\/2026\/04\/Folha-1.webp","url":"https:\/\/folhapopular.info\/wp-content\/uploads\/2026\/04\/Folha-1.webp","contentUrl":"https:\/\/folhapopular.info\/wp-content\/uploads\/2026\/04\/Folha-1.webp","caption":"Reda\u00e7\u00e3o Folha Popular"},"url":"https:\/\/folhapopular.info\/index.php\/author\/redacao\/"}]}},"jetpack_featured_media_url":"https:\/\/folhapopular.info\/wp-content\/uploads\/2024\/10\/Chuvas-fortes-do-inicio-da-semana-devem-ser-melhor-distribuidas-ao-longo-do-mes_Camille-Lenz-da-Silva-scaled.jpeg","jetpack_sharing_enabled":true,"amp_enabled":true,"_links":{"self":[{"href":"https:\/\/folhapopular.info\/index.php\/wp-json\/wp\/v2\/posts\/195442","targetHints":{"allow":["GET"]}}],"collection":[{"href":"https:\/\/folhapopular.info\/index.php\/wp-json\/wp\/v2\/posts"}],"about":[{"href":"https:\/\/folhapopular.info\/index.php\/wp-json\/wp\/v2\/types\/post"}],"author":[{"embeddable":true,"href":"https:\/\/folhapopular.info\/index.php\/wp-json\/wp\/v2\/users\/8"}],"replies":[{"embeddable":true,"href":"https:\/\/folhapopular.info\/index.php\/wp-json\/wp\/v2\/comments?post=195442"}],"version-history":[{"count":0,"href":"https:\/\/folhapopular.info\/index.php\/wp-json\/wp\/v2\/posts\/195442\/revisions"}],"wp:featuredmedia":[{"embeddable":true,"href":"https:\/\/folhapopular.info\/index.php\/wp-json\/wp\/v2\/media\/170426"}],"wp:attachment":[{"href":"https:\/\/folhapopular.info\/index.php\/wp-json\/wp\/v2\/media?parent=195442"}],"wp:term":[{"taxonomy":"category","embeddable":true,"href":"https:\/\/folhapopular.info\/index.php\/wp-json\/wp\/v2\/categories?post=195442"},{"taxonomy":"post_tag","embeddable":true,"href":"https:\/\/folhapopular.info\/index.php\/wp-json\/wp\/v2\/tags?post=195442"}],"curies":[{"name":"wp","href":"https:\/\/api.w.org\/{rel}","templated":true}]}}