{"id":195491,"date":"2025-10-04T12:48:52","date_gmt":"2025-10-04T15:48:52","guid":{"rendered":"https:\/\/folhapopular.info\/?p=195491"},"modified":"2025-10-04T12:48:54","modified_gmt":"2025-10-04T15:48:54","slug":"fluminense-de-westfalia-comemora-83-anos-de-historias-e-conquistas","status":"publish","type":"post","link":"https:\/\/folhapopular.info\/index.php\/2025\/10\/04\/fluminense-de-westfalia-comemora-83-anos-de-historias-e-conquistas\/","title":{"rendered":"Fluminense de Westf\u00e1lia comemora 83 anos de hist\u00f3rias e conquistas"},"content":{"rendered":"\n<p>O Fluminense de Westf\u00e1lia chega aos 83 anos de funda\u00e7\u00e3o em 2025 com motivos de sobra para comemorar. Amanh\u00e3 (5\/10), a comunidade se reunir\u00e1 para uma grande festa esportiva e cultural que promete resgatar lembran\u00e7as, reencontrar gera\u00e7\u00f5es e refor\u00e7ar o papel central do clube na vida social e esportiva do munic\u00edpio.<\/p>\n\n\n\n<p>As atividades come\u00e7am \u00e0s 10h, com cerim\u00f4nia de abertura e jogo festivo. Ao meio-dia ser\u00e1 servido churrasco, com valor de R$ 45 por pessoa. A cerveja ter\u00e1 pre\u00e7o promocional de R$ 10 a garrafa, e a anima\u00e7\u00e3o ficar\u00e1 por conta da banda Maring\u00e1.<\/p>\n\n\n\n<p>Fundado em 8 de fevereiro de 1942, o Fluminense nasceu em um per\u00edodo em que os clubes de futebol do interior ga\u00facho n\u00e3o eram apenas espa\u00e7os esportivos, mas serviam de locais de conviv\u00eancia, encontros de fam\u00edlias e de fortalecimento da identidade de cada comunidade.<\/p>\n\n\n\n<p>Ao longo das d\u00e9cadas, o Fluminense se consolidou como um dos s\u00edmbolos de Westf\u00e1lia. Sua hist\u00f3ria foi constru\u00edda com suor de dirigentes, dedica\u00e7\u00e3o de volunt\u00e1rios e apoio incondicional dos torcedores. \u201cO Fluminense \u00e9 parte da vida de muita gente. De quem jogou, torceu ou trabalhou aqui. Todos guardam uma lembran\u00e7a boa e carinhosa\u201d, afirma o dirigente e volunt\u00e1rio, Ido Ahlert.<\/p>\n\n\n\n<p>Entre os feitos dentro de campo, o mais lembrado segue sendo o t\u00edtulo regional de 1987, quando o Fluminense venceu o Canabarrense em duas finais memor\u00e1veis. As partidas mobilizaram centenas de torcedores, que lotaram o campo e transformaram a conquista em um marco para a comunidade.<\/p>\n\n\n\n<p>\u201cFoi uma campanha que uniu todos. O time era muito forte, mas o que fez a diferen\u00e7a foi a torcida. At\u00e9 hoje \u00e9 um assunto que volta em qualquer conversa sobre futebol em Westf\u00e1lia\u201d, recorda Ahlert.<\/p>\n\n\n\n<h2 class=\"wp-block-heading\"><strong>50 anos do campo<\/strong><\/h2>\n\n\n\n<p>Al\u00e9m dos 83 anos de funda\u00e7\u00e3o, a festa de 2025 ter\u00e1 outro motivo de celebra\u00e7\u00e3o: os 50 anos da inaugura\u00e7\u00e3o do campo do Fluminense, ocorrida em 15 de dezembro de 1975.<\/p>\n\n\n\n<p>Nessas cinco d\u00e9cadas, o gramado foi palco de grandes decis\u00f5es, mas tamb\u00e9m, de treinos de base, amistosos, festivais e celebra\u00e7\u00f5es. Para muitos, ele \u00e9 um espa\u00e7o que retoma o sentimento de pertencimento westfaliano.<\/p>\n\n\n\n<p>\u201cQuem passa por aqui sempre se lembra de um jogo, gol ou de uma festa. O campo faz parte da mem\u00f3ria afetiva da comunidade e nos faz reviver um passado recheado de gl\u00f3rias\u201d, resume o ex-atleta e dirigente S\u00e9rgio Marasca.<\/p>\n\n\n\n<p>Para marcar a data, a diretoria mobilizou contatos com ex-jogadores de v\u00e1rias gera\u00e7\u00f5es, dentro e fora do Vale do Taquari. \u201c\u00c9 emocionante ouvir a alegria deles ao receber o convite. Muitos dizem que esperavam por um reencontro assim h\u00e1 muito tempo. Queremos que essa festa seja tamb\u00e9m uma homenagem a quem vestiu a camisa do Fluminense\u201d, refor\u00e7a Marasca.<\/p>\n\n\n\n<h2 class=\"wp-block-heading\"><strong>Mais que futebol<\/strong><\/h2>\n\n\n\n<p>A trajet\u00f3ria do Fluminense n\u00e3o se resume apenas a vit\u00f3rias em campo. Em momentos dif\u00edceis, como quando enchentes danificaram parte do campo, foi a pr\u00f3pria comunidade que se mobilizou com promo\u00e7\u00f5es para recuperar a estrutura. \u201cO Fluminense mostra que um clube de futebol pode ser uni\u00e3o, solidariedade e identidade\u201d, avalia Ahlert.<\/p>\n\n\n\n<p>Os dirigentes apontam que a festa de anivers\u00e1rio do Fluminense de Westf\u00e1lia tamb\u00e9m serve para destacar o papel do voluntariado na sobreviv\u00eancia dos clubes do Vale. Sem a dedica\u00e7\u00e3o an\u00f4nima de dezenas de pessoas, dificilmente entidades centen\u00e1rias continuariam de p\u00e9.<\/p>\n\n\n\n<p>Em um cen\u00e1rio em que muitos clubes desaparecem, a for\u00e7a do trabalho coletivo se confirma como a principal garantia de futuro. O futebol das comunidades segue vivo no Vale do Taquari porque h\u00e1 pessoas que acreditam nele &#8211; e trabalham para isso.<\/p>\n\n\n\n<figure class=\"wp-block-pullquote has-black-color has-text-color has-link-color wp-elements-b524272f6abb70083171b6dadd5b6d74\"><blockquote><p>\u201cO campo faz parte da mem\u00f3ria afetiva da comunidade e nos faz reviver um passado recheado de gl\u00f3rias.\u201d<br>S\u00e9rgio Marasca<br>Ex-atleta e dirigente<\/p><\/blockquote><\/figure>\n\n\n\n<h2 class=\"wp-block-heading\"><strong>Assista \u00e0 entrevista:<\/strong><\/h2>\n\n\n\n<figure class=\"wp-block-embed is-type-video is-provider-youtube wp-block-embed-youtube wp-embed-aspect-16-9 wp-has-aspect-ratio\"><div class=\"wp-block-embed__wrapper\">\n<div class=\"youtube-embed\" data-video_id=\"\"><iframe loading=\"lazy\" title=\"COMUNIDADE ALERTA | A import\u00e2ncia dos volunt\u00e1rios para manter uma entidade cultural ou esportiva\" width=\"696\" height=\"392\" src=\"https:\/\/www.youtube.com\/embed\/lOEGlEZmH7M?feature=oembed&#038;enablejsapi=1\" frameborder=\"0\" allow=\"accelerometer; autoplay; clipboard-write; encrypted-media; gyroscope; picture-in-picture; web-share\" referrerpolicy=\"strict-origin-when-cross-origin\" allowfullscreen><\/iframe><\/div>\n<\/div><\/figure>\n","protected":false},"excerpt":{"rendered":"<p>O Fluminense de Westf\u00e1lia chega aos 83 anos de funda\u00e7\u00e3o em 2025 com motivos de sobra para comemorar. Amanh\u00e3 (5\/10), a comunidade se reunir\u00e1 para uma grande festa esportiva e cultural que promete resgatar lembran\u00e7as, reencontrar gera\u00e7\u00f5es e refor\u00e7ar o papel central do clube na vida social e esportiva do munic\u00edpio. As atividades come\u00e7am \u00e0s [&hellip;]<\/p>\n","protected":false},"author":732,"featured_media":195492,"comment_status":"open","ping_status":"open","sticky":false,"template":"","format":"standard","meta":{"pmpro_default_level":"","_jetpack_memberships_contains_paid_content":false,"footnotes":""},"categories":[5,240],"tags":[2099,2189,25],"class_list":{"0":"post-195491","1":"post","2":"type-post","3":"status-publish","4":"format-standard","5":"has-post-thumbnail","7":"category-esportes","8":"category-futebol-amador","9":"tag-comemoracao","10":"tag-fluminense","11":"tag-westfalia","12":"pmpro-has-access"},"yoast_head":"<!-- This site is optimized with the Yoast SEO plugin v27.5 - https:\/\/yoast.com\/product\/yoast-seo-wordpress\/ -->\n<title>Fluminense de Westf\u00e1lia comemora 83 anos de hist\u00f3rias e conquistas - Folha Popular<\/title>\n<meta name=\"robots\" content=\"index, follow, max-snippet:-1, max-image-preview:large, max-video-preview:-1\" \/>\n<link rel=\"canonical\" href=\"https:\/\/folhapopular.info\/index.php\/2025\/10\/04\/fluminense-de-westfalia-comemora-83-anos-de-historias-e-conquistas\/\" \/>\n<meta property=\"og:locale\" content=\"pt_BR\" \/>\n<meta property=\"og:type\" content=\"article\" \/>\n<meta property=\"og:title\" content=\"Fluminense de Westf\u00e1lia comemora 83 anos de hist\u00f3rias e conquistas - Folha Popular\" \/>\n<meta property=\"og:description\" content=\"O Fluminense de Westf\u00e1lia chega aos 83 anos de funda\u00e7\u00e3o em 2025 com motivos de sobra para comemorar. Amanh\u00e3 (5\/10), a comunidade se reunir\u00e1 para uma grande festa esportiva e cultural que promete resgatar lembran\u00e7as, reencontrar gera\u00e7\u00f5es e refor\u00e7ar o papel central do clube na vida social e esportiva do munic\u00edpio. As atividades come\u00e7am \u00e0s [&hellip;]\" \/>\n<meta property=\"og:url\" content=\"https:\/\/folhapopular.info\/index.php\/2025\/10\/04\/fluminense-de-westfalia-comemora-83-anos-de-historias-e-conquistas\/\" \/>\n<meta property=\"og:site_name\" content=\"Folha Popular\" \/>\n<meta property=\"article:author\" content=\"https:\/\/www.facebook.com\/luis.huppes\/\" \/>\n<meta property=\"article:published_time\" content=\"2025-10-04T15:48:52+00:00\" \/>\n<meta property=\"article:modified_time\" content=\"2025-10-04T15:48:54+00:00\" \/>\n<meta property=\"og:image\" content=\"http:\/\/folhapopular.info\/wp-content\/uploads\/2025\/10\/WhatsApp-Image-2025-10-03-at-16.23.02.jpeg\" \/>\n\t<meta property=\"og:image:width\" content=\"1600\" \/>\n\t<meta property=\"og:image:height\" content=\"900\" \/>\n\t<meta property=\"og:image:type\" content=\"image\/jpeg\" \/>\n<meta name=\"author\" content=\"Luis Augusto Huppes\" \/>\n<meta name=\"twitter:card\" content=\"summary_large_image\" \/>\n<meta name=\"twitter:label1\" content=\"Escrito por\" \/>\n\t<meta name=\"twitter:data1\" content=\"Luis Augusto Huppes\" \/>\n\t<meta name=\"twitter:label2\" content=\"Est. tempo de leitura\" \/>\n\t<meta name=\"twitter:data2\" content=\"4 minutos\" \/>\n<script type=\"application\/ld+json\" class=\"yoast-schema-graph\">{\"@context\":\"https:\\\/\\\/schema.org\",\"@graph\":[{\"@type\":\"Article\",\"@id\":\"https:\\\/\\\/folhapopular.info\\\/index.php\\\/2025\\\/10\\\/04\\\/fluminense-de-westfalia-comemora-83-anos-de-historias-e-conquistas\\\/#article\",\"isPartOf\":{\"@id\":\"https:\\\/\\\/folhapopular.info\\\/index.php\\\/2025\\\/10\\\/04\\\/fluminense-de-westfalia-comemora-83-anos-de-historias-e-conquistas\\\/\"},\"author\":{\"name\":\"Luis Augusto Huppes\",\"@id\":\"https:\\\/\\\/folhapopular.info\\\/#\\\/schema\\\/person\\\/e852c327371714676d02e58cf917fd9f\"},\"headline\":\"Fluminense de Westf\u00e1lia comemora 83 anos de hist\u00f3rias e conquistas\",\"datePublished\":\"2025-10-04T15:48:52+00:00\",\"dateModified\":\"2025-10-04T15:48:54+00:00\",\"mainEntityOfPage\":{\"@id\":\"https:\\\/\\\/folhapopular.info\\\/index.php\\\/2025\\\/10\\\/04\\\/fluminense-de-westfalia-comemora-83-anos-de-historias-e-conquistas\\\/\"},\"wordCount\":670,\"commentCount\":0,\"image\":{\"@id\":\"https:\\\/\\\/folhapopular.info\\\/index.php\\\/2025\\\/10\\\/04\\\/fluminense-de-westfalia-comemora-83-anos-de-historias-e-conquistas\\\/#primaryimage\"},\"thumbnailUrl\":\"https:\\\/\\\/folhapopular.info\\\/wp-content\\\/uploads\\\/2025\\\/10\\\/WhatsApp-Image-2025-10-03-at-16.23.02.jpeg\",\"keywords\":[\"Comemora\u00e7\u00e3o\",\"Fluminense\",\"Westf\u00e1lia\"],\"articleSection\":[\"Esportes\",\"Futebol Amador\"],\"inLanguage\":\"pt-BR\",\"potentialAction\":[{\"@type\":\"CommentAction\",\"name\":\"Comment\",\"target\":[\"https:\\\/\\\/folhapopular.info\\\/index.php\\\/2025\\\/10\\\/04\\\/fluminense-de-westfalia-comemora-83-anos-de-historias-e-conquistas\\\/#respond\"]}]},{\"@type\":\"WebPage\",\"@id\":\"https:\\\/\\\/folhapopular.info\\\/index.php\\\/2025\\\/10\\\/04\\\/fluminense-de-westfalia-comemora-83-anos-de-historias-e-conquistas\\\/\",\"url\":\"https:\\\/\\\/folhapopular.info\\\/index.php\\\/2025\\\/10\\\/04\\\/fluminense-de-westfalia-comemora-83-anos-de-historias-e-conquistas\\\/\",\"name\":\"Fluminense de Westf\u00e1lia comemora 83 anos de hist\u00f3rias e conquistas - Folha Popular\",\"isPartOf\":{\"@id\":\"https:\\\/\\\/folhapopular.info\\\/#website\"},\"primaryImageOfPage\":{\"@id\":\"https:\\\/\\\/folhapopular.info\\\/index.php\\\/2025\\\/10\\\/04\\\/fluminense-de-westfalia-comemora-83-anos-de-historias-e-conquistas\\\/#primaryimage\"},\"image\":{\"@id\":\"https:\\\/\\\/folhapopular.info\\\/index.php\\\/2025\\\/10\\\/04\\\/fluminense-de-westfalia-comemora-83-anos-de-historias-e-conquistas\\\/#primaryimage\"},\"thumbnailUrl\":\"https:\\\/\\\/folhapopular.info\\\/wp-content\\\/uploads\\\/2025\\\/10\\\/WhatsApp-Image-2025-10-03-at-16.23.02.jpeg\",\"datePublished\":\"2025-10-04T15:48:52+00:00\",\"dateModified\":\"2025-10-04T15:48:54+00:00\",\"author\":{\"@id\":\"https:\\\/\\\/folhapopular.info\\\/#\\\/schema\\\/person\\\/e852c327371714676d02e58cf917fd9f\"},\"breadcrumb\":{\"@id\":\"https:\\\/\\\/folhapopular.info\\\/index.php\\\/2025\\\/10\\\/04\\\/fluminense-de-westfalia-comemora-83-anos-de-historias-e-conquistas\\\/#breadcrumb\"},\"inLanguage\":\"pt-BR\",\"potentialAction\":[{\"@type\":\"ReadAction\",\"target\":[\"https:\\\/\\\/folhapopular.info\\\/index.php\\\/2025\\\/10\\\/04\\\/fluminense-de-westfalia-comemora-83-anos-de-historias-e-conquistas\\\/\"]}]},{\"@type\":\"ImageObject\",\"inLanguage\":\"pt-BR\",\"@id\":\"https:\\\/\\\/folhapopular.info\\\/index.php\\\/2025\\\/10\\\/04\\\/fluminense-de-westfalia-comemora-83-anos-de-historias-e-conquistas\\\/#primaryimage\",\"url\":\"https:\\\/\\\/folhapopular.info\\\/wp-content\\\/uploads\\\/2025\\\/10\\\/WhatsApp-Image-2025-10-03-at-16.23.02.jpeg\",\"contentUrl\":\"https:\\\/\\\/folhapopular.info\\\/wp-content\\\/uploads\\\/2025\\\/10\\\/WhatsApp-Image-2025-10-03-at-16.23.02.jpeg\",\"width\":1600,\"height\":900,\"caption\":\"Festividades ser\u00e3o realizadas na sede do clube - Cr\u00e9dito: Camille Lenz da Silva\"},{\"@type\":\"BreadcrumbList\",\"@id\":\"https:\\\/\\\/folhapopular.info\\\/index.php\\\/2025\\\/10\\\/04\\\/fluminense-de-westfalia-comemora-83-anos-de-historias-e-conquistas\\\/#breadcrumb\",\"itemListElement\":[{\"@type\":\"ListItem\",\"position\":1,\"name\":\"In\u00edcio\",\"item\":\"https:\\\/\\\/folhapopular.info\\\/\"},{\"@type\":\"ListItem\",\"position\":2,\"name\":\"Fluminense de Westf\u00e1lia comemora 83 anos de hist\u00f3rias e conquistas\"}]},{\"@type\":\"WebSite\",\"@id\":\"https:\\\/\\\/folhapopular.info\\\/#website\",\"url\":\"https:\\\/\\\/folhapopular.info\\\/\",\"name\":\"Folha Popular\",\"description\":\"Onde voc\u00ea tem vez e voz\",\"potentialAction\":[{\"@type\":\"SearchAction\",\"target\":{\"@type\":\"EntryPoint\",\"urlTemplate\":\"https:\\\/\\\/folhapopular.info\\\/?s={search_term_string}\"},\"query-input\":{\"@type\":\"PropertyValueSpecification\",\"valueRequired\":true,\"valueName\":\"search_term_string\"}}],\"inLanguage\":\"pt-BR\"},{\"@type\":\"Person\",\"@id\":\"https:\\\/\\\/folhapopular.info\\\/#\\\/schema\\\/person\\\/e852c327371714676d02e58cf917fd9f\",\"name\":\"Luis Augusto Huppes\",\"image\":{\"@type\":\"ImageObject\",\"inLanguage\":\"pt-BR\",\"@id\":\"https:\\\/\\\/folhapopular.info\\\/wp-content\\\/uploads\\\/2026\\\/04\\\/Luis-Augusto-Huppes-1-1.webp\",\"url\":\"https:\\\/\\\/folhapopular.info\\\/wp-content\\\/uploads\\\/2026\\\/04\\\/Luis-Augusto-Huppes-1-1.webp\",\"contentUrl\":\"https:\\\/\\\/folhapopular.info\\\/wp-content\\\/uploads\\\/2026\\\/04\\\/Luis-Augusto-Huppes-1-1.webp\",\"caption\":\"Luis Augusto Huppes\"},\"sameAs\":[\"https:\\\/\\\/www.facebook.com\\\/luis.huppes\\\/\",\"https:\\\/\\\/www.instagram.com\\\/luis.huppes\\\/\",\"https:\\\/\\\/www.linkedin.com\\\/in\\\/luis-augusto-huppes-2554b52b7\\\/\"],\"url\":\"https:\\\/\\\/folhapopular.info\\\/index.php\\\/author\\\/luis-augusto-huppes\\\/\"}]}<\/script>\n<!-- \/ Yoast SEO plugin. -->","yoast_head_json":{"title":"Fluminense de Westf\u00e1lia comemora 83 anos de hist\u00f3rias e conquistas - Folha Popular","robots":{"index":"index","follow":"follow","max-snippet":"max-snippet:-1","max-image-preview":"max-image-preview:large","max-video-preview":"max-video-preview:-1"},"canonical":"https:\/\/folhapopular.info\/index.php\/2025\/10\/04\/fluminense-de-westfalia-comemora-83-anos-de-historias-e-conquistas\/","og_locale":"pt_BR","og_type":"article","og_title":"Fluminense de Westf\u00e1lia comemora 83 anos de hist\u00f3rias e conquistas - Folha Popular","og_description":"O Fluminense de Westf\u00e1lia chega aos 83 anos de funda\u00e7\u00e3o em 2025 com motivos de sobra para comemorar. Amanh\u00e3 (5\/10), a comunidade se reunir\u00e1 para uma grande festa esportiva e cultural que promete resgatar lembran\u00e7as, reencontrar gera\u00e7\u00f5es e refor\u00e7ar o papel central do clube na vida social e esportiva do munic\u00edpio. As atividades come\u00e7am \u00e0s [&hellip;]","og_url":"https:\/\/folhapopular.info\/index.php\/2025\/10\/04\/fluminense-de-westfalia-comemora-83-anos-de-historias-e-conquistas\/","og_site_name":"Folha Popular","article_author":"https:\/\/www.facebook.com\/luis.huppes\/","article_published_time":"2025-10-04T15:48:52+00:00","article_modified_time":"2025-10-04T15:48:54+00:00","og_image":[{"width":1600,"height":900,"url":"http:\/\/folhapopular.info\/wp-content\/uploads\/2025\/10\/WhatsApp-Image-2025-10-03-at-16.23.02.jpeg","type":"image\/jpeg"}],"author":"Luis Augusto Huppes","twitter_card":"summary_large_image","twitter_misc":{"Escrito por":"Luis Augusto Huppes","Est. tempo de leitura":"4 minutos"},"schema":{"@context":"https:\/\/schema.org","@graph":[{"@type":"Article","@id":"https:\/\/folhapopular.info\/index.php\/2025\/10\/04\/fluminense-de-westfalia-comemora-83-anos-de-historias-e-conquistas\/#article","isPartOf":{"@id":"https:\/\/folhapopular.info\/index.php\/2025\/10\/04\/fluminense-de-westfalia-comemora-83-anos-de-historias-e-conquistas\/"},"author":{"name":"Luis Augusto Huppes","@id":"https:\/\/folhapopular.info\/#\/schema\/person\/e852c327371714676d02e58cf917fd9f"},"headline":"Fluminense de Westf\u00e1lia comemora 83 anos de hist\u00f3rias e conquistas","datePublished":"2025-10-04T15:48:52+00:00","dateModified":"2025-10-04T15:48:54+00:00","mainEntityOfPage":{"@id":"https:\/\/folhapopular.info\/index.php\/2025\/10\/04\/fluminense-de-westfalia-comemora-83-anos-de-historias-e-conquistas\/"},"wordCount":670,"commentCount":0,"image":{"@id":"https:\/\/folhapopular.info\/index.php\/2025\/10\/04\/fluminense-de-westfalia-comemora-83-anos-de-historias-e-conquistas\/#primaryimage"},"thumbnailUrl":"https:\/\/folhapopular.info\/wp-content\/uploads\/2025\/10\/WhatsApp-Image-2025-10-03-at-16.23.02.jpeg","keywords":["Comemora\u00e7\u00e3o","Fluminense","Westf\u00e1lia"],"articleSection":["Esportes","Futebol Amador"],"inLanguage":"pt-BR","potentialAction":[{"@type":"CommentAction","name":"Comment","target":["https:\/\/folhapopular.info\/index.php\/2025\/10\/04\/fluminense-de-westfalia-comemora-83-anos-de-historias-e-conquistas\/#respond"]}]},{"@type":"WebPage","@id":"https:\/\/folhapopular.info\/index.php\/2025\/10\/04\/fluminense-de-westfalia-comemora-83-anos-de-historias-e-conquistas\/","url":"https:\/\/folhapopular.info\/index.php\/2025\/10\/04\/fluminense-de-westfalia-comemora-83-anos-de-historias-e-conquistas\/","name":"Fluminense de Westf\u00e1lia comemora 83 anos de hist\u00f3rias e conquistas - Folha Popular","isPartOf":{"@id":"https:\/\/folhapopular.info\/#website"},"primaryImageOfPage":{"@id":"https:\/\/folhapopular.info\/index.php\/2025\/10\/04\/fluminense-de-westfalia-comemora-83-anos-de-historias-e-conquistas\/#primaryimage"},"image":{"@id":"https:\/\/folhapopular.info\/index.php\/2025\/10\/04\/fluminense-de-westfalia-comemora-83-anos-de-historias-e-conquistas\/#primaryimage"},"thumbnailUrl":"https:\/\/folhapopular.info\/wp-content\/uploads\/2025\/10\/WhatsApp-Image-2025-10-03-at-16.23.02.jpeg","datePublished":"2025-10-04T15:48:52+00:00","dateModified":"2025-10-04T15:48:54+00:00","author":{"@id":"https:\/\/folhapopular.info\/#\/schema\/person\/e852c327371714676d02e58cf917fd9f"},"breadcrumb":{"@id":"https:\/\/folhapopular.info\/index.php\/2025\/10\/04\/fluminense-de-westfalia-comemora-83-anos-de-historias-e-conquistas\/#breadcrumb"},"inLanguage":"pt-BR","potentialAction":[{"@type":"ReadAction","target":["https:\/\/folhapopular.info\/index.php\/2025\/10\/04\/fluminense-de-westfalia-comemora-83-anos-de-historias-e-conquistas\/"]}]},{"@type":"ImageObject","inLanguage":"pt-BR","@id":"https:\/\/folhapopular.info\/index.php\/2025\/10\/04\/fluminense-de-westfalia-comemora-83-anos-de-historias-e-conquistas\/#primaryimage","url":"https:\/\/folhapopular.info\/wp-content\/uploads\/2025\/10\/WhatsApp-Image-2025-10-03-at-16.23.02.jpeg","contentUrl":"https:\/\/folhapopular.info\/wp-content\/uploads\/2025\/10\/WhatsApp-Image-2025-10-03-at-16.23.02.jpeg","width":1600,"height":900,"caption":"Festividades ser\u00e3o realizadas na sede do clube - Cr\u00e9dito: Camille Lenz da Silva"},{"@type":"BreadcrumbList","@id":"https:\/\/folhapopular.info\/index.php\/2025\/10\/04\/fluminense-de-westfalia-comemora-83-anos-de-historias-e-conquistas\/#breadcrumb","itemListElement":[{"@type":"ListItem","position":1,"name":"In\u00edcio","item":"https:\/\/folhapopular.info\/"},{"@type":"ListItem","position":2,"name":"Fluminense de Westf\u00e1lia comemora 83 anos de hist\u00f3rias e conquistas"}]},{"@type":"WebSite","@id":"https:\/\/folhapopular.info\/#website","url":"https:\/\/folhapopular.info\/","name":"Folha Popular","description":"Onde voc\u00ea tem vez e voz","potentialAction":[{"@type":"SearchAction","target":{"@type":"EntryPoint","urlTemplate":"https:\/\/folhapopular.info\/?s={search_term_string}"},"query-input":{"@type":"PropertyValueSpecification","valueRequired":true,"valueName":"search_term_string"}}],"inLanguage":"pt-BR"},{"@type":"Person","@id":"https:\/\/folhapopular.info\/#\/schema\/person\/e852c327371714676d02e58cf917fd9f","name":"Luis Augusto Huppes","image":{"@type":"ImageObject","inLanguage":"pt-BR","@id":"https:\/\/folhapopular.info\/wp-content\/uploads\/2026\/04\/Luis-Augusto-Huppes-1-1.webp","url":"https:\/\/folhapopular.info\/wp-content\/uploads\/2026\/04\/Luis-Augusto-Huppes-1-1.webp","contentUrl":"https:\/\/folhapopular.info\/wp-content\/uploads\/2026\/04\/Luis-Augusto-Huppes-1-1.webp","caption":"Luis Augusto Huppes"},"sameAs":["https:\/\/www.facebook.com\/luis.huppes\/","https:\/\/www.instagram.com\/luis.huppes\/","https:\/\/www.linkedin.com\/in\/luis-augusto-huppes-2554b52b7\/"],"url":"https:\/\/folhapopular.info\/index.php\/author\/luis-augusto-huppes\/"}]}},"jetpack_featured_media_url":"https:\/\/folhapopular.info\/wp-content\/uploads\/2025\/10\/WhatsApp-Image-2025-10-03-at-16.23.02.jpeg","jetpack_sharing_enabled":true,"amp_enabled":true,"_links":{"self":[{"href":"https:\/\/folhapopular.info\/index.php\/wp-json\/wp\/v2\/posts\/195491","targetHints":{"allow":["GET"]}}],"collection":[{"href":"https:\/\/folhapopular.info\/index.php\/wp-json\/wp\/v2\/posts"}],"about":[{"href":"https:\/\/folhapopular.info\/index.php\/wp-json\/wp\/v2\/types\/post"}],"author":[{"embeddable":true,"href":"https:\/\/folhapopular.info\/index.php\/wp-json\/wp\/v2\/users\/732"}],"replies":[{"embeddable":true,"href":"https:\/\/folhapopular.info\/index.php\/wp-json\/wp\/v2\/comments?post=195491"}],"version-history":[{"count":0,"href":"https:\/\/folhapopular.info\/index.php\/wp-json\/wp\/v2\/posts\/195491\/revisions"}],"wp:featuredmedia":[{"embeddable":true,"href":"https:\/\/folhapopular.info\/index.php\/wp-json\/wp\/v2\/media\/195492"}],"wp:attachment":[{"href":"https:\/\/folhapopular.info\/index.php\/wp-json\/wp\/v2\/media?parent=195491"}],"wp:term":[{"taxonomy":"category","embeddable":true,"href":"https:\/\/folhapopular.info\/index.php\/wp-json\/wp\/v2\/categories?post=195491"},{"taxonomy":"post_tag","embeddable":true,"href":"https:\/\/folhapopular.info\/index.php\/wp-json\/wp\/v2\/tags?post=195491"}],"curies":[{"name":"wp","href":"https:\/\/api.w.org\/{rel}","templated":true}]}}