{"id":195655,"date":"2025-10-07T16:30:00","date_gmt":"2025-10-07T19:30:00","guid":{"rendered":"https:\/\/folhapopular.info\/?p=195655"},"modified":"2025-10-07T10:25:02","modified_gmt":"2025-10-07T13:25:02","slug":"imigrante-celebra-a-32a-festa-municipal-do-idoso-com-homenagens-e-muita-alegria","status":"publish","type":"post","link":"https:\/\/folhapopular.info\/index.php\/2025\/10\/07\/imigrante-celebra-a-32a-festa-municipal-do-idoso-com-homenagens-e-muita-alegria\/","title":{"rendered":"Imigrante celebra a 32\u00aa Festa Municipal do Idoso com homenagens e muita alegria"},"content":{"rendered":"\n<p>O munic\u00edpio de Imigrante celebrou na \u00faltima sexta-feira (3\/10) a 32\u00aa edi\u00e7\u00e3o da Festa Municipal do Idoso, um dos eventos mais tradicionais da cidade. Realizada no Gin\u00e1sio Municipal e promovida pela Secretaria de Sa\u00fade e Assist\u00eancia Social, a festa reuniu centenas de participantes em um dia marcado pela confraterniza\u00e7\u00e3o, m\u00fasica e homenagens que celebram a trajet\u00f3ria e o legado dos idosos da comunidade.<\/p>\n\n\n\n<p>A programa\u00e7\u00e3o teve in\u00edcio com apresenta\u00e7\u00f5es culturais da Orquestra Jovem e das turmas do Jardim e 1\u00ba ano da Escola Municipal de Ensino Fundamentak Arco-\u00cdris, emocionando o p\u00fablico com talento e afeto entre gera\u00e7\u00f5es. Logo ap\u00f3s, ocorreu um momento ecum\u00eanico, conduzido pela pastora Elisangela Borcherdt Rower e pelo frei Milton Backes, seguido da abertura oficial do evento, que contou com a presen\u00e7a do prefeito Germano Stevens, do vice-prefeito Fabiano Acadroli, vereadores, secret\u00e1rios municipais e demais autoridades.<\/p>\n\n\n\n<p>Um dos momentos mais especiais da manh\u00e3 foi a homenagem aos idosos mais experientes de cada Micro\u00e1rea de Sa\u00fade do munic\u00edpio \u2014 s\u00edmbolo do respeito \u00e0s mem\u00f3rias e hist\u00f3rias que ajudaram a construir os 37 anos de Imigrante. Os homenageados foram:<\/p>\n\n\n\n<p>Helma Suhre Scholler (96 anos) \u2013 Micro 1<\/p>\n\n\n\n<p>Helma Meinen Prediger (98 anos) \u2013 Micro 2<\/p>\n\n\n\n<p>Elka Hassmann (97 anos) \u2013 Micro 3<\/p>\n\n\n\n<p>Selmyra Schmitt Sostmeyer (94 anos) \u2013 Micro 4<\/p>\n\n\n\n<p>Elsa Fassini (96 anos) \u2013 Micro 5<\/p>\n\n\n\n<p>Elsa Gema Rabaioli (98 anos) \u2013 Micro 6<\/p>\n\n\n\n<p>Vendelino Fiorini (93 anos) \u2013 Micro 7<\/p>\n\n\n\n<p>No per\u00edodo da tarde, a anima\u00e7\u00e3o continuou com a apresenta\u00e7\u00e3o do Grupo de Dan\u00e7as Nova Vida, seguida do tradicional baile comandado pela banda JD e Cia, que embalou a festa com alegria at\u00e9 o fim do dia. Pain\u00e9is fotogr\u00e1ficos foram disponibilizados para registrar os sorrisos e reencontros marcantes entre amigos e familiares.<\/p>\n\n\n\n<p><\/p>\n","protected":false},"excerpt":{"rendered":"<p>O munic\u00edpio de Imigrante celebrou na \u00faltima sexta-feira (3\/10) a 32\u00aa edi\u00e7\u00e3o da Festa Municipal do Idoso, um dos eventos mais tradicionais da cidade. Realizada no Gin\u00e1sio Municipal e promovida pela Secretaria de Sa\u00fade e Assist\u00eancia Social, a festa reuniu centenas de participantes em um dia marcado pela confraterniza\u00e7\u00e3o, m\u00fasica e homenagens que celebram a [&hellip;]<\/p>\n","protected":false},"author":8,"featured_media":195656,"comment_status":"open","ping_status":"open","sticky":false,"template":"","format":"standard","meta":{"pmpro_default_level":"","_jetpack_memberships_contains_paid_content":false,"footnotes":""},"categories":[2,6],"tags":[19638,599,34],"class_list":{"0":"post-195655","1":"post","2":"type-post","3":"status-publish","4":"format-standard","5":"has-post-thumbnail","7":"category-featured","8":"category-inclusive","9":"tag-festa-municipal-de-idoso","10":"tag-idosos","11":"tag-imigrante","12":"pmpro-has-access"},"yoast_head":"<!-- This site is optimized with the Yoast SEO plugin v27.5 - https:\/\/yoast.com\/product\/yoast-seo-wordpress\/ -->\n<title>Imigrante celebra a 32\u00aa Festa Municipal do Idoso com homenagens e muita alegria - Folha Popular<\/title>\n<meta name=\"robots\" content=\"index, follow, max-snippet:-1, max-image-preview:large, max-video-preview:-1\" \/>\n<link rel=\"canonical\" href=\"https:\/\/folhapopular.info\/index.php\/2025\/10\/07\/imigrante-celebra-a-32a-festa-municipal-do-idoso-com-homenagens-e-muita-alegria\/\" \/>\n<meta property=\"og:locale\" content=\"pt_BR\" \/>\n<meta property=\"og:type\" content=\"article\" \/>\n<meta property=\"og:title\" content=\"Imigrante celebra a 32\u00aa Festa Municipal do Idoso com homenagens e muita alegria - Folha Popular\" \/>\n<meta property=\"og:description\" content=\"O munic\u00edpio de Imigrante celebrou na \u00faltima sexta-feira (3\/10) a 32\u00aa edi\u00e7\u00e3o da Festa Municipal do Idoso, um dos eventos mais tradicionais da cidade. Realizada no Gin\u00e1sio Municipal e promovida pela Secretaria de Sa\u00fade e Assist\u00eancia Social, a festa reuniu centenas de participantes em um dia marcado pela confraterniza\u00e7\u00e3o, m\u00fasica e homenagens que celebram a [&hellip;]\" \/>\n<meta property=\"og:url\" content=\"https:\/\/folhapopular.info\/index.php\/2025\/10\/07\/imigrante-celebra-a-32a-festa-municipal-do-idoso-com-homenagens-e-muita-alegria\/\" \/>\n<meta property=\"og:site_name\" content=\"Folha Popular\" \/>\n<meta property=\"article:published_time\" content=\"2025-10-07T19:30:00+00:00\" \/>\n<meta property=\"og:image\" content=\"https:\/\/folhapopular.info\/wp-content\/uploads\/2025\/10\/DSC_0294-scaled.jpg\" \/>\n\t<meta property=\"og:image:width\" content=\"2560\" \/>\n\t<meta property=\"og:image:height\" content=\"1707\" \/>\n\t<meta property=\"og:image:type\" content=\"image\/jpeg\" \/>\n<meta name=\"author\" content=\"Reda\u00e7\u00e3o Folha Popular\" \/>\n<meta name=\"twitter:card\" content=\"summary_large_image\" \/>\n<meta name=\"twitter:label1\" content=\"Escrito por\" \/>\n\t<meta name=\"twitter:data1\" content=\"Reda\u00e7\u00e3o Folha Popular\" \/>\n\t<meta name=\"twitter:label2\" content=\"Est. tempo de leitura\" \/>\n\t<meta name=\"twitter:data2\" content=\"2 minutos\" \/>\n<script type=\"application\/ld+json\" class=\"yoast-schema-graph\">{\"@context\":\"https:\\\/\\\/schema.org\",\"@graph\":[{\"@type\":\"Article\",\"@id\":\"https:\\\/\\\/folhapopular.info\\\/index.php\\\/2025\\\/10\\\/07\\\/imigrante-celebra-a-32a-festa-municipal-do-idoso-com-homenagens-e-muita-alegria\\\/#article\",\"isPartOf\":{\"@id\":\"https:\\\/\\\/folhapopular.info\\\/index.php\\\/2025\\\/10\\\/07\\\/imigrante-celebra-a-32a-festa-municipal-do-idoso-com-homenagens-e-muita-alegria\\\/\"},\"author\":{\"name\":\"Reda\u00e7\u00e3o Folha Popular\",\"@id\":\"https:\\\/\\\/folhapopular.info\\\/#\\\/schema\\\/person\\\/2814e8a0df7643585a9ca38bc6eb9d4b\"},\"headline\":\"Imigrante celebra a 32\u00aa Festa Municipal do Idoso com homenagens e muita alegria\",\"datePublished\":\"2025-10-07T19:30:00+00:00\",\"mainEntityOfPage\":{\"@id\":\"https:\\\/\\\/folhapopular.info\\\/index.php\\\/2025\\\/10\\\/07\\\/imigrante-celebra-a-32a-festa-municipal-do-idoso-com-homenagens-e-muita-alegria\\\/\"},\"wordCount\":301,\"commentCount\":0,\"image\":{\"@id\":\"https:\\\/\\\/folhapopular.info\\\/index.php\\\/2025\\\/10\\\/07\\\/imigrante-celebra-a-32a-festa-municipal-do-idoso-com-homenagens-e-muita-alegria\\\/#primaryimage\"},\"thumbnailUrl\":\"https:\\\/\\\/folhapopular.info\\\/wp-content\\\/uploads\\\/2025\\\/10\\\/DSC_0294-scaled.jpg\",\"keywords\":[\"Festa Municipal de Idoso\",\"Idosos\",\"Imigrante\"],\"articleSection\":[\"Destaques\",\"Inclusive\"],\"inLanguage\":\"pt-BR\",\"potentialAction\":[{\"@type\":\"CommentAction\",\"name\":\"Comment\",\"target\":[\"https:\\\/\\\/folhapopular.info\\\/index.php\\\/2025\\\/10\\\/07\\\/imigrante-celebra-a-32a-festa-municipal-do-idoso-com-homenagens-e-muita-alegria\\\/#respond\"]}]},{\"@type\":\"WebPage\",\"@id\":\"https:\\\/\\\/folhapopular.info\\\/index.php\\\/2025\\\/10\\\/07\\\/imigrante-celebra-a-32a-festa-municipal-do-idoso-com-homenagens-e-muita-alegria\\\/\",\"url\":\"https:\\\/\\\/folhapopular.info\\\/index.php\\\/2025\\\/10\\\/07\\\/imigrante-celebra-a-32a-festa-municipal-do-idoso-com-homenagens-e-muita-alegria\\\/\",\"name\":\"Imigrante celebra a 32\u00aa Festa Municipal do Idoso com homenagens e muita alegria - Folha Popular\",\"isPartOf\":{\"@id\":\"https:\\\/\\\/folhapopular.info\\\/#website\"},\"primaryImageOfPage\":{\"@id\":\"https:\\\/\\\/folhapopular.info\\\/index.php\\\/2025\\\/10\\\/07\\\/imigrante-celebra-a-32a-festa-municipal-do-idoso-com-homenagens-e-muita-alegria\\\/#primaryimage\"},\"image\":{\"@id\":\"https:\\\/\\\/folhapopular.info\\\/index.php\\\/2025\\\/10\\\/07\\\/imigrante-celebra-a-32a-festa-municipal-do-idoso-com-homenagens-e-muita-alegria\\\/#primaryimage\"},\"thumbnailUrl\":\"https:\\\/\\\/folhapopular.info\\\/wp-content\\\/uploads\\\/2025\\\/10\\\/DSC_0294-scaled.jpg\",\"datePublished\":\"2025-10-07T19:30:00+00:00\",\"author\":{\"@id\":\"https:\\\/\\\/folhapopular.info\\\/#\\\/schema\\\/person\\\/2814e8a0df7643585a9ca38bc6eb9d4b\"},\"breadcrumb\":{\"@id\":\"https:\\\/\\\/folhapopular.info\\\/index.php\\\/2025\\\/10\\\/07\\\/imigrante-celebra-a-32a-festa-municipal-do-idoso-com-homenagens-e-muita-alegria\\\/#breadcrumb\"},\"inLanguage\":\"pt-BR\",\"potentialAction\":[{\"@type\":\"ReadAction\",\"target\":[\"https:\\\/\\\/folhapopular.info\\\/index.php\\\/2025\\\/10\\\/07\\\/imigrante-celebra-a-32a-festa-municipal-do-idoso-com-homenagens-e-muita-alegria\\\/\"]}]},{\"@type\":\"ImageObject\",\"inLanguage\":\"pt-BR\",\"@id\":\"https:\\\/\\\/folhapopular.info\\\/index.php\\\/2025\\\/10\\\/07\\\/imigrante-celebra-a-32a-festa-municipal-do-idoso-com-homenagens-e-muita-alegria\\\/#primaryimage\",\"url\":\"https:\\\/\\\/folhapopular.info\\\/wp-content\\\/uploads\\\/2025\\\/10\\\/DSC_0294-scaled.jpg\",\"contentUrl\":\"https:\\\/\\\/folhapopular.info\\\/wp-content\\\/uploads\\\/2025\\\/10\\\/DSC_0294-scaled.jpg\",\"width\":2560,\"height\":1707,\"caption\":\"Cr\u00e9dito: Prefeitura de Imigrante \\\/ Divulga\u00e7\u00e3o\"},{\"@type\":\"BreadcrumbList\",\"@id\":\"https:\\\/\\\/folhapopular.info\\\/index.php\\\/2025\\\/10\\\/07\\\/imigrante-celebra-a-32a-festa-municipal-do-idoso-com-homenagens-e-muita-alegria\\\/#breadcrumb\",\"itemListElement\":[{\"@type\":\"ListItem\",\"position\":1,\"name\":\"In\u00edcio\",\"item\":\"https:\\\/\\\/folhapopular.info\\\/\"},{\"@type\":\"ListItem\",\"position\":2,\"name\":\"Imigrante celebra a 32\u00aa Festa Municipal do Idoso com homenagens e muita alegria\"}]},{\"@type\":\"WebSite\",\"@id\":\"https:\\\/\\\/folhapopular.info\\\/#website\",\"url\":\"https:\\\/\\\/folhapopular.info\\\/\",\"name\":\"Folha Popular\",\"description\":\"Onde voc\u00ea tem vez e voz\",\"potentialAction\":[{\"@type\":\"SearchAction\",\"target\":{\"@type\":\"EntryPoint\",\"urlTemplate\":\"https:\\\/\\\/folhapopular.info\\\/?s={search_term_string}\"},\"query-input\":{\"@type\":\"PropertyValueSpecification\",\"valueRequired\":true,\"valueName\":\"search_term_string\"}}],\"inLanguage\":\"pt-BR\"},{\"@type\":\"Person\",\"@id\":\"https:\\\/\\\/folhapopular.info\\\/#\\\/schema\\\/person\\\/2814e8a0df7643585a9ca38bc6eb9d4b\",\"name\":\"Reda\u00e7\u00e3o Folha Popular\",\"image\":{\"@type\":\"ImageObject\",\"inLanguage\":\"pt-BR\",\"@id\":\"https:\\\/\\\/folhapopular.info\\\/wp-content\\\/uploads\\\/2026\\\/04\\\/Folha-1.webp\",\"url\":\"https:\\\/\\\/folhapopular.info\\\/wp-content\\\/uploads\\\/2026\\\/04\\\/Folha-1.webp\",\"contentUrl\":\"https:\\\/\\\/folhapopular.info\\\/wp-content\\\/uploads\\\/2026\\\/04\\\/Folha-1.webp\",\"caption\":\"Reda\u00e7\u00e3o Folha Popular\"},\"url\":\"https:\\\/\\\/folhapopular.info\\\/index.php\\\/author\\\/redacao\\\/\"}]}<\/script>\n<!-- \/ Yoast SEO plugin. -->","yoast_head_json":{"title":"Imigrante celebra a 32\u00aa Festa Municipal do Idoso com homenagens e muita alegria - Folha Popular","robots":{"index":"index","follow":"follow","max-snippet":"max-snippet:-1","max-image-preview":"max-image-preview:large","max-video-preview":"max-video-preview:-1"},"canonical":"https:\/\/folhapopular.info\/index.php\/2025\/10\/07\/imigrante-celebra-a-32a-festa-municipal-do-idoso-com-homenagens-e-muita-alegria\/","og_locale":"pt_BR","og_type":"article","og_title":"Imigrante celebra a 32\u00aa Festa Municipal do Idoso com homenagens e muita alegria - Folha Popular","og_description":"O munic\u00edpio de Imigrante celebrou na \u00faltima sexta-feira (3\/10) a 32\u00aa edi\u00e7\u00e3o da Festa Municipal do Idoso, um dos eventos mais tradicionais da cidade. Realizada no Gin\u00e1sio Municipal e promovida pela Secretaria de Sa\u00fade e Assist\u00eancia Social, a festa reuniu centenas de participantes em um dia marcado pela confraterniza\u00e7\u00e3o, m\u00fasica e homenagens que celebram a [&hellip;]","og_url":"https:\/\/folhapopular.info\/index.php\/2025\/10\/07\/imigrante-celebra-a-32a-festa-municipal-do-idoso-com-homenagens-e-muita-alegria\/","og_site_name":"Folha Popular","article_published_time":"2025-10-07T19:30:00+00:00","og_image":[{"width":2560,"height":1707,"url":"https:\/\/folhapopular.info\/wp-content\/uploads\/2025\/10\/DSC_0294-scaled.jpg","type":"image\/jpeg"}],"author":"Reda\u00e7\u00e3o Folha Popular","twitter_card":"summary_large_image","twitter_misc":{"Escrito por":"Reda\u00e7\u00e3o Folha Popular","Est. tempo de leitura":"2 minutos"},"schema":{"@context":"https:\/\/schema.org","@graph":[{"@type":"Article","@id":"https:\/\/folhapopular.info\/index.php\/2025\/10\/07\/imigrante-celebra-a-32a-festa-municipal-do-idoso-com-homenagens-e-muita-alegria\/#article","isPartOf":{"@id":"https:\/\/folhapopular.info\/index.php\/2025\/10\/07\/imigrante-celebra-a-32a-festa-municipal-do-idoso-com-homenagens-e-muita-alegria\/"},"author":{"name":"Reda\u00e7\u00e3o Folha Popular","@id":"https:\/\/folhapopular.info\/#\/schema\/person\/2814e8a0df7643585a9ca38bc6eb9d4b"},"headline":"Imigrante celebra a 32\u00aa Festa Municipal do Idoso com homenagens e muita alegria","datePublished":"2025-10-07T19:30:00+00:00","mainEntityOfPage":{"@id":"https:\/\/folhapopular.info\/index.php\/2025\/10\/07\/imigrante-celebra-a-32a-festa-municipal-do-idoso-com-homenagens-e-muita-alegria\/"},"wordCount":301,"commentCount":0,"image":{"@id":"https:\/\/folhapopular.info\/index.php\/2025\/10\/07\/imigrante-celebra-a-32a-festa-municipal-do-idoso-com-homenagens-e-muita-alegria\/#primaryimage"},"thumbnailUrl":"https:\/\/folhapopular.info\/wp-content\/uploads\/2025\/10\/DSC_0294-scaled.jpg","keywords":["Festa Municipal de Idoso","Idosos","Imigrante"],"articleSection":["Destaques","Inclusive"],"inLanguage":"pt-BR","potentialAction":[{"@type":"CommentAction","name":"Comment","target":["https:\/\/folhapopular.info\/index.php\/2025\/10\/07\/imigrante-celebra-a-32a-festa-municipal-do-idoso-com-homenagens-e-muita-alegria\/#respond"]}]},{"@type":"WebPage","@id":"https:\/\/folhapopular.info\/index.php\/2025\/10\/07\/imigrante-celebra-a-32a-festa-municipal-do-idoso-com-homenagens-e-muita-alegria\/","url":"https:\/\/folhapopular.info\/index.php\/2025\/10\/07\/imigrante-celebra-a-32a-festa-municipal-do-idoso-com-homenagens-e-muita-alegria\/","name":"Imigrante celebra a 32\u00aa Festa Municipal do Idoso com homenagens e muita alegria - Folha Popular","isPartOf":{"@id":"https:\/\/folhapopular.info\/#website"},"primaryImageOfPage":{"@id":"https:\/\/folhapopular.info\/index.php\/2025\/10\/07\/imigrante-celebra-a-32a-festa-municipal-do-idoso-com-homenagens-e-muita-alegria\/#primaryimage"},"image":{"@id":"https:\/\/folhapopular.info\/index.php\/2025\/10\/07\/imigrante-celebra-a-32a-festa-municipal-do-idoso-com-homenagens-e-muita-alegria\/#primaryimage"},"thumbnailUrl":"https:\/\/folhapopular.info\/wp-content\/uploads\/2025\/10\/DSC_0294-scaled.jpg","datePublished":"2025-10-07T19:30:00+00:00","author":{"@id":"https:\/\/folhapopular.info\/#\/schema\/person\/2814e8a0df7643585a9ca38bc6eb9d4b"},"breadcrumb":{"@id":"https:\/\/folhapopular.info\/index.php\/2025\/10\/07\/imigrante-celebra-a-32a-festa-municipal-do-idoso-com-homenagens-e-muita-alegria\/#breadcrumb"},"inLanguage":"pt-BR","potentialAction":[{"@type":"ReadAction","target":["https:\/\/folhapopular.info\/index.php\/2025\/10\/07\/imigrante-celebra-a-32a-festa-municipal-do-idoso-com-homenagens-e-muita-alegria\/"]}]},{"@type":"ImageObject","inLanguage":"pt-BR","@id":"https:\/\/folhapopular.info\/index.php\/2025\/10\/07\/imigrante-celebra-a-32a-festa-municipal-do-idoso-com-homenagens-e-muita-alegria\/#primaryimage","url":"https:\/\/folhapopular.info\/wp-content\/uploads\/2025\/10\/DSC_0294-scaled.jpg","contentUrl":"https:\/\/folhapopular.info\/wp-content\/uploads\/2025\/10\/DSC_0294-scaled.jpg","width":2560,"height":1707,"caption":"Cr\u00e9dito: Prefeitura de Imigrante \/ Divulga\u00e7\u00e3o"},{"@type":"BreadcrumbList","@id":"https:\/\/folhapopular.info\/index.php\/2025\/10\/07\/imigrante-celebra-a-32a-festa-municipal-do-idoso-com-homenagens-e-muita-alegria\/#breadcrumb","itemListElement":[{"@type":"ListItem","position":1,"name":"In\u00edcio","item":"https:\/\/folhapopular.info\/"},{"@type":"ListItem","position":2,"name":"Imigrante celebra a 32\u00aa Festa Municipal do Idoso com homenagens e muita alegria"}]},{"@type":"WebSite","@id":"https:\/\/folhapopular.info\/#website","url":"https:\/\/folhapopular.info\/","name":"Folha Popular","description":"Onde voc\u00ea tem vez e voz","potentialAction":[{"@type":"SearchAction","target":{"@type":"EntryPoint","urlTemplate":"https:\/\/folhapopular.info\/?s={search_term_string}"},"query-input":{"@type":"PropertyValueSpecification","valueRequired":true,"valueName":"search_term_string"}}],"inLanguage":"pt-BR"},{"@type":"Person","@id":"https:\/\/folhapopular.info\/#\/schema\/person\/2814e8a0df7643585a9ca38bc6eb9d4b","name":"Reda\u00e7\u00e3o Folha Popular","image":{"@type":"ImageObject","inLanguage":"pt-BR","@id":"https:\/\/folhapopular.info\/wp-content\/uploads\/2026\/04\/Folha-1.webp","url":"https:\/\/folhapopular.info\/wp-content\/uploads\/2026\/04\/Folha-1.webp","contentUrl":"https:\/\/folhapopular.info\/wp-content\/uploads\/2026\/04\/Folha-1.webp","caption":"Reda\u00e7\u00e3o Folha Popular"},"url":"https:\/\/folhapopular.info\/index.php\/author\/redacao\/"}]}},"jetpack_featured_media_url":"https:\/\/folhapopular.info\/wp-content\/uploads\/2025\/10\/DSC_0294-scaled.jpg","jetpack_sharing_enabled":true,"amp_enabled":true,"_links":{"self":[{"href":"https:\/\/folhapopular.info\/index.php\/wp-json\/wp\/v2\/posts\/195655","targetHints":{"allow":["GET"]}}],"collection":[{"href":"https:\/\/folhapopular.info\/index.php\/wp-json\/wp\/v2\/posts"}],"about":[{"href":"https:\/\/folhapopular.info\/index.php\/wp-json\/wp\/v2\/types\/post"}],"author":[{"embeddable":true,"href":"https:\/\/folhapopular.info\/index.php\/wp-json\/wp\/v2\/users\/8"}],"replies":[{"embeddable":true,"href":"https:\/\/folhapopular.info\/index.php\/wp-json\/wp\/v2\/comments?post=195655"}],"version-history":[{"count":0,"href":"https:\/\/folhapopular.info\/index.php\/wp-json\/wp\/v2\/posts\/195655\/revisions"}],"wp:featuredmedia":[{"embeddable":true,"href":"https:\/\/folhapopular.info\/index.php\/wp-json\/wp\/v2\/media\/195656"}],"wp:attachment":[{"href":"https:\/\/folhapopular.info\/index.php\/wp-json\/wp\/v2\/media?parent=195655"}],"wp:term":[{"taxonomy":"category","embeddable":true,"href":"https:\/\/folhapopular.info\/index.php\/wp-json\/wp\/v2\/categories?post=195655"},{"taxonomy":"post_tag","embeddable":true,"href":"https:\/\/folhapopular.info\/index.php\/wp-json\/wp\/v2\/tags?post=195655"}],"curies":[{"name":"wp","href":"https:\/\/api.w.org\/{rel}","templated":true}]}}