{"id":195671,"date":"2025-10-07T10:24:31","date_gmt":"2025-10-07T13:24:31","guid":{"rendered":"https:\/\/folhapopular.info\/?p=195671"},"modified":"2025-10-07T10:24:38","modified_gmt":"2025-10-07T13:24:38","slug":"rotaract-club-teutonia-divulga-selecionadas-para-o-projeto-15-anos-dos-sonhos","status":"publish","type":"post","link":"https:\/\/folhapopular.info\/index.php\/2025\/10\/07\/rotaract-club-teutonia-divulga-selecionadas-para-o-projeto-15-anos-dos-sonhos\/","title":{"rendered":"Rotaract Club Teut\u00f4nia divulga selecionadas para o projeto 15 Anos dos Sonhos"},"content":{"rendered":"\n<p>O Rotaract Club Teut\u00f4nia divulgou os nomes das tr\u00eas adolescentes selecionadas para a 7\u00aa edi\u00e7\u00e3o do projeto <a href=\"https:\/\/folhapopular.info\/index.php\/2025\/09\/27\/15-anos-dos-sonhos-transforma-vidas-de-meninas-e-familias\/\" target=\"_blank\" rel=\"noreferrer noopener\">15 Anos dos Sonhos:<\/a> Ellen Delis Rohr, Ana J\u00falia Rex Klein e Isadora Fernanda Freire de Oliveira. Na segunda-feira (29\/10) foi realizada a reuni\u00e3o inicial com os familiares das participantes, momento voltado ao acolhimento, esclarecimento de d\u00favidas e apresenta\u00e7\u00e3o dos pr\u00f3ximos passos do projeto.<\/p>\n\n\n\n<p>As participantes t\u00eam acesso a cursos t\u00e9cnicos, idiomas, oficinas e mentorias, al\u00e9m de experi\u00eancias pr\u00e1ticas em empresas da regi\u00e3o, vivenciando o trabalho em equipe e o mundo profissional \u2013 tudo isso sem custo para elas ou suas fam\u00edlias. A \u00fanica exig\u00eancia \u00e9 o tempo e o envolvimento, que se transformam em lembran\u00e7as e aprendizado para a vida inteira.<\/p>\n\n\n\n<p>A grande noite ser\u00e1 no dia 28 de novembro, no Clube Recreativo Teutoniense, reunindo as jovens, familiares, amigos e parceiros que tornam o projeto poss\u00edvel. Para colaborar ou conhecer mais, o Rotaract de Teut\u00f4nia est\u00e1 nas redes sociais @rotaractclubteutonia.<\/p>\n\n\n\n<div class=\"wp-block-jetpack-slideshow aligncenter\" data-effect=\"slide\" style=\"--aspect-ratio:calc(576 \/ 1024)\"><div class=\"wp-block-jetpack-slideshow_container swiper\"><ul class=\"wp-block-jetpack-slideshow_swiper-wrapper swiper-wrapper\"><li class=\"wp-block-jetpack-slideshow_slide swiper-slide\"><figure><img loading=\"lazy\" decoding=\"async\" width=\"576\" height=\"1024\" alt=\"\" class=\"wp-block-jetpack-slideshow_image wp-image-195675\" data-id=\"195675\" data-aspect-ratio=\"576 \/ 1024\" src=\"https:\/\/folhapopular.info\/wp-content\/uploads\/2025\/10\/WhatsApp-Image-2025-10-07-at-09.50.14-576x1024.jpeg\" srcset=\"https:\/\/folhapopular.info\/wp-content\/uploads\/2025\/10\/WhatsApp-Image-2025-10-07-at-09.50.14-576x1024.jpeg 576w, https:\/\/folhapopular.info\/wp-content\/uploads\/2025\/10\/WhatsApp-Image-2025-10-07-at-09.50.14-169x300.jpeg 169w, https:\/\/folhapopular.info\/wp-content\/uploads\/2025\/10\/WhatsApp-Image-2025-10-07-at-09.50.14-236x420.jpeg 236w, https:\/\/folhapopular.info\/wp-content\/uploads\/2025\/10\/WhatsApp-Image-2025-10-07-at-09.50.14-696x1237.jpeg 696w, https:\/\/folhapopular.info\/wp-content\/uploads\/2025\/10\/WhatsApp-Image-2025-10-07-at-09.50.14.jpeg 720w\" sizes=\"(max-width: 576px) 100vw, 576px\" \/><figcaption class=\"wp-block-jetpack-slideshow_caption gallery-caption\">Ellen Delis Rohr \/ Cr\u00e9dito: Divulga\u00e7\u00e3o<\/figcaption><\/figure><\/li><li class=\"wp-block-jetpack-slideshow_slide swiper-slide\"><figure><img loading=\"lazy\" decoding=\"async\" width=\"576\" height=\"1024\" alt=\"\" class=\"wp-block-jetpack-slideshow_image wp-image-195673\" data-id=\"195673\" data-aspect-ratio=\"576 \/ 1024\" src=\"https:\/\/folhapopular.info\/wp-content\/uploads\/2025\/10\/WhatsApp-Image-2025-10-07-at-09.50.13-576x1024.jpeg\" srcset=\"https:\/\/folhapopular.info\/wp-content\/uploads\/2025\/10\/WhatsApp-Image-2025-10-07-at-09.50.13-576x1024.jpeg 576w, https:\/\/folhapopular.info\/wp-content\/uploads\/2025\/10\/WhatsApp-Image-2025-10-07-at-09.50.13-169x300.jpeg 169w, https:\/\/folhapopular.info\/wp-content\/uploads\/2025\/10\/WhatsApp-Image-2025-10-07-at-09.50.13-236x420.jpeg 236w, https:\/\/folhapopular.info\/wp-content\/uploads\/2025\/10\/WhatsApp-Image-2025-10-07-at-09.50.13-696x1237.jpeg 696w, https:\/\/folhapopular.info\/wp-content\/uploads\/2025\/10\/WhatsApp-Image-2025-10-07-at-09.50.13.jpeg 720w\" sizes=\"(max-width: 576px) 100vw, 576px\" \/><figcaption class=\"wp-block-jetpack-slideshow_caption gallery-caption\">Ana J\u00falia Rex Klein \/ Cr\u00e9dito: Divulga\u00e7\u00e3o<\/figcaption><\/figure><\/li><li class=\"wp-block-jetpack-slideshow_slide swiper-slide\"><figure><img loading=\"lazy\" decoding=\"async\" width=\"576\" height=\"1024\" alt=\"\" class=\"wp-block-jetpack-slideshow_image wp-image-195674\" data-id=\"195674\" data-aspect-ratio=\"576 \/ 1024\" src=\"https:\/\/folhapopular.info\/wp-content\/uploads\/2025\/10\/WhatsApp-Image-2025-10-07-at-09.50.12-576x1024.jpeg\" srcset=\"https:\/\/folhapopular.info\/wp-content\/uploads\/2025\/10\/WhatsApp-Image-2025-10-07-at-09.50.12-576x1024.jpeg 576w, https:\/\/folhapopular.info\/wp-content\/uploads\/2025\/10\/WhatsApp-Image-2025-10-07-at-09.50.12-169x300.jpeg 169w, https:\/\/folhapopular.info\/wp-content\/uploads\/2025\/10\/WhatsApp-Image-2025-10-07-at-09.50.12-236x420.jpeg 236w, https:\/\/folhapopular.info\/wp-content\/uploads\/2025\/10\/WhatsApp-Image-2025-10-07-at-09.50.12-696x1237.jpeg 696w, https:\/\/folhapopular.info\/wp-content\/uploads\/2025\/10\/WhatsApp-Image-2025-10-07-at-09.50.12.jpeg 720w\" sizes=\"(max-width: 576px) 100vw, 576px\" \/><figcaption class=\"wp-block-jetpack-slideshow_caption gallery-caption\">Isadora Fernanda Freire de Oliveira \/ Cr\u00e9dito: Divulga\u00e7\u00e3o<\/figcaption><\/figure><\/li><\/ul><a class=\"wp-block-jetpack-slideshow_button-prev swiper-button-prev swiper-button-white\" role=\"button\"><\/a><a class=\"wp-block-jetpack-slideshow_button-next swiper-button-next swiper-button-white\" role=\"button\"><\/a><a aria-label=\"Pause Slideshow\" class=\"wp-block-jetpack-slideshow_button-pause\" role=\"button\"><\/a><div class=\"wp-block-jetpack-slideshow_pagination swiper-pagination swiper-pagination-white\"><\/div><\/div><\/div>\n\n\n\n<h2 class=\"wp-block-heading\"><strong>Processo de sele\u00e7\u00e3o<\/strong><\/h2>\n\n\n\n<p>O processo de sele\u00e7\u00e3o envolve escolas da rede p\u00fablica municipal e estadual. Alunas s\u00e3o convidadas a escrever uma carta contando sua hist\u00f3ria e explicando por que desejam participar. A partir dessas narrativas, uma comiss\u00e3o do clube avalia as candidaturas com base em crit\u00e9rios como realidade social, envolvimento comunit\u00e1rio e motiva\u00e7\u00e3o pessoal.<\/p>\n\n\n\n<p>As jovens escolhidas s\u00e3o acompanhadas por membros volunt\u00e1rios do Rotaract e parceiros do projeto. Ao longo dos meses que antecedem a festa, participam de atividades de forma\u00e7\u00e3o e viv\u00eancias, como visitas a empresas locais, palestras, orienta\u00e7\u00e3o profissional e ensaios de dan\u00e7a.<\/p>\n\n\n\n<p>A culmin\u00e2ncia do projeto \u00e9 uma festa de debutante com tudo o que t\u00eam direito: vestidos escolhidos pelas pr\u00f3prias meninas, cabelo, maquiagem, jantar, valsa e homenagens. A celebra\u00e7\u00e3o envolve familiares e amigos, e \u00e9 realizada com o apoio de patrocinadores, com\u00e9rcio local, volunt\u00e1rios e doa\u00e7\u00f5es da comunidade.<\/p>\n\n\n\n<p><\/p>\n","protected":false},"excerpt":{"rendered":"<p>O Rotaract Club Teut\u00f4nia divulgou os nomes das tr\u00eas adolescentes selecionadas para a 7\u00aa edi\u00e7\u00e3o do projeto 15 Anos dos Sonhos: Ellen Delis Rohr, Ana J\u00falia Rex Klein e Isadora Fernanda Freire de Oliveira. Na segunda-feira (29\/10) foi realizada a reuni\u00e3o inicial com os familiares das participantes, momento voltado ao acolhimento, esclarecimento de d\u00favidas e [&hellip;]<\/p>\n","protected":false},"author":673,"featured_media":195672,"comment_status":"open","ping_status":"open","sticky":false,"template":"","format":"standard","meta":{"pmpro_default_level":"","_jetpack_memberships_contains_paid_content":false,"footnotes":""},"categories":[2,6,12657],"tags":[17197,13584,275,6265],"class_list":{"0":"post-195671","1":"post","2":"type-post","3":"status-publish","4":"format-standard","5":"has-post-thumbnail","7":"category-featured","8":"category-inclusive","9":"category-solidariedade","10":"tag-15-anos-dos-sonhos","11":"tag-quinze-anos-dos-sonhos","12":"tag-rotaract","13":"tag-rotaract-club-teutonia","14":"pmpro-has-access"},"yoast_head":"<!-- This site is optimized with the Yoast SEO plugin v27.5 - https:\/\/yoast.com\/product\/yoast-seo-wordpress\/ -->\n<title>Rotaract Club Teut\u00f4nia divulga selecionadas para o projeto 15 Anos dos Sonhos - Folha Popular<\/title>\n<meta name=\"robots\" content=\"index, follow, max-snippet:-1, max-image-preview:large, max-video-preview:-1\" \/>\n<link rel=\"canonical\" href=\"https:\/\/folhapopular.info\/index.php\/2025\/10\/07\/rotaract-club-teutonia-divulga-selecionadas-para-o-projeto-15-anos-dos-sonhos\/\" \/>\n<meta property=\"og:locale\" content=\"pt_BR\" \/>\n<meta property=\"og:type\" content=\"article\" \/>\n<meta property=\"og:title\" content=\"Rotaract Club Teut\u00f4nia divulga selecionadas para o projeto 15 Anos dos Sonhos - Folha Popular\" \/>\n<meta property=\"og:description\" content=\"O Rotaract Club Teut\u00f4nia divulgou os nomes das tr\u00eas adolescentes selecionadas para a 7\u00aa edi\u00e7\u00e3o do projeto 15 Anos dos Sonhos: Ellen Delis Rohr, Ana J\u00falia Rex Klein e Isadora Fernanda Freire de Oliveira. Na segunda-feira (29\/10) foi realizada a reuni\u00e3o inicial com os familiares das participantes, momento voltado ao acolhimento, esclarecimento de d\u00favidas e [&hellip;]\" \/>\n<meta property=\"og:url\" content=\"https:\/\/folhapopular.info\/index.php\/2025\/10\/07\/rotaract-club-teutonia-divulga-selecionadas-para-o-projeto-15-anos-dos-sonhos\/\" \/>\n<meta property=\"og:site_name\" content=\"Folha Popular\" \/>\n<meta property=\"article:published_time\" content=\"2025-10-07T13:24:31+00:00\" \/>\n<meta property=\"article:modified_time\" content=\"2025-10-07T13:24:38+00:00\" \/>\n<meta property=\"og:image\" content=\"http:\/\/folhapopular.info\/wp-content\/uploads\/2025\/10\/WhatsApp-Image-2025-10-07-at-09.49.56.jpeg\" \/>\n\t<meta property=\"og:image:width\" content=\"960\" \/>\n\t<meta property=\"og:image:height\" content=\"1280\" \/>\n\t<meta property=\"og:image:type\" content=\"image\/jpeg\" \/>\n<meta name=\"author\" content=\"Let\u00edcia Echer\" \/>\n<meta name=\"twitter:card\" content=\"summary_large_image\" \/>\n<meta name=\"twitter:label1\" content=\"Escrito por\" \/>\n\t<meta name=\"twitter:data1\" content=\"Let\u00edcia Echer\" \/>\n\t<meta name=\"twitter:label2\" content=\"Est. tempo de leitura\" \/>\n\t<meta name=\"twitter:data2\" content=\"3 minutos\" \/>\n<script type=\"application\/ld+json\" class=\"yoast-schema-graph\">{\"@context\":\"https:\\\/\\\/schema.org\",\"@graph\":[{\"@type\":\"Article\",\"@id\":\"https:\\\/\\\/folhapopular.info\\\/index.php\\\/2025\\\/10\\\/07\\\/rotaract-club-teutonia-divulga-selecionadas-para-o-projeto-15-anos-dos-sonhos\\\/#article\",\"isPartOf\":{\"@id\":\"https:\\\/\\\/folhapopular.info\\\/index.php\\\/2025\\\/10\\\/07\\\/rotaract-club-teutonia-divulga-selecionadas-para-o-projeto-15-anos-dos-sonhos\\\/\"},\"author\":{\"name\":\"Let\u00edcia Echer\",\"@id\":\"https:\\\/\\\/folhapopular.info\\\/#\\\/schema\\\/person\\\/52b95b9c1c41ec0e826e7518183d0cc0\"},\"headline\":\"Rotaract Club Teut\u00f4nia divulga selecionadas para o projeto 15 Anos dos Sonhos\",\"datePublished\":\"2025-10-07T13:24:31+00:00\",\"dateModified\":\"2025-10-07T13:24:38+00:00\",\"mainEntityOfPage\":{\"@id\":\"https:\\\/\\\/folhapopular.info\\\/index.php\\\/2025\\\/10\\\/07\\\/rotaract-club-teutonia-divulga-selecionadas-para-o-projeto-15-anos-dos-sonhos\\\/\"},\"wordCount\":370,\"commentCount\":0,\"image\":{\"@id\":\"https:\\\/\\\/folhapopular.info\\\/index.php\\\/2025\\\/10\\\/07\\\/rotaract-club-teutonia-divulga-selecionadas-para-o-projeto-15-anos-dos-sonhos\\\/#primaryimage\"},\"thumbnailUrl\":\"https:\\\/\\\/folhapopular.info\\\/wp-content\\\/uploads\\\/2025\\\/10\\\/WhatsApp-Image-2025-10-07-at-09.49.56.jpeg\",\"keywords\":[\"15 Anos dos Sonhos\",\"Quinze Anos dos Sonhos\",\"Rotaract\",\"Rotaract Club Teut\u00f4nia\"],\"articleSection\":[\"Destaques\",\"Inclusive\",\"Solidariedade\"],\"inLanguage\":\"pt-BR\",\"potentialAction\":[{\"@type\":\"CommentAction\",\"name\":\"Comment\",\"target\":[\"https:\\\/\\\/folhapopular.info\\\/index.php\\\/2025\\\/10\\\/07\\\/rotaract-club-teutonia-divulga-selecionadas-para-o-projeto-15-anos-dos-sonhos\\\/#respond\"]}]},{\"@type\":\"WebPage\",\"@id\":\"https:\\\/\\\/folhapopular.info\\\/index.php\\\/2025\\\/10\\\/07\\\/rotaract-club-teutonia-divulga-selecionadas-para-o-projeto-15-anos-dos-sonhos\\\/\",\"url\":\"https:\\\/\\\/folhapopular.info\\\/index.php\\\/2025\\\/10\\\/07\\\/rotaract-club-teutonia-divulga-selecionadas-para-o-projeto-15-anos-dos-sonhos\\\/\",\"name\":\"Rotaract Club Teut\u00f4nia divulga selecionadas para o projeto 15 Anos dos Sonhos - Folha Popular\",\"isPartOf\":{\"@id\":\"https:\\\/\\\/folhapopular.info\\\/#website\"},\"primaryImageOfPage\":{\"@id\":\"https:\\\/\\\/folhapopular.info\\\/index.php\\\/2025\\\/10\\\/07\\\/rotaract-club-teutonia-divulga-selecionadas-para-o-projeto-15-anos-dos-sonhos\\\/#primaryimage\"},\"image\":{\"@id\":\"https:\\\/\\\/folhapopular.info\\\/index.php\\\/2025\\\/10\\\/07\\\/rotaract-club-teutonia-divulga-selecionadas-para-o-projeto-15-anos-dos-sonhos\\\/#primaryimage\"},\"thumbnailUrl\":\"https:\\\/\\\/folhapopular.info\\\/wp-content\\\/uploads\\\/2025\\\/10\\\/WhatsApp-Image-2025-10-07-at-09.49.56.jpeg\",\"datePublished\":\"2025-10-07T13:24:31+00:00\",\"dateModified\":\"2025-10-07T13:24:38+00:00\",\"author\":{\"@id\":\"https:\\\/\\\/folhapopular.info\\\/#\\\/schema\\\/person\\\/52b95b9c1c41ec0e826e7518183d0cc0\"},\"breadcrumb\":{\"@id\":\"https:\\\/\\\/folhapopular.info\\\/index.php\\\/2025\\\/10\\\/07\\\/rotaract-club-teutonia-divulga-selecionadas-para-o-projeto-15-anos-dos-sonhos\\\/#breadcrumb\"},\"inLanguage\":\"pt-BR\",\"potentialAction\":[{\"@type\":\"ReadAction\",\"target\":[\"https:\\\/\\\/folhapopular.info\\\/index.php\\\/2025\\\/10\\\/07\\\/rotaract-club-teutonia-divulga-selecionadas-para-o-projeto-15-anos-dos-sonhos\\\/\"]}]},{\"@type\":\"ImageObject\",\"inLanguage\":\"pt-BR\",\"@id\":\"https:\\\/\\\/folhapopular.info\\\/index.php\\\/2025\\\/10\\\/07\\\/rotaract-club-teutonia-divulga-selecionadas-para-o-projeto-15-anos-dos-sonhos\\\/#primaryimage\",\"url\":\"https:\\\/\\\/folhapopular.info\\\/wp-content\\\/uploads\\\/2025\\\/10\\\/WhatsApp-Image-2025-10-07-at-09.49.56.jpeg\",\"contentUrl\":\"https:\\\/\\\/folhapopular.info\\\/wp-content\\\/uploads\\\/2025\\\/10\\\/WhatsApp-Image-2025-10-07-at-09.49.56.jpeg\",\"width\":960,\"height\":1280,\"caption\":\"O ponto alto do cronograma, a festa de 15 anos, ser\u00e1 no dia 28 de novembro \\\/ Cr\u00e9dito: Divulga\u00e7\u00e3o\"},{\"@type\":\"BreadcrumbList\",\"@id\":\"https:\\\/\\\/folhapopular.info\\\/index.php\\\/2025\\\/10\\\/07\\\/rotaract-club-teutonia-divulga-selecionadas-para-o-projeto-15-anos-dos-sonhos\\\/#breadcrumb\",\"itemListElement\":[{\"@type\":\"ListItem\",\"position\":1,\"name\":\"In\u00edcio\",\"item\":\"https:\\\/\\\/folhapopular.info\\\/\"},{\"@type\":\"ListItem\",\"position\":2,\"name\":\"Rotaract Club Teut\u00f4nia divulga selecionadas para o projeto 15 Anos dos Sonhos\"}]},{\"@type\":\"WebSite\",\"@id\":\"https:\\\/\\\/folhapopular.info\\\/#website\",\"url\":\"https:\\\/\\\/folhapopular.info\\\/\",\"name\":\"Folha Popular\",\"description\":\"Onde voc\u00ea tem vez e voz\",\"potentialAction\":[{\"@type\":\"SearchAction\",\"target\":{\"@type\":\"EntryPoint\",\"urlTemplate\":\"https:\\\/\\\/folhapopular.info\\\/?s={search_term_string}\"},\"query-input\":{\"@type\":\"PropertyValueSpecification\",\"valueRequired\":true,\"valueName\":\"search_term_string\"}}],\"inLanguage\":\"pt-BR\"},{\"@type\":\"Person\",\"@id\":\"https:\\\/\\\/folhapopular.info\\\/#\\\/schema\\\/person\\\/52b95b9c1c41ec0e826e7518183d0cc0\",\"name\":\"Let\u00edcia Echer\",\"image\":{\"@type\":\"ImageObject\",\"inLanguage\":\"pt-BR\",\"@id\":\"https:\\\/\\\/secure.gravatar.com\\\/avatar\\\/303201b45d8f4e048c95808925ff8953fa7ebc0e52cb5b3af1fc9e3d52c95645?s=96&d=mm&r=g\",\"url\":\"https:\\\/\\\/secure.gravatar.com\\\/avatar\\\/303201b45d8f4e048c95808925ff8953fa7ebc0e52cb5b3af1fc9e3d52c95645?s=96&d=mm&r=g\",\"contentUrl\":\"https:\\\/\\\/secure.gravatar.com\\\/avatar\\\/303201b45d8f4e048c95808925ff8953fa7ebc0e52cb5b3af1fc9e3d52c95645?s=96&d=mm&r=g\",\"caption\":\"Let\u00edcia Echer\"},\"url\":\"https:\\\/\\\/folhapopular.info\\\/index.php\\\/author\\\/leticiaecher04gmail-com\\\/\"}]}<\/script>\n<!-- \/ Yoast SEO plugin. -->","yoast_head_json":{"title":"Rotaract Club Teut\u00f4nia divulga selecionadas para o projeto 15 Anos dos Sonhos - Folha Popular","robots":{"index":"index","follow":"follow","max-snippet":"max-snippet:-1","max-image-preview":"max-image-preview:large","max-video-preview":"max-video-preview:-1"},"canonical":"https:\/\/folhapopular.info\/index.php\/2025\/10\/07\/rotaract-club-teutonia-divulga-selecionadas-para-o-projeto-15-anos-dos-sonhos\/","og_locale":"pt_BR","og_type":"article","og_title":"Rotaract Club Teut\u00f4nia divulga selecionadas para o projeto 15 Anos dos Sonhos - Folha Popular","og_description":"O Rotaract Club Teut\u00f4nia divulgou os nomes das tr\u00eas adolescentes selecionadas para a 7\u00aa edi\u00e7\u00e3o do projeto 15 Anos dos Sonhos: Ellen Delis Rohr, Ana J\u00falia Rex Klein e Isadora Fernanda Freire de Oliveira. Na segunda-feira (29\/10) foi realizada a reuni\u00e3o inicial com os familiares das participantes, momento voltado ao acolhimento, esclarecimento de d\u00favidas e [&hellip;]","og_url":"https:\/\/folhapopular.info\/index.php\/2025\/10\/07\/rotaract-club-teutonia-divulga-selecionadas-para-o-projeto-15-anos-dos-sonhos\/","og_site_name":"Folha Popular","article_published_time":"2025-10-07T13:24:31+00:00","article_modified_time":"2025-10-07T13:24:38+00:00","og_image":[{"width":960,"height":1280,"url":"http:\/\/folhapopular.info\/wp-content\/uploads\/2025\/10\/WhatsApp-Image-2025-10-07-at-09.49.56.jpeg","type":"image\/jpeg"}],"author":"Let\u00edcia Echer","twitter_card":"summary_large_image","twitter_misc":{"Escrito por":"Let\u00edcia Echer","Est. tempo de leitura":"3 minutos"},"schema":{"@context":"https:\/\/schema.org","@graph":[{"@type":"Article","@id":"https:\/\/folhapopular.info\/index.php\/2025\/10\/07\/rotaract-club-teutonia-divulga-selecionadas-para-o-projeto-15-anos-dos-sonhos\/#article","isPartOf":{"@id":"https:\/\/folhapopular.info\/index.php\/2025\/10\/07\/rotaract-club-teutonia-divulga-selecionadas-para-o-projeto-15-anos-dos-sonhos\/"},"author":{"name":"Let\u00edcia Echer","@id":"https:\/\/folhapopular.info\/#\/schema\/person\/52b95b9c1c41ec0e826e7518183d0cc0"},"headline":"Rotaract Club Teut\u00f4nia divulga selecionadas para o projeto 15 Anos dos Sonhos","datePublished":"2025-10-07T13:24:31+00:00","dateModified":"2025-10-07T13:24:38+00:00","mainEntityOfPage":{"@id":"https:\/\/folhapopular.info\/index.php\/2025\/10\/07\/rotaract-club-teutonia-divulga-selecionadas-para-o-projeto-15-anos-dos-sonhos\/"},"wordCount":370,"commentCount":0,"image":{"@id":"https:\/\/folhapopular.info\/index.php\/2025\/10\/07\/rotaract-club-teutonia-divulga-selecionadas-para-o-projeto-15-anos-dos-sonhos\/#primaryimage"},"thumbnailUrl":"https:\/\/folhapopular.info\/wp-content\/uploads\/2025\/10\/WhatsApp-Image-2025-10-07-at-09.49.56.jpeg","keywords":["15 Anos dos Sonhos","Quinze Anos dos Sonhos","Rotaract","Rotaract Club Teut\u00f4nia"],"articleSection":["Destaques","Inclusive","Solidariedade"],"inLanguage":"pt-BR","potentialAction":[{"@type":"CommentAction","name":"Comment","target":["https:\/\/folhapopular.info\/index.php\/2025\/10\/07\/rotaract-club-teutonia-divulga-selecionadas-para-o-projeto-15-anos-dos-sonhos\/#respond"]}]},{"@type":"WebPage","@id":"https:\/\/folhapopular.info\/index.php\/2025\/10\/07\/rotaract-club-teutonia-divulga-selecionadas-para-o-projeto-15-anos-dos-sonhos\/","url":"https:\/\/folhapopular.info\/index.php\/2025\/10\/07\/rotaract-club-teutonia-divulga-selecionadas-para-o-projeto-15-anos-dos-sonhos\/","name":"Rotaract Club Teut\u00f4nia divulga selecionadas para o projeto 15 Anos dos Sonhos - Folha Popular","isPartOf":{"@id":"https:\/\/folhapopular.info\/#website"},"primaryImageOfPage":{"@id":"https:\/\/folhapopular.info\/index.php\/2025\/10\/07\/rotaract-club-teutonia-divulga-selecionadas-para-o-projeto-15-anos-dos-sonhos\/#primaryimage"},"image":{"@id":"https:\/\/folhapopular.info\/index.php\/2025\/10\/07\/rotaract-club-teutonia-divulga-selecionadas-para-o-projeto-15-anos-dos-sonhos\/#primaryimage"},"thumbnailUrl":"https:\/\/folhapopular.info\/wp-content\/uploads\/2025\/10\/WhatsApp-Image-2025-10-07-at-09.49.56.jpeg","datePublished":"2025-10-07T13:24:31+00:00","dateModified":"2025-10-07T13:24:38+00:00","author":{"@id":"https:\/\/folhapopular.info\/#\/schema\/person\/52b95b9c1c41ec0e826e7518183d0cc0"},"breadcrumb":{"@id":"https:\/\/folhapopular.info\/index.php\/2025\/10\/07\/rotaract-club-teutonia-divulga-selecionadas-para-o-projeto-15-anos-dos-sonhos\/#breadcrumb"},"inLanguage":"pt-BR","potentialAction":[{"@type":"ReadAction","target":["https:\/\/folhapopular.info\/index.php\/2025\/10\/07\/rotaract-club-teutonia-divulga-selecionadas-para-o-projeto-15-anos-dos-sonhos\/"]}]},{"@type":"ImageObject","inLanguage":"pt-BR","@id":"https:\/\/folhapopular.info\/index.php\/2025\/10\/07\/rotaract-club-teutonia-divulga-selecionadas-para-o-projeto-15-anos-dos-sonhos\/#primaryimage","url":"https:\/\/folhapopular.info\/wp-content\/uploads\/2025\/10\/WhatsApp-Image-2025-10-07-at-09.49.56.jpeg","contentUrl":"https:\/\/folhapopular.info\/wp-content\/uploads\/2025\/10\/WhatsApp-Image-2025-10-07-at-09.49.56.jpeg","width":960,"height":1280,"caption":"O ponto alto do cronograma, a festa de 15 anos, ser\u00e1 no dia 28 de novembro \/ Cr\u00e9dito: Divulga\u00e7\u00e3o"},{"@type":"BreadcrumbList","@id":"https:\/\/folhapopular.info\/index.php\/2025\/10\/07\/rotaract-club-teutonia-divulga-selecionadas-para-o-projeto-15-anos-dos-sonhos\/#breadcrumb","itemListElement":[{"@type":"ListItem","position":1,"name":"In\u00edcio","item":"https:\/\/folhapopular.info\/"},{"@type":"ListItem","position":2,"name":"Rotaract Club Teut\u00f4nia divulga selecionadas para o projeto 15 Anos dos Sonhos"}]},{"@type":"WebSite","@id":"https:\/\/folhapopular.info\/#website","url":"https:\/\/folhapopular.info\/","name":"Folha Popular","description":"Onde voc\u00ea tem vez e voz","potentialAction":[{"@type":"SearchAction","target":{"@type":"EntryPoint","urlTemplate":"https:\/\/folhapopular.info\/?s={search_term_string}"},"query-input":{"@type":"PropertyValueSpecification","valueRequired":true,"valueName":"search_term_string"}}],"inLanguage":"pt-BR"},{"@type":"Person","@id":"https:\/\/folhapopular.info\/#\/schema\/person\/52b95b9c1c41ec0e826e7518183d0cc0","name":"Let\u00edcia Echer","image":{"@type":"ImageObject","inLanguage":"pt-BR","@id":"https:\/\/secure.gravatar.com\/avatar\/303201b45d8f4e048c95808925ff8953fa7ebc0e52cb5b3af1fc9e3d52c95645?s=96&d=mm&r=g","url":"https:\/\/secure.gravatar.com\/avatar\/303201b45d8f4e048c95808925ff8953fa7ebc0e52cb5b3af1fc9e3d52c95645?s=96&d=mm&r=g","contentUrl":"https:\/\/secure.gravatar.com\/avatar\/303201b45d8f4e048c95808925ff8953fa7ebc0e52cb5b3af1fc9e3d52c95645?s=96&d=mm&r=g","caption":"Let\u00edcia Echer"},"url":"https:\/\/folhapopular.info\/index.php\/author\/leticiaecher04gmail-com\/"}]}},"jetpack_featured_media_url":"https:\/\/folhapopular.info\/wp-content\/uploads\/2025\/10\/WhatsApp-Image-2025-10-07-at-09.49.56.jpeg","jetpack_sharing_enabled":true,"amp_enabled":true,"_links":{"self":[{"href":"https:\/\/folhapopular.info\/index.php\/wp-json\/wp\/v2\/posts\/195671","targetHints":{"allow":["GET"]}}],"collection":[{"href":"https:\/\/folhapopular.info\/index.php\/wp-json\/wp\/v2\/posts"}],"about":[{"href":"https:\/\/folhapopular.info\/index.php\/wp-json\/wp\/v2\/types\/post"}],"author":[{"embeddable":true,"href":"https:\/\/folhapopular.info\/index.php\/wp-json\/wp\/v2\/users\/673"}],"replies":[{"embeddable":true,"href":"https:\/\/folhapopular.info\/index.php\/wp-json\/wp\/v2\/comments?post=195671"}],"version-history":[{"count":0,"href":"https:\/\/folhapopular.info\/index.php\/wp-json\/wp\/v2\/posts\/195671\/revisions"}],"wp:featuredmedia":[{"embeddable":true,"href":"https:\/\/folhapopular.info\/index.php\/wp-json\/wp\/v2\/media\/195672"}],"wp:attachment":[{"href":"https:\/\/folhapopular.info\/index.php\/wp-json\/wp\/v2\/media?parent=195671"}],"wp:term":[{"taxonomy":"category","embeddable":true,"href":"https:\/\/folhapopular.info\/index.php\/wp-json\/wp\/v2\/categories?post=195671"},{"taxonomy":"post_tag","embeddable":true,"href":"https:\/\/folhapopular.info\/index.php\/wp-json\/wp\/v2\/tags?post=195671"}],"curies":[{"name":"wp","href":"https:\/\/api.w.org\/{rel}","templated":true}]}}