{"id":195731,"date":"2025-10-08T16:30:00","date_gmt":"2025-10-08T19:30:00","guid":{"rendered":"https:\/\/folhapopular.info\/?p=195731"},"modified":"2025-10-08T16:31:00","modified_gmt":"2025-10-08T19:31:00","slug":"coral-justica-reune-corais-de-seis-municipios-em-evento-em-westfalia","status":"publish","type":"post","link":"https:\/\/folhapopular.info\/index.php\/2025\/10\/08\/coral-justica-reune-corais-de-seis-municipios-em-evento-em-westfalia\/","title":{"rendered":"Coral Justi\u00e7a re\u00fane corais de seis munic\u00edpios em evento em Westf\u00e1lia"},"content":{"rendered":"\n<p>O Coro Misto Justi\u00e7a, de Westf\u00e1lia, realizou o seu tradicional encontro anual de corais, reunindo grupos de seis munic\u00edpios. A programa\u00e7\u00e3o foi realizada na Casa da Oase no dia 27 de setembro.<\/p>\n\n\n\n<p>Al\u00e9m do anfitri\u00e3o, realizaram suas apresenta\u00e7\u00f5es o Coro Misto Conc\u00f3rdia de Linha Catarina (Teut\u00f4nia), Coro Misto Silveira Martins (Westf\u00e1lia), Associa\u00e7\u00e3o de Cantores Inova\u00e7\u00e3o de Linha Wink (Teut\u00f4nia), Associa\u00e7\u00e3o de Canto Cristo Rei de Languiru (Teut\u00f4nia), Coro Misto Recreio (Westf\u00e1lia), Associa\u00e7\u00e3o de Cantores Vozes da Forqueta (Arroio do Meio), Coral 7 de Setembro de Linha Ano Bom (Colinas), Sociedade de Cantores Lira (Teut\u00f4nia), Coro Misto Marques de Souza, Coro de Homens Familiar (Paverama) e Sociedade de Cantores Ouro Branco de Languiru (Teut\u00f4nia).<\/p>\n\n\n\n<p>Ap\u00f3s as apresenta\u00e7\u00f5es, foi servido jantar e realizado baile de confraterniza\u00e7\u00e3o entre os participantes.<\/p>\n\n\n\n<p>O Coro Justi\u00e7a foi fundado em 16 de outubro de 1946 e atualmente tem 17 cantores. Os ensaios s\u00e3o coordenados pelo regente Airton Guilherme Grave. O grupo trabalha pela preserva\u00e7\u00e3o do canto coral enquanto atividade cultural, mas tamb\u00e9m, de lazer para seus integrantes.<\/p>\n","protected":false},"excerpt":{"rendered":"<p>O Coro Misto Justi\u00e7a, de Westf\u00e1lia, realizou o seu tradicional encontro anual de corais, reunindo grupos de seis munic\u00edpios. A programa\u00e7\u00e3o foi realizada na Casa da Oase no dia 27 de setembro. Al\u00e9m do anfitri\u00e3o, realizaram suas apresenta\u00e7\u00f5es o Coro Misto Conc\u00f3rdia de Linha Catarina (Teut\u00f4nia), Coro Misto Silveira Martins (Westf\u00e1lia), Associa\u00e7\u00e3o de Cantores Inova\u00e7\u00e3o [&hellip;]<\/p>\n","protected":false},"author":11,"featured_media":195732,"comment_status":"open","ping_status":"open","sticky":false,"template":"","format":"standard","meta":{"pmpro_default_level":"","_jetpack_memberships_contains_paid_content":false,"footnotes":""},"categories":[6],"tags":[552,19651,25],"class_list":{"0":"post-195731","1":"post","2":"type-post","3":"status-publish","4":"format-standard","5":"has-post-thumbnail","7":"category-inclusive","8":"tag-corais","9":"tag-coral-justica","10":"tag-westfalia","11":"pmpro-has-access"},"yoast_head":"<!-- This site is optimized with the Yoast SEO plugin v27.5 - https:\/\/yoast.com\/product\/yoast-seo-wordpress\/ -->\n<title>Coral Justi\u00e7a re\u00fane corais de seis munic\u00edpios em evento em Westf\u00e1lia - Folha Popular<\/title>\n<meta name=\"robots\" content=\"index, follow, max-snippet:-1, max-image-preview:large, max-video-preview:-1\" \/>\n<link rel=\"canonical\" href=\"https:\/\/folhapopular.info\/index.php\/2025\/10\/08\/coral-justica-reune-corais-de-seis-municipios-em-evento-em-westfalia\/\" \/>\n<meta property=\"og:locale\" content=\"pt_BR\" \/>\n<meta property=\"og:type\" content=\"article\" \/>\n<meta property=\"og:title\" content=\"Coral Justi\u00e7a re\u00fane corais de seis munic\u00edpios em evento em Westf\u00e1lia - Folha Popular\" \/>\n<meta property=\"og:description\" content=\"O Coro Misto Justi\u00e7a, de Westf\u00e1lia, realizou o seu tradicional encontro anual de corais, reunindo grupos de seis munic\u00edpios. A programa\u00e7\u00e3o foi realizada na Casa da Oase no dia 27 de setembro. Al\u00e9m do anfitri\u00e3o, realizaram suas apresenta\u00e7\u00f5es o Coro Misto Conc\u00f3rdia de Linha Catarina (Teut\u00f4nia), Coro Misto Silveira Martins (Westf\u00e1lia), Associa\u00e7\u00e3o de Cantores Inova\u00e7\u00e3o [&hellip;]\" \/>\n<meta property=\"og:url\" content=\"https:\/\/folhapopular.info\/index.php\/2025\/10\/08\/coral-justica-reune-corais-de-seis-municipios-em-evento-em-westfalia\/\" \/>\n<meta property=\"og:site_name\" content=\"Folha Popular\" \/>\n<meta property=\"article:published_time\" content=\"2025-10-08T19:30:00+00:00\" \/>\n<meta property=\"article:modified_time\" content=\"2025-10-08T19:31:00+00:00\" \/>\n<meta property=\"og:image\" content=\"http:\/\/folhapopular.info\/wp-content\/uploads\/2025\/10\/Coro-Misto-Justica-recepcionou-os-convidados-e-associados-com-duas-cancoes_LB.jpeg\" \/>\n\t<meta property=\"og:image:width\" content=\"1280\" \/>\n\t<meta property=\"og:image:height\" content=\"960\" \/>\n\t<meta property=\"og:image:type\" content=\"image\/jpeg\" \/>\n<meta name=\"author\" content=\"Luciana Brune\" \/>\n<meta name=\"twitter:card\" content=\"summary_large_image\" \/>\n<meta name=\"twitter:label1\" content=\"Escrito por\" \/>\n\t<meta name=\"twitter:data1\" content=\"Luciana Brune\" \/>\n\t<meta name=\"twitter:label2\" content=\"Est. tempo de leitura\" \/>\n\t<meta name=\"twitter:data2\" content=\"2 minutos\" \/>\n<script type=\"application\/ld+json\" class=\"yoast-schema-graph\">{\"@context\":\"https:\\\/\\\/schema.org\",\"@graph\":[{\"@type\":\"Article\",\"@id\":\"https:\\\/\\\/folhapopular.info\\\/index.php\\\/2025\\\/10\\\/08\\\/coral-justica-reune-corais-de-seis-municipios-em-evento-em-westfalia\\\/#article\",\"isPartOf\":{\"@id\":\"https:\\\/\\\/folhapopular.info\\\/index.php\\\/2025\\\/10\\\/08\\\/coral-justica-reune-corais-de-seis-municipios-em-evento-em-westfalia\\\/\"},\"author\":{\"name\":\"Luciana Brune\",\"@id\":\"https:\\\/\\\/folhapopular.info\\\/#\\\/schema\\\/person\\\/0999cafa38c1fde22acd2026b3a3ec1f\"},\"headline\":\"Coral Justi\u00e7a re\u00fane corais de seis munic\u00edpios em evento em Westf\u00e1lia\",\"datePublished\":\"2025-10-08T19:30:00+00:00\",\"dateModified\":\"2025-10-08T19:31:00+00:00\",\"mainEntityOfPage\":{\"@id\":\"https:\\\/\\\/folhapopular.info\\\/index.php\\\/2025\\\/10\\\/08\\\/coral-justica-reune-corais-de-seis-municipios-em-evento-em-westfalia\\\/\"},\"wordCount\":206,\"commentCount\":0,\"image\":{\"@id\":\"https:\\\/\\\/folhapopular.info\\\/index.php\\\/2025\\\/10\\\/08\\\/coral-justica-reune-corais-de-seis-municipios-em-evento-em-westfalia\\\/#primaryimage\"},\"thumbnailUrl\":\"https:\\\/\\\/folhapopular.info\\\/wp-content\\\/uploads\\\/2025\\\/10\\\/Coro-Misto-Justica-recepcionou-os-convidados-e-associados-com-duas-cancoes_LB.jpeg\",\"keywords\":[\"Corais\",\"Coral Justi\u00e7a\",\"Westf\u00e1lia\"],\"articleSection\":[\"Inclusive\"],\"inLanguage\":\"pt-BR\",\"potentialAction\":[{\"@type\":\"CommentAction\",\"name\":\"Comment\",\"target\":[\"https:\\\/\\\/folhapopular.info\\\/index.php\\\/2025\\\/10\\\/08\\\/coral-justica-reune-corais-de-seis-municipios-em-evento-em-westfalia\\\/#respond\"]}]},{\"@type\":\"WebPage\",\"@id\":\"https:\\\/\\\/folhapopular.info\\\/index.php\\\/2025\\\/10\\\/08\\\/coral-justica-reune-corais-de-seis-municipios-em-evento-em-westfalia\\\/\",\"url\":\"https:\\\/\\\/folhapopular.info\\\/index.php\\\/2025\\\/10\\\/08\\\/coral-justica-reune-corais-de-seis-municipios-em-evento-em-westfalia\\\/\",\"name\":\"Coral Justi\u00e7a re\u00fane corais de seis munic\u00edpios em evento em Westf\u00e1lia - Folha Popular\",\"isPartOf\":{\"@id\":\"https:\\\/\\\/folhapopular.info\\\/#website\"},\"primaryImageOfPage\":{\"@id\":\"https:\\\/\\\/folhapopular.info\\\/index.php\\\/2025\\\/10\\\/08\\\/coral-justica-reune-corais-de-seis-municipios-em-evento-em-westfalia\\\/#primaryimage\"},\"image\":{\"@id\":\"https:\\\/\\\/folhapopular.info\\\/index.php\\\/2025\\\/10\\\/08\\\/coral-justica-reune-corais-de-seis-municipios-em-evento-em-westfalia\\\/#primaryimage\"},\"thumbnailUrl\":\"https:\\\/\\\/folhapopular.info\\\/wp-content\\\/uploads\\\/2025\\\/10\\\/Coro-Misto-Justica-recepcionou-os-convidados-e-associados-com-duas-cancoes_LB.jpeg\",\"datePublished\":\"2025-10-08T19:30:00+00:00\",\"dateModified\":\"2025-10-08T19:31:00+00:00\",\"author\":{\"@id\":\"https:\\\/\\\/folhapopular.info\\\/#\\\/schema\\\/person\\\/0999cafa38c1fde22acd2026b3a3ec1f\"},\"breadcrumb\":{\"@id\":\"https:\\\/\\\/folhapopular.info\\\/index.php\\\/2025\\\/10\\\/08\\\/coral-justica-reune-corais-de-seis-municipios-em-evento-em-westfalia\\\/#breadcrumb\"},\"inLanguage\":\"pt-BR\",\"potentialAction\":[{\"@type\":\"ReadAction\",\"target\":[\"https:\\\/\\\/folhapopular.info\\\/index.php\\\/2025\\\/10\\\/08\\\/coral-justica-reune-corais-de-seis-municipios-em-evento-em-westfalia\\\/\"]}]},{\"@type\":\"ImageObject\",\"inLanguage\":\"pt-BR\",\"@id\":\"https:\\\/\\\/folhapopular.info\\\/index.php\\\/2025\\\/10\\\/08\\\/coral-justica-reune-corais-de-seis-municipios-em-evento-em-westfalia\\\/#primaryimage\",\"url\":\"https:\\\/\\\/folhapopular.info\\\/wp-content\\\/uploads\\\/2025\\\/10\\\/Coro-Misto-Justica-recepcionou-os-convidados-e-associados-com-duas-cancoes_LB.jpeg\",\"contentUrl\":\"https:\\\/\\\/folhapopular.info\\\/wp-content\\\/uploads\\\/2025\\\/10\\\/Coro-Misto-Justica-recepcionou-os-convidados-e-associados-com-duas-cancoes_LB.jpeg\",\"width\":1280,\"height\":960,\"caption\":\"Coro Misto Justi\u00e7a recepcionou os convidados e associados com duas can\u00e7\u00f5es - Cr\u00e9dito: Luciana Brune\"},{\"@type\":\"BreadcrumbList\",\"@id\":\"https:\\\/\\\/folhapopular.info\\\/index.php\\\/2025\\\/10\\\/08\\\/coral-justica-reune-corais-de-seis-municipios-em-evento-em-westfalia\\\/#breadcrumb\",\"itemListElement\":[{\"@type\":\"ListItem\",\"position\":1,\"name\":\"In\u00edcio\",\"item\":\"https:\\\/\\\/folhapopular.info\\\/\"},{\"@type\":\"ListItem\",\"position\":2,\"name\":\"Coral Justi\u00e7a re\u00fane corais de seis munic\u00edpios em evento em Westf\u00e1lia\"}]},{\"@type\":\"WebSite\",\"@id\":\"https:\\\/\\\/folhapopular.info\\\/#website\",\"url\":\"https:\\\/\\\/folhapopular.info\\\/\",\"name\":\"Folha Popular\",\"description\":\"Onde voc\u00ea tem vez e voz\",\"potentialAction\":[{\"@type\":\"SearchAction\",\"target\":{\"@type\":\"EntryPoint\",\"urlTemplate\":\"https:\\\/\\\/folhapopular.info\\\/?s={search_term_string}\"},\"query-input\":{\"@type\":\"PropertyValueSpecification\",\"valueRequired\":true,\"valueName\":\"search_term_string\"}}],\"inLanguage\":\"pt-BR\"},{\"@type\":\"Person\",\"@id\":\"https:\\\/\\\/folhapopular.info\\\/#\\\/schema\\\/person\\\/0999cafa38c1fde22acd2026b3a3ec1f\",\"name\":\"Luciana Brune\",\"image\":{\"@type\":\"ImageObject\",\"inLanguage\":\"pt-BR\",\"@id\":\"https:\\\/\\\/folhapopular.info\\\/wp-content\\\/uploads\\\/2026\\\/04\\\/LUCIANA-1-1.webp\",\"url\":\"https:\\\/\\\/folhapopular.info\\\/wp-content\\\/uploads\\\/2026\\\/04\\\/LUCIANA-1-1.webp\",\"contentUrl\":\"https:\\\/\\\/folhapopular.info\\\/wp-content\\\/uploads\\\/2026\\\/04\\\/LUCIANA-1-1.webp\",\"caption\":\"Luciana Brune\"},\"url\":\"https:\\\/\\\/folhapopular.info\\\/index.php\\\/author\\\/luciana-brune\\\/\"}]}<\/script>\n<!-- \/ Yoast SEO plugin. -->","yoast_head_json":{"title":"Coral Justi\u00e7a re\u00fane corais de seis munic\u00edpios em evento em Westf\u00e1lia - Folha Popular","robots":{"index":"index","follow":"follow","max-snippet":"max-snippet:-1","max-image-preview":"max-image-preview:large","max-video-preview":"max-video-preview:-1"},"canonical":"https:\/\/folhapopular.info\/index.php\/2025\/10\/08\/coral-justica-reune-corais-de-seis-municipios-em-evento-em-westfalia\/","og_locale":"pt_BR","og_type":"article","og_title":"Coral Justi\u00e7a re\u00fane corais de seis munic\u00edpios em evento em Westf\u00e1lia - Folha Popular","og_description":"O Coro Misto Justi\u00e7a, de Westf\u00e1lia, realizou o seu tradicional encontro anual de corais, reunindo grupos de seis munic\u00edpios. A programa\u00e7\u00e3o foi realizada na Casa da Oase no dia 27 de setembro. Al\u00e9m do anfitri\u00e3o, realizaram suas apresenta\u00e7\u00f5es o Coro Misto Conc\u00f3rdia de Linha Catarina (Teut\u00f4nia), Coro Misto Silveira Martins (Westf\u00e1lia), Associa\u00e7\u00e3o de Cantores Inova\u00e7\u00e3o [&hellip;]","og_url":"https:\/\/folhapopular.info\/index.php\/2025\/10\/08\/coral-justica-reune-corais-de-seis-municipios-em-evento-em-westfalia\/","og_site_name":"Folha Popular","article_published_time":"2025-10-08T19:30:00+00:00","article_modified_time":"2025-10-08T19:31:00+00:00","og_image":[{"width":1280,"height":960,"url":"http:\/\/folhapopular.info\/wp-content\/uploads\/2025\/10\/Coro-Misto-Justica-recepcionou-os-convidados-e-associados-com-duas-cancoes_LB.jpeg","type":"image\/jpeg"}],"author":"Luciana Brune","twitter_card":"summary_large_image","twitter_misc":{"Escrito por":"Luciana Brune","Est. tempo de leitura":"2 minutos"},"schema":{"@context":"https:\/\/schema.org","@graph":[{"@type":"Article","@id":"https:\/\/folhapopular.info\/index.php\/2025\/10\/08\/coral-justica-reune-corais-de-seis-municipios-em-evento-em-westfalia\/#article","isPartOf":{"@id":"https:\/\/folhapopular.info\/index.php\/2025\/10\/08\/coral-justica-reune-corais-de-seis-municipios-em-evento-em-westfalia\/"},"author":{"name":"Luciana Brune","@id":"https:\/\/folhapopular.info\/#\/schema\/person\/0999cafa38c1fde22acd2026b3a3ec1f"},"headline":"Coral Justi\u00e7a re\u00fane corais de seis munic\u00edpios em evento em Westf\u00e1lia","datePublished":"2025-10-08T19:30:00+00:00","dateModified":"2025-10-08T19:31:00+00:00","mainEntityOfPage":{"@id":"https:\/\/folhapopular.info\/index.php\/2025\/10\/08\/coral-justica-reune-corais-de-seis-municipios-em-evento-em-westfalia\/"},"wordCount":206,"commentCount":0,"image":{"@id":"https:\/\/folhapopular.info\/index.php\/2025\/10\/08\/coral-justica-reune-corais-de-seis-municipios-em-evento-em-westfalia\/#primaryimage"},"thumbnailUrl":"https:\/\/folhapopular.info\/wp-content\/uploads\/2025\/10\/Coro-Misto-Justica-recepcionou-os-convidados-e-associados-com-duas-cancoes_LB.jpeg","keywords":["Corais","Coral Justi\u00e7a","Westf\u00e1lia"],"articleSection":["Inclusive"],"inLanguage":"pt-BR","potentialAction":[{"@type":"CommentAction","name":"Comment","target":["https:\/\/folhapopular.info\/index.php\/2025\/10\/08\/coral-justica-reune-corais-de-seis-municipios-em-evento-em-westfalia\/#respond"]}]},{"@type":"WebPage","@id":"https:\/\/folhapopular.info\/index.php\/2025\/10\/08\/coral-justica-reune-corais-de-seis-municipios-em-evento-em-westfalia\/","url":"https:\/\/folhapopular.info\/index.php\/2025\/10\/08\/coral-justica-reune-corais-de-seis-municipios-em-evento-em-westfalia\/","name":"Coral Justi\u00e7a re\u00fane corais de seis munic\u00edpios em evento em Westf\u00e1lia - Folha Popular","isPartOf":{"@id":"https:\/\/folhapopular.info\/#website"},"primaryImageOfPage":{"@id":"https:\/\/folhapopular.info\/index.php\/2025\/10\/08\/coral-justica-reune-corais-de-seis-municipios-em-evento-em-westfalia\/#primaryimage"},"image":{"@id":"https:\/\/folhapopular.info\/index.php\/2025\/10\/08\/coral-justica-reune-corais-de-seis-municipios-em-evento-em-westfalia\/#primaryimage"},"thumbnailUrl":"https:\/\/folhapopular.info\/wp-content\/uploads\/2025\/10\/Coro-Misto-Justica-recepcionou-os-convidados-e-associados-com-duas-cancoes_LB.jpeg","datePublished":"2025-10-08T19:30:00+00:00","dateModified":"2025-10-08T19:31:00+00:00","author":{"@id":"https:\/\/folhapopular.info\/#\/schema\/person\/0999cafa38c1fde22acd2026b3a3ec1f"},"breadcrumb":{"@id":"https:\/\/folhapopular.info\/index.php\/2025\/10\/08\/coral-justica-reune-corais-de-seis-municipios-em-evento-em-westfalia\/#breadcrumb"},"inLanguage":"pt-BR","potentialAction":[{"@type":"ReadAction","target":["https:\/\/folhapopular.info\/index.php\/2025\/10\/08\/coral-justica-reune-corais-de-seis-municipios-em-evento-em-westfalia\/"]}]},{"@type":"ImageObject","inLanguage":"pt-BR","@id":"https:\/\/folhapopular.info\/index.php\/2025\/10\/08\/coral-justica-reune-corais-de-seis-municipios-em-evento-em-westfalia\/#primaryimage","url":"https:\/\/folhapopular.info\/wp-content\/uploads\/2025\/10\/Coro-Misto-Justica-recepcionou-os-convidados-e-associados-com-duas-cancoes_LB.jpeg","contentUrl":"https:\/\/folhapopular.info\/wp-content\/uploads\/2025\/10\/Coro-Misto-Justica-recepcionou-os-convidados-e-associados-com-duas-cancoes_LB.jpeg","width":1280,"height":960,"caption":"Coro Misto Justi\u00e7a recepcionou os convidados e associados com duas can\u00e7\u00f5es - Cr\u00e9dito: Luciana Brune"},{"@type":"BreadcrumbList","@id":"https:\/\/folhapopular.info\/index.php\/2025\/10\/08\/coral-justica-reune-corais-de-seis-municipios-em-evento-em-westfalia\/#breadcrumb","itemListElement":[{"@type":"ListItem","position":1,"name":"In\u00edcio","item":"https:\/\/folhapopular.info\/"},{"@type":"ListItem","position":2,"name":"Coral Justi\u00e7a re\u00fane corais de seis munic\u00edpios em evento em Westf\u00e1lia"}]},{"@type":"WebSite","@id":"https:\/\/folhapopular.info\/#website","url":"https:\/\/folhapopular.info\/","name":"Folha Popular","description":"Onde voc\u00ea tem vez e voz","potentialAction":[{"@type":"SearchAction","target":{"@type":"EntryPoint","urlTemplate":"https:\/\/folhapopular.info\/?s={search_term_string}"},"query-input":{"@type":"PropertyValueSpecification","valueRequired":true,"valueName":"search_term_string"}}],"inLanguage":"pt-BR"},{"@type":"Person","@id":"https:\/\/folhapopular.info\/#\/schema\/person\/0999cafa38c1fde22acd2026b3a3ec1f","name":"Luciana Brune","image":{"@type":"ImageObject","inLanguage":"pt-BR","@id":"https:\/\/folhapopular.info\/wp-content\/uploads\/2026\/04\/LUCIANA-1-1.webp","url":"https:\/\/folhapopular.info\/wp-content\/uploads\/2026\/04\/LUCIANA-1-1.webp","contentUrl":"https:\/\/folhapopular.info\/wp-content\/uploads\/2026\/04\/LUCIANA-1-1.webp","caption":"Luciana Brune"},"url":"https:\/\/folhapopular.info\/index.php\/author\/luciana-brune\/"}]}},"jetpack_featured_media_url":"https:\/\/folhapopular.info\/wp-content\/uploads\/2025\/10\/Coro-Misto-Justica-recepcionou-os-convidados-e-associados-com-duas-cancoes_LB.jpeg","jetpack_sharing_enabled":true,"amp_enabled":true,"_links":{"self":[{"href":"https:\/\/folhapopular.info\/index.php\/wp-json\/wp\/v2\/posts\/195731","targetHints":{"allow":["GET"]}}],"collection":[{"href":"https:\/\/folhapopular.info\/index.php\/wp-json\/wp\/v2\/posts"}],"about":[{"href":"https:\/\/folhapopular.info\/index.php\/wp-json\/wp\/v2\/types\/post"}],"author":[{"embeddable":true,"href":"https:\/\/folhapopular.info\/index.php\/wp-json\/wp\/v2\/users\/11"}],"replies":[{"embeddable":true,"href":"https:\/\/folhapopular.info\/index.php\/wp-json\/wp\/v2\/comments?post=195731"}],"version-history":[{"count":0,"href":"https:\/\/folhapopular.info\/index.php\/wp-json\/wp\/v2\/posts\/195731\/revisions"}],"wp:featuredmedia":[{"embeddable":true,"href":"https:\/\/folhapopular.info\/index.php\/wp-json\/wp\/v2\/media\/195732"}],"wp:attachment":[{"href":"https:\/\/folhapopular.info\/index.php\/wp-json\/wp\/v2\/media?parent=195731"}],"wp:term":[{"taxonomy":"category","embeddable":true,"href":"https:\/\/folhapopular.info\/index.php\/wp-json\/wp\/v2\/categories?post=195731"},{"taxonomy":"post_tag","embeddable":true,"href":"https:\/\/folhapopular.info\/index.php\/wp-json\/wp\/v2\/tags?post=195731"}],"curies":[{"name":"wp","href":"https:\/\/api.w.org\/{rel}","templated":true}]}}