{"id":195741,"date":"2025-10-08T09:21:14","date_gmt":"2025-10-08T12:21:14","guid":{"rendered":"https:\/\/folhapopular.info\/?p=195741"},"modified":"2025-10-08T09:21:18","modified_gmt":"2025-10-08T12:21:18","slug":"preparacao-para-o-teutofight-proxima-do-fim","status":"publish","type":"post","link":"https:\/\/folhapopular.info\/index.php\/2025\/10\/08\/preparacao-para-o-teutofight-proxima-do-fim\/","title":{"rendered":"Prepara\u00e7\u00e3o para o TeutoFight pr\u00f3xima do fim"},"content":{"rendered":"\n<p>Os preparativos para o 7\u00aa Teuto<em>Fight<\/em> entraram em clima de contagem regressiva, tendo em vista que restam poucos dias para a realiza\u00e7\u00e3o do maior evento de artes marciais do estado. Marcada para o dia 11 de outubro na Associa\u00e7\u00e3o Pr\u00f3-Desenvolvimento de Languiru (APDL), a edi\u00e7\u00e3o chega com novidades, formato ampliado, 30 combates e expectativa de casa cheia.<\/p>\n\n\n\n<p>Entre as principais mudan\u00e7as, o evento adota um modelo in\u00e9dito, que combina lutas amadoras e profissionais em diversas modalidades &#8211; Boxe, Muay Thai, Jiu-Jitsu, No-Gi e MMA. Os embates come\u00e7am \u00e0s 18h, com abertura dos port\u00f5es \u00e0s 17h, e o <em>card<\/em> principal de MMA est\u00e1 previsto para iniciar \u00e0s 20h30.<\/p>\n\n\n\n<p>Organizador e dono do CT M\u00e3o de Pedra, Dirlei Broenstrup \u201cM\u00e3o de Pedra\u201d destaca que as 30 lutas est\u00e3o definidas, inclusive com duas disputas de cintur\u00e3o. Na principal delas, o campe\u00e3o Ariel Jaeger defende seu t\u00edtulo na categoria 84 quilos contra Rodrigo \u201cPitbull\u201d, de Rio Grande.<\/p>\n\n\n\n<p>Outra disputa de cintur\u00e3o envolve Adolfo Pereira e Leonardo Rodrigues (77 quilos) e promete alto n\u00edvel t\u00e9cnico. O <em>card<\/em> profissional ainda traz duelos pesados como Lucas Soares x Carlos Henrique, Lucas Antunez x Denner Correa e Marcos Maia (Bento Gon\u00e7alves) x Marcos Bispo (Balne\u00e1rio Cambori\u00fa).<\/p>\n\n\n\n<p>Adolfo Pereira e Marcos Bispo s\u00e3o atletas da equipe do renomado ex-atleta e treinador Marcelo Brigadeiro. A dupla refor\u00e7a a presen\u00e7a de lutadores de destaque nacional. \u201cIsso engrandece o evento, traz visibilidade e qualidade t\u00e9cnica. O Teuto<em>Fight<\/em> hoje \u00e9 reconhecido entre os principais do Sul do pa\u00eds, com arbitragem e registro oficial pela federa\u00e7\u00e3o\u201d, ressalta Broenstrup.<\/p>\n\n\n\n<p>A organiza\u00e7\u00e3o tamb\u00e9m refor\u00e7a a seguran\u00e7a da arena e o car\u00e1ter disciplinado do evento, mesmo com rivalidades e lutas acirradas. \u201cO oct\u00f3gono garante isolamento total. As equipes s\u00e3o experientes e prezam pelo respeito. Em sete edi\u00e7\u00f5es, nunca tivemos incidentes\u201d, afirma.<\/p>\n\n\n\n<p>A expectativa de p\u00fablico \u00e9 a maior j\u00e1 registrada. Segundo Broenstrup, os mais de 1 mil ingressos j\u00e1 foram vendidos e os interessados devem procur\u00e1-los pelo aplicativo Corujas ou em pontos f\u00edsicos de Teut\u00f4nia e Lajeado. \u201cNunca vendemos tanto antecipado. A procura est\u00e1 muito grande e \u00e9 poss\u00edvel que n\u00e3o haja ingressos na hora\u201d, alerta.<\/p>\n\n\n\n<h2 class=\"wp-block-heading\"><strong>Cara a cara<\/strong><\/h2>\n\n\n\n<p>A pesagem oficial dos atletas ocorre nesta sexta-feira (10\/10), no Restaurante &amp; Lancheria <em>Schmeckt Gut<\/em>, junto ao Posto Fascina, na ERS-128 (Via L\u00e1ctea). O momento inclui o tradicional \u201ccara a cara\u201d entre os lutadores, muitos deles vindos de diferentes cidades do RS e de fora do estado.<\/p>\n\n\n\n<p>Al\u00e9m do impacto esportivo, o Teuto<em>Fight<\/em> movimenta o turismo. Hot\u00e9is j\u00e1 est\u00e3o com lota\u00e7\u00e3o esgotada. \u201c\u00c9 um evento que fortalece o esporte, o com\u00e9rcio e a imagem de Teut\u00f4nia no cen\u00e1rio das artes marciais\u201d, celebra Broenstrup, ao garantir que emo\u00e7\u00e3o e espet\u00e1culo n\u00e3o v\u00e3o faltar na noite do s\u00e1bado.<\/p>\n\n\n\n<figure class=\"wp-block-gallery has-nested-images columns-default is-cropped wp-block-gallery-1 is-layout-flex wp-block-gallery-is-layout-flex\">\n<figure class=\"wp-block-image size-large\"><img loading=\"lazy\" decoding=\"async\" width=\"720\" height=\"720\" data-id=\"195742\" src=\"https:\/\/folhapopular.info\/wp-content\/uploads\/2025\/10\/Momento-de-pesagem-e-um-dos-mais-tensos-pre-lutas.jpg\" alt=\"\" class=\"wp-image-195742\" srcset=\"https:\/\/folhapopular.info\/wp-content\/uploads\/2025\/10\/Momento-de-pesagem-e-um-dos-mais-tensos-pre-lutas.jpg 720w, https:\/\/folhapopular.info\/wp-content\/uploads\/2025\/10\/Momento-de-pesagem-e-um-dos-mais-tensos-pre-lutas-300x300.jpg 300w, https:\/\/folhapopular.info\/wp-content\/uploads\/2025\/10\/Momento-de-pesagem-e-um-dos-mais-tensos-pre-lutas-150x150.jpg 150w, https:\/\/folhapopular.info\/wp-content\/uploads\/2025\/10\/Momento-de-pesagem-e-um-dos-mais-tensos-pre-lutas-420x420.jpg 420w, https:\/\/folhapopular.info\/wp-content\/uploads\/2025\/10\/Momento-de-pesagem-e-um-dos-mais-tensos-pre-lutas-696x696.jpg 696w\" sizes=\"auto, (max-width: 720px) 100vw, 720px\" \/><figcaption class=\"wp-element-caption\">Momento de pesagem \u00e9 um dos mais tensos pr\u00e9-lutas &#8211; Cr\u00e9dito: Divulga\u00e7\u00e3o<\/figcaption><\/figure>\n<\/figure>\n","protected":false},"excerpt":{"rendered":"<p>Os preparativos para o 7\u00aa TeutoFight entraram em clima de contagem regressiva, tendo em vista que restam poucos dias para a realiza\u00e7\u00e3o do maior evento de artes marciais do estado. Marcada para o dia 11 de outubro na Associa\u00e7\u00e3o Pr\u00f3-Desenvolvimento de Languiru (APDL), a edi\u00e7\u00e3o chega com novidades, formato ampliado, 30 combates e expectativa de [&hellip;]<\/p>\n","protected":false},"author":732,"featured_media":195743,"comment_status":"open","ping_status":"open","sticky":false,"template":"","format":"standard","meta":{"pmpro_default_level":"","_jetpack_memberships_contains_paid_content":false,"footnotes":""},"categories":[18195,5],"tags":[9681,9797,1047,26],"class_list":{"0":"post-195741","1":"post","2":"type-post","3":"status-publish","4":"format-standard","5":"has-post-thumbnail","7":"category-artes-marciais","8":"category-esportes","9":"tag-artes-marciais","10":"tag-lutas","11":"tag-teutofight","12":"tag-teutonia","13":"pmpro-has-access"},"yoast_head":"<!-- This site is optimized with the Yoast SEO plugin v27.4 - https:\/\/yoast.com\/product\/yoast-seo-wordpress\/ -->\n<title>Prepara\u00e7\u00e3o para o TeutoFight pr\u00f3xima do fim - Folha Popular<\/title>\n<meta name=\"robots\" content=\"index, follow, max-snippet:-1, max-image-preview:large, max-video-preview:-1\" \/>\n<link rel=\"canonical\" href=\"https:\/\/folhapopular.info\/index.php\/2025\/10\/08\/preparacao-para-o-teutofight-proxima-do-fim\/\" \/>\n<meta property=\"og:locale\" content=\"pt_BR\" \/>\n<meta property=\"og:type\" content=\"article\" \/>\n<meta property=\"og:title\" content=\"Prepara\u00e7\u00e3o para o TeutoFight pr\u00f3xima do fim - Folha Popular\" \/>\n<meta property=\"og:description\" content=\"Os preparativos para o 7\u00aa TeutoFight entraram em clima de contagem regressiva, tendo em vista que restam poucos dias para a realiza\u00e7\u00e3o do maior evento de artes marciais do estado. Marcada para o dia 11 de outubro na Associa\u00e7\u00e3o Pr\u00f3-Desenvolvimento de Languiru (APDL), a edi\u00e7\u00e3o chega com novidades, formato ampliado, 30 combates e expectativa de [&hellip;]\" \/>\n<meta property=\"og:url\" content=\"https:\/\/folhapopular.info\/index.php\/2025\/10\/08\/preparacao-para-o-teutofight-proxima-do-fim\/\" \/>\n<meta property=\"og:site_name\" content=\"Folha Popular\" \/>\n<meta property=\"article:author\" content=\"https:\/\/www.facebook.com\/luis.huppes\/\" \/>\n<meta property=\"article:published_time\" content=\"2025-10-08T12:21:14+00:00\" \/>\n<meta property=\"article:modified_time\" content=\"2025-10-08T12:21:18+00:00\" \/>\n<meta property=\"og:image\" content=\"http:\/\/folhapopular.info\/wp-content\/uploads\/2025\/10\/Evento-tera-lutas-com-nomes-de-peso.jpg\" \/>\n\t<meta property=\"og:image:width\" content=\"1440\" \/>\n\t<meta property=\"og:image:height\" content=\"1800\" \/>\n\t<meta property=\"og:image:type\" content=\"image\/jpeg\" \/>\n<meta name=\"author\" content=\"Luis Augusto Huppes\" \/>\n<meta name=\"twitter:card\" content=\"summary_large_image\" \/>\n<meta name=\"twitter:label1\" content=\"Escrito por\" \/>\n\t<meta name=\"twitter:data1\" content=\"Luis Augusto Huppes\" \/>\n\t<meta name=\"twitter:label2\" content=\"Est. tempo de leitura\" \/>\n\t<meta name=\"twitter:data2\" content=\"3 minutos\" \/>\n<script type=\"application\/ld+json\" class=\"yoast-schema-graph\">{\"@context\":\"https:\\\/\\\/schema.org\",\"@graph\":[{\"@type\":\"Article\",\"@id\":\"https:\\\/\\\/folhapopular.info\\\/index.php\\\/2025\\\/10\\\/08\\\/preparacao-para-o-teutofight-proxima-do-fim\\\/#article\",\"isPartOf\":{\"@id\":\"https:\\\/\\\/folhapopular.info\\\/index.php\\\/2025\\\/10\\\/08\\\/preparacao-para-o-teutofight-proxima-do-fim\\\/\"},\"author\":{\"name\":\"Luis Augusto Huppes\",\"@id\":\"https:\\\/\\\/folhapopular.info\\\/#\\\/schema\\\/person\\\/e852c327371714676d02e58cf917fd9f\"},\"headline\":\"Prepara\u00e7\u00e3o para o TeutoFight pr\u00f3xima do fim\",\"datePublished\":\"2025-10-08T12:21:14+00:00\",\"dateModified\":\"2025-10-08T12:21:18+00:00\",\"mainEntityOfPage\":{\"@id\":\"https:\\\/\\\/folhapopular.info\\\/index.php\\\/2025\\\/10\\\/08\\\/preparacao-para-o-teutofight-proxima-do-fim\\\/\"},\"wordCount\":511,\"commentCount\":0,\"image\":{\"@id\":\"https:\\\/\\\/folhapopular.info\\\/index.php\\\/2025\\\/10\\\/08\\\/preparacao-para-o-teutofight-proxima-do-fim\\\/#primaryimage\"},\"thumbnailUrl\":\"https:\\\/\\\/folhapopular.info\\\/wp-content\\\/uploads\\\/2025\\\/10\\\/Evento-tera-lutas-com-nomes-de-peso.jpg\",\"keywords\":[\"Artes Marciais\",\"Lutas\",\"TeutoFight\",\"Teut\u00f4nia\"],\"articleSection\":[\"Artes Marciais\",\"Esportes\"],\"inLanguage\":\"pt-BR\",\"potentialAction\":[{\"@type\":\"CommentAction\",\"name\":\"Comment\",\"target\":[\"https:\\\/\\\/folhapopular.info\\\/index.php\\\/2025\\\/10\\\/08\\\/preparacao-para-o-teutofight-proxima-do-fim\\\/#respond\"]}]},{\"@type\":\"WebPage\",\"@id\":\"https:\\\/\\\/folhapopular.info\\\/index.php\\\/2025\\\/10\\\/08\\\/preparacao-para-o-teutofight-proxima-do-fim\\\/\",\"url\":\"https:\\\/\\\/folhapopular.info\\\/index.php\\\/2025\\\/10\\\/08\\\/preparacao-para-o-teutofight-proxima-do-fim\\\/\",\"name\":\"Prepara\u00e7\u00e3o para o TeutoFight pr\u00f3xima do fim - Folha Popular\",\"isPartOf\":{\"@id\":\"https:\\\/\\\/folhapopular.info\\\/#website\"},\"primaryImageOfPage\":{\"@id\":\"https:\\\/\\\/folhapopular.info\\\/index.php\\\/2025\\\/10\\\/08\\\/preparacao-para-o-teutofight-proxima-do-fim\\\/#primaryimage\"},\"image\":{\"@id\":\"https:\\\/\\\/folhapopular.info\\\/index.php\\\/2025\\\/10\\\/08\\\/preparacao-para-o-teutofight-proxima-do-fim\\\/#primaryimage\"},\"thumbnailUrl\":\"https:\\\/\\\/folhapopular.info\\\/wp-content\\\/uploads\\\/2025\\\/10\\\/Evento-tera-lutas-com-nomes-de-peso.jpg\",\"datePublished\":\"2025-10-08T12:21:14+00:00\",\"dateModified\":\"2025-10-08T12:21:18+00:00\",\"author\":{\"@id\":\"https:\\\/\\\/folhapopular.info\\\/#\\\/schema\\\/person\\\/e852c327371714676d02e58cf917fd9f\"},\"breadcrumb\":{\"@id\":\"https:\\\/\\\/folhapopular.info\\\/index.php\\\/2025\\\/10\\\/08\\\/preparacao-para-o-teutofight-proxima-do-fim\\\/#breadcrumb\"},\"inLanguage\":\"pt-BR\",\"potentialAction\":[{\"@type\":\"ReadAction\",\"target\":[\"https:\\\/\\\/folhapopular.info\\\/index.php\\\/2025\\\/10\\\/08\\\/preparacao-para-o-teutofight-proxima-do-fim\\\/\"]}]},{\"@type\":\"ImageObject\",\"inLanguage\":\"pt-BR\",\"@id\":\"https:\\\/\\\/folhapopular.info\\\/index.php\\\/2025\\\/10\\\/08\\\/preparacao-para-o-teutofight-proxima-do-fim\\\/#primaryimage\",\"url\":\"https:\\\/\\\/folhapopular.info\\\/wp-content\\\/uploads\\\/2025\\\/10\\\/Evento-tera-lutas-com-nomes-de-peso.jpg\",\"contentUrl\":\"https:\\\/\\\/folhapopular.info\\\/wp-content\\\/uploads\\\/2025\\\/10\\\/Evento-tera-lutas-com-nomes-de-peso.jpg\",\"width\":1440,\"height\":1800,\"caption\":\"Evento ter\u00e1 lutas com nomes de peso - Cr\u00e9dito: Divulga\u00e7\u00e3o\"},{\"@type\":\"BreadcrumbList\",\"@id\":\"https:\\\/\\\/folhapopular.info\\\/index.php\\\/2025\\\/10\\\/08\\\/preparacao-para-o-teutofight-proxima-do-fim\\\/#breadcrumb\",\"itemListElement\":[{\"@type\":\"ListItem\",\"position\":1,\"name\":\"In\u00edcio\",\"item\":\"https:\\\/\\\/folhapopular.info\\\/\"},{\"@type\":\"ListItem\",\"position\":2,\"name\":\"Prepara\u00e7\u00e3o para o TeutoFight pr\u00f3xima do fim\"}]},{\"@type\":\"WebSite\",\"@id\":\"https:\\\/\\\/folhapopular.info\\\/#website\",\"url\":\"https:\\\/\\\/folhapopular.info\\\/\",\"name\":\"Folha Popular\",\"description\":\"Onde voc\u00ea tem vez e voz\",\"potentialAction\":[{\"@type\":\"SearchAction\",\"target\":{\"@type\":\"EntryPoint\",\"urlTemplate\":\"https:\\\/\\\/folhapopular.info\\\/?s={search_term_string}\"},\"query-input\":{\"@type\":\"PropertyValueSpecification\",\"valueRequired\":true,\"valueName\":\"search_term_string\"}}],\"inLanguage\":\"pt-BR\"},{\"@type\":\"Person\",\"@id\":\"https:\\\/\\\/folhapopular.info\\\/#\\\/schema\\\/person\\\/e852c327371714676d02e58cf917fd9f\",\"name\":\"Luis Augusto Huppes\",\"image\":{\"@type\":\"ImageObject\",\"inLanguage\":\"pt-BR\",\"@id\":\"https:\\\/\\\/folhapopular.info\\\/wp-content\\\/uploads\\\/2026\\\/04\\\/Luis-Augusto-Huppes-1-1.webp\",\"url\":\"https:\\\/\\\/folhapopular.info\\\/wp-content\\\/uploads\\\/2026\\\/04\\\/Luis-Augusto-Huppes-1-1.webp\",\"contentUrl\":\"https:\\\/\\\/folhapopular.info\\\/wp-content\\\/uploads\\\/2026\\\/04\\\/Luis-Augusto-Huppes-1-1.webp\",\"caption\":\"Luis Augusto Huppes\"},\"sameAs\":[\"https:\\\/\\\/www.facebook.com\\\/luis.huppes\\\/\",\"https:\\\/\\\/www.instagram.com\\\/luis.huppes\\\/\",\"https:\\\/\\\/www.linkedin.com\\\/in\\\/luis-augusto-huppes-2554b52b7\\\/\"],\"url\":\"https:\\\/\\\/folhapopular.info\\\/index.php\\\/author\\\/luis-augusto-huppes\\\/\"}]}<\/script>\n<!-- \/ Yoast SEO plugin. -->","yoast_head_json":{"title":"Prepara\u00e7\u00e3o para o TeutoFight pr\u00f3xima do fim - Folha Popular","robots":{"index":"index","follow":"follow","max-snippet":"max-snippet:-1","max-image-preview":"max-image-preview:large","max-video-preview":"max-video-preview:-1"},"canonical":"https:\/\/folhapopular.info\/index.php\/2025\/10\/08\/preparacao-para-o-teutofight-proxima-do-fim\/","og_locale":"pt_BR","og_type":"article","og_title":"Prepara\u00e7\u00e3o para o TeutoFight pr\u00f3xima do fim - Folha Popular","og_description":"Os preparativos para o 7\u00aa TeutoFight entraram em clima de contagem regressiva, tendo em vista que restam poucos dias para a realiza\u00e7\u00e3o do maior evento de artes marciais do estado. Marcada para o dia 11 de outubro na Associa\u00e7\u00e3o Pr\u00f3-Desenvolvimento de Languiru (APDL), a edi\u00e7\u00e3o chega com novidades, formato ampliado, 30 combates e expectativa de [&hellip;]","og_url":"https:\/\/folhapopular.info\/index.php\/2025\/10\/08\/preparacao-para-o-teutofight-proxima-do-fim\/","og_site_name":"Folha Popular","article_author":"https:\/\/www.facebook.com\/luis.huppes\/","article_published_time":"2025-10-08T12:21:14+00:00","article_modified_time":"2025-10-08T12:21:18+00:00","og_image":[{"width":1440,"height":1800,"url":"http:\/\/folhapopular.info\/wp-content\/uploads\/2025\/10\/Evento-tera-lutas-com-nomes-de-peso.jpg","type":"image\/jpeg"}],"author":"Luis Augusto Huppes","twitter_card":"summary_large_image","twitter_misc":{"Escrito por":"Luis Augusto Huppes","Est. tempo de leitura":"3 minutos"},"schema":{"@context":"https:\/\/schema.org","@graph":[{"@type":"Article","@id":"https:\/\/folhapopular.info\/index.php\/2025\/10\/08\/preparacao-para-o-teutofight-proxima-do-fim\/#article","isPartOf":{"@id":"https:\/\/folhapopular.info\/index.php\/2025\/10\/08\/preparacao-para-o-teutofight-proxima-do-fim\/"},"author":{"name":"Luis Augusto Huppes","@id":"https:\/\/folhapopular.info\/#\/schema\/person\/e852c327371714676d02e58cf917fd9f"},"headline":"Prepara\u00e7\u00e3o para o TeutoFight pr\u00f3xima do fim","datePublished":"2025-10-08T12:21:14+00:00","dateModified":"2025-10-08T12:21:18+00:00","mainEntityOfPage":{"@id":"https:\/\/folhapopular.info\/index.php\/2025\/10\/08\/preparacao-para-o-teutofight-proxima-do-fim\/"},"wordCount":511,"commentCount":0,"image":{"@id":"https:\/\/folhapopular.info\/index.php\/2025\/10\/08\/preparacao-para-o-teutofight-proxima-do-fim\/#primaryimage"},"thumbnailUrl":"https:\/\/folhapopular.info\/wp-content\/uploads\/2025\/10\/Evento-tera-lutas-com-nomes-de-peso.jpg","keywords":["Artes Marciais","Lutas","TeutoFight","Teut\u00f4nia"],"articleSection":["Artes Marciais","Esportes"],"inLanguage":"pt-BR","potentialAction":[{"@type":"CommentAction","name":"Comment","target":["https:\/\/folhapopular.info\/index.php\/2025\/10\/08\/preparacao-para-o-teutofight-proxima-do-fim\/#respond"]}]},{"@type":"WebPage","@id":"https:\/\/folhapopular.info\/index.php\/2025\/10\/08\/preparacao-para-o-teutofight-proxima-do-fim\/","url":"https:\/\/folhapopular.info\/index.php\/2025\/10\/08\/preparacao-para-o-teutofight-proxima-do-fim\/","name":"Prepara\u00e7\u00e3o para o TeutoFight pr\u00f3xima do fim - Folha Popular","isPartOf":{"@id":"https:\/\/folhapopular.info\/#website"},"primaryImageOfPage":{"@id":"https:\/\/folhapopular.info\/index.php\/2025\/10\/08\/preparacao-para-o-teutofight-proxima-do-fim\/#primaryimage"},"image":{"@id":"https:\/\/folhapopular.info\/index.php\/2025\/10\/08\/preparacao-para-o-teutofight-proxima-do-fim\/#primaryimage"},"thumbnailUrl":"https:\/\/folhapopular.info\/wp-content\/uploads\/2025\/10\/Evento-tera-lutas-com-nomes-de-peso.jpg","datePublished":"2025-10-08T12:21:14+00:00","dateModified":"2025-10-08T12:21:18+00:00","author":{"@id":"https:\/\/folhapopular.info\/#\/schema\/person\/e852c327371714676d02e58cf917fd9f"},"breadcrumb":{"@id":"https:\/\/folhapopular.info\/index.php\/2025\/10\/08\/preparacao-para-o-teutofight-proxima-do-fim\/#breadcrumb"},"inLanguage":"pt-BR","potentialAction":[{"@type":"ReadAction","target":["https:\/\/folhapopular.info\/index.php\/2025\/10\/08\/preparacao-para-o-teutofight-proxima-do-fim\/"]}]},{"@type":"ImageObject","inLanguage":"pt-BR","@id":"https:\/\/folhapopular.info\/index.php\/2025\/10\/08\/preparacao-para-o-teutofight-proxima-do-fim\/#primaryimage","url":"https:\/\/folhapopular.info\/wp-content\/uploads\/2025\/10\/Evento-tera-lutas-com-nomes-de-peso.jpg","contentUrl":"https:\/\/folhapopular.info\/wp-content\/uploads\/2025\/10\/Evento-tera-lutas-com-nomes-de-peso.jpg","width":1440,"height":1800,"caption":"Evento ter\u00e1 lutas com nomes de peso - Cr\u00e9dito: Divulga\u00e7\u00e3o"},{"@type":"BreadcrumbList","@id":"https:\/\/folhapopular.info\/index.php\/2025\/10\/08\/preparacao-para-o-teutofight-proxima-do-fim\/#breadcrumb","itemListElement":[{"@type":"ListItem","position":1,"name":"In\u00edcio","item":"https:\/\/folhapopular.info\/"},{"@type":"ListItem","position":2,"name":"Prepara\u00e7\u00e3o para o TeutoFight pr\u00f3xima do fim"}]},{"@type":"WebSite","@id":"https:\/\/folhapopular.info\/#website","url":"https:\/\/folhapopular.info\/","name":"Folha Popular","description":"Onde voc\u00ea tem vez e voz","potentialAction":[{"@type":"SearchAction","target":{"@type":"EntryPoint","urlTemplate":"https:\/\/folhapopular.info\/?s={search_term_string}"},"query-input":{"@type":"PropertyValueSpecification","valueRequired":true,"valueName":"search_term_string"}}],"inLanguage":"pt-BR"},{"@type":"Person","@id":"https:\/\/folhapopular.info\/#\/schema\/person\/e852c327371714676d02e58cf917fd9f","name":"Luis Augusto Huppes","image":{"@type":"ImageObject","inLanguage":"pt-BR","@id":"https:\/\/folhapopular.info\/wp-content\/uploads\/2026\/04\/Luis-Augusto-Huppes-1-1.webp","url":"https:\/\/folhapopular.info\/wp-content\/uploads\/2026\/04\/Luis-Augusto-Huppes-1-1.webp","contentUrl":"https:\/\/folhapopular.info\/wp-content\/uploads\/2026\/04\/Luis-Augusto-Huppes-1-1.webp","caption":"Luis Augusto Huppes"},"sameAs":["https:\/\/www.facebook.com\/luis.huppes\/","https:\/\/www.instagram.com\/luis.huppes\/","https:\/\/www.linkedin.com\/in\/luis-augusto-huppes-2554b52b7\/"],"url":"https:\/\/folhapopular.info\/index.php\/author\/luis-augusto-huppes\/"}]}},"jetpack_featured_media_url":"https:\/\/folhapopular.info\/wp-content\/uploads\/2025\/10\/Evento-tera-lutas-com-nomes-de-peso.jpg","jetpack_sharing_enabled":true,"amp_enabled":true,"_links":{"self":[{"href":"https:\/\/folhapopular.info\/index.php\/wp-json\/wp\/v2\/posts\/195741","targetHints":{"allow":["GET"]}}],"collection":[{"href":"https:\/\/folhapopular.info\/index.php\/wp-json\/wp\/v2\/posts"}],"about":[{"href":"https:\/\/folhapopular.info\/index.php\/wp-json\/wp\/v2\/types\/post"}],"author":[{"embeddable":true,"href":"https:\/\/folhapopular.info\/index.php\/wp-json\/wp\/v2\/users\/732"}],"replies":[{"embeddable":true,"href":"https:\/\/folhapopular.info\/index.php\/wp-json\/wp\/v2\/comments?post=195741"}],"version-history":[{"count":0,"href":"https:\/\/folhapopular.info\/index.php\/wp-json\/wp\/v2\/posts\/195741\/revisions"}],"wp:featuredmedia":[{"embeddable":true,"href":"https:\/\/folhapopular.info\/index.php\/wp-json\/wp\/v2\/media\/195743"}],"wp:attachment":[{"href":"https:\/\/folhapopular.info\/index.php\/wp-json\/wp\/v2\/media?parent=195741"}],"wp:term":[{"taxonomy":"category","embeddable":true,"href":"https:\/\/folhapopular.info\/index.php\/wp-json\/wp\/v2\/categories?post=195741"},{"taxonomy":"post_tag","embeddable":true,"href":"https:\/\/folhapopular.info\/index.php\/wp-json\/wp\/v2\/tags?post=195741"}],"curies":[{"name":"wp","href":"https:\/\/api.w.org\/{rel}","templated":true}]}}