{"id":195841,"date":"2025-10-09T10:43:59","date_gmt":"2025-10-09T13:43:59","guid":{"rendered":"https:\/\/folhapopular.info\/?p=195841"},"modified":"2025-10-09T10:44:03","modified_gmt":"2025-10-09T13:44:03","slug":"diversao-no-centro-anima-a-manha-de-sabado-no-calcadao-de-estrela","status":"publish","type":"post","link":"https:\/\/folhapopular.info\/index.php\/2025\/10\/09\/diversao-no-centro-anima-a-manha-de-sabado-no-calcadao-de-estrela\/","title":{"rendered":"\u201cDivers\u00e3o no Centro\u201d anima a manh\u00e3 de s\u00e1bado no Cal\u00e7ad\u00e3o de Estrela"},"content":{"rendered":"\n<p>A manh\u00e3 de s\u00e1bado (11\/10) promete ser especial para as crian\u00e7as em Estrela. Promovido pela C\u00e2mara de Com\u00e9rcio, Ind\u00fastria, Servi\u00e7os e Agroneg\u00f3cio de Estrela (Cacis), com o apoio de patrocinadores e parceiros, o evento \u201cDivers\u00e3o no Cal\u00e7ad\u00e3o\u201d ser\u00e1 realizado das 8h30 \u00e0s 11h30, na Rua Fernando Abott, no trecho conhecido como Cal\u00e7ad\u00e3o \u2013 que estar\u00e1 fechado para a programa\u00e7\u00e3o.<\/p>\n\n\n\n<p>A atividade integra as comemora\u00e7\u00f5es do \u201cM\u00eas das Crian\u00e7as\u201d e oferecer\u00e1 uma variedade de atra\u00e7\u00f5es gratuitas para os pequenos, como brinquedos infl\u00e1veis, disponibilizados pela Osirnet, brincadeiras, pintura de tatuagens infantis e m\u00fasica ambiente, garantindo um clima de festa para toda a fam\u00edlia.<\/p>\n\n\n\n<p>Al\u00e9m das atra\u00e7\u00f5es para as crian\u00e7as, os pais tamb\u00e9m ser\u00e3o lembrados: haver\u00e1 distribui\u00e7\u00e3o de \u00e1gua quente e erva-mate da Rei Verde para o chimarr\u00e3o \u2013 basta levar a cuia \u2013 e caf\u00e9 oferecido pelo Sicredi Ouro Branco-RS\/MG. A Agro Uni\u00e3o participar\u00e1 com amostras para pets, enquanto a Apae Estrela estar\u00e1 presente vendendo seus tradicionais biscoitos. Tamb\u00e9m ser\u00e1 feita a distribui\u00e7\u00e3o de pirulitos da Florestal Alimentos.<\/p>\n\n\n\n<h3 class=\"wp-block-heading\">Divulga\u00e7\u00e3o e mobiliza\u00e7\u00e3o do com\u00e9rcio local<\/h3>\n\n\n\n<p>Durante a semana que antecede o evento, a equipe da Cacis percorreu mais de 60 estabelecimentos participantes das Campanhas de Com\u00e9rcio, distribuindo materiais promocionais e pirulitos da Florestal para presentear os clientes, contribuindo com a divulga\u00e7\u00e3o da a\u00e7\u00e3o e refor\u00e7ando o clima festivo.<\/p>\n\n\n\n<p><\/p>\n","protected":false},"excerpt":{"rendered":"<p>A manh\u00e3 de s\u00e1bado (11\/10) promete ser especial para as crian\u00e7as em Estrela. Promovido pela C\u00e2mara de Com\u00e9rcio, Ind\u00fastria, Servi\u00e7os e Agroneg\u00f3cio de Estrela (Cacis), com o apoio de patrocinadores e parceiros, o evento \u201cDivers\u00e3o no Cal\u00e7ad\u00e3o\u201d ser\u00e1 realizado das 8h30 \u00e0s 11h30, na Rua Fernando Abott, no trecho conhecido como Cal\u00e7ad\u00e3o \u2013 que estar\u00e1 [&hellip;]<\/p>\n","protected":false},"author":8,"featured_media":195843,"comment_status":"open","ping_status":"open","sticky":false,"template":"","format":"standard","meta":{"pmpro_default_level":"","_jetpack_memberships_contains_paid_content":false,"footnotes":""},"categories":[2,6],"tags":[944,18765,1119,8],"class_list":{"0":"post-195841","1":"post","2":"type-post","3":"status-publish","4":"format-standard","5":"has-post-thumbnail","7":"category-featured","8":"category-inclusive","9":"tag-cacis","10":"tag-calcadao","11":"tag-dia-das-criancas","12":"tag-estrela","13":"pmpro-has-access"},"yoast_head":"<!-- This site is optimized with the Yoast SEO plugin v27.5 - https:\/\/yoast.com\/product\/yoast-seo-wordpress\/ -->\n<title>\u201cDivers\u00e3o no Centro\u201d anima a manh\u00e3 de s\u00e1bado no Cal\u00e7ad\u00e3o de Estrela - Folha Popular<\/title>\n<meta name=\"robots\" content=\"index, follow, max-snippet:-1, max-image-preview:large, max-video-preview:-1\" \/>\n<link rel=\"canonical\" href=\"https:\/\/folhapopular.info\/index.php\/2025\/10\/09\/diversao-no-centro-anima-a-manha-de-sabado-no-calcadao-de-estrela\/\" \/>\n<meta property=\"og:locale\" content=\"pt_BR\" \/>\n<meta property=\"og:type\" content=\"article\" \/>\n<meta property=\"og:title\" content=\"\u201cDivers\u00e3o no Centro\u201d anima a manh\u00e3 de s\u00e1bado no Cal\u00e7ad\u00e3o de Estrela - Folha Popular\" \/>\n<meta property=\"og:description\" content=\"A manh\u00e3 de s\u00e1bado (11\/10) promete ser especial para as crian\u00e7as em Estrela. Promovido pela C\u00e2mara de Com\u00e9rcio, Ind\u00fastria, Servi\u00e7os e Agroneg\u00f3cio de Estrela (Cacis), com o apoio de patrocinadores e parceiros, o evento \u201cDivers\u00e3o no Cal\u00e7ad\u00e3o\u201d ser\u00e1 realizado das 8h30 \u00e0s 11h30, na Rua Fernando Abott, no trecho conhecido como Cal\u00e7ad\u00e3o \u2013 que estar\u00e1 [&hellip;]\" \/>\n<meta property=\"og:url\" content=\"https:\/\/folhapopular.info\/index.php\/2025\/10\/09\/diversao-no-centro-anima-a-manha-de-sabado-no-calcadao-de-estrela\/\" \/>\n<meta property=\"og:site_name\" content=\"Folha Popular\" \/>\n<meta property=\"article:published_time\" content=\"2025-10-09T13:43:59+00:00\" \/>\n<meta property=\"article:modified_time\" content=\"2025-10-09T13:44:03+00:00\" \/>\n<meta property=\"og:image\" content=\"http:\/\/folhapopular.info\/wp-content\/uploads\/2025\/10\/Criancas-Diversao-1.jpg\" \/>\n\t<meta property=\"og:image:width\" content=\"711\" \/>\n\t<meta property=\"og:image:height\" content=\"1000\" \/>\n\t<meta property=\"og:image:type\" content=\"image\/jpeg\" \/>\n<meta name=\"author\" content=\"Reda\u00e7\u00e3o Folha Popular\" \/>\n<meta name=\"twitter:card\" content=\"summary_large_image\" \/>\n<meta name=\"twitter:label1\" content=\"Escrito por\" \/>\n\t<meta name=\"twitter:data1\" content=\"Reda\u00e7\u00e3o Folha Popular\" \/>\n\t<meta name=\"twitter:label2\" content=\"Est. tempo de leitura\" \/>\n\t<meta name=\"twitter:data2\" content=\"2 minutos\" \/>\n<script type=\"application\/ld+json\" class=\"yoast-schema-graph\">{\"@context\":\"https:\\\/\\\/schema.org\",\"@graph\":[{\"@type\":\"Article\",\"@id\":\"https:\\\/\\\/folhapopular.info\\\/index.php\\\/2025\\\/10\\\/09\\\/diversao-no-centro-anima-a-manha-de-sabado-no-calcadao-de-estrela\\\/#article\",\"isPartOf\":{\"@id\":\"https:\\\/\\\/folhapopular.info\\\/index.php\\\/2025\\\/10\\\/09\\\/diversao-no-centro-anima-a-manha-de-sabado-no-calcadao-de-estrela\\\/\"},\"author\":{\"name\":\"Reda\u00e7\u00e3o Folha Popular\",\"@id\":\"https:\\\/\\\/folhapopular.info\\\/#\\\/schema\\\/person\\\/2814e8a0df7643585a9ca38bc6eb9d4b\"},\"headline\":\"\u201cDivers\u00e3o no Centro\u201d anima a manh\u00e3 de s\u00e1bado no Cal\u00e7ad\u00e3o de Estrela\",\"datePublished\":\"2025-10-09T13:43:59+00:00\",\"dateModified\":\"2025-10-09T13:44:03+00:00\",\"mainEntityOfPage\":{\"@id\":\"https:\\\/\\\/folhapopular.info\\\/index.php\\\/2025\\\/10\\\/09\\\/diversao-no-centro-anima-a-manha-de-sabado-no-calcadao-de-estrela\\\/\"},\"wordCount\":264,\"commentCount\":0,\"image\":{\"@id\":\"https:\\\/\\\/folhapopular.info\\\/index.php\\\/2025\\\/10\\\/09\\\/diversao-no-centro-anima-a-manha-de-sabado-no-calcadao-de-estrela\\\/#primaryimage\"},\"thumbnailUrl\":\"https:\\\/\\\/folhapopular.info\\\/wp-content\\\/uploads\\\/2025\\\/10\\\/Criancas-Diversao-1.jpg\",\"keywords\":[\"CACIS\",\"Cal\u00e7ad\u00e3o\",\"Dia das Crian\u00e7as\",\"Estrela\"],\"articleSection\":[\"Destaques\",\"Inclusive\"],\"inLanguage\":\"pt-BR\",\"potentialAction\":[{\"@type\":\"CommentAction\",\"name\":\"Comment\",\"target\":[\"https:\\\/\\\/folhapopular.info\\\/index.php\\\/2025\\\/10\\\/09\\\/diversao-no-centro-anima-a-manha-de-sabado-no-calcadao-de-estrela\\\/#respond\"]}]},{\"@type\":\"WebPage\",\"@id\":\"https:\\\/\\\/folhapopular.info\\\/index.php\\\/2025\\\/10\\\/09\\\/diversao-no-centro-anima-a-manha-de-sabado-no-calcadao-de-estrela\\\/\",\"url\":\"https:\\\/\\\/folhapopular.info\\\/index.php\\\/2025\\\/10\\\/09\\\/diversao-no-centro-anima-a-manha-de-sabado-no-calcadao-de-estrela\\\/\",\"name\":\"\u201cDivers\u00e3o no Centro\u201d anima a manh\u00e3 de s\u00e1bado no Cal\u00e7ad\u00e3o de Estrela - Folha Popular\",\"isPartOf\":{\"@id\":\"https:\\\/\\\/folhapopular.info\\\/#website\"},\"primaryImageOfPage\":{\"@id\":\"https:\\\/\\\/folhapopular.info\\\/index.php\\\/2025\\\/10\\\/09\\\/diversao-no-centro-anima-a-manha-de-sabado-no-calcadao-de-estrela\\\/#primaryimage\"},\"image\":{\"@id\":\"https:\\\/\\\/folhapopular.info\\\/index.php\\\/2025\\\/10\\\/09\\\/diversao-no-centro-anima-a-manha-de-sabado-no-calcadao-de-estrela\\\/#primaryimage\"},\"thumbnailUrl\":\"https:\\\/\\\/folhapopular.info\\\/wp-content\\\/uploads\\\/2025\\\/10\\\/Criancas-Diversao-1.jpg\",\"datePublished\":\"2025-10-09T13:43:59+00:00\",\"dateModified\":\"2025-10-09T13:44:03+00:00\",\"author\":{\"@id\":\"https:\\\/\\\/folhapopular.info\\\/#\\\/schema\\\/person\\\/2814e8a0df7643585a9ca38bc6eb9d4b\"},\"breadcrumb\":{\"@id\":\"https:\\\/\\\/folhapopular.info\\\/index.php\\\/2025\\\/10\\\/09\\\/diversao-no-centro-anima-a-manha-de-sabado-no-calcadao-de-estrela\\\/#breadcrumb\"},\"inLanguage\":\"pt-BR\",\"potentialAction\":[{\"@type\":\"ReadAction\",\"target\":[\"https:\\\/\\\/folhapopular.info\\\/index.php\\\/2025\\\/10\\\/09\\\/diversao-no-centro-anima-a-manha-de-sabado-no-calcadao-de-estrela\\\/\"]}]},{\"@type\":\"ImageObject\",\"inLanguage\":\"pt-BR\",\"@id\":\"https:\\\/\\\/folhapopular.info\\\/index.php\\\/2025\\\/10\\\/09\\\/diversao-no-centro-anima-a-manha-de-sabado-no-calcadao-de-estrela\\\/#primaryimage\",\"url\":\"https:\\\/\\\/folhapopular.info\\\/wp-content\\\/uploads\\\/2025\\\/10\\\/Criancas-Diversao-1.jpg\",\"contentUrl\":\"https:\\\/\\\/folhapopular.info\\\/wp-content\\\/uploads\\\/2025\\\/10\\\/Criancas-Diversao-1.jpg\",\"width\":711,\"height\":1000,\"caption\":\"Cr\u00e9dito: Aquivo Cacis\"},{\"@type\":\"BreadcrumbList\",\"@id\":\"https:\\\/\\\/folhapopular.info\\\/index.php\\\/2025\\\/10\\\/09\\\/diversao-no-centro-anima-a-manha-de-sabado-no-calcadao-de-estrela\\\/#breadcrumb\",\"itemListElement\":[{\"@type\":\"ListItem\",\"position\":1,\"name\":\"In\u00edcio\",\"item\":\"https:\\\/\\\/folhapopular.info\\\/\"},{\"@type\":\"ListItem\",\"position\":2,\"name\":\"\u201cDivers\u00e3o no Centro\u201d anima a manh\u00e3 de s\u00e1bado no Cal\u00e7ad\u00e3o de Estrela\"}]},{\"@type\":\"WebSite\",\"@id\":\"https:\\\/\\\/folhapopular.info\\\/#website\",\"url\":\"https:\\\/\\\/folhapopular.info\\\/\",\"name\":\"Folha Popular\",\"description\":\"Onde voc\u00ea tem vez e voz\",\"potentialAction\":[{\"@type\":\"SearchAction\",\"target\":{\"@type\":\"EntryPoint\",\"urlTemplate\":\"https:\\\/\\\/folhapopular.info\\\/?s={search_term_string}\"},\"query-input\":{\"@type\":\"PropertyValueSpecification\",\"valueRequired\":true,\"valueName\":\"search_term_string\"}}],\"inLanguage\":\"pt-BR\"},{\"@type\":\"Person\",\"@id\":\"https:\\\/\\\/folhapopular.info\\\/#\\\/schema\\\/person\\\/2814e8a0df7643585a9ca38bc6eb9d4b\",\"name\":\"Reda\u00e7\u00e3o Folha Popular\",\"image\":{\"@type\":\"ImageObject\",\"inLanguage\":\"pt-BR\",\"@id\":\"https:\\\/\\\/folhapopular.info\\\/wp-content\\\/uploads\\\/2026\\\/04\\\/Folha-1.webp\",\"url\":\"https:\\\/\\\/folhapopular.info\\\/wp-content\\\/uploads\\\/2026\\\/04\\\/Folha-1.webp\",\"contentUrl\":\"https:\\\/\\\/folhapopular.info\\\/wp-content\\\/uploads\\\/2026\\\/04\\\/Folha-1.webp\",\"caption\":\"Reda\u00e7\u00e3o Folha Popular\"},\"url\":\"https:\\\/\\\/folhapopular.info\\\/index.php\\\/author\\\/redacao\\\/\"}]}<\/script>\n<!-- \/ Yoast SEO plugin. -->","yoast_head_json":{"title":"\u201cDivers\u00e3o no Centro\u201d anima a manh\u00e3 de s\u00e1bado no Cal\u00e7ad\u00e3o de Estrela - Folha Popular","robots":{"index":"index","follow":"follow","max-snippet":"max-snippet:-1","max-image-preview":"max-image-preview:large","max-video-preview":"max-video-preview:-1"},"canonical":"https:\/\/folhapopular.info\/index.php\/2025\/10\/09\/diversao-no-centro-anima-a-manha-de-sabado-no-calcadao-de-estrela\/","og_locale":"pt_BR","og_type":"article","og_title":"\u201cDivers\u00e3o no Centro\u201d anima a manh\u00e3 de s\u00e1bado no Cal\u00e7ad\u00e3o de Estrela - Folha Popular","og_description":"A manh\u00e3 de s\u00e1bado (11\/10) promete ser especial para as crian\u00e7as em Estrela. Promovido pela C\u00e2mara de Com\u00e9rcio, Ind\u00fastria, Servi\u00e7os e Agroneg\u00f3cio de Estrela (Cacis), com o apoio de patrocinadores e parceiros, o evento \u201cDivers\u00e3o no Cal\u00e7ad\u00e3o\u201d ser\u00e1 realizado das 8h30 \u00e0s 11h30, na Rua Fernando Abott, no trecho conhecido como Cal\u00e7ad\u00e3o \u2013 que estar\u00e1 [&hellip;]","og_url":"https:\/\/folhapopular.info\/index.php\/2025\/10\/09\/diversao-no-centro-anima-a-manha-de-sabado-no-calcadao-de-estrela\/","og_site_name":"Folha Popular","article_published_time":"2025-10-09T13:43:59+00:00","article_modified_time":"2025-10-09T13:44:03+00:00","og_image":[{"width":711,"height":1000,"url":"http:\/\/folhapopular.info\/wp-content\/uploads\/2025\/10\/Criancas-Diversao-1.jpg","type":"image\/jpeg"}],"author":"Reda\u00e7\u00e3o Folha Popular","twitter_card":"summary_large_image","twitter_misc":{"Escrito por":"Reda\u00e7\u00e3o Folha Popular","Est. tempo de leitura":"2 minutos"},"schema":{"@context":"https:\/\/schema.org","@graph":[{"@type":"Article","@id":"https:\/\/folhapopular.info\/index.php\/2025\/10\/09\/diversao-no-centro-anima-a-manha-de-sabado-no-calcadao-de-estrela\/#article","isPartOf":{"@id":"https:\/\/folhapopular.info\/index.php\/2025\/10\/09\/diversao-no-centro-anima-a-manha-de-sabado-no-calcadao-de-estrela\/"},"author":{"name":"Reda\u00e7\u00e3o Folha Popular","@id":"https:\/\/folhapopular.info\/#\/schema\/person\/2814e8a0df7643585a9ca38bc6eb9d4b"},"headline":"\u201cDivers\u00e3o no Centro\u201d anima a manh\u00e3 de s\u00e1bado no Cal\u00e7ad\u00e3o de Estrela","datePublished":"2025-10-09T13:43:59+00:00","dateModified":"2025-10-09T13:44:03+00:00","mainEntityOfPage":{"@id":"https:\/\/folhapopular.info\/index.php\/2025\/10\/09\/diversao-no-centro-anima-a-manha-de-sabado-no-calcadao-de-estrela\/"},"wordCount":264,"commentCount":0,"image":{"@id":"https:\/\/folhapopular.info\/index.php\/2025\/10\/09\/diversao-no-centro-anima-a-manha-de-sabado-no-calcadao-de-estrela\/#primaryimage"},"thumbnailUrl":"https:\/\/folhapopular.info\/wp-content\/uploads\/2025\/10\/Criancas-Diversao-1.jpg","keywords":["CACIS","Cal\u00e7ad\u00e3o","Dia das Crian\u00e7as","Estrela"],"articleSection":["Destaques","Inclusive"],"inLanguage":"pt-BR","potentialAction":[{"@type":"CommentAction","name":"Comment","target":["https:\/\/folhapopular.info\/index.php\/2025\/10\/09\/diversao-no-centro-anima-a-manha-de-sabado-no-calcadao-de-estrela\/#respond"]}]},{"@type":"WebPage","@id":"https:\/\/folhapopular.info\/index.php\/2025\/10\/09\/diversao-no-centro-anima-a-manha-de-sabado-no-calcadao-de-estrela\/","url":"https:\/\/folhapopular.info\/index.php\/2025\/10\/09\/diversao-no-centro-anima-a-manha-de-sabado-no-calcadao-de-estrela\/","name":"\u201cDivers\u00e3o no Centro\u201d anima a manh\u00e3 de s\u00e1bado no Cal\u00e7ad\u00e3o de Estrela - Folha Popular","isPartOf":{"@id":"https:\/\/folhapopular.info\/#website"},"primaryImageOfPage":{"@id":"https:\/\/folhapopular.info\/index.php\/2025\/10\/09\/diversao-no-centro-anima-a-manha-de-sabado-no-calcadao-de-estrela\/#primaryimage"},"image":{"@id":"https:\/\/folhapopular.info\/index.php\/2025\/10\/09\/diversao-no-centro-anima-a-manha-de-sabado-no-calcadao-de-estrela\/#primaryimage"},"thumbnailUrl":"https:\/\/folhapopular.info\/wp-content\/uploads\/2025\/10\/Criancas-Diversao-1.jpg","datePublished":"2025-10-09T13:43:59+00:00","dateModified":"2025-10-09T13:44:03+00:00","author":{"@id":"https:\/\/folhapopular.info\/#\/schema\/person\/2814e8a0df7643585a9ca38bc6eb9d4b"},"breadcrumb":{"@id":"https:\/\/folhapopular.info\/index.php\/2025\/10\/09\/diversao-no-centro-anima-a-manha-de-sabado-no-calcadao-de-estrela\/#breadcrumb"},"inLanguage":"pt-BR","potentialAction":[{"@type":"ReadAction","target":["https:\/\/folhapopular.info\/index.php\/2025\/10\/09\/diversao-no-centro-anima-a-manha-de-sabado-no-calcadao-de-estrela\/"]}]},{"@type":"ImageObject","inLanguage":"pt-BR","@id":"https:\/\/folhapopular.info\/index.php\/2025\/10\/09\/diversao-no-centro-anima-a-manha-de-sabado-no-calcadao-de-estrela\/#primaryimage","url":"https:\/\/folhapopular.info\/wp-content\/uploads\/2025\/10\/Criancas-Diversao-1.jpg","contentUrl":"https:\/\/folhapopular.info\/wp-content\/uploads\/2025\/10\/Criancas-Diversao-1.jpg","width":711,"height":1000,"caption":"Cr\u00e9dito: Aquivo Cacis"},{"@type":"BreadcrumbList","@id":"https:\/\/folhapopular.info\/index.php\/2025\/10\/09\/diversao-no-centro-anima-a-manha-de-sabado-no-calcadao-de-estrela\/#breadcrumb","itemListElement":[{"@type":"ListItem","position":1,"name":"In\u00edcio","item":"https:\/\/folhapopular.info\/"},{"@type":"ListItem","position":2,"name":"\u201cDivers\u00e3o no Centro\u201d anima a manh\u00e3 de s\u00e1bado no Cal\u00e7ad\u00e3o de Estrela"}]},{"@type":"WebSite","@id":"https:\/\/folhapopular.info\/#website","url":"https:\/\/folhapopular.info\/","name":"Folha Popular","description":"Onde voc\u00ea tem vez e voz","potentialAction":[{"@type":"SearchAction","target":{"@type":"EntryPoint","urlTemplate":"https:\/\/folhapopular.info\/?s={search_term_string}"},"query-input":{"@type":"PropertyValueSpecification","valueRequired":true,"valueName":"search_term_string"}}],"inLanguage":"pt-BR"},{"@type":"Person","@id":"https:\/\/folhapopular.info\/#\/schema\/person\/2814e8a0df7643585a9ca38bc6eb9d4b","name":"Reda\u00e7\u00e3o Folha Popular","image":{"@type":"ImageObject","inLanguage":"pt-BR","@id":"https:\/\/folhapopular.info\/wp-content\/uploads\/2026\/04\/Folha-1.webp","url":"https:\/\/folhapopular.info\/wp-content\/uploads\/2026\/04\/Folha-1.webp","contentUrl":"https:\/\/folhapopular.info\/wp-content\/uploads\/2026\/04\/Folha-1.webp","caption":"Reda\u00e7\u00e3o Folha Popular"},"url":"https:\/\/folhapopular.info\/index.php\/author\/redacao\/"}]}},"jetpack_featured_media_url":"https:\/\/folhapopular.info\/wp-content\/uploads\/2025\/10\/Criancas-Diversao-1.jpg","jetpack_sharing_enabled":true,"amp_enabled":true,"_links":{"self":[{"href":"https:\/\/folhapopular.info\/index.php\/wp-json\/wp\/v2\/posts\/195841","targetHints":{"allow":["GET"]}}],"collection":[{"href":"https:\/\/folhapopular.info\/index.php\/wp-json\/wp\/v2\/posts"}],"about":[{"href":"https:\/\/folhapopular.info\/index.php\/wp-json\/wp\/v2\/types\/post"}],"author":[{"embeddable":true,"href":"https:\/\/folhapopular.info\/index.php\/wp-json\/wp\/v2\/users\/8"}],"replies":[{"embeddable":true,"href":"https:\/\/folhapopular.info\/index.php\/wp-json\/wp\/v2\/comments?post=195841"}],"version-history":[{"count":0,"href":"https:\/\/folhapopular.info\/index.php\/wp-json\/wp\/v2\/posts\/195841\/revisions"}],"wp:featuredmedia":[{"embeddable":true,"href":"https:\/\/folhapopular.info\/index.php\/wp-json\/wp\/v2\/media\/195843"}],"wp:attachment":[{"href":"https:\/\/folhapopular.info\/index.php\/wp-json\/wp\/v2\/media?parent=195841"}],"wp:term":[{"taxonomy":"category","embeddable":true,"href":"https:\/\/folhapopular.info\/index.php\/wp-json\/wp\/v2\/categories?post=195841"},{"taxonomy":"post_tag","embeddable":true,"href":"https:\/\/folhapopular.info\/index.php\/wp-json\/wp\/v2\/tags?post=195841"}],"curies":[{"name":"wp","href":"https:\/\/api.w.org\/{rel}","templated":true}]}}