{"id":195965,"date":"2025-10-11T10:00:00","date_gmt":"2025-10-11T13:00:00","guid":{"rendered":"https:\/\/folhapopular.info\/?p=195965"},"modified":"2025-10-11T08:41:18","modified_gmt":"2025-10-11T11:41:18","slug":"7a-edicao-do-teutofight-sera-neste-sabado-na-apdl","status":"publish","type":"post","link":"https:\/\/folhapopular.info\/index.php\/2025\/10\/11\/7a-edicao-do-teutofight-sera-neste-sabado-na-apdl\/","title":{"rendered":"7\u00aa edi\u00e7\u00e3o do TeutoFight ser\u00e1 neste s\u00e1bado na APDL"},"content":{"rendered":"\n<p>O maior evento de artes marciais do Rio Grande do Sul chega \u00e0 sua 7\u00aa edi\u00e7\u00e3o neste s\u00e1bado (11\/10), na Associa\u00e7\u00e3o da \u00c1gua (APDL), em Teut\u00f4nia. O Teuto<em>Fight<\/em> promete uma noite de muita t\u00e9cnica, intensidade e emo\u00e7\u00e3o, com 30 lutas amadoras e profissionais em modalidades como MMA, Boxe, Muay Thai e Jiu-Jitsu.<\/p>\n\n\n\n<p>A contagem regressiva chegou ao fim, e os combates iniciam em quest\u00e3o de horas. A pesagem oficial, momento conhecido como o \u201ccara a cara\u201d entre os atletas, ocorreu ontem, no Restaurante &amp; Lancheria <em>Schmeckt Gut<\/em>, no Bairro Teut\u00f4nia. O p\u00fablico pode acompanhar o primeiro embate psicol\u00f3gico entre os lutadores, com as provoca\u00e7\u00f5es que anteciparam o confronto dentro do oct\u00f3gono.<\/p>\n\n\n\n<p>O organizador do evento e propriet\u00e1rio do CT M\u00e3o de Pedra, Dirlei Broenstrup, destaca a evolu\u00e7\u00e3o do Teuto<em>Fight<\/em> desde a primeira edi\u00e7\u00e3o. \u201cHoje temos um evento muito mais completo, com estrutura profissional e lutas equilibradas. \u00c9 uma grande vitrine para novos talentos e uma oportunidade para atletas experientes mostrarem seu n\u00edvel t\u00e9cnico. O p\u00fablico vai ver um verdadeiro show\u201d, afirma.<\/p>\n\n\n\n<p>Entre os nomes confirmados no <em>card<\/em> profissional est\u00e1 o atleta <em>Thunder<\/em>, que representa o CT M\u00e3o de Pedra e carrega trajet\u00f3ria marcada pela supera\u00e7\u00e3o. \u201cFaz 5 anos que pratico artes marciais e agora terei a oportunidade de estar no Teuto<em>Fight<\/em>, que \u00e9 um sonho desde crian\u00e7a\u201d, conta.<\/p>\n\n\n\n<p>Ele come\u00e7ou no projeto \u201cQuem luta n\u00e3o briga\u201d e, a partir de ent\u00e3o, recebeu uma bolsa do treinador Dirlei. \u201cSempre gostei da adrenalina e foi atrav\u00e9s do Dirlei que acreditei mais em mim. Eu n\u00e3o fa\u00e7o pelo dinheiro, amo muito esse esporte. Treino de segunda a sexta e sou um dos mais ativos. Espero que meu advers\u00e1rio esteja preparado\u201d, completa.<\/p>\n\n\n\n<p>Outro destaque do CT M\u00e3o de Pedra e de Teut\u00f4nia \u00e9 Jones Bilhar. \u201cIniciei no esporte aos 12 anos, no Muay Thai. Na \u00e9poca, n\u00e3o tinha condi\u00e7\u00f5es financeiras, mas depois de 2 meses, minha m\u00e3e fez uns ajustes e pude come\u00e7ar. Hoje, sou faixa preta de Muay Thai e faixa roxa de Jiu-Jitsu. Minha prepara\u00e7\u00e3o \u00e9 muito dura, por\u00e9m, luto com os melhores do Vale do Taquari. Estou pronto e, com toda certeza, hoje vai ser uma guerra\u201d, diz.<\/p>\n\n\n\n<p>O <em>card<\/em> come\u00e7a \u00e0s 18h com as lutas amadoras e segue com o MMA profissional a partir das 20h30. Toda a estrutura \u00e9 de alto n\u00edvel: oct\u00f3gono central de medidas oficiais, \u00e1rbitros credenciados pela Federa\u00e7\u00e3o Brasileira de MMA, locutor profissional, <em>ring<\/em> <em>girls<\/em> e medidas de seguran\u00e7a refor\u00e7adas. O gin\u00e1sio da APDL foi escolhido por sua configura\u00e7\u00e3o ideal &#8211; arquibancadas em torno do oct\u00f3gono, boa visibilidade e conforto ao p\u00fablico.<\/p>\n\n\n\n<p>O CT M\u00e3o de Pedra ter\u00e1 cinco atletas de Teut\u00f4nia no <em>card<\/em> profissional. As lutas foram cuidadosamente casadas para garantir equil\u00edbrio e espet\u00e1culo. \u201cBuscamos confrontos justos, com atletas de n\u00edveis t\u00e9cnicos parecidos. \u00c9 isso que mant\u00e9m a emo\u00e7\u00e3o e o respeito no oct\u00f3gono\u201d, completa.<\/p>\n\n\n\n<p>Al\u00e9m de ser o maior evento de artes marciais do estado, o Teuto<em>Fight<\/em> tamb\u00e9m \u00e9 o \u00fanico evento de grande porte no Rio Grande do Sul, o que amplia a visibilidade e atrai atletas, t\u00e9cnicos e visitantes de diferentes regi\u00f5es. A organiza\u00e7\u00e3o escolheu a data com cuidado para n\u00e3o coincidir com outros torneios e garantir total aten\u00e7\u00e3o da comunidade esportiva.<\/p>\n\n\n\n<h2 class=\"wp-block-heading\"><strong>Impacto al\u00e9m do esporte<\/strong><\/h2>\n\n\n\n<p>O impacto do evento vai al\u00e9m do esporte, com hot\u00e9is de Teut\u00f4nia lotados. Visitantes chegam de cidades como Balne\u00e1rio Cambori\u00fa (SC), Rio Grande, Caxias do Sul, Erechim, Santiago e S\u00e3o Paulo (SP). \u201cO Teuto<em>Fight<\/em> j\u00e1 \u00e9 reconhecido nacionalmente. Est\u00e1 cadastrado no Sherdog, o que permite que os resultados dos atletas contem em seus curr\u00edculos oficiais. Isso mostra a import\u00e2ncia do evento e o quanto ele cresceu\u201d, explica Dirlei.<\/p>\n\n\n\n<p>O Teuto<em>Fight<\/em> rompe os preconceitos impostos sobre eventos de artes marciais que os comparam com brigas e \u201cporradaria\u201d. Ele representa disciplina, supera\u00e7\u00e3o e respeito, \u00e9 familiar e aberto a todas as idades, com presen\u00e7a de mulheres, crian\u00e7as e at\u00e9 apresenta\u00e7\u00f5es infantis de Jiu-Jitsu. \u201cHoje, 70% dos nossos alunos s\u00e3o mulheres e crian\u00e7as. A arte marcial ensina valores e contribui muito para o desenvolvimento pessoal. A luta vai al\u00e9m do oct\u00f3gono\u201d, destaca.<\/p>\n\n\n\n<p>A prepara\u00e7\u00e3o come\u00e7ou h\u00e1 cerca de 6 meses, com o evento j\u00e1 inclu\u00eddo no calend\u00e1rio oficial do munic\u00edpio. A prefeitura de Teut\u00f4nia apoia a realiza\u00e7\u00e3o e reconhece o Teuto<em>Fight <\/em>como um dos grandes espet\u00e1culos esportivos da cidade.<\/p>\n\n\n\n<p>A partir das 17h, os port\u00f5es da APDL se abrem para receber o p\u00fablico, que deve lotar o gin\u00e1sio. \u00c0s 18h, o primeiro gongo marca o in\u00edcio de mais uma noite de adrenalina, t\u00e9cnica e emo\u00e7\u00e3o.<\/p>\n\n\n\n<p>O Teuto<em>Fight <\/em>chega \u00e0 7\u00aa edi\u00e7\u00e3o consolidado como um dos principais eventos do MMA nacional. Movimenta o esporte, a economia e o nome de Teut\u00f4nia &#8211; que brilhar\u00e1 no centro do oct\u00f3gono mais uma vez.<\/p>\n\n\n\n<figure class=\"wp-block-image size-large is-resized\"><img loading=\"lazy\" decoding=\"async\" width=\"1024\" height=\"596\" src=\"https:\/\/folhapopular.info\/wp-content\/uploads\/2025\/10\/Bola-na-Trave-Nao-mexer-sem-autorizacao-1-1024x596.png\" alt=\"\" class=\"wp-image-195971\" style=\"width:1068px;height:auto\" srcset=\"https:\/\/folhapopular.info\/wp-content\/uploads\/2025\/10\/Bola-na-Trave-Nao-mexer-sem-autorizacao-1-1024x596.png 1024w, https:\/\/folhapopular.info\/wp-content\/uploads\/2025\/10\/Bola-na-Trave-Nao-mexer-sem-autorizacao-1-300x175.png 300w, https:\/\/folhapopular.info\/wp-content\/uploads\/2025\/10\/Bola-na-Trave-Nao-mexer-sem-autorizacao-1-768x447.png 768w, https:\/\/folhapopular.info\/wp-content\/uploads\/2025\/10\/Bola-na-Trave-Nao-mexer-sem-autorizacao-1-1536x895.png 1536w, https:\/\/folhapopular.info\/wp-content\/uploads\/2025\/10\/Bola-na-Trave-Nao-mexer-sem-autorizacao-1-721x420.png 721w, https:\/\/folhapopular.info\/wp-content\/uploads\/2025\/10\/Bola-na-Trave-Nao-mexer-sem-autorizacao-1-696x405.png 696w, https:\/\/folhapopular.info\/wp-content\/uploads\/2025\/10\/Bola-na-Trave-Nao-mexer-sem-autorizacao-1-1068x622.png 1068w, https:\/\/folhapopular.info\/wp-content\/uploads\/2025\/10\/Bola-na-Trave-Nao-mexer-sem-autorizacao-1-1920x1118.png 1920w, https:\/\/folhapopular.info\/wp-content\/uploads\/2025\/10\/Bola-na-Trave-Nao-mexer-sem-autorizacao-1.png 2000w\" sizes=\"auto, (max-width: 1024px) 100vw, 1024px\" \/><figcaption class=\"wp-element-caption\">Disputas de cintur\u00f5es apimentam a noite &#8211; Cr\u00e9dito: Luis Augusto Huppes e Camille Lenz da Silva<\/figcaption><\/figure>\n","protected":false},"excerpt":{"rendered":"<p>O maior evento de artes marciais do Rio Grande do Sul chega \u00e0 sua 7\u00aa edi\u00e7\u00e3o neste s\u00e1bado (11\/10), na Associa\u00e7\u00e3o da \u00c1gua (APDL), em Teut\u00f4nia. O TeutoFight promete uma noite de muita t\u00e9cnica, intensidade e emo\u00e7\u00e3o, com 30 lutas amadoras e profissionais em modalidades como MMA, Boxe, Muay Thai e Jiu-Jitsu. A contagem regressiva [&hellip;]<\/p>\n","protected":false},"author":732,"featured_media":195969,"comment_status":"open","ping_status":"open","sticky":false,"template":"","format":"standard","meta":{"pmpro_default_level":"","_jetpack_memberships_contains_paid_content":false,"footnotes":""},"categories":[18195,2,5],"tags":[13233,9681,18193,831,1049,1050,1047,26],"class_list":{"0":"post-195965","1":"post","2":"type-post","3":"status-publish","4":"format-standard","5":"has-post-thumbnail","7":"category-artes-marciais","8":"category-featured","9":"category-esportes","10":"tag-7a-edicao","11":"tag-artes-marciais","12":"tag-boxe","13":"tag-jiu-jitsu","14":"tag-mma","15":"tag-muay-thai","16":"tag-teutofight","17":"tag-teutonia","18":"pmpro-has-access"},"yoast_head":"<!-- This site is optimized with the Yoast SEO plugin v27.4 - https:\/\/yoast.com\/product\/yoast-seo-wordpress\/ -->\n<title>7\u00aa edi\u00e7\u00e3o do TeutoFight ser\u00e1 neste s\u00e1bado na APDL - Folha Popular<\/title>\n<meta name=\"robots\" content=\"index, follow, max-snippet:-1, max-image-preview:large, max-video-preview:-1\" \/>\n<link rel=\"canonical\" href=\"https:\/\/folhapopular.info\/index.php\/2025\/10\/11\/7a-edicao-do-teutofight-sera-neste-sabado-na-apdl\/\" \/>\n<meta property=\"og:locale\" content=\"pt_BR\" \/>\n<meta property=\"og:type\" content=\"article\" \/>\n<meta property=\"og:title\" content=\"7\u00aa edi\u00e7\u00e3o do TeutoFight ser\u00e1 neste s\u00e1bado na APDL - Folha Popular\" \/>\n<meta property=\"og:description\" content=\"O maior evento de artes marciais do Rio Grande do Sul chega \u00e0 sua 7\u00aa edi\u00e7\u00e3o neste s\u00e1bado (11\/10), na Associa\u00e7\u00e3o da \u00c1gua (APDL), em Teut\u00f4nia. O TeutoFight promete uma noite de muita t\u00e9cnica, intensidade e emo\u00e7\u00e3o, com 30 lutas amadoras e profissionais em modalidades como MMA, Boxe, Muay Thai e Jiu-Jitsu. A contagem regressiva [&hellip;]\" \/>\n<meta property=\"og:url\" content=\"https:\/\/folhapopular.info\/index.php\/2025\/10\/11\/7a-edicao-do-teutofight-sera-neste-sabado-na-apdl\/\" \/>\n<meta property=\"og:site_name\" content=\"Folha Popular\" \/>\n<meta property=\"article:author\" content=\"https:\/\/www.facebook.com\/luis.huppes\/\" \/>\n<meta property=\"article:published_time\" content=\"2025-10-11T13:00:00+00:00\" \/>\n<meta property=\"og:image\" content=\"https:\/\/folhapopular.info\/wp-content\/uploads\/2025\/10\/WhatsApp-Image-2025-10-10-at-19.42.42-6.jpeg\" \/>\n\t<meta property=\"og:image:width\" content=\"2560\" \/>\n\t<meta property=\"og:image:height\" content=\"1695\" \/>\n\t<meta property=\"og:image:type\" content=\"image\/jpeg\" \/>\n<meta name=\"author\" content=\"Luis Augusto Huppes\" \/>\n<meta name=\"twitter:card\" content=\"summary_large_image\" \/>\n<meta name=\"twitter:label1\" content=\"Escrito por\" \/>\n\t<meta name=\"twitter:data1\" content=\"Luis Augusto Huppes\" \/>\n\t<meta name=\"twitter:label2\" content=\"Est. tempo de leitura\" \/>\n\t<meta name=\"twitter:data2\" content=\"5 minutos\" \/>\n<script type=\"application\/ld+json\" class=\"yoast-schema-graph\">{\"@context\":\"https:\\\/\\\/schema.org\",\"@graph\":[{\"@type\":\"Article\",\"@id\":\"https:\\\/\\\/folhapopular.info\\\/index.php\\\/2025\\\/10\\\/11\\\/7a-edicao-do-teutofight-sera-neste-sabado-na-apdl\\\/#article\",\"isPartOf\":{\"@id\":\"https:\\\/\\\/folhapopular.info\\\/index.php\\\/2025\\\/10\\\/11\\\/7a-edicao-do-teutofight-sera-neste-sabado-na-apdl\\\/\"},\"author\":{\"name\":\"Luis Augusto Huppes\",\"@id\":\"https:\\\/\\\/folhapopular.info\\\/#\\\/schema\\\/person\\\/e852c327371714676d02e58cf917fd9f\"},\"headline\":\"7\u00aa edi\u00e7\u00e3o do TeutoFight ser\u00e1 neste s\u00e1bado na APDL\",\"datePublished\":\"2025-10-11T13:00:00+00:00\",\"mainEntityOfPage\":{\"@id\":\"https:\\\/\\\/folhapopular.info\\\/index.php\\\/2025\\\/10\\\/11\\\/7a-edicao-do-teutofight-sera-neste-sabado-na-apdl\\\/\"},\"wordCount\":886,\"commentCount\":0,\"image\":{\"@id\":\"https:\\\/\\\/folhapopular.info\\\/index.php\\\/2025\\\/10\\\/11\\\/7a-edicao-do-teutofight-sera-neste-sabado-na-apdl\\\/#primaryimage\"},\"thumbnailUrl\":\"https:\\\/\\\/folhapopular.info\\\/wp-content\\\/uploads\\\/2025\\\/10\\\/WhatsApp-Image-2025-10-10-at-19.42.42-6.jpeg\",\"keywords\":[\"7\u00aa edi\u00e7\u00e3o\",\"Artes Marciais\",\"boxe\",\"jiu-jitsu\",\"MMA\",\"Muay Thai\",\"TeutoFight\",\"Teut\u00f4nia\"],\"articleSection\":[\"Artes Marciais\",\"Destaques\",\"Esportes\"],\"inLanguage\":\"pt-BR\",\"potentialAction\":[{\"@type\":\"CommentAction\",\"name\":\"Comment\",\"target\":[\"https:\\\/\\\/folhapopular.info\\\/index.php\\\/2025\\\/10\\\/11\\\/7a-edicao-do-teutofight-sera-neste-sabado-na-apdl\\\/#respond\"]}]},{\"@type\":\"WebPage\",\"@id\":\"https:\\\/\\\/folhapopular.info\\\/index.php\\\/2025\\\/10\\\/11\\\/7a-edicao-do-teutofight-sera-neste-sabado-na-apdl\\\/\",\"url\":\"https:\\\/\\\/folhapopular.info\\\/index.php\\\/2025\\\/10\\\/11\\\/7a-edicao-do-teutofight-sera-neste-sabado-na-apdl\\\/\",\"name\":\"7\u00aa edi\u00e7\u00e3o do TeutoFight ser\u00e1 neste s\u00e1bado na APDL - Folha Popular\",\"isPartOf\":{\"@id\":\"https:\\\/\\\/folhapopular.info\\\/#website\"},\"primaryImageOfPage\":{\"@id\":\"https:\\\/\\\/folhapopular.info\\\/index.php\\\/2025\\\/10\\\/11\\\/7a-edicao-do-teutofight-sera-neste-sabado-na-apdl\\\/#primaryimage\"},\"image\":{\"@id\":\"https:\\\/\\\/folhapopular.info\\\/index.php\\\/2025\\\/10\\\/11\\\/7a-edicao-do-teutofight-sera-neste-sabado-na-apdl\\\/#primaryimage\"},\"thumbnailUrl\":\"https:\\\/\\\/folhapopular.info\\\/wp-content\\\/uploads\\\/2025\\\/10\\\/WhatsApp-Image-2025-10-10-at-19.42.42-6.jpeg\",\"datePublished\":\"2025-10-11T13:00:00+00:00\",\"author\":{\"@id\":\"https:\\\/\\\/folhapopular.info\\\/#\\\/schema\\\/person\\\/e852c327371714676d02e58cf917fd9f\"},\"breadcrumb\":{\"@id\":\"https:\\\/\\\/folhapopular.info\\\/index.php\\\/2025\\\/10\\\/11\\\/7a-edicao-do-teutofight-sera-neste-sabado-na-apdl\\\/#breadcrumb\"},\"inLanguage\":\"pt-BR\",\"potentialAction\":[{\"@type\":\"ReadAction\",\"target\":[\"https:\\\/\\\/folhapopular.info\\\/index.php\\\/2025\\\/10\\\/11\\\/7a-edicao-do-teutofight-sera-neste-sabado-na-apdl\\\/\"]}]},{\"@type\":\"ImageObject\",\"inLanguage\":\"pt-BR\",\"@id\":\"https:\\\/\\\/folhapopular.info\\\/index.php\\\/2025\\\/10\\\/11\\\/7a-edicao-do-teutofight-sera-neste-sabado-na-apdl\\\/#primaryimage\",\"url\":\"https:\\\/\\\/folhapopular.info\\\/wp-content\\\/uploads\\\/2025\\\/10\\\/WhatsApp-Image-2025-10-10-at-19.42.42-6.jpeg\",\"contentUrl\":\"https:\\\/\\\/folhapopular.info\\\/wp-content\\\/uploads\\\/2025\\\/10\\\/WhatsApp-Image-2025-10-10-at-19.42.42-6.jpeg\",\"width\":2560,\"height\":1695,\"caption\":\"Ariel Jaeger (e) e Rodrigo \\\"Pitbull\\\" realizam a luta da noite e se encontraram na sexta-feira (10\\\/10) - Cr\u00e9dito: Anderson Lopes\"},{\"@type\":\"BreadcrumbList\",\"@id\":\"https:\\\/\\\/folhapopular.info\\\/index.php\\\/2025\\\/10\\\/11\\\/7a-edicao-do-teutofight-sera-neste-sabado-na-apdl\\\/#breadcrumb\",\"itemListElement\":[{\"@type\":\"ListItem\",\"position\":1,\"name\":\"In\u00edcio\",\"item\":\"https:\\\/\\\/folhapopular.info\\\/\"},{\"@type\":\"ListItem\",\"position\":2,\"name\":\"7\u00aa edi\u00e7\u00e3o do TeutoFight ser\u00e1 neste s\u00e1bado na APDL\"}]},{\"@type\":\"WebSite\",\"@id\":\"https:\\\/\\\/folhapopular.info\\\/#website\",\"url\":\"https:\\\/\\\/folhapopular.info\\\/\",\"name\":\"Folha Popular\",\"description\":\"Onde voc\u00ea tem vez e voz\",\"potentialAction\":[{\"@type\":\"SearchAction\",\"target\":{\"@type\":\"EntryPoint\",\"urlTemplate\":\"https:\\\/\\\/folhapopular.info\\\/?s={search_term_string}\"},\"query-input\":{\"@type\":\"PropertyValueSpecification\",\"valueRequired\":true,\"valueName\":\"search_term_string\"}}],\"inLanguage\":\"pt-BR\"},{\"@type\":\"Person\",\"@id\":\"https:\\\/\\\/folhapopular.info\\\/#\\\/schema\\\/person\\\/e852c327371714676d02e58cf917fd9f\",\"name\":\"Luis Augusto Huppes\",\"image\":{\"@type\":\"ImageObject\",\"inLanguage\":\"pt-BR\",\"@id\":\"https:\\\/\\\/folhapopular.info\\\/wp-content\\\/uploads\\\/2026\\\/04\\\/Luis-Augusto-Huppes-1-1.webp\",\"url\":\"https:\\\/\\\/folhapopular.info\\\/wp-content\\\/uploads\\\/2026\\\/04\\\/Luis-Augusto-Huppes-1-1.webp\",\"contentUrl\":\"https:\\\/\\\/folhapopular.info\\\/wp-content\\\/uploads\\\/2026\\\/04\\\/Luis-Augusto-Huppes-1-1.webp\",\"caption\":\"Luis Augusto Huppes\"},\"sameAs\":[\"https:\\\/\\\/www.facebook.com\\\/luis.huppes\\\/\",\"https:\\\/\\\/www.instagram.com\\\/luis.huppes\\\/\",\"https:\\\/\\\/www.linkedin.com\\\/in\\\/luis-augusto-huppes-2554b52b7\\\/\"],\"url\":\"https:\\\/\\\/folhapopular.info\\\/index.php\\\/author\\\/luis-augusto-huppes\\\/\"}]}<\/script>\n<!-- \/ Yoast SEO plugin. -->","yoast_head_json":{"title":"7\u00aa edi\u00e7\u00e3o do TeutoFight ser\u00e1 neste s\u00e1bado na APDL - Folha Popular","robots":{"index":"index","follow":"follow","max-snippet":"max-snippet:-1","max-image-preview":"max-image-preview:large","max-video-preview":"max-video-preview:-1"},"canonical":"https:\/\/folhapopular.info\/index.php\/2025\/10\/11\/7a-edicao-do-teutofight-sera-neste-sabado-na-apdl\/","og_locale":"pt_BR","og_type":"article","og_title":"7\u00aa edi\u00e7\u00e3o do TeutoFight ser\u00e1 neste s\u00e1bado na APDL - Folha Popular","og_description":"O maior evento de artes marciais do Rio Grande do Sul chega \u00e0 sua 7\u00aa edi\u00e7\u00e3o neste s\u00e1bado (11\/10), na Associa\u00e7\u00e3o da \u00c1gua (APDL), em Teut\u00f4nia. O TeutoFight promete uma noite de muita t\u00e9cnica, intensidade e emo\u00e7\u00e3o, com 30 lutas amadoras e profissionais em modalidades como MMA, Boxe, Muay Thai e Jiu-Jitsu. A contagem regressiva [&hellip;]","og_url":"https:\/\/folhapopular.info\/index.php\/2025\/10\/11\/7a-edicao-do-teutofight-sera-neste-sabado-na-apdl\/","og_site_name":"Folha Popular","article_author":"https:\/\/www.facebook.com\/luis.huppes\/","article_published_time":"2025-10-11T13:00:00+00:00","og_image":[{"width":2560,"height":1695,"url":"https:\/\/folhapopular.info\/wp-content\/uploads\/2025\/10\/WhatsApp-Image-2025-10-10-at-19.42.42-6.jpeg","type":"image\/jpeg"}],"author":"Luis Augusto Huppes","twitter_card":"summary_large_image","twitter_misc":{"Escrito por":"Luis Augusto Huppes","Est. tempo de leitura":"5 minutos"},"schema":{"@context":"https:\/\/schema.org","@graph":[{"@type":"Article","@id":"https:\/\/folhapopular.info\/index.php\/2025\/10\/11\/7a-edicao-do-teutofight-sera-neste-sabado-na-apdl\/#article","isPartOf":{"@id":"https:\/\/folhapopular.info\/index.php\/2025\/10\/11\/7a-edicao-do-teutofight-sera-neste-sabado-na-apdl\/"},"author":{"name":"Luis Augusto Huppes","@id":"https:\/\/folhapopular.info\/#\/schema\/person\/e852c327371714676d02e58cf917fd9f"},"headline":"7\u00aa edi\u00e7\u00e3o do TeutoFight ser\u00e1 neste s\u00e1bado na APDL","datePublished":"2025-10-11T13:00:00+00:00","mainEntityOfPage":{"@id":"https:\/\/folhapopular.info\/index.php\/2025\/10\/11\/7a-edicao-do-teutofight-sera-neste-sabado-na-apdl\/"},"wordCount":886,"commentCount":0,"image":{"@id":"https:\/\/folhapopular.info\/index.php\/2025\/10\/11\/7a-edicao-do-teutofight-sera-neste-sabado-na-apdl\/#primaryimage"},"thumbnailUrl":"https:\/\/folhapopular.info\/wp-content\/uploads\/2025\/10\/WhatsApp-Image-2025-10-10-at-19.42.42-6.jpeg","keywords":["7\u00aa edi\u00e7\u00e3o","Artes Marciais","boxe","jiu-jitsu","MMA","Muay Thai","TeutoFight","Teut\u00f4nia"],"articleSection":["Artes Marciais","Destaques","Esportes"],"inLanguage":"pt-BR","potentialAction":[{"@type":"CommentAction","name":"Comment","target":["https:\/\/folhapopular.info\/index.php\/2025\/10\/11\/7a-edicao-do-teutofight-sera-neste-sabado-na-apdl\/#respond"]}]},{"@type":"WebPage","@id":"https:\/\/folhapopular.info\/index.php\/2025\/10\/11\/7a-edicao-do-teutofight-sera-neste-sabado-na-apdl\/","url":"https:\/\/folhapopular.info\/index.php\/2025\/10\/11\/7a-edicao-do-teutofight-sera-neste-sabado-na-apdl\/","name":"7\u00aa edi\u00e7\u00e3o do TeutoFight ser\u00e1 neste s\u00e1bado na APDL - Folha Popular","isPartOf":{"@id":"https:\/\/folhapopular.info\/#website"},"primaryImageOfPage":{"@id":"https:\/\/folhapopular.info\/index.php\/2025\/10\/11\/7a-edicao-do-teutofight-sera-neste-sabado-na-apdl\/#primaryimage"},"image":{"@id":"https:\/\/folhapopular.info\/index.php\/2025\/10\/11\/7a-edicao-do-teutofight-sera-neste-sabado-na-apdl\/#primaryimage"},"thumbnailUrl":"https:\/\/folhapopular.info\/wp-content\/uploads\/2025\/10\/WhatsApp-Image-2025-10-10-at-19.42.42-6.jpeg","datePublished":"2025-10-11T13:00:00+00:00","author":{"@id":"https:\/\/folhapopular.info\/#\/schema\/person\/e852c327371714676d02e58cf917fd9f"},"breadcrumb":{"@id":"https:\/\/folhapopular.info\/index.php\/2025\/10\/11\/7a-edicao-do-teutofight-sera-neste-sabado-na-apdl\/#breadcrumb"},"inLanguage":"pt-BR","potentialAction":[{"@type":"ReadAction","target":["https:\/\/folhapopular.info\/index.php\/2025\/10\/11\/7a-edicao-do-teutofight-sera-neste-sabado-na-apdl\/"]}]},{"@type":"ImageObject","inLanguage":"pt-BR","@id":"https:\/\/folhapopular.info\/index.php\/2025\/10\/11\/7a-edicao-do-teutofight-sera-neste-sabado-na-apdl\/#primaryimage","url":"https:\/\/folhapopular.info\/wp-content\/uploads\/2025\/10\/WhatsApp-Image-2025-10-10-at-19.42.42-6.jpeg","contentUrl":"https:\/\/folhapopular.info\/wp-content\/uploads\/2025\/10\/WhatsApp-Image-2025-10-10-at-19.42.42-6.jpeg","width":2560,"height":1695,"caption":"Ariel Jaeger (e) e Rodrigo \"Pitbull\" realizam a luta da noite e se encontraram na sexta-feira (10\/10) - Cr\u00e9dito: Anderson Lopes"},{"@type":"BreadcrumbList","@id":"https:\/\/folhapopular.info\/index.php\/2025\/10\/11\/7a-edicao-do-teutofight-sera-neste-sabado-na-apdl\/#breadcrumb","itemListElement":[{"@type":"ListItem","position":1,"name":"In\u00edcio","item":"https:\/\/folhapopular.info\/"},{"@type":"ListItem","position":2,"name":"7\u00aa edi\u00e7\u00e3o do TeutoFight ser\u00e1 neste s\u00e1bado na APDL"}]},{"@type":"WebSite","@id":"https:\/\/folhapopular.info\/#website","url":"https:\/\/folhapopular.info\/","name":"Folha Popular","description":"Onde voc\u00ea tem vez e voz","potentialAction":[{"@type":"SearchAction","target":{"@type":"EntryPoint","urlTemplate":"https:\/\/folhapopular.info\/?s={search_term_string}"},"query-input":{"@type":"PropertyValueSpecification","valueRequired":true,"valueName":"search_term_string"}}],"inLanguage":"pt-BR"},{"@type":"Person","@id":"https:\/\/folhapopular.info\/#\/schema\/person\/e852c327371714676d02e58cf917fd9f","name":"Luis Augusto Huppes","image":{"@type":"ImageObject","inLanguage":"pt-BR","@id":"https:\/\/folhapopular.info\/wp-content\/uploads\/2026\/04\/Luis-Augusto-Huppes-1-1.webp","url":"https:\/\/folhapopular.info\/wp-content\/uploads\/2026\/04\/Luis-Augusto-Huppes-1-1.webp","contentUrl":"https:\/\/folhapopular.info\/wp-content\/uploads\/2026\/04\/Luis-Augusto-Huppes-1-1.webp","caption":"Luis Augusto Huppes"},"sameAs":["https:\/\/www.facebook.com\/luis.huppes\/","https:\/\/www.instagram.com\/luis.huppes\/","https:\/\/www.linkedin.com\/in\/luis-augusto-huppes-2554b52b7\/"],"url":"https:\/\/folhapopular.info\/index.php\/author\/luis-augusto-huppes\/"}]}},"jetpack_featured_media_url":"https:\/\/folhapopular.info\/wp-content\/uploads\/2025\/10\/WhatsApp-Image-2025-10-10-at-19.42.42-6.jpeg","jetpack_sharing_enabled":true,"amp_enabled":true,"_links":{"self":[{"href":"https:\/\/folhapopular.info\/index.php\/wp-json\/wp\/v2\/posts\/195965","targetHints":{"allow":["GET"]}}],"collection":[{"href":"https:\/\/folhapopular.info\/index.php\/wp-json\/wp\/v2\/posts"}],"about":[{"href":"https:\/\/folhapopular.info\/index.php\/wp-json\/wp\/v2\/types\/post"}],"author":[{"embeddable":true,"href":"https:\/\/folhapopular.info\/index.php\/wp-json\/wp\/v2\/users\/732"}],"replies":[{"embeddable":true,"href":"https:\/\/folhapopular.info\/index.php\/wp-json\/wp\/v2\/comments?post=195965"}],"version-history":[{"count":0,"href":"https:\/\/folhapopular.info\/index.php\/wp-json\/wp\/v2\/posts\/195965\/revisions"}],"wp:featuredmedia":[{"embeddable":true,"href":"https:\/\/folhapopular.info\/index.php\/wp-json\/wp\/v2\/media\/195969"}],"wp:attachment":[{"href":"https:\/\/folhapopular.info\/index.php\/wp-json\/wp\/v2\/media?parent=195965"}],"wp:term":[{"taxonomy":"category","embeddable":true,"href":"https:\/\/folhapopular.info\/index.php\/wp-json\/wp\/v2\/categories?post=195965"},{"taxonomy":"post_tag","embeddable":true,"href":"https:\/\/folhapopular.info\/index.php\/wp-json\/wp\/v2\/tags?post=195965"}],"curies":[{"name":"wp","href":"https:\/\/api.w.org\/{rel}","templated":true}]}}