{"id":195967,"date":"2025-10-12T09:00:00","date_gmt":"2025-10-12T12:00:00","guid":{"rendered":"https:\/\/folhapopular.info\/?p=195967"},"modified":"2025-10-11T08:41:01","modified_gmt":"2025-10-11T11:41:01","slug":"dia-das-criancas-familias-e-educadores-resgatam-o-valor-do-brincar-livre-e-da-imaginacao","status":"publish","type":"post","link":"https:\/\/folhapopular.info\/index.php\/2025\/10\/12\/dia-das-criancas-familias-e-educadores-resgatam-o-valor-do-brincar-livre-e-da-imaginacao\/","title":{"rendered":"Dia das Crian\u00e7as: Fam\u00edlias e educadores resgatam o valor do brincar livre e da imagina\u00e7\u00e3o"},"content":{"rendered":"\n<p>Em tempos em que a inf\u00e2ncia parece cada vez mais ligada \u00e0s telas, cresce o movimento de quem busca resgatar o brincar em sua forma mais essencial: aquela que nasce da curiosidade, do toque e do conv\u00edvio. O desafio para pais e educadores \u00e9 devolver \u00e0s crian\u00e7as o espa\u00e7o do corpo e da experimenta\u00e7\u00e3o.<\/p>\n\n\n\n<p>A professora atelierista Roberta da Silva se dedica a esse prop\u00f3sito. Em seu trabalho com a Educa\u00e7\u00e3o Infantil na Escola Brincarol\u00e1, de Lajeado, ela convida as crian\u00e7as a explorarem materiais que v\u00eam da natureza e do cotidiano, como galhos, argila, sementes e tintas extra\u00eddas de flores. A proposta \u00e9 despertar sentidos, ampliar a sensibilidade e fortalecer a criatividade.<\/p>\n\n\n\n<p>\u201cAs crian\u00e7as precisam tocar, sentir e experimentar. Quando elas t\u00eam contato com diferentes texturas e cores, aprendem sobre o mundo e sobre si mesmas\u201d, afirma Roberta. Para ela, o brincar \u00e9 uma forma de pesquisa, e o adulto tem o papel de acompanhar esse processo com escuta e observa\u00e7\u00e3o.<\/p>\n\n\n\n<p>\u201cO brincar livre \u00e9 o espa\u00e7o onde a crian\u00e7a cria, imagina e se expressa. \u00c9 importante que o adulto esteja presente, mas sem conduzir, permitindo que ela descubra sozinha o que \u00e9 poss\u00edvel fazer com cada material\u201d, explica.<\/p>\n\n\n\n<p>O olhar de Roberta encontra eco no cotidiano de muitas fam\u00edlias que tentam equilibrar o uso das telas com as experi\u00eancias reais. A analista de Implanta\u00e7\u00e3o de Sistemas, Lariane dos Santos Sampaio, m\u00e3e do pequeno Pedro (3), vive esse desafio diariamente.<\/p>\n\n\n\n<p>\u201cAt\u00e9 1 ano e pouco, ele n\u00e3o via telas. A gente brincava o tempo todo. Mas, depois das enchentes, quando ele ficou semanas sem creche, a TV virou uma ajuda para conseguirmos trabalhar\u201d, relata.<\/p>\n\n\n\n<p>Com o tempo, Lariane e o marido ajustaram a rotina para que o filho pudesse assistir a desenhos em momentos espec\u00edficos e brincar na maior parte do dia.<\/p>\n\n\n\n<p>\u201cUsamos a Alexa para marcar o tempo. Quando o alarme toca, ele mesmo desliga a TV e entende que \u00e9 hora de brincar. Depois, sentamos com ele ou deixamos brinquedos \u00e0 disposi\u00e7\u00e3o: carrinhos, quebra-cabe\u00e7a, piscina de bolinhas, pe\u00e7as de encaixar. Tentamos que ele sempre tenha algo para explorar com as m\u00e3os e com o corpo\u201d, explica ela.<\/p>\n\n\n\n<p>Sem rede de apoio em Lajeado, o casal organiza o dia entre o trabalho e o cuidado com o filho. Quando o tempo permite, as brincadeiras acontecem ao ar livre. \u201cSe est\u00e1 chovendo, ficamos em casa. Se o tempo abre, vamos para o parque andar de bicicleta, correr. \u00c9 o que ele mais gosta\u201d, aponta Lariane.<\/p>\n\n\n\n<p>Ela percebe diferen\u00e7as claras no comportamento do filho conforme o tempo de exposi\u00e7\u00e3o \u00e0s telas. \u201cNos dias em que ele passa mais tempo vendo TV, fica mais inquieto e at\u00e9 agressivo. \u00c9 ent\u00e3o que sentimos na pr\u00e1tica o quanto o brincar faz bem\u201d, afirma.<\/p>\n\n\n\n<p>Entre brinquedos espalhados, tintas naturais e galhos recolhidos do quintal, o que se busca \u00e9 o mesmo: resgatar a inf\u00e2ncia como espa\u00e7o de descoberta e imagina\u00e7\u00e3o. O desafio \u00e9 grande, mas o resultado aparece nos gestos, nas conversas e na alegria de cada nova inven\u00e7\u00e3o.<\/p>\n\n\n\n<p><\/p>\n","protected":false},"excerpt":{"rendered":"<p>Em tempos em que a inf\u00e2ncia parece cada vez mais ligada \u00e0s telas, cresce o movimento de quem busca resgatar o brincar em sua forma mais essencial: aquela que nasce da curiosidade, do toque e do conv\u00edvio. O desafio para pais e educadores \u00e9 devolver \u00e0s crian\u00e7as o espa\u00e7o do corpo e da experimenta\u00e7\u00e3o. A [&hellip;]<\/p>\n","protected":false},"author":707,"featured_media":195973,"comment_status":"open","ping_status":"open","sticky":false,"template":"","format":"standard","meta":{"pmpro_default_level":"","_jetpack_memberships_contains_paid_content":false,"footnotes":""},"categories":[10998,2,6],"tags":[1119,11534,19676],"class_list":{"0":"post-195967","1":"post","2":"type-post","3":"status-publish","4":"format-standard","5":"has-post-thumbnail","7":"category-comportamento","8":"category-featured","9":"category-inclusive","10":"tag-dia-das-criancas","11":"tag-infancia","12":"tag-telas","13":"pmpro-has-access"},"yoast_head":"<!-- This site is optimized with the Yoast SEO plugin v27.5 - https:\/\/yoast.com\/product\/yoast-seo-wordpress\/ -->\n<title>Dia das Crian\u00e7as: Fam\u00edlias e educadores resgatam o valor do brincar livre e da imagina\u00e7\u00e3o - Folha Popular<\/title>\n<meta name=\"robots\" content=\"index, follow, max-snippet:-1, max-image-preview:large, max-video-preview:-1\" \/>\n<link rel=\"canonical\" href=\"https:\/\/folhapopular.info\/index.php\/2025\/10\/12\/dia-das-criancas-familias-e-educadores-resgatam-o-valor-do-brincar-livre-e-da-imaginacao\/\" \/>\n<meta property=\"og:locale\" content=\"pt_BR\" \/>\n<meta property=\"og:type\" content=\"article\" \/>\n<meta property=\"og:title\" content=\"Dia das Crian\u00e7as: Fam\u00edlias e educadores resgatam o valor do brincar livre e da imagina\u00e7\u00e3o - Folha Popular\" \/>\n<meta property=\"og:description\" content=\"Em tempos em que a inf\u00e2ncia parece cada vez mais ligada \u00e0s telas, cresce o movimento de quem busca resgatar o brincar em sua forma mais essencial: aquela que nasce da curiosidade, do toque e do conv\u00edvio. O desafio para pais e educadores \u00e9 devolver \u00e0s crian\u00e7as o espa\u00e7o do corpo e da experimenta\u00e7\u00e3o. A [&hellip;]\" \/>\n<meta property=\"og:url\" content=\"https:\/\/folhapopular.info\/index.php\/2025\/10\/12\/dia-das-criancas-familias-e-educadores-resgatam-o-valor-do-brincar-livre-e-da-imaginacao\/\" \/>\n<meta property=\"og:site_name\" content=\"Folha Popular\" \/>\n<meta property=\"article:published_time\" content=\"2025-10-12T12:00:00+00:00\" \/>\n<meta property=\"og:image\" content=\"https:\/\/folhapopular.info\/wp-content\/uploads\/2025\/10\/WhatsApp-Image-2025-10-11-at-08.35.56.jpeg\" \/>\n\t<meta property=\"og:image:width\" content=\"1600\" \/>\n\t<meta property=\"og:image:height\" content=\"1200\" \/>\n\t<meta property=\"og:image:type\" content=\"image\/jpeg\" \/>\n<meta name=\"author\" content=\"Ariana de Oliveira\" \/>\n<meta name=\"twitter:card\" content=\"summary_large_image\" \/>\n<meta name=\"twitter:label1\" content=\"Escrito por\" \/>\n\t<meta name=\"twitter:data1\" content=\"Ariana de Oliveira\" \/>\n\t<meta name=\"twitter:label2\" content=\"Est. tempo de leitura\" \/>\n\t<meta name=\"twitter:data2\" content=\"3 minutos\" \/>\n<script type=\"application\/ld+json\" class=\"yoast-schema-graph\">{\"@context\":\"https:\\\/\\\/schema.org\",\"@graph\":[{\"@type\":\"Article\",\"@id\":\"https:\\\/\\\/folhapopular.info\\\/index.php\\\/2025\\\/10\\\/12\\\/dia-das-criancas-familias-e-educadores-resgatam-o-valor-do-brincar-livre-e-da-imaginacao\\\/#article\",\"isPartOf\":{\"@id\":\"https:\\\/\\\/folhapopular.info\\\/index.php\\\/2025\\\/10\\\/12\\\/dia-das-criancas-familias-e-educadores-resgatam-o-valor-do-brincar-livre-e-da-imaginacao\\\/\"},\"author\":{\"name\":\"Ariana de Oliveira\",\"@id\":\"https:\\\/\\\/folhapopular.info\\\/#\\\/schema\\\/person\\\/e80d332e33633a6164933af03d7ee1b2\"},\"headline\":\"Dia das Crian\u00e7as: Fam\u00edlias e educadores resgatam o valor do brincar livre e da imagina\u00e7\u00e3o\",\"datePublished\":\"2025-10-12T12:00:00+00:00\",\"mainEntityOfPage\":{\"@id\":\"https:\\\/\\\/folhapopular.info\\\/index.php\\\/2025\\\/10\\\/12\\\/dia-das-criancas-familias-e-educadores-resgatam-o-valor-do-brincar-livre-e-da-imaginacao\\\/\"},\"wordCount\":542,\"commentCount\":0,\"image\":{\"@id\":\"https:\\\/\\\/folhapopular.info\\\/index.php\\\/2025\\\/10\\\/12\\\/dia-das-criancas-familias-e-educadores-resgatam-o-valor-do-brincar-livre-e-da-imaginacao\\\/#primaryimage\"},\"thumbnailUrl\":\"https:\\\/\\\/folhapopular.info\\\/wp-content\\\/uploads\\\/2025\\\/10\\\/WhatsApp-Image-2025-10-11-at-08.35.56.jpeg\",\"keywords\":[\"Dia das Crian\u00e7as\",\"inf\u00e2ncia\",\"Telas\"],\"articleSection\":[\"Comportamento\",\"Destaques\",\"Inclusive\"],\"inLanguage\":\"pt-BR\",\"potentialAction\":[{\"@type\":\"CommentAction\",\"name\":\"Comment\",\"target\":[\"https:\\\/\\\/folhapopular.info\\\/index.php\\\/2025\\\/10\\\/12\\\/dia-das-criancas-familias-e-educadores-resgatam-o-valor-do-brincar-livre-e-da-imaginacao\\\/#respond\"]}]},{\"@type\":\"WebPage\",\"@id\":\"https:\\\/\\\/folhapopular.info\\\/index.php\\\/2025\\\/10\\\/12\\\/dia-das-criancas-familias-e-educadores-resgatam-o-valor-do-brincar-livre-e-da-imaginacao\\\/\",\"url\":\"https:\\\/\\\/folhapopular.info\\\/index.php\\\/2025\\\/10\\\/12\\\/dia-das-criancas-familias-e-educadores-resgatam-o-valor-do-brincar-livre-e-da-imaginacao\\\/\",\"name\":\"Dia das Crian\u00e7as: Fam\u00edlias e educadores resgatam o valor do brincar livre e da imagina\u00e7\u00e3o - Folha Popular\",\"isPartOf\":{\"@id\":\"https:\\\/\\\/folhapopular.info\\\/#website\"},\"primaryImageOfPage\":{\"@id\":\"https:\\\/\\\/folhapopular.info\\\/index.php\\\/2025\\\/10\\\/12\\\/dia-das-criancas-familias-e-educadores-resgatam-o-valor-do-brincar-livre-e-da-imaginacao\\\/#primaryimage\"},\"image\":{\"@id\":\"https:\\\/\\\/folhapopular.info\\\/index.php\\\/2025\\\/10\\\/12\\\/dia-das-criancas-familias-e-educadores-resgatam-o-valor-do-brincar-livre-e-da-imaginacao\\\/#primaryimage\"},\"thumbnailUrl\":\"https:\\\/\\\/folhapopular.info\\\/wp-content\\\/uploads\\\/2025\\\/10\\\/WhatsApp-Image-2025-10-11-at-08.35.56.jpeg\",\"datePublished\":\"2025-10-12T12:00:00+00:00\",\"author\":{\"@id\":\"https:\\\/\\\/folhapopular.info\\\/#\\\/schema\\\/person\\\/e80d332e33633a6164933af03d7ee1b2\"},\"breadcrumb\":{\"@id\":\"https:\\\/\\\/folhapopular.info\\\/index.php\\\/2025\\\/10\\\/12\\\/dia-das-criancas-familias-e-educadores-resgatam-o-valor-do-brincar-livre-e-da-imaginacao\\\/#breadcrumb\"},\"inLanguage\":\"pt-BR\",\"potentialAction\":[{\"@type\":\"ReadAction\",\"target\":[\"https:\\\/\\\/folhapopular.info\\\/index.php\\\/2025\\\/10\\\/12\\\/dia-das-criancas-familias-e-educadores-resgatam-o-valor-do-brincar-livre-e-da-imaginacao\\\/\"]}]},{\"@type\":\"ImageObject\",\"inLanguage\":\"pt-BR\",\"@id\":\"https:\\\/\\\/folhapopular.info\\\/index.php\\\/2025\\\/10\\\/12\\\/dia-das-criancas-familias-e-educadores-resgatam-o-valor-do-brincar-livre-e-da-imaginacao\\\/#primaryimage\",\"url\":\"https:\\\/\\\/folhapopular.info\\\/wp-content\\\/uploads\\\/2025\\\/10\\\/WhatsApp-Image-2025-10-11-at-08.35.56.jpeg\",\"contentUrl\":\"https:\\\/\\\/folhapopular.info\\\/wp-content\\\/uploads\\\/2025\\\/10\\\/WhatsApp-Image-2025-10-11-at-08.35.56.jpeg\",\"width\":1600,\"height\":1200,\"caption\":\"A fam\u00edlia mant\u00e9m o pequeno em atividade l\u00fadica sem ser dependente de telas \\\/ Cr\u00e9dito: Thiago Maurique\"},{\"@type\":\"BreadcrumbList\",\"@id\":\"https:\\\/\\\/folhapopular.info\\\/index.php\\\/2025\\\/10\\\/12\\\/dia-das-criancas-familias-e-educadores-resgatam-o-valor-do-brincar-livre-e-da-imaginacao\\\/#breadcrumb\",\"itemListElement\":[{\"@type\":\"ListItem\",\"position\":1,\"name\":\"In\u00edcio\",\"item\":\"https:\\\/\\\/folhapopular.info\\\/\"},{\"@type\":\"ListItem\",\"position\":2,\"name\":\"Dia das Crian\u00e7as: Fam\u00edlias e educadores resgatam o valor do brincar livre e da imagina\u00e7\u00e3o\"}]},{\"@type\":\"WebSite\",\"@id\":\"https:\\\/\\\/folhapopular.info\\\/#website\",\"url\":\"https:\\\/\\\/folhapopular.info\\\/\",\"name\":\"Folha Popular\",\"description\":\"Onde voc\u00ea tem vez e voz\",\"potentialAction\":[{\"@type\":\"SearchAction\",\"target\":{\"@type\":\"EntryPoint\",\"urlTemplate\":\"https:\\\/\\\/folhapopular.info\\\/?s={search_term_string}\"},\"query-input\":{\"@type\":\"PropertyValueSpecification\",\"valueRequired\":true,\"valueName\":\"search_term_string\"}}],\"inLanguage\":\"pt-BR\"},{\"@type\":\"Person\",\"@id\":\"https:\\\/\\\/folhapopular.info\\\/#\\\/schema\\\/person\\\/e80d332e33633a6164933af03d7ee1b2\",\"name\":\"Ariana de Oliveira\",\"image\":{\"@type\":\"ImageObject\",\"inLanguage\":\"pt-BR\",\"@id\":\"https:\\\/\\\/secure.gravatar.com\\\/avatar\\\/f41f85ba276460e0a04f6d5aca07e53f273efeee7e662d9ef431432a18216f59?s=96&d=mm&r=g\",\"url\":\"https:\\\/\\\/secure.gravatar.com\\\/avatar\\\/f41f85ba276460e0a04f6d5aca07e53f273efeee7e662d9ef431432a18216f59?s=96&d=mm&r=g\",\"contentUrl\":\"https:\\\/\\\/secure.gravatar.com\\\/avatar\\\/f41f85ba276460e0a04f6d5aca07e53f273efeee7e662d9ef431432a18216f59?s=96&d=mm&r=g\",\"caption\":\"Ariana de Oliveira\"},\"url\":\"https:\\\/\\\/folhapopular.info\\\/index.php\\\/author\\\/ariana-deoliveiragmail-com\\\/\"}]}<\/script>\n<!-- \/ Yoast SEO plugin. -->","yoast_head_json":{"title":"Dia das Crian\u00e7as: Fam\u00edlias e educadores resgatam o valor do brincar livre e da imagina\u00e7\u00e3o - Folha Popular","robots":{"index":"index","follow":"follow","max-snippet":"max-snippet:-1","max-image-preview":"max-image-preview:large","max-video-preview":"max-video-preview:-1"},"canonical":"https:\/\/folhapopular.info\/index.php\/2025\/10\/12\/dia-das-criancas-familias-e-educadores-resgatam-o-valor-do-brincar-livre-e-da-imaginacao\/","og_locale":"pt_BR","og_type":"article","og_title":"Dia das Crian\u00e7as: Fam\u00edlias e educadores resgatam o valor do brincar livre e da imagina\u00e7\u00e3o - Folha Popular","og_description":"Em tempos em que a inf\u00e2ncia parece cada vez mais ligada \u00e0s telas, cresce o movimento de quem busca resgatar o brincar em sua forma mais essencial: aquela que nasce da curiosidade, do toque e do conv\u00edvio. O desafio para pais e educadores \u00e9 devolver \u00e0s crian\u00e7as o espa\u00e7o do corpo e da experimenta\u00e7\u00e3o. A [&hellip;]","og_url":"https:\/\/folhapopular.info\/index.php\/2025\/10\/12\/dia-das-criancas-familias-e-educadores-resgatam-o-valor-do-brincar-livre-e-da-imaginacao\/","og_site_name":"Folha Popular","article_published_time":"2025-10-12T12:00:00+00:00","og_image":[{"width":1600,"height":1200,"url":"https:\/\/folhapopular.info\/wp-content\/uploads\/2025\/10\/WhatsApp-Image-2025-10-11-at-08.35.56.jpeg","type":"image\/jpeg"}],"author":"Ariana de Oliveira","twitter_card":"summary_large_image","twitter_misc":{"Escrito por":"Ariana de Oliveira","Est. tempo de leitura":"3 minutos"},"schema":{"@context":"https:\/\/schema.org","@graph":[{"@type":"Article","@id":"https:\/\/folhapopular.info\/index.php\/2025\/10\/12\/dia-das-criancas-familias-e-educadores-resgatam-o-valor-do-brincar-livre-e-da-imaginacao\/#article","isPartOf":{"@id":"https:\/\/folhapopular.info\/index.php\/2025\/10\/12\/dia-das-criancas-familias-e-educadores-resgatam-o-valor-do-brincar-livre-e-da-imaginacao\/"},"author":{"name":"Ariana de Oliveira","@id":"https:\/\/folhapopular.info\/#\/schema\/person\/e80d332e33633a6164933af03d7ee1b2"},"headline":"Dia das Crian\u00e7as: Fam\u00edlias e educadores resgatam o valor do brincar livre e da imagina\u00e7\u00e3o","datePublished":"2025-10-12T12:00:00+00:00","mainEntityOfPage":{"@id":"https:\/\/folhapopular.info\/index.php\/2025\/10\/12\/dia-das-criancas-familias-e-educadores-resgatam-o-valor-do-brincar-livre-e-da-imaginacao\/"},"wordCount":542,"commentCount":0,"image":{"@id":"https:\/\/folhapopular.info\/index.php\/2025\/10\/12\/dia-das-criancas-familias-e-educadores-resgatam-o-valor-do-brincar-livre-e-da-imaginacao\/#primaryimage"},"thumbnailUrl":"https:\/\/folhapopular.info\/wp-content\/uploads\/2025\/10\/WhatsApp-Image-2025-10-11-at-08.35.56.jpeg","keywords":["Dia das Crian\u00e7as","inf\u00e2ncia","Telas"],"articleSection":["Comportamento","Destaques","Inclusive"],"inLanguage":"pt-BR","potentialAction":[{"@type":"CommentAction","name":"Comment","target":["https:\/\/folhapopular.info\/index.php\/2025\/10\/12\/dia-das-criancas-familias-e-educadores-resgatam-o-valor-do-brincar-livre-e-da-imaginacao\/#respond"]}]},{"@type":"WebPage","@id":"https:\/\/folhapopular.info\/index.php\/2025\/10\/12\/dia-das-criancas-familias-e-educadores-resgatam-o-valor-do-brincar-livre-e-da-imaginacao\/","url":"https:\/\/folhapopular.info\/index.php\/2025\/10\/12\/dia-das-criancas-familias-e-educadores-resgatam-o-valor-do-brincar-livre-e-da-imaginacao\/","name":"Dia das Crian\u00e7as: Fam\u00edlias e educadores resgatam o valor do brincar livre e da imagina\u00e7\u00e3o - Folha Popular","isPartOf":{"@id":"https:\/\/folhapopular.info\/#website"},"primaryImageOfPage":{"@id":"https:\/\/folhapopular.info\/index.php\/2025\/10\/12\/dia-das-criancas-familias-e-educadores-resgatam-o-valor-do-brincar-livre-e-da-imaginacao\/#primaryimage"},"image":{"@id":"https:\/\/folhapopular.info\/index.php\/2025\/10\/12\/dia-das-criancas-familias-e-educadores-resgatam-o-valor-do-brincar-livre-e-da-imaginacao\/#primaryimage"},"thumbnailUrl":"https:\/\/folhapopular.info\/wp-content\/uploads\/2025\/10\/WhatsApp-Image-2025-10-11-at-08.35.56.jpeg","datePublished":"2025-10-12T12:00:00+00:00","author":{"@id":"https:\/\/folhapopular.info\/#\/schema\/person\/e80d332e33633a6164933af03d7ee1b2"},"breadcrumb":{"@id":"https:\/\/folhapopular.info\/index.php\/2025\/10\/12\/dia-das-criancas-familias-e-educadores-resgatam-o-valor-do-brincar-livre-e-da-imaginacao\/#breadcrumb"},"inLanguage":"pt-BR","potentialAction":[{"@type":"ReadAction","target":["https:\/\/folhapopular.info\/index.php\/2025\/10\/12\/dia-das-criancas-familias-e-educadores-resgatam-o-valor-do-brincar-livre-e-da-imaginacao\/"]}]},{"@type":"ImageObject","inLanguage":"pt-BR","@id":"https:\/\/folhapopular.info\/index.php\/2025\/10\/12\/dia-das-criancas-familias-e-educadores-resgatam-o-valor-do-brincar-livre-e-da-imaginacao\/#primaryimage","url":"https:\/\/folhapopular.info\/wp-content\/uploads\/2025\/10\/WhatsApp-Image-2025-10-11-at-08.35.56.jpeg","contentUrl":"https:\/\/folhapopular.info\/wp-content\/uploads\/2025\/10\/WhatsApp-Image-2025-10-11-at-08.35.56.jpeg","width":1600,"height":1200,"caption":"A fam\u00edlia mant\u00e9m o pequeno em atividade l\u00fadica sem ser dependente de telas \/ Cr\u00e9dito: Thiago Maurique"},{"@type":"BreadcrumbList","@id":"https:\/\/folhapopular.info\/index.php\/2025\/10\/12\/dia-das-criancas-familias-e-educadores-resgatam-o-valor-do-brincar-livre-e-da-imaginacao\/#breadcrumb","itemListElement":[{"@type":"ListItem","position":1,"name":"In\u00edcio","item":"https:\/\/folhapopular.info\/"},{"@type":"ListItem","position":2,"name":"Dia das Crian\u00e7as: Fam\u00edlias e educadores resgatam o valor do brincar livre e da imagina\u00e7\u00e3o"}]},{"@type":"WebSite","@id":"https:\/\/folhapopular.info\/#website","url":"https:\/\/folhapopular.info\/","name":"Folha Popular","description":"Onde voc\u00ea tem vez e voz","potentialAction":[{"@type":"SearchAction","target":{"@type":"EntryPoint","urlTemplate":"https:\/\/folhapopular.info\/?s={search_term_string}"},"query-input":{"@type":"PropertyValueSpecification","valueRequired":true,"valueName":"search_term_string"}}],"inLanguage":"pt-BR"},{"@type":"Person","@id":"https:\/\/folhapopular.info\/#\/schema\/person\/e80d332e33633a6164933af03d7ee1b2","name":"Ariana de Oliveira","image":{"@type":"ImageObject","inLanguage":"pt-BR","@id":"https:\/\/secure.gravatar.com\/avatar\/f41f85ba276460e0a04f6d5aca07e53f273efeee7e662d9ef431432a18216f59?s=96&d=mm&r=g","url":"https:\/\/secure.gravatar.com\/avatar\/f41f85ba276460e0a04f6d5aca07e53f273efeee7e662d9ef431432a18216f59?s=96&d=mm&r=g","contentUrl":"https:\/\/secure.gravatar.com\/avatar\/f41f85ba276460e0a04f6d5aca07e53f273efeee7e662d9ef431432a18216f59?s=96&d=mm&r=g","caption":"Ariana de Oliveira"},"url":"https:\/\/folhapopular.info\/index.php\/author\/ariana-deoliveiragmail-com\/"}]}},"jetpack_featured_media_url":"https:\/\/folhapopular.info\/wp-content\/uploads\/2025\/10\/WhatsApp-Image-2025-10-11-at-08.35.56.jpeg","jetpack_sharing_enabled":true,"amp_enabled":true,"_links":{"self":[{"href":"https:\/\/folhapopular.info\/index.php\/wp-json\/wp\/v2\/posts\/195967","targetHints":{"allow":["GET"]}}],"collection":[{"href":"https:\/\/folhapopular.info\/index.php\/wp-json\/wp\/v2\/posts"}],"about":[{"href":"https:\/\/folhapopular.info\/index.php\/wp-json\/wp\/v2\/types\/post"}],"author":[{"embeddable":true,"href":"https:\/\/folhapopular.info\/index.php\/wp-json\/wp\/v2\/users\/707"}],"replies":[{"embeddable":true,"href":"https:\/\/folhapopular.info\/index.php\/wp-json\/wp\/v2\/comments?post=195967"}],"version-history":[{"count":0,"href":"https:\/\/folhapopular.info\/index.php\/wp-json\/wp\/v2\/posts\/195967\/revisions"}],"wp:featuredmedia":[{"embeddable":true,"href":"https:\/\/folhapopular.info\/index.php\/wp-json\/wp\/v2\/media\/195973"}],"wp:attachment":[{"href":"https:\/\/folhapopular.info\/index.php\/wp-json\/wp\/v2\/media?parent=195967"}],"wp:term":[{"taxonomy":"category","embeddable":true,"href":"https:\/\/folhapopular.info\/index.php\/wp-json\/wp\/v2\/categories?post=195967"},{"taxonomy":"post_tag","embeddable":true,"href":"https:\/\/folhapopular.info\/index.php\/wp-json\/wp\/v2\/tags?post=195967"}],"curies":[{"name":"wp","href":"https:\/\/api.w.org\/{rel}","templated":true}]}}