{"id":196005,"date":"2025-10-11T21:20:36","date_gmt":"2025-10-12T00:20:36","guid":{"rendered":"https:\/\/folhapopular.info\/?p=196005"},"modified":"2025-10-11T21:20:39","modified_gmt":"2025-10-12T00:20:39","slug":"livia-giovana-horn-e-eleita-rainha-de-westfalia-2025-2027","status":"publish","type":"post","link":"https:\/\/folhapopular.info\/index.php\/2025\/10\/11\/livia-giovana-horn-e-eleita-rainha-de-westfalia-2025-2027\/","title":{"rendered":"L\u00edvia Giovana Horn \u00e9 eleita Rainha de Westf\u00e1lia 2025\/2027"},"content":{"rendered":"\n<p>Westf\u00e1lia viveu uma noite de cultura e beleza neste s\u00e1bado (11), durante o evento de escolha das Soberanas 2025\/2027, realizado na Casa da OASE. Onze jovens westfalianas disputaram o t\u00edtulo de Rainha e Princesas do munic\u00edpio em uma celebra\u00e7\u00e3o que valorizou o carisma, a eleg\u00e2ncia e o orgulho pelas tradi\u00e7\u00f5es locais.<\/p>\n\n\n\n<p>A nova corte, formada por<strong> <\/strong>L\u00edvia Giovana Horn, Luize Sofia Ahlert e Alana Raquel Horst, foi escolhida ap\u00f3s a soma das notas dos jurados, que avaliaram o desempenho no desfile, durante o coquetel anterior ao evento, em prova escrita e na apresenta\u00e7\u00e3o das as candidatas em v\u00eddeos gravados em 11 pontos tur\u00edsticos do munic\u00edpio. A partir de agora, elas assumem a miss\u00e3o de representar Westf\u00e1lia em eventos oficiais e culturais dentro e fora do Estado, levando consigo o esp\u00edrito, a cultura e o legado da identidade municipal. <\/p>\n\n\n\n<p>Com transmiss\u00e3o pelas redes sociais da prefeitura municipal e pelo canal do YouTube da VF Produtora, o evento iniciou com desfile coletivo, seguido dos desfiles individuais e do pronunciamento das autoridades. O prefeito C\u00e9sar Juliano Bloemker afirmou que, mais do que um concurso, a escolha das soberanas representa a celebra\u00e7\u00e3o da cultura, da beleza, da simpatia, mas principalmente da dedica\u00e7\u00e3o das jovens que t\u00eam orgulho de representar a nossa terra. &#8220;Quero agradecer e parabenizar as 11 candidatas que se dedicaram com entusiasmo e responsabilidade em cada etapa desse processo,\u201d afirmou.<\/p>\n\n\n\n<p>O secret\u00e1rio de Educa\u00e7\u00e3o, Turismo e Desporto, Roque Luiz Lindemann, refor\u00e7ou o sentimento de pertencimento que marca o evento.<br>\u201cHoje celebramos mais do que um concurso: celebramos a beleza da cultura, a for\u00e7a da tradi\u00e7\u00e3o e, acima de tudo, o orgulho de ser westfaliano. Cada candidata traz consigo a coragem de representar a nossa cidade, vestir com amor o nome de Westf\u00e1lia e continuar um legado constru\u00eddo com dedica\u00e7\u00e3o e carinho pelas cortes anteriores,\u201d declarou.<\/p>\n\n\n\n<p>Ap\u00f3s os pronunciamentos, o corpo de jurados se retirou para a contagem dos votos e o p\u00fablico assistiu a apresenta\u00e7\u00e3o da dupla de cantoras Nat\u00e1lia e Natasha. Em seguida, as soberanas de Westf\u00e1lia 2020\/2025 fizeram o \u00faltimo desfile oficial de sua gest\u00e3o, com a Rainha Maica Cristina Wahlbrinck, a 1\u00aa Princesa T\u00e1ila Lauani Ahlert da Silva e a 2\u00aa Princesa Maiza Cristini Wahlbrinck.<\/p>\n\n\n\n<p>Em discurso de despedida, Maica destacou a emo\u00e7\u00e3o de encerrar o ciclo como soberana e agradeceu o apoio recebido ao longo da jornada. &#8220;Vamos levar conosco os abra\u00e7os, as palavras e os sorrisos. S\u00e3o momentos inesquec\u00edveis, mem\u00f3rias que vamos guardar no cora\u00e7\u00e3o. Temos muito orgulho de representar o povo westfaliano e fizemos isso da melhor forma poss\u00edvel, mostrando sempre que somos um povo acolhedor, batalhador e educado\u201d, afirmou.<\/p>\n\n\n\n<p>As soberanas eleitas estrear\u00e3o oficialmente no dia 21 de novembro, durante o lan\u00e7amento da 5\u00aa edi\u00e7\u00e3o da \u201cWestf\u00e1lia em Festa \u2013 30 anos\u201d, que ocorrer\u00e1 entre 19 e 22 de mar\u00e7o de 2026. A Rainha receber\u00e1 premia\u00e7\u00e3o de R$ 2 mil, e cada Princesa, R$ 1 mil.<\/p>\n\n\n\n<p><\/p>\n","protected":false},"excerpt":{"rendered":"<p>Westf\u00e1lia viveu uma noite de cultura e beleza neste s\u00e1bado (11), durante o evento de escolha das Soberanas 2025\/2027, realizado na Casa da OASE. Onze jovens westfalianas disputaram o t\u00edtulo de Rainha e Princesas do munic\u00edpio em uma celebra\u00e7\u00e3o que valorizou o carisma, a eleg\u00e2ncia e o orgulho pelas tradi\u00e7\u00f5es locais. A nova corte, formada [&hellip;]<\/p>\n","protected":false},"author":771,"featured_media":196009,"comment_status":"open","ping_status":"open","sticky":false,"template":"","format":"standard","meta":{"pmpro_default_level":"","_jetpack_memberships_contains_paid_content":false,"footnotes":""},"categories":[2,6],"tags":[19681,5934,19680,6949,25],"class_list":{"0":"post-196005","1":"post","2":"type-post","3":"status-publish","4":"format-standard","5":"has-post-thumbnail","7":"category-featured","8":"category-inclusive","9":"tag-alana-raquel-horst","10":"tag-oase","11":"tag-princesa","12":"tag-rainha","13":"tag-westfalia","14":"pmpro-has-access"},"yoast_head":"<!-- This site is optimized with the Yoast SEO plugin v27.5 - https:\/\/yoast.com\/product\/yoast-seo-wordpress\/ -->\n<title>L\u00edvia Giovana Horn \u00e9 eleita Rainha de Westf\u00e1lia 2025\/2027 - Folha Popular<\/title>\n<meta name=\"description\" content=\"L\u00edvia Giovana Horn \u00e9 eleita Rainha de Westf\u00e1lia 2025\/2027, ao lado das princesas Luize Sofia Ahlert e Alana Raquel Horst.\" \/>\n<meta name=\"robots\" content=\"index, follow, max-snippet:-1, max-image-preview:large, max-video-preview:-1\" \/>\n<link rel=\"canonical\" href=\"https:\/\/folhapopular.info\/index.php\/2025\/10\/11\/livia-giovana-horn-e-eleita-rainha-de-westfalia-2025-2027\/\" \/>\n<meta property=\"og:locale\" content=\"pt_BR\" \/>\n<meta property=\"og:type\" content=\"article\" \/>\n<meta property=\"og:title\" content=\"L\u00edvia Giovana Horn \u00e9 eleita Rainha de Westf\u00e1lia 2025\/2027 - Folha Popular\" \/>\n<meta property=\"og:description\" content=\"L\u00edvia Giovana Horn \u00e9 eleita Rainha de Westf\u00e1lia 2025\/2027, ao lado das princesas Luize Sofia Ahlert e Alana Raquel Horst.\" \/>\n<meta property=\"og:url\" content=\"https:\/\/folhapopular.info\/index.php\/2025\/10\/11\/livia-giovana-horn-e-eleita-rainha-de-westfalia-2025-2027\/\" \/>\n<meta property=\"og:site_name\" content=\"Folha Popular\" \/>\n<meta property=\"article:published_time\" content=\"2025-10-12T00:20:36+00:00\" \/>\n<meta property=\"article:modified_time\" content=\"2025-10-12T00:20:39+00:00\" \/>\n<meta property=\"og:image\" content=\"http:\/\/folhapopular.info\/wp-content\/uploads\/2025\/10\/WhatsApp-Image-2025-10-11-at-21.13.18-1-e1760228414382.jpeg\" \/>\n\t<meta property=\"og:image:width\" content=\"1920\" \/>\n\t<meta property=\"og:image:height\" content=\"1230\" \/>\n\t<meta property=\"og:image:type\" content=\"image\/jpeg\" \/>\n<meta name=\"author\" content=\"Thiago Maurique\" \/>\n<meta name=\"twitter:card\" content=\"summary_large_image\" \/>\n<meta name=\"twitter:label1\" content=\"Escrito por\" \/>\n\t<meta name=\"twitter:data1\" content=\"Thiago Maurique\" \/>\n\t<meta name=\"twitter:label2\" content=\"Est. tempo de leitura\" \/>\n\t<meta name=\"twitter:data2\" content=\"3 minutos\" \/>\n<script type=\"application\/ld+json\" class=\"yoast-schema-graph\">{\"@context\":\"https:\\\/\\\/schema.org\",\"@graph\":[{\"@type\":\"Article\",\"@id\":\"https:\\\/\\\/folhapopular.info\\\/index.php\\\/2025\\\/10\\\/11\\\/livia-giovana-horn-e-eleita-rainha-de-westfalia-2025-2027\\\/#article\",\"isPartOf\":{\"@id\":\"https:\\\/\\\/folhapopular.info\\\/index.php\\\/2025\\\/10\\\/11\\\/livia-giovana-horn-e-eleita-rainha-de-westfalia-2025-2027\\\/\"},\"author\":{\"name\":\"Thiago Maurique\",\"@id\":\"https:\\\/\\\/folhapopular.info\\\/#\\\/schema\\\/person\\\/da0b2794f793376cb5dd908e88ca6911\"},\"headline\":\"L\u00edvia Giovana Horn \u00e9 eleita Rainha de Westf\u00e1lia 2025\\\/2027\",\"datePublished\":\"2025-10-12T00:20:36+00:00\",\"dateModified\":\"2025-10-12T00:20:39+00:00\",\"mainEntityOfPage\":{\"@id\":\"https:\\\/\\\/folhapopular.info\\\/index.php\\\/2025\\\/10\\\/11\\\/livia-giovana-horn-e-eleita-rainha-de-westfalia-2025-2027\\\/\"},\"wordCount\":523,\"commentCount\":0,\"image\":{\"@id\":\"https:\\\/\\\/folhapopular.info\\\/index.php\\\/2025\\\/10\\\/11\\\/livia-giovana-horn-e-eleita-rainha-de-westfalia-2025-2027\\\/#primaryimage\"},\"thumbnailUrl\":\"https:\\\/\\\/folhapopular.info\\\/wp-content\\\/uploads\\\/2025\\\/10\\\/WhatsApp-Image-2025-10-11-at-21.13.18-1-e1760228414382.jpeg\",\"keywords\":[\"Alana Raquel Horst\",\"OASE\",\"Princesa\",\"Rainha\",\"Westf\u00e1lia\"],\"articleSection\":[\"Destaques\",\"Inclusive\"],\"inLanguage\":\"pt-BR\",\"potentialAction\":[{\"@type\":\"CommentAction\",\"name\":\"Comment\",\"target\":[\"https:\\\/\\\/folhapopular.info\\\/index.php\\\/2025\\\/10\\\/11\\\/livia-giovana-horn-e-eleita-rainha-de-westfalia-2025-2027\\\/#respond\"]}]},{\"@type\":\"WebPage\",\"@id\":\"https:\\\/\\\/folhapopular.info\\\/index.php\\\/2025\\\/10\\\/11\\\/livia-giovana-horn-e-eleita-rainha-de-westfalia-2025-2027\\\/\",\"url\":\"https:\\\/\\\/folhapopular.info\\\/index.php\\\/2025\\\/10\\\/11\\\/livia-giovana-horn-e-eleita-rainha-de-westfalia-2025-2027\\\/\",\"name\":\"L\u00edvia Giovana Horn \u00e9 eleita Rainha de Westf\u00e1lia 2025\\\/2027 - Folha Popular\",\"isPartOf\":{\"@id\":\"https:\\\/\\\/folhapopular.info\\\/#website\"},\"primaryImageOfPage\":{\"@id\":\"https:\\\/\\\/folhapopular.info\\\/index.php\\\/2025\\\/10\\\/11\\\/livia-giovana-horn-e-eleita-rainha-de-westfalia-2025-2027\\\/#primaryimage\"},\"image\":{\"@id\":\"https:\\\/\\\/folhapopular.info\\\/index.php\\\/2025\\\/10\\\/11\\\/livia-giovana-horn-e-eleita-rainha-de-westfalia-2025-2027\\\/#primaryimage\"},\"thumbnailUrl\":\"https:\\\/\\\/folhapopular.info\\\/wp-content\\\/uploads\\\/2025\\\/10\\\/WhatsApp-Image-2025-10-11-at-21.13.18-1-e1760228414382.jpeg\",\"datePublished\":\"2025-10-12T00:20:36+00:00\",\"dateModified\":\"2025-10-12T00:20:39+00:00\",\"author\":{\"@id\":\"https:\\\/\\\/folhapopular.info\\\/#\\\/schema\\\/person\\\/da0b2794f793376cb5dd908e88ca6911\"},\"description\":\"L\u00edvia Giovana Horn \u00e9 eleita Rainha de Westf\u00e1lia 2025\\\/2027, ao lado das princesas Luize Sofia Ahlert e Alana Raquel Horst.\",\"breadcrumb\":{\"@id\":\"https:\\\/\\\/folhapopular.info\\\/index.php\\\/2025\\\/10\\\/11\\\/livia-giovana-horn-e-eleita-rainha-de-westfalia-2025-2027\\\/#breadcrumb\"},\"inLanguage\":\"pt-BR\",\"potentialAction\":[{\"@type\":\"ReadAction\",\"target\":[\"https:\\\/\\\/folhapopular.info\\\/index.php\\\/2025\\\/10\\\/11\\\/livia-giovana-horn-e-eleita-rainha-de-westfalia-2025-2027\\\/\"]}]},{\"@type\":\"ImageObject\",\"inLanguage\":\"pt-BR\",\"@id\":\"https:\\\/\\\/folhapopular.info\\\/index.php\\\/2025\\\/10\\\/11\\\/livia-giovana-horn-e-eleita-rainha-de-westfalia-2025-2027\\\/#primaryimage\",\"url\":\"https:\\\/\\\/folhapopular.info\\\/wp-content\\\/uploads\\\/2025\\\/10\\\/WhatsApp-Image-2025-10-11-at-21.13.18-1-e1760228414382.jpeg\",\"contentUrl\":\"https:\\\/\\\/folhapopular.info\\\/wp-content\\\/uploads\\\/2025\\\/10\\\/WhatsApp-Image-2025-10-11-at-21.13.18-1-e1760228414382.jpeg\",\"width\":1920,\"height\":1230,\"caption\":\"A nova corte, formada por L\u00edvia Giovana Horn, Luize Sofia Ahlert e Alana Raquel Horst, foi escolhida ap\u00f3s a soma das notas dos jurados. Foto: Luciana Brune\"},{\"@type\":\"BreadcrumbList\",\"@id\":\"https:\\\/\\\/folhapopular.info\\\/index.php\\\/2025\\\/10\\\/11\\\/livia-giovana-horn-e-eleita-rainha-de-westfalia-2025-2027\\\/#breadcrumb\",\"itemListElement\":[{\"@type\":\"ListItem\",\"position\":1,\"name\":\"In\u00edcio\",\"item\":\"https:\\\/\\\/folhapopular.info\\\/\"},{\"@type\":\"ListItem\",\"position\":2,\"name\":\"L\u00edvia Giovana Horn \u00e9 eleita Rainha de Westf\u00e1lia 2025\\\/2027\"}]},{\"@type\":\"WebSite\",\"@id\":\"https:\\\/\\\/folhapopular.info\\\/#website\",\"url\":\"https:\\\/\\\/folhapopular.info\\\/\",\"name\":\"Folha Popular\",\"description\":\"Onde voc\u00ea tem vez e voz\",\"potentialAction\":[{\"@type\":\"SearchAction\",\"target\":{\"@type\":\"EntryPoint\",\"urlTemplate\":\"https:\\\/\\\/folhapopular.info\\\/?s={search_term_string}\"},\"query-input\":{\"@type\":\"PropertyValueSpecification\",\"valueRequired\":true,\"valueName\":\"search_term_string\"}}],\"inLanguage\":\"pt-BR\"},{\"@type\":\"Person\",\"@id\":\"https:\\\/\\\/folhapopular.info\\\/#\\\/schema\\\/person\\\/da0b2794f793376cb5dd908e88ca6911\",\"name\":\"Thiago Maurique\",\"image\":{\"@type\":\"ImageObject\",\"inLanguage\":\"pt-BR\",\"@id\":\"https:\\\/\\\/folhapopular.info\\\/wp-content\\\/uploads\\\/2026\\\/04\\\/THIAGO-MAURIQUE-1-1.webp\",\"url\":\"https:\\\/\\\/folhapopular.info\\\/wp-content\\\/uploads\\\/2026\\\/04\\\/THIAGO-MAURIQUE-1-1.webp\",\"contentUrl\":\"https:\\\/\\\/folhapopular.info\\\/wp-content\\\/uploads\\\/2026\\\/04\\\/THIAGO-MAURIQUE-1-1.webp\",\"caption\":\"Thiago Maurique\"},\"url\":\"https:\\\/\\\/folhapopular.info\\\/index.php\\\/author\\\/thiago-maurique\\\/\"}]}<\/script>\n<!-- \/ Yoast SEO plugin. -->","yoast_head_json":{"title":"L\u00edvia Giovana Horn \u00e9 eleita Rainha de Westf\u00e1lia 2025\/2027 - Folha Popular","description":"L\u00edvia Giovana Horn \u00e9 eleita Rainha de Westf\u00e1lia 2025\/2027, ao lado das princesas Luize Sofia Ahlert e Alana Raquel Horst.","robots":{"index":"index","follow":"follow","max-snippet":"max-snippet:-1","max-image-preview":"max-image-preview:large","max-video-preview":"max-video-preview:-1"},"canonical":"https:\/\/folhapopular.info\/index.php\/2025\/10\/11\/livia-giovana-horn-e-eleita-rainha-de-westfalia-2025-2027\/","og_locale":"pt_BR","og_type":"article","og_title":"L\u00edvia Giovana Horn \u00e9 eleita Rainha de Westf\u00e1lia 2025\/2027 - Folha Popular","og_description":"L\u00edvia Giovana Horn \u00e9 eleita Rainha de Westf\u00e1lia 2025\/2027, ao lado das princesas Luize Sofia Ahlert e Alana Raquel Horst.","og_url":"https:\/\/folhapopular.info\/index.php\/2025\/10\/11\/livia-giovana-horn-e-eleita-rainha-de-westfalia-2025-2027\/","og_site_name":"Folha Popular","article_published_time":"2025-10-12T00:20:36+00:00","article_modified_time":"2025-10-12T00:20:39+00:00","og_image":[{"width":1920,"height":1230,"url":"http:\/\/folhapopular.info\/wp-content\/uploads\/2025\/10\/WhatsApp-Image-2025-10-11-at-21.13.18-1-e1760228414382.jpeg","type":"image\/jpeg"}],"author":"Thiago Maurique","twitter_card":"summary_large_image","twitter_misc":{"Escrito por":"Thiago Maurique","Est. tempo de leitura":"3 minutos"},"schema":{"@context":"https:\/\/schema.org","@graph":[{"@type":"Article","@id":"https:\/\/folhapopular.info\/index.php\/2025\/10\/11\/livia-giovana-horn-e-eleita-rainha-de-westfalia-2025-2027\/#article","isPartOf":{"@id":"https:\/\/folhapopular.info\/index.php\/2025\/10\/11\/livia-giovana-horn-e-eleita-rainha-de-westfalia-2025-2027\/"},"author":{"name":"Thiago Maurique","@id":"https:\/\/folhapopular.info\/#\/schema\/person\/da0b2794f793376cb5dd908e88ca6911"},"headline":"L\u00edvia Giovana Horn \u00e9 eleita Rainha de Westf\u00e1lia 2025\/2027","datePublished":"2025-10-12T00:20:36+00:00","dateModified":"2025-10-12T00:20:39+00:00","mainEntityOfPage":{"@id":"https:\/\/folhapopular.info\/index.php\/2025\/10\/11\/livia-giovana-horn-e-eleita-rainha-de-westfalia-2025-2027\/"},"wordCount":523,"commentCount":0,"image":{"@id":"https:\/\/folhapopular.info\/index.php\/2025\/10\/11\/livia-giovana-horn-e-eleita-rainha-de-westfalia-2025-2027\/#primaryimage"},"thumbnailUrl":"https:\/\/folhapopular.info\/wp-content\/uploads\/2025\/10\/WhatsApp-Image-2025-10-11-at-21.13.18-1-e1760228414382.jpeg","keywords":["Alana Raquel Horst","OASE","Princesa","Rainha","Westf\u00e1lia"],"articleSection":["Destaques","Inclusive"],"inLanguage":"pt-BR","potentialAction":[{"@type":"CommentAction","name":"Comment","target":["https:\/\/folhapopular.info\/index.php\/2025\/10\/11\/livia-giovana-horn-e-eleita-rainha-de-westfalia-2025-2027\/#respond"]}]},{"@type":"WebPage","@id":"https:\/\/folhapopular.info\/index.php\/2025\/10\/11\/livia-giovana-horn-e-eleita-rainha-de-westfalia-2025-2027\/","url":"https:\/\/folhapopular.info\/index.php\/2025\/10\/11\/livia-giovana-horn-e-eleita-rainha-de-westfalia-2025-2027\/","name":"L\u00edvia Giovana Horn \u00e9 eleita Rainha de Westf\u00e1lia 2025\/2027 - Folha Popular","isPartOf":{"@id":"https:\/\/folhapopular.info\/#website"},"primaryImageOfPage":{"@id":"https:\/\/folhapopular.info\/index.php\/2025\/10\/11\/livia-giovana-horn-e-eleita-rainha-de-westfalia-2025-2027\/#primaryimage"},"image":{"@id":"https:\/\/folhapopular.info\/index.php\/2025\/10\/11\/livia-giovana-horn-e-eleita-rainha-de-westfalia-2025-2027\/#primaryimage"},"thumbnailUrl":"https:\/\/folhapopular.info\/wp-content\/uploads\/2025\/10\/WhatsApp-Image-2025-10-11-at-21.13.18-1-e1760228414382.jpeg","datePublished":"2025-10-12T00:20:36+00:00","dateModified":"2025-10-12T00:20:39+00:00","author":{"@id":"https:\/\/folhapopular.info\/#\/schema\/person\/da0b2794f793376cb5dd908e88ca6911"},"description":"L\u00edvia Giovana Horn \u00e9 eleita Rainha de Westf\u00e1lia 2025\/2027, ao lado das princesas Luize Sofia Ahlert e Alana Raquel Horst.","breadcrumb":{"@id":"https:\/\/folhapopular.info\/index.php\/2025\/10\/11\/livia-giovana-horn-e-eleita-rainha-de-westfalia-2025-2027\/#breadcrumb"},"inLanguage":"pt-BR","potentialAction":[{"@type":"ReadAction","target":["https:\/\/folhapopular.info\/index.php\/2025\/10\/11\/livia-giovana-horn-e-eleita-rainha-de-westfalia-2025-2027\/"]}]},{"@type":"ImageObject","inLanguage":"pt-BR","@id":"https:\/\/folhapopular.info\/index.php\/2025\/10\/11\/livia-giovana-horn-e-eleita-rainha-de-westfalia-2025-2027\/#primaryimage","url":"https:\/\/folhapopular.info\/wp-content\/uploads\/2025\/10\/WhatsApp-Image-2025-10-11-at-21.13.18-1-e1760228414382.jpeg","contentUrl":"https:\/\/folhapopular.info\/wp-content\/uploads\/2025\/10\/WhatsApp-Image-2025-10-11-at-21.13.18-1-e1760228414382.jpeg","width":1920,"height":1230,"caption":"A nova corte, formada por L\u00edvia Giovana Horn, Luize Sofia Ahlert e Alana Raquel Horst, foi escolhida ap\u00f3s a soma das notas dos jurados. Foto: Luciana Brune"},{"@type":"BreadcrumbList","@id":"https:\/\/folhapopular.info\/index.php\/2025\/10\/11\/livia-giovana-horn-e-eleita-rainha-de-westfalia-2025-2027\/#breadcrumb","itemListElement":[{"@type":"ListItem","position":1,"name":"In\u00edcio","item":"https:\/\/folhapopular.info\/"},{"@type":"ListItem","position":2,"name":"L\u00edvia Giovana Horn \u00e9 eleita Rainha de Westf\u00e1lia 2025\/2027"}]},{"@type":"WebSite","@id":"https:\/\/folhapopular.info\/#website","url":"https:\/\/folhapopular.info\/","name":"Folha Popular","description":"Onde voc\u00ea tem vez e voz","potentialAction":[{"@type":"SearchAction","target":{"@type":"EntryPoint","urlTemplate":"https:\/\/folhapopular.info\/?s={search_term_string}"},"query-input":{"@type":"PropertyValueSpecification","valueRequired":true,"valueName":"search_term_string"}}],"inLanguage":"pt-BR"},{"@type":"Person","@id":"https:\/\/folhapopular.info\/#\/schema\/person\/da0b2794f793376cb5dd908e88ca6911","name":"Thiago Maurique","image":{"@type":"ImageObject","inLanguage":"pt-BR","@id":"https:\/\/folhapopular.info\/wp-content\/uploads\/2026\/04\/THIAGO-MAURIQUE-1-1.webp","url":"https:\/\/folhapopular.info\/wp-content\/uploads\/2026\/04\/THIAGO-MAURIQUE-1-1.webp","contentUrl":"https:\/\/folhapopular.info\/wp-content\/uploads\/2026\/04\/THIAGO-MAURIQUE-1-1.webp","caption":"Thiago Maurique"},"url":"https:\/\/folhapopular.info\/index.php\/author\/thiago-maurique\/"}]}},"jetpack_featured_media_url":"https:\/\/folhapopular.info\/wp-content\/uploads\/2025\/10\/WhatsApp-Image-2025-10-11-at-21.13.18-1-e1760228414382.jpeg","jetpack_sharing_enabled":true,"amp_enabled":true,"_links":{"self":[{"href":"https:\/\/folhapopular.info\/index.php\/wp-json\/wp\/v2\/posts\/196005","targetHints":{"allow":["GET"]}}],"collection":[{"href":"https:\/\/folhapopular.info\/index.php\/wp-json\/wp\/v2\/posts"}],"about":[{"href":"https:\/\/folhapopular.info\/index.php\/wp-json\/wp\/v2\/types\/post"}],"author":[{"embeddable":true,"href":"https:\/\/folhapopular.info\/index.php\/wp-json\/wp\/v2\/users\/771"}],"replies":[{"embeddable":true,"href":"https:\/\/folhapopular.info\/index.php\/wp-json\/wp\/v2\/comments?post=196005"}],"version-history":[{"count":0,"href":"https:\/\/folhapopular.info\/index.php\/wp-json\/wp\/v2\/posts\/196005\/revisions"}],"wp:featuredmedia":[{"embeddable":true,"href":"https:\/\/folhapopular.info\/index.php\/wp-json\/wp\/v2\/media\/196009"}],"wp:attachment":[{"href":"https:\/\/folhapopular.info\/index.php\/wp-json\/wp\/v2\/media?parent=196005"}],"wp:term":[{"taxonomy":"category","embeddable":true,"href":"https:\/\/folhapopular.info\/index.php\/wp-json\/wp\/v2\/categories?post=196005"},{"taxonomy":"post_tag","embeddable":true,"href":"https:\/\/folhapopular.info\/index.php\/wp-json\/wp\/v2\/tags?post=196005"}],"curies":[{"name":"wp","href":"https:\/\/api.w.org\/{rel}","templated":true}]}}