{"id":196014,"date":"2025-10-12T02:56:08","date_gmt":"2025-10-12T05:56:08","guid":{"rendered":"https:\/\/folhapopular.info\/?p=196014"},"modified":"2025-12-11T15:32:15","modified_gmt":"2025-12-11T18:32:15","slug":"ariel-jaeger-vence-e-assegura-cinturao-na-7a-edicao-do-teutofight","status":"publish","type":"post","link":"https:\/\/folhapopular.info\/index.php\/2025\/10\/12\/ariel-jaeger-vence-e-assegura-cinturao-na-7a-edicao-do-teutofight\/","title":{"rendered":"Ariel Jaeger vence e assegura cintur\u00e3o na 7\u00aa edi\u00e7\u00e3o do TeutoFight"},"content":{"rendered":"\n<p>A noite mais aguardada do cen\u00e1rio de artes marciais de Teut\u00f4nia, Vale do Taquari e regi\u00e3o Sul do Brasil finalmente chegou. Ap\u00f3s meses de espera, as lutas da 7\u00aa edi\u00e7\u00e3o do Teuto<em>Fight<\/em> foram realizadas na noite deste s\u00e1bado (11\/10), na Associa\u00e7\u00e3o Pr\u00f3-Desenvolvimento de Languiru (APDL), em Teut\u00f4nia.<\/p>\n\n\n\n<p>Com lutadores de diversas partes do Rio Grande do Sul, de outros estados do Brasil e at\u00e9 mesmo de fora do pa\u00eds, o evento reuniu bom p\u00fablico que lotou o gin\u00e1sio da APDL e esgotou os ingressos disponibilizados na considerada maior edi\u00e7\u00e3o de todos os tempos. As mais de mil pessoas que acompanharam as lutas puderam fazer parte de uma das mais hist\u00f3ricas noites de todos os Teuto<em>Fights<\/em>.<\/p>\n\n\n\n<p>Ao todo, foram realizadas 30 lutas nas modalidades de NoGi, Jiu-Jitsu, Muay Thai e MMA. Atletas amadores e profissionais subiram ao oct\u00f3gono e deram um verdadeiro show mesclado de adrenalina e muita t\u00e9cnica. Com destaque para os lutadores do CT M\u00e3o de Pedra, que fizeram bonito e garantiram mais vit\u00f3rias do que derrotas.<\/p>\n\n\n\n<h2 class=\"wp-block-heading\"><strong>No <em>cage<\/em><\/strong><\/h2>\n\n\n\n<p>Ap\u00f3s diversas lutas amadoras, as aten\u00e7\u00f5es se voltaram para o <em>card<\/em> profissional e as principais disputas da noite &#8211; inclusive com dois cintur\u00f5es em jogo.<\/p>\n\n\n\n<p>A primeira delas teve a vit\u00f3ria de Carlos Henrique (CT <em>Team<\/em> Souza <em>Fight<\/em> &#8211; Porto Alegre), no MMA Profissional de faixa 77 quilos. Na sequ\u00eancia, o argentino do CT M\u00e3o de Pedra, Lucas Antunez, foi derrotado contra Denner Corr\u00eaa, do Garra <em>Team<\/em>, de Santiago, na faixa de 66 quilos.<\/p>\n\n\n\n<p>Os santiaguenses estavam com vontade. Guilherme Borges, tamb\u00e9m do Garra <em>Team<\/em>, bateu Adam Ferreira (Mansa <em>Team<\/em> &#8211; Lajeado), nos 61 quilos. De Imigrante, por\u00e9m atleta do CT M\u00e3o de Pedra, Vinicius Riegger, fez um dos melhores combates da noite. O estreante em Teuto<em>Fights<\/em> venceu Marsal, da Essencial BJJ &#8211; Rio Grande) por decis\u00e3o dos ju\u00edzes e garantiu o triunfo nos 66 quilos.<\/p>\n\n\n\n<p>A equipe de Teut\u00f4nia n\u00e3o parou de vencer depois disso. Lucas Santana, do CT M\u00e3o de Pedra, teve r\u00e1pida vit\u00f3ria contra Maicon Silveira (CT Maicon Leite &#8211; Rio Grande), nos 77 quilos.<\/p>\n\n\n\n<p>Em um dos duelos mais aguardados de Teut\u00f4nia, Henrique Klampt (CT M\u00e3o de Pedra) venceu o desafio de Boxe Peso Pesado contra seu colega de profiss\u00e3o e amigo, Carl\u00e3o (Sanfelice Boxe Team- Lajeado).<\/p>\n\n\n\n<p>Com o <em>card<\/em> de volta ao profissional, Glaudir &#8211; &#8220;<em>Thunder<\/em>&#8221; -, fez bonito e venceu Dionatan Schmitz (Vieira <em>Brazilian Team<\/em>&#8211; Santa Cruz do Sul) ainda no primeiro <em>round<\/em> para garantir mais uma vit\u00f3ria ao CT M\u00e3o de Pedra, na faixa 61 quilos.<\/p>\n\n\n\n<p>Ap\u00f3s a rivalidade e reboli\u00e7o durante a pesagem, Marcos Maia (Garra <em>Team<\/em> &#8211; Garibaldi) e Marcos Bispo (Astra <em>Fight<\/em> &#8211; Balneario Camboriu &#8211; SC) se encontraram dentro do oct\u00f3gono. No ringue, Maia teve atua\u00e7\u00e3o superior e venceu Bispo por nocaute t\u00e9cnico, ap\u00f3s \u00f3tima sequ\u00eancia de movimentos e golpes.<\/p>\n\n\n\n<p>O primeiro cintur\u00e3o em jogo veio na luta entre Leonardo Rodrigues (Farias <em>Fight<\/em> &#8211; Porto Alegre) e Adolpho Pereira (Astra <em>Fight<\/em><br>Balneario Camboriu &#8211; SC).<\/p>\n\n\n\n<p>A disputa dos 77 quilos teve os chutes como v\u00e1lvula de escape para os lutadores. Melhor para Adolpho, que conseguiu derrubar Leonardo e vencer por nocaute t\u00e9cnico.<\/p>\n\n\n\n<figure class=\"wp-block-gallery has-nested-images columns-default is-cropped wp-block-gallery-1 is-layout-flex wp-block-gallery-is-layout-flex\">\n<figure class=\"wp-block-image\"><img loading=\"lazy\" decoding=\"async\" width=\"672\" height=\"687\" data-id=\"196015\" src=\"https:\/\/folhapopular.info\/wp-content\/uploads\/2025\/10\/WhatsApp-Image-2025-10-12-at-02.23.47-e1760247880545.jpeg\" alt=\"\" class=\"wp-image-196015\" srcset=\"https:\/\/folhapopular.info\/wp-content\/uploads\/2025\/10\/WhatsApp-Image-2025-10-12-at-02.23.47-e1760247880545.jpeg 672w, https:\/\/folhapopular.info\/wp-content\/uploads\/2025\/10\/WhatsApp-Image-2025-10-12-at-02.23.47-e1760247880545-293x300.jpeg 293w, https:\/\/folhapopular.info\/wp-content\/uploads\/2025\/10\/WhatsApp-Image-2025-10-12-at-02.23.47-e1760247880545-411x420.jpeg 411w\" sizes=\"auto, (max-width: 672px) 100vw, 672px\" \/><figcaption class=\"wp-element-caption\">Cintur\u00e3o dos 77 quilos ficou com o lutador da Astra Team<br>Cr\u00e9dito: Luis Augusto Huppes<\/figcaption><\/figure>\n<\/figure>\n\n\n\n<p>Para fechar a noite, a principal luta e a disputa do cintur\u00e3o nos 90 quilos foi entre Ariel Jaeger (CT M\u00e3o de Pedra) e Rodrigo &#8220;Pitbull&#8221; (PitBull <em>Team<\/em>&#8211; Rio Grande). Os dois nomes mais pesados do evento se encontraram finalmente.<\/p>\n\n\n\n<p>Rodrigo come\u00e7ou intenso e com as iniciativas do embate, por\u00e9m Jaeger mostrou o motivo de ser o dono do cintur\u00e3o por duas edi\u00e7\u00f5es consecutivas e, em escapada r\u00e1pida, venceu o embate por nocaute t\u00e9cnico e garantiu a perman\u00eancia do cintur\u00e3o em seu mando.<\/p>\n\n\n\n<figure class=\"wp-block-gallery has-nested-images columns-default is-cropped wp-block-gallery-2 is-layout-flex wp-block-gallery-is-layout-flex\">\n<figure class=\"wp-block-image size-large\"><img loading=\"lazy\" decoding=\"async\" width=\"1024\" height=\"768\" data-id=\"196016\" src=\"https:\/\/folhapopular.info\/wp-content\/uploads\/2025\/10\/WhatsApp-Image-2025-10-12-at-02.23.45-1024x768.jpeg\" alt=\"\" class=\"wp-image-196016\" srcset=\"https:\/\/folhapopular.info\/wp-content\/uploads\/2025\/10\/WhatsApp-Image-2025-10-12-at-02.23.45-1024x768.jpeg 1024w, https:\/\/folhapopular.info\/wp-content\/uploads\/2025\/10\/WhatsApp-Image-2025-10-12-at-02.23.45-300x225.jpeg 300w, https:\/\/folhapopular.info\/wp-content\/uploads\/2025\/10\/WhatsApp-Image-2025-10-12-at-02.23.45-768x576.jpeg 768w, https:\/\/folhapopular.info\/wp-content\/uploads\/2025\/10\/WhatsApp-Image-2025-10-12-at-02.23.45-1536x1152.jpeg 1536w, https:\/\/folhapopular.info\/wp-content\/uploads\/2025\/10\/WhatsApp-Image-2025-10-12-at-02.23.45-2048x1536.jpeg 2048w, https:\/\/folhapopular.info\/wp-content\/uploads\/2025\/10\/WhatsApp-Image-2025-10-12-at-02.23.45-560x420.jpeg 560w, https:\/\/folhapopular.info\/wp-content\/uploads\/2025\/10\/WhatsApp-Image-2025-10-12-at-02.23.45-80x60.jpeg 80w, https:\/\/folhapopular.info\/wp-content\/uploads\/2025\/10\/WhatsApp-Image-2025-10-12-at-02.23.45-696x522.jpeg 696w, https:\/\/folhapopular.info\/wp-content\/uploads\/2025\/10\/WhatsApp-Image-2025-10-12-at-02.23.45-1068x801.jpeg 1068w, https:\/\/folhapopular.info\/wp-content\/uploads\/2025\/10\/WhatsApp-Image-2025-10-12-at-02.23.45-1920x1440.jpeg 1920w\" sizes=\"auto, (max-width: 1024px) 100vw, 1024px\" \/><figcaption class=\"wp-element-caption\">Atleta do CT M\u00e3o de Pedra conseguiu manter o cintur\u00e3o em sua posse<br>Cr\u00e9dito: Luis Augusto Huppes<\/figcaption><\/figure>\n<\/figure>\n\n\n\n<p>Voc\u00ea confere mais informa\u00e7\u00f5es na edi\u00e7\u00e3o impressa e digital da Folha Popular da quarta-feira (15\/10), na programa\u00e7\u00e3o da R\u00e1dio Popular e pelas redes sociais do Grupo Popular de Comunica\u00e7\u00e3o.<\/p>\n","protected":false},"excerpt":{"rendered":"<p>A noite mais aguardada do cen\u00e1rio de artes marciais de Teut\u00f4nia, Vale do Taquari e regi\u00e3o Sul do Brasil finalmente chegou. Ap\u00f3s meses de espera, as lutas da 7\u00aa edi\u00e7\u00e3o do TeutoFight foram realizadas na noite deste s\u00e1bado (11\/10), na Associa\u00e7\u00e3o Pr\u00f3-Desenvolvimento de Languiru (APDL), em Teut\u00f4nia. Com lutadores de diversas partes do Rio Grande [&hellip;]<\/p>\n","protected":false},"author":732,"featured_media":196021,"comment_status":"open","ping_status":"open","sticky":false,"template":"","format":"standard","meta":{"pmpro_default_level":"","_jetpack_memberships_contains_paid_content":false,"footnotes":""},"categories":[18195,2,5],"tags":[9681,1047,26],"class_list":{"0":"post-196014","1":"post","2":"type-post","3":"status-publish","4":"format-standard","5":"has-post-thumbnail","7":"category-artes-marciais","8":"category-featured","9":"category-esportes","10":"tag-artes-marciais","11":"tag-teutofight","12":"tag-teutonia","13":"pmpro-has-access"},"yoast_head":"<!-- This site is optimized with the Yoast SEO plugin v27.4 - https:\/\/yoast.com\/product\/yoast-seo-wordpress\/ -->\n<title>Ariel Jaeger vence e assegura cintur\u00e3o na 7\u00aa edi\u00e7\u00e3o do TeutoFight - Folha Popular<\/title>\n<meta name=\"robots\" content=\"index, follow, max-snippet:-1, max-image-preview:large, max-video-preview:-1\" \/>\n<link rel=\"canonical\" href=\"https:\/\/folhapopular.info\/index.php\/2025\/10\/12\/ariel-jaeger-vence-e-assegura-cinturao-na-7a-edicao-do-teutofight\/\" \/>\n<meta property=\"og:locale\" content=\"pt_BR\" \/>\n<meta property=\"og:type\" content=\"article\" \/>\n<meta property=\"og:title\" content=\"Ariel Jaeger vence e assegura cintur\u00e3o na 7\u00aa edi\u00e7\u00e3o do TeutoFight - Folha Popular\" \/>\n<meta property=\"og:description\" content=\"A noite mais aguardada do cen\u00e1rio de artes marciais de Teut\u00f4nia, Vale do Taquari e regi\u00e3o Sul do Brasil finalmente chegou. Ap\u00f3s meses de espera, as lutas da 7\u00aa edi\u00e7\u00e3o do TeutoFight foram realizadas na noite deste s\u00e1bado (11\/10), na Associa\u00e7\u00e3o Pr\u00f3-Desenvolvimento de Languiru (APDL), em Teut\u00f4nia. Com lutadores de diversas partes do Rio Grande [&hellip;]\" \/>\n<meta property=\"og:url\" content=\"https:\/\/folhapopular.info\/index.php\/2025\/10\/12\/ariel-jaeger-vence-e-assegura-cinturao-na-7a-edicao-do-teutofight\/\" \/>\n<meta property=\"og:site_name\" content=\"Folha Popular\" \/>\n<meta property=\"article:author\" content=\"https:\/\/www.facebook.com\/luis.huppes\/\" \/>\n<meta property=\"article:published_time\" content=\"2025-10-12T05:56:08+00:00\" \/>\n<meta property=\"article:modified_time\" content=\"2025-12-11T18:32:15+00:00\" \/>\n<meta property=\"og:image\" content=\"http:\/\/folhapopular.info\/wp-content\/uploads\/2025\/10\/WhatsApp-Image-2025-10-12-at-02.23.44-1-scaled.jpeg\" \/>\n\t<meta property=\"og:image:width\" content=\"2560\" \/>\n\t<meta property=\"og:image:height\" content=\"2048\" \/>\n\t<meta property=\"og:image:type\" content=\"image\/jpeg\" \/>\n<meta name=\"author\" content=\"Luis Augusto Huppes\" \/>\n<meta name=\"twitter:card\" content=\"summary_large_image\" \/>\n<meta name=\"twitter:label1\" content=\"Escrito por\" \/>\n\t<meta name=\"twitter:data1\" content=\"Luis Augusto Huppes\" \/>\n\t<meta name=\"twitter:label2\" content=\"Est. tempo de leitura\" \/>\n\t<meta name=\"twitter:data2\" content=\"5 minutos\" \/>\n<script type=\"application\/ld+json\" class=\"yoast-schema-graph\">{\"@context\":\"https:\\\/\\\/schema.org\",\"@graph\":[{\"@type\":\"Article\",\"@id\":\"https:\\\/\\\/folhapopular.info\\\/index.php\\\/2025\\\/10\\\/12\\\/ariel-jaeger-vence-e-assegura-cinturao-na-7a-edicao-do-teutofight\\\/#article\",\"isPartOf\":{\"@id\":\"https:\\\/\\\/folhapopular.info\\\/index.php\\\/2025\\\/10\\\/12\\\/ariel-jaeger-vence-e-assegura-cinturao-na-7a-edicao-do-teutofight\\\/\"},\"author\":{\"name\":\"Luis Augusto Huppes\",\"@id\":\"https:\\\/\\\/folhapopular.info\\\/#\\\/schema\\\/person\\\/e852c327371714676d02e58cf917fd9f\"},\"headline\":\"Ariel Jaeger vence e assegura cintur\u00e3o na 7\u00aa edi\u00e7\u00e3o do TeutoFight\",\"datePublished\":\"2025-10-12T05:56:08+00:00\",\"dateModified\":\"2025-12-11T18:32:15+00:00\",\"mainEntityOfPage\":{\"@id\":\"https:\\\/\\\/folhapopular.info\\\/index.php\\\/2025\\\/10\\\/12\\\/ariel-jaeger-vence-e-assegura-cinturao-na-7a-edicao-do-teutofight\\\/\"},\"wordCount\":725,\"commentCount\":0,\"image\":{\"@id\":\"https:\\\/\\\/folhapopular.info\\\/index.php\\\/2025\\\/10\\\/12\\\/ariel-jaeger-vence-e-assegura-cinturao-na-7a-edicao-do-teutofight\\\/#primaryimage\"},\"thumbnailUrl\":\"https:\\\/\\\/folhapopular.info\\\/wp-content\\\/uploads\\\/2025\\\/10\\\/WhatsApp-Image-2025-10-12-at-02.23.44-1-scaled.jpeg\",\"keywords\":[\"Artes Marciais\",\"TeutoFight\",\"Teut\u00f4nia\"],\"articleSection\":[\"Artes Marciais\",\"Destaques\",\"Esportes\"],\"inLanguage\":\"pt-BR\",\"potentialAction\":[{\"@type\":\"CommentAction\",\"name\":\"Comment\",\"target\":[\"https:\\\/\\\/folhapopular.info\\\/index.php\\\/2025\\\/10\\\/12\\\/ariel-jaeger-vence-e-assegura-cinturao-na-7a-edicao-do-teutofight\\\/#respond\"]}]},{\"@type\":\"WebPage\",\"@id\":\"https:\\\/\\\/folhapopular.info\\\/index.php\\\/2025\\\/10\\\/12\\\/ariel-jaeger-vence-e-assegura-cinturao-na-7a-edicao-do-teutofight\\\/\",\"url\":\"https:\\\/\\\/folhapopular.info\\\/index.php\\\/2025\\\/10\\\/12\\\/ariel-jaeger-vence-e-assegura-cinturao-na-7a-edicao-do-teutofight\\\/\",\"name\":\"Ariel Jaeger vence e assegura cintur\u00e3o na 7\u00aa edi\u00e7\u00e3o do TeutoFight - Folha Popular\",\"isPartOf\":{\"@id\":\"https:\\\/\\\/folhapopular.info\\\/#website\"},\"primaryImageOfPage\":{\"@id\":\"https:\\\/\\\/folhapopular.info\\\/index.php\\\/2025\\\/10\\\/12\\\/ariel-jaeger-vence-e-assegura-cinturao-na-7a-edicao-do-teutofight\\\/#primaryimage\"},\"image\":{\"@id\":\"https:\\\/\\\/folhapopular.info\\\/index.php\\\/2025\\\/10\\\/12\\\/ariel-jaeger-vence-e-assegura-cinturao-na-7a-edicao-do-teutofight\\\/#primaryimage\"},\"thumbnailUrl\":\"https:\\\/\\\/folhapopular.info\\\/wp-content\\\/uploads\\\/2025\\\/10\\\/WhatsApp-Image-2025-10-12-at-02.23.44-1-scaled.jpeg\",\"datePublished\":\"2025-10-12T05:56:08+00:00\",\"dateModified\":\"2025-12-11T18:32:15+00:00\",\"author\":{\"@id\":\"https:\\\/\\\/folhapopular.info\\\/#\\\/schema\\\/person\\\/e852c327371714676d02e58cf917fd9f\"},\"breadcrumb\":{\"@id\":\"https:\\\/\\\/folhapopular.info\\\/index.php\\\/2025\\\/10\\\/12\\\/ariel-jaeger-vence-e-assegura-cinturao-na-7a-edicao-do-teutofight\\\/#breadcrumb\"},\"inLanguage\":\"pt-BR\",\"potentialAction\":[{\"@type\":\"ReadAction\",\"target\":[\"https:\\\/\\\/folhapopular.info\\\/index.php\\\/2025\\\/10\\\/12\\\/ariel-jaeger-vence-e-assegura-cinturao-na-7a-edicao-do-teutofight\\\/\"]}]},{\"@type\":\"ImageObject\",\"inLanguage\":\"pt-BR\",\"@id\":\"https:\\\/\\\/folhapopular.info\\\/index.php\\\/2025\\\/10\\\/12\\\/ariel-jaeger-vence-e-assegura-cinturao-na-7a-edicao-do-teutofight\\\/#primaryimage\",\"url\":\"https:\\\/\\\/folhapopular.info\\\/wp-content\\\/uploads\\\/2025\\\/10\\\/WhatsApp-Image-2025-10-12-at-02.23.44-1-scaled.jpeg\",\"contentUrl\":\"https:\\\/\\\/folhapopular.info\\\/wp-content\\\/uploads\\\/2025\\\/10\\\/WhatsApp-Image-2025-10-12-at-02.23.44-1-scaled.jpeg\",\"width\":2560,\"height\":2048,\"caption\":\"Ariel Jaeguer se recuperou no decorrer da luta e bateu Rodrigo \\\"Pitbull\\\" - Cr\u00e9dito: Luis Augusto Huppes\"},{\"@type\":\"BreadcrumbList\",\"@id\":\"https:\\\/\\\/folhapopular.info\\\/index.php\\\/2025\\\/10\\\/12\\\/ariel-jaeger-vence-e-assegura-cinturao-na-7a-edicao-do-teutofight\\\/#breadcrumb\",\"itemListElement\":[{\"@type\":\"ListItem\",\"position\":1,\"name\":\"In\u00edcio\",\"item\":\"https:\\\/\\\/folhapopular.info\\\/\"},{\"@type\":\"ListItem\",\"position\":2,\"name\":\"Ariel Jaeger vence e assegura cintur\u00e3o na 7\u00aa edi\u00e7\u00e3o do TeutoFight\"}]},{\"@type\":\"WebSite\",\"@id\":\"https:\\\/\\\/folhapopular.info\\\/#website\",\"url\":\"https:\\\/\\\/folhapopular.info\\\/\",\"name\":\"Folha Popular\",\"description\":\"Onde voc\u00ea tem vez e voz\",\"potentialAction\":[{\"@type\":\"SearchAction\",\"target\":{\"@type\":\"EntryPoint\",\"urlTemplate\":\"https:\\\/\\\/folhapopular.info\\\/?s={search_term_string}\"},\"query-input\":{\"@type\":\"PropertyValueSpecification\",\"valueRequired\":true,\"valueName\":\"search_term_string\"}}],\"inLanguage\":\"pt-BR\"},{\"@type\":\"Person\",\"@id\":\"https:\\\/\\\/folhapopular.info\\\/#\\\/schema\\\/person\\\/e852c327371714676d02e58cf917fd9f\",\"name\":\"Luis Augusto Huppes\",\"image\":{\"@type\":\"ImageObject\",\"inLanguage\":\"pt-BR\",\"@id\":\"https:\\\/\\\/folhapopular.info\\\/wp-content\\\/uploads\\\/2026\\\/04\\\/Luis-Augusto-Huppes-1-1.webp\",\"url\":\"https:\\\/\\\/folhapopular.info\\\/wp-content\\\/uploads\\\/2026\\\/04\\\/Luis-Augusto-Huppes-1-1.webp\",\"contentUrl\":\"https:\\\/\\\/folhapopular.info\\\/wp-content\\\/uploads\\\/2026\\\/04\\\/Luis-Augusto-Huppes-1-1.webp\",\"caption\":\"Luis Augusto Huppes\"},\"sameAs\":[\"https:\\\/\\\/www.facebook.com\\\/luis.huppes\\\/\",\"https:\\\/\\\/www.instagram.com\\\/luis.huppes\\\/\",\"https:\\\/\\\/www.linkedin.com\\\/in\\\/luis-augusto-huppes-2554b52b7\\\/\"],\"url\":\"https:\\\/\\\/folhapopular.info\\\/index.php\\\/author\\\/luis-augusto-huppes\\\/\"}]}<\/script>\n<!-- \/ Yoast SEO plugin. -->","yoast_head_json":{"title":"Ariel Jaeger vence e assegura cintur\u00e3o na 7\u00aa edi\u00e7\u00e3o do TeutoFight - Folha Popular","robots":{"index":"index","follow":"follow","max-snippet":"max-snippet:-1","max-image-preview":"max-image-preview:large","max-video-preview":"max-video-preview:-1"},"canonical":"https:\/\/folhapopular.info\/index.php\/2025\/10\/12\/ariel-jaeger-vence-e-assegura-cinturao-na-7a-edicao-do-teutofight\/","og_locale":"pt_BR","og_type":"article","og_title":"Ariel Jaeger vence e assegura cintur\u00e3o na 7\u00aa edi\u00e7\u00e3o do TeutoFight - Folha Popular","og_description":"A noite mais aguardada do cen\u00e1rio de artes marciais de Teut\u00f4nia, Vale do Taquari e regi\u00e3o Sul do Brasil finalmente chegou. Ap\u00f3s meses de espera, as lutas da 7\u00aa edi\u00e7\u00e3o do TeutoFight foram realizadas na noite deste s\u00e1bado (11\/10), na Associa\u00e7\u00e3o Pr\u00f3-Desenvolvimento de Languiru (APDL), em Teut\u00f4nia. Com lutadores de diversas partes do Rio Grande [&hellip;]","og_url":"https:\/\/folhapopular.info\/index.php\/2025\/10\/12\/ariel-jaeger-vence-e-assegura-cinturao-na-7a-edicao-do-teutofight\/","og_site_name":"Folha Popular","article_author":"https:\/\/www.facebook.com\/luis.huppes\/","article_published_time":"2025-10-12T05:56:08+00:00","article_modified_time":"2025-12-11T18:32:15+00:00","og_image":[{"width":2560,"height":2048,"url":"http:\/\/folhapopular.info\/wp-content\/uploads\/2025\/10\/WhatsApp-Image-2025-10-12-at-02.23.44-1-scaled.jpeg","type":"image\/jpeg"}],"author":"Luis Augusto Huppes","twitter_card":"summary_large_image","twitter_misc":{"Escrito por":"Luis Augusto Huppes","Est. tempo de leitura":"5 minutos"},"schema":{"@context":"https:\/\/schema.org","@graph":[{"@type":"Article","@id":"https:\/\/folhapopular.info\/index.php\/2025\/10\/12\/ariel-jaeger-vence-e-assegura-cinturao-na-7a-edicao-do-teutofight\/#article","isPartOf":{"@id":"https:\/\/folhapopular.info\/index.php\/2025\/10\/12\/ariel-jaeger-vence-e-assegura-cinturao-na-7a-edicao-do-teutofight\/"},"author":{"name":"Luis Augusto Huppes","@id":"https:\/\/folhapopular.info\/#\/schema\/person\/e852c327371714676d02e58cf917fd9f"},"headline":"Ariel Jaeger vence e assegura cintur\u00e3o na 7\u00aa edi\u00e7\u00e3o do TeutoFight","datePublished":"2025-10-12T05:56:08+00:00","dateModified":"2025-12-11T18:32:15+00:00","mainEntityOfPage":{"@id":"https:\/\/folhapopular.info\/index.php\/2025\/10\/12\/ariel-jaeger-vence-e-assegura-cinturao-na-7a-edicao-do-teutofight\/"},"wordCount":725,"commentCount":0,"image":{"@id":"https:\/\/folhapopular.info\/index.php\/2025\/10\/12\/ariel-jaeger-vence-e-assegura-cinturao-na-7a-edicao-do-teutofight\/#primaryimage"},"thumbnailUrl":"https:\/\/folhapopular.info\/wp-content\/uploads\/2025\/10\/WhatsApp-Image-2025-10-12-at-02.23.44-1-scaled.jpeg","keywords":["Artes Marciais","TeutoFight","Teut\u00f4nia"],"articleSection":["Artes Marciais","Destaques","Esportes"],"inLanguage":"pt-BR","potentialAction":[{"@type":"CommentAction","name":"Comment","target":["https:\/\/folhapopular.info\/index.php\/2025\/10\/12\/ariel-jaeger-vence-e-assegura-cinturao-na-7a-edicao-do-teutofight\/#respond"]}]},{"@type":"WebPage","@id":"https:\/\/folhapopular.info\/index.php\/2025\/10\/12\/ariel-jaeger-vence-e-assegura-cinturao-na-7a-edicao-do-teutofight\/","url":"https:\/\/folhapopular.info\/index.php\/2025\/10\/12\/ariel-jaeger-vence-e-assegura-cinturao-na-7a-edicao-do-teutofight\/","name":"Ariel Jaeger vence e assegura cintur\u00e3o na 7\u00aa edi\u00e7\u00e3o do TeutoFight - Folha Popular","isPartOf":{"@id":"https:\/\/folhapopular.info\/#website"},"primaryImageOfPage":{"@id":"https:\/\/folhapopular.info\/index.php\/2025\/10\/12\/ariel-jaeger-vence-e-assegura-cinturao-na-7a-edicao-do-teutofight\/#primaryimage"},"image":{"@id":"https:\/\/folhapopular.info\/index.php\/2025\/10\/12\/ariel-jaeger-vence-e-assegura-cinturao-na-7a-edicao-do-teutofight\/#primaryimage"},"thumbnailUrl":"https:\/\/folhapopular.info\/wp-content\/uploads\/2025\/10\/WhatsApp-Image-2025-10-12-at-02.23.44-1-scaled.jpeg","datePublished":"2025-10-12T05:56:08+00:00","dateModified":"2025-12-11T18:32:15+00:00","author":{"@id":"https:\/\/folhapopular.info\/#\/schema\/person\/e852c327371714676d02e58cf917fd9f"},"breadcrumb":{"@id":"https:\/\/folhapopular.info\/index.php\/2025\/10\/12\/ariel-jaeger-vence-e-assegura-cinturao-na-7a-edicao-do-teutofight\/#breadcrumb"},"inLanguage":"pt-BR","potentialAction":[{"@type":"ReadAction","target":["https:\/\/folhapopular.info\/index.php\/2025\/10\/12\/ariel-jaeger-vence-e-assegura-cinturao-na-7a-edicao-do-teutofight\/"]}]},{"@type":"ImageObject","inLanguage":"pt-BR","@id":"https:\/\/folhapopular.info\/index.php\/2025\/10\/12\/ariel-jaeger-vence-e-assegura-cinturao-na-7a-edicao-do-teutofight\/#primaryimage","url":"https:\/\/folhapopular.info\/wp-content\/uploads\/2025\/10\/WhatsApp-Image-2025-10-12-at-02.23.44-1-scaled.jpeg","contentUrl":"https:\/\/folhapopular.info\/wp-content\/uploads\/2025\/10\/WhatsApp-Image-2025-10-12-at-02.23.44-1-scaled.jpeg","width":2560,"height":2048,"caption":"Ariel Jaeguer se recuperou no decorrer da luta e bateu Rodrigo \"Pitbull\" - Cr\u00e9dito: Luis Augusto Huppes"},{"@type":"BreadcrumbList","@id":"https:\/\/folhapopular.info\/index.php\/2025\/10\/12\/ariel-jaeger-vence-e-assegura-cinturao-na-7a-edicao-do-teutofight\/#breadcrumb","itemListElement":[{"@type":"ListItem","position":1,"name":"In\u00edcio","item":"https:\/\/folhapopular.info\/"},{"@type":"ListItem","position":2,"name":"Ariel Jaeger vence e assegura cintur\u00e3o na 7\u00aa edi\u00e7\u00e3o do TeutoFight"}]},{"@type":"WebSite","@id":"https:\/\/folhapopular.info\/#website","url":"https:\/\/folhapopular.info\/","name":"Folha Popular","description":"Onde voc\u00ea tem vez e voz","potentialAction":[{"@type":"SearchAction","target":{"@type":"EntryPoint","urlTemplate":"https:\/\/folhapopular.info\/?s={search_term_string}"},"query-input":{"@type":"PropertyValueSpecification","valueRequired":true,"valueName":"search_term_string"}}],"inLanguage":"pt-BR"},{"@type":"Person","@id":"https:\/\/folhapopular.info\/#\/schema\/person\/e852c327371714676d02e58cf917fd9f","name":"Luis Augusto Huppes","image":{"@type":"ImageObject","inLanguage":"pt-BR","@id":"https:\/\/folhapopular.info\/wp-content\/uploads\/2026\/04\/Luis-Augusto-Huppes-1-1.webp","url":"https:\/\/folhapopular.info\/wp-content\/uploads\/2026\/04\/Luis-Augusto-Huppes-1-1.webp","contentUrl":"https:\/\/folhapopular.info\/wp-content\/uploads\/2026\/04\/Luis-Augusto-Huppes-1-1.webp","caption":"Luis Augusto Huppes"},"sameAs":["https:\/\/www.facebook.com\/luis.huppes\/","https:\/\/www.instagram.com\/luis.huppes\/","https:\/\/www.linkedin.com\/in\/luis-augusto-huppes-2554b52b7\/"],"url":"https:\/\/folhapopular.info\/index.php\/author\/luis-augusto-huppes\/"}]}},"jetpack_featured_media_url":"https:\/\/folhapopular.info\/wp-content\/uploads\/2025\/10\/WhatsApp-Image-2025-10-12-at-02.23.44-1-scaled.jpeg","jetpack_sharing_enabled":true,"amp_enabled":true,"_links":{"self":[{"href":"https:\/\/folhapopular.info\/index.php\/wp-json\/wp\/v2\/posts\/196014","targetHints":{"allow":["GET"]}}],"collection":[{"href":"https:\/\/folhapopular.info\/index.php\/wp-json\/wp\/v2\/posts"}],"about":[{"href":"https:\/\/folhapopular.info\/index.php\/wp-json\/wp\/v2\/types\/post"}],"author":[{"embeddable":true,"href":"https:\/\/folhapopular.info\/index.php\/wp-json\/wp\/v2\/users\/732"}],"replies":[{"embeddable":true,"href":"https:\/\/folhapopular.info\/index.php\/wp-json\/wp\/v2\/comments?post=196014"}],"version-history":[{"count":0,"href":"https:\/\/folhapopular.info\/index.php\/wp-json\/wp\/v2\/posts\/196014\/revisions"}],"wp:featuredmedia":[{"embeddable":true,"href":"https:\/\/folhapopular.info\/index.php\/wp-json\/wp\/v2\/media\/196021"}],"wp:attachment":[{"href":"https:\/\/folhapopular.info\/index.php\/wp-json\/wp\/v2\/media?parent=196014"}],"wp:term":[{"taxonomy":"category","embeddable":true,"href":"https:\/\/folhapopular.info\/index.php\/wp-json\/wp\/v2\/categories?post=196014"},{"taxonomy":"post_tag","embeddable":true,"href":"https:\/\/folhapopular.info\/index.php\/wp-json\/wp\/v2\/tags?post=196014"}],"curies":[{"name":"wp","href":"https:\/\/api.w.org\/{rel}","templated":true}]}}