{"id":196062,"date":"2025-10-13T11:00:00","date_gmt":"2025-10-13T14:00:00","guid":{"rendered":"https:\/\/folhapopular.info\/?p=196062"},"modified":"2025-10-13T09:19:40","modified_gmt":"2025-10-13T12:19:40","slug":"encontro-de-mulheres-reune-mais-de-150-pessoas-com-foco-em-informacao-e-acolhimento-no-outubro-rosa","status":"publish","type":"post","link":"https:\/\/folhapopular.info\/index.php\/2025\/10\/13\/encontro-de-mulheres-reune-mais-de-150-pessoas-com-foco-em-informacao-e-acolhimento-no-outubro-rosa\/","title":{"rendered":"Encontro de Mulheres re\u00fane mais de 150 pessoas com foco em informa\u00e7\u00e3o e acolhimento no Outubro Rosa"},"content":{"rendered":"\n<p>Em um gesto de cuidado coletivo e fortalecimento da rede de apoio feminina, a Comunidade Evang\u00e9lica de Confiss\u00e3o Luterana em Lajeado (IECLB) promoveu, no s\u00e1bado (11\/10), a primeira edi\u00e7\u00e3o do Encontro de Mulheres \u2013 Edi\u00e7\u00e3o Outubro Rosa. Realizado no Centro Comunit\u00e1rio Evang\u00e9lico, o evento reuniu mais de 150 pessoas em uma tarde voltada \u00e0 conscientiza\u00e7\u00e3o sobre o c\u00e2ncer de mama, incentivo ao autocuidado e valoriza\u00e7\u00e3o da autoestima.<\/p>\n\n\n\n<p>A abertura foi conduzida pela pastora Alessandra Bourscheidt Alves, seguida da palestra da m\u00e9dica oncologista Camila Dagostim Jeremias Cabral. Com o tema \u201cCuidar de si \u00e9 um ato de amor\u201d, a especialista compartilhou informa\u00e7\u00f5es valiosas sobre preven\u00e7\u00e3o, diagn\u00f3stico precoce e enfrentamento do c\u00e2ncer de mama.<\/p>\n\n\n\n<p><strong>Hist\u00f3rias que tocam e transformam<\/strong><\/p>\n\n\n\n<p>A professora Roseli H. Kussler, de 53 anos, comoveu o p\u00fablico ao contar que descobriu a doen\u00e7a precocemente ap\u00f3s um coment\u00e1rio de uma aluna do Col\u00e9gio Evang\u00e9lico Alberto Torres (Ceat), onde leciona alem\u00e3o. \u201cUma simples fala mudou minha vida. Fiz os exames, recebi o diagn\u00f3stico e pude agir rapidamente com cirurgia e radioterapia. Hoje, fa\u00e7o quest\u00e3o de falar sobre o tema com quem eu puder. \u00c0s vezes, uma palavra \u00e9 o que basta para fazer a diferen\u00e7a\u201d, relatou Roseli, agradecendo ainda o apoio e as ora\u00e7\u00f5es recebidas durante o tratamento.<\/p>\n\n\n\n<p>Al\u00e9m das falas inspiradoras, o evento contou com um Desfile de Moda Inclusiva, valorizando a diversidade dos corpos e a autoestima das participantes. A programa\u00e7\u00e3o tamb\u00e9m incluiu um caf\u00e9 especial e a entrega de brindes, com apoio de parceiros locais que ofereceram maquiagem, roupas e cuidados com os cabelos.<\/p>\n\n\n\n<p>A organizadora Ivete Brust celebrou o sucesso da primeira edi\u00e7\u00e3o do Outubro Rosa, que teve os cart\u00f5es de participa\u00e7\u00e3o esgotados. \u201cFoi uma tarde linda, de muito acolhimento e aprendizado. J\u00e1 pensamos em 2026, com a possibilidade de incluir tamb\u00e9m o Novembro Azul, ampliando o cuidado para o p\u00fablico masculino\u201d, adiantou. <\/p>\n\n\n\n<p><\/p>\n","protected":false},"excerpt":{"rendered":"<p>Em um gesto de cuidado coletivo e fortalecimento da rede de apoio feminina, a Comunidade Evang\u00e9lica de Confiss\u00e3o Luterana em Lajeado (IECLB) promoveu, no s\u00e1bado (11\/10), a primeira edi\u00e7\u00e3o do Encontro de Mulheres \u2013 Edi\u00e7\u00e3o Outubro Rosa. Realizado no Centro Comunit\u00e1rio Evang\u00e9lico, o evento reuniu mais de 150 pessoas em uma tarde voltada \u00e0 conscientiza\u00e7\u00e3o [&hellip;]<\/p>\n","protected":false},"author":8,"featured_media":196064,"comment_status":"open","ping_status":"open","sticky":false,"template":"","format":"standard","meta":{"pmpro_default_level":"","_jetpack_memberships_contains_paid_content":false,"footnotes":""},"categories":[2,6],"tags":[3534,14396,1132],"class_list":{"0":"post-196062","1":"post","2":"type-post","3":"status-publish","4":"format-standard","5":"has-post-thumbnail","7":"category-featured","8":"category-inclusive","9":"tag-cancer-de-mama","10":"tag-encontro-de-mulheres","11":"tag-outubro-rosa","12":"pmpro-has-access"},"yoast_head":"<!-- This site is optimized with the Yoast SEO plugin v27.5 - https:\/\/yoast.com\/product\/yoast-seo-wordpress\/ -->\n<title>Encontro de Mulheres re\u00fane mais de 150 pessoas com foco em informa\u00e7\u00e3o e acolhimento no Outubro Rosa - Folha Popular<\/title>\n<meta name=\"robots\" content=\"index, follow, max-snippet:-1, max-image-preview:large, max-video-preview:-1\" \/>\n<link rel=\"canonical\" href=\"https:\/\/folhapopular.info\/index.php\/2025\/10\/13\/encontro-de-mulheres-reune-mais-de-150-pessoas-com-foco-em-informacao-e-acolhimento-no-outubro-rosa\/\" \/>\n<meta property=\"og:locale\" content=\"pt_BR\" \/>\n<meta property=\"og:type\" content=\"article\" \/>\n<meta property=\"og:title\" content=\"Encontro de Mulheres re\u00fane mais de 150 pessoas com foco em informa\u00e7\u00e3o e acolhimento no Outubro Rosa - Folha Popular\" \/>\n<meta property=\"og:description\" content=\"Em um gesto de cuidado coletivo e fortalecimento da rede de apoio feminina, a Comunidade Evang\u00e9lica de Confiss\u00e3o Luterana em Lajeado (IECLB) promoveu, no s\u00e1bado (11\/10), a primeira edi\u00e7\u00e3o do Encontro de Mulheres \u2013 Edi\u00e7\u00e3o Outubro Rosa. Realizado no Centro Comunit\u00e1rio Evang\u00e9lico, o evento reuniu mais de 150 pessoas em uma tarde voltada \u00e0 conscientiza\u00e7\u00e3o [&hellip;]\" \/>\n<meta property=\"og:url\" content=\"https:\/\/folhapopular.info\/index.php\/2025\/10\/13\/encontro-de-mulheres-reune-mais-de-150-pessoas-com-foco-em-informacao-e-acolhimento-no-outubro-rosa\/\" \/>\n<meta property=\"og:site_name\" content=\"Folha Popular\" \/>\n<meta property=\"article:published_time\" content=\"2025-10-13T14:00:00+00:00\" \/>\n<meta property=\"og:image\" content=\"https:\/\/folhapopular.info\/wp-content\/uploads\/2025\/10\/desfile01.jpg\" \/>\n\t<meta property=\"og:image:width\" content=\"2304\" \/>\n\t<meta property=\"og:image:height\" content=\"1536\" \/>\n\t<meta property=\"og:image:type\" content=\"image\/jpeg\" \/>\n<meta name=\"author\" content=\"Reda\u00e7\u00e3o Folha Popular\" \/>\n<meta name=\"twitter:card\" content=\"summary_large_image\" \/>\n<meta name=\"twitter:label1\" content=\"Escrito por\" \/>\n\t<meta name=\"twitter:data1\" content=\"Reda\u00e7\u00e3o Folha Popular\" \/>\n\t<meta name=\"twitter:label2\" content=\"Est. tempo de leitura\" \/>\n\t<meta name=\"twitter:data2\" content=\"2 minutos\" \/>\n<script type=\"application\/ld+json\" class=\"yoast-schema-graph\">{\"@context\":\"https:\\\/\\\/schema.org\",\"@graph\":[{\"@type\":\"Article\",\"@id\":\"https:\\\/\\\/folhapopular.info\\\/index.php\\\/2025\\\/10\\\/13\\\/encontro-de-mulheres-reune-mais-de-150-pessoas-com-foco-em-informacao-e-acolhimento-no-outubro-rosa\\\/#article\",\"isPartOf\":{\"@id\":\"https:\\\/\\\/folhapopular.info\\\/index.php\\\/2025\\\/10\\\/13\\\/encontro-de-mulheres-reune-mais-de-150-pessoas-com-foco-em-informacao-e-acolhimento-no-outubro-rosa\\\/\"},\"author\":{\"name\":\"Reda\u00e7\u00e3o Folha Popular\",\"@id\":\"https:\\\/\\\/folhapopular.info\\\/#\\\/schema\\\/person\\\/2814e8a0df7643585a9ca38bc6eb9d4b\"},\"headline\":\"Encontro de Mulheres re\u00fane mais de 150 pessoas com foco em informa\u00e7\u00e3o e acolhimento no Outubro Rosa\",\"datePublished\":\"2025-10-13T14:00:00+00:00\",\"mainEntityOfPage\":{\"@id\":\"https:\\\/\\\/folhapopular.info\\\/index.php\\\/2025\\\/10\\\/13\\\/encontro-de-mulheres-reune-mais-de-150-pessoas-com-foco-em-informacao-e-acolhimento-no-outubro-rosa\\\/\"},\"wordCount\":352,\"commentCount\":0,\"image\":{\"@id\":\"https:\\\/\\\/folhapopular.info\\\/index.php\\\/2025\\\/10\\\/13\\\/encontro-de-mulheres-reune-mais-de-150-pessoas-com-foco-em-informacao-e-acolhimento-no-outubro-rosa\\\/#primaryimage\"},\"thumbnailUrl\":\"https:\\\/\\\/folhapopular.info\\\/wp-content\\\/uploads\\\/2025\\\/10\\\/desfile01.jpg\",\"keywords\":[\"C\u00e2ncer de Mama\",\"Encontro de mulheres\",\"Outubro Rosa\"],\"articleSection\":[\"Destaques\",\"Inclusive\"],\"inLanguage\":\"pt-BR\",\"potentialAction\":[{\"@type\":\"CommentAction\",\"name\":\"Comment\",\"target\":[\"https:\\\/\\\/folhapopular.info\\\/index.php\\\/2025\\\/10\\\/13\\\/encontro-de-mulheres-reune-mais-de-150-pessoas-com-foco-em-informacao-e-acolhimento-no-outubro-rosa\\\/#respond\"]}]},{\"@type\":\"WebPage\",\"@id\":\"https:\\\/\\\/folhapopular.info\\\/index.php\\\/2025\\\/10\\\/13\\\/encontro-de-mulheres-reune-mais-de-150-pessoas-com-foco-em-informacao-e-acolhimento-no-outubro-rosa\\\/\",\"url\":\"https:\\\/\\\/folhapopular.info\\\/index.php\\\/2025\\\/10\\\/13\\\/encontro-de-mulheres-reune-mais-de-150-pessoas-com-foco-em-informacao-e-acolhimento-no-outubro-rosa\\\/\",\"name\":\"Encontro de Mulheres re\u00fane mais de 150 pessoas com foco em informa\u00e7\u00e3o e acolhimento no Outubro Rosa - Folha Popular\",\"isPartOf\":{\"@id\":\"https:\\\/\\\/folhapopular.info\\\/#website\"},\"primaryImageOfPage\":{\"@id\":\"https:\\\/\\\/folhapopular.info\\\/index.php\\\/2025\\\/10\\\/13\\\/encontro-de-mulheres-reune-mais-de-150-pessoas-com-foco-em-informacao-e-acolhimento-no-outubro-rosa\\\/#primaryimage\"},\"image\":{\"@id\":\"https:\\\/\\\/folhapopular.info\\\/index.php\\\/2025\\\/10\\\/13\\\/encontro-de-mulheres-reune-mais-de-150-pessoas-com-foco-em-informacao-e-acolhimento-no-outubro-rosa\\\/#primaryimage\"},\"thumbnailUrl\":\"https:\\\/\\\/folhapopular.info\\\/wp-content\\\/uploads\\\/2025\\\/10\\\/desfile01.jpg\",\"datePublished\":\"2025-10-13T14:00:00+00:00\",\"author\":{\"@id\":\"https:\\\/\\\/folhapopular.info\\\/#\\\/schema\\\/person\\\/2814e8a0df7643585a9ca38bc6eb9d4b\"},\"breadcrumb\":{\"@id\":\"https:\\\/\\\/folhapopular.info\\\/index.php\\\/2025\\\/10\\\/13\\\/encontro-de-mulheres-reune-mais-de-150-pessoas-com-foco-em-informacao-e-acolhimento-no-outubro-rosa\\\/#breadcrumb\"},\"inLanguage\":\"pt-BR\",\"potentialAction\":[{\"@type\":\"ReadAction\",\"target\":[\"https:\\\/\\\/folhapopular.info\\\/index.php\\\/2025\\\/10\\\/13\\\/encontro-de-mulheres-reune-mais-de-150-pessoas-com-foco-em-informacao-e-acolhimento-no-outubro-rosa\\\/\"]}]},{\"@type\":\"ImageObject\",\"inLanguage\":\"pt-BR\",\"@id\":\"https:\\\/\\\/folhapopular.info\\\/index.php\\\/2025\\\/10\\\/13\\\/encontro-de-mulheres-reune-mais-de-150-pessoas-com-foco-em-informacao-e-acolhimento-no-outubro-rosa\\\/#primaryimage\",\"url\":\"https:\\\/\\\/folhapopular.info\\\/wp-content\\\/uploads\\\/2025\\\/10\\\/desfile01.jpg\",\"contentUrl\":\"https:\\\/\\\/folhapopular.info\\\/wp-content\\\/uploads\\\/2025\\\/10\\\/desfile01.jpg\",\"width\":2304,\"height\":1536,\"caption\":\"Cr\u00e9dito: Renata Leal \\\/ Divulga\u00e7\u00e3o\"},{\"@type\":\"BreadcrumbList\",\"@id\":\"https:\\\/\\\/folhapopular.info\\\/index.php\\\/2025\\\/10\\\/13\\\/encontro-de-mulheres-reune-mais-de-150-pessoas-com-foco-em-informacao-e-acolhimento-no-outubro-rosa\\\/#breadcrumb\",\"itemListElement\":[{\"@type\":\"ListItem\",\"position\":1,\"name\":\"In\u00edcio\",\"item\":\"https:\\\/\\\/folhapopular.info\\\/\"},{\"@type\":\"ListItem\",\"position\":2,\"name\":\"Encontro de Mulheres re\u00fane mais de 150 pessoas com foco em informa\u00e7\u00e3o e acolhimento no Outubro Rosa\"}]},{\"@type\":\"WebSite\",\"@id\":\"https:\\\/\\\/folhapopular.info\\\/#website\",\"url\":\"https:\\\/\\\/folhapopular.info\\\/\",\"name\":\"Folha Popular\",\"description\":\"Onde voc\u00ea tem vez e voz\",\"potentialAction\":[{\"@type\":\"SearchAction\",\"target\":{\"@type\":\"EntryPoint\",\"urlTemplate\":\"https:\\\/\\\/folhapopular.info\\\/?s={search_term_string}\"},\"query-input\":{\"@type\":\"PropertyValueSpecification\",\"valueRequired\":true,\"valueName\":\"search_term_string\"}}],\"inLanguage\":\"pt-BR\"},{\"@type\":\"Person\",\"@id\":\"https:\\\/\\\/folhapopular.info\\\/#\\\/schema\\\/person\\\/2814e8a0df7643585a9ca38bc6eb9d4b\",\"name\":\"Reda\u00e7\u00e3o Folha Popular\",\"image\":{\"@type\":\"ImageObject\",\"inLanguage\":\"pt-BR\",\"@id\":\"https:\\\/\\\/folhapopular.info\\\/wp-content\\\/uploads\\\/2026\\\/04\\\/Folha-1.webp\",\"url\":\"https:\\\/\\\/folhapopular.info\\\/wp-content\\\/uploads\\\/2026\\\/04\\\/Folha-1.webp\",\"contentUrl\":\"https:\\\/\\\/folhapopular.info\\\/wp-content\\\/uploads\\\/2026\\\/04\\\/Folha-1.webp\",\"caption\":\"Reda\u00e7\u00e3o Folha Popular\"},\"url\":\"https:\\\/\\\/folhapopular.info\\\/index.php\\\/author\\\/redacao\\\/\"}]}<\/script>\n<!-- \/ Yoast SEO plugin. -->","yoast_head_json":{"title":"Encontro de Mulheres re\u00fane mais de 150 pessoas com foco em informa\u00e7\u00e3o e acolhimento no Outubro Rosa - Folha Popular","robots":{"index":"index","follow":"follow","max-snippet":"max-snippet:-1","max-image-preview":"max-image-preview:large","max-video-preview":"max-video-preview:-1"},"canonical":"https:\/\/folhapopular.info\/index.php\/2025\/10\/13\/encontro-de-mulheres-reune-mais-de-150-pessoas-com-foco-em-informacao-e-acolhimento-no-outubro-rosa\/","og_locale":"pt_BR","og_type":"article","og_title":"Encontro de Mulheres re\u00fane mais de 150 pessoas com foco em informa\u00e7\u00e3o e acolhimento no Outubro Rosa - Folha Popular","og_description":"Em um gesto de cuidado coletivo e fortalecimento da rede de apoio feminina, a Comunidade Evang\u00e9lica de Confiss\u00e3o Luterana em Lajeado (IECLB) promoveu, no s\u00e1bado (11\/10), a primeira edi\u00e7\u00e3o do Encontro de Mulheres \u2013 Edi\u00e7\u00e3o Outubro Rosa. Realizado no Centro Comunit\u00e1rio Evang\u00e9lico, o evento reuniu mais de 150 pessoas em uma tarde voltada \u00e0 conscientiza\u00e7\u00e3o [&hellip;]","og_url":"https:\/\/folhapopular.info\/index.php\/2025\/10\/13\/encontro-de-mulheres-reune-mais-de-150-pessoas-com-foco-em-informacao-e-acolhimento-no-outubro-rosa\/","og_site_name":"Folha Popular","article_published_time":"2025-10-13T14:00:00+00:00","og_image":[{"width":2304,"height":1536,"url":"https:\/\/folhapopular.info\/wp-content\/uploads\/2025\/10\/desfile01.jpg","type":"image\/jpeg"}],"author":"Reda\u00e7\u00e3o Folha Popular","twitter_card":"summary_large_image","twitter_misc":{"Escrito por":"Reda\u00e7\u00e3o Folha Popular","Est. tempo de leitura":"2 minutos"},"schema":{"@context":"https:\/\/schema.org","@graph":[{"@type":"Article","@id":"https:\/\/folhapopular.info\/index.php\/2025\/10\/13\/encontro-de-mulheres-reune-mais-de-150-pessoas-com-foco-em-informacao-e-acolhimento-no-outubro-rosa\/#article","isPartOf":{"@id":"https:\/\/folhapopular.info\/index.php\/2025\/10\/13\/encontro-de-mulheres-reune-mais-de-150-pessoas-com-foco-em-informacao-e-acolhimento-no-outubro-rosa\/"},"author":{"name":"Reda\u00e7\u00e3o Folha Popular","@id":"https:\/\/folhapopular.info\/#\/schema\/person\/2814e8a0df7643585a9ca38bc6eb9d4b"},"headline":"Encontro de Mulheres re\u00fane mais de 150 pessoas com foco em informa\u00e7\u00e3o e acolhimento no Outubro Rosa","datePublished":"2025-10-13T14:00:00+00:00","mainEntityOfPage":{"@id":"https:\/\/folhapopular.info\/index.php\/2025\/10\/13\/encontro-de-mulheres-reune-mais-de-150-pessoas-com-foco-em-informacao-e-acolhimento-no-outubro-rosa\/"},"wordCount":352,"commentCount":0,"image":{"@id":"https:\/\/folhapopular.info\/index.php\/2025\/10\/13\/encontro-de-mulheres-reune-mais-de-150-pessoas-com-foco-em-informacao-e-acolhimento-no-outubro-rosa\/#primaryimage"},"thumbnailUrl":"https:\/\/folhapopular.info\/wp-content\/uploads\/2025\/10\/desfile01.jpg","keywords":["C\u00e2ncer de Mama","Encontro de mulheres","Outubro Rosa"],"articleSection":["Destaques","Inclusive"],"inLanguage":"pt-BR","potentialAction":[{"@type":"CommentAction","name":"Comment","target":["https:\/\/folhapopular.info\/index.php\/2025\/10\/13\/encontro-de-mulheres-reune-mais-de-150-pessoas-com-foco-em-informacao-e-acolhimento-no-outubro-rosa\/#respond"]}]},{"@type":"WebPage","@id":"https:\/\/folhapopular.info\/index.php\/2025\/10\/13\/encontro-de-mulheres-reune-mais-de-150-pessoas-com-foco-em-informacao-e-acolhimento-no-outubro-rosa\/","url":"https:\/\/folhapopular.info\/index.php\/2025\/10\/13\/encontro-de-mulheres-reune-mais-de-150-pessoas-com-foco-em-informacao-e-acolhimento-no-outubro-rosa\/","name":"Encontro de Mulheres re\u00fane mais de 150 pessoas com foco em informa\u00e7\u00e3o e acolhimento no Outubro Rosa - Folha Popular","isPartOf":{"@id":"https:\/\/folhapopular.info\/#website"},"primaryImageOfPage":{"@id":"https:\/\/folhapopular.info\/index.php\/2025\/10\/13\/encontro-de-mulheres-reune-mais-de-150-pessoas-com-foco-em-informacao-e-acolhimento-no-outubro-rosa\/#primaryimage"},"image":{"@id":"https:\/\/folhapopular.info\/index.php\/2025\/10\/13\/encontro-de-mulheres-reune-mais-de-150-pessoas-com-foco-em-informacao-e-acolhimento-no-outubro-rosa\/#primaryimage"},"thumbnailUrl":"https:\/\/folhapopular.info\/wp-content\/uploads\/2025\/10\/desfile01.jpg","datePublished":"2025-10-13T14:00:00+00:00","author":{"@id":"https:\/\/folhapopular.info\/#\/schema\/person\/2814e8a0df7643585a9ca38bc6eb9d4b"},"breadcrumb":{"@id":"https:\/\/folhapopular.info\/index.php\/2025\/10\/13\/encontro-de-mulheres-reune-mais-de-150-pessoas-com-foco-em-informacao-e-acolhimento-no-outubro-rosa\/#breadcrumb"},"inLanguage":"pt-BR","potentialAction":[{"@type":"ReadAction","target":["https:\/\/folhapopular.info\/index.php\/2025\/10\/13\/encontro-de-mulheres-reune-mais-de-150-pessoas-com-foco-em-informacao-e-acolhimento-no-outubro-rosa\/"]}]},{"@type":"ImageObject","inLanguage":"pt-BR","@id":"https:\/\/folhapopular.info\/index.php\/2025\/10\/13\/encontro-de-mulheres-reune-mais-de-150-pessoas-com-foco-em-informacao-e-acolhimento-no-outubro-rosa\/#primaryimage","url":"https:\/\/folhapopular.info\/wp-content\/uploads\/2025\/10\/desfile01.jpg","contentUrl":"https:\/\/folhapopular.info\/wp-content\/uploads\/2025\/10\/desfile01.jpg","width":2304,"height":1536,"caption":"Cr\u00e9dito: Renata Leal \/ Divulga\u00e7\u00e3o"},{"@type":"BreadcrumbList","@id":"https:\/\/folhapopular.info\/index.php\/2025\/10\/13\/encontro-de-mulheres-reune-mais-de-150-pessoas-com-foco-em-informacao-e-acolhimento-no-outubro-rosa\/#breadcrumb","itemListElement":[{"@type":"ListItem","position":1,"name":"In\u00edcio","item":"https:\/\/folhapopular.info\/"},{"@type":"ListItem","position":2,"name":"Encontro de Mulheres re\u00fane mais de 150 pessoas com foco em informa\u00e7\u00e3o e acolhimento no Outubro Rosa"}]},{"@type":"WebSite","@id":"https:\/\/folhapopular.info\/#website","url":"https:\/\/folhapopular.info\/","name":"Folha Popular","description":"Onde voc\u00ea tem vez e voz","potentialAction":[{"@type":"SearchAction","target":{"@type":"EntryPoint","urlTemplate":"https:\/\/folhapopular.info\/?s={search_term_string}"},"query-input":{"@type":"PropertyValueSpecification","valueRequired":true,"valueName":"search_term_string"}}],"inLanguage":"pt-BR"},{"@type":"Person","@id":"https:\/\/folhapopular.info\/#\/schema\/person\/2814e8a0df7643585a9ca38bc6eb9d4b","name":"Reda\u00e7\u00e3o Folha Popular","image":{"@type":"ImageObject","inLanguage":"pt-BR","@id":"https:\/\/folhapopular.info\/wp-content\/uploads\/2026\/04\/Folha-1.webp","url":"https:\/\/folhapopular.info\/wp-content\/uploads\/2026\/04\/Folha-1.webp","contentUrl":"https:\/\/folhapopular.info\/wp-content\/uploads\/2026\/04\/Folha-1.webp","caption":"Reda\u00e7\u00e3o Folha Popular"},"url":"https:\/\/folhapopular.info\/index.php\/author\/redacao\/"}]}},"jetpack_featured_media_url":"https:\/\/folhapopular.info\/wp-content\/uploads\/2025\/10\/desfile01.jpg","jetpack_sharing_enabled":true,"amp_enabled":true,"_links":{"self":[{"href":"https:\/\/folhapopular.info\/index.php\/wp-json\/wp\/v2\/posts\/196062","targetHints":{"allow":["GET"]}}],"collection":[{"href":"https:\/\/folhapopular.info\/index.php\/wp-json\/wp\/v2\/posts"}],"about":[{"href":"https:\/\/folhapopular.info\/index.php\/wp-json\/wp\/v2\/types\/post"}],"author":[{"embeddable":true,"href":"https:\/\/folhapopular.info\/index.php\/wp-json\/wp\/v2\/users\/8"}],"replies":[{"embeddable":true,"href":"https:\/\/folhapopular.info\/index.php\/wp-json\/wp\/v2\/comments?post=196062"}],"version-history":[{"count":0,"href":"https:\/\/folhapopular.info\/index.php\/wp-json\/wp\/v2\/posts\/196062\/revisions"}],"wp:featuredmedia":[{"embeddable":true,"href":"https:\/\/folhapopular.info\/index.php\/wp-json\/wp\/v2\/media\/196064"}],"wp:attachment":[{"href":"https:\/\/folhapopular.info\/index.php\/wp-json\/wp\/v2\/media?parent=196062"}],"wp:term":[{"taxonomy":"category","embeddable":true,"href":"https:\/\/folhapopular.info\/index.php\/wp-json\/wp\/v2\/categories?post=196062"},{"taxonomy":"post_tag","embeddable":true,"href":"https:\/\/folhapopular.info\/index.php\/wp-json\/wp\/v2\/tags?post=196062"}],"curies":[{"name":"wp","href":"https:\/\/api.w.org\/{rel}","templated":true}]}}