{"id":196136,"date":"2025-10-14T15:00:00","date_gmt":"2025-10-14T18:00:00","guid":{"rendered":"https:\/\/folhapopular.info\/?p=196136"},"modified":"2025-10-14T11:25:31","modified_gmt":"2025-10-14T14:25:31","slug":"imigrante-mantem-abertas-as-inscricoes-para-o-programa-municipal-de-castracao-de-caes-e-gatos","status":"publish","type":"post","link":"https:\/\/folhapopular.info\/index.php\/2025\/10\/14\/imigrante-mantem-abertas-as-inscricoes-para-o-programa-municipal-de-castracao-de-caes-e-gatos\/","title":{"rendered":"Imigrante mant\u00e9m abertas as inscri\u00e7\u00f5es para o Programa Municipal de Castra\u00e7\u00e3o de C\u00e3es e Gatos"},"content":{"rendered":"\n<p>O Programa Municipal de Castra\u00e7\u00e3o de C\u00e3es e Gatos em Imigrante segue com inscri\u00e7\u00f5es abertas para 2026. A iniciativa, criada pela Lei n\u00ba 2.494\/2023 e regulamentada pelo Decreto n\u00ba 2.161\/2023, visa o controle populacional e o cuidado com a sa\u00fade dos animais, contribuindo diretamente com o bem-estar animal e a sa\u00fade p\u00fablica.<\/p>\n\n\n\n<p>At\u00e9 dezembro de 2025, ainda restam vagas para 6 cadelas e 1 gata. <\/p>\n\n\n\n<p>Os procedimentos s\u00e3o realizados por uma cl\u00ednica veterin\u00e1ria contratada via processo licitat\u00f3rio, com castra\u00e7\u00f5es gratuitas para c\u00e3es e gatos, machos e f\u00eameas, dentro dos crit\u00e9rios estabelecidos.<\/p>\n\n\n\n<h3 class=\"wp-block-heading\"><strong>Quotas anuais previstas:<\/strong><\/h3>\n\n\n\n<ul class=\"wp-block-list\">\n<li>64 cadelas (at\u00e9 15kg);<\/li>\n\n\n\n<li>45 c\u00e3es machos (pequeno, m\u00e9dio e grande porte);<\/li>\n\n\n\n<li>60 gatas f\u00eameas;<\/li>\n\n\n\n<li>35 gatos machos.<\/li>\n<\/ul>\n\n\n\n<p>Al\u00e9m dessas vagas, o programa prev\u00ea a possibilidade de termo aditivo de at\u00e9 25% por categoria (esp\u00e9cie e sexo), al\u00e9m da realiza\u00e7\u00e3o de processos emergenciais por dispensa de licita\u00e7\u00e3o, em casos de extrema necessidade.<\/p>\n\n\n\n<h3 class=\"wp-block-heading\"><strong>Documentos necess\u00e1rios<\/strong><\/h3>\n\n\n\n<ul class=\"wp-block-list\">\n<li>RG e CPF do tutor;<\/li>\n\n\n\n<li>Comprovante de resid\u00eancia;<\/li>\n\n\n\n<li>Foto do animal, informando idade e peso aproximado;<\/li>\n\n\n\n<li>Assinatura da documenta\u00e7\u00e3o fornecida no local.<\/li>\n<\/ul>\n\n\n\n<p><strong>Importante: tutores j\u00e1 inscritos t\u00eam vaga garantida.<\/strong><\/p>\n","protected":false},"excerpt":{"rendered":"<p>O Programa Municipal de Castra\u00e7\u00e3o de C\u00e3es e Gatos em Imigrante segue com inscri\u00e7\u00f5es abertas para 2026. A iniciativa, criada pela Lei n\u00ba 2.494\/2023 e regulamentada pelo Decreto n\u00ba 2.161\/2023, visa o controle populacional e o cuidado com a sa\u00fade dos animais, contribuindo diretamente com o bem-estar animal e a sa\u00fade p\u00fablica. At\u00e9 dezembro de [&hellip;]<\/p>\n","protected":false},"author":8,"featured_media":196137,"comment_status":"open","ping_status":"open","sticky":false,"template":"","format":"standard","meta":{"pmpro_default_level":"","_jetpack_memberships_contains_paid_content":false,"footnotes":""},"categories":[2,3],"tags":[2339,2524,11010,34,19691],"class_list":{"0":"post-196136","1":"post","2":"type-post","3":"status-publish","4":"format-standard","5":"has-post-thumbnail","7":"category-featured","8":"category-geral","9":"tag-caes","10":"tag-castracao","11":"tag-gatos","12":"tag-imigrante","13":"tag-programa-de-castracao","14":"pmpro-has-access"},"yoast_head":"<!-- This site is optimized with the Yoast SEO plugin v27.5 - https:\/\/yoast.com\/product\/yoast-seo-wordpress\/ -->\n<title>Imigrante mant\u00e9m abertas as inscri\u00e7\u00f5es para o Programa Municipal de Castra\u00e7\u00e3o de C\u00e3es e Gatos - Folha Popular<\/title>\n<meta name=\"robots\" content=\"index, follow, max-snippet:-1, max-image-preview:large, max-video-preview:-1\" \/>\n<link rel=\"canonical\" href=\"https:\/\/folhapopular.info\/index.php\/2025\/10\/14\/imigrante-mantem-abertas-as-inscricoes-para-o-programa-municipal-de-castracao-de-caes-e-gatos\/\" \/>\n<meta property=\"og:locale\" content=\"pt_BR\" \/>\n<meta property=\"og:type\" content=\"article\" \/>\n<meta property=\"og:title\" content=\"Imigrante mant\u00e9m abertas as inscri\u00e7\u00f5es para o Programa Municipal de Castra\u00e7\u00e3o de C\u00e3es e Gatos - Folha Popular\" \/>\n<meta property=\"og:description\" content=\"O Programa Municipal de Castra\u00e7\u00e3o de C\u00e3es e Gatos em Imigrante segue com inscri\u00e7\u00f5es abertas para 2026. A iniciativa, criada pela Lei n\u00ba 2.494\/2023 e regulamentada pelo Decreto n\u00ba 2.161\/2023, visa o controle populacional e o cuidado com a sa\u00fade dos animais, contribuindo diretamente com o bem-estar animal e a sa\u00fade p\u00fablica. At\u00e9 dezembro de [&hellip;]\" \/>\n<meta property=\"og:url\" content=\"https:\/\/folhapopular.info\/index.php\/2025\/10\/14\/imigrante-mantem-abertas-as-inscricoes-para-o-programa-municipal-de-castracao-de-caes-e-gatos\/\" \/>\n<meta property=\"og:site_name\" content=\"Folha Popular\" \/>\n<meta property=\"article:published_time\" content=\"2025-10-14T18:00:00+00:00\" \/>\n<meta property=\"og:image\" content=\"https:\/\/folhapopular.info\/wp-content\/uploads\/2025\/10\/WhatsApp-Image-2025-01-23-at-09.51.28-1-scaled.jpeg\" \/>\n\t<meta property=\"og:image:width\" content=\"2560\" \/>\n\t<meta property=\"og:image:height\" content=\"1920\" \/>\n\t<meta property=\"og:image:type\" content=\"image\/jpeg\" \/>\n<meta name=\"author\" content=\"Reda\u00e7\u00e3o Folha Popular\" \/>\n<meta name=\"twitter:card\" content=\"summary_large_image\" \/>\n<meta name=\"twitter:label1\" content=\"Escrito por\" \/>\n\t<meta name=\"twitter:data1\" content=\"Reda\u00e7\u00e3o Folha Popular\" \/>\n\t<meta name=\"twitter:label2\" content=\"Est. tempo de leitura\" \/>\n\t<meta name=\"twitter:data2\" content=\"2 minutos\" \/>\n<script type=\"application\/ld+json\" class=\"yoast-schema-graph\">{\"@context\":\"https:\\\/\\\/schema.org\",\"@graph\":[{\"@type\":\"Article\",\"@id\":\"https:\\\/\\\/folhapopular.info\\\/index.php\\\/2025\\\/10\\\/14\\\/imigrante-mantem-abertas-as-inscricoes-para-o-programa-municipal-de-castracao-de-caes-e-gatos\\\/#article\",\"isPartOf\":{\"@id\":\"https:\\\/\\\/folhapopular.info\\\/index.php\\\/2025\\\/10\\\/14\\\/imigrante-mantem-abertas-as-inscricoes-para-o-programa-municipal-de-castracao-de-caes-e-gatos\\\/\"},\"author\":{\"name\":\"Reda\u00e7\u00e3o Folha Popular\",\"@id\":\"https:\\\/\\\/folhapopular.info\\\/#\\\/schema\\\/person\\\/2814e8a0df7643585a9ca38bc6eb9d4b\"},\"headline\":\"Imigrante mant\u00e9m abertas as inscri\u00e7\u00f5es para o Programa Municipal de Castra\u00e7\u00e3o de C\u00e3es e Gatos\",\"datePublished\":\"2025-10-14T18:00:00+00:00\",\"mainEntityOfPage\":{\"@id\":\"https:\\\/\\\/folhapopular.info\\\/index.php\\\/2025\\\/10\\\/14\\\/imigrante-mantem-abertas-as-inscricoes-para-o-programa-municipal-de-castracao-de-caes-e-gatos\\\/\"},\"wordCount\":211,\"commentCount\":0,\"image\":{\"@id\":\"https:\\\/\\\/folhapopular.info\\\/index.php\\\/2025\\\/10\\\/14\\\/imigrante-mantem-abertas-as-inscricoes-para-o-programa-municipal-de-castracao-de-caes-e-gatos\\\/#primaryimage\"},\"thumbnailUrl\":\"https:\\\/\\\/folhapopular.info\\\/wp-content\\\/uploads\\\/2025\\\/10\\\/WhatsApp-Image-2025-01-23-at-09.51.28-1-scaled.jpeg\",\"keywords\":[\"C\u00e3es\",\"Castra\u00e7\u00e3o\",\"gatos\",\"Imigrante\",\"Programa de Castra\u00e7\u00e3o\"],\"articleSection\":[\"Destaques\",\"Geral\"],\"inLanguage\":\"pt-BR\",\"potentialAction\":[{\"@type\":\"CommentAction\",\"name\":\"Comment\",\"target\":[\"https:\\\/\\\/folhapopular.info\\\/index.php\\\/2025\\\/10\\\/14\\\/imigrante-mantem-abertas-as-inscricoes-para-o-programa-municipal-de-castracao-de-caes-e-gatos\\\/#respond\"]}]},{\"@type\":\"WebPage\",\"@id\":\"https:\\\/\\\/folhapopular.info\\\/index.php\\\/2025\\\/10\\\/14\\\/imigrante-mantem-abertas-as-inscricoes-para-o-programa-municipal-de-castracao-de-caes-e-gatos\\\/\",\"url\":\"https:\\\/\\\/folhapopular.info\\\/index.php\\\/2025\\\/10\\\/14\\\/imigrante-mantem-abertas-as-inscricoes-para-o-programa-municipal-de-castracao-de-caes-e-gatos\\\/\",\"name\":\"Imigrante mant\u00e9m abertas as inscri\u00e7\u00f5es para o Programa Municipal de Castra\u00e7\u00e3o de C\u00e3es e Gatos - Folha Popular\",\"isPartOf\":{\"@id\":\"https:\\\/\\\/folhapopular.info\\\/#website\"},\"primaryImageOfPage\":{\"@id\":\"https:\\\/\\\/folhapopular.info\\\/index.php\\\/2025\\\/10\\\/14\\\/imigrante-mantem-abertas-as-inscricoes-para-o-programa-municipal-de-castracao-de-caes-e-gatos\\\/#primaryimage\"},\"image\":{\"@id\":\"https:\\\/\\\/folhapopular.info\\\/index.php\\\/2025\\\/10\\\/14\\\/imigrante-mantem-abertas-as-inscricoes-para-o-programa-municipal-de-castracao-de-caes-e-gatos\\\/#primaryimage\"},\"thumbnailUrl\":\"https:\\\/\\\/folhapopular.info\\\/wp-content\\\/uploads\\\/2025\\\/10\\\/WhatsApp-Image-2025-01-23-at-09.51.28-1-scaled.jpeg\",\"datePublished\":\"2025-10-14T18:00:00+00:00\",\"author\":{\"@id\":\"https:\\\/\\\/folhapopular.info\\\/#\\\/schema\\\/person\\\/2814e8a0df7643585a9ca38bc6eb9d4b\"},\"breadcrumb\":{\"@id\":\"https:\\\/\\\/folhapopular.info\\\/index.php\\\/2025\\\/10\\\/14\\\/imigrante-mantem-abertas-as-inscricoes-para-o-programa-municipal-de-castracao-de-caes-e-gatos\\\/#breadcrumb\"},\"inLanguage\":\"pt-BR\",\"potentialAction\":[{\"@type\":\"ReadAction\",\"target\":[\"https:\\\/\\\/folhapopular.info\\\/index.php\\\/2025\\\/10\\\/14\\\/imigrante-mantem-abertas-as-inscricoes-para-o-programa-municipal-de-castracao-de-caes-e-gatos\\\/\"]}]},{\"@type\":\"ImageObject\",\"inLanguage\":\"pt-BR\",\"@id\":\"https:\\\/\\\/folhapopular.info\\\/index.php\\\/2025\\\/10\\\/14\\\/imigrante-mantem-abertas-as-inscricoes-para-o-programa-municipal-de-castracao-de-caes-e-gatos\\\/#primaryimage\",\"url\":\"https:\\\/\\\/folhapopular.info\\\/wp-content\\\/uploads\\\/2025\\\/10\\\/WhatsApp-Image-2025-01-23-at-09.51.28-1-scaled.jpeg\",\"contentUrl\":\"https:\\\/\\\/folhapopular.info\\\/wp-content\\\/uploads\\\/2025\\\/10\\\/WhatsApp-Image-2025-01-23-at-09.51.28-1-scaled.jpeg\",\"width\":2560,\"height\":1920,\"caption\":\"Cr\u00e9dito: Carla Beckmann \\\/ Prefeitura de Imigrante\"},{\"@type\":\"BreadcrumbList\",\"@id\":\"https:\\\/\\\/folhapopular.info\\\/index.php\\\/2025\\\/10\\\/14\\\/imigrante-mantem-abertas-as-inscricoes-para-o-programa-municipal-de-castracao-de-caes-e-gatos\\\/#breadcrumb\",\"itemListElement\":[{\"@type\":\"ListItem\",\"position\":1,\"name\":\"In\u00edcio\",\"item\":\"https:\\\/\\\/folhapopular.info\\\/\"},{\"@type\":\"ListItem\",\"position\":2,\"name\":\"Imigrante mant\u00e9m abertas as inscri\u00e7\u00f5es para o Programa Municipal de Castra\u00e7\u00e3o de C\u00e3es e Gatos\"}]},{\"@type\":\"WebSite\",\"@id\":\"https:\\\/\\\/folhapopular.info\\\/#website\",\"url\":\"https:\\\/\\\/folhapopular.info\\\/\",\"name\":\"Folha Popular\",\"description\":\"Onde voc\u00ea tem vez e voz\",\"potentialAction\":[{\"@type\":\"SearchAction\",\"target\":{\"@type\":\"EntryPoint\",\"urlTemplate\":\"https:\\\/\\\/folhapopular.info\\\/?s={search_term_string}\"},\"query-input\":{\"@type\":\"PropertyValueSpecification\",\"valueRequired\":true,\"valueName\":\"search_term_string\"}}],\"inLanguage\":\"pt-BR\"},{\"@type\":\"Person\",\"@id\":\"https:\\\/\\\/folhapopular.info\\\/#\\\/schema\\\/person\\\/2814e8a0df7643585a9ca38bc6eb9d4b\",\"name\":\"Reda\u00e7\u00e3o Folha Popular\",\"image\":{\"@type\":\"ImageObject\",\"inLanguage\":\"pt-BR\",\"@id\":\"https:\\\/\\\/folhapopular.info\\\/wp-content\\\/uploads\\\/2026\\\/04\\\/Folha-1.webp\",\"url\":\"https:\\\/\\\/folhapopular.info\\\/wp-content\\\/uploads\\\/2026\\\/04\\\/Folha-1.webp\",\"contentUrl\":\"https:\\\/\\\/folhapopular.info\\\/wp-content\\\/uploads\\\/2026\\\/04\\\/Folha-1.webp\",\"caption\":\"Reda\u00e7\u00e3o Folha Popular\"},\"url\":\"https:\\\/\\\/folhapopular.info\\\/index.php\\\/author\\\/redacao\\\/\"}]}<\/script>\n<!-- \/ Yoast SEO plugin. -->","yoast_head_json":{"title":"Imigrante mant\u00e9m abertas as inscri\u00e7\u00f5es para o Programa Municipal de Castra\u00e7\u00e3o de C\u00e3es e Gatos - Folha Popular","robots":{"index":"index","follow":"follow","max-snippet":"max-snippet:-1","max-image-preview":"max-image-preview:large","max-video-preview":"max-video-preview:-1"},"canonical":"https:\/\/folhapopular.info\/index.php\/2025\/10\/14\/imigrante-mantem-abertas-as-inscricoes-para-o-programa-municipal-de-castracao-de-caes-e-gatos\/","og_locale":"pt_BR","og_type":"article","og_title":"Imigrante mant\u00e9m abertas as inscri\u00e7\u00f5es para o Programa Municipal de Castra\u00e7\u00e3o de C\u00e3es e Gatos - Folha Popular","og_description":"O Programa Municipal de Castra\u00e7\u00e3o de C\u00e3es e Gatos em Imigrante segue com inscri\u00e7\u00f5es abertas para 2026. A iniciativa, criada pela Lei n\u00ba 2.494\/2023 e regulamentada pelo Decreto n\u00ba 2.161\/2023, visa o controle populacional e o cuidado com a sa\u00fade dos animais, contribuindo diretamente com o bem-estar animal e a sa\u00fade p\u00fablica. At\u00e9 dezembro de [&hellip;]","og_url":"https:\/\/folhapopular.info\/index.php\/2025\/10\/14\/imigrante-mantem-abertas-as-inscricoes-para-o-programa-municipal-de-castracao-de-caes-e-gatos\/","og_site_name":"Folha Popular","article_published_time":"2025-10-14T18:00:00+00:00","og_image":[{"width":2560,"height":1920,"url":"https:\/\/folhapopular.info\/wp-content\/uploads\/2025\/10\/WhatsApp-Image-2025-01-23-at-09.51.28-1-scaled.jpeg","type":"image\/jpeg"}],"author":"Reda\u00e7\u00e3o Folha Popular","twitter_card":"summary_large_image","twitter_misc":{"Escrito por":"Reda\u00e7\u00e3o Folha Popular","Est. tempo de leitura":"2 minutos"},"schema":{"@context":"https:\/\/schema.org","@graph":[{"@type":"Article","@id":"https:\/\/folhapopular.info\/index.php\/2025\/10\/14\/imigrante-mantem-abertas-as-inscricoes-para-o-programa-municipal-de-castracao-de-caes-e-gatos\/#article","isPartOf":{"@id":"https:\/\/folhapopular.info\/index.php\/2025\/10\/14\/imigrante-mantem-abertas-as-inscricoes-para-o-programa-municipal-de-castracao-de-caes-e-gatos\/"},"author":{"name":"Reda\u00e7\u00e3o Folha Popular","@id":"https:\/\/folhapopular.info\/#\/schema\/person\/2814e8a0df7643585a9ca38bc6eb9d4b"},"headline":"Imigrante mant\u00e9m abertas as inscri\u00e7\u00f5es para o Programa Municipal de Castra\u00e7\u00e3o de C\u00e3es e Gatos","datePublished":"2025-10-14T18:00:00+00:00","mainEntityOfPage":{"@id":"https:\/\/folhapopular.info\/index.php\/2025\/10\/14\/imigrante-mantem-abertas-as-inscricoes-para-o-programa-municipal-de-castracao-de-caes-e-gatos\/"},"wordCount":211,"commentCount":0,"image":{"@id":"https:\/\/folhapopular.info\/index.php\/2025\/10\/14\/imigrante-mantem-abertas-as-inscricoes-para-o-programa-municipal-de-castracao-de-caes-e-gatos\/#primaryimage"},"thumbnailUrl":"https:\/\/folhapopular.info\/wp-content\/uploads\/2025\/10\/WhatsApp-Image-2025-01-23-at-09.51.28-1-scaled.jpeg","keywords":["C\u00e3es","Castra\u00e7\u00e3o","gatos","Imigrante","Programa de Castra\u00e7\u00e3o"],"articleSection":["Destaques","Geral"],"inLanguage":"pt-BR","potentialAction":[{"@type":"CommentAction","name":"Comment","target":["https:\/\/folhapopular.info\/index.php\/2025\/10\/14\/imigrante-mantem-abertas-as-inscricoes-para-o-programa-municipal-de-castracao-de-caes-e-gatos\/#respond"]}]},{"@type":"WebPage","@id":"https:\/\/folhapopular.info\/index.php\/2025\/10\/14\/imigrante-mantem-abertas-as-inscricoes-para-o-programa-municipal-de-castracao-de-caes-e-gatos\/","url":"https:\/\/folhapopular.info\/index.php\/2025\/10\/14\/imigrante-mantem-abertas-as-inscricoes-para-o-programa-municipal-de-castracao-de-caes-e-gatos\/","name":"Imigrante mant\u00e9m abertas as inscri\u00e7\u00f5es para o Programa Municipal de Castra\u00e7\u00e3o de C\u00e3es e Gatos - Folha Popular","isPartOf":{"@id":"https:\/\/folhapopular.info\/#website"},"primaryImageOfPage":{"@id":"https:\/\/folhapopular.info\/index.php\/2025\/10\/14\/imigrante-mantem-abertas-as-inscricoes-para-o-programa-municipal-de-castracao-de-caes-e-gatos\/#primaryimage"},"image":{"@id":"https:\/\/folhapopular.info\/index.php\/2025\/10\/14\/imigrante-mantem-abertas-as-inscricoes-para-o-programa-municipal-de-castracao-de-caes-e-gatos\/#primaryimage"},"thumbnailUrl":"https:\/\/folhapopular.info\/wp-content\/uploads\/2025\/10\/WhatsApp-Image-2025-01-23-at-09.51.28-1-scaled.jpeg","datePublished":"2025-10-14T18:00:00+00:00","author":{"@id":"https:\/\/folhapopular.info\/#\/schema\/person\/2814e8a0df7643585a9ca38bc6eb9d4b"},"breadcrumb":{"@id":"https:\/\/folhapopular.info\/index.php\/2025\/10\/14\/imigrante-mantem-abertas-as-inscricoes-para-o-programa-municipal-de-castracao-de-caes-e-gatos\/#breadcrumb"},"inLanguage":"pt-BR","potentialAction":[{"@type":"ReadAction","target":["https:\/\/folhapopular.info\/index.php\/2025\/10\/14\/imigrante-mantem-abertas-as-inscricoes-para-o-programa-municipal-de-castracao-de-caes-e-gatos\/"]}]},{"@type":"ImageObject","inLanguage":"pt-BR","@id":"https:\/\/folhapopular.info\/index.php\/2025\/10\/14\/imigrante-mantem-abertas-as-inscricoes-para-o-programa-municipal-de-castracao-de-caes-e-gatos\/#primaryimage","url":"https:\/\/folhapopular.info\/wp-content\/uploads\/2025\/10\/WhatsApp-Image-2025-01-23-at-09.51.28-1-scaled.jpeg","contentUrl":"https:\/\/folhapopular.info\/wp-content\/uploads\/2025\/10\/WhatsApp-Image-2025-01-23-at-09.51.28-1-scaled.jpeg","width":2560,"height":1920,"caption":"Cr\u00e9dito: Carla Beckmann \/ Prefeitura de Imigrante"},{"@type":"BreadcrumbList","@id":"https:\/\/folhapopular.info\/index.php\/2025\/10\/14\/imigrante-mantem-abertas-as-inscricoes-para-o-programa-municipal-de-castracao-de-caes-e-gatos\/#breadcrumb","itemListElement":[{"@type":"ListItem","position":1,"name":"In\u00edcio","item":"https:\/\/folhapopular.info\/"},{"@type":"ListItem","position":2,"name":"Imigrante mant\u00e9m abertas as inscri\u00e7\u00f5es para o Programa Municipal de Castra\u00e7\u00e3o de C\u00e3es e Gatos"}]},{"@type":"WebSite","@id":"https:\/\/folhapopular.info\/#website","url":"https:\/\/folhapopular.info\/","name":"Folha Popular","description":"Onde voc\u00ea tem vez e voz","potentialAction":[{"@type":"SearchAction","target":{"@type":"EntryPoint","urlTemplate":"https:\/\/folhapopular.info\/?s={search_term_string}"},"query-input":{"@type":"PropertyValueSpecification","valueRequired":true,"valueName":"search_term_string"}}],"inLanguage":"pt-BR"},{"@type":"Person","@id":"https:\/\/folhapopular.info\/#\/schema\/person\/2814e8a0df7643585a9ca38bc6eb9d4b","name":"Reda\u00e7\u00e3o Folha Popular","image":{"@type":"ImageObject","inLanguage":"pt-BR","@id":"https:\/\/folhapopular.info\/wp-content\/uploads\/2026\/04\/Folha-1.webp","url":"https:\/\/folhapopular.info\/wp-content\/uploads\/2026\/04\/Folha-1.webp","contentUrl":"https:\/\/folhapopular.info\/wp-content\/uploads\/2026\/04\/Folha-1.webp","caption":"Reda\u00e7\u00e3o Folha Popular"},"url":"https:\/\/folhapopular.info\/index.php\/author\/redacao\/"}]}},"jetpack_featured_media_url":"https:\/\/folhapopular.info\/wp-content\/uploads\/2025\/10\/WhatsApp-Image-2025-01-23-at-09.51.28-1-scaled.jpeg","jetpack_sharing_enabled":true,"amp_enabled":true,"_links":{"self":[{"href":"https:\/\/folhapopular.info\/index.php\/wp-json\/wp\/v2\/posts\/196136","targetHints":{"allow":["GET"]}}],"collection":[{"href":"https:\/\/folhapopular.info\/index.php\/wp-json\/wp\/v2\/posts"}],"about":[{"href":"https:\/\/folhapopular.info\/index.php\/wp-json\/wp\/v2\/types\/post"}],"author":[{"embeddable":true,"href":"https:\/\/folhapopular.info\/index.php\/wp-json\/wp\/v2\/users\/8"}],"replies":[{"embeddable":true,"href":"https:\/\/folhapopular.info\/index.php\/wp-json\/wp\/v2\/comments?post=196136"}],"version-history":[{"count":0,"href":"https:\/\/folhapopular.info\/index.php\/wp-json\/wp\/v2\/posts\/196136\/revisions"}],"wp:featuredmedia":[{"embeddable":true,"href":"https:\/\/folhapopular.info\/index.php\/wp-json\/wp\/v2\/media\/196137"}],"wp:attachment":[{"href":"https:\/\/folhapopular.info\/index.php\/wp-json\/wp\/v2\/media?parent=196136"}],"wp:term":[{"taxonomy":"category","embeddable":true,"href":"https:\/\/folhapopular.info\/index.php\/wp-json\/wp\/v2\/categories?post=196136"},{"taxonomy":"post_tag","embeddable":true,"href":"https:\/\/folhapopular.info\/index.php\/wp-json\/wp\/v2\/tags?post=196136"}],"curies":[{"name":"wp","href":"https:\/\/api.w.org\/{rel}","templated":true}]}}