{"id":196154,"date":"2025-10-14T14:55:24","date_gmt":"2025-10-14T17:55:24","guid":{"rendered":"https:\/\/folhapopular.info\/?p=196154"},"modified":"2025-10-14T14:55:28","modified_gmt":"2025-10-14T17:55:28","slug":"feira-do-livro-de-imigrante-reune-grande-publico-e-celebra-a-valorizacao-da-leitura-e-da-cultura","status":"publish","type":"post","link":"https:\/\/folhapopular.info\/index.php\/2025\/10\/14\/feira-do-livro-de-imigrante-reune-grande-publico-e-celebra-a-valorizacao-da-leitura-e-da-cultura\/","title":{"rendered":"Feira do Livro de Imigrante re\u00fane grande p\u00fablico e celebra a valoriza\u00e7\u00e3o da leitura e da cultura"},"content":{"rendered":"\n<p>A Administra\u00e7\u00e3o Municipal de Imigrante, por meio da Secretaria de Educa\u00e7\u00e3o, realizou de 9 a 11 de outubro mais uma edi\u00e7\u00e3o da Feira do Livro, que neste ano teve como tema \u201cFa\u00e7a a leitura florescer!\u201d. O evento aconteceu no Gin\u00e1sio Municipal e contou com ampla participa\u00e7\u00e3o da comunidade.<\/p>\n\n\n\n<p>Durante os 3 dias, o p\u00fablico p\u00f4de prestigiar apresenta\u00e7\u00f5es culturais das escolas da Rede Municipal, teatro, palestras com escritores, m\u00fasica, feira de artesanato, Tenda da Sa\u00fade, Tenda do CRAS, atividades recreativas e exposi\u00e7\u00e3o e comercializa\u00e7\u00e3o de livros. Entre os destaques, estiveram as pe\u00e7as teatrais \u201cA m\u00e3e natureza e o pacto secreto: uma aventura ecol\u00f3gica\u201d e \u201cAs Aventuras do Fusca \u00e0 Vela\u201d, as apresenta\u00e7\u00f5es da Orquestra Municipal e da Orquestra Jovem de Imigrante, al\u00e9m da presen\u00e7a dos escritores Eleonora Medeiros e Jonas Piccoli.<\/p>\n\n\n\n<p>O secret\u00e1rio de Educa\u00e7\u00e3o, Carlos Lutterbeck, avaliou o evento de forma muito positiva. \u201cA avalia\u00e7\u00e3o \u00e9 muito positiva, pelo fato de termos tido uma presen\u00e7a massiva de p\u00fablico nas duas noites. As fam\u00edlias atenderam ao nosso convite e compareceram \u00e0 Feira do Livro. Tivemos diversas atra\u00e7\u00f5es culturais que abrilhantaram o evento e a presen\u00e7a dos escritores foi fundamental para prender a aten\u00e7\u00e3o dos nossos alunos, que tiveram um comportamento exemplar e foram muito participativos\u201d, destacou.<\/p>\n\n\n\n<p>Carlos tamb\u00e9m ressaltou a import\u00e2ncia do tema central da edi\u00e7\u00e3o. \u201cA feira abordou a preserva\u00e7\u00e3o e a conserva\u00e7\u00e3o do meio ambiente, um tema de extrema relev\u00e2ncia. Sa\u00edmos com a sensa\u00e7\u00e3o de dever cumprido, por termos organizado uma grande Feira do Livro, oferecendo \u00e0 popula\u00e7\u00e3o cultura, arte e uma ampla variedade de obras liter\u00e1rias\u201d, completou.<\/p>\n\n\n\n<p>O s\u00e1bado foi marcado pelo Dia da Fam\u00edlia, com atividades abertas \u00e0 comunidade. A secret\u00e1ria de Sa\u00fade e Assist\u00eancia Social, J\u00f3ice Horst, avaliou o momento como positivo. \u201cQuem veio e participou ficou muito feliz, foi um momento muito legal\u201d. comentou.<\/p>\n","protected":false},"excerpt":{"rendered":"<p>A Administra\u00e7\u00e3o Municipal de Imigrante, por meio da Secretaria de Educa\u00e7\u00e3o, realizou de 9 a 11 de outubro mais uma edi\u00e7\u00e3o da Feira do Livro, que neste ano teve como tema \u201cFa\u00e7a a leitura florescer!\u201d. O evento aconteceu no Gin\u00e1sio Municipal e contou com ampla participa\u00e7\u00e3o da comunidade. Durante os 3 dias, o p\u00fablico p\u00f4de [&hellip;]<\/p>\n","protected":false},"author":8,"featured_media":196155,"comment_status":"open","ping_status":"open","sticky":false,"template":"","format":"standard","meta":{"pmpro_default_level":"","_jetpack_memberships_contains_paid_content":false,"footnotes":""},"categories":[6],"tags":[344,322,34,5294],"class_list":{"0":"post-196154","1":"post","2":"type-post","3":"status-publish","4":"format-standard","5":"has-post-thumbnail","7":"category-inclusive","8":"tag-cultura","9":"tag-feira-do-livro","10":"tag-imigrante","11":"tag-livro","12":"pmpro-has-access"},"yoast_head":"<!-- This site is optimized with the Yoast SEO plugin v27.5 - https:\/\/yoast.com\/product\/yoast-seo-wordpress\/ -->\n<title>Feira do Livro de Imigrante re\u00fane grande p\u00fablico e celebra a valoriza\u00e7\u00e3o da leitura e da cultura - Folha Popular<\/title>\n<meta name=\"robots\" content=\"index, follow, max-snippet:-1, max-image-preview:large, max-video-preview:-1\" \/>\n<link rel=\"canonical\" href=\"https:\/\/folhapopular.info\/index.php\/2025\/10\/14\/feira-do-livro-de-imigrante-reune-grande-publico-e-celebra-a-valorizacao-da-leitura-e-da-cultura\/\" \/>\n<meta property=\"og:locale\" content=\"pt_BR\" \/>\n<meta property=\"og:type\" content=\"article\" \/>\n<meta property=\"og:title\" content=\"Feira do Livro de Imigrante re\u00fane grande p\u00fablico e celebra a valoriza\u00e7\u00e3o da leitura e da cultura - Folha Popular\" \/>\n<meta property=\"og:description\" content=\"A Administra\u00e7\u00e3o Municipal de Imigrante, por meio da Secretaria de Educa\u00e7\u00e3o, realizou de 9 a 11 de outubro mais uma edi\u00e7\u00e3o da Feira do Livro, que neste ano teve como tema \u201cFa\u00e7a a leitura florescer!\u201d. O evento aconteceu no Gin\u00e1sio Municipal e contou com ampla participa\u00e7\u00e3o da comunidade. Durante os 3 dias, o p\u00fablico p\u00f4de [&hellip;]\" \/>\n<meta property=\"og:url\" content=\"https:\/\/folhapopular.info\/index.php\/2025\/10\/14\/feira-do-livro-de-imigrante-reune-grande-publico-e-celebra-a-valorizacao-da-leitura-e-da-cultura\/\" \/>\n<meta property=\"og:site_name\" content=\"Folha Popular\" \/>\n<meta property=\"article:published_time\" content=\"2025-10-14T17:55:24+00:00\" \/>\n<meta property=\"article:modified_time\" content=\"2025-10-14T17:55:28+00:00\" \/>\n<meta property=\"og:image\" content=\"http:\/\/folhapopular.info\/wp-content\/uploads\/2025\/10\/CRI2712-1024x683.jpg\" \/>\n\t<meta property=\"og:image:width\" content=\"1024\" \/>\n\t<meta property=\"og:image:height\" content=\"683\" \/>\n\t<meta property=\"og:image:type\" content=\"image\/jpeg\" \/>\n<meta name=\"author\" content=\"Reda\u00e7\u00e3o Folha Popular\" \/>\n<meta name=\"twitter:card\" content=\"summary_large_image\" \/>\n<meta name=\"twitter:label1\" content=\"Escrito por\" \/>\n\t<meta name=\"twitter:data1\" content=\"Reda\u00e7\u00e3o Folha Popular\" \/>\n\t<meta name=\"twitter:label2\" content=\"Est. tempo de leitura\" \/>\n\t<meta name=\"twitter:data2\" content=\"2 minutos\" \/>\n<script type=\"application\/ld+json\" class=\"yoast-schema-graph\">{\"@context\":\"https:\\\/\\\/schema.org\",\"@graph\":[{\"@type\":\"Article\",\"@id\":\"https:\\\/\\\/folhapopular.info\\\/index.php\\\/2025\\\/10\\\/14\\\/feira-do-livro-de-imigrante-reune-grande-publico-e-celebra-a-valorizacao-da-leitura-e-da-cultura\\\/#article\",\"isPartOf\":{\"@id\":\"https:\\\/\\\/folhapopular.info\\\/index.php\\\/2025\\\/10\\\/14\\\/feira-do-livro-de-imigrante-reune-grande-publico-e-celebra-a-valorizacao-da-leitura-e-da-cultura\\\/\"},\"author\":{\"name\":\"Reda\u00e7\u00e3o Folha Popular\",\"@id\":\"https:\\\/\\\/folhapopular.info\\\/#\\\/schema\\\/person\\\/2814e8a0df7643585a9ca38bc6eb9d4b\"},\"headline\":\"Feira do Livro de Imigrante re\u00fane grande p\u00fablico e celebra a valoriza\u00e7\u00e3o da leitura e da cultura\",\"datePublished\":\"2025-10-14T17:55:24+00:00\",\"dateModified\":\"2025-10-14T17:55:28+00:00\",\"mainEntityOfPage\":{\"@id\":\"https:\\\/\\\/folhapopular.info\\\/index.php\\\/2025\\\/10\\\/14\\\/feira-do-livro-de-imigrante-reune-grande-publico-e-celebra-a-valorizacao-da-leitura-e-da-cultura\\\/\"},\"wordCount\":355,\"commentCount\":0,\"image\":{\"@id\":\"https:\\\/\\\/folhapopular.info\\\/index.php\\\/2025\\\/10\\\/14\\\/feira-do-livro-de-imigrante-reune-grande-publico-e-celebra-a-valorizacao-da-leitura-e-da-cultura\\\/#primaryimage\"},\"thumbnailUrl\":\"https:\\\/\\\/folhapopular.info\\\/wp-content\\\/uploads\\\/2025\\\/10\\\/CRI2712.jpg\",\"keywords\":[\"Cultura\",\"Feira do Livro\",\"Imigrante\",\"livro\"],\"articleSection\":[\"Inclusive\"],\"inLanguage\":\"pt-BR\",\"potentialAction\":[{\"@type\":\"CommentAction\",\"name\":\"Comment\",\"target\":[\"https:\\\/\\\/folhapopular.info\\\/index.php\\\/2025\\\/10\\\/14\\\/feira-do-livro-de-imigrante-reune-grande-publico-e-celebra-a-valorizacao-da-leitura-e-da-cultura\\\/#respond\"]}]},{\"@type\":\"WebPage\",\"@id\":\"https:\\\/\\\/folhapopular.info\\\/index.php\\\/2025\\\/10\\\/14\\\/feira-do-livro-de-imigrante-reune-grande-publico-e-celebra-a-valorizacao-da-leitura-e-da-cultura\\\/\",\"url\":\"https:\\\/\\\/folhapopular.info\\\/index.php\\\/2025\\\/10\\\/14\\\/feira-do-livro-de-imigrante-reune-grande-publico-e-celebra-a-valorizacao-da-leitura-e-da-cultura\\\/\",\"name\":\"Feira do Livro de Imigrante re\u00fane grande p\u00fablico e celebra a valoriza\u00e7\u00e3o da leitura e da cultura - Folha Popular\",\"isPartOf\":{\"@id\":\"https:\\\/\\\/folhapopular.info\\\/#website\"},\"primaryImageOfPage\":{\"@id\":\"https:\\\/\\\/folhapopular.info\\\/index.php\\\/2025\\\/10\\\/14\\\/feira-do-livro-de-imigrante-reune-grande-publico-e-celebra-a-valorizacao-da-leitura-e-da-cultura\\\/#primaryimage\"},\"image\":{\"@id\":\"https:\\\/\\\/folhapopular.info\\\/index.php\\\/2025\\\/10\\\/14\\\/feira-do-livro-de-imigrante-reune-grande-publico-e-celebra-a-valorizacao-da-leitura-e-da-cultura\\\/#primaryimage\"},\"thumbnailUrl\":\"https:\\\/\\\/folhapopular.info\\\/wp-content\\\/uploads\\\/2025\\\/10\\\/CRI2712.jpg\",\"datePublished\":\"2025-10-14T17:55:24+00:00\",\"dateModified\":\"2025-10-14T17:55:28+00:00\",\"author\":{\"@id\":\"https:\\\/\\\/folhapopular.info\\\/#\\\/schema\\\/person\\\/2814e8a0df7643585a9ca38bc6eb9d4b\"},\"breadcrumb\":{\"@id\":\"https:\\\/\\\/folhapopular.info\\\/index.php\\\/2025\\\/10\\\/14\\\/feira-do-livro-de-imigrante-reune-grande-publico-e-celebra-a-valorizacao-da-leitura-e-da-cultura\\\/#breadcrumb\"},\"inLanguage\":\"pt-BR\",\"potentialAction\":[{\"@type\":\"ReadAction\",\"target\":[\"https:\\\/\\\/folhapopular.info\\\/index.php\\\/2025\\\/10\\\/14\\\/feira-do-livro-de-imigrante-reune-grande-publico-e-celebra-a-valorizacao-da-leitura-e-da-cultura\\\/\"]}]},{\"@type\":\"ImageObject\",\"inLanguage\":\"pt-BR\",\"@id\":\"https:\\\/\\\/folhapopular.info\\\/index.php\\\/2025\\\/10\\\/14\\\/feira-do-livro-de-imigrante-reune-grande-publico-e-celebra-a-valorizacao-da-leitura-e-da-cultura\\\/#primaryimage\",\"url\":\"https:\\\/\\\/folhapopular.info\\\/wp-content\\\/uploads\\\/2025\\\/10\\\/CRI2712.jpg\",\"contentUrl\":\"https:\\\/\\\/folhapopular.info\\\/wp-content\\\/uploads\\\/2025\\\/10\\\/CRI2712.jpg\",\"width\":2048,\"height\":1365,\"caption\":\"Cr\u00e9dito: Carla Beckmann \\\/ Divulga\u00e7\u00e3o Prefeitura de Imigrante\"},{\"@type\":\"BreadcrumbList\",\"@id\":\"https:\\\/\\\/folhapopular.info\\\/index.php\\\/2025\\\/10\\\/14\\\/feira-do-livro-de-imigrante-reune-grande-publico-e-celebra-a-valorizacao-da-leitura-e-da-cultura\\\/#breadcrumb\",\"itemListElement\":[{\"@type\":\"ListItem\",\"position\":1,\"name\":\"In\u00edcio\",\"item\":\"https:\\\/\\\/folhapopular.info\\\/\"},{\"@type\":\"ListItem\",\"position\":2,\"name\":\"Feira do Livro de Imigrante re\u00fane grande p\u00fablico e celebra a valoriza\u00e7\u00e3o da leitura e da cultura\"}]},{\"@type\":\"WebSite\",\"@id\":\"https:\\\/\\\/folhapopular.info\\\/#website\",\"url\":\"https:\\\/\\\/folhapopular.info\\\/\",\"name\":\"Folha Popular\",\"description\":\"Onde voc\u00ea tem vez e voz\",\"potentialAction\":[{\"@type\":\"SearchAction\",\"target\":{\"@type\":\"EntryPoint\",\"urlTemplate\":\"https:\\\/\\\/folhapopular.info\\\/?s={search_term_string}\"},\"query-input\":{\"@type\":\"PropertyValueSpecification\",\"valueRequired\":true,\"valueName\":\"search_term_string\"}}],\"inLanguage\":\"pt-BR\"},{\"@type\":\"Person\",\"@id\":\"https:\\\/\\\/folhapopular.info\\\/#\\\/schema\\\/person\\\/2814e8a0df7643585a9ca38bc6eb9d4b\",\"name\":\"Reda\u00e7\u00e3o Folha Popular\",\"image\":{\"@type\":\"ImageObject\",\"inLanguage\":\"pt-BR\",\"@id\":\"https:\\\/\\\/folhapopular.info\\\/wp-content\\\/uploads\\\/2026\\\/04\\\/Folha-1.webp\",\"url\":\"https:\\\/\\\/folhapopular.info\\\/wp-content\\\/uploads\\\/2026\\\/04\\\/Folha-1.webp\",\"contentUrl\":\"https:\\\/\\\/folhapopular.info\\\/wp-content\\\/uploads\\\/2026\\\/04\\\/Folha-1.webp\",\"caption\":\"Reda\u00e7\u00e3o Folha Popular\"},\"url\":\"https:\\\/\\\/folhapopular.info\\\/index.php\\\/author\\\/redacao\\\/\"}]}<\/script>\n<!-- \/ Yoast SEO plugin. -->","yoast_head_json":{"title":"Feira do Livro de Imigrante re\u00fane grande p\u00fablico e celebra a valoriza\u00e7\u00e3o da leitura e da cultura - Folha Popular","robots":{"index":"index","follow":"follow","max-snippet":"max-snippet:-1","max-image-preview":"max-image-preview:large","max-video-preview":"max-video-preview:-1"},"canonical":"https:\/\/folhapopular.info\/index.php\/2025\/10\/14\/feira-do-livro-de-imigrante-reune-grande-publico-e-celebra-a-valorizacao-da-leitura-e-da-cultura\/","og_locale":"pt_BR","og_type":"article","og_title":"Feira do Livro de Imigrante re\u00fane grande p\u00fablico e celebra a valoriza\u00e7\u00e3o da leitura e da cultura - Folha Popular","og_description":"A Administra\u00e7\u00e3o Municipal de Imigrante, por meio da Secretaria de Educa\u00e7\u00e3o, realizou de 9 a 11 de outubro mais uma edi\u00e7\u00e3o da Feira do Livro, que neste ano teve como tema \u201cFa\u00e7a a leitura florescer!\u201d. O evento aconteceu no Gin\u00e1sio Municipal e contou com ampla participa\u00e7\u00e3o da comunidade. Durante os 3 dias, o p\u00fablico p\u00f4de [&hellip;]","og_url":"https:\/\/folhapopular.info\/index.php\/2025\/10\/14\/feira-do-livro-de-imigrante-reune-grande-publico-e-celebra-a-valorizacao-da-leitura-e-da-cultura\/","og_site_name":"Folha Popular","article_published_time":"2025-10-14T17:55:24+00:00","article_modified_time":"2025-10-14T17:55:28+00:00","og_image":[{"width":1024,"height":683,"url":"http:\/\/folhapopular.info\/wp-content\/uploads\/2025\/10\/CRI2712-1024x683.jpg","type":"image\/jpeg"}],"author":"Reda\u00e7\u00e3o Folha Popular","twitter_card":"summary_large_image","twitter_misc":{"Escrito por":"Reda\u00e7\u00e3o Folha Popular","Est. tempo de leitura":"2 minutos"},"schema":{"@context":"https:\/\/schema.org","@graph":[{"@type":"Article","@id":"https:\/\/folhapopular.info\/index.php\/2025\/10\/14\/feira-do-livro-de-imigrante-reune-grande-publico-e-celebra-a-valorizacao-da-leitura-e-da-cultura\/#article","isPartOf":{"@id":"https:\/\/folhapopular.info\/index.php\/2025\/10\/14\/feira-do-livro-de-imigrante-reune-grande-publico-e-celebra-a-valorizacao-da-leitura-e-da-cultura\/"},"author":{"name":"Reda\u00e7\u00e3o Folha Popular","@id":"https:\/\/folhapopular.info\/#\/schema\/person\/2814e8a0df7643585a9ca38bc6eb9d4b"},"headline":"Feira do Livro de Imigrante re\u00fane grande p\u00fablico e celebra a valoriza\u00e7\u00e3o da leitura e da cultura","datePublished":"2025-10-14T17:55:24+00:00","dateModified":"2025-10-14T17:55:28+00:00","mainEntityOfPage":{"@id":"https:\/\/folhapopular.info\/index.php\/2025\/10\/14\/feira-do-livro-de-imigrante-reune-grande-publico-e-celebra-a-valorizacao-da-leitura-e-da-cultura\/"},"wordCount":355,"commentCount":0,"image":{"@id":"https:\/\/folhapopular.info\/index.php\/2025\/10\/14\/feira-do-livro-de-imigrante-reune-grande-publico-e-celebra-a-valorizacao-da-leitura-e-da-cultura\/#primaryimage"},"thumbnailUrl":"https:\/\/folhapopular.info\/wp-content\/uploads\/2025\/10\/CRI2712.jpg","keywords":["Cultura","Feira do Livro","Imigrante","livro"],"articleSection":["Inclusive"],"inLanguage":"pt-BR","potentialAction":[{"@type":"CommentAction","name":"Comment","target":["https:\/\/folhapopular.info\/index.php\/2025\/10\/14\/feira-do-livro-de-imigrante-reune-grande-publico-e-celebra-a-valorizacao-da-leitura-e-da-cultura\/#respond"]}]},{"@type":"WebPage","@id":"https:\/\/folhapopular.info\/index.php\/2025\/10\/14\/feira-do-livro-de-imigrante-reune-grande-publico-e-celebra-a-valorizacao-da-leitura-e-da-cultura\/","url":"https:\/\/folhapopular.info\/index.php\/2025\/10\/14\/feira-do-livro-de-imigrante-reune-grande-publico-e-celebra-a-valorizacao-da-leitura-e-da-cultura\/","name":"Feira do Livro de Imigrante re\u00fane grande p\u00fablico e celebra a valoriza\u00e7\u00e3o da leitura e da cultura - Folha Popular","isPartOf":{"@id":"https:\/\/folhapopular.info\/#website"},"primaryImageOfPage":{"@id":"https:\/\/folhapopular.info\/index.php\/2025\/10\/14\/feira-do-livro-de-imigrante-reune-grande-publico-e-celebra-a-valorizacao-da-leitura-e-da-cultura\/#primaryimage"},"image":{"@id":"https:\/\/folhapopular.info\/index.php\/2025\/10\/14\/feira-do-livro-de-imigrante-reune-grande-publico-e-celebra-a-valorizacao-da-leitura-e-da-cultura\/#primaryimage"},"thumbnailUrl":"https:\/\/folhapopular.info\/wp-content\/uploads\/2025\/10\/CRI2712.jpg","datePublished":"2025-10-14T17:55:24+00:00","dateModified":"2025-10-14T17:55:28+00:00","author":{"@id":"https:\/\/folhapopular.info\/#\/schema\/person\/2814e8a0df7643585a9ca38bc6eb9d4b"},"breadcrumb":{"@id":"https:\/\/folhapopular.info\/index.php\/2025\/10\/14\/feira-do-livro-de-imigrante-reune-grande-publico-e-celebra-a-valorizacao-da-leitura-e-da-cultura\/#breadcrumb"},"inLanguage":"pt-BR","potentialAction":[{"@type":"ReadAction","target":["https:\/\/folhapopular.info\/index.php\/2025\/10\/14\/feira-do-livro-de-imigrante-reune-grande-publico-e-celebra-a-valorizacao-da-leitura-e-da-cultura\/"]}]},{"@type":"ImageObject","inLanguage":"pt-BR","@id":"https:\/\/folhapopular.info\/index.php\/2025\/10\/14\/feira-do-livro-de-imigrante-reune-grande-publico-e-celebra-a-valorizacao-da-leitura-e-da-cultura\/#primaryimage","url":"https:\/\/folhapopular.info\/wp-content\/uploads\/2025\/10\/CRI2712.jpg","contentUrl":"https:\/\/folhapopular.info\/wp-content\/uploads\/2025\/10\/CRI2712.jpg","width":2048,"height":1365,"caption":"Cr\u00e9dito: Carla Beckmann \/ Divulga\u00e7\u00e3o Prefeitura de Imigrante"},{"@type":"BreadcrumbList","@id":"https:\/\/folhapopular.info\/index.php\/2025\/10\/14\/feira-do-livro-de-imigrante-reune-grande-publico-e-celebra-a-valorizacao-da-leitura-e-da-cultura\/#breadcrumb","itemListElement":[{"@type":"ListItem","position":1,"name":"In\u00edcio","item":"https:\/\/folhapopular.info\/"},{"@type":"ListItem","position":2,"name":"Feira do Livro de Imigrante re\u00fane grande p\u00fablico e celebra a valoriza\u00e7\u00e3o da leitura e da cultura"}]},{"@type":"WebSite","@id":"https:\/\/folhapopular.info\/#website","url":"https:\/\/folhapopular.info\/","name":"Folha Popular","description":"Onde voc\u00ea tem vez e voz","potentialAction":[{"@type":"SearchAction","target":{"@type":"EntryPoint","urlTemplate":"https:\/\/folhapopular.info\/?s={search_term_string}"},"query-input":{"@type":"PropertyValueSpecification","valueRequired":true,"valueName":"search_term_string"}}],"inLanguage":"pt-BR"},{"@type":"Person","@id":"https:\/\/folhapopular.info\/#\/schema\/person\/2814e8a0df7643585a9ca38bc6eb9d4b","name":"Reda\u00e7\u00e3o Folha Popular","image":{"@type":"ImageObject","inLanguage":"pt-BR","@id":"https:\/\/folhapopular.info\/wp-content\/uploads\/2026\/04\/Folha-1.webp","url":"https:\/\/folhapopular.info\/wp-content\/uploads\/2026\/04\/Folha-1.webp","contentUrl":"https:\/\/folhapopular.info\/wp-content\/uploads\/2026\/04\/Folha-1.webp","caption":"Reda\u00e7\u00e3o Folha Popular"},"url":"https:\/\/folhapopular.info\/index.php\/author\/redacao\/"}]}},"jetpack_featured_media_url":"https:\/\/folhapopular.info\/wp-content\/uploads\/2025\/10\/CRI2712.jpg","jetpack_sharing_enabled":true,"amp_enabled":true,"_links":{"self":[{"href":"https:\/\/folhapopular.info\/index.php\/wp-json\/wp\/v2\/posts\/196154","targetHints":{"allow":["GET"]}}],"collection":[{"href":"https:\/\/folhapopular.info\/index.php\/wp-json\/wp\/v2\/posts"}],"about":[{"href":"https:\/\/folhapopular.info\/index.php\/wp-json\/wp\/v2\/types\/post"}],"author":[{"embeddable":true,"href":"https:\/\/folhapopular.info\/index.php\/wp-json\/wp\/v2\/users\/8"}],"replies":[{"embeddable":true,"href":"https:\/\/folhapopular.info\/index.php\/wp-json\/wp\/v2\/comments?post=196154"}],"version-history":[{"count":0,"href":"https:\/\/folhapopular.info\/index.php\/wp-json\/wp\/v2\/posts\/196154\/revisions"}],"wp:featuredmedia":[{"embeddable":true,"href":"https:\/\/folhapopular.info\/index.php\/wp-json\/wp\/v2\/media\/196155"}],"wp:attachment":[{"href":"https:\/\/folhapopular.info\/index.php\/wp-json\/wp\/v2\/media?parent=196154"}],"wp:term":[{"taxonomy":"category","embeddable":true,"href":"https:\/\/folhapopular.info\/index.php\/wp-json\/wp\/v2\/categories?post=196154"},{"taxonomy":"post_tag","embeddable":true,"href":"https:\/\/folhapopular.info\/index.php\/wp-json\/wp\/v2\/tags?post=196154"}],"curies":[{"name":"wp","href":"https:\/\/api.w.org\/{rel}","templated":true}]}}