{"id":196234,"date":"2025-10-15T14:00:00","date_gmt":"2025-10-15T17:00:00","guid":{"rendered":"https:\/\/folhapopular.info\/?p=196234"},"modified":"2025-10-15T09:21:28","modified_gmt":"2025-10-15T12:21:28","slug":"jovem-de-teutonia-precisa-de-doacoes-de-sangue-para-voltar-a-rotina","status":"publish","type":"post","link":"https:\/\/folhapopular.info\/index.php\/2025\/10\/15\/jovem-de-teutonia-precisa-de-doacoes-de-sangue-para-voltar-a-rotina\/","title":{"rendered":"Jovem de Teut\u00f4nia precisa de doa\u00e7\u00f5es de sangue para voltar \u00e0 rotina"},"content":{"rendered":"\n<p>Bryan Alexander da Silva Berghahn (20), morador de Teut\u00f4nia, sofre de uma condi\u00e7\u00e3o chamada de Imunodefici\u00eancia Prim\u00e1ria (Candid\u00edase Mucocut\u00e2nea Cr\u00f4nica), causada por uma disfun\u00e7\u00e3o gen\u00e9tica no gene STAT1. A doen\u00e7a ainda faz com que o jovem tenha complica\u00e7\u00f5es associadas, como hipotireoidismo, hepatopatia cr\u00f4nica e infec\u00e7\u00f5es bacterianas sinusal-pulmonares.<\/p>\n\n\n\n<p>Mesmo com tratamento cont\u00ednuo, o dia a dia de Bryan \u00e9 marcado por infec\u00e7\u00f5es f\u00fangicas que persistem, levando a interna\u00e7\u00f5es repetidas e uso de anfotericina complexa lip\u00eddica (antibi\u00f3ticoscontra fungos, protozo\u00e1rios e algas).<\/p>\n\n\n\n<p>Al\u00e9m disso, Berghahn possui Bicitopenia (redu\u00e7\u00e3o de duas linhagens de c\u00e9lulas sangu\u00edneas), anemia sintom\u00e1tica e precisa de transfus\u00f5es de sangue. Ele est\u00e1 em tratamento cont\u00ednuo e aguarda o medicamento Baricitinibe para tentar controlar a doen\u00e7a.<\/p>\n\n\n\n<p>Por conta da sua baixa imunidade, a rotina de Bryan \u00e9 repleta de exames e medicamentos. Ele aplica rem\u00e9dios duas vezes por semana no Hospital Ouro Branco, nas ter\u00e7as e sextas-feiras, e, nas segundas-feiras, realiza consultas e recebe acompanhamento de 18 especialidades no Hospital de Cl\u00ednicas de Porto Alegre.<\/p>\n\n\n\n<p>Hoje, Bryan n\u00e3o trabalha, mas nunca colocou suas condi\u00e7\u00f5es como empecilho. \u201cEu sempre lidei bem com isso. Desde pequeno passei por v\u00e1rias interna\u00e7\u00f5es, e isso me fez enxergar que sempre existem pessoas passando por situa\u00e7\u00f5es ainda mais dif\u00edceis. Por isso, nunca vi motivo para reclamar. Mesmo tendo algumas limita\u00e7\u00f5es, consigo andar, viver tranquilamente e fazer minhas coisas, ent\u00e3o prefiro focar no que posso fazer, em vez de me prender aos problemas\u201d, diz.<\/p>\n\n\n\n<p>Por causa da imunodefici\u00eancia prim\u00e1ria, o jovem precisa de doa\u00e7\u00f5es de sangue. A doen\u00e7a faz com que ele tenha anemia e precise de transfus\u00f5es de sangue para manter o corpo forte e est\u00e1vel e conseguir seguir com o tratamento e ter uma vida mais tranquila.<\/p>\n\n\n\n<p>\u201cCada pessoa que doa ajuda diretamente n\u00e3o s\u00f3 a mim, mas muitas outras pessoas que dependem disso para continuar lutando todos os dias\u201d, afirma.<\/p>\n\n\n\n<h2 class=\"wp-block-heading\"><strong>Atendimento<\/strong> <strong>mais pr\u00f3ximo<\/strong><\/h2>\n\n\n\n<p>A fam\u00edlia se divide para acompanhar o jovem. Franciele da Silva, m\u00e3e de Bryan, trabalha \u00e0 noite e presta servi\u00e7os para estar pr\u00f3xima do filho. A rotina corrida em meio \u00e0s medica\u00e7\u00f5es \u00e9 cansativa.<\/p>\n\n\n\n<p>Casos como o de Bryan refletem a relev\u00e2ncia de projetos como o Polo de Sa\u00fade, iniciativa do HOB que trar\u00e1 para a regi\u00e3o hemodi\u00e1lise, banco de sangue e leitos de UTI, entre outros. \u201cMudaria a vida de muita gente ter estes servi\u00e7os por perto, porque vamos a Porto Alegre fazer procedimentos que poderiam ser realizados aqui, em Teut\u00f4nia e Lajeado\u201d, aponta ela.<\/p>\n\n\n\n<h2 class=\"wp-block-heading\"><strong>Como doar<\/strong><\/h2>\n\n\n\n<p>As doa\u00e7\u00f5es de sangue devem ser realizadas em nome de Bryan Alexander da Silva Berghahn no Banco de Sangue do Hospital de Cl\u00ednicas, na Rua S\u00e3o Manoel, 543, em Porto Alegre. At\u00e9 este s\u00e1bado (18\/10), a prefeitura de Teut\u00f4nia custear\u00e1 o transporte. Mais informa\u00e7\u00f5es podem ser obtidas junto \u00e0 Secretaria de Sa\u00fade pelo (51) 3762-7700.<\/p>\n\n\n\n<p>Entre os requisitos para doar, \u00e9 preciso ter entre 16 e 69 anos, pesar 50 quilos ou mais e n\u00e3o estar em jejum. Menores de 18 anos devem estar acompanhados de respons\u00e1vel e \u00e9 obrigat\u00f3rio documento com foto.<\/p>\n","protected":false},"excerpt":{"rendered":"<p>Bryan Alexander da Silva Berghahn (20), morador de Teut\u00f4nia, sofre de uma condi\u00e7\u00e3o chamada de Imunodefici\u00eancia Prim\u00e1ria (Candid\u00edase Mucocut\u00e2nea Cr\u00f4nica), causada por uma disfun\u00e7\u00e3o gen\u00e9tica no gene STAT1. A doen\u00e7a ainda faz com que o jovem tenha complica\u00e7\u00f5es associadas, como hipotireoidismo, hepatopatia cr\u00f4nica e infec\u00e7\u00f5es bacterianas sinusal-pulmonares. Mesmo com tratamento cont\u00ednuo, o dia a dia [&hellip;]<\/p>\n","protected":false},"author":773,"featured_media":196235,"comment_status":"open","ping_status":"open","sticky":false,"template":"","format":"standard","meta":{"pmpro_default_level":"","_jetpack_memberships_contains_paid_content":false,"footnotes":""},"categories":[2,3],"tags":[19711,834,8088,26],"class_list":{"0":"post-196234","1":"post","2":"type-post","3":"status-publish","4":"format-standard","5":"has-post-thumbnail","7":"category-featured","8":"category-geral","9":"tag-doacoes-de-sangue","10":"tag-jovem","11":"tag-rotina","12":"tag-teutonia","13":"pmpro-has-access"},"yoast_head":"<!-- This site is optimized with the Yoast SEO plugin v27.5 - https:\/\/yoast.com\/product\/yoast-seo-wordpress\/ -->\n<title>Jovem de Teut\u00f4nia precisa de doa\u00e7\u00f5es de sangue para voltar \u00e0 rotina - Folha Popular<\/title>\n<meta name=\"robots\" content=\"index, follow, max-snippet:-1, max-image-preview:large, max-video-preview:-1\" \/>\n<link rel=\"canonical\" href=\"https:\/\/folhapopular.info\/index.php\/2025\/10\/15\/jovem-de-teutonia-precisa-de-doacoes-de-sangue-para-voltar-a-rotina\/\" \/>\n<meta property=\"og:locale\" content=\"pt_BR\" \/>\n<meta property=\"og:type\" content=\"article\" \/>\n<meta property=\"og:title\" content=\"Jovem de Teut\u00f4nia precisa de doa\u00e7\u00f5es de sangue para voltar \u00e0 rotina - Folha Popular\" \/>\n<meta property=\"og:description\" content=\"Bryan Alexander da Silva Berghahn (20), morador de Teut\u00f4nia, sofre de uma condi\u00e7\u00e3o chamada de Imunodefici\u00eancia Prim\u00e1ria (Candid\u00edase Mucocut\u00e2nea Cr\u00f4nica), causada por uma disfun\u00e7\u00e3o gen\u00e9tica no gene STAT1. A doen\u00e7a ainda faz com que o jovem tenha complica\u00e7\u00f5es associadas, como hipotireoidismo, hepatopatia cr\u00f4nica e infec\u00e7\u00f5es bacterianas sinusal-pulmonares. Mesmo com tratamento cont\u00ednuo, o dia a dia [&hellip;]\" \/>\n<meta property=\"og:url\" content=\"https:\/\/folhapopular.info\/index.php\/2025\/10\/15\/jovem-de-teutonia-precisa-de-doacoes-de-sangue-para-voltar-a-rotina\/\" \/>\n<meta property=\"og:site_name\" content=\"Folha Popular\" \/>\n<meta property=\"article:published_time\" content=\"2025-10-15T17:00:00+00:00\" \/>\n<meta property=\"og:image\" content=\"https:\/\/folhapopular.info\/wp-content\/uploads\/2025\/10\/Bryan-com-a-familia-em-seu-aniversario-de-20-anos.jpeg\" \/>\n\t<meta property=\"og:image:width\" content=\"1200\" \/>\n\t<meta property=\"og:image:height\" content=\"1600\" \/>\n\t<meta property=\"og:image:type\" content=\"image\/jpeg\" \/>\n<meta name=\"author\" content=\"Gabriely Hartmann Mallmann\" \/>\n<meta name=\"twitter:card\" content=\"summary_large_image\" \/>\n<meta name=\"twitter:label1\" content=\"Escrito por\" \/>\n\t<meta name=\"twitter:data1\" content=\"Gabriely Hartmann Mallmann\" \/>\n\t<meta name=\"twitter:label2\" content=\"Est. tempo de leitura\" \/>\n\t<meta name=\"twitter:data2\" content=\"3 minutos\" \/>\n<script type=\"application\/ld+json\" class=\"yoast-schema-graph\">{\"@context\":\"https:\\\/\\\/schema.org\",\"@graph\":[{\"@type\":\"Article\",\"@id\":\"https:\\\/\\\/folhapopular.info\\\/index.php\\\/2025\\\/10\\\/15\\\/jovem-de-teutonia-precisa-de-doacoes-de-sangue-para-voltar-a-rotina\\\/#article\",\"isPartOf\":{\"@id\":\"https:\\\/\\\/folhapopular.info\\\/index.php\\\/2025\\\/10\\\/15\\\/jovem-de-teutonia-precisa-de-doacoes-de-sangue-para-voltar-a-rotina\\\/\"},\"author\":{\"name\":\"Gabriely Hartmann Mallmann\",\"@id\":\"https:\\\/\\\/folhapopular.info\\\/#\\\/schema\\\/person\\\/41b3bb1ecf6e33e81cbab2c29b178754\"},\"headline\":\"Jovem de Teut\u00f4nia precisa de doa\u00e7\u00f5es de sangue para voltar \u00e0 rotina\",\"datePublished\":\"2025-10-15T17:00:00+00:00\",\"mainEntityOfPage\":{\"@id\":\"https:\\\/\\\/folhapopular.info\\\/index.php\\\/2025\\\/10\\\/15\\\/jovem-de-teutonia-precisa-de-doacoes-de-sangue-para-voltar-a-rotina\\\/\"},\"wordCount\":563,\"commentCount\":0,\"image\":{\"@id\":\"https:\\\/\\\/folhapopular.info\\\/index.php\\\/2025\\\/10\\\/15\\\/jovem-de-teutonia-precisa-de-doacoes-de-sangue-para-voltar-a-rotina\\\/#primaryimage\"},\"thumbnailUrl\":\"https:\\\/\\\/folhapopular.info\\\/wp-content\\\/uploads\\\/2025\\\/10\\\/Bryan-com-a-familia-em-seu-aniversario-de-20-anos.jpeg\",\"keywords\":[\"Doa\u00e7\u00f5es de sangue\",\"Jovem\",\"Rotina\",\"Teut\u00f4nia\"],\"articleSection\":[\"Destaques\",\"Geral\"],\"inLanguage\":\"pt-BR\",\"potentialAction\":[{\"@type\":\"CommentAction\",\"name\":\"Comment\",\"target\":[\"https:\\\/\\\/folhapopular.info\\\/index.php\\\/2025\\\/10\\\/15\\\/jovem-de-teutonia-precisa-de-doacoes-de-sangue-para-voltar-a-rotina\\\/#respond\"]}]},{\"@type\":\"WebPage\",\"@id\":\"https:\\\/\\\/folhapopular.info\\\/index.php\\\/2025\\\/10\\\/15\\\/jovem-de-teutonia-precisa-de-doacoes-de-sangue-para-voltar-a-rotina\\\/\",\"url\":\"https:\\\/\\\/folhapopular.info\\\/index.php\\\/2025\\\/10\\\/15\\\/jovem-de-teutonia-precisa-de-doacoes-de-sangue-para-voltar-a-rotina\\\/\",\"name\":\"Jovem de Teut\u00f4nia precisa de doa\u00e7\u00f5es de sangue para voltar \u00e0 rotina - Folha Popular\",\"isPartOf\":{\"@id\":\"https:\\\/\\\/folhapopular.info\\\/#website\"},\"primaryImageOfPage\":{\"@id\":\"https:\\\/\\\/folhapopular.info\\\/index.php\\\/2025\\\/10\\\/15\\\/jovem-de-teutonia-precisa-de-doacoes-de-sangue-para-voltar-a-rotina\\\/#primaryimage\"},\"image\":{\"@id\":\"https:\\\/\\\/folhapopular.info\\\/index.php\\\/2025\\\/10\\\/15\\\/jovem-de-teutonia-precisa-de-doacoes-de-sangue-para-voltar-a-rotina\\\/#primaryimage\"},\"thumbnailUrl\":\"https:\\\/\\\/folhapopular.info\\\/wp-content\\\/uploads\\\/2025\\\/10\\\/Bryan-com-a-familia-em-seu-aniversario-de-20-anos.jpeg\",\"datePublished\":\"2025-10-15T17:00:00+00:00\",\"author\":{\"@id\":\"https:\\\/\\\/folhapopular.info\\\/#\\\/schema\\\/person\\\/41b3bb1ecf6e33e81cbab2c29b178754\"},\"breadcrumb\":{\"@id\":\"https:\\\/\\\/folhapopular.info\\\/index.php\\\/2025\\\/10\\\/15\\\/jovem-de-teutonia-precisa-de-doacoes-de-sangue-para-voltar-a-rotina\\\/#breadcrumb\"},\"inLanguage\":\"pt-BR\",\"potentialAction\":[{\"@type\":\"ReadAction\",\"target\":[\"https:\\\/\\\/folhapopular.info\\\/index.php\\\/2025\\\/10\\\/15\\\/jovem-de-teutonia-precisa-de-doacoes-de-sangue-para-voltar-a-rotina\\\/\"]}]},{\"@type\":\"ImageObject\",\"inLanguage\":\"pt-BR\",\"@id\":\"https:\\\/\\\/folhapopular.info\\\/index.php\\\/2025\\\/10\\\/15\\\/jovem-de-teutonia-precisa-de-doacoes-de-sangue-para-voltar-a-rotina\\\/#primaryimage\",\"url\":\"https:\\\/\\\/folhapopular.info\\\/wp-content\\\/uploads\\\/2025\\\/10\\\/Bryan-com-a-familia-em-seu-aniversario-de-20-anos.jpeg\",\"contentUrl\":\"https:\\\/\\\/folhapopular.info\\\/wp-content\\\/uploads\\\/2025\\\/10\\\/Bryan-com-a-familia-em-seu-aniversario-de-20-anos.jpeg\",\"width\":1200,\"height\":1600,\"caption\":\"Bryan (c) com a fam\u00edlia em seu anivers\u00e1rio de 20 anos - Cr\u00e9dito: Arquivo Pessoal\"},{\"@type\":\"BreadcrumbList\",\"@id\":\"https:\\\/\\\/folhapopular.info\\\/index.php\\\/2025\\\/10\\\/15\\\/jovem-de-teutonia-precisa-de-doacoes-de-sangue-para-voltar-a-rotina\\\/#breadcrumb\",\"itemListElement\":[{\"@type\":\"ListItem\",\"position\":1,\"name\":\"In\u00edcio\",\"item\":\"https:\\\/\\\/folhapopular.info\\\/\"},{\"@type\":\"ListItem\",\"position\":2,\"name\":\"Jovem de Teut\u00f4nia precisa de doa\u00e7\u00f5es de sangue para voltar \u00e0 rotina\"}]},{\"@type\":\"WebSite\",\"@id\":\"https:\\\/\\\/folhapopular.info\\\/#website\",\"url\":\"https:\\\/\\\/folhapopular.info\\\/\",\"name\":\"Folha Popular\",\"description\":\"Onde voc\u00ea tem vez e voz\",\"potentialAction\":[{\"@type\":\"SearchAction\",\"target\":{\"@type\":\"EntryPoint\",\"urlTemplate\":\"https:\\\/\\\/folhapopular.info\\\/?s={search_term_string}\"},\"query-input\":{\"@type\":\"PropertyValueSpecification\",\"valueRequired\":true,\"valueName\":\"search_term_string\"}}],\"inLanguage\":\"pt-BR\"},{\"@type\":\"Person\",\"@id\":\"https:\\\/\\\/folhapopular.info\\\/#\\\/schema\\\/person\\\/41b3bb1ecf6e33e81cbab2c29b178754\",\"name\":\"Gabriely Hartmann Mallmann\",\"image\":{\"@type\":\"ImageObject\",\"inLanguage\":\"pt-BR\",\"@id\":\"https:\\\/\\\/secure.gravatar.com\\\/avatar\\\/92999d30b0cc9bf49e6aa3c07c592bb06855a37dcfbdc7bbe6567a4637e999ce?s=96&d=mm&r=g\",\"url\":\"https:\\\/\\\/secure.gravatar.com\\\/avatar\\\/92999d30b0cc9bf49e6aa3c07c592bb06855a37dcfbdc7bbe6567a4637e999ce?s=96&d=mm&r=g\",\"contentUrl\":\"https:\\\/\\\/secure.gravatar.com\\\/avatar\\\/92999d30b0cc9bf49e6aa3c07c592bb06855a37dcfbdc7bbe6567a4637e999ce?s=96&d=mm&r=g\",\"caption\":\"Gabriely Hartmann Mallmann\"},\"url\":\"https:\\\/\\\/folhapopular.info\\\/index.php\\\/author\\\/gabriely-hartmann-mallmann\\\/\"}]}<\/script>\n<!-- \/ Yoast SEO plugin. -->","yoast_head_json":{"title":"Jovem de Teut\u00f4nia precisa de doa\u00e7\u00f5es de sangue para voltar \u00e0 rotina - Folha Popular","robots":{"index":"index","follow":"follow","max-snippet":"max-snippet:-1","max-image-preview":"max-image-preview:large","max-video-preview":"max-video-preview:-1"},"canonical":"https:\/\/folhapopular.info\/index.php\/2025\/10\/15\/jovem-de-teutonia-precisa-de-doacoes-de-sangue-para-voltar-a-rotina\/","og_locale":"pt_BR","og_type":"article","og_title":"Jovem de Teut\u00f4nia precisa de doa\u00e7\u00f5es de sangue para voltar \u00e0 rotina - Folha Popular","og_description":"Bryan Alexander da Silva Berghahn (20), morador de Teut\u00f4nia, sofre de uma condi\u00e7\u00e3o chamada de Imunodefici\u00eancia Prim\u00e1ria (Candid\u00edase Mucocut\u00e2nea Cr\u00f4nica), causada por uma disfun\u00e7\u00e3o gen\u00e9tica no gene STAT1. A doen\u00e7a ainda faz com que o jovem tenha complica\u00e7\u00f5es associadas, como hipotireoidismo, hepatopatia cr\u00f4nica e infec\u00e7\u00f5es bacterianas sinusal-pulmonares. Mesmo com tratamento cont\u00ednuo, o dia a dia [&hellip;]","og_url":"https:\/\/folhapopular.info\/index.php\/2025\/10\/15\/jovem-de-teutonia-precisa-de-doacoes-de-sangue-para-voltar-a-rotina\/","og_site_name":"Folha Popular","article_published_time":"2025-10-15T17:00:00+00:00","og_image":[{"width":1200,"height":1600,"url":"https:\/\/folhapopular.info\/wp-content\/uploads\/2025\/10\/Bryan-com-a-familia-em-seu-aniversario-de-20-anos.jpeg","type":"image\/jpeg"}],"author":"Gabriely Hartmann Mallmann","twitter_card":"summary_large_image","twitter_misc":{"Escrito por":"Gabriely Hartmann Mallmann","Est. tempo de leitura":"3 minutos"},"schema":{"@context":"https:\/\/schema.org","@graph":[{"@type":"Article","@id":"https:\/\/folhapopular.info\/index.php\/2025\/10\/15\/jovem-de-teutonia-precisa-de-doacoes-de-sangue-para-voltar-a-rotina\/#article","isPartOf":{"@id":"https:\/\/folhapopular.info\/index.php\/2025\/10\/15\/jovem-de-teutonia-precisa-de-doacoes-de-sangue-para-voltar-a-rotina\/"},"author":{"name":"Gabriely Hartmann Mallmann","@id":"https:\/\/folhapopular.info\/#\/schema\/person\/41b3bb1ecf6e33e81cbab2c29b178754"},"headline":"Jovem de Teut\u00f4nia precisa de doa\u00e7\u00f5es de sangue para voltar \u00e0 rotina","datePublished":"2025-10-15T17:00:00+00:00","mainEntityOfPage":{"@id":"https:\/\/folhapopular.info\/index.php\/2025\/10\/15\/jovem-de-teutonia-precisa-de-doacoes-de-sangue-para-voltar-a-rotina\/"},"wordCount":563,"commentCount":0,"image":{"@id":"https:\/\/folhapopular.info\/index.php\/2025\/10\/15\/jovem-de-teutonia-precisa-de-doacoes-de-sangue-para-voltar-a-rotina\/#primaryimage"},"thumbnailUrl":"https:\/\/folhapopular.info\/wp-content\/uploads\/2025\/10\/Bryan-com-a-familia-em-seu-aniversario-de-20-anos.jpeg","keywords":["Doa\u00e7\u00f5es de sangue","Jovem","Rotina","Teut\u00f4nia"],"articleSection":["Destaques","Geral"],"inLanguage":"pt-BR","potentialAction":[{"@type":"CommentAction","name":"Comment","target":["https:\/\/folhapopular.info\/index.php\/2025\/10\/15\/jovem-de-teutonia-precisa-de-doacoes-de-sangue-para-voltar-a-rotina\/#respond"]}]},{"@type":"WebPage","@id":"https:\/\/folhapopular.info\/index.php\/2025\/10\/15\/jovem-de-teutonia-precisa-de-doacoes-de-sangue-para-voltar-a-rotina\/","url":"https:\/\/folhapopular.info\/index.php\/2025\/10\/15\/jovem-de-teutonia-precisa-de-doacoes-de-sangue-para-voltar-a-rotina\/","name":"Jovem de Teut\u00f4nia precisa de doa\u00e7\u00f5es de sangue para voltar \u00e0 rotina - Folha Popular","isPartOf":{"@id":"https:\/\/folhapopular.info\/#website"},"primaryImageOfPage":{"@id":"https:\/\/folhapopular.info\/index.php\/2025\/10\/15\/jovem-de-teutonia-precisa-de-doacoes-de-sangue-para-voltar-a-rotina\/#primaryimage"},"image":{"@id":"https:\/\/folhapopular.info\/index.php\/2025\/10\/15\/jovem-de-teutonia-precisa-de-doacoes-de-sangue-para-voltar-a-rotina\/#primaryimage"},"thumbnailUrl":"https:\/\/folhapopular.info\/wp-content\/uploads\/2025\/10\/Bryan-com-a-familia-em-seu-aniversario-de-20-anos.jpeg","datePublished":"2025-10-15T17:00:00+00:00","author":{"@id":"https:\/\/folhapopular.info\/#\/schema\/person\/41b3bb1ecf6e33e81cbab2c29b178754"},"breadcrumb":{"@id":"https:\/\/folhapopular.info\/index.php\/2025\/10\/15\/jovem-de-teutonia-precisa-de-doacoes-de-sangue-para-voltar-a-rotina\/#breadcrumb"},"inLanguage":"pt-BR","potentialAction":[{"@type":"ReadAction","target":["https:\/\/folhapopular.info\/index.php\/2025\/10\/15\/jovem-de-teutonia-precisa-de-doacoes-de-sangue-para-voltar-a-rotina\/"]}]},{"@type":"ImageObject","inLanguage":"pt-BR","@id":"https:\/\/folhapopular.info\/index.php\/2025\/10\/15\/jovem-de-teutonia-precisa-de-doacoes-de-sangue-para-voltar-a-rotina\/#primaryimage","url":"https:\/\/folhapopular.info\/wp-content\/uploads\/2025\/10\/Bryan-com-a-familia-em-seu-aniversario-de-20-anos.jpeg","contentUrl":"https:\/\/folhapopular.info\/wp-content\/uploads\/2025\/10\/Bryan-com-a-familia-em-seu-aniversario-de-20-anos.jpeg","width":1200,"height":1600,"caption":"Bryan (c) com a fam\u00edlia em seu anivers\u00e1rio de 20 anos - Cr\u00e9dito: Arquivo Pessoal"},{"@type":"BreadcrumbList","@id":"https:\/\/folhapopular.info\/index.php\/2025\/10\/15\/jovem-de-teutonia-precisa-de-doacoes-de-sangue-para-voltar-a-rotina\/#breadcrumb","itemListElement":[{"@type":"ListItem","position":1,"name":"In\u00edcio","item":"https:\/\/folhapopular.info\/"},{"@type":"ListItem","position":2,"name":"Jovem de Teut\u00f4nia precisa de doa\u00e7\u00f5es de sangue para voltar \u00e0 rotina"}]},{"@type":"WebSite","@id":"https:\/\/folhapopular.info\/#website","url":"https:\/\/folhapopular.info\/","name":"Folha Popular","description":"Onde voc\u00ea tem vez e voz","potentialAction":[{"@type":"SearchAction","target":{"@type":"EntryPoint","urlTemplate":"https:\/\/folhapopular.info\/?s={search_term_string}"},"query-input":{"@type":"PropertyValueSpecification","valueRequired":true,"valueName":"search_term_string"}}],"inLanguage":"pt-BR"},{"@type":"Person","@id":"https:\/\/folhapopular.info\/#\/schema\/person\/41b3bb1ecf6e33e81cbab2c29b178754","name":"Gabriely Hartmann Mallmann","image":{"@type":"ImageObject","inLanguage":"pt-BR","@id":"https:\/\/secure.gravatar.com\/avatar\/92999d30b0cc9bf49e6aa3c07c592bb06855a37dcfbdc7bbe6567a4637e999ce?s=96&d=mm&r=g","url":"https:\/\/secure.gravatar.com\/avatar\/92999d30b0cc9bf49e6aa3c07c592bb06855a37dcfbdc7bbe6567a4637e999ce?s=96&d=mm&r=g","contentUrl":"https:\/\/secure.gravatar.com\/avatar\/92999d30b0cc9bf49e6aa3c07c592bb06855a37dcfbdc7bbe6567a4637e999ce?s=96&d=mm&r=g","caption":"Gabriely Hartmann Mallmann"},"url":"https:\/\/folhapopular.info\/index.php\/author\/gabriely-hartmann-mallmann\/"}]}},"jetpack_featured_media_url":"https:\/\/folhapopular.info\/wp-content\/uploads\/2025\/10\/Bryan-com-a-familia-em-seu-aniversario-de-20-anos.jpeg","jetpack_sharing_enabled":true,"amp_enabled":true,"_links":{"self":[{"href":"https:\/\/folhapopular.info\/index.php\/wp-json\/wp\/v2\/posts\/196234","targetHints":{"allow":["GET"]}}],"collection":[{"href":"https:\/\/folhapopular.info\/index.php\/wp-json\/wp\/v2\/posts"}],"about":[{"href":"https:\/\/folhapopular.info\/index.php\/wp-json\/wp\/v2\/types\/post"}],"author":[{"embeddable":true,"href":"https:\/\/folhapopular.info\/index.php\/wp-json\/wp\/v2\/users\/773"}],"replies":[{"embeddable":true,"href":"https:\/\/folhapopular.info\/index.php\/wp-json\/wp\/v2\/comments?post=196234"}],"version-history":[{"count":0,"href":"https:\/\/folhapopular.info\/index.php\/wp-json\/wp\/v2\/posts\/196234\/revisions"}],"wp:featuredmedia":[{"embeddable":true,"href":"https:\/\/folhapopular.info\/index.php\/wp-json\/wp\/v2\/media\/196235"}],"wp:attachment":[{"href":"https:\/\/folhapopular.info\/index.php\/wp-json\/wp\/v2\/media?parent=196234"}],"wp:term":[{"taxonomy":"category","embeddable":true,"href":"https:\/\/folhapopular.info\/index.php\/wp-json\/wp\/v2\/categories?post=196234"},{"taxonomy":"post_tag","embeddable":true,"href":"https:\/\/folhapopular.info\/index.php\/wp-json\/wp\/v2\/tags?post=196234"}],"curies":[{"name":"wp","href":"https:\/\/api.w.org\/{rel}","templated":true}]}}