{"id":196293,"date":"2025-10-16T09:25:29","date_gmt":"2025-10-16T12:25:29","guid":{"rendered":"https:\/\/folhapopular.info\/?p=196293"},"modified":"2025-10-16T09:25:32","modified_gmt":"2025-10-16T12:25:32","slug":"parceria-publico-privada-renova-espacos-historicos-em-teutonia","status":"publish","type":"post","link":"https:\/\/folhapopular.info\/index.php\/2025\/10\/16\/parceria-publico-privada-renova-espacos-historicos-em-teutonia\/","title":{"rendered":"Parceria p\u00fablico-privada renova espa\u00e7os hist\u00f3ricos em Teut\u00f4nia"},"content":{"rendered":"<p>A revitaliza\u00e7\u00e3o de pra\u00e7as vai muito al\u00e9m do cimento e do paisagismo. \u00c9 um movimento que transforma espa\u00e7os p\u00fablicos antes defasados em pontos vibrantes de conv\u00edvio, resgatando a hist\u00f3ria local e, acima de tudo, promovendo o bem-estar da comunidade. Em Teut\u00f4nia, as obras em andamento na pra\u00e7a do Bairro Teut\u00f4nia e as planejadas para a&#8230; <\/p>\n<div class=\"pmpro\">\n<div class=\"pmpro_card pmpro_content_message\">\n<div class=\"pmpro_card_content\">Este conte\u00fado \u00e9 apenas para associados Grupo Popular &#8211; Conte\u00fado Total Anual e Grupo Popular &#8211; Conte\u00fado Total Mensal. <br \/><a href=\"https:\/\/folhapopular.info\/wp-login.php?action=register\">Cadastre-se<\/a><\/div>\n<div class=\"pmpro_card_actions pmpro_font-medium\">J\u00e1 se associou? <a href=\"https:\/\/folhapopular.info\/wp-login.php?redirect_to=https%3A%2F%2Ffolhapopular.info%2Findex.php%2F2025%2F10%2F16%2Fparceria-publico-privada-renova-espacos-historicos-em-teutonia%2F\">Acesse aqui<\/a><\/div>\n<\/div>\n<\/div>\n","protected":false},"excerpt":{"rendered":"<p>A revitaliza\u00e7\u00e3o de pra\u00e7as vai muito al\u00e9m do cimento e do paisagismo. \u00c9 um movimento que transforma espa\u00e7os p\u00fablicos antes defasados em pontos vibrantes de conv\u00edvio, resgatando a hist\u00f3ria local e, acima de tudo, promovendo o bem-estar da comunidade. Em Teut\u00f4nia, as obras em andamento na pra\u00e7a do Bairro Teut\u00f4nia e as planejadas para a... <\/p>\n<div class=\"pmpro\"><div class=\"pmpro_card pmpro_content_message\"><div class=\"pmpro_card_content\">Este conte\u00fado \u00e9 apenas para associados Grupo Popular - Conte\u00fado Total Anual e Grupo Popular - Conte\u00fado Total Mensal. <br \/><a href=\"https:\/\/folhapopular.info\/wp-login.php?action=register\">Cadastre-se<\/a><\/div><div class=\"pmpro_card_actions pmpro_font-medium\">J\u00e1 se associou? <a href=\"https:\/\/folhapopular.info\/wp-login.php?redirect_to=https%3A%2F%2Ffolhapopular.info%2Findex.php%2F2025%2F10%2F16%2Fparceria-publico-privada-renova-espacos-historicos-em-teutonia%2F\">Acesse aqui<\/a><\/div><\/div><\/div>","protected":false},"author":772,"featured_media":196294,"comment_status":"open","ping_status":"open","sticky":false,"template":"","format":"standard","meta":{"pmpro_default_level":"","_jetpack_memberships_contains_paid_content":false,"footnotes":""},"categories":[11078,2,3,11091],"tags":[14872,19723,7064,5557,26],"class_list":{"0":"post-196293","1":"post","2":"type-post","3":"status-publish","4":"format-standard","5":"has-post-thumbnail","7":"category-assinantes","8":"category-featured","9":"category-geral","10":"category-servicos","11":"tag-praca-augusto-michel","12":"tag-praca-do-bairro-teutonia","13":"tag-pracas","14":"tag-reforma","15":"tag-teutonia","16":"pmpro-level-required","17":"pmpro-level-2","18":"pmpro-level-4","19":"pmpro-level-5","20":"pmpro-no-access"},"yoast_head":"<!-- This site is optimized with the Yoast SEO plugin v27.4 - https:\/\/yoast.com\/product\/yoast-seo-wordpress\/ -->\n<title>Parceria p\u00fablico-privada renova espa\u00e7os hist\u00f3ricos em Teut\u00f4nia - Folha Popular<\/title>\n<meta name=\"robots\" content=\"index, follow, max-snippet:-1, max-image-preview:large, max-video-preview:-1\" \/>\n<link rel=\"canonical\" href=\"https:\/\/folhapopular.info\/index.php\/2025\/10\/16\/parceria-publico-privada-renova-espacos-historicos-em-teutonia\/\" \/>\n<meta property=\"og:locale\" content=\"pt_BR\" \/>\n<meta property=\"og:type\" content=\"article\" \/>\n<meta property=\"og:title\" content=\"Parceria p\u00fablico-privada renova espa\u00e7os hist\u00f3ricos em Teut\u00f4nia - Folha Popular\" \/>\n<meta property=\"og:description\" content=\"A revitaliza\u00e7\u00e3o de pra\u00e7as vai muito al\u00e9m do cimento e do paisagismo. \u00c9 um movimento que transforma espa\u00e7os p\u00fablicos antes defasados em pontos vibrantes de conv\u00edvio, resgatando a hist\u00f3ria local e, acima de tudo, promovendo o bem-estar da comunidade. Em Teut\u00f4nia, as obras em andamento na pra\u00e7a do Bairro Teut\u00f4nia e as planejadas para a [&hellip;]\" \/>\n<meta property=\"og:url\" content=\"https:\/\/folhapopular.info\/index.php\/2025\/10\/16\/parceria-publico-privada-renova-espacos-historicos-em-teutonia\/\" \/>\n<meta property=\"og:site_name\" content=\"Folha Popular\" \/>\n<meta property=\"article:published_time\" content=\"2025-10-16T12:25:29+00:00\" \/>\n<meta property=\"article:modified_time\" content=\"2025-10-16T12:25:32+00:00\" \/>\n<meta property=\"og:image\" content=\"http:\/\/folhapopular.info\/wp-content\/uploads\/2025\/10\/Praca-Teutonia-marco.jpeg\" \/>\n\t<meta property=\"og:image:width\" content=\"1600\" \/>\n\t<meta property=\"og:image:height\" content=\"1200\" \/>\n\t<meta property=\"og:image:type\" content=\"image\/jpeg\" \/>\n<meta name=\"author\" content=\"Anderson Lopes\" \/>\n<meta name=\"twitter:card\" content=\"summary_large_image\" \/>\n<meta name=\"twitter:label1\" content=\"Escrito por\" \/>\n\t<meta name=\"twitter:data1\" content=\"Anderson Lopes\" \/>\n\t<meta name=\"twitter:label2\" content=\"Est. tempo de leitura\" \/>\n\t<meta name=\"twitter:data2\" content=\"5 minutos\" \/>\n<script type=\"application\/ld+json\" class=\"yoast-schema-graph\">{\"@context\":\"https:\\\/\\\/schema.org\",\"@graph\":[{\"@type\":\"Article\",\"@id\":\"https:\\\/\\\/folhapopular.info\\\/index.php\\\/2025\\\/10\\\/16\\\/parceria-publico-privada-renova-espacos-historicos-em-teutonia\\\/#article\",\"isPartOf\":{\"@id\":\"https:\\\/\\\/folhapopular.info\\\/index.php\\\/2025\\\/10\\\/16\\\/parceria-publico-privada-renova-espacos-historicos-em-teutonia\\\/\"},\"author\":{\"name\":\"Anderson Lopes\",\"@id\":\"https:\\\/\\\/folhapopular.info\\\/#\\\/schema\\\/person\\\/50fd7636116370b67381921e65092a49\"},\"headline\":\"Parceria p\u00fablico-privada renova espa\u00e7os hist\u00f3ricos em Teut\u00f4nia\",\"datePublished\":\"2025-10-16T12:25:29+00:00\",\"dateModified\":\"2025-10-16T12:25:32+00:00\",\"mainEntityOfPage\":{\"@id\":\"https:\\\/\\\/folhapopular.info\\\/index.php\\\/2025\\\/10\\\/16\\\/parceria-publico-privada-renova-espacos-historicos-em-teutonia\\\/\"},\"wordCount\":787,\"commentCount\":0,\"image\":{\"@id\":\"https:\\\/\\\/folhapopular.info\\\/index.php\\\/2025\\\/10\\\/16\\\/parceria-publico-privada-renova-espacos-historicos-em-teutonia\\\/#primaryimage\"},\"thumbnailUrl\":\"https:\\\/\\\/folhapopular.info\\\/wp-content\\\/uploads\\\/2025\\\/10\\\/Praca-Teutonia-marco.jpeg\",\"keywords\":[\"Pra\u00e7a Augusto Michel\",\"Pra\u00e7a do Bairro Teut\u00f4nia\",\"Pra\u00e7as\",\"reforma\",\"Teut\u00f4nia\"],\"articleSection\":[\"Assinantes\",\"Destaques\",\"Geral\",\"Servi\u00e7os\"],\"inLanguage\":\"pt-BR\",\"potentialAction\":[{\"@type\":\"CommentAction\",\"name\":\"Comment\",\"target\":[\"https:\\\/\\\/folhapopular.info\\\/index.php\\\/2025\\\/10\\\/16\\\/parceria-publico-privada-renova-espacos-historicos-em-teutonia\\\/#respond\"]}]},{\"@type\":\"WebPage\",\"@id\":\"https:\\\/\\\/folhapopular.info\\\/index.php\\\/2025\\\/10\\\/16\\\/parceria-publico-privada-renova-espacos-historicos-em-teutonia\\\/\",\"url\":\"https:\\\/\\\/folhapopular.info\\\/index.php\\\/2025\\\/10\\\/16\\\/parceria-publico-privada-renova-espacos-historicos-em-teutonia\\\/\",\"name\":\"Parceria p\u00fablico-privada renova espa\u00e7os hist\u00f3ricos em Teut\u00f4nia - Folha Popular\",\"isPartOf\":{\"@id\":\"https:\\\/\\\/folhapopular.info\\\/#website\"},\"primaryImageOfPage\":{\"@id\":\"https:\\\/\\\/folhapopular.info\\\/index.php\\\/2025\\\/10\\\/16\\\/parceria-publico-privada-renova-espacos-historicos-em-teutonia\\\/#primaryimage\"},\"image\":{\"@id\":\"https:\\\/\\\/folhapopular.info\\\/index.php\\\/2025\\\/10\\\/16\\\/parceria-publico-privada-renova-espacos-historicos-em-teutonia\\\/#primaryimage\"},\"thumbnailUrl\":\"https:\\\/\\\/folhapopular.info\\\/wp-content\\\/uploads\\\/2025\\\/10\\\/Praca-Teutonia-marco.jpeg\",\"datePublished\":\"2025-10-16T12:25:29+00:00\",\"dateModified\":\"2025-10-16T12:25:32+00:00\",\"author\":{\"@id\":\"https:\\\/\\\/folhapopular.info\\\/#\\\/schema\\\/person\\\/50fd7636116370b67381921e65092a49\"},\"breadcrumb\":{\"@id\":\"https:\\\/\\\/folhapopular.info\\\/index.php\\\/2025\\\/10\\\/16\\\/parceria-publico-privada-renova-espacos-historicos-em-teutonia\\\/#breadcrumb\"},\"inLanguage\":\"pt-BR\",\"potentialAction\":[{\"@type\":\"ReadAction\",\"target\":[\"https:\\\/\\\/folhapopular.info\\\/index.php\\\/2025\\\/10\\\/16\\\/parceria-publico-privada-renova-espacos-historicos-em-teutonia\\\/\"]}]},{\"@type\":\"ImageObject\",\"inLanguage\":\"pt-BR\",\"@id\":\"https:\\\/\\\/folhapopular.info\\\/index.php\\\/2025\\\/10\\\/16\\\/parceria-publico-privada-renova-espacos-historicos-em-teutonia\\\/#primaryimage\",\"url\":\"https:\\\/\\\/folhapopular.info\\\/wp-content\\\/uploads\\\/2025\\\/10\\\/Praca-Teutonia-marco.jpeg\",\"contentUrl\":\"https:\\\/\\\/folhapopular.info\\\/wp-content\\\/uploads\\\/2025\\\/10\\\/Praca-Teutonia-marco.jpeg\",\"width\":1600,\"height\":1200,\"caption\":\"Revitaliza\u00e7\u00e3o contrasta com o antigo, representado pelos pilares que remetem \u00e0 chegada dos imigrantes em 1858 \\\/ Cr\u00e9dito: Anderson Lopes\"},{\"@type\":\"BreadcrumbList\",\"@id\":\"https:\\\/\\\/folhapopular.info\\\/index.php\\\/2025\\\/10\\\/16\\\/parceria-publico-privada-renova-espacos-historicos-em-teutonia\\\/#breadcrumb\",\"itemListElement\":[{\"@type\":\"ListItem\",\"position\":1,\"name\":\"In\u00edcio\",\"item\":\"https:\\\/\\\/folhapopular.info\\\/\"},{\"@type\":\"ListItem\",\"position\":2,\"name\":\"Parceria p\u00fablico-privada renova espa\u00e7os hist\u00f3ricos em Teut\u00f4nia\"}]},{\"@type\":\"WebSite\",\"@id\":\"https:\\\/\\\/folhapopular.info\\\/#website\",\"url\":\"https:\\\/\\\/folhapopular.info\\\/\",\"name\":\"Folha Popular\",\"description\":\"Onde voc\u00ea tem vez e voz\",\"potentialAction\":[{\"@type\":\"SearchAction\",\"target\":{\"@type\":\"EntryPoint\",\"urlTemplate\":\"https:\\\/\\\/folhapopular.info\\\/?s={search_term_string}\"},\"query-input\":{\"@type\":\"PropertyValueSpecification\",\"valueRequired\":true,\"valueName\":\"search_term_string\"}}],\"inLanguage\":\"pt-BR\"},{\"@type\":\"Person\",\"@id\":\"https:\\\/\\\/folhapopular.info\\\/#\\\/schema\\\/person\\\/50fd7636116370b67381921e65092a49\",\"name\":\"Anderson Lopes\",\"image\":{\"@type\":\"ImageObject\",\"inLanguage\":\"pt-BR\",\"@id\":\"https:\\\/\\\/secure.gravatar.com\\\/avatar\\\/030f2f2574ef743bc9016552464e94d04c7e61de505d7089178f340fc50ed8c6?s=96&d=mm&r=g\",\"url\":\"https:\\\/\\\/secure.gravatar.com\\\/avatar\\\/030f2f2574ef743bc9016552464e94d04c7e61de505d7089178f340fc50ed8c6?s=96&d=mm&r=g\",\"contentUrl\":\"https:\\\/\\\/secure.gravatar.com\\\/avatar\\\/030f2f2574ef743bc9016552464e94d04c7e61de505d7089178f340fc50ed8c6?s=96&d=mm&r=g\",\"caption\":\"Anderson Lopes\"},\"url\":\"https:\\\/\\\/folhapopular.info\\\/index.php\\\/author\\\/anderson-lopes\\\/\"}]}<\/script>\n<!-- \/ Yoast SEO plugin. -->","yoast_head_json":{"title":"Parceria p\u00fablico-privada renova espa\u00e7os hist\u00f3ricos em Teut\u00f4nia - Folha Popular","robots":{"index":"index","follow":"follow","max-snippet":"max-snippet:-1","max-image-preview":"max-image-preview:large","max-video-preview":"max-video-preview:-1"},"canonical":"https:\/\/folhapopular.info\/index.php\/2025\/10\/16\/parceria-publico-privada-renova-espacos-historicos-em-teutonia\/","og_locale":"pt_BR","og_type":"article","og_title":"Parceria p\u00fablico-privada renova espa\u00e7os hist\u00f3ricos em Teut\u00f4nia - Folha Popular","og_description":"A revitaliza\u00e7\u00e3o de pra\u00e7as vai muito al\u00e9m do cimento e do paisagismo. \u00c9 um movimento que transforma espa\u00e7os p\u00fablicos antes defasados em pontos vibrantes de conv\u00edvio, resgatando a hist\u00f3ria local e, acima de tudo, promovendo o bem-estar da comunidade. Em Teut\u00f4nia, as obras em andamento na pra\u00e7a do Bairro Teut\u00f4nia e as planejadas para a [&hellip;]","og_url":"https:\/\/folhapopular.info\/index.php\/2025\/10\/16\/parceria-publico-privada-renova-espacos-historicos-em-teutonia\/","og_site_name":"Folha Popular","article_published_time":"2025-10-16T12:25:29+00:00","article_modified_time":"2025-10-16T12:25:32+00:00","og_image":[{"width":1600,"height":1200,"url":"http:\/\/folhapopular.info\/wp-content\/uploads\/2025\/10\/Praca-Teutonia-marco.jpeg","type":"image\/jpeg"}],"author":"Anderson Lopes","twitter_card":"summary_large_image","twitter_misc":{"Escrito por":"Anderson Lopes","Est. tempo de leitura":"5 minutos"},"schema":{"@context":"https:\/\/schema.org","@graph":[{"@type":"Article","@id":"https:\/\/folhapopular.info\/index.php\/2025\/10\/16\/parceria-publico-privada-renova-espacos-historicos-em-teutonia\/#article","isPartOf":{"@id":"https:\/\/folhapopular.info\/index.php\/2025\/10\/16\/parceria-publico-privada-renova-espacos-historicos-em-teutonia\/"},"author":{"name":"Anderson Lopes","@id":"https:\/\/folhapopular.info\/#\/schema\/person\/50fd7636116370b67381921e65092a49"},"headline":"Parceria p\u00fablico-privada renova espa\u00e7os hist\u00f3ricos em Teut\u00f4nia","datePublished":"2025-10-16T12:25:29+00:00","dateModified":"2025-10-16T12:25:32+00:00","mainEntityOfPage":{"@id":"https:\/\/folhapopular.info\/index.php\/2025\/10\/16\/parceria-publico-privada-renova-espacos-historicos-em-teutonia\/"},"wordCount":787,"commentCount":0,"image":{"@id":"https:\/\/folhapopular.info\/index.php\/2025\/10\/16\/parceria-publico-privada-renova-espacos-historicos-em-teutonia\/#primaryimage"},"thumbnailUrl":"https:\/\/folhapopular.info\/wp-content\/uploads\/2025\/10\/Praca-Teutonia-marco.jpeg","keywords":["Pra\u00e7a Augusto Michel","Pra\u00e7a do Bairro Teut\u00f4nia","Pra\u00e7as","reforma","Teut\u00f4nia"],"articleSection":["Assinantes","Destaques","Geral","Servi\u00e7os"],"inLanguage":"pt-BR","potentialAction":[{"@type":"CommentAction","name":"Comment","target":["https:\/\/folhapopular.info\/index.php\/2025\/10\/16\/parceria-publico-privada-renova-espacos-historicos-em-teutonia\/#respond"]}]},{"@type":"WebPage","@id":"https:\/\/folhapopular.info\/index.php\/2025\/10\/16\/parceria-publico-privada-renova-espacos-historicos-em-teutonia\/","url":"https:\/\/folhapopular.info\/index.php\/2025\/10\/16\/parceria-publico-privada-renova-espacos-historicos-em-teutonia\/","name":"Parceria p\u00fablico-privada renova espa\u00e7os hist\u00f3ricos em Teut\u00f4nia - Folha Popular","isPartOf":{"@id":"https:\/\/folhapopular.info\/#website"},"primaryImageOfPage":{"@id":"https:\/\/folhapopular.info\/index.php\/2025\/10\/16\/parceria-publico-privada-renova-espacos-historicos-em-teutonia\/#primaryimage"},"image":{"@id":"https:\/\/folhapopular.info\/index.php\/2025\/10\/16\/parceria-publico-privada-renova-espacos-historicos-em-teutonia\/#primaryimage"},"thumbnailUrl":"https:\/\/folhapopular.info\/wp-content\/uploads\/2025\/10\/Praca-Teutonia-marco.jpeg","datePublished":"2025-10-16T12:25:29+00:00","dateModified":"2025-10-16T12:25:32+00:00","author":{"@id":"https:\/\/folhapopular.info\/#\/schema\/person\/50fd7636116370b67381921e65092a49"},"breadcrumb":{"@id":"https:\/\/folhapopular.info\/index.php\/2025\/10\/16\/parceria-publico-privada-renova-espacos-historicos-em-teutonia\/#breadcrumb"},"inLanguage":"pt-BR","potentialAction":[{"@type":"ReadAction","target":["https:\/\/folhapopular.info\/index.php\/2025\/10\/16\/parceria-publico-privada-renova-espacos-historicos-em-teutonia\/"]}]},{"@type":"ImageObject","inLanguage":"pt-BR","@id":"https:\/\/folhapopular.info\/index.php\/2025\/10\/16\/parceria-publico-privada-renova-espacos-historicos-em-teutonia\/#primaryimage","url":"https:\/\/folhapopular.info\/wp-content\/uploads\/2025\/10\/Praca-Teutonia-marco.jpeg","contentUrl":"https:\/\/folhapopular.info\/wp-content\/uploads\/2025\/10\/Praca-Teutonia-marco.jpeg","width":1600,"height":1200,"caption":"Revitaliza\u00e7\u00e3o contrasta com o antigo, representado pelos pilares que remetem \u00e0 chegada dos imigrantes em 1858 \/ Cr\u00e9dito: Anderson Lopes"},{"@type":"BreadcrumbList","@id":"https:\/\/folhapopular.info\/index.php\/2025\/10\/16\/parceria-publico-privada-renova-espacos-historicos-em-teutonia\/#breadcrumb","itemListElement":[{"@type":"ListItem","position":1,"name":"In\u00edcio","item":"https:\/\/folhapopular.info\/"},{"@type":"ListItem","position":2,"name":"Parceria p\u00fablico-privada renova espa\u00e7os hist\u00f3ricos em Teut\u00f4nia"}]},{"@type":"WebSite","@id":"https:\/\/folhapopular.info\/#website","url":"https:\/\/folhapopular.info\/","name":"Folha Popular","description":"Onde voc\u00ea tem vez e voz","potentialAction":[{"@type":"SearchAction","target":{"@type":"EntryPoint","urlTemplate":"https:\/\/folhapopular.info\/?s={search_term_string}"},"query-input":{"@type":"PropertyValueSpecification","valueRequired":true,"valueName":"search_term_string"}}],"inLanguage":"pt-BR"},{"@type":"Person","@id":"https:\/\/folhapopular.info\/#\/schema\/person\/50fd7636116370b67381921e65092a49","name":"Anderson Lopes","image":{"@type":"ImageObject","inLanguage":"pt-BR","@id":"https:\/\/secure.gravatar.com\/avatar\/030f2f2574ef743bc9016552464e94d04c7e61de505d7089178f340fc50ed8c6?s=96&d=mm&r=g","url":"https:\/\/secure.gravatar.com\/avatar\/030f2f2574ef743bc9016552464e94d04c7e61de505d7089178f340fc50ed8c6?s=96&d=mm&r=g","contentUrl":"https:\/\/secure.gravatar.com\/avatar\/030f2f2574ef743bc9016552464e94d04c7e61de505d7089178f340fc50ed8c6?s=96&d=mm&r=g","caption":"Anderson Lopes"},"url":"https:\/\/folhapopular.info\/index.php\/author\/anderson-lopes\/"}]}},"jetpack_featured_media_url":"https:\/\/folhapopular.info\/wp-content\/uploads\/2025\/10\/Praca-Teutonia-marco.jpeg","jetpack_sharing_enabled":true,"amp_enabled":true,"_links":{"self":[{"href":"https:\/\/folhapopular.info\/index.php\/wp-json\/wp\/v2\/posts\/196293","targetHints":{"allow":["GET"]}}],"collection":[{"href":"https:\/\/folhapopular.info\/index.php\/wp-json\/wp\/v2\/posts"}],"about":[{"href":"https:\/\/folhapopular.info\/index.php\/wp-json\/wp\/v2\/types\/post"}],"author":[{"embeddable":true,"href":"https:\/\/folhapopular.info\/index.php\/wp-json\/wp\/v2\/users\/772"}],"replies":[{"embeddable":true,"href":"https:\/\/folhapopular.info\/index.php\/wp-json\/wp\/v2\/comments?post=196293"}],"version-history":[{"count":0,"href":"https:\/\/folhapopular.info\/index.php\/wp-json\/wp\/v2\/posts\/196293\/revisions"}],"wp:featuredmedia":[{"embeddable":true,"href":"https:\/\/folhapopular.info\/index.php\/wp-json\/wp\/v2\/media\/196294"}],"wp:attachment":[{"href":"https:\/\/folhapopular.info\/index.php\/wp-json\/wp\/v2\/media?parent=196293"}],"wp:term":[{"taxonomy":"category","embeddable":true,"href":"https:\/\/folhapopular.info\/index.php\/wp-json\/wp\/v2\/categories?post=196293"},{"taxonomy":"post_tag","embeddable":true,"href":"https:\/\/folhapopular.info\/index.php\/wp-json\/wp\/v2\/tags?post=196293"}],"curies":[{"name":"wp","href":"https:\/\/api.w.org\/{rel}","templated":true}]}}