{"id":196341,"date":"2025-10-17T09:09:53","date_gmt":"2025-10-17T12:09:53","guid":{"rendered":"https:\/\/folhapopular.info\/?p=196341"},"modified":"2025-10-17T09:09:56","modified_gmt":"2025-10-17T12:09:56","slug":"venda-de-estandes-para-a-feira-multissetorial-da-festa-de-maio-2026-inicia-em-10-de-novembro","status":"publish","type":"post","link":"https:\/\/folhapopular.info\/index.php\/2025\/10\/17\/venda-de-estandes-para-a-feira-multissetorial-da-festa-de-maio-2026-inicia-em-10-de-novembro\/","title":{"rendered":"Venda de estandes para a Feira Multissetorial da Festa de Maio 2026 inicia em 10 de novembro"},"content":{"rendered":"\n<p>A comercializa\u00e7\u00e3o dos estandes para a Feira Multissetorial da Festa de Maio 2026 inicia no pr\u00f3ximo dia 10 de novembro. O tradicional evento, que celebra os 45 anos de emancipa\u00e7\u00e3o de Teut\u00f4nia, promete uma edi\u00e7\u00e3o especial e repleta de novidades, com programa\u00e7\u00e3o dividida em dois finais de semana: 14 a 17 e 22 a 24 de maio de 2026, no Centro Municipal de Eventos.<\/p>\n\n\n\n<p>Assim como nas edi\u00e7\u00f5es anteriores, a venda seguir\u00e1 um cronograma de prioridades. De 10 a 14 de novembro, a escolha dos espa\u00e7os ser\u00e1 exclusiva para patrocinadores Master, Ouro, Prata e Bronze. Em seguida, de 17 a 21 de novembro, o atendimento ser\u00e1 direcionado aos associados da CIC que haviam confirmado participa\u00e7\u00e3o na edi\u00e7\u00e3o de 2024. O per\u00edodo de 24 a 28 de novembro ser\u00e1 reservado aos associados que n\u00e3o participaram da edi\u00e7\u00e3o anterior, enquanto de 1\u00ba a 5 de dezembro, a comercializa\u00e7\u00e3o ser\u00e1 aberta \u00e0s empresas teutonienses n\u00e3o associadas. A partir de 8 de dezembro, os estandes estar\u00e3o dispon\u00edveis para o p\u00fablico geral.<\/p>\n\n\n\n<p>Al\u00e9m da mostra comercial e industrial, o p\u00fablico poder\u00e1 aproveitar shows nacionais e uma ampla programa\u00e7\u00e3o cultural e gastron\u00f4mica, que promete movimentar Teut\u00f4nia e atrair visitantes de toda a regi\u00e3o. \u201cMais do que uma feira de neg\u00f3cios, a Festa de Maio \u00e9 um ponto de encontro entre quem produz e quem consome. \u00c9 o momento de mostrar a for\u00e7a das empresas locais e regionais, gerar conex\u00f5es e impulsionar a economia em um ambiente vibrante e acolhedor\u201d, destaca Alexander Bl\u00f6mker, gerente financeiro e de eventos da CIC Teut\u00f4nia.<\/p>\n\n\n\n<p>Empresas interessadas em garantir presen\u00e7a na feira devem entrar em contato com a CIC Teut\u00f4nia para agendar o hor\u00e1rio de escolha do estande, conforme o cronograma de prioridades. O atendimento \u00e9 feito pelos WhatsApps (51) 99828-5340 e (51) 98142-3742.<\/p>\n","protected":false},"excerpt":{"rendered":"<p>A comercializa\u00e7\u00e3o dos estandes para a Feira Multissetorial da Festa de Maio 2026 inicia no pr\u00f3ximo dia 10 de novembro. O tradicional evento, que celebra os 45 anos de emancipa\u00e7\u00e3o de Teut\u00f4nia, promete uma edi\u00e7\u00e3o especial e repleta de novidades, com programa\u00e7\u00e3o dividida em dois finais de semana: 14 a 17 e 22 a 24 [&hellip;]<\/p>\n","protected":false},"author":8,"featured_media":196342,"comment_status":"open","ping_status":"open","sticky":false,"template":"","format":"standard","meta":{"pmpro_default_level":"","_jetpack_memberships_contains_paid_content":false,"footnotes":""},"categories":[2,10991],"tags":[1811,1522,1810,19725],"class_list":{"0":"post-196341","1":"post","2":"type-post","3":"status-publish","4":"format-standard","5":"has-post-thumbnail","7":"category-featured","8":"category-economia","9":"tag-estandes","10":"tag-feira","11":"tag-festa-de-maio","12":"tag-festa-de-maio-2026","13":"pmpro-has-access"},"yoast_head":"<!-- This site is optimized with the Yoast SEO plugin v27.5 - https:\/\/yoast.com\/product\/yoast-seo-wordpress\/ -->\n<title>Venda de estandes para a Feira Multissetorial da Festa de Maio 2026 inicia em 10 de novembro - Folha Popular<\/title>\n<meta name=\"robots\" content=\"index, follow, max-snippet:-1, max-image-preview:large, max-video-preview:-1\" \/>\n<link rel=\"canonical\" href=\"https:\/\/folhapopular.info\/index.php\/2025\/10\/17\/venda-de-estandes-para-a-feira-multissetorial-da-festa-de-maio-2026-inicia-em-10-de-novembro\/\" \/>\n<meta property=\"og:locale\" content=\"pt_BR\" \/>\n<meta property=\"og:type\" content=\"article\" \/>\n<meta property=\"og:title\" content=\"Venda de estandes para a Feira Multissetorial da Festa de Maio 2026 inicia em 10 de novembro - Folha Popular\" \/>\n<meta property=\"og:description\" content=\"A comercializa\u00e7\u00e3o dos estandes para a Feira Multissetorial da Festa de Maio 2026 inicia no pr\u00f3ximo dia 10 de novembro. O tradicional evento, que celebra os 45 anos de emancipa\u00e7\u00e3o de Teut\u00f4nia, promete uma edi\u00e7\u00e3o especial e repleta de novidades, com programa\u00e7\u00e3o dividida em dois finais de semana: 14 a 17 e 22 a 24 [&hellip;]\" \/>\n<meta property=\"og:url\" content=\"https:\/\/folhapopular.info\/index.php\/2025\/10\/17\/venda-de-estandes-para-a-feira-multissetorial-da-festa-de-maio-2026-inicia-em-10-de-novembro\/\" \/>\n<meta property=\"og:site_name\" content=\"Folha Popular\" \/>\n<meta property=\"article:published_time\" content=\"2025-10-17T12:09:53+00:00\" \/>\n<meta property=\"article:modified_time\" content=\"2025-10-17T12:09:56+00:00\" \/>\n<meta property=\"og:image\" content=\"http:\/\/folhapopular.info\/wp-content\/uploads\/2025\/10\/DSC08803-scaled.jpg\" \/>\n\t<meta property=\"og:image:width\" content=\"2560\" \/>\n\t<meta property=\"og:image:height\" content=\"1440\" \/>\n\t<meta property=\"og:image:type\" content=\"image\/jpeg\" \/>\n<meta name=\"author\" content=\"Reda\u00e7\u00e3o Folha Popular\" \/>\n<meta name=\"twitter:card\" content=\"summary_large_image\" \/>\n<meta name=\"twitter:label1\" content=\"Escrito por\" \/>\n\t<meta name=\"twitter:data1\" content=\"Reda\u00e7\u00e3o Folha Popular\" \/>\n\t<meta name=\"twitter:label2\" content=\"Est. tempo de leitura\" \/>\n\t<meta name=\"twitter:data2\" content=\"2 minutos\" \/>\n<script type=\"application\/ld+json\" class=\"yoast-schema-graph\">{\"@context\":\"https:\\\/\\\/schema.org\",\"@graph\":[{\"@type\":\"Article\",\"@id\":\"https:\\\/\\\/folhapopular.info\\\/index.php\\\/2025\\\/10\\\/17\\\/venda-de-estandes-para-a-feira-multissetorial-da-festa-de-maio-2026-inicia-em-10-de-novembro\\\/#article\",\"isPartOf\":{\"@id\":\"https:\\\/\\\/folhapopular.info\\\/index.php\\\/2025\\\/10\\\/17\\\/venda-de-estandes-para-a-feira-multissetorial-da-festa-de-maio-2026-inicia-em-10-de-novembro\\\/\"},\"author\":{\"name\":\"Reda\u00e7\u00e3o Folha Popular\",\"@id\":\"https:\\\/\\\/folhapopular.info\\\/#\\\/schema\\\/person\\\/2814e8a0df7643585a9ca38bc6eb9d4b\"},\"headline\":\"Venda de estandes para a Feira Multissetorial da Festa de Maio 2026 inicia em 10 de novembro\",\"datePublished\":\"2025-10-17T12:09:53+00:00\",\"dateModified\":\"2025-10-17T12:09:56+00:00\",\"mainEntityOfPage\":{\"@id\":\"https:\\\/\\\/folhapopular.info\\\/index.php\\\/2025\\\/10\\\/17\\\/venda-de-estandes-para-a-feira-multissetorial-da-festa-de-maio-2026-inicia-em-10-de-novembro\\\/\"},\"wordCount\":317,\"commentCount\":0,\"image\":{\"@id\":\"https:\\\/\\\/folhapopular.info\\\/index.php\\\/2025\\\/10\\\/17\\\/venda-de-estandes-para-a-feira-multissetorial-da-festa-de-maio-2026-inicia-em-10-de-novembro\\\/#primaryimage\"},\"thumbnailUrl\":\"https:\\\/\\\/folhapopular.info\\\/wp-content\\\/uploads\\\/2025\\\/10\\\/DSC08803-scaled.jpg\",\"keywords\":[\"Estandes\",\"Feira\",\"Festa de Maio\",\"Festa de Maio 2026\"],\"articleSection\":[\"Destaques\",\"Economia\"],\"inLanguage\":\"pt-BR\",\"potentialAction\":[{\"@type\":\"CommentAction\",\"name\":\"Comment\",\"target\":[\"https:\\\/\\\/folhapopular.info\\\/index.php\\\/2025\\\/10\\\/17\\\/venda-de-estandes-para-a-feira-multissetorial-da-festa-de-maio-2026-inicia-em-10-de-novembro\\\/#respond\"]}]},{\"@type\":\"WebPage\",\"@id\":\"https:\\\/\\\/folhapopular.info\\\/index.php\\\/2025\\\/10\\\/17\\\/venda-de-estandes-para-a-feira-multissetorial-da-festa-de-maio-2026-inicia-em-10-de-novembro\\\/\",\"url\":\"https:\\\/\\\/folhapopular.info\\\/index.php\\\/2025\\\/10\\\/17\\\/venda-de-estandes-para-a-feira-multissetorial-da-festa-de-maio-2026-inicia-em-10-de-novembro\\\/\",\"name\":\"Venda de estandes para a Feira Multissetorial da Festa de Maio 2026 inicia em 10 de novembro - Folha Popular\",\"isPartOf\":{\"@id\":\"https:\\\/\\\/folhapopular.info\\\/#website\"},\"primaryImageOfPage\":{\"@id\":\"https:\\\/\\\/folhapopular.info\\\/index.php\\\/2025\\\/10\\\/17\\\/venda-de-estandes-para-a-feira-multissetorial-da-festa-de-maio-2026-inicia-em-10-de-novembro\\\/#primaryimage\"},\"image\":{\"@id\":\"https:\\\/\\\/folhapopular.info\\\/index.php\\\/2025\\\/10\\\/17\\\/venda-de-estandes-para-a-feira-multissetorial-da-festa-de-maio-2026-inicia-em-10-de-novembro\\\/#primaryimage\"},\"thumbnailUrl\":\"https:\\\/\\\/folhapopular.info\\\/wp-content\\\/uploads\\\/2025\\\/10\\\/DSC08803-scaled.jpg\",\"datePublished\":\"2025-10-17T12:09:53+00:00\",\"dateModified\":\"2025-10-17T12:09:56+00:00\",\"author\":{\"@id\":\"https:\\\/\\\/folhapopular.info\\\/#\\\/schema\\\/person\\\/2814e8a0df7643585a9ca38bc6eb9d4b\"},\"breadcrumb\":{\"@id\":\"https:\\\/\\\/folhapopular.info\\\/index.php\\\/2025\\\/10\\\/17\\\/venda-de-estandes-para-a-feira-multissetorial-da-festa-de-maio-2026-inicia-em-10-de-novembro\\\/#breadcrumb\"},\"inLanguage\":\"pt-BR\",\"potentialAction\":[{\"@type\":\"ReadAction\",\"target\":[\"https:\\\/\\\/folhapopular.info\\\/index.php\\\/2025\\\/10\\\/17\\\/venda-de-estandes-para-a-feira-multissetorial-da-festa-de-maio-2026-inicia-em-10-de-novembro\\\/\"]}]},{\"@type\":\"ImageObject\",\"inLanguage\":\"pt-BR\",\"@id\":\"https:\\\/\\\/folhapopular.info\\\/index.php\\\/2025\\\/10\\\/17\\\/venda-de-estandes-para-a-feira-multissetorial-da-festa-de-maio-2026-inicia-em-10-de-novembro\\\/#primaryimage\",\"url\":\"https:\\\/\\\/folhapopular.info\\\/wp-content\\\/uploads\\\/2025\\\/10\\\/DSC08803-scaled.jpg\",\"contentUrl\":\"https:\\\/\\\/folhapopular.info\\\/wp-content\\\/uploads\\\/2025\\\/10\\\/DSC08803-scaled.jpg\",\"width\":2560,\"height\":1440,\"caption\":\"Cr\u00e9dito: Divulga\u00e7\u00e3o\"},{\"@type\":\"BreadcrumbList\",\"@id\":\"https:\\\/\\\/folhapopular.info\\\/index.php\\\/2025\\\/10\\\/17\\\/venda-de-estandes-para-a-feira-multissetorial-da-festa-de-maio-2026-inicia-em-10-de-novembro\\\/#breadcrumb\",\"itemListElement\":[{\"@type\":\"ListItem\",\"position\":1,\"name\":\"In\u00edcio\",\"item\":\"https:\\\/\\\/folhapopular.info\\\/\"},{\"@type\":\"ListItem\",\"position\":2,\"name\":\"Venda de estandes para a Feira Multissetorial da Festa de Maio 2026 inicia em 10 de novembro\"}]},{\"@type\":\"WebSite\",\"@id\":\"https:\\\/\\\/folhapopular.info\\\/#website\",\"url\":\"https:\\\/\\\/folhapopular.info\\\/\",\"name\":\"Folha Popular\",\"description\":\"Onde voc\u00ea tem vez e voz\",\"potentialAction\":[{\"@type\":\"SearchAction\",\"target\":{\"@type\":\"EntryPoint\",\"urlTemplate\":\"https:\\\/\\\/folhapopular.info\\\/?s={search_term_string}\"},\"query-input\":{\"@type\":\"PropertyValueSpecification\",\"valueRequired\":true,\"valueName\":\"search_term_string\"}}],\"inLanguage\":\"pt-BR\"},{\"@type\":\"Person\",\"@id\":\"https:\\\/\\\/folhapopular.info\\\/#\\\/schema\\\/person\\\/2814e8a0df7643585a9ca38bc6eb9d4b\",\"name\":\"Reda\u00e7\u00e3o Folha Popular\",\"image\":{\"@type\":\"ImageObject\",\"inLanguage\":\"pt-BR\",\"@id\":\"https:\\\/\\\/folhapopular.info\\\/wp-content\\\/uploads\\\/2026\\\/04\\\/Folha-1.webp\",\"url\":\"https:\\\/\\\/folhapopular.info\\\/wp-content\\\/uploads\\\/2026\\\/04\\\/Folha-1.webp\",\"contentUrl\":\"https:\\\/\\\/folhapopular.info\\\/wp-content\\\/uploads\\\/2026\\\/04\\\/Folha-1.webp\",\"caption\":\"Reda\u00e7\u00e3o Folha Popular\"},\"url\":\"https:\\\/\\\/folhapopular.info\\\/index.php\\\/author\\\/redacao\\\/\"}]}<\/script>\n<!-- \/ Yoast SEO plugin. -->","yoast_head_json":{"title":"Venda de estandes para a Feira Multissetorial da Festa de Maio 2026 inicia em 10 de novembro - Folha Popular","robots":{"index":"index","follow":"follow","max-snippet":"max-snippet:-1","max-image-preview":"max-image-preview:large","max-video-preview":"max-video-preview:-1"},"canonical":"https:\/\/folhapopular.info\/index.php\/2025\/10\/17\/venda-de-estandes-para-a-feira-multissetorial-da-festa-de-maio-2026-inicia-em-10-de-novembro\/","og_locale":"pt_BR","og_type":"article","og_title":"Venda de estandes para a Feira Multissetorial da Festa de Maio 2026 inicia em 10 de novembro - Folha Popular","og_description":"A comercializa\u00e7\u00e3o dos estandes para a Feira Multissetorial da Festa de Maio 2026 inicia no pr\u00f3ximo dia 10 de novembro. O tradicional evento, que celebra os 45 anos de emancipa\u00e7\u00e3o de Teut\u00f4nia, promete uma edi\u00e7\u00e3o especial e repleta de novidades, com programa\u00e7\u00e3o dividida em dois finais de semana: 14 a 17 e 22 a 24 [&hellip;]","og_url":"https:\/\/folhapopular.info\/index.php\/2025\/10\/17\/venda-de-estandes-para-a-feira-multissetorial-da-festa-de-maio-2026-inicia-em-10-de-novembro\/","og_site_name":"Folha Popular","article_published_time":"2025-10-17T12:09:53+00:00","article_modified_time":"2025-10-17T12:09:56+00:00","og_image":[{"width":2560,"height":1440,"url":"http:\/\/folhapopular.info\/wp-content\/uploads\/2025\/10\/DSC08803-scaled.jpg","type":"image\/jpeg"}],"author":"Reda\u00e7\u00e3o Folha Popular","twitter_card":"summary_large_image","twitter_misc":{"Escrito por":"Reda\u00e7\u00e3o Folha Popular","Est. tempo de leitura":"2 minutos"},"schema":{"@context":"https:\/\/schema.org","@graph":[{"@type":"Article","@id":"https:\/\/folhapopular.info\/index.php\/2025\/10\/17\/venda-de-estandes-para-a-feira-multissetorial-da-festa-de-maio-2026-inicia-em-10-de-novembro\/#article","isPartOf":{"@id":"https:\/\/folhapopular.info\/index.php\/2025\/10\/17\/venda-de-estandes-para-a-feira-multissetorial-da-festa-de-maio-2026-inicia-em-10-de-novembro\/"},"author":{"name":"Reda\u00e7\u00e3o Folha Popular","@id":"https:\/\/folhapopular.info\/#\/schema\/person\/2814e8a0df7643585a9ca38bc6eb9d4b"},"headline":"Venda de estandes para a Feira Multissetorial da Festa de Maio 2026 inicia em 10 de novembro","datePublished":"2025-10-17T12:09:53+00:00","dateModified":"2025-10-17T12:09:56+00:00","mainEntityOfPage":{"@id":"https:\/\/folhapopular.info\/index.php\/2025\/10\/17\/venda-de-estandes-para-a-feira-multissetorial-da-festa-de-maio-2026-inicia-em-10-de-novembro\/"},"wordCount":317,"commentCount":0,"image":{"@id":"https:\/\/folhapopular.info\/index.php\/2025\/10\/17\/venda-de-estandes-para-a-feira-multissetorial-da-festa-de-maio-2026-inicia-em-10-de-novembro\/#primaryimage"},"thumbnailUrl":"https:\/\/folhapopular.info\/wp-content\/uploads\/2025\/10\/DSC08803-scaled.jpg","keywords":["Estandes","Feira","Festa de Maio","Festa de Maio 2026"],"articleSection":["Destaques","Economia"],"inLanguage":"pt-BR","potentialAction":[{"@type":"CommentAction","name":"Comment","target":["https:\/\/folhapopular.info\/index.php\/2025\/10\/17\/venda-de-estandes-para-a-feira-multissetorial-da-festa-de-maio-2026-inicia-em-10-de-novembro\/#respond"]}]},{"@type":"WebPage","@id":"https:\/\/folhapopular.info\/index.php\/2025\/10\/17\/venda-de-estandes-para-a-feira-multissetorial-da-festa-de-maio-2026-inicia-em-10-de-novembro\/","url":"https:\/\/folhapopular.info\/index.php\/2025\/10\/17\/venda-de-estandes-para-a-feira-multissetorial-da-festa-de-maio-2026-inicia-em-10-de-novembro\/","name":"Venda de estandes para a Feira Multissetorial da Festa de Maio 2026 inicia em 10 de novembro - Folha Popular","isPartOf":{"@id":"https:\/\/folhapopular.info\/#website"},"primaryImageOfPage":{"@id":"https:\/\/folhapopular.info\/index.php\/2025\/10\/17\/venda-de-estandes-para-a-feira-multissetorial-da-festa-de-maio-2026-inicia-em-10-de-novembro\/#primaryimage"},"image":{"@id":"https:\/\/folhapopular.info\/index.php\/2025\/10\/17\/venda-de-estandes-para-a-feira-multissetorial-da-festa-de-maio-2026-inicia-em-10-de-novembro\/#primaryimage"},"thumbnailUrl":"https:\/\/folhapopular.info\/wp-content\/uploads\/2025\/10\/DSC08803-scaled.jpg","datePublished":"2025-10-17T12:09:53+00:00","dateModified":"2025-10-17T12:09:56+00:00","author":{"@id":"https:\/\/folhapopular.info\/#\/schema\/person\/2814e8a0df7643585a9ca38bc6eb9d4b"},"breadcrumb":{"@id":"https:\/\/folhapopular.info\/index.php\/2025\/10\/17\/venda-de-estandes-para-a-feira-multissetorial-da-festa-de-maio-2026-inicia-em-10-de-novembro\/#breadcrumb"},"inLanguage":"pt-BR","potentialAction":[{"@type":"ReadAction","target":["https:\/\/folhapopular.info\/index.php\/2025\/10\/17\/venda-de-estandes-para-a-feira-multissetorial-da-festa-de-maio-2026-inicia-em-10-de-novembro\/"]}]},{"@type":"ImageObject","inLanguage":"pt-BR","@id":"https:\/\/folhapopular.info\/index.php\/2025\/10\/17\/venda-de-estandes-para-a-feira-multissetorial-da-festa-de-maio-2026-inicia-em-10-de-novembro\/#primaryimage","url":"https:\/\/folhapopular.info\/wp-content\/uploads\/2025\/10\/DSC08803-scaled.jpg","contentUrl":"https:\/\/folhapopular.info\/wp-content\/uploads\/2025\/10\/DSC08803-scaled.jpg","width":2560,"height":1440,"caption":"Cr\u00e9dito: Divulga\u00e7\u00e3o"},{"@type":"BreadcrumbList","@id":"https:\/\/folhapopular.info\/index.php\/2025\/10\/17\/venda-de-estandes-para-a-feira-multissetorial-da-festa-de-maio-2026-inicia-em-10-de-novembro\/#breadcrumb","itemListElement":[{"@type":"ListItem","position":1,"name":"In\u00edcio","item":"https:\/\/folhapopular.info\/"},{"@type":"ListItem","position":2,"name":"Venda de estandes para a Feira Multissetorial da Festa de Maio 2026 inicia em 10 de novembro"}]},{"@type":"WebSite","@id":"https:\/\/folhapopular.info\/#website","url":"https:\/\/folhapopular.info\/","name":"Folha Popular","description":"Onde voc\u00ea tem vez e voz","potentialAction":[{"@type":"SearchAction","target":{"@type":"EntryPoint","urlTemplate":"https:\/\/folhapopular.info\/?s={search_term_string}"},"query-input":{"@type":"PropertyValueSpecification","valueRequired":true,"valueName":"search_term_string"}}],"inLanguage":"pt-BR"},{"@type":"Person","@id":"https:\/\/folhapopular.info\/#\/schema\/person\/2814e8a0df7643585a9ca38bc6eb9d4b","name":"Reda\u00e7\u00e3o Folha Popular","image":{"@type":"ImageObject","inLanguage":"pt-BR","@id":"https:\/\/folhapopular.info\/wp-content\/uploads\/2026\/04\/Folha-1.webp","url":"https:\/\/folhapopular.info\/wp-content\/uploads\/2026\/04\/Folha-1.webp","contentUrl":"https:\/\/folhapopular.info\/wp-content\/uploads\/2026\/04\/Folha-1.webp","caption":"Reda\u00e7\u00e3o Folha Popular"},"url":"https:\/\/folhapopular.info\/index.php\/author\/redacao\/"}]}},"jetpack_featured_media_url":"https:\/\/folhapopular.info\/wp-content\/uploads\/2025\/10\/DSC08803-scaled.jpg","jetpack_sharing_enabled":true,"amp_enabled":true,"_links":{"self":[{"href":"https:\/\/folhapopular.info\/index.php\/wp-json\/wp\/v2\/posts\/196341","targetHints":{"allow":["GET"]}}],"collection":[{"href":"https:\/\/folhapopular.info\/index.php\/wp-json\/wp\/v2\/posts"}],"about":[{"href":"https:\/\/folhapopular.info\/index.php\/wp-json\/wp\/v2\/types\/post"}],"author":[{"embeddable":true,"href":"https:\/\/folhapopular.info\/index.php\/wp-json\/wp\/v2\/users\/8"}],"replies":[{"embeddable":true,"href":"https:\/\/folhapopular.info\/index.php\/wp-json\/wp\/v2\/comments?post=196341"}],"version-history":[{"count":0,"href":"https:\/\/folhapopular.info\/index.php\/wp-json\/wp\/v2\/posts\/196341\/revisions"}],"wp:featuredmedia":[{"embeddable":true,"href":"https:\/\/folhapopular.info\/index.php\/wp-json\/wp\/v2\/media\/196342"}],"wp:attachment":[{"href":"https:\/\/folhapopular.info\/index.php\/wp-json\/wp\/v2\/media?parent=196341"}],"wp:term":[{"taxonomy":"category","embeddable":true,"href":"https:\/\/folhapopular.info\/index.php\/wp-json\/wp\/v2\/categories?post=196341"},{"taxonomy":"post_tag","embeddable":true,"href":"https:\/\/folhapopular.info\/index.php\/wp-json\/wp\/v2\/tags?post=196341"}],"curies":[{"name":"wp","href":"https:\/\/api.w.org\/{rel}","templated":true}]}}