{"id":196375,"date":"2025-10-17T16:03:49","date_gmt":"2025-10-17T19:03:49","guid":{"rendered":"https:\/\/folhapopular.info\/?p=196375"},"modified":"2025-10-17T19:42:04","modified_gmt":"2025-10-17T22:42:04","slug":"cic-vt-e-entidades-associadas-apresentam-anteprojeto-de-nova-ponte-entre-lajeado-e-estrela","status":"publish","type":"post","link":"https:\/\/folhapopular.info\/index.php\/2025\/10\/17\/cic-vt-e-entidades-associadas-apresentam-anteprojeto-de-nova-ponte-entre-lajeado-e-estrela\/","title":{"rendered":"CIC VT e associadas apresentam anteprojeto de nova ponte na BR-386, entre Lajeado e Estrela"},"content":{"rendered":"\n<p>A C\u00e2mara da Ind\u00fastria, Com\u00e9rcio e Servi\u00e7os (CIC) do Vale do Taquari, junto com a Cacis Estrela e a Acil Lajeado, apresentou um anteprojeto para a constru\u00e7\u00e3o de uma nova ponte na BR-386 sobre o Rio Taquari, conectando os dois munic\u00edpios.<\/p>\n\n\n\n<p>A proposta, elaborada pelo arquiteto e urbanista Leandro Eckert, diretor da CIC VT, ser\u00e1 oficialmente apresentada no pr\u00f3ximo dia 29 de outubro, em Lajeado, em reuni\u00e3o com representantes da CCR ViaSul, concession\u00e1ria respons\u00e1vel pela BR-386.<\/p>\n\n\n\n<p>O projeto prev\u00ea uma estrutura localizada entre o Porto de Estrela e a BR-386, fora da atual faixa de dom\u00ednio da rodovia federal.<\/p>\n\n\n\n<p>Com 2.200 metros de extens\u00e3o e 26 metros de largura, a nova ponte teria duas pistas em cada sentido, acostamento regular, ciclovia e cal\u00e7ada para pedestres. O custo estimado \u00e9 de R$ 700 milh\u00f5es.<\/p>\n\n\n\n<p>A alternativa foi pensada para funcionar como uma rota alternativa \u00e0 BR-386, garantindo a travessia entre as cidades mesmo em situa\u00e7\u00f5es de enchentes ou bloqueios. O projeto tem apoio institucional da CIC VT, Cacis, Acil e das prefeituras de Lajeado e Estrela.<\/p>\n\n\n\n<h2 class=\"wp-block-heading\"><strong>Ponte com vi\u00e9s tur\u00edstico e arquitet\u00f4nico<\/strong><\/h2>\n\n\n\n<p>O projeto prev\u00ea uma estrutura tubular e estaiada, com plataforma panor\u00e2mica, estacionamento interno para 70 ve\u00edculos e acesso por elevadores nas torres, criando um novo espa\u00e7o para turismo, lazer e gastronomia \u00e0s margens do Taquari.<\/p>\n\n\n\n<p>O anteprojeto tem apoio do F\u00f3rum das Entidades Empresariais do Vale do Taquari. Segundo o presidente da CIC VT, \u00c2ngelo Fontana, a ideia n\u00e3o representa uma disputa com projetos existentes, mas uma alternativa t\u00e9cnica e vi\u00e1vel que deve ser considerada nos estudos da ANTT.<\/p>\n\n\n\n<p>\u201cO objetivo \u00e9 contribuir com solu\u00e7\u00f5es que garantam seguran\u00e7a e mobilidade permanente. Queremos somar, n\u00e3o competir &#8211; \u00e9 uma proposta constru\u00edda de forma colaborativa pelas entidades e com o apoio das prefeituras de Lajeado e Estrela\u201d, destacou Fontana.<\/p>\n","protected":false},"excerpt":{"rendered":"<p>A C\u00e2mara da Ind\u00fastria, Com\u00e9rcio e Servi\u00e7os (CIC) do Vale do Taquari, junto com a Cacis Estrela e a Acil Lajeado, apresentou um anteprojeto para a constru\u00e7\u00e3o de uma nova ponte na BR-386 sobre o Rio Taquari, conectando os dois munic\u00edpios. A proposta, elaborada pelo arquiteto e urbanista Leandro Eckert, diretor da CIC VT, ser\u00e1 [&hellip;]<\/p>\n","protected":false},"author":8,"featured_media":196398,"comment_status":"open","ping_status":"open","sticky":false,"template":"","format":"standard","meta":{"pmpro_default_level":"","_jetpack_memberships_contains_paid_content":false,"footnotes":""},"categories":[2,3],"tags":[214,91,944,5556,5955,8,27,193,207],"class_list":{"0":"post-196375","1":"post","2":"type-post","3":"status-publish","4":"format-standard","5":"has-post-thumbnail","7":"category-featured","8":"category-geral","9":"tag-acil","10":"tag-br-386","11":"tag-cacis","12":"tag-ccr-viasul","13":"tag-cic-vt","14":"tag-estrela","15":"tag-lajeado","16":"tag-ponte","17":"tag-rio-taquari","18":"pmpro-has-access"},"yoast_head":"<!-- This site is optimized with the Yoast SEO plugin v27.5 - https:\/\/yoast.com\/product\/yoast-seo-wordpress\/ -->\n<title>CIC VT e associadas apresentam anteprojeto de nova ponte na BR-386, entre Lajeado e Estrela - Folha Popular<\/title>\n<meta name=\"robots\" content=\"index, follow, max-snippet:-1, max-image-preview:large, max-video-preview:-1\" \/>\n<link rel=\"canonical\" href=\"https:\/\/folhapopular.info\/index.php\/2025\/10\/17\/cic-vt-e-entidades-associadas-apresentam-anteprojeto-de-nova-ponte-entre-lajeado-e-estrela\/\" \/>\n<meta property=\"og:locale\" content=\"pt_BR\" \/>\n<meta property=\"og:type\" content=\"article\" \/>\n<meta property=\"og:title\" content=\"CIC VT e associadas apresentam anteprojeto de nova ponte na BR-386, entre Lajeado e Estrela - Folha Popular\" \/>\n<meta property=\"og:description\" content=\"A C\u00e2mara da Ind\u00fastria, Com\u00e9rcio e Servi\u00e7os (CIC) do Vale do Taquari, junto com a Cacis Estrela e a Acil Lajeado, apresentou um anteprojeto para a constru\u00e7\u00e3o de uma nova ponte na BR-386 sobre o Rio Taquari, conectando os dois munic\u00edpios. A proposta, elaborada pelo arquiteto e urbanista Leandro Eckert, diretor da CIC VT, ser\u00e1 [&hellip;]\" \/>\n<meta property=\"og:url\" content=\"https:\/\/folhapopular.info\/index.php\/2025\/10\/17\/cic-vt-e-entidades-associadas-apresentam-anteprojeto-de-nova-ponte-entre-lajeado-e-estrela\/\" \/>\n<meta property=\"og:site_name\" content=\"Folha Popular\" \/>\n<meta property=\"article:published_time\" content=\"2025-10-17T19:03:49+00:00\" \/>\n<meta property=\"article:modified_time\" content=\"2025-10-17T22:42:04+00:00\" \/>\n<meta property=\"og:image\" content=\"http:\/\/folhapopular.info\/wp-content\/uploads\/2025\/10\/ponte-OUTUBRO-LEANDRO-ANGELO-1-1024x473-2.jpeg\" \/>\n\t<meta property=\"og:image:width\" content=\"1024\" \/>\n\t<meta property=\"og:image:height\" content=\"473\" \/>\n\t<meta property=\"og:image:type\" content=\"image\/jpeg\" \/>\n<meta name=\"author\" content=\"Reda\u00e7\u00e3o Folha Popular\" \/>\n<meta name=\"twitter:card\" content=\"summary_large_image\" \/>\n<meta name=\"twitter:label1\" content=\"Escrito por\" \/>\n\t<meta name=\"twitter:data1\" content=\"Reda\u00e7\u00e3o Folha Popular\" \/>\n\t<meta name=\"twitter:label2\" content=\"Est. tempo de leitura\" \/>\n\t<meta name=\"twitter:data2\" content=\"2 minutos\" \/>\n<script type=\"application\/ld+json\" class=\"yoast-schema-graph\">{\"@context\":\"https:\\\/\\\/schema.org\",\"@graph\":[{\"@type\":\"Article\",\"@id\":\"https:\\\/\\\/folhapopular.info\\\/index.php\\\/2025\\\/10\\\/17\\\/cic-vt-e-entidades-associadas-apresentam-anteprojeto-de-nova-ponte-entre-lajeado-e-estrela\\\/#article\",\"isPartOf\":{\"@id\":\"https:\\\/\\\/folhapopular.info\\\/index.php\\\/2025\\\/10\\\/17\\\/cic-vt-e-entidades-associadas-apresentam-anteprojeto-de-nova-ponte-entre-lajeado-e-estrela\\\/\"},\"author\":{\"name\":\"Reda\u00e7\u00e3o Folha Popular\",\"@id\":\"https:\\\/\\\/folhapopular.info\\\/#\\\/schema\\\/person\\\/2814e8a0df7643585a9ca38bc6eb9d4b\"},\"headline\":\"CIC VT e associadas apresentam anteprojeto de nova ponte na BR-386, entre Lajeado e Estrela\",\"datePublished\":\"2025-10-17T19:03:49+00:00\",\"dateModified\":\"2025-10-17T22:42:04+00:00\",\"mainEntityOfPage\":{\"@id\":\"https:\\\/\\\/folhapopular.info\\\/index.php\\\/2025\\\/10\\\/17\\\/cic-vt-e-entidades-associadas-apresentam-anteprojeto-de-nova-ponte-entre-lajeado-e-estrela\\\/\"},\"wordCount\":333,\"commentCount\":0,\"image\":{\"@id\":\"https:\\\/\\\/folhapopular.info\\\/index.php\\\/2025\\\/10\\\/17\\\/cic-vt-e-entidades-associadas-apresentam-anteprojeto-de-nova-ponte-entre-lajeado-e-estrela\\\/#primaryimage\"},\"thumbnailUrl\":\"https:\\\/\\\/folhapopular.info\\\/wp-content\\\/uploads\\\/2025\\\/10\\\/ponte-OUTUBRO-LEANDRO-ANGELO-1-1024x473-2.jpeg\",\"keywords\":[\"Acil\",\"BR-386\",\"CACIS\",\"CCR Viasul\",\"CIC VT\",\"Estrela\",\"Lajeado\",\"Ponte\",\"Rio Taquari\"],\"articleSection\":[\"Destaques\",\"Geral\"],\"inLanguage\":\"pt-BR\",\"potentialAction\":[{\"@type\":\"CommentAction\",\"name\":\"Comment\",\"target\":[\"https:\\\/\\\/folhapopular.info\\\/index.php\\\/2025\\\/10\\\/17\\\/cic-vt-e-entidades-associadas-apresentam-anteprojeto-de-nova-ponte-entre-lajeado-e-estrela\\\/#respond\"]}]},{\"@type\":\"WebPage\",\"@id\":\"https:\\\/\\\/folhapopular.info\\\/index.php\\\/2025\\\/10\\\/17\\\/cic-vt-e-entidades-associadas-apresentam-anteprojeto-de-nova-ponte-entre-lajeado-e-estrela\\\/\",\"url\":\"https:\\\/\\\/folhapopular.info\\\/index.php\\\/2025\\\/10\\\/17\\\/cic-vt-e-entidades-associadas-apresentam-anteprojeto-de-nova-ponte-entre-lajeado-e-estrela\\\/\",\"name\":\"CIC VT e associadas apresentam anteprojeto de nova ponte na BR-386, entre Lajeado e Estrela - Folha Popular\",\"isPartOf\":{\"@id\":\"https:\\\/\\\/folhapopular.info\\\/#website\"},\"primaryImageOfPage\":{\"@id\":\"https:\\\/\\\/folhapopular.info\\\/index.php\\\/2025\\\/10\\\/17\\\/cic-vt-e-entidades-associadas-apresentam-anteprojeto-de-nova-ponte-entre-lajeado-e-estrela\\\/#primaryimage\"},\"image\":{\"@id\":\"https:\\\/\\\/folhapopular.info\\\/index.php\\\/2025\\\/10\\\/17\\\/cic-vt-e-entidades-associadas-apresentam-anteprojeto-de-nova-ponte-entre-lajeado-e-estrela\\\/#primaryimage\"},\"thumbnailUrl\":\"https:\\\/\\\/folhapopular.info\\\/wp-content\\\/uploads\\\/2025\\\/10\\\/ponte-OUTUBRO-LEANDRO-ANGELO-1-1024x473-2.jpeg\",\"datePublished\":\"2025-10-17T19:03:49+00:00\",\"dateModified\":\"2025-10-17T22:42:04+00:00\",\"author\":{\"@id\":\"https:\\\/\\\/folhapopular.info\\\/#\\\/schema\\\/person\\\/2814e8a0df7643585a9ca38bc6eb9d4b\"},\"breadcrumb\":{\"@id\":\"https:\\\/\\\/folhapopular.info\\\/index.php\\\/2025\\\/10\\\/17\\\/cic-vt-e-entidades-associadas-apresentam-anteprojeto-de-nova-ponte-entre-lajeado-e-estrela\\\/#breadcrumb\"},\"inLanguage\":\"pt-BR\",\"potentialAction\":[{\"@type\":\"ReadAction\",\"target\":[\"https:\\\/\\\/folhapopular.info\\\/index.php\\\/2025\\\/10\\\/17\\\/cic-vt-e-entidades-associadas-apresentam-anteprojeto-de-nova-ponte-entre-lajeado-e-estrela\\\/\"]}]},{\"@type\":\"ImageObject\",\"inLanguage\":\"pt-BR\",\"@id\":\"https:\\\/\\\/folhapopular.info\\\/index.php\\\/2025\\\/10\\\/17\\\/cic-vt-e-entidades-associadas-apresentam-anteprojeto-de-nova-ponte-entre-lajeado-e-estrela\\\/#primaryimage\",\"url\":\"https:\\\/\\\/folhapopular.info\\\/wp-content\\\/uploads\\\/2025\\\/10\\\/ponte-OUTUBRO-LEANDRO-ANGELO-1-1024x473-2.jpeg\",\"contentUrl\":\"https:\\\/\\\/folhapopular.info\\\/wp-content\\\/uploads\\\/2025\\\/10\\\/ponte-OUTUBRO-LEANDRO-ANGELO-1-1024x473-2.jpeg\",\"width\":1024,\"height\":473,\"caption\":\"Cr\u00e9dito: Simone Wobeto \\\/ Divulga\u00e7\u00e3o\"},{\"@type\":\"BreadcrumbList\",\"@id\":\"https:\\\/\\\/folhapopular.info\\\/index.php\\\/2025\\\/10\\\/17\\\/cic-vt-e-entidades-associadas-apresentam-anteprojeto-de-nova-ponte-entre-lajeado-e-estrela\\\/#breadcrumb\",\"itemListElement\":[{\"@type\":\"ListItem\",\"position\":1,\"name\":\"In\u00edcio\",\"item\":\"https:\\\/\\\/folhapopular.info\\\/\"},{\"@type\":\"ListItem\",\"position\":2,\"name\":\"CIC VT e associadas apresentam anteprojeto de nova ponte na BR-386, entre Lajeado e Estrela\"}]},{\"@type\":\"WebSite\",\"@id\":\"https:\\\/\\\/folhapopular.info\\\/#website\",\"url\":\"https:\\\/\\\/folhapopular.info\\\/\",\"name\":\"Folha Popular\",\"description\":\"Onde voc\u00ea tem vez e voz\",\"potentialAction\":[{\"@type\":\"SearchAction\",\"target\":{\"@type\":\"EntryPoint\",\"urlTemplate\":\"https:\\\/\\\/folhapopular.info\\\/?s={search_term_string}\"},\"query-input\":{\"@type\":\"PropertyValueSpecification\",\"valueRequired\":true,\"valueName\":\"search_term_string\"}}],\"inLanguage\":\"pt-BR\"},{\"@type\":\"Person\",\"@id\":\"https:\\\/\\\/folhapopular.info\\\/#\\\/schema\\\/person\\\/2814e8a0df7643585a9ca38bc6eb9d4b\",\"name\":\"Reda\u00e7\u00e3o Folha Popular\",\"image\":{\"@type\":\"ImageObject\",\"inLanguage\":\"pt-BR\",\"@id\":\"https:\\\/\\\/folhapopular.info\\\/wp-content\\\/uploads\\\/2026\\\/04\\\/Folha-1.webp\",\"url\":\"https:\\\/\\\/folhapopular.info\\\/wp-content\\\/uploads\\\/2026\\\/04\\\/Folha-1.webp\",\"contentUrl\":\"https:\\\/\\\/folhapopular.info\\\/wp-content\\\/uploads\\\/2026\\\/04\\\/Folha-1.webp\",\"caption\":\"Reda\u00e7\u00e3o Folha Popular\"},\"url\":\"https:\\\/\\\/folhapopular.info\\\/index.php\\\/author\\\/redacao\\\/\"}]}<\/script>\n<!-- \/ Yoast SEO plugin. -->","yoast_head_json":{"title":"CIC VT e associadas apresentam anteprojeto de nova ponte na BR-386, entre Lajeado e Estrela - Folha Popular","robots":{"index":"index","follow":"follow","max-snippet":"max-snippet:-1","max-image-preview":"max-image-preview:large","max-video-preview":"max-video-preview:-1"},"canonical":"https:\/\/folhapopular.info\/index.php\/2025\/10\/17\/cic-vt-e-entidades-associadas-apresentam-anteprojeto-de-nova-ponte-entre-lajeado-e-estrela\/","og_locale":"pt_BR","og_type":"article","og_title":"CIC VT e associadas apresentam anteprojeto de nova ponte na BR-386, entre Lajeado e Estrela - Folha Popular","og_description":"A C\u00e2mara da Ind\u00fastria, Com\u00e9rcio e Servi\u00e7os (CIC) do Vale do Taquari, junto com a Cacis Estrela e a Acil Lajeado, apresentou um anteprojeto para a constru\u00e7\u00e3o de uma nova ponte na BR-386 sobre o Rio Taquari, conectando os dois munic\u00edpios. A proposta, elaborada pelo arquiteto e urbanista Leandro Eckert, diretor da CIC VT, ser\u00e1 [&hellip;]","og_url":"https:\/\/folhapopular.info\/index.php\/2025\/10\/17\/cic-vt-e-entidades-associadas-apresentam-anteprojeto-de-nova-ponte-entre-lajeado-e-estrela\/","og_site_name":"Folha Popular","article_published_time":"2025-10-17T19:03:49+00:00","article_modified_time":"2025-10-17T22:42:04+00:00","og_image":[{"width":1024,"height":473,"url":"http:\/\/folhapopular.info\/wp-content\/uploads\/2025\/10\/ponte-OUTUBRO-LEANDRO-ANGELO-1-1024x473-2.jpeg","type":"image\/jpeg"}],"author":"Reda\u00e7\u00e3o Folha Popular","twitter_card":"summary_large_image","twitter_misc":{"Escrito por":"Reda\u00e7\u00e3o Folha Popular","Est. tempo de leitura":"2 minutos"},"schema":{"@context":"https:\/\/schema.org","@graph":[{"@type":"Article","@id":"https:\/\/folhapopular.info\/index.php\/2025\/10\/17\/cic-vt-e-entidades-associadas-apresentam-anteprojeto-de-nova-ponte-entre-lajeado-e-estrela\/#article","isPartOf":{"@id":"https:\/\/folhapopular.info\/index.php\/2025\/10\/17\/cic-vt-e-entidades-associadas-apresentam-anteprojeto-de-nova-ponte-entre-lajeado-e-estrela\/"},"author":{"name":"Reda\u00e7\u00e3o Folha Popular","@id":"https:\/\/folhapopular.info\/#\/schema\/person\/2814e8a0df7643585a9ca38bc6eb9d4b"},"headline":"CIC VT e associadas apresentam anteprojeto de nova ponte na BR-386, entre Lajeado e Estrela","datePublished":"2025-10-17T19:03:49+00:00","dateModified":"2025-10-17T22:42:04+00:00","mainEntityOfPage":{"@id":"https:\/\/folhapopular.info\/index.php\/2025\/10\/17\/cic-vt-e-entidades-associadas-apresentam-anteprojeto-de-nova-ponte-entre-lajeado-e-estrela\/"},"wordCount":333,"commentCount":0,"image":{"@id":"https:\/\/folhapopular.info\/index.php\/2025\/10\/17\/cic-vt-e-entidades-associadas-apresentam-anteprojeto-de-nova-ponte-entre-lajeado-e-estrela\/#primaryimage"},"thumbnailUrl":"https:\/\/folhapopular.info\/wp-content\/uploads\/2025\/10\/ponte-OUTUBRO-LEANDRO-ANGELO-1-1024x473-2.jpeg","keywords":["Acil","BR-386","CACIS","CCR Viasul","CIC VT","Estrela","Lajeado","Ponte","Rio Taquari"],"articleSection":["Destaques","Geral"],"inLanguage":"pt-BR","potentialAction":[{"@type":"CommentAction","name":"Comment","target":["https:\/\/folhapopular.info\/index.php\/2025\/10\/17\/cic-vt-e-entidades-associadas-apresentam-anteprojeto-de-nova-ponte-entre-lajeado-e-estrela\/#respond"]}]},{"@type":"WebPage","@id":"https:\/\/folhapopular.info\/index.php\/2025\/10\/17\/cic-vt-e-entidades-associadas-apresentam-anteprojeto-de-nova-ponte-entre-lajeado-e-estrela\/","url":"https:\/\/folhapopular.info\/index.php\/2025\/10\/17\/cic-vt-e-entidades-associadas-apresentam-anteprojeto-de-nova-ponte-entre-lajeado-e-estrela\/","name":"CIC VT e associadas apresentam anteprojeto de nova ponte na BR-386, entre Lajeado e Estrela - Folha Popular","isPartOf":{"@id":"https:\/\/folhapopular.info\/#website"},"primaryImageOfPage":{"@id":"https:\/\/folhapopular.info\/index.php\/2025\/10\/17\/cic-vt-e-entidades-associadas-apresentam-anteprojeto-de-nova-ponte-entre-lajeado-e-estrela\/#primaryimage"},"image":{"@id":"https:\/\/folhapopular.info\/index.php\/2025\/10\/17\/cic-vt-e-entidades-associadas-apresentam-anteprojeto-de-nova-ponte-entre-lajeado-e-estrela\/#primaryimage"},"thumbnailUrl":"https:\/\/folhapopular.info\/wp-content\/uploads\/2025\/10\/ponte-OUTUBRO-LEANDRO-ANGELO-1-1024x473-2.jpeg","datePublished":"2025-10-17T19:03:49+00:00","dateModified":"2025-10-17T22:42:04+00:00","author":{"@id":"https:\/\/folhapopular.info\/#\/schema\/person\/2814e8a0df7643585a9ca38bc6eb9d4b"},"breadcrumb":{"@id":"https:\/\/folhapopular.info\/index.php\/2025\/10\/17\/cic-vt-e-entidades-associadas-apresentam-anteprojeto-de-nova-ponte-entre-lajeado-e-estrela\/#breadcrumb"},"inLanguage":"pt-BR","potentialAction":[{"@type":"ReadAction","target":["https:\/\/folhapopular.info\/index.php\/2025\/10\/17\/cic-vt-e-entidades-associadas-apresentam-anteprojeto-de-nova-ponte-entre-lajeado-e-estrela\/"]}]},{"@type":"ImageObject","inLanguage":"pt-BR","@id":"https:\/\/folhapopular.info\/index.php\/2025\/10\/17\/cic-vt-e-entidades-associadas-apresentam-anteprojeto-de-nova-ponte-entre-lajeado-e-estrela\/#primaryimage","url":"https:\/\/folhapopular.info\/wp-content\/uploads\/2025\/10\/ponte-OUTUBRO-LEANDRO-ANGELO-1-1024x473-2.jpeg","contentUrl":"https:\/\/folhapopular.info\/wp-content\/uploads\/2025\/10\/ponte-OUTUBRO-LEANDRO-ANGELO-1-1024x473-2.jpeg","width":1024,"height":473,"caption":"Cr\u00e9dito: Simone Wobeto \/ Divulga\u00e7\u00e3o"},{"@type":"BreadcrumbList","@id":"https:\/\/folhapopular.info\/index.php\/2025\/10\/17\/cic-vt-e-entidades-associadas-apresentam-anteprojeto-de-nova-ponte-entre-lajeado-e-estrela\/#breadcrumb","itemListElement":[{"@type":"ListItem","position":1,"name":"In\u00edcio","item":"https:\/\/folhapopular.info\/"},{"@type":"ListItem","position":2,"name":"CIC VT e associadas apresentam anteprojeto de nova ponte na BR-386, entre Lajeado e Estrela"}]},{"@type":"WebSite","@id":"https:\/\/folhapopular.info\/#website","url":"https:\/\/folhapopular.info\/","name":"Folha Popular","description":"Onde voc\u00ea tem vez e voz","potentialAction":[{"@type":"SearchAction","target":{"@type":"EntryPoint","urlTemplate":"https:\/\/folhapopular.info\/?s={search_term_string}"},"query-input":{"@type":"PropertyValueSpecification","valueRequired":true,"valueName":"search_term_string"}}],"inLanguage":"pt-BR"},{"@type":"Person","@id":"https:\/\/folhapopular.info\/#\/schema\/person\/2814e8a0df7643585a9ca38bc6eb9d4b","name":"Reda\u00e7\u00e3o Folha Popular","image":{"@type":"ImageObject","inLanguage":"pt-BR","@id":"https:\/\/folhapopular.info\/wp-content\/uploads\/2026\/04\/Folha-1.webp","url":"https:\/\/folhapopular.info\/wp-content\/uploads\/2026\/04\/Folha-1.webp","contentUrl":"https:\/\/folhapopular.info\/wp-content\/uploads\/2026\/04\/Folha-1.webp","caption":"Reda\u00e7\u00e3o Folha Popular"},"url":"https:\/\/folhapopular.info\/index.php\/author\/redacao\/"}]}},"jetpack_featured_media_url":"https:\/\/folhapopular.info\/wp-content\/uploads\/2025\/10\/ponte-OUTUBRO-LEANDRO-ANGELO-1-1024x473-2.jpeg","jetpack_sharing_enabled":true,"amp_enabled":true,"_links":{"self":[{"href":"https:\/\/folhapopular.info\/index.php\/wp-json\/wp\/v2\/posts\/196375","targetHints":{"allow":["GET"]}}],"collection":[{"href":"https:\/\/folhapopular.info\/index.php\/wp-json\/wp\/v2\/posts"}],"about":[{"href":"https:\/\/folhapopular.info\/index.php\/wp-json\/wp\/v2\/types\/post"}],"author":[{"embeddable":true,"href":"https:\/\/folhapopular.info\/index.php\/wp-json\/wp\/v2\/users\/8"}],"replies":[{"embeddable":true,"href":"https:\/\/folhapopular.info\/index.php\/wp-json\/wp\/v2\/comments?post=196375"}],"version-history":[{"count":0,"href":"https:\/\/folhapopular.info\/index.php\/wp-json\/wp\/v2\/posts\/196375\/revisions"}],"wp:featuredmedia":[{"embeddable":true,"href":"https:\/\/folhapopular.info\/index.php\/wp-json\/wp\/v2\/media\/196398"}],"wp:attachment":[{"href":"https:\/\/folhapopular.info\/index.php\/wp-json\/wp\/v2\/media?parent=196375"}],"wp:term":[{"taxonomy":"category","embeddable":true,"href":"https:\/\/folhapopular.info\/index.php\/wp-json\/wp\/v2\/categories?post=196375"},{"taxonomy":"post_tag","embeddable":true,"href":"https:\/\/folhapopular.info\/index.php\/wp-json\/wp\/v2\/tags?post=196375"}],"curies":[{"name":"wp","href":"https:\/\/api.w.org\/{rel}","templated":true}]}}