{"id":196444,"date":"2025-10-19T16:00:00","date_gmt":"2025-10-19T19:00:00","guid":{"rendered":"https:\/\/folhapopular.info\/?p=196444"},"modified":"2025-10-18T08:41:39","modified_gmt":"2025-10-18T11:41:39","slug":"acil-e-sincovat-debatem-riscos-da-pejotizacao-nas-empresas","status":"publish","type":"post","link":"https:\/\/folhapopular.info\/index.php\/2025\/10\/19\/acil-e-sincovat-debatem-riscos-da-pejotizacao-nas-empresas\/","title":{"rendered":"Acil e Sincovat debatem riscos da pejotiza\u00e7\u00e3o nas empresas"},"content":{"rendered":"\n<p>A Associa\u00e7\u00e3o Comercial e Industrial de Lajeado (Acil), em parceria com o Sincovat, promoveu reuni\u00e3o-almo\u00e7o na quarta-feira (15\/10) para abordar um dos temas mais pol\u00eamicos do ambiente empresarial brasileiro, a chamada pejotiza\u00e7\u00e3o. Os palestrantes foram os juristas Marciano Buffon e Francisco Nunes, que analisaram os riscos jur\u00eddicos e fiscais do modelo de contrata\u00e7\u00e3o e os poss\u00edveis desdobramentos da an\u00e1lise do Supremo Tribunal Federal (STF) sobre o assunto.<\/p>\n\n\n\n<p>O debate ocorre em meio \u00e0 suspens\u00e3o, por decis\u00e3o do STF, de todos os processos trabalhistas relacionados ao tema. De acordo com os palestrantes, a decis\u00e3o gera um cen\u00e1rio de inseguran\u00e7a jur\u00eddica, tanto para empresas quanto para trabalhadores.<\/p>\n\n\n\n<p>De acordo com Buffon, a origem do problema est\u00e1 na quest\u00e3o tribut\u00e1ria. \u201cA excessiva onera\u00e7\u00e3o da folha de pagamento estimula pr\u00e1ticas que se desconectam da realidade\u201d, afirmou.<\/p>\n\n\n\n<p>O jurista tamb\u00e9m chamou aten\u00e7\u00e3o para a desigualdade concorrencial criada pela incerteza legal. Segundo ele, \u00e9 imposs\u00edvel concorrer de forma justa quando uma empresa cumpre todas as obriga\u00e7\u00f5es e o concorrente opta por modelos informais ou irregulares. \u201cA pejotiza\u00e7\u00e3o n\u00e3o pode ser tratada como solu\u00e7\u00e3o gen\u00e9rica, sob pena de violar princ\u00edpios constitucionais\u201d, disse.<\/p>\n\n\n\n<p>Para Francisco Nunes, o momento exige clareza e equil\u00edbrio nas decis\u00f5es. Ele refor\u00e7ou que a indefini\u00e7\u00e3o atinge toda a cadeia produtiva e pode agravar o desequil\u00edbrio fiscal. \u201cA sociedade precisa de uma diretriz s\u00f3lida. H\u00e1 um d\u00e9ficit natural na Previd\u00eancia Social, e a pejotiza\u00e7\u00e3o ampla tende a aument\u00e1-lo\u201d, alertou o jurista.<\/p>\n\n\n\n<p>Conforme Nunes, existe uma resist\u00eancia da Justi\u00e7a do Trabalho em aceitar o modelo, mas a tend\u00eancia do STF \u00e9 de chancelar essa modalidade em alguns casos espec\u00edficos. Segundo ele, mesmo diante de uma poss\u00edvel flexibiliza\u00e7\u00e3o, a caracteriza\u00e7\u00e3o de v\u00ednculo empregat\u00edcio continuar\u00e1 sendo avaliada individualmente pela Justi\u00e7a. \u201cAs empresas devem ter cautela, revisar contratos e fazer auditorias internas at\u00e9 que o Supremo defina par\u00e2metros claros\u201d, orientou ele.<\/p>\n\n\n\n<h2 class=\"wp-block-heading\"><strong>Sistema ultrapassado<\/strong><\/h2>\n\n\n\n<p>O presidente da Acil, Joni Zagonel, destacou a relev\u00e2ncia do debate e defendeu uma vis\u00e3o propositiva do empresariado sobre o tema. Segundo ele, a pejotiza\u00e7\u00e3o \u00e9 reflexo de um sistema tribut\u00e1rio e trabalhista ultrapassado, que penaliza tanto quem emprega quanto quem trabalha.<\/p>\n\n\n\n<p>Para ele, o cen\u00e1rio reduz a competitividade do pa\u00eds e desestimula a gera\u00e7\u00e3o de empregos. \u201cVivemos um momento em que a rigidez da legisla\u00e7\u00e3o e o elevado custo da contrata\u00e7\u00e3o formal criam um abismo entre o que est\u00e1 na lei e a realidade das empresas e dos trabalhadores\u201d, defendeu ele.<\/p>\n\n\n\n<p>Zagonel tamb\u00e9m prop\u00f4s reflex\u00e3o sobre formas de reduzir encargos e incentivar a formaliza\u00e7\u00e3o, como transferir parte dos encargos sobre a folha em emprego, capacita\u00e7\u00e3o e renda direta. \u201cEstar\u00edamos promovendo uma verdadeira revolu\u00e7\u00e3o social, transformando pol\u00edticas de assist\u00eancia em pol\u00edticas de oportunidade\u201d, concluiu o presidente.<\/p>\n","protected":false},"excerpt":{"rendered":"<p>A Associa\u00e7\u00e3o Comercial e Industrial de Lajeado (Acil), em parceria com o Sincovat, promoveu reuni\u00e3o-almo\u00e7o na quarta-feira (15\/10) para abordar um dos temas mais pol\u00eamicos do ambiente empresarial brasileiro, a chamada pejotiza\u00e7\u00e3o. Os palestrantes foram os juristas Marciano Buffon e Francisco Nunes, que analisaram os riscos jur\u00eddicos e fiscais do modelo de contrata\u00e7\u00e3o e os [&hellip;]<\/p>\n","protected":false},"author":771,"featured_media":196445,"comment_status":"open","ping_status":"open","sticky":false,"template":"","format":"standard","meta":{"pmpro_default_level":"","_jetpack_memberships_contains_paid_content":false,"footnotes":""},"categories":[2,10991,10993],"tags":[214,19734,750],"class_list":{"0":"post-196444","1":"post","2":"type-post","3":"status-publish","4":"format-standard","5":"has-post-thumbnail","7":"category-featured","8":"category-economia","9":"category-empreender","10":"tag-acil","11":"tag-pejotizacao","12":"tag-sincovat","13":"pmpro-has-access"},"yoast_head":"<!-- This site is optimized with the Yoast SEO plugin v27.5 - https:\/\/yoast.com\/product\/yoast-seo-wordpress\/ -->\n<title>Acil e Sincovat debatem riscos da pejotiza\u00e7\u00e3o nas empresas - Folha Popular<\/title>\n<meta name=\"robots\" content=\"index, follow, max-snippet:-1, max-image-preview:large, max-video-preview:-1\" \/>\n<link rel=\"canonical\" href=\"https:\/\/folhapopular.info\/index.php\/2025\/10\/19\/acil-e-sincovat-debatem-riscos-da-pejotizacao-nas-empresas\/\" \/>\n<meta property=\"og:locale\" content=\"pt_BR\" \/>\n<meta property=\"og:type\" content=\"article\" \/>\n<meta property=\"og:title\" content=\"Acil e Sincovat debatem riscos da pejotiza\u00e7\u00e3o nas empresas - Folha Popular\" \/>\n<meta property=\"og:description\" content=\"A Associa\u00e7\u00e3o Comercial e Industrial de Lajeado (Acil), em parceria com o Sincovat, promoveu reuni\u00e3o-almo\u00e7o na quarta-feira (15\/10) para abordar um dos temas mais pol\u00eamicos do ambiente empresarial brasileiro, a chamada pejotiza\u00e7\u00e3o. Os palestrantes foram os juristas Marciano Buffon e Francisco Nunes, que analisaram os riscos jur\u00eddicos e fiscais do modelo de contrata\u00e7\u00e3o e os [&hellip;]\" \/>\n<meta property=\"og:url\" content=\"https:\/\/folhapopular.info\/index.php\/2025\/10\/19\/acil-e-sincovat-debatem-riscos-da-pejotizacao-nas-empresas\/\" \/>\n<meta property=\"og:site_name\" content=\"Folha Popular\" \/>\n<meta property=\"article:published_time\" content=\"2025-10-19T19:00:00+00:00\" \/>\n<meta property=\"og:image\" content=\"https:\/\/folhapopular.info\/wp-content\/uploads\/2025\/10\/Acil-3.jpeg\" \/>\n\t<meta property=\"og:image:width\" content=\"1280\" \/>\n\t<meta property=\"og:image:height\" content=\"960\" \/>\n\t<meta property=\"og:image:type\" content=\"image\/jpeg\" \/>\n<meta name=\"author\" content=\"Thiago Maurique\" \/>\n<meta name=\"twitter:card\" content=\"summary_large_image\" \/>\n<meta name=\"twitter:label1\" content=\"Escrito por\" \/>\n\t<meta name=\"twitter:data1\" content=\"Thiago Maurique\" \/>\n\t<meta name=\"twitter:label2\" content=\"Est. tempo de leitura\" \/>\n\t<meta name=\"twitter:data2\" content=\"3 minutos\" \/>\n<script type=\"application\/ld+json\" class=\"yoast-schema-graph\">{\"@context\":\"https:\\\/\\\/schema.org\",\"@graph\":[{\"@type\":\"Article\",\"@id\":\"https:\\\/\\\/folhapopular.info\\\/index.php\\\/2025\\\/10\\\/19\\\/acil-e-sincovat-debatem-riscos-da-pejotizacao-nas-empresas\\\/#article\",\"isPartOf\":{\"@id\":\"https:\\\/\\\/folhapopular.info\\\/index.php\\\/2025\\\/10\\\/19\\\/acil-e-sincovat-debatem-riscos-da-pejotizacao-nas-empresas\\\/\"},\"author\":{\"name\":\"Thiago Maurique\",\"@id\":\"https:\\\/\\\/folhapopular.info\\\/#\\\/schema\\\/person\\\/da0b2794f793376cb5dd908e88ca6911\"},\"headline\":\"Acil e Sincovat debatem riscos da pejotiza\u00e7\u00e3o nas empresas\",\"datePublished\":\"2025-10-19T19:00:00+00:00\",\"mainEntityOfPage\":{\"@id\":\"https:\\\/\\\/folhapopular.info\\\/index.php\\\/2025\\\/10\\\/19\\\/acil-e-sincovat-debatem-riscos-da-pejotizacao-nas-empresas\\\/\"},\"wordCount\":513,\"commentCount\":0,\"image\":{\"@id\":\"https:\\\/\\\/folhapopular.info\\\/index.php\\\/2025\\\/10\\\/19\\\/acil-e-sincovat-debatem-riscos-da-pejotizacao-nas-empresas\\\/#primaryimage\"},\"thumbnailUrl\":\"https:\\\/\\\/folhapopular.info\\\/wp-content\\\/uploads\\\/2025\\\/10\\\/Acil-3.jpeg\",\"keywords\":[\"Acil\",\"Pejotiza\u00e7\u00e3o\",\"Sincovat\"],\"articleSection\":[\"Destaques\",\"Economia\",\"Empreender\"],\"inLanguage\":\"pt-BR\",\"potentialAction\":[{\"@type\":\"CommentAction\",\"name\":\"Comment\",\"target\":[\"https:\\\/\\\/folhapopular.info\\\/index.php\\\/2025\\\/10\\\/19\\\/acil-e-sincovat-debatem-riscos-da-pejotizacao-nas-empresas\\\/#respond\"]}]},{\"@type\":\"WebPage\",\"@id\":\"https:\\\/\\\/folhapopular.info\\\/index.php\\\/2025\\\/10\\\/19\\\/acil-e-sincovat-debatem-riscos-da-pejotizacao-nas-empresas\\\/\",\"url\":\"https:\\\/\\\/folhapopular.info\\\/index.php\\\/2025\\\/10\\\/19\\\/acil-e-sincovat-debatem-riscos-da-pejotizacao-nas-empresas\\\/\",\"name\":\"Acil e Sincovat debatem riscos da pejotiza\u00e7\u00e3o nas empresas - Folha Popular\",\"isPartOf\":{\"@id\":\"https:\\\/\\\/folhapopular.info\\\/#website\"},\"primaryImageOfPage\":{\"@id\":\"https:\\\/\\\/folhapopular.info\\\/index.php\\\/2025\\\/10\\\/19\\\/acil-e-sincovat-debatem-riscos-da-pejotizacao-nas-empresas\\\/#primaryimage\"},\"image\":{\"@id\":\"https:\\\/\\\/folhapopular.info\\\/index.php\\\/2025\\\/10\\\/19\\\/acil-e-sincovat-debatem-riscos-da-pejotizacao-nas-empresas\\\/#primaryimage\"},\"thumbnailUrl\":\"https:\\\/\\\/folhapopular.info\\\/wp-content\\\/uploads\\\/2025\\\/10\\\/Acil-3.jpeg\",\"datePublished\":\"2025-10-19T19:00:00+00:00\",\"author\":{\"@id\":\"https:\\\/\\\/folhapopular.info\\\/#\\\/schema\\\/person\\\/da0b2794f793376cb5dd908e88ca6911\"},\"breadcrumb\":{\"@id\":\"https:\\\/\\\/folhapopular.info\\\/index.php\\\/2025\\\/10\\\/19\\\/acil-e-sincovat-debatem-riscos-da-pejotizacao-nas-empresas\\\/#breadcrumb\"},\"inLanguage\":\"pt-BR\",\"potentialAction\":[{\"@type\":\"ReadAction\",\"target\":[\"https:\\\/\\\/folhapopular.info\\\/index.php\\\/2025\\\/10\\\/19\\\/acil-e-sincovat-debatem-riscos-da-pejotizacao-nas-empresas\\\/\"]}]},{\"@type\":\"ImageObject\",\"inLanguage\":\"pt-BR\",\"@id\":\"https:\\\/\\\/folhapopular.info\\\/index.php\\\/2025\\\/10\\\/19\\\/acil-e-sincovat-debatem-riscos-da-pejotizacao-nas-empresas\\\/#primaryimage\",\"url\":\"https:\\\/\\\/folhapopular.info\\\/wp-content\\\/uploads\\\/2025\\\/10\\\/Acil-3.jpeg\",\"contentUrl\":\"https:\\\/\\\/folhapopular.info\\\/wp-content\\\/uploads\\\/2025\\\/10\\\/Acil-3.jpeg\",\"width\":1280,\"height\":960,\"caption\":\"Palestrantes analisaram os riscos jur\u00eddicos e fiscais do modelo e desdobramentos da an\u00e1lise do STF sobre o assunto \\\/ Cr\u00e9dito: Thiago Maurique\"},{\"@type\":\"BreadcrumbList\",\"@id\":\"https:\\\/\\\/folhapopular.info\\\/index.php\\\/2025\\\/10\\\/19\\\/acil-e-sincovat-debatem-riscos-da-pejotizacao-nas-empresas\\\/#breadcrumb\",\"itemListElement\":[{\"@type\":\"ListItem\",\"position\":1,\"name\":\"In\u00edcio\",\"item\":\"https:\\\/\\\/folhapopular.info\\\/\"},{\"@type\":\"ListItem\",\"position\":2,\"name\":\"Acil e Sincovat debatem riscos da pejotiza\u00e7\u00e3o nas empresas\"}]},{\"@type\":\"WebSite\",\"@id\":\"https:\\\/\\\/folhapopular.info\\\/#website\",\"url\":\"https:\\\/\\\/folhapopular.info\\\/\",\"name\":\"Folha Popular\",\"description\":\"Onde voc\u00ea tem vez e voz\",\"potentialAction\":[{\"@type\":\"SearchAction\",\"target\":{\"@type\":\"EntryPoint\",\"urlTemplate\":\"https:\\\/\\\/folhapopular.info\\\/?s={search_term_string}\"},\"query-input\":{\"@type\":\"PropertyValueSpecification\",\"valueRequired\":true,\"valueName\":\"search_term_string\"}}],\"inLanguage\":\"pt-BR\"},{\"@type\":\"Person\",\"@id\":\"https:\\\/\\\/folhapopular.info\\\/#\\\/schema\\\/person\\\/da0b2794f793376cb5dd908e88ca6911\",\"name\":\"Thiago Maurique\",\"image\":{\"@type\":\"ImageObject\",\"inLanguage\":\"pt-BR\",\"@id\":\"https:\\\/\\\/folhapopular.info\\\/wp-content\\\/uploads\\\/2026\\\/04\\\/THIAGO-MAURIQUE-1-1.webp\",\"url\":\"https:\\\/\\\/folhapopular.info\\\/wp-content\\\/uploads\\\/2026\\\/04\\\/THIAGO-MAURIQUE-1-1.webp\",\"contentUrl\":\"https:\\\/\\\/folhapopular.info\\\/wp-content\\\/uploads\\\/2026\\\/04\\\/THIAGO-MAURIQUE-1-1.webp\",\"caption\":\"Thiago Maurique\"},\"url\":\"https:\\\/\\\/folhapopular.info\\\/index.php\\\/author\\\/thiago-maurique\\\/\"}]}<\/script>\n<!-- \/ Yoast SEO plugin. -->","yoast_head_json":{"title":"Acil e Sincovat debatem riscos da pejotiza\u00e7\u00e3o nas empresas - Folha Popular","robots":{"index":"index","follow":"follow","max-snippet":"max-snippet:-1","max-image-preview":"max-image-preview:large","max-video-preview":"max-video-preview:-1"},"canonical":"https:\/\/folhapopular.info\/index.php\/2025\/10\/19\/acil-e-sincovat-debatem-riscos-da-pejotizacao-nas-empresas\/","og_locale":"pt_BR","og_type":"article","og_title":"Acil e Sincovat debatem riscos da pejotiza\u00e7\u00e3o nas empresas - Folha Popular","og_description":"A Associa\u00e7\u00e3o Comercial e Industrial de Lajeado (Acil), em parceria com o Sincovat, promoveu reuni\u00e3o-almo\u00e7o na quarta-feira (15\/10) para abordar um dos temas mais pol\u00eamicos do ambiente empresarial brasileiro, a chamada pejotiza\u00e7\u00e3o. Os palestrantes foram os juristas Marciano Buffon e Francisco Nunes, que analisaram os riscos jur\u00eddicos e fiscais do modelo de contrata\u00e7\u00e3o e os [&hellip;]","og_url":"https:\/\/folhapopular.info\/index.php\/2025\/10\/19\/acil-e-sincovat-debatem-riscos-da-pejotizacao-nas-empresas\/","og_site_name":"Folha Popular","article_published_time":"2025-10-19T19:00:00+00:00","og_image":[{"width":1280,"height":960,"url":"https:\/\/folhapopular.info\/wp-content\/uploads\/2025\/10\/Acil-3.jpeg","type":"image\/jpeg"}],"author":"Thiago Maurique","twitter_card":"summary_large_image","twitter_misc":{"Escrito por":"Thiago Maurique","Est. tempo de leitura":"3 minutos"},"schema":{"@context":"https:\/\/schema.org","@graph":[{"@type":"Article","@id":"https:\/\/folhapopular.info\/index.php\/2025\/10\/19\/acil-e-sincovat-debatem-riscos-da-pejotizacao-nas-empresas\/#article","isPartOf":{"@id":"https:\/\/folhapopular.info\/index.php\/2025\/10\/19\/acil-e-sincovat-debatem-riscos-da-pejotizacao-nas-empresas\/"},"author":{"name":"Thiago Maurique","@id":"https:\/\/folhapopular.info\/#\/schema\/person\/da0b2794f793376cb5dd908e88ca6911"},"headline":"Acil e Sincovat debatem riscos da pejotiza\u00e7\u00e3o nas empresas","datePublished":"2025-10-19T19:00:00+00:00","mainEntityOfPage":{"@id":"https:\/\/folhapopular.info\/index.php\/2025\/10\/19\/acil-e-sincovat-debatem-riscos-da-pejotizacao-nas-empresas\/"},"wordCount":513,"commentCount":0,"image":{"@id":"https:\/\/folhapopular.info\/index.php\/2025\/10\/19\/acil-e-sincovat-debatem-riscos-da-pejotizacao-nas-empresas\/#primaryimage"},"thumbnailUrl":"https:\/\/folhapopular.info\/wp-content\/uploads\/2025\/10\/Acil-3.jpeg","keywords":["Acil","Pejotiza\u00e7\u00e3o","Sincovat"],"articleSection":["Destaques","Economia","Empreender"],"inLanguage":"pt-BR","potentialAction":[{"@type":"CommentAction","name":"Comment","target":["https:\/\/folhapopular.info\/index.php\/2025\/10\/19\/acil-e-sincovat-debatem-riscos-da-pejotizacao-nas-empresas\/#respond"]}]},{"@type":"WebPage","@id":"https:\/\/folhapopular.info\/index.php\/2025\/10\/19\/acil-e-sincovat-debatem-riscos-da-pejotizacao-nas-empresas\/","url":"https:\/\/folhapopular.info\/index.php\/2025\/10\/19\/acil-e-sincovat-debatem-riscos-da-pejotizacao-nas-empresas\/","name":"Acil e Sincovat debatem riscos da pejotiza\u00e7\u00e3o nas empresas - Folha Popular","isPartOf":{"@id":"https:\/\/folhapopular.info\/#website"},"primaryImageOfPage":{"@id":"https:\/\/folhapopular.info\/index.php\/2025\/10\/19\/acil-e-sincovat-debatem-riscos-da-pejotizacao-nas-empresas\/#primaryimage"},"image":{"@id":"https:\/\/folhapopular.info\/index.php\/2025\/10\/19\/acil-e-sincovat-debatem-riscos-da-pejotizacao-nas-empresas\/#primaryimage"},"thumbnailUrl":"https:\/\/folhapopular.info\/wp-content\/uploads\/2025\/10\/Acil-3.jpeg","datePublished":"2025-10-19T19:00:00+00:00","author":{"@id":"https:\/\/folhapopular.info\/#\/schema\/person\/da0b2794f793376cb5dd908e88ca6911"},"breadcrumb":{"@id":"https:\/\/folhapopular.info\/index.php\/2025\/10\/19\/acil-e-sincovat-debatem-riscos-da-pejotizacao-nas-empresas\/#breadcrumb"},"inLanguage":"pt-BR","potentialAction":[{"@type":"ReadAction","target":["https:\/\/folhapopular.info\/index.php\/2025\/10\/19\/acil-e-sincovat-debatem-riscos-da-pejotizacao-nas-empresas\/"]}]},{"@type":"ImageObject","inLanguage":"pt-BR","@id":"https:\/\/folhapopular.info\/index.php\/2025\/10\/19\/acil-e-sincovat-debatem-riscos-da-pejotizacao-nas-empresas\/#primaryimage","url":"https:\/\/folhapopular.info\/wp-content\/uploads\/2025\/10\/Acil-3.jpeg","contentUrl":"https:\/\/folhapopular.info\/wp-content\/uploads\/2025\/10\/Acil-3.jpeg","width":1280,"height":960,"caption":"Palestrantes analisaram os riscos jur\u00eddicos e fiscais do modelo e desdobramentos da an\u00e1lise do STF sobre o assunto \/ Cr\u00e9dito: Thiago Maurique"},{"@type":"BreadcrumbList","@id":"https:\/\/folhapopular.info\/index.php\/2025\/10\/19\/acil-e-sincovat-debatem-riscos-da-pejotizacao-nas-empresas\/#breadcrumb","itemListElement":[{"@type":"ListItem","position":1,"name":"In\u00edcio","item":"https:\/\/folhapopular.info\/"},{"@type":"ListItem","position":2,"name":"Acil e Sincovat debatem riscos da pejotiza\u00e7\u00e3o nas empresas"}]},{"@type":"WebSite","@id":"https:\/\/folhapopular.info\/#website","url":"https:\/\/folhapopular.info\/","name":"Folha Popular","description":"Onde voc\u00ea tem vez e voz","potentialAction":[{"@type":"SearchAction","target":{"@type":"EntryPoint","urlTemplate":"https:\/\/folhapopular.info\/?s={search_term_string}"},"query-input":{"@type":"PropertyValueSpecification","valueRequired":true,"valueName":"search_term_string"}}],"inLanguage":"pt-BR"},{"@type":"Person","@id":"https:\/\/folhapopular.info\/#\/schema\/person\/da0b2794f793376cb5dd908e88ca6911","name":"Thiago Maurique","image":{"@type":"ImageObject","inLanguage":"pt-BR","@id":"https:\/\/folhapopular.info\/wp-content\/uploads\/2026\/04\/THIAGO-MAURIQUE-1-1.webp","url":"https:\/\/folhapopular.info\/wp-content\/uploads\/2026\/04\/THIAGO-MAURIQUE-1-1.webp","contentUrl":"https:\/\/folhapopular.info\/wp-content\/uploads\/2026\/04\/THIAGO-MAURIQUE-1-1.webp","caption":"Thiago Maurique"},"url":"https:\/\/folhapopular.info\/index.php\/author\/thiago-maurique\/"}]}},"jetpack_featured_media_url":"https:\/\/folhapopular.info\/wp-content\/uploads\/2025\/10\/Acil-3.jpeg","jetpack_sharing_enabled":true,"amp_enabled":true,"_links":{"self":[{"href":"https:\/\/folhapopular.info\/index.php\/wp-json\/wp\/v2\/posts\/196444","targetHints":{"allow":["GET"]}}],"collection":[{"href":"https:\/\/folhapopular.info\/index.php\/wp-json\/wp\/v2\/posts"}],"about":[{"href":"https:\/\/folhapopular.info\/index.php\/wp-json\/wp\/v2\/types\/post"}],"author":[{"embeddable":true,"href":"https:\/\/folhapopular.info\/index.php\/wp-json\/wp\/v2\/users\/771"}],"replies":[{"embeddable":true,"href":"https:\/\/folhapopular.info\/index.php\/wp-json\/wp\/v2\/comments?post=196444"}],"version-history":[{"count":0,"href":"https:\/\/folhapopular.info\/index.php\/wp-json\/wp\/v2\/posts\/196444\/revisions"}],"wp:featuredmedia":[{"embeddable":true,"href":"https:\/\/folhapopular.info\/index.php\/wp-json\/wp\/v2\/media\/196445"}],"wp:attachment":[{"href":"https:\/\/folhapopular.info\/index.php\/wp-json\/wp\/v2\/media?parent=196444"}],"wp:term":[{"taxonomy":"category","embeddable":true,"href":"https:\/\/folhapopular.info\/index.php\/wp-json\/wp\/v2\/categories?post=196444"},{"taxonomy":"post_tag","embeddable":true,"href":"https:\/\/folhapopular.info\/index.php\/wp-json\/wp\/v2\/tags?post=196444"}],"curies":[{"name":"wp","href":"https:\/\/api.w.org\/{rel}","templated":true}]}}