{"id":196468,"date":"2025-10-18T10:13:40","date_gmt":"2025-10-18T13:13:40","guid":{"rendered":"https:\/\/folhapopular.info\/?p=196468"},"modified":"2025-10-18T10:13:43","modified_gmt":"2025-10-18T13:13:43","slug":"oitavas-de-final-comecam-amanha-da-serie-a-do-regional-comecam-neste-domingo","status":"publish","type":"post","link":"https:\/\/folhapopular.info\/index.php\/2025\/10\/18\/oitavas-de-final-comecam-amanha-da-serie-a-do-regional-comecam-neste-domingo\/","title":{"rendered":"Oitavas de final come\u00e7am amanh\u00e3 da S\u00e9rie A do Regional come\u00e7am neste domingo"},"content":{"rendered":"\n<p>A 26\u00aa Copa Certel Sicredi 2025 da Aslivata deve ter partidas realizadas neste fim de semana, com jogos das categorias Aspirantes e Titulares das S\u00e9ries A e B e do regional de Veteranos. O destaque fica por conta da S\u00e9rie A, que dar\u00e1 o pontap\u00e9 inicial nos jogos das oitavas de final neste domingo (19\/10), ap\u00f3s fase classificat\u00f3ria apertada e definida na rodada de encerramento.<\/p>\n\n\n\n<p>No Est\u00e1dio do Pav\u00e3o Vermelho, no Bairro Teut\u00f4nia, a SER Ga\u00facho recebe o Nacional de Forquetinha na volta para Teut\u00f4nia, depois da \u201cexcurs\u00e3o\u201d de tr\u00eas jogos fora de casa.<\/p>\n\n\n\n<p>Os teutonienses se classificaram na 10\u00aa posi\u00e7\u00e3o e ainda tentam encontrar o time ideal. O rival avan\u00e7ou em 7\u00ba e se recuperou ap\u00f3s trope\u00e7os. Os forquetenses querem surpreender fora de casa para largar em vantagem e tranquilizar a segunda m\u00e3o em seus dom\u00ednios. Vale lembrar que a equipe n\u00e3o ter\u00e1 o auxiliar t\u00e9cnico Frank Ribeiro, suspenso por 10 jogos oficiais.<\/p>\n\n\n\n<p>Em Boa Vista do Sul, o Boavistense ser\u00e1 visitado pelo Serrano de Encantado. O gren\u00e1 de Boa Vista conseguiu a vaga na 14\u00aa coloca\u00e7\u00e3o e com muito sufoco depois de empate em Canabarro e resultados paralelos. O Serrano, por sua vez, foi l\u00edder por grande parte do campeonato, por\u00e9m, deixou a ponta escapar com a primeira derrota, conhecida na partida passada contra o Brasil de Marques de Souza. Contudo, a equipe de Jacarezinho avan\u00e7ou no 3\u00ba lugar, com 13 pontos.<\/p>\n\n\n\n<p>No Est\u00e1dio Ernesto Dornelles, o Canabarrense visita o Juventude de Guapor\u00e9. O tricolor de Canabarro perdeu a chance de avan\u00e7ar com mais vantagem ap\u00f3s o empate com o Boavistense, por\u00e9m, carimbou a vaga no mata-mata com grande tranquilidade e autoridade, na 4\u00aa posi\u00e7\u00e3o. J\u00e1 o atual campe\u00e3o passou sufoco. O Juventude garantiu o avan\u00e7o na rodada passada e classificou com 6 pontos e 13\u00ba lugar.<\/p>\n\n\n\n<p>Em Linha Berlim, Westf\u00e1lia, o Juventude joga contra o Tiradentes, \u00fanico invicto no campeonato. Os donos da casa ainda n\u00e3o se encontraram na competi\u00e7\u00e3o e classificaram com uma vit\u00f3ria, dois empates e tr\u00eas derrotas. J\u00e1 o Tira fez bonito. O vice-l\u00edder goleou no cl\u00e1ssico com o Imigrante e s\u00f3 n\u00e3o ficou com a melhor campanha por um 1 ponto.<\/p>\n\n\n\n<p>Por falar no Imigrante, o Tigrinho Alto promete rugir com a repeti\u00e7\u00e3o do confronto da rodada do dia 31 de agosto. Imigrante e Taquariense se encontram em Nova Br\u00e9scia. Muita coisa aconteceu depois daquela vit\u00f3ria do time de Taquari por 3 a 2. O Imigrante teve uma leve queda ao 12\u00ba lugar, enquanto o Taquariense decolou e foi para a 5\u00aa posi\u00e7\u00e3o.<\/p>\n\n\n\n<p>Rudibar e Po\u00e7o das Antas tamb\u00e9m fazem \u201crepeteco\u201d de partida da primeira fase. As equipes se encontraram em Po\u00e7o e ficaram no placar igualado em 3 a 3, no confronto eletrizante do dia 17 de agosto. Agora, os times medem for\u00e7as novamente, desta vez, em Bom Retiro do Sul.<\/p>\n\n\n\n<p>No Bairro Conventos, em Lajeado, o dono da pior campanha entre os classificados, Estudiantes, enfrenta o time que mais conquistou pontos, Brasil (Marques de Souza), em um reencontro entre clubes que j\u00e1 se enfrentaram na primeira fase. Na ocasi\u00e3o, os visitantes venceram pelo placar de 3 a 2, com direito ao primeiro gol do campeonato &#8211; marcado por Roberson.<\/p>\n\n\n\n<p>Para fechar, o Ecas encontra o Minuano de Canudos do Vale para partida no Est\u00e1dio Raiana Lu\u00edsa Hachmann. As duas surpresas da competi\u00e7\u00e3o se classificaram com campanhas parecidas. Os mandantes conquistaram 8 pontos e alcan\u00e7aram a 9\u00aa posi\u00e7\u00e3o, enquanto o Minuano fez 9 pontos e avan\u00e7ou em 8\u00ba.<\/p>\n\n\n\n<p>Pelo <strong>segundo quadro<\/strong>, os confrontos s\u00e3o os mesmos, com exce\u00e7\u00e3o dos jogos de Imigrante e Teut\u00f4nia. Como o Ecas n\u00e3o avan\u00e7ou nos Aspirantes, o Navegantes, de Encantado, o acompanha para o confronto contra o Minuano.<\/p>\n\n\n\n<p>Com a elimina\u00e7\u00e3o do Ga\u00facho, o Sete de Setembro de Arroio do Meio tamb\u00e9m jogar\u00e1 fora de seus dom\u00ednios e acompanhar\u00e1 o Nacional, em Teut\u00f4nia.<\/p>\n\n\n\n<figure class=\"wp-block-table is-style-stripes\"><table class=\"has-light-green-cyan-to-vivid-green-cyan-gradient-background has-background\"><tbody><tr><td colspan=\"5\"><strong>Oitavas &#8211; S\u00e9rie A &#8211; Titulares<\/strong><\/td><\/tr><tr><td><strong>Data<\/strong><\/td><td><strong>Local<\/strong><\/td><td><\/td><td><strong>Partida<\/strong><\/td><td><\/td><\/tr><tr><td>19\/10<\/td><td>Lajeado<\/td><td>Estudiantes<\/td><td>x<\/td><td>Brasil<\/td><\/tr><tr><td>19\/10<\/td><td>Westf\u00e1lia<\/td><td>Juventude-We<\/td><td>x<\/td><td>Tiradentes<\/td><\/tr><tr><td>19\/10<\/td><td>Boa Vista do Sul<\/td><td>Boavistense<\/td><td>x<\/td><td>Serrano<\/td><\/tr><tr><td>19\/10<\/td><td>Guapor\u00e9<\/td><td>Juventude-Guap<\/td><td>x<\/td><td>Canabarrense<\/td><\/tr><tr><td>19\/10<\/td><td>Nova Br\u00e9scia<\/td><td>Imigrante<\/td><td>x<\/td><td>Taquariense<\/td><\/tr><tr><td>19\/10<\/td><td>Bom Retiro do Sul<\/td><td>Rudibar<\/td><td>x<\/td><td>Po\u00e7o das Antas<\/td><\/tr><tr><td>19\/10<\/td><td>Teut\u00f4nia<\/td><td>Ga\u00facho<\/td><td>x<\/td><td>Nacional<\/td><\/tr><tr><td>19\/10<\/td><td>Imigrante<\/td><td>Ecas<\/td><td>x<\/td><td>Minuano<\/td><\/tr><\/tbody><\/table><\/figure>\n\n\n\n<figure class=\"wp-block-table is-style-stripes\"><table class=\"has-light-green-cyan-to-vivid-green-cyan-gradient-background has-background\"><tbody><tr><td colspan=\"5\"><strong>Oitavas &#8211; S\u00e9rie A &#8211; Aspirantes<\/strong><\/td><\/tr><tr><td><strong>Data<\/strong><\/td><td><strong>Local<\/strong><\/td><td><\/td><td><strong>Partida<\/strong><\/td><td><\/td><\/tr><tr><td>19\/10<\/td><td>Lajeado<\/td><td>Estudiantes<\/td><td>x<\/td><td>Brasil<\/td><\/tr><tr><td>19\/10<\/td><td>Westf\u00e1lia<\/td><td>Juventude-We<\/td><td>x<\/td><td>Tiradentes<\/td><\/tr><tr><td>19\/10<\/td><td>Boa Vista do Sul<\/td><td>Boavistense<\/td><td>x<\/td><td>Serrano<\/td><\/tr><tr><td>19\/10<\/td><td>Guapor\u00e9<\/td><td>Juventude-Guap<\/td><td>x<\/td><td>Canabarrense<\/td><\/tr><tr><td>19\/10<\/td><td>Nova Br\u00e9scia<\/td><td>Imigrante<\/td><td>x<\/td><td>Taquariense<\/td><\/tr><tr><td>19\/10<\/td><td>Bom Retiro do Sul<\/td><td>Rudibar<\/td><td>x<\/td><td>Po\u00e7o das Antas<\/td><\/tr><tr><td>19\/10<\/td><td>Teut\u00f4nia<\/td><td>Sete de Setembro<\/td><td>x<\/td><td>Nacional<\/td><\/tr><tr><td>19\/10<\/td><td>Imigrante<\/td><td>Navegantes<\/td><td>x<\/td><td>Minuano<\/td><\/tr><\/tbody><\/table><\/figure>\n\n\n\n<figure class=\"wp-block-table is-style-stripes\"><table class=\"has-light-green-cyan-to-vivid-green-cyan-gradient-background has-background\"><tbody><tr><td colspan=\"3\"><strong>Artilheiros<\/strong><\/td><\/tr><tr><td colspan=\"3\"><strong>S\u00e9rie A \u2013 Titulares<\/strong><\/td><\/tr><tr><td><strong>Gols<\/strong><\/td><td><strong>Atleta<\/strong><\/td><td><strong>Clube<\/strong><\/td><\/tr><tr><td>5<\/td><td>Felipe Gedoz<\/td><td>Estudiantes<\/td><\/tr><tr><td>5<\/td><td>Maicon &#8220;Pedra&#8221;<\/td><td>Po\u00e7o Das Antas<\/td><\/tr><tr><td>5<\/td><td>Diego Costa<\/td><td>Serrano<\/td><\/tr><tr><td>4<\/td><td>Wiliam Dresch<\/td><td>Brasil<\/td><\/tr><tr><td>4<\/td><td>Andrei Macedo<\/td><td>Taquariense<\/td><\/tr><tr><td>4<\/td><td>Pepi<\/td><td>Canabarrense<\/td><\/tr><\/tbody><\/table><\/figure>\n\n\n\n<figure class=\"wp-block-table is-style-stripes\"><table class=\"has-light-green-cyan-to-vivid-green-cyan-gradient-background has-background\"><tbody><tr><td colspan=\"3\"><strong>S\u00e9rie A \u2013 Aspirantes<\/strong><\/td><\/tr><tr><td><strong>Gols<\/strong><\/td><td><strong>Atleta<\/strong><\/td><td><strong>Clube<\/strong><\/td><\/tr><tr><td>6<\/td><td>Wellington Belchior<\/td><td>Tiradentes<\/td><\/tr><tr><td>5<\/td><td>William Reis<\/td><td>Brasil<\/td><\/tr><tr><td>5<\/td><td>Adrian dos Santos<\/td><td>Estudiantes<\/td><\/tr><tr><td>5<\/td><td>Vitor Hugo Eggers<\/td><td>Minuano<\/td><\/tr><tr><td>4<\/td><td>Gabriel Martins<\/td><td>Imigrante<\/td><\/tr><tr><td>4<\/td><td>Arti\u00e9ris Guindani<\/td><td>Po\u00e7o Das Antas<\/td><\/tr><tr><td>4<\/td><td>Cau\u00ea Ballestreri Claus<\/td><td>Nacional<\/td><\/tr><tr><td>4<\/td><td>Uriel Scheidt<\/td><td>Tiradentes<\/td><\/tr><\/tbody><\/table><\/figure>\n\n\n\n<h2 class=\"wp-block-heading\"><strong>S\u00e9rie B<\/strong><\/h2>\n\n\n\n<p>A S\u00e9rie B do Regional tamb\u00e9m realiza a 4\u00aa rodada neste domingo e pode encaminhar classifica\u00e7\u00f5es para as semifinais. Ainda restam outros dois fins de semana com jogos ap\u00f3s este, mas o cen\u00e1rio come\u00e7a a se desenhar.<\/p>\n\n\n\n<p>O 1\u00ba lugar pode mudar de m\u00e3os em Canudos do Vale. O vice-l\u00edder Nova Berlim recebe o l\u00edder 11 Amigos para o \u201cconfronto da rodada\u201d. Empatados com 9 pontos, os dois travam disputa ferrenha pela ponta, principalmente ap\u00f3s a arrancada da equipe de Po\u00e7o das Antas, que se recuperou no campeonato.<\/p>\n\n\n\n<p>No outro jogo, em Lajeado, o lanterna Guarani quer continuar com vida para a sequ\u00eancia da competi\u00e7\u00e3o. Com apenas 3 pontos, uma eventual derrota para o Delfinense pode atrapalhar os planos e frustrar ainda mais a campanha. O rival, do Distrito de Delfina, busca a vit\u00f3ria e torce por empate no jogo de Canudos. Com isso, os estrelenses assumem a lideran\u00e7a e se isolam na ponta da tabela. O Delfinense \u00e9 4\u00ba colocado com 8 pontos e pode ultrapassar o 11 Amigos, Nova Berlim e CMD Mu\u00e7um (de folga e com 9 pontos).<\/p>\n\n\n\n<p>Pela categoria <strong>Aspirantes<\/strong>, s\u00f3 h\u00e1 uma certeza: o CMD Mu\u00e7um seguir\u00e1 como l\u00edder, mesmo com folga. Com 17 pontos, o clube apenas assistir\u00e1 mais uma rodada. A situa\u00e7\u00e3o de 11 Amigos e Nova Berlim \u00e9 parecida com o primeiro quadro, tendo em vista que est\u00e3o empatados na 2\u00aa e 3\u00aa coloca\u00e7\u00f5es e podem alternar de lugar.<\/p>\n\n\n\n<p>J\u00e1 Guarani e Delfinense podem trocar de posi\u00e7\u00f5es na parte baixa. Os mandantes est\u00e3o com 3 pontos, enquanto a equipe de Delfina conquistou 4 em cinco jogos. A chance \u00e9 de ganhar f\u00f4lego para as duas rodadas restantes.<\/p>\n\n\n\n<figure class=\"wp-block-table is-style-stripes\"><table class=\"has-light-green-cyan-to-vivid-green-cyan-gradient-background has-background\"><tbody><tr><td colspan=\"5\"><strong>S\u00e9rie B &#8211; 4\u00aa rodada<\/strong><\/td><\/tr><tr><td><strong>Data<\/strong><\/td><td><strong>Local<\/strong><\/td><td><\/td><td><strong>Partida<\/strong><\/td><td><\/td><\/tr><tr><td>19\/10<\/td><td>Canudos do Vale<\/td><td>Nova Berlim<\/td><td>x<\/td><td>11 Amigos<\/td><\/tr><tr><td>19\/10<\/td><td>Lajeado<\/td><td>Guarani<\/td><td>x<\/td><td>Delfinense<\/td><\/tr><tr><td>Folga: CMD Mu\u00e7um<\/td><td><\/td><td><\/td><td><\/td><td><\/td><\/tr><\/tbody><\/table><\/figure>\n\n\n\n<figure class=\"wp-block-table is-style-stripes\"><table class=\"has-light-green-cyan-to-vivid-green-cyan-gradient-background has-background\"><tbody><tr><td colspan=\"12\"><strong>S\u00e9rie B &#8211; Titulares<\/strong><\/td><\/tr><tr><td><strong>Pos.<\/strong><\/td><td><strong>Equipes<\/strong><\/td><td><strong>PG<\/strong><\/td><td><strong>J<\/strong><\/td><td><strong>V<\/strong><\/td><td><strong>E<\/strong><\/td><td><strong>D<\/strong><\/td><td><strong>GP<\/strong><\/td><td><strong>GS<\/strong><\/td><td><strong>SG<\/strong><\/td><td><strong>%<\/strong><\/td><td><strong>Disc<\/strong><\/td><\/tr><tr><td>1\u00ba<\/td><td>11 Amigos<\/td><td>9<\/td><td>5<\/td><td>3<\/td><td>0<\/td><td>2<\/td><td>13<\/td><td>9<\/td><td>4<\/td><td>60<\/td><td>180<\/td><\/tr><tr><td>2\u00ba<\/td><td>Nova Berlim<\/td><td>9<\/td><td>5<\/td><td>2<\/td><td>3<\/td><td>0<\/td><td>6<\/td><td>4<\/td><td>2<\/td><td>60<\/td><td>120<\/td><\/tr><tr><td>3\u00ba<\/td><td>CMD Mu\u00e7um<\/td><td>9<\/td><td>7<\/td><td>2<\/td><td>3<\/td><td>2<\/td><td>13<\/td><td>11<\/td><td>2<\/td><td>43<\/td><td>280<\/td><\/tr><tr><td>4\u00ba<\/td><td>Delfinense<\/td><td>8<\/td><td>5<\/td><td>2<\/td><td>2<\/td><td>1<\/td><td>13<\/td><td>11<\/td><td>2<\/td><td>53<\/td><td>120<\/td><\/tr><tr><td>5\u00ba<\/td><td>Guarani<\/td><td>3<\/td><td>6<\/td><td>1<\/td><td>0<\/td><td>5<\/td><td>5<\/td><td>15<\/td><td>-10<\/td><td>17<\/td><td>350<\/td><\/tr><\/tbody><\/table><\/figure>\n\n\n\n<figure class=\"wp-block-table is-style-stripes\"><table class=\"has-light-green-cyan-to-vivid-green-cyan-gradient-background has-background\"><tbody><tr><td colspan=\"12\"><strong>S\u00e9rie B &#8211; Aspirantes<\/strong><\/td><\/tr><tr><td><strong>Pos.<\/strong><\/td><td><strong>Equipes<\/strong><\/td><td><strong>PG<\/strong><\/td><td><strong>J<\/strong><\/td><td><strong>V<\/strong><\/td><td><strong>E<\/strong><\/td><td><strong>D<\/strong><\/td><td><strong>GP<\/strong><\/td><td><strong>GS<\/strong><\/td><td><strong>SG<\/strong><\/td><td><strong>%<\/strong><\/td><td><strong>Disc<\/strong><\/td><\/tr><tr><td>1\u00ba<\/td><td>CMD Mu\u00e7um<\/td><td>17<\/td><td>7<\/td><td>5<\/td><td>2<\/td><td>0<\/td><td>14<\/td><td>4<\/td><td>10<\/td><td>81<\/td><td>190<\/td><\/tr><tr><td>2\u00ba<\/td><td>Nova Berlim<\/td><td>7<\/td><td>5<\/td><td>2<\/td><td>1<\/td><td>2<\/td><td>5<\/td><td>7<\/td><td>-2<\/td><td>47<\/td><td>150<\/td><\/tr><tr><td>3\u00ba<\/td><td>11 Amigos<\/td><td>7<\/td><td>5<\/td><td>2<\/td><td>1<\/td><td>2<\/td><td>8<\/td><td>11<\/td><td>-3<\/td><td>47<\/td><td>230<\/td><\/tr><tr><td>4\u00ba<\/td><td>Delfinense<\/td><td>4<\/td><td>5<\/td><td>1<\/td><td>1<\/td><td>3<\/td><td>5<\/td><td>6<\/td><td>-1<\/td><td>27<\/td><td>180<\/td><\/tr><tr><td>5\u00ba<\/td><td>Guarani<\/td><td>3<\/td><td>6<\/td><td>0<\/td><td>3<\/td><td>3<\/td><td>6<\/td><td>10<\/td><td>-4<\/td><td>17<\/td><td>250<\/td><\/tr><\/tbody><\/table><\/figure>\n\n\n\n<h2 class=\"wp-block-heading\"><strong>Veteranos<\/strong><\/h2>\n\n\n\n<p>Nos Veteranos, a rodada de encerramento da primeira fase definir\u00e1 os classificados para as quartas de final. Dos nove clubes, oito avan\u00e7am e disputam a etapa quente do campeonato. Santa Cruz do Sul, Ven\u00e2ncio Aires e Roca Sales recebem os confrontos.<\/p>\n\n\n\n<p>As terras ven\u00e2ncio-airenses ser\u00e3o palco de duas partidas. Uma delas definir\u00e1 o eliminado da competi\u00e7\u00e3o. A Assespe recebe o Sete de Setembro na luta pela vida. Em caso de derrota ou empate, o time da casa estar\u00e1 fora da briga pelo mata-mata, enquanto uma vit\u00f3ria faz a equipe sonhar, mas depende de resultados. O Sete, por outro lado, \u00e9 7\u00ba colocado e joga para subir na tabela.<\/p>\n\n\n\n<p>Tamb\u00e9m em Ven\u00e2ncio, o vice-l\u00edder S\u00e3o Luiz joga contra o Penharol. Os lajeadenses t\u00eam chances de encostar nas primeiras posi\u00e7\u00f5es, enquanto os mandantes ainda acreditam na lideran\u00e7a, mas dependem de outros placares para alcan\u00e7ar o feito.<\/p>\n\n\n\n<p>Em Santa Cruz do Sul, o Flamengo encara o Floriano. O Flamengo se reencontrou na competi\u00e7\u00e3o e est\u00e1 pr\u00f3ximo da vaga. O Floriano, por sua vez, ainda tem chances de lideran\u00e7a, mas precisa triunfar e torcer por resultados paralelos.<\/p>\n\n\n\n<p>J\u00e1 o l\u00edder joga em Roca Sales. O Conc\u00f3rdia recebe o Rudibar para se manter mais l\u00edder do que nunca. Com 11 pontos, a meta \u00e9 alcan\u00e7ar os 14 e levar as partidas para casa durante o mata-mata. O Rudi pode ser l\u00edder, mas depende de v\u00e1rias combina\u00e7\u00f5es de resultados.<\/p>\n\n\n\n<p>A folga da rodada \u00e9 do Serrano, 5\u00ba colocado com 7 pontos.<\/p>\n\n\n\n<figure class=\"wp-block-table is-style-stripes\"><table class=\"has-light-green-cyan-to-vivid-green-cyan-gradient-background has-background\"><tbody><tr><td colspan=\"5\"><strong>Veteranos &#8211; 6\u00aa rodada<\/strong><\/td><\/tr><tr><td><strong>Data<\/strong><\/td><td><strong>Local<\/strong><\/td><td><\/td><td><strong>Partida<\/strong><\/td><td><\/td><\/tr><tr><td>19\/10<\/td><td>Santa Cruz do Sul<\/td><td>Flamengo<\/td><td>x<\/td><td>Floriano<\/td><\/tr><tr><td>19\/10<\/td><td>Ven\u00e2ncio Aires<\/td><td>S\u00e3o Luiz<\/td><td>x<\/td><td>Penharol<\/td><\/tr><tr><td>19\/10<\/td><td>Ven\u00e2ncio Aires<\/td><td>Assespe<\/td><td>x<\/td><td>Sete de Setembro<\/td><\/tr><tr><td>19\/10<\/td><td>Roca Sales<\/td><td>Conc\u00f3rdia<\/td><td>x<\/td><td>Rudibar<\/td><\/tr><tr><td>Folga: Serrano<\/td><td><\/td><td><\/td><td><\/td><td><\/td><\/tr><\/tbody><\/table><\/figure>\n\n\n\n<figure class=\"wp-block-table is-style-stripes\"><table class=\"has-light-green-cyan-to-vivid-green-cyan-gradient-background has-background\"><tbody><tr><td colspan=\"12\"><strong>Veteranos<\/strong><\/td><\/tr><tr><td><strong>Pos.<\/strong><\/td><td><strong>Equipes<\/strong><\/td><td><strong>PG<\/strong><\/td><td><strong>J<\/strong><\/td><td><strong>V<\/strong><\/td><td><strong>E<\/strong><\/td><td><strong>D<\/strong><\/td><td><strong>GP<\/strong><\/td><td><strong>GS<\/strong><\/td><td><strong>SG<\/strong><\/td><td><strong>%<\/strong><\/td><td><strong>Disc<\/strong><\/td><\/tr><tr><td>1\u00ba<\/td><td>Conc\u00f3rdia<\/td><td>11<\/td><td>5<\/td><td>3<\/td><td>2<\/td><td>0<\/td><td>11<\/td><td>6<\/td><td>5<\/td><td>73<\/td><td>110<\/td><\/tr><tr><td>2\u00ba<\/td><td>S\u00e3o Luiz<\/td><td>9<\/td><td>5<\/td><td>2<\/td><td>3<\/td><td>0<\/td><td>5<\/td><td>3<\/td><td>2<\/td><td>60<\/td><td>190<\/td><\/tr><tr><td>3\u00ba<\/td><td>Floriano<\/td><td>9<\/td><td>5<\/td><td>2<\/td><td>3<\/td><td>0<\/td><td>6<\/td><td>3<\/td><td>3<\/td><td>60<\/td><td>280<\/td><\/tr><tr><td>4\u00ba<\/td><td>Rudibar<\/td><td>8<\/td><td>5<\/td><td>2<\/td><td>2<\/td><td>1<\/td><td>10<\/td><td>4<\/td><td>6<\/td><td>53<\/td><td>140<\/td><\/tr><tr><td>5\u00ba<\/td><td>Serrano<\/td><td>7<\/td><td>6<\/td><td>2<\/td><td>1<\/td><td>3<\/td><td>9<\/td><td>7<\/td><td>2<\/td><td>39<\/td><td>360<\/td><\/tr><tr><td>6\u00ba<\/td><td>Penharol<\/td><td>6<\/td><td>5<\/td><td>1<\/td><td>3<\/td><td>1<\/td><td>6<\/td><td>7<\/td><td>-1<\/td><td>0<\/td><td>340<\/td><\/tr><tr><td>7\u00ba<\/td><td>Sete de Setembro<\/td><td>5<\/td><td>5<\/td><td>1<\/td><td>2<\/td><td>2<\/td><td>5<\/td><td>7<\/td><td>-2<\/td><td>33<\/td><td>190<\/td><\/tr><tr><td>8\u00ba<\/td><td>Flamengo<\/td><td>4<\/td><td>5<\/td><td>1<\/td><td>1<\/td><td>3<\/td><td>8<\/td><td>12<\/td><td>-4<\/td><td>27<\/td><td>120<\/td><\/tr><tr><td>9\u00ba<\/td><td>Assespe<\/td><td>1<\/td><td>5<\/td><td>0<\/td><td>1<\/td><td>4<\/td><td>2<\/td><td>13<\/td><td>-11<\/td><td>7<\/td><td>160<\/td><\/tr><\/tbody><\/table><\/figure>\n\n\n\n<h2 class=\"wp-block-heading\"><strong>Assista:<\/strong><\/h2>\n\n\n\n<figure class=\"wp-block-embed is-type-video is-provider-youtube wp-block-embed-youtube wp-embed-aspect-4-3 wp-has-aspect-ratio\"><div class=\"wp-block-embed__wrapper\">\n<div class=\"youtube-embed\" data-video_id=\"5kDP4mTtI9o\"><iframe loading=\"lazy\" title=\"REGIONAL CERTEL \/ SICREDI 2025 - OITAVAS DE FINAL | JORNADA ESPORTIVA\" width=\"696\" height=\"522\" src=\"https:\/\/www.youtube.com\/embed\/5kDP4mTtI9o?feature=oembed&#038;enablejsapi=1\" frameborder=\"0\" allow=\"accelerometer; autoplay; clipboard-write; encrypted-media; gyroscope; picture-in-picture; web-share\" referrerpolicy=\"strict-origin-when-cross-origin\" allowfullscreen><\/iframe><\/div>\n<\/div><\/figure>\n\n\n\n<figure class=\"wp-block-embed is-type-video is-provider-youtube wp-block-embed-youtube wp-embed-aspect-4-3 wp-has-aspect-ratio\"><div class=\"wp-block-embed__wrapper\">\n<iframe loading=\"lazy\" title=\"REGIONAL CERTEL \/ SICREDI 2025 - OITAVAS DE FINAL | JORNADA ESPORTIVA\" width=\"696\" height=\"522\" src=\"https:\/\/www.youtube.com\/embed\/4Hb1FCxIcmE?feature=oembed\" frameborder=\"0\" allow=\"accelerometer; autoplay; clipboard-write; encrypted-media; gyroscope; picture-in-picture; web-share\" referrerpolicy=\"strict-origin-when-cross-origin\" allowfullscreen><\/iframe>\n<\/div><\/figure>\n","protected":false},"excerpt":{"rendered":"<p>A 26\u00aa Copa Certel Sicredi 2025 da Aslivata deve ter partidas realizadas neste fim de semana, com jogos das categorias Aspirantes e Titulares das S\u00e9ries A e B e do regional de Veteranos. O destaque fica por conta da S\u00e9rie A, que dar\u00e1 o pontap\u00e9 inicial nos jogos das oitavas de final neste domingo (19\/10), [&hellip;]<\/p>\n","protected":false},"author":732,"featured_media":196469,"comment_status":"open","ping_status":"open","sticky":false,"template":"","format":"standard","meta":{"pmpro_default_level":"","_jetpack_memberships_contains_paid_content":false,"footnotes":""},"categories":[18696,5,240,288],"tags":[19320,147,317,994,3334,4884],"class_list":{"0":"post-196468","1":"post","2":"type-post","3":"status-publish","4":"format-standard","5":"has-post-thumbnail","7":"category-campeonato-regional-2025","8":"category-esportes","9":"category-futebol-amador","10":"category-regional-da-aslivata","11":"tag-campeonato-regional-certel-sicredi","12":"tag-futebol-amador","13":"tag-regional","14":"tag-regional-aslivata","15":"tag-regional-de-veteranos","16":"tag-serie-a","17":"pmpro-has-access"},"yoast_head":"<!-- This site is optimized with the Yoast SEO plugin v27.5 - https:\/\/yoast.com\/product\/yoast-seo-wordpress\/ -->\n<title>Oitavas de final come\u00e7am amanh\u00e3 da S\u00e9rie A do Regional come\u00e7am neste domingo - Folha Popular<\/title>\n<meta name=\"robots\" content=\"index, follow, max-snippet:-1, max-image-preview:large, max-video-preview:-1\" \/>\n<link rel=\"canonical\" href=\"https:\/\/folhapopular.info\/index.php\/2025\/10\/18\/oitavas-de-final-comecam-amanha-da-serie-a-do-regional-comecam-neste-domingo\/\" \/>\n<meta property=\"og:locale\" content=\"pt_BR\" \/>\n<meta property=\"og:type\" content=\"article\" \/>\n<meta property=\"og:title\" content=\"Oitavas de final come\u00e7am amanh\u00e3 da S\u00e9rie A do Regional come\u00e7am neste domingo - Folha Popular\" \/>\n<meta property=\"og:description\" content=\"A 26\u00aa Copa Certel Sicredi 2025 da Aslivata deve ter partidas realizadas neste fim de semana, com jogos das categorias Aspirantes e Titulares das S\u00e9ries A e B e do regional de Veteranos. O destaque fica por conta da S\u00e9rie A, que dar\u00e1 o pontap\u00e9 inicial nos jogos das oitavas de final neste domingo (19\/10), [&hellip;]\" \/>\n<meta property=\"og:url\" content=\"https:\/\/folhapopular.info\/index.php\/2025\/10\/18\/oitavas-de-final-comecam-amanha-da-serie-a-do-regional-comecam-neste-domingo\/\" \/>\n<meta property=\"og:site_name\" content=\"Folha Popular\" \/>\n<meta property=\"article:author\" content=\"https:\/\/www.facebook.com\/luis.huppes\/\" \/>\n<meta property=\"article:published_time\" content=\"2025-10-18T13:13:40+00:00\" \/>\n<meta property=\"article:modified_time\" content=\"2025-10-18T13:13:43+00:00\" \/>\n<meta property=\"og:image\" content=\"http:\/\/folhapopular.info\/wp-content\/uploads\/2025\/10\/Grupo-Popular-transmite-Boavistense-x-Serrano-em-Boa-Vista-do-Sul-scaled.jpeg\" \/>\n\t<meta property=\"og:image:width\" content=\"2560\" \/>\n\t<meta property=\"og:image:height\" content=\"1920\" \/>\n\t<meta property=\"og:image:type\" content=\"image\/jpeg\" \/>\n<meta name=\"author\" content=\"Luis Augusto Huppes\" \/>\n<meta name=\"twitter:card\" content=\"summary_large_image\" \/>\n<meta name=\"twitter:label1\" content=\"Escrito por\" \/>\n\t<meta name=\"twitter:data1\" content=\"Luis Augusto Huppes\" \/>\n\t<meta name=\"twitter:label2\" content=\"Est. tempo de leitura\" \/>\n\t<meta name=\"twitter:data2\" content=\"10 minutos\" \/>\n<script type=\"application\/ld+json\" class=\"yoast-schema-graph\">{\"@context\":\"https:\\\/\\\/schema.org\",\"@graph\":[{\"@type\":\"Article\",\"@id\":\"https:\\\/\\\/folhapopular.info\\\/index.php\\\/2025\\\/10\\\/18\\\/oitavas-de-final-comecam-amanha-da-serie-a-do-regional-comecam-neste-domingo\\\/#article\",\"isPartOf\":{\"@id\":\"https:\\\/\\\/folhapopular.info\\\/index.php\\\/2025\\\/10\\\/18\\\/oitavas-de-final-comecam-amanha-da-serie-a-do-regional-comecam-neste-domingo\\\/\"},\"author\":{\"name\":\"Luis Augusto Huppes\",\"@id\":\"https:\\\/\\\/folhapopular.info\\\/#\\\/schema\\\/person\\\/e852c327371714676d02e58cf917fd9f\"},\"headline\":\"Oitavas de final come\u00e7am amanh\u00e3 da S\u00e9rie A do Regional come\u00e7am neste domingo\",\"datePublished\":\"2025-10-18T13:13:40+00:00\",\"dateModified\":\"2025-10-18T13:13:43+00:00\",\"mainEntityOfPage\":{\"@id\":\"https:\\\/\\\/folhapopular.info\\\/index.php\\\/2025\\\/10\\\/18\\\/oitavas-de-final-comecam-amanha-da-serie-a-do-regional-comecam-neste-domingo\\\/\"},\"wordCount\":1571,\"commentCount\":0,\"image\":{\"@id\":\"https:\\\/\\\/folhapopular.info\\\/index.php\\\/2025\\\/10\\\/18\\\/oitavas-de-final-comecam-amanha-da-serie-a-do-regional-comecam-neste-domingo\\\/#primaryimage\"},\"thumbnailUrl\":\"https:\\\/\\\/folhapopular.info\\\/wp-content\\\/uploads\\\/2025\\\/10\\\/Grupo-Popular-transmite-Boavistense-x-Serrano-em-Boa-Vista-do-Sul-scaled.jpeg\",\"keywords\":[\"Campeonato Regional Certel Sicredi\",\"futebol amador\",\"Regional\",\"Regional Aslivata\",\"Regional de Veteranos\",\"S\u00e9rie A\"],\"articleSection\":[\"Campeonato Regional 2025\",\"Esportes\",\"Futebol Amador\",\"Regional da Aslivata\"],\"inLanguage\":\"pt-BR\",\"potentialAction\":[{\"@type\":\"CommentAction\",\"name\":\"Comment\",\"target\":[\"https:\\\/\\\/folhapopular.info\\\/index.php\\\/2025\\\/10\\\/18\\\/oitavas-de-final-comecam-amanha-da-serie-a-do-regional-comecam-neste-domingo\\\/#respond\"]}]},{\"@type\":\"WebPage\",\"@id\":\"https:\\\/\\\/folhapopular.info\\\/index.php\\\/2025\\\/10\\\/18\\\/oitavas-de-final-comecam-amanha-da-serie-a-do-regional-comecam-neste-domingo\\\/\",\"url\":\"https:\\\/\\\/folhapopular.info\\\/index.php\\\/2025\\\/10\\\/18\\\/oitavas-de-final-comecam-amanha-da-serie-a-do-regional-comecam-neste-domingo\\\/\",\"name\":\"Oitavas de final come\u00e7am amanh\u00e3 da S\u00e9rie A do Regional come\u00e7am neste domingo - Folha Popular\",\"isPartOf\":{\"@id\":\"https:\\\/\\\/folhapopular.info\\\/#website\"},\"primaryImageOfPage\":{\"@id\":\"https:\\\/\\\/folhapopular.info\\\/index.php\\\/2025\\\/10\\\/18\\\/oitavas-de-final-comecam-amanha-da-serie-a-do-regional-comecam-neste-domingo\\\/#primaryimage\"},\"image\":{\"@id\":\"https:\\\/\\\/folhapopular.info\\\/index.php\\\/2025\\\/10\\\/18\\\/oitavas-de-final-comecam-amanha-da-serie-a-do-regional-comecam-neste-domingo\\\/#primaryimage\"},\"thumbnailUrl\":\"https:\\\/\\\/folhapopular.info\\\/wp-content\\\/uploads\\\/2025\\\/10\\\/Grupo-Popular-transmite-Boavistense-x-Serrano-em-Boa-Vista-do-Sul-scaled.jpeg\",\"datePublished\":\"2025-10-18T13:13:40+00:00\",\"dateModified\":\"2025-10-18T13:13:43+00:00\",\"author\":{\"@id\":\"https:\\\/\\\/folhapopular.info\\\/#\\\/schema\\\/person\\\/e852c327371714676d02e58cf917fd9f\"},\"breadcrumb\":{\"@id\":\"https:\\\/\\\/folhapopular.info\\\/index.php\\\/2025\\\/10\\\/18\\\/oitavas-de-final-comecam-amanha-da-serie-a-do-regional-comecam-neste-domingo\\\/#breadcrumb\"},\"inLanguage\":\"pt-BR\",\"potentialAction\":[{\"@type\":\"ReadAction\",\"target\":[\"https:\\\/\\\/folhapopular.info\\\/index.php\\\/2025\\\/10\\\/18\\\/oitavas-de-final-comecam-amanha-da-serie-a-do-regional-comecam-neste-domingo\\\/\"]}]},{\"@type\":\"ImageObject\",\"inLanguage\":\"pt-BR\",\"@id\":\"https:\\\/\\\/folhapopular.info\\\/index.php\\\/2025\\\/10\\\/18\\\/oitavas-de-final-comecam-amanha-da-serie-a-do-regional-comecam-neste-domingo\\\/#primaryimage\",\"url\":\"https:\\\/\\\/folhapopular.info\\\/wp-content\\\/uploads\\\/2025\\\/10\\\/Grupo-Popular-transmite-Boavistense-x-Serrano-em-Boa-Vista-do-Sul-scaled.jpeg\",\"contentUrl\":\"https:\\\/\\\/folhapopular.info\\\/wp-content\\\/uploads\\\/2025\\\/10\\\/Grupo-Popular-transmite-Boavistense-x-Serrano-em-Boa-Vista-do-Sul-scaled.jpeg\",\"width\":2560,\"height\":1920,\"caption\":\"Grupo Popular transmite Boavistense x Serrano, em Boa Vista do Sul - Cr\u00e9dito: Vitor Gabriel dos Santos \\\/ Especial FP\"},{\"@type\":\"BreadcrumbList\",\"@id\":\"https:\\\/\\\/folhapopular.info\\\/index.php\\\/2025\\\/10\\\/18\\\/oitavas-de-final-comecam-amanha-da-serie-a-do-regional-comecam-neste-domingo\\\/#breadcrumb\",\"itemListElement\":[{\"@type\":\"ListItem\",\"position\":1,\"name\":\"In\u00edcio\",\"item\":\"https:\\\/\\\/folhapopular.info\\\/\"},{\"@type\":\"ListItem\",\"position\":2,\"name\":\"Oitavas de final come\u00e7am amanh\u00e3 da S\u00e9rie A do Regional come\u00e7am neste domingo\"}]},{\"@type\":\"WebSite\",\"@id\":\"https:\\\/\\\/folhapopular.info\\\/#website\",\"url\":\"https:\\\/\\\/folhapopular.info\\\/\",\"name\":\"Folha Popular\",\"description\":\"Onde voc\u00ea tem vez e voz\",\"potentialAction\":[{\"@type\":\"SearchAction\",\"target\":{\"@type\":\"EntryPoint\",\"urlTemplate\":\"https:\\\/\\\/folhapopular.info\\\/?s={search_term_string}\"},\"query-input\":{\"@type\":\"PropertyValueSpecification\",\"valueRequired\":true,\"valueName\":\"search_term_string\"}}],\"inLanguage\":\"pt-BR\"},{\"@type\":\"Person\",\"@id\":\"https:\\\/\\\/folhapopular.info\\\/#\\\/schema\\\/person\\\/e852c327371714676d02e58cf917fd9f\",\"name\":\"Luis Augusto Huppes\",\"image\":{\"@type\":\"ImageObject\",\"inLanguage\":\"pt-BR\",\"@id\":\"https:\\\/\\\/folhapopular.info\\\/wp-content\\\/uploads\\\/2026\\\/04\\\/Luis-Augusto-Huppes-1-1.webp\",\"url\":\"https:\\\/\\\/folhapopular.info\\\/wp-content\\\/uploads\\\/2026\\\/04\\\/Luis-Augusto-Huppes-1-1.webp\",\"contentUrl\":\"https:\\\/\\\/folhapopular.info\\\/wp-content\\\/uploads\\\/2026\\\/04\\\/Luis-Augusto-Huppes-1-1.webp\",\"caption\":\"Luis Augusto Huppes\"},\"sameAs\":[\"https:\\\/\\\/www.facebook.com\\\/luis.huppes\\\/\",\"https:\\\/\\\/www.instagram.com\\\/luis.huppes\\\/\",\"https:\\\/\\\/www.linkedin.com\\\/in\\\/luis-augusto-huppes-2554b52b7\\\/\"],\"url\":\"https:\\\/\\\/folhapopular.info\\\/index.php\\\/author\\\/luis-augusto-huppes\\\/\"}]}<\/script>\n<!-- \/ Yoast SEO plugin. -->","yoast_head_json":{"title":"Oitavas de final come\u00e7am amanh\u00e3 da S\u00e9rie A do Regional come\u00e7am neste domingo - Folha Popular","robots":{"index":"index","follow":"follow","max-snippet":"max-snippet:-1","max-image-preview":"max-image-preview:large","max-video-preview":"max-video-preview:-1"},"canonical":"https:\/\/folhapopular.info\/index.php\/2025\/10\/18\/oitavas-de-final-comecam-amanha-da-serie-a-do-regional-comecam-neste-domingo\/","og_locale":"pt_BR","og_type":"article","og_title":"Oitavas de final come\u00e7am amanh\u00e3 da S\u00e9rie A do Regional come\u00e7am neste domingo - Folha Popular","og_description":"A 26\u00aa Copa Certel Sicredi 2025 da Aslivata deve ter partidas realizadas neste fim de semana, com jogos das categorias Aspirantes e Titulares das S\u00e9ries A e B e do regional de Veteranos. O destaque fica por conta da S\u00e9rie A, que dar\u00e1 o pontap\u00e9 inicial nos jogos das oitavas de final neste domingo (19\/10), [&hellip;]","og_url":"https:\/\/folhapopular.info\/index.php\/2025\/10\/18\/oitavas-de-final-comecam-amanha-da-serie-a-do-regional-comecam-neste-domingo\/","og_site_name":"Folha Popular","article_author":"https:\/\/www.facebook.com\/luis.huppes\/","article_published_time":"2025-10-18T13:13:40+00:00","article_modified_time":"2025-10-18T13:13:43+00:00","og_image":[{"width":2560,"height":1920,"url":"http:\/\/folhapopular.info\/wp-content\/uploads\/2025\/10\/Grupo-Popular-transmite-Boavistense-x-Serrano-em-Boa-Vista-do-Sul-scaled.jpeg","type":"image\/jpeg"}],"author":"Luis Augusto Huppes","twitter_card":"summary_large_image","twitter_misc":{"Escrito por":"Luis Augusto Huppes","Est. tempo de leitura":"10 minutos"},"schema":{"@context":"https:\/\/schema.org","@graph":[{"@type":"Article","@id":"https:\/\/folhapopular.info\/index.php\/2025\/10\/18\/oitavas-de-final-comecam-amanha-da-serie-a-do-regional-comecam-neste-domingo\/#article","isPartOf":{"@id":"https:\/\/folhapopular.info\/index.php\/2025\/10\/18\/oitavas-de-final-comecam-amanha-da-serie-a-do-regional-comecam-neste-domingo\/"},"author":{"name":"Luis Augusto Huppes","@id":"https:\/\/folhapopular.info\/#\/schema\/person\/e852c327371714676d02e58cf917fd9f"},"headline":"Oitavas de final come\u00e7am amanh\u00e3 da S\u00e9rie A do Regional come\u00e7am neste domingo","datePublished":"2025-10-18T13:13:40+00:00","dateModified":"2025-10-18T13:13:43+00:00","mainEntityOfPage":{"@id":"https:\/\/folhapopular.info\/index.php\/2025\/10\/18\/oitavas-de-final-comecam-amanha-da-serie-a-do-regional-comecam-neste-domingo\/"},"wordCount":1571,"commentCount":0,"image":{"@id":"https:\/\/folhapopular.info\/index.php\/2025\/10\/18\/oitavas-de-final-comecam-amanha-da-serie-a-do-regional-comecam-neste-domingo\/#primaryimage"},"thumbnailUrl":"https:\/\/folhapopular.info\/wp-content\/uploads\/2025\/10\/Grupo-Popular-transmite-Boavistense-x-Serrano-em-Boa-Vista-do-Sul-scaled.jpeg","keywords":["Campeonato Regional Certel Sicredi","futebol amador","Regional","Regional Aslivata","Regional de Veteranos","S\u00e9rie A"],"articleSection":["Campeonato Regional 2025","Esportes","Futebol Amador","Regional da Aslivata"],"inLanguage":"pt-BR","potentialAction":[{"@type":"CommentAction","name":"Comment","target":["https:\/\/folhapopular.info\/index.php\/2025\/10\/18\/oitavas-de-final-comecam-amanha-da-serie-a-do-regional-comecam-neste-domingo\/#respond"]}]},{"@type":"WebPage","@id":"https:\/\/folhapopular.info\/index.php\/2025\/10\/18\/oitavas-de-final-comecam-amanha-da-serie-a-do-regional-comecam-neste-domingo\/","url":"https:\/\/folhapopular.info\/index.php\/2025\/10\/18\/oitavas-de-final-comecam-amanha-da-serie-a-do-regional-comecam-neste-domingo\/","name":"Oitavas de final come\u00e7am amanh\u00e3 da S\u00e9rie A do Regional come\u00e7am neste domingo - Folha Popular","isPartOf":{"@id":"https:\/\/folhapopular.info\/#website"},"primaryImageOfPage":{"@id":"https:\/\/folhapopular.info\/index.php\/2025\/10\/18\/oitavas-de-final-comecam-amanha-da-serie-a-do-regional-comecam-neste-domingo\/#primaryimage"},"image":{"@id":"https:\/\/folhapopular.info\/index.php\/2025\/10\/18\/oitavas-de-final-comecam-amanha-da-serie-a-do-regional-comecam-neste-domingo\/#primaryimage"},"thumbnailUrl":"https:\/\/folhapopular.info\/wp-content\/uploads\/2025\/10\/Grupo-Popular-transmite-Boavistense-x-Serrano-em-Boa-Vista-do-Sul-scaled.jpeg","datePublished":"2025-10-18T13:13:40+00:00","dateModified":"2025-10-18T13:13:43+00:00","author":{"@id":"https:\/\/folhapopular.info\/#\/schema\/person\/e852c327371714676d02e58cf917fd9f"},"breadcrumb":{"@id":"https:\/\/folhapopular.info\/index.php\/2025\/10\/18\/oitavas-de-final-comecam-amanha-da-serie-a-do-regional-comecam-neste-domingo\/#breadcrumb"},"inLanguage":"pt-BR","potentialAction":[{"@type":"ReadAction","target":["https:\/\/folhapopular.info\/index.php\/2025\/10\/18\/oitavas-de-final-comecam-amanha-da-serie-a-do-regional-comecam-neste-domingo\/"]}]},{"@type":"ImageObject","inLanguage":"pt-BR","@id":"https:\/\/folhapopular.info\/index.php\/2025\/10\/18\/oitavas-de-final-comecam-amanha-da-serie-a-do-regional-comecam-neste-domingo\/#primaryimage","url":"https:\/\/folhapopular.info\/wp-content\/uploads\/2025\/10\/Grupo-Popular-transmite-Boavistense-x-Serrano-em-Boa-Vista-do-Sul-scaled.jpeg","contentUrl":"https:\/\/folhapopular.info\/wp-content\/uploads\/2025\/10\/Grupo-Popular-transmite-Boavistense-x-Serrano-em-Boa-Vista-do-Sul-scaled.jpeg","width":2560,"height":1920,"caption":"Grupo Popular transmite Boavistense x Serrano, em Boa Vista do Sul - Cr\u00e9dito: Vitor Gabriel dos Santos \/ Especial FP"},{"@type":"BreadcrumbList","@id":"https:\/\/folhapopular.info\/index.php\/2025\/10\/18\/oitavas-de-final-comecam-amanha-da-serie-a-do-regional-comecam-neste-domingo\/#breadcrumb","itemListElement":[{"@type":"ListItem","position":1,"name":"In\u00edcio","item":"https:\/\/folhapopular.info\/"},{"@type":"ListItem","position":2,"name":"Oitavas de final come\u00e7am amanh\u00e3 da S\u00e9rie A do Regional come\u00e7am neste domingo"}]},{"@type":"WebSite","@id":"https:\/\/folhapopular.info\/#website","url":"https:\/\/folhapopular.info\/","name":"Folha Popular","description":"Onde voc\u00ea tem vez e voz","potentialAction":[{"@type":"SearchAction","target":{"@type":"EntryPoint","urlTemplate":"https:\/\/folhapopular.info\/?s={search_term_string}"},"query-input":{"@type":"PropertyValueSpecification","valueRequired":true,"valueName":"search_term_string"}}],"inLanguage":"pt-BR"},{"@type":"Person","@id":"https:\/\/folhapopular.info\/#\/schema\/person\/e852c327371714676d02e58cf917fd9f","name":"Luis Augusto Huppes","image":{"@type":"ImageObject","inLanguage":"pt-BR","@id":"https:\/\/folhapopular.info\/wp-content\/uploads\/2026\/04\/Luis-Augusto-Huppes-1-1.webp","url":"https:\/\/folhapopular.info\/wp-content\/uploads\/2026\/04\/Luis-Augusto-Huppes-1-1.webp","contentUrl":"https:\/\/folhapopular.info\/wp-content\/uploads\/2026\/04\/Luis-Augusto-Huppes-1-1.webp","caption":"Luis Augusto Huppes"},"sameAs":["https:\/\/www.facebook.com\/luis.huppes\/","https:\/\/www.instagram.com\/luis.huppes\/","https:\/\/www.linkedin.com\/in\/luis-augusto-huppes-2554b52b7\/"],"url":"https:\/\/folhapopular.info\/index.php\/author\/luis-augusto-huppes\/"}]}},"jetpack_featured_media_url":"https:\/\/folhapopular.info\/wp-content\/uploads\/2025\/10\/Grupo-Popular-transmite-Boavistense-x-Serrano-em-Boa-Vista-do-Sul-scaled.jpeg","jetpack_sharing_enabled":true,"amp_enabled":true,"_links":{"self":[{"href":"https:\/\/folhapopular.info\/index.php\/wp-json\/wp\/v2\/posts\/196468","targetHints":{"allow":["GET"]}}],"collection":[{"href":"https:\/\/folhapopular.info\/index.php\/wp-json\/wp\/v2\/posts"}],"about":[{"href":"https:\/\/folhapopular.info\/index.php\/wp-json\/wp\/v2\/types\/post"}],"author":[{"embeddable":true,"href":"https:\/\/folhapopular.info\/index.php\/wp-json\/wp\/v2\/users\/732"}],"replies":[{"embeddable":true,"href":"https:\/\/folhapopular.info\/index.php\/wp-json\/wp\/v2\/comments?post=196468"}],"version-history":[{"count":0,"href":"https:\/\/folhapopular.info\/index.php\/wp-json\/wp\/v2\/posts\/196468\/revisions"}],"wp:featuredmedia":[{"embeddable":true,"href":"https:\/\/folhapopular.info\/index.php\/wp-json\/wp\/v2\/media\/196469"}],"wp:attachment":[{"href":"https:\/\/folhapopular.info\/index.php\/wp-json\/wp\/v2\/media?parent=196468"}],"wp:term":[{"taxonomy":"category","embeddable":true,"href":"https:\/\/folhapopular.info\/index.php\/wp-json\/wp\/v2\/categories?post=196468"},{"taxonomy":"post_tag","embeddable":true,"href":"https:\/\/folhapopular.info\/index.php\/wp-json\/wp\/v2\/tags?post=196468"}],"curies":[{"name":"wp","href":"https:\/\/api.w.org\/{rel}","templated":true}]}}