{"id":196631,"date":"2025-10-21T11:38:52","date_gmt":"2025-10-21T14:38:52","guid":{"rendered":"https:\/\/folhapopular.info\/?p=196631"},"modified":"2025-10-23T09:06:57","modified_gmt":"2025-10-23T12:06:57","slug":"semifinais-do-municipal-serao-definidas-no-domingo-em-garibaldi","status":"publish","type":"post","link":"https:\/\/folhapopular.info\/index.php\/2025\/10\/21\/semifinais-do-municipal-serao-definidas-no-domingo-em-garibaldi\/","title":{"rendered":"Semifinais do Municipal ser\u00e3o definidas no domingo em Garibaldi"},"content":{"rendered":"\n<p>A bola segue a rolar pelo Campeonato de Futebol de Campo de Garibaldi, que entrou em sua fase decisiva. No domingo (19\/10), os campos do S\u00e3o Roque e S\u00e3o Francisco receberam os jogos de ida das quartas de final, com partidas equilibradas e boa presen\u00e7a de p\u00fablico.<\/p>\n\n\n\n<p>Em S\u00e3o Roque, o Sexta Livre largou na frente ao vencer o D\u00ednamo por 4 a 2, enquanto o Juventude superou o All Blacks por 2 a 0. J\u00e1 no campo do S\u00e3o Francisco, o Maiorka garantiu vantagem m\u00ednima sobre o Sentinela, ap\u00f3s triunfar pelo placar de 1 a 0, e Bola na Rede e Espartanos empataram em 2 a 2.<\/p>\n\n\n\n<p>As equipes voltam a campo no domingo (26\/10) para definir os semifinalistas da competi\u00e7\u00e3o. Em S\u00e3o Roque, Juventude e All Blacks se enfrentam \u00e0s 13h30, seguidos por D\u00ednamo e Sexta Livre \u00e0s 15h30. No campo do S\u00e3o Francisco, Espartanos e Bola na Rede jogam \u00e0s 13h30, e Maiorka encara o Sentinela \u00e0s 15h30.<\/p>\n\n\n\n<figure class=\"wp-block-table is-style-stripes\"><table class=\"has-light-green-cyan-to-vivid-green-cyan-gradient-background has-background\"><tbody><tr><td colspan=\"6\"><strong>Quartas &#8211; IDA<\/strong><\/td><\/tr><tr><td><strong>Data<\/strong><\/td><td><strong>Campo<\/strong><\/td><td><\/td><td><\/td><td><strong>Partida<\/strong><\/td><td><\/td><\/tr><tr><td>19\/10<\/td><td>S\u00e3o Roque<\/td><td><\/td><td>Sexta Livre<\/td><td>4&#215;2<\/td><td>D\u00ednamo<\/td><\/tr><tr><td>19\/10<\/td><td>S\u00e3o Roque<\/td><td><\/td><td>All Blacks<\/td><td>0x2<\/td><td>Juventude<\/td><\/tr><tr><td>19\/10<\/td><td>S\u00e3o Francisco<\/td><td><\/td><td>Sentinela<\/td><td>0x1<\/td><td>Maiorka<\/td><\/tr><tr><td>19\/10<\/td><td>S\u00e3o Francisco<\/td><td><\/td><td>Bola na Rede<\/td><td>2&#215;2<\/td><td>Espartanos<\/td><\/tr><\/tbody><\/table><\/figure>\n\n\n\n<figure class=\"wp-block-table is-style-stripes\"><table class=\"has-light-green-cyan-to-vivid-green-cyan-gradient-background has-background\"><tbody><tr><td colspan=\"6\"><strong>Quartas &#8211; VOLTA<\/strong><\/td><\/tr><tr><td><strong>Data<\/strong><\/td><td><strong>Campo<\/strong><\/td><td><strong>Hora<\/strong><\/td><td><\/td><td><strong>Partida<\/strong><\/td><td><\/td><\/tr><tr><td>26\/10<\/td><td>S\u00e3o Roque<\/td><td>13h30<\/td><td>Juventude<\/td><td>x<\/td><td>All Blacks<\/td><\/tr><tr><td>26\/10<\/td><td>S\u00e3o Roque<\/td><td>15h30<\/td><td>Sexta Livre<\/td><td>x<\/td><td>D\u00ednamo<\/td><\/tr><tr><td>26\/10<\/td><td>S\u00e3o Francisco<\/td><td>13h30<\/td><td>Espartanos<\/td><td>x<\/td><td>Bola na Rede<\/td><\/tr><tr><td>26\/10<\/td><td>S\u00e3o Francisco<\/td><td>15h30<\/td><td>Maiorka<\/td><td>x<\/td><td>Sentinela<\/td><\/tr><\/tbody><\/table><\/figure>\n","protected":false},"excerpt":{"rendered":"<p>A bola segue a rolar pelo Campeonato de Futebol de Campo de Garibaldi, que entrou em sua fase decisiva. No domingo (19\/10), os campos do S\u00e3o Roque e S\u00e3o Francisco receberam os jogos de ida das quartas de final, com partidas equilibradas e boa presen\u00e7a de p\u00fablico. Em S\u00e3o Roque, o Sexta Livre largou na [&hellip;]<\/p>\n","protected":false},"author":732,"featured_media":196633,"comment_status":"open","ping_status":"open","sticky":false,"template":"","format":"standard","meta":{"pmpro_default_level":"","_jetpack_memberships_contains_paid_content":false,"footnotes":""},"categories":[5,240],"tags":[499,147,28],"class_list":{"0":"post-196631","1":"post","2":"type-post","3":"status-publish","4":"format-standard","5":"has-post-thumbnail","7":"category-esportes","8":"category-futebol-amador","9":"tag-campeonato-municipal","10":"tag-futebol-amador","11":"tag-garibaldi","12":"pmpro-has-access"},"yoast_head":"<!-- This site is optimized with the Yoast SEO plugin v27.5 - https:\/\/yoast.com\/product\/yoast-seo-wordpress\/ -->\n<title>Semifinais do Municipal ser\u00e3o definidas no domingo em Garibaldi - Folha Popular<\/title>\n<meta name=\"robots\" content=\"index, follow, max-snippet:-1, max-image-preview:large, max-video-preview:-1\" \/>\n<link rel=\"canonical\" href=\"https:\/\/folhapopular.info\/index.php\/2025\/10\/21\/semifinais-do-municipal-serao-definidas-no-domingo-em-garibaldi\/\" \/>\n<meta property=\"og:locale\" content=\"pt_BR\" \/>\n<meta property=\"og:type\" content=\"article\" \/>\n<meta property=\"og:title\" content=\"Semifinais do Municipal ser\u00e3o definidas no domingo em Garibaldi - Folha Popular\" \/>\n<meta property=\"og:description\" content=\"A bola segue a rolar pelo Campeonato de Futebol de Campo de Garibaldi, que entrou em sua fase decisiva. No domingo (19\/10), os campos do S\u00e3o Roque e S\u00e3o Francisco receberam os jogos de ida das quartas de final, com partidas equilibradas e boa presen\u00e7a de p\u00fablico. Em S\u00e3o Roque, o Sexta Livre largou na [&hellip;]\" \/>\n<meta property=\"og:url\" content=\"https:\/\/folhapopular.info\/index.php\/2025\/10\/21\/semifinais-do-municipal-serao-definidas-no-domingo-em-garibaldi\/\" \/>\n<meta property=\"og:site_name\" content=\"Folha Popular\" \/>\n<meta property=\"article:author\" content=\"https:\/\/www.facebook.com\/luis.huppes\/\" \/>\n<meta property=\"article:published_time\" content=\"2025-10-21T14:38:52+00:00\" \/>\n<meta property=\"article:modified_time\" content=\"2025-10-23T12:06:57+00:00\" \/>\n<meta property=\"og:image\" content=\"http:\/\/folhapopular.info\/wp-content\/uploads\/2025\/10\/Imagem-do-WhatsApp-de-2025-10-20-as-08.58.48_a32a2c84.jpg\" \/>\n\t<meta property=\"og:image:width\" content=\"799\" \/>\n\t<meta property=\"og:image:height\" content=\"486\" \/>\n\t<meta property=\"og:image:type\" content=\"image\/jpeg\" \/>\n<meta name=\"author\" content=\"Luis Augusto Huppes\" \/>\n<meta name=\"twitter:card\" content=\"summary_large_image\" \/>\n<meta name=\"twitter:label1\" content=\"Escrito por\" \/>\n\t<meta name=\"twitter:data1\" content=\"Luis Augusto Huppes\" \/>\n\t<meta name=\"twitter:label2\" content=\"Est. tempo de leitura\" \/>\n\t<meta name=\"twitter:data2\" content=\"2 minutos\" \/>\n<script type=\"application\/ld+json\" class=\"yoast-schema-graph\">{\"@context\":\"https:\\\/\\\/schema.org\",\"@graph\":[{\"@type\":\"Article\",\"@id\":\"https:\\\/\\\/folhapopular.info\\\/index.php\\\/2025\\\/10\\\/21\\\/semifinais-do-municipal-serao-definidas-no-domingo-em-garibaldi\\\/#article\",\"isPartOf\":{\"@id\":\"https:\\\/\\\/folhapopular.info\\\/index.php\\\/2025\\\/10\\\/21\\\/semifinais-do-municipal-serao-definidas-no-domingo-em-garibaldi\\\/\"},\"author\":{\"name\":\"Luis Augusto Huppes\",\"@id\":\"https:\\\/\\\/folhapopular.info\\\/#\\\/schema\\\/person\\\/e852c327371714676d02e58cf917fd9f\"},\"headline\":\"Semifinais do Municipal ser\u00e3o definidas no domingo em Garibaldi\",\"datePublished\":\"2025-10-21T14:38:52+00:00\",\"dateModified\":\"2025-10-23T12:06:57+00:00\",\"mainEntityOfPage\":{\"@id\":\"https:\\\/\\\/folhapopular.info\\\/index.php\\\/2025\\\/10\\\/21\\\/semifinais-do-municipal-serao-definidas-no-domingo-em-garibaldi\\\/\"},\"wordCount\":249,\"commentCount\":0,\"image\":{\"@id\":\"https:\\\/\\\/folhapopular.info\\\/index.php\\\/2025\\\/10\\\/21\\\/semifinais-do-municipal-serao-definidas-no-domingo-em-garibaldi\\\/#primaryimage\"},\"thumbnailUrl\":\"https:\\\/\\\/folhapopular.info\\\/wp-content\\\/uploads\\\/2025\\\/10\\\/Imagem-do-WhatsApp-de-2025-10-20-as-08.58.48_a32a2c84.jpg\",\"keywords\":[\"Campeonato Municipal\",\"futebol amador\",\"Garibaldi\"],\"articleSection\":[\"Esportes\",\"Futebol Amador\"],\"inLanguage\":\"pt-BR\",\"potentialAction\":[{\"@type\":\"CommentAction\",\"name\":\"Comment\",\"target\":[\"https:\\\/\\\/folhapopular.info\\\/index.php\\\/2025\\\/10\\\/21\\\/semifinais-do-municipal-serao-definidas-no-domingo-em-garibaldi\\\/#respond\"]}]},{\"@type\":\"WebPage\",\"@id\":\"https:\\\/\\\/folhapopular.info\\\/index.php\\\/2025\\\/10\\\/21\\\/semifinais-do-municipal-serao-definidas-no-domingo-em-garibaldi\\\/\",\"url\":\"https:\\\/\\\/folhapopular.info\\\/index.php\\\/2025\\\/10\\\/21\\\/semifinais-do-municipal-serao-definidas-no-domingo-em-garibaldi\\\/\",\"name\":\"Semifinais do Municipal ser\u00e3o definidas no domingo em Garibaldi - Folha Popular\",\"isPartOf\":{\"@id\":\"https:\\\/\\\/folhapopular.info\\\/#website\"},\"primaryImageOfPage\":{\"@id\":\"https:\\\/\\\/folhapopular.info\\\/index.php\\\/2025\\\/10\\\/21\\\/semifinais-do-municipal-serao-definidas-no-domingo-em-garibaldi\\\/#primaryimage\"},\"image\":{\"@id\":\"https:\\\/\\\/folhapopular.info\\\/index.php\\\/2025\\\/10\\\/21\\\/semifinais-do-municipal-serao-definidas-no-domingo-em-garibaldi\\\/#primaryimage\"},\"thumbnailUrl\":\"https:\\\/\\\/folhapopular.info\\\/wp-content\\\/uploads\\\/2025\\\/10\\\/Imagem-do-WhatsApp-de-2025-10-20-as-08.58.48_a32a2c84.jpg\",\"datePublished\":\"2025-10-21T14:38:52+00:00\",\"dateModified\":\"2025-10-23T12:06:57+00:00\",\"author\":{\"@id\":\"https:\\\/\\\/folhapopular.info\\\/#\\\/schema\\\/person\\\/e852c327371714676d02e58cf917fd9f\"},\"breadcrumb\":{\"@id\":\"https:\\\/\\\/folhapopular.info\\\/index.php\\\/2025\\\/10\\\/21\\\/semifinais-do-municipal-serao-definidas-no-domingo-em-garibaldi\\\/#breadcrumb\"},\"inLanguage\":\"pt-BR\",\"potentialAction\":[{\"@type\":\"ReadAction\",\"target\":[\"https:\\\/\\\/folhapopular.info\\\/index.php\\\/2025\\\/10\\\/21\\\/semifinais-do-municipal-serao-definidas-no-domingo-em-garibaldi\\\/\"]}]},{\"@type\":\"ImageObject\",\"inLanguage\":\"pt-BR\",\"@id\":\"https:\\\/\\\/folhapopular.info\\\/index.php\\\/2025\\\/10\\\/21\\\/semifinais-do-municipal-serao-definidas-no-domingo-em-garibaldi\\\/#primaryimage\",\"url\":\"https:\\\/\\\/folhapopular.info\\\/wp-content\\\/uploads\\\/2025\\\/10\\\/Imagem-do-WhatsApp-de-2025-10-20-as-08.58.48_a32a2c84.jpg\",\"contentUrl\":\"https:\\\/\\\/folhapopular.info\\\/wp-content\\\/uploads\\\/2025\\\/10\\\/Imagem-do-WhatsApp-de-2025-10-20-as-08.58.48_a32a2c84.jpg\",\"width\":799,\"height\":486,\"caption\":\"Jogos de ida ocorreram no domingo passado (19\\\/10) - Cr\u00e9dito: Divulga\u00e7\u00e3o\"},{\"@type\":\"BreadcrumbList\",\"@id\":\"https:\\\/\\\/folhapopular.info\\\/index.php\\\/2025\\\/10\\\/21\\\/semifinais-do-municipal-serao-definidas-no-domingo-em-garibaldi\\\/#breadcrumb\",\"itemListElement\":[{\"@type\":\"ListItem\",\"position\":1,\"name\":\"In\u00edcio\",\"item\":\"https:\\\/\\\/folhapopular.info\\\/\"},{\"@type\":\"ListItem\",\"position\":2,\"name\":\"Semifinais do Municipal ser\u00e3o definidas no domingo em Garibaldi\"}]},{\"@type\":\"WebSite\",\"@id\":\"https:\\\/\\\/folhapopular.info\\\/#website\",\"url\":\"https:\\\/\\\/folhapopular.info\\\/\",\"name\":\"Folha Popular\",\"description\":\"Onde voc\u00ea tem vez e voz\",\"potentialAction\":[{\"@type\":\"SearchAction\",\"target\":{\"@type\":\"EntryPoint\",\"urlTemplate\":\"https:\\\/\\\/folhapopular.info\\\/?s={search_term_string}\"},\"query-input\":{\"@type\":\"PropertyValueSpecification\",\"valueRequired\":true,\"valueName\":\"search_term_string\"}}],\"inLanguage\":\"pt-BR\"},{\"@type\":\"Person\",\"@id\":\"https:\\\/\\\/folhapopular.info\\\/#\\\/schema\\\/person\\\/e852c327371714676d02e58cf917fd9f\",\"name\":\"Luis Augusto Huppes\",\"image\":{\"@type\":\"ImageObject\",\"inLanguage\":\"pt-BR\",\"@id\":\"https:\\\/\\\/folhapopular.info\\\/wp-content\\\/uploads\\\/2026\\\/04\\\/Luis-Augusto-Huppes-1-1.webp\",\"url\":\"https:\\\/\\\/folhapopular.info\\\/wp-content\\\/uploads\\\/2026\\\/04\\\/Luis-Augusto-Huppes-1-1.webp\",\"contentUrl\":\"https:\\\/\\\/folhapopular.info\\\/wp-content\\\/uploads\\\/2026\\\/04\\\/Luis-Augusto-Huppes-1-1.webp\",\"caption\":\"Luis Augusto Huppes\"},\"sameAs\":[\"https:\\\/\\\/www.facebook.com\\\/luis.huppes\\\/\",\"https:\\\/\\\/www.instagram.com\\\/luis.huppes\\\/\",\"https:\\\/\\\/www.linkedin.com\\\/in\\\/luis-augusto-huppes-2554b52b7\\\/\"],\"url\":\"https:\\\/\\\/folhapopular.info\\\/index.php\\\/author\\\/luis-augusto-huppes\\\/\"}]}<\/script>\n<!-- \/ Yoast SEO plugin. -->","yoast_head_json":{"title":"Semifinais do Municipal ser\u00e3o definidas no domingo em Garibaldi - Folha Popular","robots":{"index":"index","follow":"follow","max-snippet":"max-snippet:-1","max-image-preview":"max-image-preview:large","max-video-preview":"max-video-preview:-1"},"canonical":"https:\/\/folhapopular.info\/index.php\/2025\/10\/21\/semifinais-do-municipal-serao-definidas-no-domingo-em-garibaldi\/","og_locale":"pt_BR","og_type":"article","og_title":"Semifinais do Municipal ser\u00e3o definidas no domingo em Garibaldi - Folha Popular","og_description":"A bola segue a rolar pelo Campeonato de Futebol de Campo de Garibaldi, que entrou em sua fase decisiva. No domingo (19\/10), os campos do S\u00e3o Roque e S\u00e3o Francisco receberam os jogos de ida das quartas de final, com partidas equilibradas e boa presen\u00e7a de p\u00fablico. Em S\u00e3o Roque, o Sexta Livre largou na [&hellip;]","og_url":"https:\/\/folhapopular.info\/index.php\/2025\/10\/21\/semifinais-do-municipal-serao-definidas-no-domingo-em-garibaldi\/","og_site_name":"Folha Popular","article_author":"https:\/\/www.facebook.com\/luis.huppes\/","article_published_time":"2025-10-21T14:38:52+00:00","article_modified_time":"2025-10-23T12:06:57+00:00","og_image":[{"width":799,"height":486,"url":"http:\/\/folhapopular.info\/wp-content\/uploads\/2025\/10\/Imagem-do-WhatsApp-de-2025-10-20-as-08.58.48_a32a2c84.jpg","type":"image\/jpeg"}],"author":"Luis Augusto Huppes","twitter_card":"summary_large_image","twitter_misc":{"Escrito por":"Luis Augusto Huppes","Est. tempo de leitura":"2 minutos"},"schema":{"@context":"https:\/\/schema.org","@graph":[{"@type":"Article","@id":"https:\/\/folhapopular.info\/index.php\/2025\/10\/21\/semifinais-do-municipal-serao-definidas-no-domingo-em-garibaldi\/#article","isPartOf":{"@id":"https:\/\/folhapopular.info\/index.php\/2025\/10\/21\/semifinais-do-municipal-serao-definidas-no-domingo-em-garibaldi\/"},"author":{"name":"Luis Augusto Huppes","@id":"https:\/\/folhapopular.info\/#\/schema\/person\/e852c327371714676d02e58cf917fd9f"},"headline":"Semifinais do Municipal ser\u00e3o definidas no domingo em Garibaldi","datePublished":"2025-10-21T14:38:52+00:00","dateModified":"2025-10-23T12:06:57+00:00","mainEntityOfPage":{"@id":"https:\/\/folhapopular.info\/index.php\/2025\/10\/21\/semifinais-do-municipal-serao-definidas-no-domingo-em-garibaldi\/"},"wordCount":249,"commentCount":0,"image":{"@id":"https:\/\/folhapopular.info\/index.php\/2025\/10\/21\/semifinais-do-municipal-serao-definidas-no-domingo-em-garibaldi\/#primaryimage"},"thumbnailUrl":"https:\/\/folhapopular.info\/wp-content\/uploads\/2025\/10\/Imagem-do-WhatsApp-de-2025-10-20-as-08.58.48_a32a2c84.jpg","keywords":["Campeonato Municipal","futebol amador","Garibaldi"],"articleSection":["Esportes","Futebol Amador"],"inLanguage":"pt-BR","potentialAction":[{"@type":"CommentAction","name":"Comment","target":["https:\/\/folhapopular.info\/index.php\/2025\/10\/21\/semifinais-do-municipal-serao-definidas-no-domingo-em-garibaldi\/#respond"]}]},{"@type":"WebPage","@id":"https:\/\/folhapopular.info\/index.php\/2025\/10\/21\/semifinais-do-municipal-serao-definidas-no-domingo-em-garibaldi\/","url":"https:\/\/folhapopular.info\/index.php\/2025\/10\/21\/semifinais-do-municipal-serao-definidas-no-domingo-em-garibaldi\/","name":"Semifinais do Municipal ser\u00e3o definidas no domingo em Garibaldi - Folha Popular","isPartOf":{"@id":"https:\/\/folhapopular.info\/#website"},"primaryImageOfPage":{"@id":"https:\/\/folhapopular.info\/index.php\/2025\/10\/21\/semifinais-do-municipal-serao-definidas-no-domingo-em-garibaldi\/#primaryimage"},"image":{"@id":"https:\/\/folhapopular.info\/index.php\/2025\/10\/21\/semifinais-do-municipal-serao-definidas-no-domingo-em-garibaldi\/#primaryimage"},"thumbnailUrl":"https:\/\/folhapopular.info\/wp-content\/uploads\/2025\/10\/Imagem-do-WhatsApp-de-2025-10-20-as-08.58.48_a32a2c84.jpg","datePublished":"2025-10-21T14:38:52+00:00","dateModified":"2025-10-23T12:06:57+00:00","author":{"@id":"https:\/\/folhapopular.info\/#\/schema\/person\/e852c327371714676d02e58cf917fd9f"},"breadcrumb":{"@id":"https:\/\/folhapopular.info\/index.php\/2025\/10\/21\/semifinais-do-municipal-serao-definidas-no-domingo-em-garibaldi\/#breadcrumb"},"inLanguage":"pt-BR","potentialAction":[{"@type":"ReadAction","target":["https:\/\/folhapopular.info\/index.php\/2025\/10\/21\/semifinais-do-municipal-serao-definidas-no-domingo-em-garibaldi\/"]}]},{"@type":"ImageObject","inLanguage":"pt-BR","@id":"https:\/\/folhapopular.info\/index.php\/2025\/10\/21\/semifinais-do-municipal-serao-definidas-no-domingo-em-garibaldi\/#primaryimage","url":"https:\/\/folhapopular.info\/wp-content\/uploads\/2025\/10\/Imagem-do-WhatsApp-de-2025-10-20-as-08.58.48_a32a2c84.jpg","contentUrl":"https:\/\/folhapopular.info\/wp-content\/uploads\/2025\/10\/Imagem-do-WhatsApp-de-2025-10-20-as-08.58.48_a32a2c84.jpg","width":799,"height":486,"caption":"Jogos de ida ocorreram no domingo passado (19\/10) - Cr\u00e9dito: Divulga\u00e7\u00e3o"},{"@type":"BreadcrumbList","@id":"https:\/\/folhapopular.info\/index.php\/2025\/10\/21\/semifinais-do-municipal-serao-definidas-no-domingo-em-garibaldi\/#breadcrumb","itemListElement":[{"@type":"ListItem","position":1,"name":"In\u00edcio","item":"https:\/\/folhapopular.info\/"},{"@type":"ListItem","position":2,"name":"Semifinais do Municipal ser\u00e3o definidas no domingo em Garibaldi"}]},{"@type":"WebSite","@id":"https:\/\/folhapopular.info\/#website","url":"https:\/\/folhapopular.info\/","name":"Folha Popular","description":"Onde voc\u00ea tem vez e voz","potentialAction":[{"@type":"SearchAction","target":{"@type":"EntryPoint","urlTemplate":"https:\/\/folhapopular.info\/?s={search_term_string}"},"query-input":{"@type":"PropertyValueSpecification","valueRequired":true,"valueName":"search_term_string"}}],"inLanguage":"pt-BR"},{"@type":"Person","@id":"https:\/\/folhapopular.info\/#\/schema\/person\/e852c327371714676d02e58cf917fd9f","name":"Luis Augusto Huppes","image":{"@type":"ImageObject","inLanguage":"pt-BR","@id":"https:\/\/folhapopular.info\/wp-content\/uploads\/2026\/04\/Luis-Augusto-Huppes-1-1.webp","url":"https:\/\/folhapopular.info\/wp-content\/uploads\/2026\/04\/Luis-Augusto-Huppes-1-1.webp","contentUrl":"https:\/\/folhapopular.info\/wp-content\/uploads\/2026\/04\/Luis-Augusto-Huppes-1-1.webp","caption":"Luis Augusto Huppes"},"sameAs":["https:\/\/www.facebook.com\/luis.huppes\/","https:\/\/www.instagram.com\/luis.huppes\/","https:\/\/www.linkedin.com\/in\/luis-augusto-huppes-2554b52b7\/"],"url":"https:\/\/folhapopular.info\/index.php\/author\/luis-augusto-huppes\/"}]}},"jetpack_featured_media_url":"https:\/\/folhapopular.info\/wp-content\/uploads\/2025\/10\/Imagem-do-WhatsApp-de-2025-10-20-as-08.58.48_a32a2c84.jpg","jetpack_sharing_enabled":true,"amp_enabled":true,"_links":{"self":[{"href":"https:\/\/folhapopular.info\/index.php\/wp-json\/wp\/v2\/posts\/196631","targetHints":{"allow":["GET"]}}],"collection":[{"href":"https:\/\/folhapopular.info\/index.php\/wp-json\/wp\/v2\/posts"}],"about":[{"href":"https:\/\/folhapopular.info\/index.php\/wp-json\/wp\/v2\/types\/post"}],"author":[{"embeddable":true,"href":"https:\/\/folhapopular.info\/index.php\/wp-json\/wp\/v2\/users\/732"}],"replies":[{"embeddable":true,"href":"https:\/\/folhapopular.info\/index.php\/wp-json\/wp\/v2\/comments?post=196631"}],"version-history":[{"count":0,"href":"https:\/\/folhapopular.info\/index.php\/wp-json\/wp\/v2\/posts\/196631\/revisions"}],"wp:featuredmedia":[{"embeddable":true,"href":"https:\/\/folhapopular.info\/index.php\/wp-json\/wp\/v2\/media\/196633"}],"wp:attachment":[{"href":"https:\/\/folhapopular.info\/index.php\/wp-json\/wp\/v2\/media?parent=196631"}],"wp:term":[{"taxonomy":"category","embeddable":true,"href":"https:\/\/folhapopular.info\/index.php\/wp-json\/wp\/v2\/categories?post=196631"},{"taxonomy":"post_tag","embeddable":true,"href":"https:\/\/folhapopular.info\/index.php\/wp-json\/wp\/v2\/tags?post=196631"}],"curies":[{"name":"wp","href":"https:\/\/api.w.org\/{rel}","templated":true}]}}