{"id":196765,"date":"2025-10-23T11:30:00","date_gmt":"2025-10-23T14:30:00","guid":{"rendered":"https:\/\/folhapopular.info\/?p=196765"},"modified":"2025-10-23T09:04:39","modified_gmt":"2025-10-23T12:04:39","slug":"cruzeiro-do-sul-investe-em-materiais-pedagogicos-voltados-a-inclusao-nas-escolas","status":"publish","type":"post","link":"https:\/\/folhapopular.info\/index.php\/2025\/10\/23\/cruzeiro-do-sul-investe-em-materiais-pedagogicos-voltados-a-inclusao-nas-escolas\/","title":{"rendered":"Cruzeiro do Sul investe em materiais pedag\u00f3gicos voltados \u00e0 inclus\u00e3o nas escolas"},"content":{"rendered":"\n<p>A Secretaria Municipal de Educa\u00e7\u00e3o, Cultura e Esportes (Smece) de Cruzeiro do Sul adquiriu novos recursos pedag\u00f3gicos voltados a estudantes com defici\u00eancia. O investimento, de aproximadamente R$ 20 mil, foi utilizado na compra de dois ba\u00fas com 88 jogos pedag\u00f3gicos cada e de um Ref\u00fagio Pedag\u00f3gico \u2013 espa\u00e7o acolhedor especialmente voltado a crian\u00e7as dentro do espectro autista que enfrentam momentos de crise. Os recursos foram obtidos por meio do programa federal Escola em Tempo Integral.<\/p>\n\n\n\n<p>Os materiais foram distribu\u00eddos entre duas escolas da rede municipal. Na Escola de Ensino Fundamental Jacob Sehn, cerca de 20 crian\u00e7as autistas poder\u00e3o utilizar o Ref\u00fagio Pedag\u00f3gico, enquanto 75 estudantes ser\u00e3o beneficiados com os jogos educativos. J\u00e1 na Escola Anita Garibaldi, 23 alunos ter\u00e3o acesso aos jogos inclusivos. Al\u00e9m disso, as psicopedagogas da rede municipal far\u00e3o o uso itinerante dos materiais, atendendo tamb\u00e9m outras escolas da Educa\u00e7\u00e3o Infantil e Ensino Fundamental, alcan\u00e7ando aproximadamente 100 alunos no total.<\/p>\n\n\n\n<p>A psicopedagoga Ana Beatriz Reckziegel, que atua na Escola Jacob Sehn, destacou o impacto positivo da iniciativa. \u201c\u00c9 um ambiente onde a crian\u00e7a se sente mais segura e acolhida. J\u00e1 os jogos permitem trabalhar texturas, aten\u00e7\u00e3o e focaliza\u00e7\u00e3o, entre outros aspectos que contribuem diretamente para o desenvolvimento de cada aluno, respeitando suas especificidades&#8221;, explicou.<\/p>\n\n\n\n<p>De acordo com a supervisora de Educa\u00e7\u00e3o Especial, La\u00edsa de Castro Almeida Duarte, a a\u00e7\u00e3o representa mais um passo na consolida\u00e7\u00e3o de uma rede escolar inclusiva e preparada para atender a diversidade dos estudantes.<\/p>\n","protected":false},"excerpt":{"rendered":"<p>A Secretaria Municipal de Educa\u00e7\u00e3o, Cultura e Esportes (Smece) de Cruzeiro do Sul adquiriu novos recursos pedag\u00f3gicos voltados a estudantes com defici\u00eancia. O investimento, de aproximadamente R$ 20 mil, foi utilizado na compra de dois ba\u00fas com 88 jogos pedag\u00f3gicos cada e de um Ref\u00fagio Pedag\u00f3gico \u2013 espa\u00e7o acolhedor especialmente voltado a crian\u00e7as dentro do [&hellip;]<\/p>\n","protected":false},"author":8,"featured_media":196766,"comment_status":"open","ping_status":"open","sticky":false,"template":"","format":"standard","meta":{"pmpro_default_level":"","_jetpack_memberships_contains_paid_content":false,"footnotes":""},"categories":[2,3],"tags":[1989,73,1124],"class_list":{"0":"post-196765","1":"post","2":"type-post","3":"status-publish","4":"format-standard","5":"has-post-thumbnail","7":"category-featured","8":"category-geral","9":"tag-cruzeiro-do-sul","10":"tag-educacao","11":"tag-inclusao","12":"pmpro-has-access"},"yoast_head":"<!-- This site is optimized with the Yoast SEO plugin v27.5 - https:\/\/yoast.com\/product\/yoast-seo-wordpress\/ -->\n<title>Cruzeiro do Sul investe em materiais pedag\u00f3gicos voltados \u00e0 inclus\u00e3o nas escolas - Folha Popular<\/title>\n<meta name=\"robots\" content=\"index, follow, max-snippet:-1, max-image-preview:large, max-video-preview:-1\" \/>\n<link rel=\"canonical\" href=\"https:\/\/folhapopular.info\/index.php\/2025\/10\/23\/cruzeiro-do-sul-investe-em-materiais-pedagogicos-voltados-a-inclusao-nas-escolas\/\" \/>\n<meta property=\"og:locale\" content=\"pt_BR\" \/>\n<meta property=\"og:type\" content=\"article\" \/>\n<meta property=\"og:title\" content=\"Cruzeiro do Sul investe em materiais pedag\u00f3gicos voltados \u00e0 inclus\u00e3o nas escolas - Folha Popular\" \/>\n<meta property=\"og:description\" content=\"A Secretaria Municipal de Educa\u00e7\u00e3o, Cultura e Esportes (Smece) de Cruzeiro do Sul adquiriu novos recursos pedag\u00f3gicos voltados a estudantes com defici\u00eancia. O investimento, de aproximadamente R$ 20 mil, foi utilizado na compra de dois ba\u00fas com 88 jogos pedag\u00f3gicos cada e de um Ref\u00fagio Pedag\u00f3gico \u2013 espa\u00e7o acolhedor especialmente voltado a crian\u00e7as dentro do [&hellip;]\" \/>\n<meta property=\"og:url\" content=\"https:\/\/folhapopular.info\/index.php\/2025\/10\/23\/cruzeiro-do-sul-investe-em-materiais-pedagogicos-voltados-a-inclusao-nas-escolas\/\" \/>\n<meta property=\"og:site_name\" content=\"Folha Popular\" \/>\n<meta property=\"article:published_time\" content=\"2025-10-23T14:30:00+00:00\" \/>\n<meta property=\"og:image\" content=\"https:\/\/folhapopular.info\/wp-content\/uploads\/2025\/10\/Imagem-do-WhatsApp-de-2025-10-21-as-16.53.15_5264d3af.jpg\" \/>\n\t<meta property=\"og:image:width\" content=\"1600\" \/>\n\t<meta property=\"og:image:height\" content=\"1200\" \/>\n\t<meta property=\"og:image:type\" content=\"image\/jpeg\" \/>\n<meta name=\"author\" content=\"Reda\u00e7\u00e3o Folha Popular\" \/>\n<meta name=\"twitter:card\" content=\"summary_large_image\" \/>\n<meta name=\"twitter:label1\" content=\"Escrito por\" \/>\n\t<meta name=\"twitter:data1\" content=\"Reda\u00e7\u00e3o Folha Popular\" \/>\n\t<meta name=\"twitter:label2\" content=\"Est. tempo de leitura\" \/>\n\t<meta name=\"twitter:data2\" content=\"2 minutos\" \/>\n<script type=\"application\/ld+json\" class=\"yoast-schema-graph\">{\"@context\":\"https:\\\/\\\/schema.org\",\"@graph\":[{\"@type\":\"Article\",\"@id\":\"https:\\\/\\\/folhapopular.info\\\/index.php\\\/2025\\\/10\\\/23\\\/cruzeiro-do-sul-investe-em-materiais-pedagogicos-voltados-a-inclusao-nas-escolas\\\/#article\",\"isPartOf\":{\"@id\":\"https:\\\/\\\/folhapopular.info\\\/index.php\\\/2025\\\/10\\\/23\\\/cruzeiro-do-sul-investe-em-materiais-pedagogicos-voltados-a-inclusao-nas-escolas\\\/\"},\"author\":{\"name\":\"Reda\u00e7\u00e3o Folha Popular\",\"@id\":\"https:\\\/\\\/folhapopular.info\\\/#\\\/schema\\\/person\\\/2814e8a0df7643585a9ca38bc6eb9d4b\"},\"headline\":\"Cruzeiro do Sul investe em materiais pedag\u00f3gicos voltados \u00e0 inclus\u00e3o nas escolas\",\"datePublished\":\"2025-10-23T14:30:00+00:00\",\"mainEntityOfPage\":{\"@id\":\"https:\\\/\\\/folhapopular.info\\\/index.php\\\/2025\\\/10\\\/23\\\/cruzeiro-do-sul-investe-em-materiais-pedagogicos-voltados-a-inclusao-nas-escolas\\\/\"},\"wordCount\":273,\"commentCount\":0,\"image\":{\"@id\":\"https:\\\/\\\/folhapopular.info\\\/index.php\\\/2025\\\/10\\\/23\\\/cruzeiro-do-sul-investe-em-materiais-pedagogicos-voltados-a-inclusao-nas-escolas\\\/#primaryimage\"},\"thumbnailUrl\":\"https:\\\/\\\/folhapopular.info\\\/wp-content\\\/uploads\\\/2025\\\/10\\\/Imagem-do-WhatsApp-de-2025-10-21-as-16.53.15_5264d3af.jpg\",\"keywords\":[\"Cruzeiro do Sul\",\"Educa\u00e7\u00e3o\",\"Inclus\u00e3o\"],\"articleSection\":[\"Destaques\",\"Geral\"],\"inLanguage\":\"pt-BR\",\"potentialAction\":[{\"@type\":\"CommentAction\",\"name\":\"Comment\",\"target\":[\"https:\\\/\\\/folhapopular.info\\\/index.php\\\/2025\\\/10\\\/23\\\/cruzeiro-do-sul-investe-em-materiais-pedagogicos-voltados-a-inclusao-nas-escolas\\\/#respond\"]}]},{\"@type\":\"WebPage\",\"@id\":\"https:\\\/\\\/folhapopular.info\\\/index.php\\\/2025\\\/10\\\/23\\\/cruzeiro-do-sul-investe-em-materiais-pedagogicos-voltados-a-inclusao-nas-escolas\\\/\",\"url\":\"https:\\\/\\\/folhapopular.info\\\/index.php\\\/2025\\\/10\\\/23\\\/cruzeiro-do-sul-investe-em-materiais-pedagogicos-voltados-a-inclusao-nas-escolas\\\/\",\"name\":\"Cruzeiro do Sul investe em materiais pedag\u00f3gicos voltados \u00e0 inclus\u00e3o nas escolas - Folha Popular\",\"isPartOf\":{\"@id\":\"https:\\\/\\\/folhapopular.info\\\/#website\"},\"primaryImageOfPage\":{\"@id\":\"https:\\\/\\\/folhapopular.info\\\/index.php\\\/2025\\\/10\\\/23\\\/cruzeiro-do-sul-investe-em-materiais-pedagogicos-voltados-a-inclusao-nas-escolas\\\/#primaryimage\"},\"image\":{\"@id\":\"https:\\\/\\\/folhapopular.info\\\/index.php\\\/2025\\\/10\\\/23\\\/cruzeiro-do-sul-investe-em-materiais-pedagogicos-voltados-a-inclusao-nas-escolas\\\/#primaryimage\"},\"thumbnailUrl\":\"https:\\\/\\\/folhapopular.info\\\/wp-content\\\/uploads\\\/2025\\\/10\\\/Imagem-do-WhatsApp-de-2025-10-21-as-16.53.15_5264d3af.jpg\",\"datePublished\":\"2025-10-23T14:30:00+00:00\",\"author\":{\"@id\":\"https:\\\/\\\/folhapopular.info\\\/#\\\/schema\\\/person\\\/2814e8a0df7643585a9ca38bc6eb9d4b\"},\"breadcrumb\":{\"@id\":\"https:\\\/\\\/folhapopular.info\\\/index.php\\\/2025\\\/10\\\/23\\\/cruzeiro-do-sul-investe-em-materiais-pedagogicos-voltados-a-inclusao-nas-escolas\\\/#breadcrumb\"},\"inLanguage\":\"pt-BR\",\"potentialAction\":[{\"@type\":\"ReadAction\",\"target\":[\"https:\\\/\\\/folhapopular.info\\\/index.php\\\/2025\\\/10\\\/23\\\/cruzeiro-do-sul-investe-em-materiais-pedagogicos-voltados-a-inclusao-nas-escolas\\\/\"]}]},{\"@type\":\"ImageObject\",\"inLanguage\":\"pt-BR\",\"@id\":\"https:\\\/\\\/folhapopular.info\\\/index.php\\\/2025\\\/10\\\/23\\\/cruzeiro-do-sul-investe-em-materiais-pedagogicos-voltados-a-inclusao-nas-escolas\\\/#primaryimage\",\"url\":\"https:\\\/\\\/folhapopular.info\\\/wp-content\\\/uploads\\\/2025\\\/10\\\/Imagem-do-WhatsApp-de-2025-10-21-as-16.53.15_5264d3af.jpg\",\"contentUrl\":\"https:\\\/\\\/folhapopular.info\\\/wp-content\\\/uploads\\\/2025\\\/10\\\/Imagem-do-WhatsApp-de-2025-10-21-as-16.53.15_5264d3af.jpg\",\"width\":1600,\"height\":1200,\"caption\":\"Cr\u00e9dito: M\u00e1rcio Steiner \\\/ Divulga\u00e7\u00e3o\"},{\"@type\":\"BreadcrumbList\",\"@id\":\"https:\\\/\\\/folhapopular.info\\\/index.php\\\/2025\\\/10\\\/23\\\/cruzeiro-do-sul-investe-em-materiais-pedagogicos-voltados-a-inclusao-nas-escolas\\\/#breadcrumb\",\"itemListElement\":[{\"@type\":\"ListItem\",\"position\":1,\"name\":\"In\u00edcio\",\"item\":\"https:\\\/\\\/folhapopular.info\\\/\"},{\"@type\":\"ListItem\",\"position\":2,\"name\":\"Cruzeiro do Sul investe em materiais pedag\u00f3gicos voltados \u00e0 inclus\u00e3o nas escolas\"}]},{\"@type\":\"WebSite\",\"@id\":\"https:\\\/\\\/folhapopular.info\\\/#website\",\"url\":\"https:\\\/\\\/folhapopular.info\\\/\",\"name\":\"Folha Popular\",\"description\":\"Onde voc\u00ea tem vez e voz\",\"potentialAction\":[{\"@type\":\"SearchAction\",\"target\":{\"@type\":\"EntryPoint\",\"urlTemplate\":\"https:\\\/\\\/folhapopular.info\\\/?s={search_term_string}\"},\"query-input\":{\"@type\":\"PropertyValueSpecification\",\"valueRequired\":true,\"valueName\":\"search_term_string\"}}],\"inLanguage\":\"pt-BR\"},{\"@type\":\"Person\",\"@id\":\"https:\\\/\\\/folhapopular.info\\\/#\\\/schema\\\/person\\\/2814e8a0df7643585a9ca38bc6eb9d4b\",\"name\":\"Reda\u00e7\u00e3o Folha Popular\",\"image\":{\"@type\":\"ImageObject\",\"inLanguage\":\"pt-BR\",\"@id\":\"https:\\\/\\\/folhapopular.info\\\/wp-content\\\/uploads\\\/2026\\\/04\\\/Folha-1.webp\",\"url\":\"https:\\\/\\\/folhapopular.info\\\/wp-content\\\/uploads\\\/2026\\\/04\\\/Folha-1.webp\",\"contentUrl\":\"https:\\\/\\\/folhapopular.info\\\/wp-content\\\/uploads\\\/2026\\\/04\\\/Folha-1.webp\",\"caption\":\"Reda\u00e7\u00e3o Folha Popular\"},\"url\":\"https:\\\/\\\/folhapopular.info\\\/index.php\\\/author\\\/redacao\\\/\"}]}<\/script>\n<!-- \/ Yoast SEO plugin. -->","yoast_head_json":{"title":"Cruzeiro do Sul investe em materiais pedag\u00f3gicos voltados \u00e0 inclus\u00e3o nas escolas - Folha Popular","robots":{"index":"index","follow":"follow","max-snippet":"max-snippet:-1","max-image-preview":"max-image-preview:large","max-video-preview":"max-video-preview:-1"},"canonical":"https:\/\/folhapopular.info\/index.php\/2025\/10\/23\/cruzeiro-do-sul-investe-em-materiais-pedagogicos-voltados-a-inclusao-nas-escolas\/","og_locale":"pt_BR","og_type":"article","og_title":"Cruzeiro do Sul investe em materiais pedag\u00f3gicos voltados \u00e0 inclus\u00e3o nas escolas - Folha Popular","og_description":"A Secretaria Municipal de Educa\u00e7\u00e3o, Cultura e Esportes (Smece) de Cruzeiro do Sul adquiriu novos recursos pedag\u00f3gicos voltados a estudantes com defici\u00eancia. O investimento, de aproximadamente R$ 20 mil, foi utilizado na compra de dois ba\u00fas com 88 jogos pedag\u00f3gicos cada e de um Ref\u00fagio Pedag\u00f3gico \u2013 espa\u00e7o acolhedor especialmente voltado a crian\u00e7as dentro do [&hellip;]","og_url":"https:\/\/folhapopular.info\/index.php\/2025\/10\/23\/cruzeiro-do-sul-investe-em-materiais-pedagogicos-voltados-a-inclusao-nas-escolas\/","og_site_name":"Folha Popular","article_published_time":"2025-10-23T14:30:00+00:00","og_image":[{"width":1600,"height":1200,"url":"https:\/\/folhapopular.info\/wp-content\/uploads\/2025\/10\/Imagem-do-WhatsApp-de-2025-10-21-as-16.53.15_5264d3af.jpg","type":"image\/jpeg"}],"author":"Reda\u00e7\u00e3o Folha Popular","twitter_card":"summary_large_image","twitter_misc":{"Escrito por":"Reda\u00e7\u00e3o Folha Popular","Est. tempo de leitura":"2 minutos"},"schema":{"@context":"https:\/\/schema.org","@graph":[{"@type":"Article","@id":"https:\/\/folhapopular.info\/index.php\/2025\/10\/23\/cruzeiro-do-sul-investe-em-materiais-pedagogicos-voltados-a-inclusao-nas-escolas\/#article","isPartOf":{"@id":"https:\/\/folhapopular.info\/index.php\/2025\/10\/23\/cruzeiro-do-sul-investe-em-materiais-pedagogicos-voltados-a-inclusao-nas-escolas\/"},"author":{"name":"Reda\u00e7\u00e3o Folha Popular","@id":"https:\/\/folhapopular.info\/#\/schema\/person\/2814e8a0df7643585a9ca38bc6eb9d4b"},"headline":"Cruzeiro do Sul investe em materiais pedag\u00f3gicos voltados \u00e0 inclus\u00e3o nas escolas","datePublished":"2025-10-23T14:30:00+00:00","mainEntityOfPage":{"@id":"https:\/\/folhapopular.info\/index.php\/2025\/10\/23\/cruzeiro-do-sul-investe-em-materiais-pedagogicos-voltados-a-inclusao-nas-escolas\/"},"wordCount":273,"commentCount":0,"image":{"@id":"https:\/\/folhapopular.info\/index.php\/2025\/10\/23\/cruzeiro-do-sul-investe-em-materiais-pedagogicos-voltados-a-inclusao-nas-escolas\/#primaryimage"},"thumbnailUrl":"https:\/\/folhapopular.info\/wp-content\/uploads\/2025\/10\/Imagem-do-WhatsApp-de-2025-10-21-as-16.53.15_5264d3af.jpg","keywords":["Cruzeiro do Sul","Educa\u00e7\u00e3o","Inclus\u00e3o"],"articleSection":["Destaques","Geral"],"inLanguage":"pt-BR","potentialAction":[{"@type":"CommentAction","name":"Comment","target":["https:\/\/folhapopular.info\/index.php\/2025\/10\/23\/cruzeiro-do-sul-investe-em-materiais-pedagogicos-voltados-a-inclusao-nas-escolas\/#respond"]}]},{"@type":"WebPage","@id":"https:\/\/folhapopular.info\/index.php\/2025\/10\/23\/cruzeiro-do-sul-investe-em-materiais-pedagogicos-voltados-a-inclusao-nas-escolas\/","url":"https:\/\/folhapopular.info\/index.php\/2025\/10\/23\/cruzeiro-do-sul-investe-em-materiais-pedagogicos-voltados-a-inclusao-nas-escolas\/","name":"Cruzeiro do Sul investe em materiais pedag\u00f3gicos voltados \u00e0 inclus\u00e3o nas escolas - Folha Popular","isPartOf":{"@id":"https:\/\/folhapopular.info\/#website"},"primaryImageOfPage":{"@id":"https:\/\/folhapopular.info\/index.php\/2025\/10\/23\/cruzeiro-do-sul-investe-em-materiais-pedagogicos-voltados-a-inclusao-nas-escolas\/#primaryimage"},"image":{"@id":"https:\/\/folhapopular.info\/index.php\/2025\/10\/23\/cruzeiro-do-sul-investe-em-materiais-pedagogicos-voltados-a-inclusao-nas-escolas\/#primaryimage"},"thumbnailUrl":"https:\/\/folhapopular.info\/wp-content\/uploads\/2025\/10\/Imagem-do-WhatsApp-de-2025-10-21-as-16.53.15_5264d3af.jpg","datePublished":"2025-10-23T14:30:00+00:00","author":{"@id":"https:\/\/folhapopular.info\/#\/schema\/person\/2814e8a0df7643585a9ca38bc6eb9d4b"},"breadcrumb":{"@id":"https:\/\/folhapopular.info\/index.php\/2025\/10\/23\/cruzeiro-do-sul-investe-em-materiais-pedagogicos-voltados-a-inclusao-nas-escolas\/#breadcrumb"},"inLanguage":"pt-BR","potentialAction":[{"@type":"ReadAction","target":["https:\/\/folhapopular.info\/index.php\/2025\/10\/23\/cruzeiro-do-sul-investe-em-materiais-pedagogicos-voltados-a-inclusao-nas-escolas\/"]}]},{"@type":"ImageObject","inLanguage":"pt-BR","@id":"https:\/\/folhapopular.info\/index.php\/2025\/10\/23\/cruzeiro-do-sul-investe-em-materiais-pedagogicos-voltados-a-inclusao-nas-escolas\/#primaryimage","url":"https:\/\/folhapopular.info\/wp-content\/uploads\/2025\/10\/Imagem-do-WhatsApp-de-2025-10-21-as-16.53.15_5264d3af.jpg","contentUrl":"https:\/\/folhapopular.info\/wp-content\/uploads\/2025\/10\/Imagem-do-WhatsApp-de-2025-10-21-as-16.53.15_5264d3af.jpg","width":1600,"height":1200,"caption":"Cr\u00e9dito: M\u00e1rcio Steiner \/ Divulga\u00e7\u00e3o"},{"@type":"BreadcrumbList","@id":"https:\/\/folhapopular.info\/index.php\/2025\/10\/23\/cruzeiro-do-sul-investe-em-materiais-pedagogicos-voltados-a-inclusao-nas-escolas\/#breadcrumb","itemListElement":[{"@type":"ListItem","position":1,"name":"In\u00edcio","item":"https:\/\/folhapopular.info\/"},{"@type":"ListItem","position":2,"name":"Cruzeiro do Sul investe em materiais pedag\u00f3gicos voltados \u00e0 inclus\u00e3o nas escolas"}]},{"@type":"WebSite","@id":"https:\/\/folhapopular.info\/#website","url":"https:\/\/folhapopular.info\/","name":"Folha Popular","description":"Onde voc\u00ea tem vez e voz","potentialAction":[{"@type":"SearchAction","target":{"@type":"EntryPoint","urlTemplate":"https:\/\/folhapopular.info\/?s={search_term_string}"},"query-input":{"@type":"PropertyValueSpecification","valueRequired":true,"valueName":"search_term_string"}}],"inLanguage":"pt-BR"},{"@type":"Person","@id":"https:\/\/folhapopular.info\/#\/schema\/person\/2814e8a0df7643585a9ca38bc6eb9d4b","name":"Reda\u00e7\u00e3o Folha Popular","image":{"@type":"ImageObject","inLanguage":"pt-BR","@id":"https:\/\/folhapopular.info\/wp-content\/uploads\/2026\/04\/Folha-1.webp","url":"https:\/\/folhapopular.info\/wp-content\/uploads\/2026\/04\/Folha-1.webp","contentUrl":"https:\/\/folhapopular.info\/wp-content\/uploads\/2026\/04\/Folha-1.webp","caption":"Reda\u00e7\u00e3o Folha Popular"},"url":"https:\/\/folhapopular.info\/index.php\/author\/redacao\/"}]}},"jetpack_featured_media_url":"https:\/\/folhapopular.info\/wp-content\/uploads\/2025\/10\/Imagem-do-WhatsApp-de-2025-10-21-as-16.53.15_5264d3af.jpg","jetpack_sharing_enabled":true,"amp_enabled":true,"_links":{"self":[{"href":"https:\/\/folhapopular.info\/index.php\/wp-json\/wp\/v2\/posts\/196765","targetHints":{"allow":["GET"]}}],"collection":[{"href":"https:\/\/folhapopular.info\/index.php\/wp-json\/wp\/v2\/posts"}],"about":[{"href":"https:\/\/folhapopular.info\/index.php\/wp-json\/wp\/v2\/types\/post"}],"author":[{"embeddable":true,"href":"https:\/\/folhapopular.info\/index.php\/wp-json\/wp\/v2\/users\/8"}],"replies":[{"embeddable":true,"href":"https:\/\/folhapopular.info\/index.php\/wp-json\/wp\/v2\/comments?post=196765"}],"version-history":[{"count":0,"href":"https:\/\/folhapopular.info\/index.php\/wp-json\/wp\/v2\/posts\/196765\/revisions"}],"wp:featuredmedia":[{"embeddable":true,"href":"https:\/\/folhapopular.info\/index.php\/wp-json\/wp\/v2\/media\/196766"}],"wp:attachment":[{"href":"https:\/\/folhapopular.info\/index.php\/wp-json\/wp\/v2\/media?parent=196765"}],"wp:term":[{"taxonomy":"category","embeddable":true,"href":"https:\/\/folhapopular.info\/index.php\/wp-json\/wp\/v2\/categories?post=196765"},{"taxonomy":"post_tag","embeddable":true,"href":"https:\/\/folhapopular.info\/index.php\/wp-json\/wp\/v2\/tags?post=196765"}],"curies":[{"name":"wp","href":"https:\/\/api.w.org\/{rel}","templated":true}]}}