{"id":196893,"date":"2025-10-26T10:00:00","date_gmt":"2025-10-26T13:00:00","guid":{"rendered":"https:\/\/folhapopular.info\/?p=196893"},"modified":"2025-10-27T07:45:09","modified_gmt":"2025-10-27T10:45:09","slug":"festival-de-musica-de-teutonia-segue-com-inscricoes-abertas","status":"publish","type":"post","link":"https:\/\/folhapopular.info\/index.php\/2025\/10\/26\/festival-de-musica-de-teutonia-segue-com-inscricoes-abertas\/","title":{"rendered":"Festival de M\u00fasica de Teut\u00f4nia segue com inscri\u00e7\u00f5es abertas"},"content":{"rendered":"\n<p>De 19 a 23 de novembro, a m\u00fasica tomar\u00e1 conta de Teut\u00f4nia. O 6\u00ba Festival de M\u00fasica ocorrer\u00e1 no Col\u00e9gio Teut\u00f4nia e promete reunir cerca de 300 instrumentistas. Pela primeira vez, a inscri\u00e7\u00e3o \u00e9 totalmente gratuita e segue at\u00e9 o dia 6 de novembro. As inscri\u00e7\u00f5es s\u00e3o limitadas a 15 vagas por curso.<\/p>\n\n\n\n<p>Ser\u00e3o oferecidos 16 cursos gratuitos durante o evento, ministrados por 19 professores convidados de diferentes partes do pa\u00eds. As atividades formativas acontecer\u00e3o nas manh\u00e3s e tardes. \u00c0 noite, o p\u00fablico poder\u00e1 prestigiar apresenta\u00e7\u00f5es gratuitas, como recitais, grupos instrumentais e grandes forma\u00e7\u00f5es musicais.<\/p>\n\n\n\n<p>O Festival contempla uma ampla variedade de instrumentos, como flauta transversal, clarinete, violino, guitarra, contrabaixo el\u00e9trico, bateria, teclado e acordeon, al\u00e9m do canto coral. Todos os participantes receber\u00e3o certificado ao fim do evento.<\/p>\n\n\n\n<p>O m\u00fasico e professor Charles Jo\u00e3o Gregory participou de todas as edi\u00e7\u00f5es do festival e destaca a troca de conhecimentos. \u201cFoi uma experi\u00eancia maravilhosa, com muitos aprendizados adquiridos. O n\u00edvel e conhecimento dos professores s\u00e3o sempre muito grandes. Al\u00e9m disso, pude fazer novas e valiosas amizades\u201d, afirma.<\/p>\n\n\n\n<p>Gregory acredita que este ser\u00e1 mais um festival bel\u00edssimo. \u201cUma troca de experi\u00eancias muito rica, uma conviv\u00eancia e pr\u00e1tica musical muito intensa e valiosa, que, como nas outras edi\u00e7\u00f5es, ficar\u00e1 marcada em todos que participar\u00e3o\u201d, completa ele.<\/p>\n\n\n\n<h2 class=\"wp-block-heading\"><strong>Programa\u00e7\u00e3o<\/strong><\/h2>\n\n\n\n<p>A abertura oficial ser\u00e1 dia 19 de novembro, com a apresenta\u00e7\u00e3o do Conjunto Instrumental do Col\u00e9gio Teut\u00f4nia e da cantora Laura Dalm\u00e1s. No dia 20, o palco do audit\u00f3rio do Col\u00e9gio Teut\u00f4nia recebe o Quinteto Guarany, seguido, no dia 21, pela apresenta\u00e7\u00e3o do grupo Vocal 5. No dia 22 acontece o tradicional Recital de Estudantes.<\/p>\n\n\n\n<p>O Festival de M\u00fasica de Teut\u00f4nia 2025 \u00e9 uma realiza\u00e7\u00e3o da Associa\u00e7\u00e3o Cultural, Esportiva e Recreativa Teutoniense (Acerte), com patroc\u00ednio da Certel e Sicredi Ouro Branco, apoio cultural da Prefeitura de Teut\u00f4nia e do Col\u00e9gio Teut\u00f4nia, e financiamento do Pr\u00f3-Cultura, da Secretaria de Cultura do Estado do Rio Grande do Sul.<\/p>\n\n\n\n<h2 class=\"wp-block-heading\"><strong>Hospedagem<\/strong><\/h2>\n\n\n\n<p>Os participantes que desejarem realizar todas as refei\u00e7\u00f5es no local poder\u00e3o optar pela taxa de alimenta\u00e7\u00e3o, no valor de R$ 275, que inclui lanches, almo\u00e7os e jantares. A hospedagem em casas de fam\u00edlia ser\u00e1 disponibilizada exclusivamente para estudantes provenientes de cidades localizadas a, no m\u00ednimo, 30 quil\u00f4metros de Teut\u00f4nia.<\/p>\n\n\n\n<h2 class=\"wp-block-heading\"><strong>Inscreva-se<\/strong><\/h2>\n\n\n\n<p><a href=\"https:\/\/www.festivaldemusicadeteutonia.com.br\">https:\/\/www.festivaldemusicadeteutonia.com.br<\/a><\/p>\n","protected":false},"excerpt":{"rendered":"<p>De 19 a 23 de novembro, a m\u00fasica tomar\u00e1 conta de Teut\u00f4nia. O 6\u00ba Festival de M\u00fasica ocorrer\u00e1 no Col\u00e9gio Teut\u00f4nia e promete reunir cerca de 300 instrumentistas. Pela primeira vez, a inscri\u00e7\u00e3o \u00e9 totalmente gratuita e segue at\u00e9 o dia 6 de novembro. As inscri\u00e7\u00f5es s\u00e3o limitadas a 15 vagas por curso. Ser\u00e3o oferecidos [&hellip;]<\/p>\n","protected":false},"author":673,"featured_media":196895,"comment_status":"open","ping_status":"open","sticky":false,"template":"","format":"standard","meta":{"pmpro_default_level":"","_jetpack_memberships_contains_paid_content":false,"footnotes":""},"categories":[2,6],"tags":[220,446,946,26],"class_list":{"0":"post-196893","1":"post","2":"type-post","3":"status-publish","4":"format-standard","5":"has-post-thumbnail","7":"category-featured","8":"category-inclusive","9":"tag-festival-de-musica","10":"tag-festival-de-musica-de-teutonia","11":"tag-inscricoes","12":"tag-teutonia","13":"pmpro-has-access"},"yoast_head":"<!-- This site is optimized with the Yoast SEO plugin v27.5 - https:\/\/yoast.com\/product\/yoast-seo-wordpress\/ -->\n<title>Festival de M\u00fasica de Teut\u00f4nia segue com inscri\u00e7\u00f5es abertas - Folha Popular<\/title>\n<meta name=\"robots\" content=\"index, follow, max-snippet:-1, max-image-preview:large, max-video-preview:-1\" \/>\n<link rel=\"canonical\" href=\"https:\/\/folhapopular.info\/index.php\/2025\/10\/26\/festival-de-musica-de-teutonia-segue-com-inscricoes-abertas\/\" \/>\n<meta property=\"og:locale\" content=\"pt_BR\" \/>\n<meta property=\"og:type\" content=\"article\" \/>\n<meta property=\"og:title\" content=\"Festival de M\u00fasica de Teut\u00f4nia segue com inscri\u00e7\u00f5es abertas - Folha Popular\" \/>\n<meta property=\"og:description\" content=\"De 19 a 23 de novembro, a m\u00fasica tomar\u00e1 conta de Teut\u00f4nia. O 6\u00ba Festival de M\u00fasica ocorrer\u00e1 no Col\u00e9gio Teut\u00f4nia e promete reunir cerca de 300 instrumentistas. Pela primeira vez, a inscri\u00e7\u00e3o \u00e9 totalmente gratuita e segue at\u00e9 o dia 6 de novembro. As inscri\u00e7\u00f5es s\u00e3o limitadas a 15 vagas por curso. Ser\u00e3o oferecidos [&hellip;]\" \/>\n<meta property=\"og:url\" content=\"https:\/\/folhapopular.info\/index.php\/2025\/10\/26\/festival-de-musica-de-teutonia-segue-com-inscricoes-abertas\/\" \/>\n<meta property=\"og:site_name\" content=\"Folha Popular\" \/>\n<meta property=\"article:published_time\" content=\"2025-10-26T13:00:00+00:00\" \/>\n<meta property=\"article:modified_time\" content=\"2025-10-27T10:45:09+00:00\" \/>\n<meta property=\"og:image\" content=\"http:\/\/folhapopular.info\/wp-content\/uploads\/2025\/10\/Programacao-integra-16-cursos-musicais-ministrados-por-19-professores_DIV.jpg\" \/>\n\t<meta property=\"og:image:width\" content=\"1080\" \/>\n\t<meta property=\"og:image:height\" content=\"1346\" \/>\n\t<meta property=\"og:image:type\" content=\"image\/jpeg\" \/>\n<meta name=\"author\" content=\"Let\u00edcia Echer\" \/>\n<meta name=\"twitter:card\" content=\"summary_large_image\" \/>\n<meta name=\"twitter:label1\" content=\"Escrito por\" \/>\n\t<meta name=\"twitter:data1\" content=\"Let\u00edcia Echer\" \/>\n\t<meta name=\"twitter:label2\" content=\"Est. tempo de leitura\" \/>\n\t<meta name=\"twitter:data2\" content=\"3 minutos\" \/>\n<script type=\"application\/ld+json\" class=\"yoast-schema-graph\">{\"@context\":\"https:\\\/\\\/schema.org\",\"@graph\":[{\"@type\":\"Article\",\"@id\":\"https:\\\/\\\/folhapopular.info\\\/index.php\\\/2025\\\/10\\\/26\\\/festival-de-musica-de-teutonia-segue-com-inscricoes-abertas\\\/#article\",\"isPartOf\":{\"@id\":\"https:\\\/\\\/folhapopular.info\\\/index.php\\\/2025\\\/10\\\/26\\\/festival-de-musica-de-teutonia-segue-com-inscricoes-abertas\\\/\"},\"author\":{\"name\":\"Let\u00edcia Echer\",\"@id\":\"https:\\\/\\\/folhapopular.info\\\/#\\\/schema\\\/person\\\/52b95b9c1c41ec0e826e7518183d0cc0\"},\"headline\":\"Festival de M\u00fasica de Teut\u00f4nia segue com inscri\u00e7\u00f5es abertas\",\"datePublished\":\"2025-10-26T13:00:00+00:00\",\"dateModified\":\"2025-10-27T10:45:09+00:00\",\"mainEntityOfPage\":{\"@id\":\"https:\\\/\\\/folhapopular.info\\\/index.php\\\/2025\\\/10\\\/26\\\/festival-de-musica-de-teutonia-segue-com-inscricoes-abertas\\\/\"},\"wordCount\":425,\"commentCount\":0,\"image\":{\"@id\":\"https:\\\/\\\/folhapopular.info\\\/index.php\\\/2025\\\/10\\\/26\\\/festival-de-musica-de-teutonia-segue-com-inscricoes-abertas\\\/#primaryimage\"},\"thumbnailUrl\":\"https:\\\/\\\/folhapopular.info\\\/wp-content\\\/uploads\\\/2025\\\/10\\\/Programacao-integra-16-cursos-musicais-ministrados-por-19-professores_DIV.jpg\",\"keywords\":[\"Festival de M\u00fasica\",\"Festival de M\u00fasica de Teut\u00f4nia\",\"Inscri\u00e7\u00f5es\",\"Teut\u00f4nia\"],\"articleSection\":[\"Destaques\",\"Inclusive\"],\"inLanguage\":\"pt-BR\",\"potentialAction\":[{\"@type\":\"CommentAction\",\"name\":\"Comment\",\"target\":[\"https:\\\/\\\/folhapopular.info\\\/index.php\\\/2025\\\/10\\\/26\\\/festival-de-musica-de-teutonia-segue-com-inscricoes-abertas\\\/#respond\"]}]},{\"@type\":\"WebPage\",\"@id\":\"https:\\\/\\\/folhapopular.info\\\/index.php\\\/2025\\\/10\\\/26\\\/festival-de-musica-de-teutonia-segue-com-inscricoes-abertas\\\/\",\"url\":\"https:\\\/\\\/folhapopular.info\\\/index.php\\\/2025\\\/10\\\/26\\\/festival-de-musica-de-teutonia-segue-com-inscricoes-abertas\\\/\",\"name\":\"Festival de M\u00fasica de Teut\u00f4nia segue com inscri\u00e7\u00f5es abertas - Folha Popular\",\"isPartOf\":{\"@id\":\"https:\\\/\\\/folhapopular.info\\\/#website\"},\"primaryImageOfPage\":{\"@id\":\"https:\\\/\\\/folhapopular.info\\\/index.php\\\/2025\\\/10\\\/26\\\/festival-de-musica-de-teutonia-segue-com-inscricoes-abertas\\\/#primaryimage\"},\"image\":{\"@id\":\"https:\\\/\\\/folhapopular.info\\\/index.php\\\/2025\\\/10\\\/26\\\/festival-de-musica-de-teutonia-segue-com-inscricoes-abertas\\\/#primaryimage\"},\"thumbnailUrl\":\"https:\\\/\\\/folhapopular.info\\\/wp-content\\\/uploads\\\/2025\\\/10\\\/Programacao-integra-16-cursos-musicais-ministrados-por-19-professores_DIV.jpg\",\"datePublished\":\"2025-10-26T13:00:00+00:00\",\"dateModified\":\"2025-10-27T10:45:09+00:00\",\"author\":{\"@id\":\"https:\\\/\\\/folhapopular.info\\\/#\\\/schema\\\/person\\\/52b95b9c1c41ec0e826e7518183d0cc0\"},\"breadcrumb\":{\"@id\":\"https:\\\/\\\/folhapopular.info\\\/index.php\\\/2025\\\/10\\\/26\\\/festival-de-musica-de-teutonia-segue-com-inscricoes-abertas\\\/#breadcrumb\"},\"inLanguage\":\"pt-BR\",\"potentialAction\":[{\"@type\":\"ReadAction\",\"target\":[\"https:\\\/\\\/folhapopular.info\\\/index.php\\\/2025\\\/10\\\/26\\\/festival-de-musica-de-teutonia-segue-com-inscricoes-abertas\\\/\"]}]},{\"@type\":\"ImageObject\",\"inLanguage\":\"pt-BR\",\"@id\":\"https:\\\/\\\/folhapopular.info\\\/index.php\\\/2025\\\/10\\\/26\\\/festival-de-musica-de-teutonia-segue-com-inscricoes-abertas\\\/#primaryimage\",\"url\":\"https:\\\/\\\/folhapopular.info\\\/wp-content\\\/uploads\\\/2025\\\/10\\\/Programacao-integra-16-cursos-musicais-ministrados-por-19-professores_DIV.jpg\",\"contentUrl\":\"https:\\\/\\\/folhapopular.info\\\/wp-content\\\/uploads\\\/2025\\\/10\\\/Programacao-integra-16-cursos-musicais-ministrados-por-19-professores_DIV.jpg\",\"width\":1080,\"height\":1346,\"caption\":\"Dezenove professores ministrar\u00e3o as forma\u00e7\u00f5es \\\/ Cr\u00e9dito: Divulga\u00e7\u00e3o\"},{\"@type\":\"BreadcrumbList\",\"@id\":\"https:\\\/\\\/folhapopular.info\\\/index.php\\\/2025\\\/10\\\/26\\\/festival-de-musica-de-teutonia-segue-com-inscricoes-abertas\\\/#breadcrumb\",\"itemListElement\":[{\"@type\":\"ListItem\",\"position\":1,\"name\":\"In\u00edcio\",\"item\":\"https:\\\/\\\/folhapopular.info\\\/\"},{\"@type\":\"ListItem\",\"position\":2,\"name\":\"Festival de M\u00fasica de Teut\u00f4nia segue com inscri\u00e7\u00f5es abertas\"}]},{\"@type\":\"WebSite\",\"@id\":\"https:\\\/\\\/folhapopular.info\\\/#website\",\"url\":\"https:\\\/\\\/folhapopular.info\\\/\",\"name\":\"Folha Popular\",\"description\":\"Onde voc\u00ea tem vez e voz\",\"potentialAction\":[{\"@type\":\"SearchAction\",\"target\":{\"@type\":\"EntryPoint\",\"urlTemplate\":\"https:\\\/\\\/folhapopular.info\\\/?s={search_term_string}\"},\"query-input\":{\"@type\":\"PropertyValueSpecification\",\"valueRequired\":true,\"valueName\":\"search_term_string\"}}],\"inLanguage\":\"pt-BR\"},{\"@type\":\"Person\",\"@id\":\"https:\\\/\\\/folhapopular.info\\\/#\\\/schema\\\/person\\\/52b95b9c1c41ec0e826e7518183d0cc0\",\"name\":\"Let\u00edcia Echer\",\"image\":{\"@type\":\"ImageObject\",\"inLanguage\":\"pt-BR\",\"@id\":\"https:\\\/\\\/secure.gravatar.com\\\/avatar\\\/303201b45d8f4e048c95808925ff8953fa7ebc0e52cb5b3af1fc9e3d52c95645?s=96&d=mm&r=g\",\"url\":\"https:\\\/\\\/secure.gravatar.com\\\/avatar\\\/303201b45d8f4e048c95808925ff8953fa7ebc0e52cb5b3af1fc9e3d52c95645?s=96&d=mm&r=g\",\"contentUrl\":\"https:\\\/\\\/secure.gravatar.com\\\/avatar\\\/303201b45d8f4e048c95808925ff8953fa7ebc0e52cb5b3af1fc9e3d52c95645?s=96&d=mm&r=g\",\"caption\":\"Let\u00edcia Echer\"},\"url\":\"https:\\\/\\\/folhapopular.info\\\/index.php\\\/author\\\/leticiaecher04gmail-com\\\/\"}]}<\/script>\n<!-- \/ Yoast SEO plugin. -->","yoast_head_json":{"title":"Festival de M\u00fasica de Teut\u00f4nia segue com inscri\u00e7\u00f5es abertas - Folha Popular","robots":{"index":"index","follow":"follow","max-snippet":"max-snippet:-1","max-image-preview":"max-image-preview:large","max-video-preview":"max-video-preview:-1"},"canonical":"https:\/\/folhapopular.info\/index.php\/2025\/10\/26\/festival-de-musica-de-teutonia-segue-com-inscricoes-abertas\/","og_locale":"pt_BR","og_type":"article","og_title":"Festival de M\u00fasica de Teut\u00f4nia segue com inscri\u00e7\u00f5es abertas - Folha Popular","og_description":"De 19 a 23 de novembro, a m\u00fasica tomar\u00e1 conta de Teut\u00f4nia. O 6\u00ba Festival de M\u00fasica ocorrer\u00e1 no Col\u00e9gio Teut\u00f4nia e promete reunir cerca de 300 instrumentistas. Pela primeira vez, a inscri\u00e7\u00e3o \u00e9 totalmente gratuita e segue at\u00e9 o dia 6 de novembro. As inscri\u00e7\u00f5es s\u00e3o limitadas a 15 vagas por curso. Ser\u00e3o oferecidos [&hellip;]","og_url":"https:\/\/folhapopular.info\/index.php\/2025\/10\/26\/festival-de-musica-de-teutonia-segue-com-inscricoes-abertas\/","og_site_name":"Folha Popular","article_published_time":"2025-10-26T13:00:00+00:00","article_modified_time":"2025-10-27T10:45:09+00:00","og_image":[{"width":1080,"height":1346,"url":"http:\/\/folhapopular.info\/wp-content\/uploads\/2025\/10\/Programacao-integra-16-cursos-musicais-ministrados-por-19-professores_DIV.jpg","type":"image\/jpeg"}],"author":"Let\u00edcia Echer","twitter_card":"summary_large_image","twitter_misc":{"Escrito por":"Let\u00edcia Echer","Est. tempo de leitura":"3 minutos"},"schema":{"@context":"https:\/\/schema.org","@graph":[{"@type":"Article","@id":"https:\/\/folhapopular.info\/index.php\/2025\/10\/26\/festival-de-musica-de-teutonia-segue-com-inscricoes-abertas\/#article","isPartOf":{"@id":"https:\/\/folhapopular.info\/index.php\/2025\/10\/26\/festival-de-musica-de-teutonia-segue-com-inscricoes-abertas\/"},"author":{"name":"Let\u00edcia Echer","@id":"https:\/\/folhapopular.info\/#\/schema\/person\/52b95b9c1c41ec0e826e7518183d0cc0"},"headline":"Festival de M\u00fasica de Teut\u00f4nia segue com inscri\u00e7\u00f5es abertas","datePublished":"2025-10-26T13:00:00+00:00","dateModified":"2025-10-27T10:45:09+00:00","mainEntityOfPage":{"@id":"https:\/\/folhapopular.info\/index.php\/2025\/10\/26\/festival-de-musica-de-teutonia-segue-com-inscricoes-abertas\/"},"wordCount":425,"commentCount":0,"image":{"@id":"https:\/\/folhapopular.info\/index.php\/2025\/10\/26\/festival-de-musica-de-teutonia-segue-com-inscricoes-abertas\/#primaryimage"},"thumbnailUrl":"https:\/\/folhapopular.info\/wp-content\/uploads\/2025\/10\/Programacao-integra-16-cursos-musicais-ministrados-por-19-professores_DIV.jpg","keywords":["Festival de M\u00fasica","Festival de M\u00fasica de Teut\u00f4nia","Inscri\u00e7\u00f5es","Teut\u00f4nia"],"articleSection":["Destaques","Inclusive"],"inLanguage":"pt-BR","potentialAction":[{"@type":"CommentAction","name":"Comment","target":["https:\/\/folhapopular.info\/index.php\/2025\/10\/26\/festival-de-musica-de-teutonia-segue-com-inscricoes-abertas\/#respond"]}]},{"@type":"WebPage","@id":"https:\/\/folhapopular.info\/index.php\/2025\/10\/26\/festival-de-musica-de-teutonia-segue-com-inscricoes-abertas\/","url":"https:\/\/folhapopular.info\/index.php\/2025\/10\/26\/festival-de-musica-de-teutonia-segue-com-inscricoes-abertas\/","name":"Festival de M\u00fasica de Teut\u00f4nia segue com inscri\u00e7\u00f5es abertas - Folha Popular","isPartOf":{"@id":"https:\/\/folhapopular.info\/#website"},"primaryImageOfPage":{"@id":"https:\/\/folhapopular.info\/index.php\/2025\/10\/26\/festival-de-musica-de-teutonia-segue-com-inscricoes-abertas\/#primaryimage"},"image":{"@id":"https:\/\/folhapopular.info\/index.php\/2025\/10\/26\/festival-de-musica-de-teutonia-segue-com-inscricoes-abertas\/#primaryimage"},"thumbnailUrl":"https:\/\/folhapopular.info\/wp-content\/uploads\/2025\/10\/Programacao-integra-16-cursos-musicais-ministrados-por-19-professores_DIV.jpg","datePublished":"2025-10-26T13:00:00+00:00","dateModified":"2025-10-27T10:45:09+00:00","author":{"@id":"https:\/\/folhapopular.info\/#\/schema\/person\/52b95b9c1c41ec0e826e7518183d0cc0"},"breadcrumb":{"@id":"https:\/\/folhapopular.info\/index.php\/2025\/10\/26\/festival-de-musica-de-teutonia-segue-com-inscricoes-abertas\/#breadcrumb"},"inLanguage":"pt-BR","potentialAction":[{"@type":"ReadAction","target":["https:\/\/folhapopular.info\/index.php\/2025\/10\/26\/festival-de-musica-de-teutonia-segue-com-inscricoes-abertas\/"]}]},{"@type":"ImageObject","inLanguage":"pt-BR","@id":"https:\/\/folhapopular.info\/index.php\/2025\/10\/26\/festival-de-musica-de-teutonia-segue-com-inscricoes-abertas\/#primaryimage","url":"https:\/\/folhapopular.info\/wp-content\/uploads\/2025\/10\/Programacao-integra-16-cursos-musicais-ministrados-por-19-professores_DIV.jpg","contentUrl":"https:\/\/folhapopular.info\/wp-content\/uploads\/2025\/10\/Programacao-integra-16-cursos-musicais-ministrados-por-19-professores_DIV.jpg","width":1080,"height":1346,"caption":"Dezenove professores ministrar\u00e3o as forma\u00e7\u00f5es \/ Cr\u00e9dito: Divulga\u00e7\u00e3o"},{"@type":"BreadcrumbList","@id":"https:\/\/folhapopular.info\/index.php\/2025\/10\/26\/festival-de-musica-de-teutonia-segue-com-inscricoes-abertas\/#breadcrumb","itemListElement":[{"@type":"ListItem","position":1,"name":"In\u00edcio","item":"https:\/\/folhapopular.info\/"},{"@type":"ListItem","position":2,"name":"Festival de M\u00fasica de Teut\u00f4nia segue com inscri\u00e7\u00f5es abertas"}]},{"@type":"WebSite","@id":"https:\/\/folhapopular.info\/#website","url":"https:\/\/folhapopular.info\/","name":"Folha Popular","description":"Onde voc\u00ea tem vez e voz","potentialAction":[{"@type":"SearchAction","target":{"@type":"EntryPoint","urlTemplate":"https:\/\/folhapopular.info\/?s={search_term_string}"},"query-input":{"@type":"PropertyValueSpecification","valueRequired":true,"valueName":"search_term_string"}}],"inLanguage":"pt-BR"},{"@type":"Person","@id":"https:\/\/folhapopular.info\/#\/schema\/person\/52b95b9c1c41ec0e826e7518183d0cc0","name":"Let\u00edcia Echer","image":{"@type":"ImageObject","inLanguage":"pt-BR","@id":"https:\/\/secure.gravatar.com\/avatar\/303201b45d8f4e048c95808925ff8953fa7ebc0e52cb5b3af1fc9e3d52c95645?s=96&d=mm&r=g","url":"https:\/\/secure.gravatar.com\/avatar\/303201b45d8f4e048c95808925ff8953fa7ebc0e52cb5b3af1fc9e3d52c95645?s=96&d=mm&r=g","contentUrl":"https:\/\/secure.gravatar.com\/avatar\/303201b45d8f4e048c95808925ff8953fa7ebc0e52cb5b3af1fc9e3d52c95645?s=96&d=mm&r=g","caption":"Let\u00edcia Echer"},"url":"https:\/\/folhapopular.info\/index.php\/author\/leticiaecher04gmail-com\/"}]}},"jetpack_featured_media_url":"https:\/\/folhapopular.info\/wp-content\/uploads\/2025\/10\/Programacao-integra-16-cursos-musicais-ministrados-por-19-professores_DIV.jpg","jetpack_sharing_enabled":true,"amp_enabled":true,"_links":{"self":[{"href":"https:\/\/folhapopular.info\/index.php\/wp-json\/wp\/v2\/posts\/196893","targetHints":{"allow":["GET"]}}],"collection":[{"href":"https:\/\/folhapopular.info\/index.php\/wp-json\/wp\/v2\/posts"}],"about":[{"href":"https:\/\/folhapopular.info\/index.php\/wp-json\/wp\/v2\/types\/post"}],"author":[{"embeddable":true,"href":"https:\/\/folhapopular.info\/index.php\/wp-json\/wp\/v2\/users\/673"}],"replies":[{"embeddable":true,"href":"https:\/\/folhapopular.info\/index.php\/wp-json\/wp\/v2\/comments?post=196893"}],"version-history":[{"count":0,"href":"https:\/\/folhapopular.info\/index.php\/wp-json\/wp\/v2\/posts\/196893\/revisions"}],"wp:featuredmedia":[{"embeddable":true,"href":"https:\/\/folhapopular.info\/index.php\/wp-json\/wp\/v2\/media\/196895"}],"wp:attachment":[{"href":"https:\/\/folhapopular.info\/index.php\/wp-json\/wp\/v2\/media?parent=196893"}],"wp:term":[{"taxonomy":"category","embeddable":true,"href":"https:\/\/folhapopular.info\/index.php\/wp-json\/wp\/v2\/categories?post=196893"},{"taxonomy":"post_tag","embeddable":true,"href":"https:\/\/folhapopular.info\/index.php\/wp-json\/wp\/v2\/tags?post=196893"}],"curies":[{"name":"wp","href":"https:\/\/api.w.org\/{rel}","templated":true}]}}